{"id":2473,"date":"2017-09-26T08:22:26","date_gmt":"2017-09-26T06:22:26","guid":{"rendered":"https:\/\/www.organisator.ch\/?p=2473"},"modified":"2017-09-26T08:22:26","modified_gmt":"2017-09-26T06:22:26","slug":"wtt-young-leader-award-2017-studentische-projekte-in-unternehmen-ausgezeichnet","status":"publish","type":"post","link":"https:\/\/www.organisator.ch\/fr\/management\/2017-09-26\/wtt-young-leader-award-2017-studentische-projekte-in-unternehmen-ausgezeichnet\/","title":{"rendered":"WTT Young Leader Award 2017 : des projets d'\u00e9tudiants en entreprise r\u00e9compens\u00e9s"},"content":{"rendered":"<figure id=\"attachment_2474\" aria-describedby=\"caption-attachment-2474\" style=\"width: 640px\" class=\"wp-caption alignnone\"><img loading=\"lazy\" decoding=\"async\" class=\"size-full wp-image-2474\" src=\"https:\/\/www.organisator.ch\/wp-content\/uploads\/2017\/09\/WTT-Young-Leader-Award-2017-Studentische-Projekte-in-Unternehmen-ausgezeichnet_Organisator.jpg\" alt=\"\" width=\"640\" height=\"427\" srcset=\"https:\/\/www.organisator.ch\/wp-content\/uploads\/2017\/09\/WTT-Young-Leader-Award-2017-Studentische-Projekte-in-Unternehmen-ausgezeichnet_Organisator.jpg 640w, https:\/\/www.organisator.ch\/wp-content\/uploads\/2017\/09\/WTT-Young-Leader-Award-2017-Studentische-Projekte-in-Unternehmen-ausgezeichnet_Organisator-16x12.jpg 16w, https:\/\/www.organisator.ch\/wp-content\/uploads\/2017\/09\/WTT-Young-Leader-Award-2017-Studentische-Projekte-in-Unternehmen-ausgezeichnet_Organisator-262x175.jpg 262w, https:\/\/www.organisator.ch\/wp-content\/uploads\/2017\/09\/WTT-Young-Leader-Award-2017-Studentische-Projekte-in-Unternehmen-ausgezeichnet_Organisator-525x350.jpg 525w, https:\/\/www.organisator.ch\/wp-content\/uploads\/2017\/09\/WTT-Young-Leader-Award-2017-Studentische-Projekte-in-Unternehmen-ausgezeichnet_Organisator-300x200.jpg 300w\" sizes=\"auto, (max-width: 640px) 100vw, 640px\" \/><figcaption id=\"caption-attachment-2474\" class=\"wp-caption-text\">L'\u00e9quipe gagnante du WTT Young Leader Award dans la cat\u00e9gorie \u00e9tudes de march\u00e9 (de g. \u00e0 dr.) : Ramon Beerli, Raffaele Vignacastrisi, Lorena L\u00fctscher, Ramona Sigron (photo : FHS)<\/figcaption><\/figure>\n<p>\u00c0 quatre ans, il parlait d\u00e9j\u00e0 dix langues \u00e9trang\u00e8res, \u00e0 neuf ans, il a obtenu une place \u00e0 l'universit\u00e9 de Harvard et \u00e0 onze ans, il \u00e9tait le plus jeune professeur. Il s'agit de William James Sidis, qui a r\u00e9solu la th\u00e9orie des trous noirs pendant son temps libre. \"Il est sans doute l'esprit le plus intelligent de tous les temps, mais l'intelligence est-elle la condition sine qua non du succ\u00e8s ?\", demande Sebastian W\u00f6rwag, recteur de la FHS St.Gallen, aux plus de 600 invit\u00e9s pr\u00e9sents dans la Tonhalle de St-Gall. Sidis a certes enseign\u00e9 les math\u00e9matiques, mais personne ne l'aurait compris. Ainsi, cet Am\u00e9ricain au QI estim\u00e9 entre 250 et 300 a pass\u00e9 la majeure partie de sa vie comme simple employ\u00e9 de bureau et est mort \u00e0 46 ans d'une attaque c\u00e9r\u00e9brale. \"Ce qui lui manquait de mani\u00e8re d\u00e9cisive, c'\u00e9tait l'empathie\", explique W\u00f6rwag. Outre l'intelligence, il faut de la rationalit\u00e9, de la cr\u00e9ativit\u00e9 et la capacit\u00e9 de r\u00e9fl\u00e9chir \u00e0 sa propre pens\u00e9e, de se remettre constamment en question afin d'\u00e9laborer des solutions coh\u00e9rentes. Ce n'est qu'alors que nous serons intelligents.<\/p>\n<h2><strong>WTT Young Leader Award : un prix qui rayonne<\/strong><\/h2>\n<p>Les six \u00e9quipes d'\u00e9tudiants pr\u00e9sentes ce soir semblent poss\u00e9der ces qualit\u00e9s d\u00e9cisives pour r\u00e9ussir. En effet, elles sont nomin\u00e9es cette ann\u00e9e pour le WTT Young Leader Award en \u00e9tudes de march\u00e9 et conception de management. \"Les professeurs mettent toute leur \u00e9nergie au service de leurs \u00e9tudiants. Inversement, les \u00e9tudiants sont pr\u00eats \u00e0 fournir des prestations grandioses pour que la tour de la FHS reste un site incontournable pour la Suisse orientale\", a d\u00e9clar\u00e9 Alfred Stricker, directeur de l'\u00e9ducation du canton d'Appenzell Rhodes-Ext\u00e9rieures, en faisant l'\u00e9loge de la FHS Saint-Gall. Les \u00e9tudiants ont en tout cas accompli un travail grandiose : ils ont investi plus de 700 heures dans les projets pratiques. \"Et la t\u00e2che a \u00e9t\u00e9 r\u00e9alis\u00e9e avec une grande excellence\", estime Peter M\u00fcller, directeur du centre de transfert de connaissances TST-FHS.<\/p>\n<h2><strong>Associer les \u00e9tudes \u00e0 la pratique<\/strong><\/h2>\n<p>Selon des \u00e9tudes, 85 % des \u00e9tudiants des HES ont un emploi trois mois apr\u00e8s l'obtention de leur dipl\u00f4me. Les chiffres sont beaucoup plus bas dans les universit\u00e9s. Qu'est-ce qui fait que les \u00e9tudiants FHS sont appr\u00e9ci\u00e9s sur le march\u00e9 ? Roland Waibel, directeur de l'IFU-FHS, est cat\u00e9gorique : \"Un d\u00e9butant devient un expert s'il applique beaucoup, s'exerce beaucoup et transf\u00e8re ses connaissances. Et en plus, il garde les deux pieds sur terre\". La FHS St.Gallen donne du fil \u00e0 retordre aux \u00e9tudiants. Il est n\u00e9cessaire qu'ils s'investissent vraiment. A cela s'ajoute l'opportunit\u00e9 unique de pouvoir collaborer \u00e9troitement avec la pratique pendant les \u00e9tudes. Cela en am\u00e8ne plus d'un au bord du surmenage, mais cela apporte beaucoup. \"Les \u00e9tudiants profitent de ce transfert de connaissances au m\u00eame titre que les entreprises sur le march\u00e9\", souligne Waibel.<\/p>\n<h2><strong>Projet gagnant dans l'\u00e9tude de march\u00e9 : strat\u00e9gie pour les jeunes clients de la banque<\/strong><\/h2>\n<p>Mais \u00e0 ce moment-l\u00e0, une seule chose int\u00e9resse tout le monde : qui remportera le WTT Young Leader Award 2017 en \u00e9tude de march\u00e9 et conception de management ? Le point d'\u00e9bullition est atteint depuis longtemps, la curiosit\u00e9 est en \u00e9bullition et la tension est assise sur plusieurs chaises. Peter M\u00fcller sort la premi\u00e8re enveloppe. Le projet gagnant de l'\u00e9tude de march\u00e9 s'intitule : La g\u00e9n\u00e9ration Y et le partenaire bancaire - comment favoriser le lien avec les jeunes. Il a \u00e9t\u00e9 command\u00e9 par la banque Raiffeisen Regio Uzwil. \"Nous avons beaucoup r\u00e9fl\u00e9chi au groupe cible et avons men\u00e9 des dizaines d'interviews. C'\u00e9tait un travail immense, mais nous sommes tr\u00e8s heureux d'avoir gagn\u00e9\", se r\u00e9jouit Anina Angehrn, responsable du projet. \"L'\u00e9quipe a collect\u00e9 de nombreuses donn\u00e9es, les a analys\u00e9es minutieusement et les a mises en \u00e9vidence. Et nous avons fourni au client un excellent travail\", a d\u00e9clar\u00e9 Christof Oswald, chef des ressources humaines de B\u00fchler AG, membre du jury et sponsor du prix.<\/p>\n<h2><strong>Projet gagnant dans la conception du management : g\u00e9n\u00e9rer de l'attention avec les m\u00e9dias sociaux<\/strong><\/h2>\n<p>Puis vint la deuxi\u00e8me enveloppe et donc la r\u00e9ponse \u00e0 la question : qui gagne dans la conception du management ? Il s'agit du projet pour K\u00fcchler AG \u00e0 Schlieren : Rev\u00eatements de sol - vers l'avenir avec la puissance du marketing num\u00e9rique. Outre des recherches minutieuses sur les produits, les cinq \u00e9tudiants ont cr\u00e9\u00e9 de toutes pi\u00e8ces une boutique en ligne en \u00e0 peine deux semaines. \"Nous voulions des bases solides pour prendre une d\u00e9cision claire - et c'est ce que l'\u00e9quipe nous a fourni. Et ce, dans une mesure qui a largement d\u00e9pass\u00e9 nos attentes\", d\u00e9clare Tobias Heimpel, Head of Marketing. \"Cette victoire est pour nous le couronnement d'une fin d'\u00e9tudes parfaite\", se r\u00e9jouit Lorena L\u00fctscher, responsable de projet.<\/p>\n<h2><strong>Transfert de connaissances v\u00e9cu<\/strong><\/h2>\n<p>Au plus tard apr\u00e8s la remise des prix, on savait clairement ce qu'ils avaient fait de mieux que les 61 autres \u00e9quipes de projet. Mais une chose les unit tous de la m\u00eame mani\u00e8re : \"Nos \u00e9tudiants ont une fois de plus prouv\u00e9 ce dont ils \u00e9taient capables. Ils sont tr\u00e8s motiv\u00e9s, font preuve d'initiative et vivent avec nous la philosophie que nous cultivons depuis dix ans : \u00e0 savoir le transfert de connaissances entre l'\u00e9conomie et la science\", d\u00e9clare Peter M\u00fcller. Et c'est ainsi que l'on a compris pourquoi le th\u00e8me principal du dixi\u00e8me WTT Young Leader Award \u00e9tait le \"transfert de connaissances\". Ou pour conclure avec les mots po\u00e9tiques de Goethe : \"Que je reconnaisse ce qui tient le monde en son c\u0153ur\".<\/p>\n<p><a href=\"http:\/\/- https:\/\/www.fhsg.ch\/wtt.nsf\/de\/wtt-young-leader-award\"><em>Source et informations compl\u00e9mentaires<\/em><\/a><\/p>","protected":false},"excerpt":{"rendered":"<p>Mit vier Jahren sprach er bereits zehn Fremdsprachen, mit neun bekam er einen Studienplatz an der Harvard University und mit elf Jahren war er der j\u00fcngste Professor. Die Rede ist von William James Sidis, der in seiner Freizeit die Theorie der Schwarzen L\u00f6cher l\u00f6ste. \u00abEr ist wohl der intelligenteste Kopf aller Zeiten, aber ist Intelligenz [&hellip;]<\/p>\n","protected":false},"author":4,"featured_media":2474,"comment_status":"open","ping_status":"open","sticky":false,"template":"","format":"standard","meta":{"_acf_changed":false,"_yoast_wpseo_focuskw":"Young Leader Award","_yoast_wpseo_metadesc":"Vernetztes Denken, Bescheidenheit und Praxisorientierung. Das sind drei Eigenschaften, um den WTT Young Leader Award der FHS St.Gallen zu gewinnen.","articlekey":"","footnotes":""},"categories":[28],"tags":[66,218,294,335],"class_list":["post-2473","post","type-post","status-publish","format-standard","has-post-thumbnail","hentry","category-management","tag-awards","tag-forschung","tag-karriere","tag-management-und-unternehmensfuehrung"],"acf":[],"yoast_head":"<!-- This site is optimized with the Yoast SEO plugin v27.4 - https:\/\/yoast.com\/product\/yoast-seo-wordpress\/ -->\n<title>WTT Young Leader Award 2017: Studentische Projekte in Unternehmen ausgezeichnet - Organisator<\/title>\n<meta name=\"description\" content=\"Vernetztes Denken, Bescheidenheit und Praxisorientierung. Das sind drei Eigenschaften, um den WTT Young Leader Award der FHS St.Gallen zu gewinnen.\" \/>\n<meta name=\"robots\" content=\"index, follow, max-snippet:-1, max-image-preview:large, max-video-preview:-1\" \/>\n<link rel=\"canonical\" href=\"https:\/\/www.organisator.ch\/fr\/gestion-2\/2017-09-26\/wtt-young-leader-award-2017-studentische-projekte-in-unternehmen-ausgezeichnet\/\" \/>\n<meta property=\"og:locale\" content=\"fr_FR\" \/>\n<meta property=\"og:type\" content=\"article\" \/>\n<meta property=\"og:title\" content=\"WTT Young Leader Award 2017: Studentische Projekte in Unternehmen ausgezeichnet\" \/>\n<meta property=\"og:description\" content=\"Vernetztes Denken, Bescheidenheit und Praxisorientierung. Das sind drei Eigenschaften, um den #WTT Young Leader Award der #FHS #St.Gallen zu gewinnen. Welche Teams schliesslich das Rennen machten, erfuhren die \u00fcber 600 G\u00e4ste aus Politik, Wirtschaft und Wissenschaft am Montag, 25. September 2017.\" \/>\n<meta property=\"og:url\" content=\"https:\/\/www.organisator.ch\/fr\/gestion-2\/2017-09-26\/wtt-young-leader-award-2017-studentische-projekte-in-unternehmen-ausgezeichnet\/\" \/>\n<meta property=\"og:site_name\" content=\"Organisator\" \/>\n<meta property=\"article:publisher\" content=\"https:\/\/www.facebook.com\/OrganisatorFachmagazin\" \/>\n<meta property=\"article:published_time\" content=\"2017-09-26T06:22:26+00:00\" \/>\n<meta property=\"og:image\" content=\"https:\/\/www.organisator.ch\/wp-content\/uploads\/2017\/09\/WTT-Young-Leader-Award-2017-Studentische-Projekte-in-Unternehmen-ausgezeichnet_Organisator.jpg\" \/>\n\t<meta property=\"og:image:width\" content=\"640\" \/>\n\t<meta property=\"og:image:height\" content=\"427\" \/>\n\t<meta property=\"og:image:type\" content=\"image\/jpeg\" \/>\n<meta name=\"author\" content=\"thomas.berner\" \/>\n<meta name=\"twitter:card\" content=\"summary_large_image\" \/>\n<meta name=\"twitter:title\" content=\"#WTTYoungLeaderAward 2017: Studentische Projekte in Unternehmen ausgezeichnet\" \/>\n<meta name=\"twitter:description\" content=\"Vernetztes Denken, Bescheidenheit und Praxisorientierung. Das sind drei Eigenschaften, um den #WTT Young Leader Award der #FHS #St.Gallen zu gewinnen. Welche Teams schliesslich das Rennen machten, erfuhren die \u00fcber 600 G\u00e4ste aus Politik, Wirtschaft und Wissenschaft am Montag, 25. September 2017.\" \/>\n<meta name=\"twitter:image\" content=\"https:\/\/www.organisator.ch\/wp-content\/uploads\/2017\/09\/WTT-Young-Leader-Award-2017-Studentische-Projekte-in-Unternehmen-ausgezeichnet_Organisator.jpg\" \/>\n<script type=\"application\/ld+json\" class=\"yoast-schema-graph\">{\"@context\":\"https:\\\/\\\/schema.org\",\"@graph\":[{\"@type\":\"Article\",\"@id\":\"https:\\\/\\\/www.organisator.ch\\\/management\\\/2017-09-26\\\/wtt-young-leader-award-2017-studentische-projekte-in-unternehmen-ausgezeichnet\\\/#article\",\"isPartOf\":{\"@id\":\"https:\\\/\\\/www.organisator.ch\\\/management\\\/2017-09-26\\\/wtt-young-leader-award-2017-studentische-projekte-in-unternehmen-ausgezeichnet\\\/\"},\"author\":{\"name\":\"thomas.berner\",\"@id\":\"https:\\\/\\\/www.organisator.ch\\\/#\\\/schema\\\/person\\\/6f650f90b2842cd4c0cc334b4e36f67e\"},\"headline\":\"WTT Young Leader Award 2017: Studentische Projekte in Unternehmen ausgezeichnet\",\"datePublished\":\"2017-09-26T06:22:26+00:00\",\"mainEntityOfPage\":{\"@id\":\"https:\\\/\\\/www.organisator.ch\\\/management\\\/2017-09-26\\\/wtt-young-leader-award-2017-studentische-projekte-in-unternehmen-ausgezeichnet\\\/\"},\"wordCount\":814,\"commentCount\":0,\"publisher\":{\"@id\":\"https:\\\/\\\/www.organisator.ch\\\/#organization\"},\"image\":{\"@id\":\"https:\\\/\\\/www.organisator.ch\\\/management\\\/2017-09-26\\\/wtt-young-leader-award-2017-studentische-projekte-in-unternehmen-ausgezeichnet\\\/#primaryimage\"},\"thumbnailUrl\":\"https:\\\/\\\/www.organisator.ch\\\/wp-content\\\/uploads\\\/2017\\\/09\\\/WTT-Young-Leader-Award-2017-Studentische-Projekte-in-Unternehmen-ausgezeichnet_Organisator.jpg\",\"keywords\":[\"Awards\",\"Forschung\",\"Karriere\",\"Management und Unternehmensf\u00fchrung\"],\"articleSection\":[\"MANAGEMENT\"],\"inLanguage\":\"fr-FR\"},{\"@type\":\"WebPage\",\"@id\":\"https:\\\/\\\/www.organisator.ch\\\/management\\\/2017-09-26\\\/wtt-young-leader-award-2017-studentische-projekte-in-unternehmen-ausgezeichnet\\\/\",\"url\":\"https:\\\/\\\/www.organisator.ch\\\/management\\\/2017-09-26\\\/wtt-young-leader-award-2017-studentische-projekte-in-unternehmen-ausgezeichnet\\\/\",\"name\":\"WTT Young Leader Award 2017: Studentische Projekte in Unternehmen ausgezeichnet - Organisator\",\"isPartOf\":{\"@id\":\"https:\\\/\\\/www.organisator.ch\\\/#website\"},\"primaryImageOfPage\":{\"@id\":\"https:\\\/\\\/www.organisator.ch\\\/management\\\/2017-09-26\\\/wtt-young-leader-award-2017-studentische-projekte-in-unternehmen-ausgezeichnet\\\/#primaryimage\"},\"image\":{\"@id\":\"https:\\\/\\\/www.organisator.ch\\\/management\\\/2017-09-26\\\/wtt-young-leader-award-2017-studentische-projekte-in-unternehmen-ausgezeichnet\\\/#primaryimage\"},\"thumbnailUrl\":\"https:\\\/\\\/www.organisator.ch\\\/wp-content\\\/uploads\\\/2017\\\/09\\\/WTT-Young-Leader-Award-2017-Studentische-Projekte-in-Unternehmen-ausgezeichnet_Organisator.jpg\",\"datePublished\":\"2017-09-26T06:22:26+00:00\",\"description\":\"Vernetztes Denken, Bescheidenheit und Praxisorientierung. Das sind drei Eigenschaften, um den WTT Young Leader Award der FHS St.Gallen zu gewinnen.\",\"breadcrumb\":{\"@id\":\"https:\\\/\\\/www.organisator.ch\\\/management\\\/2017-09-26\\\/wtt-young-leader-award-2017-studentische-projekte-in-unternehmen-ausgezeichnet\\\/#breadcrumb\"},\"inLanguage\":\"fr-FR\",\"potentialAction\":[{\"@type\":\"ReadAction\",\"target\":[\"https:\\\/\\\/www.organisator.ch\\\/management\\\/2017-09-26\\\/wtt-young-leader-award-2017-studentische-projekte-in-unternehmen-ausgezeichnet\\\/\"]}]},{\"@type\":\"ImageObject\",\"inLanguage\":\"fr-FR\",\"@id\":\"https:\\\/\\\/www.organisator.ch\\\/management\\\/2017-09-26\\\/wtt-young-leader-award-2017-studentische-projekte-in-unternehmen-ausgezeichnet\\\/#primaryimage\",\"url\":\"https:\\\/\\\/www.organisator.ch\\\/wp-content\\\/uploads\\\/2017\\\/09\\\/WTT-Young-Leader-Award-2017-Studentische-Projekte-in-Unternehmen-ausgezeichnet_Organisator.jpg\",\"contentUrl\":\"https:\\\/\\\/www.organisator.ch\\\/wp-content\\\/uploads\\\/2017\\\/09\\\/WTT-Young-Leader-Award-2017-Studentische-Projekte-in-Unternehmen-ausgezeichnet_Organisator.jpg\",\"width\":640,\"height\":427,\"caption\":\"Das Gewinnerteam des WTT Young Leader Award in der Kategorie Managementkonzeption (v.l.n.r.): Maurin B\u00fcche, Dimitri Sonderegger, Anina Angehrn, Dario Forster, Remo W\u00fcthrich. (Bild: FHS)\"},{\"@type\":\"BreadcrumbList\",\"@id\":\"https:\\\/\\\/www.organisator.ch\\\/management\\\/2017-09-26\\\/wtt-young-leader-award-2017-studentische-projekte-in-unternehmen-ausgezeichnet\\\/#breadcrumb\",\"itemListElement\":[{\"@type\":\"ListItem\",\"position\":1,\"name\":\"Home\",\"item\":\"https:\\\/\\\/www.organisator.ch\\\/\"},{\"@type\":\"ListItem\",\"position\":2,\"name\":\"WTT Young Leader Award 2017: Studentische Projekte in Unternehmen ausgezeichnet\"}]},{\"@type\":\"WebSite\",\"@id\":\"https:\\\/\\\/www.organisator.ch\\\/#website\",\"url\":\"https:\\\/\\\/www.organisator.ch\\\/\",\"name\":\"Organisator\",\"description\":\"Kompetent. Praxisnah. Der ORGANISATOR bereitet in 10 Ausgaben pro Jahr die wesentlichen Themen f\u00fcr F\u00fchrungskr\u00e4fte von KMU auf.\",\"publisher\":{\"@id\":\"https:\\\/\\\/www.organisator.ch\\\/#organization\"},\"potentialAction\":[{\"@type\":\"SearchAction\",\"target\":{\"@type\":\"EntryPoint\",\"urlTemplate\":\"https:\\\/\\\/www.organisator.ch\\\/?s={search_term_string}\"},\"query-input\":{\"@type\":\"PropertyValueSpecification\",\"valueRequired\":true,\"valueName\":\"search_term_string\"}}],\"inLanguage\":\"fr-FR\"},{\"@type\":\"Organization\",\"@id\":\"https:\\\/\\\/www.organisator.ch\\\/#organization\",\"name\":\"Organisator\",\"url\":\"https:\\\/\\\/www.organisator.ch\\\/\",\"logo\":{\"@type\":\"ImageObject\",\"inLanguage\":\"fr-FR\",\"@id\":\"https:\\\/\\\/www.organisator.ch\\\/#\\\/schema\\\/logo\\\/image\\\/\",\"url\":\"https:\\\/\\\/www.organisator.ch\\\/wp-content\\\/uploads\\\/2022\\\/01\\\/Logo_Organisator_Website.png\",\"contentUrl\":\"https:\\\/\\\/www.organisator.ch\\\/wp-content\\\/uploads\\\/2022\\\/01\\\/Logo_Organisator_Website.png\",\"width\":800,\"height\":77,\"caption\":\"Organisator\"},\"image\":{\"@id\":\"https:\\\/\\\/www.organisator.ch\\\/#\\\/schema\\\/logo\\\/image\\\/\"},\"sameAs\":[\"https:\\\/\\\/www.facebook.com\\\/OrganisatorFachmagazin\",\"https:\\\/\\\/www.linkedin.com\\\/showcase\\\/organisator-das-magazin-fr-kmu\",\"https:\\\/\\\/www.xing.com\\\/news\\\/pages\\\/organisator-ch-695\",\"https:\\\/\\\/www.youtube.com\\\/channel\\\/UCGP2Sq0iWaZwT3BdIAQFYpw\"]},{\"@type\":\"Person\",\"@id\":\"https:\\\/\\\/www.organisator.ch\\\/#\\\/schema\\\/person\\\/6f650f90b2842cd4c0cc334b4e36f67e\",\"name\":\"thomas.berner\",\"image\":{\"@type\":\"ImageObject\",\"inLanguage\":\"fr-FR\",\"@id\":\"https:\\\/\\\/secure.gravatar.com\\\/avatar\\\/ac5001d2a36cb6c6cd3e50789007ffca834b477b74a2144564522e944eabff61?s=96&d=mm&r=g\",\"url\":\"https:\\\/\\\/secure.gravatar.com\\\/avatar\\\/ac5001d2a36cb6c6cd3e50789007ffca834b477b74a2144564522e944eabff61?s=96&d=mm&r=g\",\"contentUrl\":\"https:\\\/\\\/secure.gravatar.com\\\/avatar\\\/ac5001d2a36cb6c6cd3e50789007ffca834b477b74a2144564522e944eabff61?s=96&d=mm&r=g\",\"caption\":\"thomas.berner\"},\"url\":\"https:\\\/\\\/www.organisator.ch\\\/fr\\\/author\\\/thomas-berner\\\/\"}]}<\/script>\n<!-- \/ Yoast SEO plugin. -->","yoast_head_json":{"title":"WTT Young Leader Award 2017 : des projets d'\u00e9tudiants en entreprise r\u00e9compens\u00e9s - Organisateur","description":"Pens\u00e9e en r\u00e9seau, modestie et orientation pratique. Ce sont trois qualit\u00e9s n\u00e9cessaires pour remporter le WTT Young Leader Award de la FHS St.","robots":{"index":"index","follow":"follow","max-snippet":"max-snippet:-1","max-image-preview":"max-image-preview:large","max-video-preview":"max-video-preview:-1"},"canonical":"https:\/\/www.organisator.ch\/fr\/gestion-2\/2017-09-26\/wtt-young-leader-award-2017-studentische-projekte-in-unternehmen-ausgezeichnet\/","og_locale":"fr_FR","og_type":"article","og_title":"WTT Young Leader Award 2017: Studentische Projekte in Unternehmen ausgezeichnet","og_description":"Vernetztes Denken, Bescheidenheit und Praxisorientierung. Das sind drei Eigenschaften, um den #WTT Young Leader Award der #FHS #St.Gallen zu gewinnen. Welche Teams schliesslich das Rennen machten, erfuhren die \u00fcber 600 G\u00e4ste aus Politik, Wirtschaft und Wissenschaft am Montag, 25. September 2017.","og_url":"https:\/\/www.organisator.ch\/fr\/gestion-2\/2017-09-26\/wtt-young-leader-award-2017-studentische-projekte-in-unternehmen-ausgezeichnet\/","og_site_name":"Organisator","article_publisher":"https:\/\/www.facebook.com\/OrganisatorFachmagazin","article_published_time":"2017-09-26T06:22:26+00:00","og_image":[{"width":640,"height":427,"url":"https:\/\/www.organisator.ch\/wp-content\/uploads\/2017\/09\/WTT-Young-Leader-Award-2017-Studentische-Projekte-in-Unternehmen-ausgezeichnet_Organisator.jpg","type":"image\/jpeg"}],"author":"thomas.berner","twitter_card":"summary_large_image","twitter_title":"#WTTYoungLeaderAward 2017: Studentische Projekte in Unternehmen ausgezeichnet","twitter_description":"Vernetztes Denken, Bescheidenheit und Praxisorientierung. Das sind drei Eigenschaften, um den #WTT Young Leader Award der #FHS #St.Gallen zu gewinnen. Welche Teams schliesslich das Rennen machten, erfuhren die \u00fcber 600 G\u00e4ste aus Politik, Wirtschaft und Wissenschaft am Montag, 25. September 2017.","twitter_image":"https:\/\/www.organisator.ch\/wp-content\/uploads\/2017\/09\/WTT-Young-Leader-Award-2017-Studentische-Projekte-in-Unternehmen-ausgezeichnet_Organisator.jpg","schema":{"@context":"https:\/\/schema.org","@graph":[{"@type":"Article","@id":"https:\/\/www.organisator.ch\/management\/2017-09-26\/wtt-young-leader-award-2017-studentische-projekte-in-unternehmen-ausgezeichnet\/#article","isPartOf":{"@id":"https:\/\/www.organisator.ch\/management\/2017-09-26\/wtt-young-leader-award-2017-studentische-projekte-in-unternehmen-ausgezeichnet\/"},"author":{"name":"thomas.berner","@id":"https:\/\/www.organisator.ch\/#\/schema\/person\/6f650f90b2842cd4c0cc334b4e36f67e"},"headline":"WTT Young Leader Award 2017: Studentische Projekte in Unternehmen ausgezeichnet","datePublished":"2017-09-26T06:22:26+00:00","mainEntityOfPage":{"@id":"https:\/\/www.organisator.ch\/management\/2017-09-26\/wtt-young-leader-award-2017-studentische-projekte-in-unternehmen-ausgezeichnet\/"},"wordCount":814,"commentCount":0,"publisher":{"@id":"https:\/\/www.organisator.ch\/#organization"},"image":{"@id":"https:\/\/www.organisator.ch\/management\/2017-09-26\/wtt-young-leader-award-2017-studentische-projekte-in-unternehmen-ausgezeichnet\/#primaryimage"},"thumbnailUrl":"https:\/\/www.organisator.ch\/wp-content\/uploads\/2017\/09\/WTT-Young-Leader-Award-2017-Studentische-Projekte-in-Unternehmen-ausgezeichnet_Organisator.jpg","keywords":["Awards","Forschung","Karriere","Management und Unternehmensf\u00fchrung"],"articleSection":["MANAGEMENT"],"inLanguage":"fr-FR"},{"@type":"WebPage","@id":"https:\/\/www.organisator.ch\/management\/2017-09-26\/wtt-young-leader-award-2017-studentische-projekte-in-unternehmen-ausgezeichnet\/","url":"https:\/\/www.organisator.ch\/management\/2017-09-26\/wtt-young-leader-award-2017-studentische-projekte-in-unternehmen-ausgezeichnet\/","name":"WTT Young Leader Award 2017 : des projets d'\u00e9tudiants en entreprise r\u00e9compens\u00e9s - Organisateur","isPartOf":{"@id":"https:\/\/www.organisator.ch\/#website"},"primaryImageOfPage":{"@id":"https:\/\/www.organisator.ch\/management\/2017-09-26\/wtt-young-leader-award-2017-studentische-projekte-in-unternehmen-ausgezeichnet\/#primaryimage"},"image":{"@id":"https:\/\/www.organisator.ch\/management\/2017-09-26\/wtt-young-leader-award-2017-studentische-projekte-in-unternehmen-ausgezeichnet\/#primaryimage"},"thumbnailUrl":"https:\/\/www.organisator.ch\/wp-content\/uploads\/2017\/09\/WTT-Young-Leader-Award-2017-Studentische-Projekte-in-Unternehmen-ausgezeichnet_Organisator.jpg","datePublished":"2017-09-26T06:22:26+00:00","description":"Pens\u00e9e en r\u00e9seau, modestie et orientation pratique. Ce sont trois qualit\u00e9s n\u00e9cessaires pour remporter le WTT Young Leader Award de la FHS St.","breadcrumb":{"@id":"https:\/\/www.organisator.ch\/management\/2017-09-26\/wtt-young-leader-award-2017-studentische-projekte-in-unternehmen-ausgezeichnet\/#breadcrumb"},"inLanguage":"fr-FR","potentialAction":[{"@type":"ReadAction","target":["https:\/\/www.organisator.ch\/management\/2017-09-26\/wtt-young-leader-award-2017-studentische-projekte-in-unternehmen-ausgezeichnet\/"]}]},{"@type":"ImageObject","inLanguage":"fr-FR","@id":"https:\/\/www.organisator.ch\/management\/2017-09-26\/wtt-young-leader-award-2017-studentische-projekte-in-unternehmen-ausgezeichnet\/#primaryimage","url":"https:\/\/www.organisator.ch\/wp-content\/uploads\/2017\/09\/WTT-Young-Leader-Award-2017-Studentische-Projekte-in-Unternehmen-ausgezeichnet_Organisator.jpg","contentUrl":"https:\/\/www.organisator.ch\/wp-content\/uploads\/2017\/09\/WTT-Young-Leader-Award-2017-Studentische-Projekte-in-Unternehmen-ausgezeichnet_Organisator.jpg","width":640,"height":427,"caption":"Das Gewinnerteam des WTT Young Leader Award in der Kategorie Managementkonzeption (v.l.n.r.): Maurin B\u00fcche, Dimitri Sonderegger, Anina Angehrn, Dario Forster, Remo W\u00fcthrich. (Bild: FHS)"},{"@type":"BreadcrumbList","@id":"https:\/\/www.organisator.ch\/management\/2017-09-26\/wtt-young-leader-award-2017-studentische-projekte-in-unternehmen-ausgezeichnet\/#breadcrumb","itemListElement":[{"@type":"ListItem","position":1,"name":"Home","item":"https:\/\/www.organisator.ch\/"},{"@type":"ListItem","position":2,"name":"WTT Young Leader Award 2017: Studentische Projekte in Unternehmen ausgezeichnet"}]},{"@type":"WebSite","@id":"https:\/\/www.organisator.ch\/#website","url":"https:\/\/www.organisator.ch\/","name":"Organisateur","description":"Comp\u00e9tence et comp\u00e9tence. Proches de la pratique. L'ORGANISATEUR pr\u00e9pare 10 num\u00e9ros par an sur les th\u00e8mes essentiels pour les dirigeants de PME.","publisher":{"@id":"https:\/\/www.organisator.ch\/#organization"},"potentialAction":[{"@type":"SearchAction","target":{"@type":"EntryPoint","urlTemplate":"https:\/\/www.organisator.ch\/?s={search_term_string}"},"query-input":{"@type":"PropertyValueSpecification","valueRequired":true,"valueName":"search_term_string"}}],"inLanguage":"fr-FR"},{"@type":"Organization","@id":"https:\/\/www.organisator.ch\/#organization","name":"Organisateur","url":"https:\/\/www.organisator.ch\/","logo":{"@type":"ImageObject","inLanguage":"fr-FR","@id":"https:\/\/www.organisator.ch\/#\/schema\/logo\/image\/","url":"https:\/\/www.organisator.ch\/wp-content\/uploads\/2022\/01\/Logo_Organisator_Website.png","contentUrl":"https:\/\/www.organisator.ch\/wp-content\/uploads\/2022\/01\/Logo_Organisator_Website.png","width":800,"height":77,"caption":"Organisator"},"image":{"@id":"https:\/\/www.organisator.ch\/#\/schema\/logo\/image\/"},"sameAs":["https:\/\/www.facebook.com\/OrganisatorFachmagazin","https:\/\/www.linkedin.com\/showcase\/organisator-das-magazin-fr-kmu","https:\/\/www.xing.com\/news\/pages\/organisator-ch-695","https:\/\/www.youtube.com\/channel\/UCGP2Sq0iWaZwT3BdIAQFYpw"]},{"@type":"Person","@id":"https:\/\/www.organisator.ch\/#\/schema\/person\/6f650f90b2842cd4c0cc334b4e36f67e","name":"thomas.berner","image":{"@type":"ImageObject","inLanguage":"fr-FR","@id":"https:\/\/secure.gravatar.com\/avatar\/ac5001d2a36cb6c6cd3e50789007ffca834b477b74a2144564522e944eabff61?s=96&d=mm&r=g","url":"https:\/\/secure.gravatar.com\/avatar\/ac5001d2a36cb6c6cd3e50789007ffca834b477b74a2144564522e944eabff61?s=96&d=mm&r=g","contentUrl":"https:\/\/secure.gravatar.com\/avatar\/ac5001d2a36cb6c6cd3e50789007ffca834b477b74a2144564522e944eabff61?s=96&d=mm&r=g","caption":"thomas.berner"},"url":"https:\/\/www.organisator.ch\/fr\/author\/thomas-berner\/"}]}},"_links":{"self":[{"href":"https:\/\/www.organisator.ch\/fr\/wp-json\/wp\/v2\/posts\/2473","targetHints":{"allow":["GET"]}}],"collection":[{"href":"https:\/\/www.organisator.ch\/fr\/wp-json\/wp\/v2\/posts"}],"about":[{"href":"https:\/\/www.organisator.ch\/fr\/wp-json\/wp\/v2\/types\/post"}],"author":[{"embeddable":true,"href":"https:\/\/www.organisator.ch\/fr\/wp-json\/wp\/v2\/users\/4"}],"replies":[{"embeddable":true,"href":"https:\/\/www.organisator.ch\/fr\/wp-json\/wp\/v2\/comments?post=2473"}],"version-history":[{"count":0,"href":"https:\/\/www.organisator.ch\/fr\/wp-json\/wp\/v2\/posts\/2473\/revisions"}],"wp:featuredmedia":[{"embeddable":true,"href":"https:\/\/www.organisator.ch\/fr\/wp-json\/wp\/v2\/media\/2474"}],"wp:attachment":[{"href":"https:\/\/www.organisator.ch\/fr\/wp-json\/wp\/v2\/media?parent=2473"}],"wp:term":[{"taxonomy":"category","embeddable":true,"href":"https:\/\/www.organisator.ch\/fr\/wp-json\/wp\/v2\/categories?post=2473"},{"taxonomy":"post_tag","embeddable":true,"href":"https:\/\/www.organisator.ch\/fr\/wp-json\/wp\/v2\/tags?post=2473"}],"curies":[{"name":"wp","href":"https:\/\/api.w.org\/{rel}","templated":true}]}}