{"id":2476,"date":"2017-09-26T09:11:28","date_gmt":"2017-09-26T07:11:28","guid":{"rendered":"https:\/\/www.organisator.ch\/?p=2476"},"modified":"2017-09-26T09:11:28","modified_gmt":"2017-09-26T07:11:28","slug":"gerald-brandt-wird-neuer-director-human-resources-von-kelly-services","status":"publish","type":"post","link":"https:\/\/www.organisator.ch\/fr\/human-resources\/hrm\/2017-09-26\/gerald-brandt-wird-neuer-director-human-resources-von-kelly-services\/","title":{"rendered":"G\u00e9rald Brandt est nomm\u00e9 directeur des ressources humaines de Kelly Services"},"content":{"rendered":"<figure id=\"attachment_2477\" aria-describedby=\"caption-attachment-2477\" style=\"width: 505px\" class=\"wp-caption alignnone\"><img loading=\"lazy\" decoding=\"async\" class=\"size-full wp-image-2477\" src=\"https:\/\/www.organisator.ch\/wp-content\/uploads\/2017\/09\/Gerald-Brandt-wird-neuer-Director-Human-Resources-von-Kelly-Services_Organisator.jpg\" alt=\"\" width=\"505\" height=\"480\" srcset=\"https:\/\/www.organisator.ch\/wp-content\/uploads\/2017\/09\/Gerald-Brandt-wird-neuer-Director-Human-Resources-von-Kelly-Services_Organisator.jpg 505w, https:\/\/www.organisator.ch\/wp-content\/uploads\/2017\/09\/Gerald-Brandt-wird-neuer-Director-Human-Resources-von-Kelly-Services_Organisator-13x12.jpg 13w, https:\/\/www.organisator.ch\/wp-content\/uploads\/2017\/09\/Gerald-Brandt-wird-neuer-Director-Human-Resources-von-Kelly-Services_Organisator-184x175.jpg 184w, https:\/\/www.organisator.ch\/wp-content\/uploads\/2017\/09\/Gerald-Brandt-wird-neuer-Director-Human-Resources-von-Kelly-Services_Organisator-368x350.jpg 368w, https:\/\/www.organisator.ch\/wp-content\/uploads\/2017\/09\/Gerald-Brandt-wird-neuer-Director-Human-Resources-von-Kelly-Services_Organisator-300x285.jpg 300w\" sizes=\"auto, (max-width: 505px) 100vw, 505px\" \/><figcaption id=\"caption-attachment-2477\" class=\"wp-caption-text\">G\u00e9rald Brandt sera le nouveau directeur des ressources humaines de Kelly Services \u00e0 partir du 1er octobre 2017. (Image : zVg)<\/figcaption><\/figure>\n<p>G\u00e9rald Brandt a \u00e9tudi\u00e9 \u00e0 la Haute Ecole d'Ing\u00e9nierie et de Gestion du Canton de Vaud (HEIG-VD) et dispose en outre d'un Master en Human Resources Management. Il apporte avec lui de nombreuses ann\u00e9es d'exp\u00e9rience durable et r\u00e9ussie dans le domaine de la gestion des ressources humaines, qu'il a acquise dans diff\u00e9rentes entreprises nationales et internationales. Son dernier poste \u00e9tait celui de directeur des ressources humaines de l'H\u00f4pital fribourgeois. Auparavant, il a travaill\u00e9 de nombreuses ann\u00e9es chez Protectas SA, mais aussi dans des entreprises comme Saint-Gobain ou BG Ing\u00e9nieurs Conseils SA. Dans tous ces postes, il a \u00e9galement \u00e9t\u00e9 un membre tr\u00e8s appr\u00e9ci\u00e9 des directions g\u00e9n\u00e9rales respectives. G\u00e9rald Brandt parle allemand, fran\u00e7ais et anglais et dispose d'un tr\u00e8s large r\u00e9seau dans des associations et des comit\u00e9s d'experts RH dans toute la Suisse. Il est mari\u00e9 et p\u00e8re de deux enfants.<\/p>\n<p><em>Source : <a href=\"http:\/\/www.kellyservices.ch\">Services Kelly<\/a><\/em><\/p>\n<p>&nbsp;<\/p>","protected":false},"excerpt":{"rendered":"<p>G\u00e9rald Brandt hat an der \u00abHaute Ecole d&#8217;Ing\u00e9nierie et de Gestion du Canton de Vaud\u00bb (HEIG-VD) studiert und verf\u00fcgt zus\u00e4tzlich \u00fcber einen Master in Human Resources Management. Er bringt viele Jahre nachhaltige sowie erfolgreiche Erfahrung im Human Resources Management mit, welches er in unterschiedlichen nationalen sowie internationalen Unternehmungen gesammelt hat. Zuletzt war er als Direktor [&hellip;]<\/p>\n","protected":false},"author":4,"featured_media":2477,"comment_status":"open","ping_status":"open","sticky":false,"template":"","format":"standard","meta":{"_acf_changed":false,"_yoast_wpseo_focuskw":"G\u00e9rald Brandt","_yoast_wpseo_metadesc":"G\u00e9rald Brandt (44) wird ab 1. Oktober 2017 die Position als \u00abDirector Human Resources\u00bb von Kelly Services in der Schweiz \u00fcbernehmen.","articlekey":"","footnotes":""},"categories":[26],"tags":[254,381,492],"class_list":["post-2476","post","type-post","status-publish","format-standard","has-post-thumbnail","hentry","category-hrm","tag-hrm","tag-personalia","tag-unternehmen"],"acf":[],"yoast_head":"<!-- This site is optimized with the Yoast SEO plugin v27.5 - https:\/\/yoast.com\/product\/yoast-seo-wordpress\/ -->\n<title>G\u00e9rald Brandt wird neuer Director Human Resources von Kelly Services - Organisator<\/title>\n<meta name=\"description\" content=\"G\u00e9rald Brandt (44) wird ab 1. Oktober 2017 die Position als \u00abDirector Human Resources\u00bb von Kelly Services in der Schweiz \u00fcbernehmen.\" \/>\n<meta name=\"robots\" content=\"index, follow, max-snippet:-1, max-image-preview:large, max-video-preview:-1\" \/>\n<link rel=\"canonical\" href=\"https:\/\/www.organisator.ch\/fr\/ressources-humaines\/hrm\/2017-09-26\/gerald-brandt-wird-neuer-director-human-resources-von-kelly-services\/\" \/>\n<meta property=\"og:locale\" content=\"fr_FR\" \/>\n<meta property=\"og:type\" content=\"article\" \/>\n<meta property=\"og:title\" content=\"G\u00e9rald Brandt wird neuer Director Human Resources von Kelly Services\" \/>\n<meta property=\"og:description\" content=\"G\u00e9rald Brandt (44) wird ab 1. Oktober 2017 die Position als \u00abDirector Human Resources\u00bb von #Kelly Services in der Schweiz \u00fcbernehmen.\" \/>\n<meta property=\"og:url\" content=\"https:\/\/www.organisator.ch\/fr\/ressources-humaines\/hrm\/2017-09-26\/gerald-brandt-wird-neuer-director-human-resources-von-kelly-services\/\" \/>\n<meta property=\"og:site_name\" content=\"Organisator\" \/>\n<meta property=\"article:publisher\" content=\"https:\/\/www.facebook.com\/OrganisatorFachmagazin\" \/>\n<meta property=\"article:published_time\" content=\"2017-09-26T07:11:28+00:00\" \/>\n<meta property=\"og:image\" content=\"https:\/\/www.organisator.ch\/wp-content\/uploads\/2017\/09\/Gerald-Brandt-wird-neuer-Director-Human-Resources-von-Kelly-Services_Organisator.jpg\" \/>\n\t<meta property=\"og:image:width\" content=\"505\" \/>\n\t<meta property=\"og:image:height\" content=\"480\" \/>\n\t<meta property=\"og:image:type\" content=\"image\/jpeg\" \/>\n<meta name=\"author\" content=\"thomas.berner\" \/>\n<meta name=\"twitter:card\" content=\"summary_large_image\" \/>\n<script type=\"application\/ld+json\" class=\"yoast-schema-graph\">{\"@context\":\"https:\\\/\\\/schema.org\",\"@graph\":[{\"@type\":\"Article\",\"@id\":\"https:\\\/\\\/www.organisator.ch\\\/human-resources\\\/hrm\\\/2017-09-26\\\/gerald-brandt-wird-neuer-director-human-resources-von-kelly-services\\\/#article\",\"isPartOf\":{\"@id\":\"https:\\\/\\\/www.organisator.ch\\\/human-resources\\\/hrm\\\/2017-09-26\\\/gerald-brandt-wird-neuer-director-human-resources-von-kelly-services\\\/\"},\"author\":{\"name\":\"thomas.berner\",\"@id\":\"https:\\\/\\\/www.organisator.ch\\\/#\\\/schema\\\/person\\\/6f650f90b2842cd4c0cc334b4e36f67e\"},\"headline\":\"G\u00e9rald Brandt wird neuer Director Human Resources von Kelly Services\",\"datePublished\":\"2017-09-26T07:11:28+00:00\",\"mainEntityOfPage\":{\"@id\":\"https:\\\/\\\/www.organisator.ch\\\/human-resources\\\/hrm\\\/2017-09-26\\\/gerald-brandt-wird-neuer-director-human-resources-von-kelly-services\\\/\"},\"wordCount\":172,\"commentCount\":0,\"publisher\":{\"@id\":\"https:\\\/\\\/www.organisator.ch\\\/#organization\"},\"image\":{\"@id\":\"https:\\\/\\\/www.organisator.ch\\\/human-resources\\\/hrm\\\/2017-09-26\\\/gerald-brandt-wird-neuer-director-human-resources-von-kelly-services\\\/#primaryimage\"},\"thumbnailUrl\":\"https:\\\/\\\/www.organisator.ch\\\/wp-content\\\/uploads\\\/2017\\\/09\\\/Gerald-Brandt-wird-neuer-Director-Human-Resources-von-Kelly-Services_Organisator.jpg\",\"keywords\":[\"HRM\",\"Personalia\",\"Unternehmen\"],\"articleSection\":[\"HRM\"],\"inLanguage\":\"fr-FR\"},{\"@type\":\"WebPage\",\"@id\":\"https:\\\/\\\/www.organisator.ch\\\/human-resources\\\/hrm\\\/2017-09-26\\\/gerald-brandt-wird-neuer-director-human-resources-von-kelly-services\\\/\",\"url\":\"https:\\\/\\\/www.organisator.ch\\\/human-resources\\\/hrm\\\/2017-09-26\\\/gerald-brandt-wird-neuer-director-human-resources-von-kelly-services\\\/\",\"name\":\"G\u00e9rald Brandt wird neuer Director Human Resources von Kelly Services - Organisator\",\"isPartOf\":{\"@id\":\"https:\\\/\\\/www.organisator.ch\\\/#website\"},\"primaryImageOfPage\":{\"@id\":\"https:\\\/\\\/www.organisator.ch\\\/human-resources\\\/hrm\\\/2017-09-26\\\/gerald-brandt-wird-neuer-director-human-resources-von-kelly-services\\\/#primaryimage\"},\"image\":{\"@id\":\"https:\\\/\\\/www.organisator.ch\\\/human-resources\\\/hrm\\\/2017-09-26\\\/gerald-brandt-wird-neuer-director-human-resources-von-kelly-services\\\/#primaryimage\"},\"thumbnailUrl\":\"https:\\\/\\\/www.organisator.ch\\\/wp-content\\\/uploads\\\/2017\\\/09\\\/Gerald-Brandt-wird-neuer-Director-Human-Resources-von-Kelly-Services_Organisator.jpg\",\"datePublished\":\"2017-09-26T07:11:28+00:00\",\"description\":\"G\u00e9rald Brandt (44) wird ab 1. Oktober 2017 die Position als \u00abDirector Human Resources\u00bb von Kelly Services in der Schweiz \u00fcbernehmen.\",\"breadcrumb\":{\"@id\":\"https:\\\/\\\/www.organisator.ch\\\/human-resources\\\/hrm\\\/2017-09-26\\\/gerald-brandt-wird-neuer-director-human-resources-von-kelly-services\\\/#breadcrumb\"},\"inLanguage\":\"fr-FR\",\"potentialAction\":[{\"@type\":\"ReadAction\",\"target\":[\"https:\\\/\\\/www.organisator.ch\\\/human-resources\\\/hrm\\\/2017-09-26\\\/gerald-brandt-wird-neuer-director-human-resources-von-kelly-services\\\/\"]}]},{\"@type\":\"ImageObject\",\"inLanguage\":\"fr-FR\",\"@id\":\"https:\\\/\\\/www.organisator.ch\\\/human-resources\\\/hrm\\\/2017-09-26\\\/gerald-brandt-wird-neuer-director-human-resources-von-kelly-services\\\/#primaryimage\",\"url\":\"https:\\\/\\\/www.organisator.ch\\\/wp-content\\\/uploads\\\/2017\\\/09\\\/Gerald-Brandt-wird-neuer-Director-Human-Resources-von-Kelly-Services_Organisator.jpg\",\"contentUrl\":\"https:\\\/\\\/www.organisator.ch\\\/wp-content\\\/uploads\\\/2017\\\/09\\\/Gerald-Brandt-wird-neuer-Director-Human-Resources-von-Kelly-Services_Organisator.jpg\",\"width\":505,\"height\":480,\"caption\":\"G\u00e9rald Brandt ist ab 1. Oktober 2017 neuer Director Human Resources von Kelly Services. (Bild: zVg)\"},{\"@type\":\"BreadcrumbList\",\"@id\":\"https:\\\/\\\/www.organisator.ch\\\/human-resources\\\/hrm\\\/2017-09-26\\\/gerald-brandt-wird-neuer-director-human-resources-von-kelly-services\\\/#breadcrumb\",\"itemListElement\":[{\"@type\":\"ListItem\",\"position\":1,\"name\":\"Home\",\"item\":\"https:\\\/\\\/www.organisator.ch\\\/\"},{\"@type\":\"ListItem\",\"position\":2,\"name\":\"G\u00e9rald Brandt wird neuer Director Human Resources von Kelly Services\"}]},{\"@type\":\"WebSite\",\"@id\":\"https:\\\/\\\/www.organisator.ch\\\/#website\",\"url\":\"https:\\\/\\\/www.organisator.ch\\\/\",\"name\":\"Organisator\",\"description\":\"Kompetent. Praxisnah. Der ORGANISATOR bereitet in 10 Ausgaben pro Jahr die wesentlichen Themen f\u00fcr F\u00fchrungskr\u00e4fte von KMU auf.\",\"publisher\":{\"@id\":\"https:\\\/\\\/www.organisator.ch\\\/#organization\"},\"potentialAction\":[{\"@type\":\"SearchAction\",\"target\":{\"@type\":\"EntryPoint\",\"urlTemplate\":\"https:\\\/\\\/www.organisator.ch\\\/?s={search_term_string}\"},\"query-input\":{\"@type\":\"PropertyValueSpecification\",\"valueRequired\":true,\"valueName\":\"search_term_string\"}}],\"inLanguage\":\"fr-FR\"},{\"@type\":\"Organization\",\"@id\":\"https:\\\/\\\/www.organisator.ch\\\/#organization\",\"name\":\"Organisator\",\"url\":\"https:\\\/\\\/www.organisator.ch\\\/\",\"logo\":{\"@type\":\"ImageObject\",\"inLanguage\":\"fr-FR\",\"@id\":\"https:\\\/\\\/www.organisator.ch\\\/#\\\/schema\\\/logo\\\/image\\\/\",\"url\":\"https:\\\/\\\/www.organisator.ch\\\/wp-content\\\/uploads\\\/2022\\\/01\\\/Logo_Organisator_Website.png\",\"contentUrl\":\"https:\\\/\\\/www.organisator.ch\\\/wp-content\\\/uploads\\\/2022\\\/01\\\/Logo_Organisator_Website.png\",\"width\":800,\"height\":77,\"caption\":\"Organisator\"},\"image\":{\"@id\":\"https:\\\/\\\/www.organisator.ch\\\/#\\\/schema\\\/logo\\\/image\\\/\"},\"sameAs\":[\"https:\\\/\\\/www.facebook.com\\\/OrganisatorFachmagazin\",\"https:\\\/\\\/www.linkedin.com\\\/showcase\\\/organisator-das-magazin-fr-kmu\",\"https:\\\/\\\/www.xing.com\\\/news\\\/pages\\\/organisator-ch-695\",\"https:\\\/\\\/www.youtube.com\\\/channel\\\/UCGP2Sq0iWaZwT3BdIAQFYpw\"]},{\"@type\":\"Person\",\"@id\":\"https:\\\/\\\/www.organisator.ch\\\/#\\\/schema\\\/person\\\/6f650f90b2842cd4c0cc334b4e36f67e\",\"name\":\"thomas.berner\",\"image\":{\"@type\":\"ImageObject\",\"inLanguage\":\"fr-FR\",\"@id\":\"https:\\\/\\\/secure.gravatar.com\\\/avatar\\\/ac5001d2a36cb6c6cd3e50789007ffca834b477b74a2144564522e944eabff61?s=96&d=mm&r=g\",\"url\":\"https:\\\/\\\/secure.gravatar.com\\\/avatar\\\/ac5001d2a36cb6c6cd3e50789007ffca834b477b74a2144564522e944eabff61?s=96&d=mm&r=g\",\"contentUrl\":\"https:\\\/\\\/secure.gravatar.com\\\/avatar\\\/ac5001d2a36cb6c6cd3e50789007ffca834b477b74a2144564522e944eabff61?s=96&d=mm&r=g\",\"caption\":\"thomas.berner\"},\"url\":\"https:\\\/\\\/www.organisator.ch\\\/fr\\\/author\\\/thomas-berner\\\/\"}]}<\/script>\n<!-- \/ Yoast SEO plugin. -->","yoast_head_json":{"title":"G\u00e9rald Brandt devient le nouveau directeur des ressources humaines de Kelly Services - Organisateur","description":"G\u00e9rald Brandt (44 ans) occupera le poste de \"Director Human Resources\" de Kelly Services en Suisse \u00e0 partir du 1er octobre 2017.","robots":{"index":"index","follow":"follow","max-snippet":"max-snippet:-1","max-image-preview":"max-image-preview:large","max-video-preview":"max-video-preview:-1"},"canonical":"https:\/\/www.organisator.ch\/fr\/ressources-humaines\/hrm\/2017-09-26\/gerald-brandt-wird-neuer-director-human-resources-von-kelly-services\/","og_locale":"fr_FR","og_type":"article","og_title":"G\u00e9rald Brandt wird neuer Director Human Resources von Kelly Services","og_description":"G\u00e9rald Brandt (44) wird ab 1. Oktober 2017 die Position als \u00abDirector Human Resources\u00bb von #Kelly Services in der Schweiz \u00fcbernehmen.","og_url":"https:\/\/www.organisator.ch\/fr\/ressources-humaines\/hrm\/2017-09-26\/gerald-brandt-wird-neuer-director-human-resources-von-kelly-services\/","og_site_name":"Organisator","article_publisher":"https:\/\/www.facebook.com\/OrganisatorFachmagazin","article_published_time":"2017-09-26T07:11:28+00:00","og_image":[{"width":505,"height":480,"url":"https:\/\/www.organisator.ch\/wp-content\/uploads\/2017\/09\/Gerald-Brandt-wird-neuer-Director-Human-Resources-von-Kelly-Services_Organisator.jpg","type":"image\/jpeg"}],"author":"thomas.berner","twitter_card":"summary_large_image","schema":{"@context":"https:\/\/schema.org","@graph":[{"@type":"Article","@id":"https:\/\/www.organisator.ch\/human-resources\/hrm\/2017-09-26\/gerald-brandt-wird-neuer-director-human-resources-von-kelly-services\/#article","isPartOf":{"@id":"https:\/\/www.organisator.ch\/human-resources\/hrm\/2017-09-26\/gerald-brandt-wird-neuer-director-human-resources-von-kelly-services\/"},"author":{"name":"thomas.berner","@id":"https:\/\/www.organisator.ch\/#\/schema\/person\/6f650f90b2842cd4c0cc334b4e36f67e"},"headline":"G\u00e9rald Brandt wird neuer Director Human Resources von Kelly Services","datePublished":"2017-09-26T07:11:28+00:00","mainEntityOfPage":{"@id":"https:\/\/www.organisator.ch\/human-resources\/hrm\/2017-09-26\/gerald-brandt-wird-neuer-director-human-resources-von-kelly-services\/"},"wordCount":172,"commentCount":0,"publisher":{"@id":"https:\/\/www.organisator.ch\/#organization"},"image":{"@id":"https:\/\/www.organisator.ch\/human-resources\/hrm\/2017-09-26\/gerald-brandt-wird-neuer-director-human-resources-von-kelly-services\/#primaryimage"},"thumbnailUrl":"https:\/\/www.organisator.ch\/wp-content\/uploads\/2017\/09\/Gerald-Brandt-wird-neuer-Director-Human-Resources-von-Kelly-Services_Organisator.jpg","keywords":["HRM","Personalia","Unternehmen"],"articleSection":["HRM"],"inLanguage":"fr-FR"},{"@type":"WebPage","@id":"https:\/\/www.organisator.ch\/human-resources\/hrm\/2017-09-26\/gerald-brandt-wird-neuer-director-human-resources-von-kelly-services\/","url":"https:\/\/www.organisator.ch\/human-resources\/hrm\/2017-09-26\/gerald-brandt-wird-neuer-director-human-resources-von-kelly-services\/","name":"G\u00e9rald Brandt devient le nouveau directeur des ressources humaines de Kelly Services - Organisateur","isPartOf":{"@id":"https:\/\/www.organisator.ch\/#website"},"primaryImageOfPage":{"@id":"https:\/\/www.organisator.ch\/human-resources\/hrm\/2017-09-26\/gerald-brandt-wird-neuer-director-human-resources-von-kelly-services\/#primaryimage"},"image":{"@id":"https:\/\/www.organisator.ch\/human-resources\/hrm\/2017-09-26\/gerald-brandt-wird-neuer-director-human-resources-von-kelly-services\/#primaryimage"},"thumbnailUrl":"https:\/\/www.organisator.ch\/wp-content\/uploads\/2017\/09\/Gerald-Brandt-wird-neuer-Director-Human-Resources-von-Kelly-Services_Organisator.jpg","datePublished":"2017-09-26T07:11:28+00:00","description":"G\u00e9rald Brandt (44 ans) occupera le poste de \"Director Human Resources\" de Kelly Services en Suisse \u00e0 partir du 1er octobre 2017.","breadcrumb":{"@id":"https:\/\/www.organisator.ch\/human-resources\/hrm\/2017-09-26\/gerald-brandt-wird-neuer-director-human-resources-von-kelly-services\/#breadcrumb"},"inLanguage":"fr-FR","potentialAction":[{"@type":"ReadAction","target":["https:\/\/www.organisator.ch\/human-resources\/hrm\/2017-09-26\/gerald-brandt-wird-neuer-director-human-resources-von-kelly-services\/"]}]},{"@type":"ImageObject","inLanguage":"fr-FR","@id":"https:\/\/www.organisator.ch\/human-resources\/hrm\/2017-09-26\/gerald-brandt-wird-neuer-director-human-resources-von-kelly-services\/#primaryimage","url":"https:\/\/www.organisator.ch\/wp-content\/uploads\/2017\/09\/Gerald-Brandt-wird-neuer-Director-Human-Resources-von-Kelly-Services_Organisator.jpg","contentUrl":"https:\/\/www.organisator.ch\/wp-content\/uploads\/2017\/09\/Gerald-Brandt-wird-neuer-Director-Human-Resources-von-Kelly-Services_Organisator.jpg","width":505,"height":480,"caption":"G\u00e9rald Brandt ist ab 1. Oktober 2017 neuer Director Human Resources von Kelly Services. (Bild: zVg)"},{"@type":"BreadcrumbList","@id":"https:\/\/www.organisator.ch\/human-resources\/hrm\/2017-09-26\/gerald-brandt-wird-neuer-director-human-resources-von-kelly-services\/#breadcrumb","itemListElement":[{"@type":"ListItem","position":1,"name":"Home","item":"https:\/\/www.organisator.ch\/"},{"@type":"ListItem","position":2,"name":"G\u00e9rald Brandt wird neuer Director Human Resources von Kelly Services"}]},{"@type":"WebSite","@id":"https:\/\/www.organisator.ch\/#website","url":"https:\/\/www.organisator.ch\/","name":"Organisateur","description":"Comp\u00e9tence et comp\u00e9tence. Proches de la pratique. L'ORGANISATEUR pr\u00e9pare 10 num\u00e9ros par an sur les th\u00e8mes essentiels pour les dirigeants de PME.","publisher":{"@id":"https:\/\/www.organisator.ch\/#organization"},"potentialAction":[{"@type":"SearchAction","target":{"@type":"EntryPoint","urlTemplate":"https:\/\/www.organisator.ch\/?s={search_term_string}"},"query-input":{"@type":"PropertyValueSpecification","valueRequired":true,"valueName":"search_term_string"}}],"inLanguage":"fr-FR"},{"@type":"Organization","@id":"https:\/\/www.organisator.ch\/#organization","name":"Organisateur","url":"https:\/\/www.organisator.ch\/","logo":{"@type":"ImageObject","inLanguage":"fr-FR","@id":"https:\/\/www.organisator.ch\/#\/schema\/logo\/image\/","url":"https:\/\/www.organisator.ch\/wp-content\/uploads\/2022\/01\/Logo_Organisator_Website.png","contentUrl":"https:\/\/www.organisator.ch\/wp-content\/uploads\/2022\/01\/Logo_Organisator_Website.png","width":800,"height":77,"caption":"Organisator"},"image":{"@id":"https:\/\/www.organisator.ch\/#\/schema\/logo\/image\/"},"sameAs":["https:\/\/www.facebook.com\/OrganisatorFachmagazin","https:\/\/www.linkedin.com\/showcase\/organisator-das-magazin-fr-kmu","https:\/\/www.xing.com\/news\/pages\/organisator-ch-695","https:\/\/www.youtube.com\/channel\/UCGP2Sq0iWaZwT3BdIAQFYpw"]},{"@type":"Person","@id":"https:\/\/www.organisator.ch\/#\/schema\/person\/6f650f90b2842cd4c0cc334b4e36f67e","name":"thomas.berner","image":{"@type":"ImageObject","inLanguage":"fr-FR","@id":"https:\/\/secure.gravatar.com\/avatar\/ac5001d2a36cb6c6cd3e50789007ffca834b477b74a2144564522e944eabff61?s=96&d=mm&r=g","url":"https:\/\/secure.gravatar.com\/avatar\/ac5001d2a36cb6c6cd3e50789007ffca834b477b74a2144564522e944eabff61?s=96&d=mm&r=g","contentUrl":"https:\/\/secure.gravatar.com\/avatar\/ac5001d2a36cb6c6cd3e50789007ffca834b477b74a2144564522e944eabff61?s=96&d=mm&r=g","caption":"thomas.berner"},"url":"https:\/\/www.organisator.ch\/fr\/author\/thomas-berner\/"}]}},"_links":{"self":[{"href":"https:\/\/www.organisator.ch\/fr\/wp-json\/wp\/v2\/posts\/2476","targetHints":{"allow":["GET"]}}],"collection":[{"href":"https:\/\/www.organisator.ch\/fr\/wp-json\/wp\/v2\/posts"}],"about":[{"href":"https:\/\/www.organisator.ch\/fr\/wp-json\/wp\/v2\/types\/post"}],"author":[{"embeddable":true,"href":"https:\/\/www.organisator.ch\/fr\/wp-json\/wp\/v2\/users\/4"}],"replies":[{"embeddable":true,"href":"https:\/\/www.organisator.ch\/fr\/wp-json\/wp\/v2\/comments?post=2476"}],"version-history":[{"count":0,"href":"https:\/\/www.organisator.ch\/fr\/wp-json\/wp\/v2\/posts\/2476\/revisions"}],"wp:featuredmedia":[{"embeddable":true,"href":"https:\/\/www.organisator.ch\/fr\/wp-json\/wp\/v2\/media\/2477"}],"wp:attachment":[{"href":"https:\/\/www.organisator.ch\/fr\/wp-json\/wp\/v2\/media?parent=2476"}],"wp:term":[{"taxonomy":"category","embeddable":true,"href":"https:\/\/www.organisator.ch\/fr\/wp-json\/wp\/v2\/categories?post=2476"},{"taxonomy":"post_tag","embeddable":true,"href":"https:\/\/www.organisator.ch\/fr\/wp-json\/wp\/v2\/tags?post=2476"}],"curies":[{"name":"wp","href":"https:\/\/api.w.org\/{rel}","templated":true}]}}