{"id":24769,"date":"2024-02-05T08:39:59","date_gmt":"2024-02-05T07:39:59","guid":{"rendered":"https:\/\/www.organisator.ch\/?p=24769"},"modified":"2024-02-05T08:39:59","modified_gmt":"2024-02-05T07:39:59","slug":"swiss-cloud-wird-teil-der-convotis-gruppe","status":"publish","type":"post","link":"https:\/\/www.organisator.ch\/fr\/management\/2024-02-05\/swiss-cloud-wird-teil-der-convotis-gruppe\/","title":{"rendered":"Swiss Cloud rejoint le groupe Convotis"},"content":{"rendered":"<figure id=\"attachment_24770\" aria-describedby=\"caption-attachment-24770\" style=\"width: 680px\" class=\"wp-caption alignnone\"><img loading=\"lazy\" decoding=\"async\" class=\"size-full wp-image-24770\" src=\"https:\/\/www.organisator.ch\/wp-content\/uploads\/2024\/02\/Convotis_Bild1_ps.jpg\" alt=\"\" width=\"680\" height=\"453\" srcset=\"https:\/\/www.organisator.ch\/wp-content\/uploads\/2024\/02\/Convotis_Bild1_ps.jpg 680w, https:\/\/www.organisator.ch\/wp-content\/uploads\/2024\/02\/Convotis_Bild1_ps-18x12.jpg 18w, https:\/\/www.organisator.ch\/wp-content\/uploads\/2024\/02\/Convotis_Bild1_ps-375x250.jpg 375w, https:\/\/www.organisator.ch\/wp-content\/uploads\/2024\/02\/Convotis_Bild1_ps-525x350.jpg 525w\" sizes=\"auto, (max-width: 680px) 100vw, 680px\" \/><figcaption id=\"caption-attachment-24770\" class=\"wp-caption-text\">La soci\u00e9t\u00e9 swiss cloud computing ag fait partie du groupe Convotis. (Image : www.pexels.com)<\/figcaption><\/figure>\n<p>Avec effet r\u00e9troactif au 30 septembre 2023, Convotis a repris fin janvier toutes les actions de swiss cloud computing ag. Les clients existants peuvent continuer \u00e0 compter sur les prestations \u00e9prouv\u00e9es de Swiss Cloud, les interlocuteurs restent \u00e9galement inchang\u00e9s.<\/p>\n<p>Depuis sa cr\u00e9ation en 2013, swiss cloud computing ag, dont le si\u00e8ge est \u00e0 Zurich, est devenu le principal fournisseur suisse de cloud pour les fournisseurs de logiciels ind\u00e9pendants et les revendeurs TIC, en mettant l'accent sur les PME. L'entreprise a notamment profit\u00e9 d'une forte croissance au cours des deux derni\u00e8res ann\u00e9es et a ainsi doubl\u00e9 le nombre d'utilisateurs de Swiss Cloud en 2022 pour atteindre environ 20'000. Avec la reprise r\u00e9troactive \u00e0 fin septembre 2023 par le groupe Convotis, swiss cloud computing ag et ses prestations seront int\u00e9gr\u00e9es dans une entreprise active avec succ\u00e8s au niveau international. Le fondateur et CEO de swiss cloud computing ag, Vito Critti, avait d\u00e9j\u00e0 annonc\u00e9 l'ann\u00e9e derni\u00e8re le pas vers l'\u00e9tranger. Gr\u00e2ce \u00e0 l'int\u00e9gration dans un groupe d'entreprises actif dans neuf pays, les solutions de swiss cloud computing ag profitent de canaux de distribution d\u00e9j\u00e0 \u00e9tablis. Avec cette acquisition, Convotis renforce ses comp\u00e9tences en mati\u00e8re de cloud computing et de plates-formes num\u00e9riques ainsi que sa pr\u00e9sence en Suisse.<\/p>\n<p>Convotis reprend l'ensemble des collaborateurs de swiss cloud computing ag. Le service, les prestations et les interlocuteurs restent donc inchang\u00e9s pour tous les utilisateurs de Swiss Cloud. Il en va de m\u00eame pour le site des serveurs avec stockage des donn\u00e9es en Suisse. Le fondateur de Swiss Cloud, Vito Critti, devient membre de la direction et Chief Sales Officer de Convotis en Suisse. Parmi les clients de Convotis, on compte notamment l'entreprise internationale de technologie et de construction m\u00e9canique Palfinger, l'entreprise de logistique DB Schenker ou le groupe de construction m\u00e9canique Ammann de Langenthal.<\/p>\n<p>Vito Critti, fondateur et CEO de swiss cloud computing ag, \u00e0 propos de l'avenir sous un nouveau toit : \"Gr\u00e2ce \u00e0 la croissance de ces derni\u00e8res ann\u00e9es, swiss cloud computing ag a atteint une taille critique. Afin d'\u00e9tendre l'offre de prestations \u00e0 d'autres march\u00e9s tout en continuant \u00e0 assurer le suivi du march\u00e9 national avec la stabilit\u00e9 et la s\u00e9curit\u00e9 habituelles, l'int\u00e9gration dans une entreprise d\u00e9j\u00e0 active avec succ\u00e8s au niveau international est la meilleure solution. Je me r\u00e9jouis que nos clients puissent continuer \u00e0 faire confiance aux prestations de leurs interlocuteurs actuels tout en profitant d'encore plus de possibilit\u00e9s. En m\u00eame temps, je les remercie pour leur grande confiance au cours des derni\u00e8res ann\u00e9es, sans laquelle nous n'aurions pas pu \u00e9crire cette histoire \u00e0 succ\u00e8s\".<\/p>\n<p>Jos\u00e9 Lopez, Managing Director des activit\u00e9s suisses de Convotis, ajoute : \"Avec Swiss Cloud, nous reprenons un acteur de poids sur le march\u00e9 suisse du cloud B2B. Pour Convotis, il s'agit d'une \u00e9tape importante pour renforcer encore notre ancrage en Suisse. Nous nous r\u00e9jouissons de travailler avec nos nouveaux coll\u00e8gues\".<\/p>\n<p><em>Source : <a href=\"http:\/\/www.swiss.cloud\">www.swiss.cloud<\/a><\/em><\/p>","protected":false},"excerpt":{"rendered":"<p>swiss cloud computing ag, le fournisseur suisse de cloud pour les fournisseurs de logiciels ind\u00e9pendants et les revendeurs TIC ax\u00e9s sur les PME, fait partie du groupe Convotis, un prestataire de services informatiques international sp\u00e9cialis\u00e9 dans les solutions commerciales, les solutions de plateformes num\u00e9riques et les services informatiques g\u00e9r\u00e9s. La base est ainsi cr\u00e9\u00e9e pour faire \u00e9voluer les services de Swiss Cloud sur le march\u00e9 europ\u00e9en. <\/p>","protected":false},"author":58,"featured_media":24770,"comment_status":"closed","ping_status":"closed","sticky":false,"template":"","format":"standard","meta":{"_acf_changed":false,"_yoast_wpseo_focuskw":"Convotis","_yoast_wpseo_metadesc":"Die swiss cloud computing ag, der Schweizer Cloud- Provider f\u00fcr unabh\u00e4ngige Software-Anbieter und ICT-Reseller mit Fokus KMU, wird Teil der Convotis Gruppe.","articlekey":"","footnotes":""},"categories":[28],"tags":[123,334,424,492],"class_list":["post-24769","post","type-post","status-publish","format-standard","has-post-thumbnail","hentry","category-management","tag-cloud-computing","tag-management","tag-schweiz","tag-unternehmen"],"acf":[],"yoast_head":"<!-- This site is optimized with the Yoast SEO plugin v27.5 - https:\/\/yoast.com\/product\/yoast-seo-wordpress\/ -->\n<title>Swiss Cloud wird Teil der Convotis Gruppe - Organisator<\/title>\n<meta name=\"description\" content=\"Die swiss cloud computing ag, der Schweizer Cloud- Provider f\u00fcr unabh\u00e4ngige Software-Anbieter und ICT-Reseller mit Fokus KMU, wird Teil der Convotis Gruppe.\" \/>\n<meta name=\"robots\" content=\"index, follow, max-snippet:-1, max-image-preview:large, max-video-preview:-1\" \/>\n<link rel=\"canonical\" href=\"https:\/\/www.organisator.ch\/fr\/gestion-2\/2024-02-05\/swiss-cloud-wird-teil-der-convotis-gruppe\/\" \/>\n<meta property=\"og:locale\" content=\"fr_FR\" \/>\n<meta property=\"og:type\" content=\"article\" \/>\n<meta property=\"og:title\" content=\"Swiss Cloud wird Teil der Convotis Gruppe\" \/>\n<meta property=\"og:description\" content=\"Die swiss cloud computing ag, der Schweizer Cloud- Provider f\u00fcr unabh\u00e4ngige Software-Anbieter und ICT-Reseller mit Fokus KMU, wird Teil der Convotis Gruppe.\" \/>\n<meta property=\"og:url\" content=\"https:\/\/www.organisator.ch\/fr\/gestion-2\/2024-02-05\/swiss-cloud-wird-teil-der-convotis-gruppe\/\" \/>\n<meta property=\"og:site_name\" content=\"Organisator\" \/>\n<meta property=\"article:publisher\" content=\"https:\/\/www.facebook.com\/OrganisatorFachmagazin\" \/>\n<meta property=\"article:published_time\" content=\"2024-02-05T07:39:59+00:00\" \/>\n<meta property=\"og:image\" content=\"https:\/\/www.organisator.ch\/wp-content\/uploads\/2024\/02\/Convotis_Bild1_ps.jpg\" \/>\n\t<meta property=\"og:image:width\" content=\"680\" \/>\n\t<meta property=\"og:image:height\" content=\"453\" \/>\n\t<meta property=\"og:image:type\" content=\"image\/jpeg\" \/>\n<meta name=\"author\" content=\"Adelisa Kalajdzini\" \/>\n<meta name=\"twitter:card\" content=\"summary_large_image\" \/>\n<meta name=\"twitter:title\" content=\"Swiss Cloud wird Teil der Convotis Gruppe\" \/>\n<meta name=\"twitter:description\" content=\"Die #swiss #cloud #computing ag, der Schweizer Cloud- Provider f\u00fcr unabh\u00e4ngige Software-Anbieter und ICT-Reseller mit Fokus #KMU, wird Teil der #Convotis Gruppe.\" \/>\n<meta name=\"twitter:image\" content=\"https:\/\/www.organisator.ch\/wp-content\/uploads\/2024\/02\/Convotis_Bild1_ps.jpg\" \/>\n<script type=\"application\/ld+json\" class=\"yoast-schema-graph\">{\"@context\":\"https:\\\/\\\/schema.org\",\"@graph\":[{\"@type\":\"Article\",\"@id\":\"https:\\\/\\\/www.organisator.ch\\\/management\\\/2024-02-05\\\/swiss-cloud-wird-teil-der-convotis-gruppe\\\/#article\",\"isPartOf\":{\"@id\":\"https:\\\/\\\/www.organisator.ch\\\/management\\\/2024-02-05\\\/swiss-cloud-wird-teil-der-convotis-gruppe\\\/\"},\"author\":{\"name\":\"Adelisa Kalajdzini\",\"@id\":\"https:\\\/\\\/www.organisator.ch\\\/#\\\/schema\\\/person\\\/2e1314a2172123f874db408d8911d3f3\"},\"headline\":\"Swiss Cloud wird Teil der Convotis Gruppe\",\"datePublished\":\"2024-02-05T07:39:59+00:00\",\"mainEntityOfPage\":{\"@id\":\"https:\\\/\\\/www.organisator.ch\\\/management\\\/2024-02-05\\\/swiss-cloud-wird-teil-der-convotis-gruppe\\\/\"},\"wordCount\":481,\"publisher\":{\"@id\":\"https:\\\/\\\/www.organisator.ch\\\/#organization\"},\"image\":{\"@id\":\"https:\\\/\\\/www.organisator.ch\\\/management\\\/2024-02-05\\\/swiss-cloud-wird-teil-der-convotis-gruppe\\\/#primaryimage\"},\"thumbnailUrl\":\"https:\\\/\\\/www.organisator.ch\\\/wp-content\\\/uploads\\\/2024\\\/02\\\/Convotis_Bild1_ps.jpg\",\"keywords\":[\"Cloud Computing\",\"Management\",\"Schweiz\",\"Unternehmen\"],\"articleSection\":[\"MANAGEMENT\"],\"inLanguage\":\"fr-FR\"},{\"@type\":\"WebPage\",\"@id\":\"https:\\\/\\\/www.organisator.ch\\\/management\\\/2024-02-05\\\/swiss-cloud-wird-teil-der-convotis-gruppe\\\/\",\"url\":\"https:\\\/\\\/www.organisator.ch\\\/management\\\/2024-02-05\\\/swiss-cloud-wird-teil-der-convotis-gruppe\\\/\",\"name\":\"Swiss Cloud wird Teil der Convotis Gruppe - Organisator\",\"isPartOf\":{\"@id\":\"https:\\\/\\\/www.organisator.ch\\\/#website\"},\"primaryImageOfPage\":{\"@id\":\"https:\\\/\\\/www.organisator.ch\\\/management\\\/2024-02-05\\\/swiss-cloud-wird-teil-der-convotis-gruppe\\\/#primaryimage\"},\"image\":{\"@id\":\"https:\\\/\\\/www.organisator.ch\\\/management\\\/2024-02-05\\\/swiss-cloud-wird-teil-der-convotis-gruppe\\\/#primaryimage\"},\"thumbnailUrl\":\"https:\\\/\\\/www.organisator.ch\\\/wp-content\\\/uploads\\\/2024\\\/02\\\/Convotis_Bild1_ps.jpg\",\"datePublished\":\"2024-02-05T07:39:59+00:00\",\"description\":\"Die swiss cloud computing ag, der Schweizer Cloud- Provider f\u00fcr unabh\u00e4ngige Software-Anbieter und ICT-Reseller mit Fokus KMU, wird Teil der Convotis Gruppe.\",\"breadcrumb\":{\"@id\":\"https:\\\/\\\/www.organisator.ch\\\/management\\\/2024-02-05\\\/swiss-cloud-wird-teil-der-convotis-gruppe\\\/#breadcrumb\"},\"inLanguage\":\"fr-FR\",\"potentialAction\":[{\"@type\":\"ReadAction\",\"target\":[\"https:\\\/\\\/www.organisator.ch\\\/management\\\/2024-02-05\\\/swiss-cloud-wird-teil-der-convotis-gruppe\\\/\"]}]},{\"@type\":\"ImageObject\",\"inLanguage\":\"fr-FR\",\"@id\":\"https:\\\/\\\/www.organisator.ch\\\/management\\\/2024-02-05\\\/swiss-cloud-wird-teil-der-convotis-gruppe\\\/#primaryimage\",\"url\":\"https:\\\/\\\/www.organisator.ch\\\/wp-content\\\/uploads\\\/2024\\\/02\\\/Convotis_Bild1_ps.jpg\",\"contentUrl\":\"https:\\\/\\\/www.organisator.ch\\\/wp-content\\\/uploads\\\/2024\\\/02\\\/Convotis_Bild1_ps.jpg\",\"width\":680,\"height\":453,\"caption\":\"Die swiss cloud computing ag wird Teil der Convotis Gruppe. (Bild: www.pexels.com)\"},{\"@type\":\"BreadcrumbList\",\"@id\":\"https:\\\/\\\/www.organisator.ch\\\/management\\\/2024-02-05\\\/swiss-cloud-wird-teil-der-convotis-gruppe\\\/#breadcrumb\",\"itemListElement\":[{\"@type\":\"ListItem\",\"position\":1,\"name\":\"Home\",\"item\":\"https:\\\/\\\/www.organisator.ch\\\/\"},{\"@type\":\"ListItem\",\"position\":2,\"name\":\"Swiss Cloud wird Teil der Convotis Gruppe\"}]},{\"@type\":\"WebSite\",\"@id\":\"https:\\\/\\\/www.organisator.ch\\\/#website\",\"url\":\"https:\\\/\\\/www.organisator.ch\\\/\",\"name\":\"Organisator\",\"description\":\"Kompetent. Praxisnah. Der ORGANISATOR bereitet in 10 Ausgaben pro Jahr die wesentlichen Themen f\u00fcr F\u00fchrungskr\u00e4fte von KMU auf.\",\"publisher\":{\"@id\":\"https:\\\/\\\/www.organisator.ch\\\/#organization\"},\"potentialAction\":[{\"@type\":\"SearchAction\",\"target\":{\"@type\":\"EntryPoint\",\"urlTemplate\":\"https:\\\/\\\/www.organisator.ch\\\/?s={search_term_string}\"},\"query-input\":{\"@type\":\"PropertyValueSpecification\",\"valueRequired\":true,\"valueName\":\"search_term_string\"}}],\"inLanguage\":\"fr-FR\"},{\"@type\":\"Organization\",\"@id\":\"https:\\\/\\\/www.organisator.ch\\\/#organization\",\"name\":\"Organisator\",\"url\":\"https:\\\/\\\/www.organisator.ch\\\/\",\"logo\":{\"@type\":\"ImageObject\",\"inLanguage\":\"fr-FR\",\"@id\":\"https:\\\/\\\/www.organisator.ch\\\/#\\\/schema\\\/logo\\\/image\\\/\",\"url\":\"https:\\\/\\\/www.organisator.ch\\\/wp-content\\\/uploads\\\/2022\\\/01\\\/Logo_Organisator_Website.png\",\"contentUrl\":\"https:\\\/\\\/www.organisator.ch\\\/wp-content\\\/uploads\\\/2022\\\/01\\\/Logo_Organisator_Website.png\",\"width\":800,\"height\":77,\"caption\":\"Organisator\"},\"image\":{\"@id\":\"https:\\\/\\\/www.organisator.ch\\\/#\\\/schema\\\/logo\\\/image\\\/\"},\"sameAs\":[\"https:\\\/\\\/www.facebook.com\\\/OrganisatorFachmagazin\",\"https:\\\/\\\/www.linkedin.com\\\/showcase\\\/organisator-das-magazin-fr-kmu\",\"https:\\\/\\\/www.xing.com\\\/news\\\/pages\\\/organisator-ch-695\",\"https:\\\/\\\/www.youtube.com\\\/channel\\\/UCGP2Sq0iWaZwT3BdIAQFYpw\"]},{\"@type\":\"Person\",\"@id\":\"https:\\\/\\\/www.organisator.ch\\\/#\\\/schema\\\/person\\\/2e1314a2172123f874db408d8911d3f3\",\"name\":\"Adelisa Kalajdzini\",\"image\":{\"@type\":\"ImageObject\",\"inLanguage\":\"fr-FR\",\"@id\":\"https:\\\/\\\/secure.gravatar.com\\\/avatar\\\/09a397c22ac58cad6f160ee8306348599df9df58a8ede73696226897b9fa4b24?s=96&d=mm&r=g\",\"url\":\"https:\\\/\\\/secure.gravatar.com\\\/avatar\\\/09a397c22ac58cad6f160ee8306348599df9df58a8ede73696226897b9fa4b24?s=96&d=mm&r=g\",\"contentUrl\":\"https:\\\/\\\/secure.gravatar.com\\\/avatar\\\/09a397c22ac58cad6f160ee8306348599df9df58a8ede73696226897b9fa4b24?s=96&d=mm&r=g\",\"caption\":\"Adelisa Kalajdzini\"},\"url\":\"https:\\\/\\\/www.organisator.ch\\\/fr\\\/author\\\/adelisa-kalajdzini\\\/\"}]}<\/script>\n<!-- \/ Yoast SEO plugin. -->","yoast_head_json":{"title":"Swiss Cloud rejoint le groupe Convotis - Organisateur","description":"swiss cloud computing ag, le fournisseur suisse de cloud pour les fournisseurs de logiciels ind\u00e9pendants et les revendeurs TIC ax\u00e9s sur les PME, rejoint le groupe Convotis.","robots":{"index":"index","follow":"follow","max-snippet":"max-snippet:-1","max-image-preview":"max-image-preview:large","max-video-preview":"max-video-preview:-1"},"canonical":"https:\/\/www.organisator.ch\/fr\/gestion-2\/2024-02-05\/swiss-cloud-wird-teil-der-convotis-gruppe\/","og_locale":"fr_FR","og_type":"article","og_title":"Swiss Cloud wird Teil der Convotis Gruppe","og_description":"Die swiss cloud computing ag, der Schweizer Cloud- Provider f\u00fcr unabh\u00e4ngige Software-Anbieter und ICT-Reseller mit Fokus KMU, wird Teil der Convotis Gruppe.","og_url":"https:\/\/www.organisator.ch\/fr\/gestion-2\/2024-02-05\/swiss-cloud-wird-teil-der-convotis-gruppe\/","og_site_name":"Organisator","article_publisher":"https:\/\/www.facebook.com\/OrganisatorFachmagazin","article_published_time":"2024-02-05T07:39:59+00:00","og_image":[{"width":680,"height":453,"url":"https:\/\/www.organisator.ch\/wp-content\/uploads\/2024\/02\/Convotis_Bild1_ps.jpg","type":"image\/jpeg"}],"author":"Adelisa Kalajdzini","twitter_card":"summary_large_image","twitter_title":"Swiss Cloud wird Teil der Convotis Gruppe","twitter_description":"Die #swiss #cloud #computing ag, der Schweizer Cloud- Provider f\u00fcr unabh\u00e4ngige Software-Anbieter und ICT-Reseller mit Fokus #KMU, wird Teil der #Convotis Gruppe.","twitter_image":"https:\/\/www.organisator.ch\/wp-content\/uploads\/2024\/02\/Convotis_Bild1_ps.jpg","schema":{"@context":"https:\/\/schema.org","@graph":[{"@type":"Article","@id":"https:\/\/www.organisator.ch\/management\/2024-02-05\/swiss-cloud-wird-teil-der-convotis-gruppe\/#article","isPartOf":{"@id":"https:\/\/www.organisator.ch\/management\/2024-02-05\/swiss-cloud-wird-teil-der-convotis-gruppe\/"},"author":{"name":"Adelisa Kalajdzini","@id":"https:\/\/www.organisator.ch\/#\/schema\/person\/2e1314a2172123f874db408d8911d3f3"},"headline":"Swiss Cloud wird Teil der Convotis Gruppe","datePublished":"2024-02-05T07:39:59+00:00","mainEntityOfPage":{"@id":"https:\/\/www.organisator.ch\/management\/2024-02-05\/swiss-cloud-wird-teil-der-convotis-gruppe\/"},"wordCount":481,"publisher":{"@id":"https:\/\/www.organisator.ch\/#organization"},"image":{"@id":"https:\/\/www.organisator.ch\/management\/2024-02-05\/swiss-cloud-wird-teil-der-convotis-gruppe\/#primaryimage"},"thumbnailUrl":"https:\/\/www.organisator.ch\/wp-content\/uploads\/2024\/02\/Convotis_Bild1_ps.jpg","keywords":["Cloud Computing","Management","Schweiz","Unternehmen"],"articleSection":["MANAGEMENT"],"inLanguage":"fr-FR"},{"@type":"WebPage","@id":"https:\/\/www.organisator.ch\/management\/2024-02-05\/swiss-cloud-wird-teil-der-convotis-gruppe\/","url":"https:\/\/www.organisator.ch\/management\/2024-02-05\/swiss-cloud-wird-teil-der-convotis-gruppe\/","name":"Swiss Cloud rejoint le groupe Convotis - Organisateur","isPartOf":{"@id":"https:\/\/www.organisator.ch\/#website"},"primaryImageOfPage":{"@id":"https:\/\/www.organisator.ch\/management\/2024-02-05\/swiss-cloud-wird-teil-der-convotis-gruppe\/#primaryimage"},"image":{"@id":"https:\/\/www.organisator.ch\/management\/2024-02-05\/swiss-cloud-wird-teil-der-convotis-gruppe\/#primaryimage"},"thumbnailUrl":"https:\/\/www.organisator.ch\/wp-content\/uploads\/2024\/02\/Convotis_Bild1_ps.jpg","datePublished":"2024-02-05T07:39:59+00:00","description":"swiss cloud computing ag, le fournisseur suisse de cloud pour les fournisseurs de logiciels ind\u00e9pendants et les revendeurs TIC ax\u00e9s sur les PME, rejoint le groupe Convotis.","breadcrumb":{"@id":"https:\/\/www.organisator.ch\/management\/2024-02-05\/swiss-cloud-wird-teil-der-convotis-gruppe\/#breadcrumb"},"inLanguage":"fr-FR","potentialAction":[{"@type":"ReadAction","target":["https:\/\/www.organisator.ch\/management\/2024-02-05\/swiss-cloud-wird-teil-der-convotis-gruppe\/"]}]},{"@type":"ImageObject","inLanguage":"fr-FR","@id":"https:\/\/www.organisator.ch\/management\/2024-02-05\/swiss-cloud-wird-teil-der-convotis-gruppe\/#primaryimage","url":"https:\/\/www.organisator.ch\/wp-content\/uploads\/2024\/02\/Convotis_Bild1_ps.jpg","contentUrl":"https:\/\/www.organisator.ch\/wp-content\/uploads\/2024\/02\/Convotis_Bild1_ps.jpg","width":680,"height":453,"caption":"Die swiss cloud computing ag wird Teil der Convotis Gruppe. (Bild: www.pexels.com)"},{"@type":"BreadcrumbList","@id":"https:\/\/www.organisator.ch\/management\/2024-02-05\/swiss-cloud-wird-teil-der-convotis-gruppe\/#breadcrumb","itemListElement":[{"@type":"ListItem","position":1,"name":"Home","item":"https:\/\/www.organisator.ch\/"},{"@type":"ListItem","position":2,"name":"Swiss Cloud wird Teil der Convotis Gruppe"}]},{"@type":"WebSite","@id":"https:\/\/www.organisator.ch\/#website","url":"https:\/\/www.organisator.ch\/","name":"Organisateur","description":"Comp\u00e9tence et comp\u00e9tence. Proches de la pratique. L'ORGANISATEUR pr\u00e9pare 10 num\u00e9ros par an sur les th\u00e8mes essentiels pour les dirigeants de PME.","publisher":{"@id":"https:\/\/www.organisator.ch\/#organization"},"potentialAction":[{"@type":"SearchAction","target":{"@type":"EntryPoint","urlTemplate":"https:\/\/www.organisator.ch\/?s={search_term_string}"},"query-input":{"@type":"PropertyValueSpecification","valueRequired":true,"valueName":"search_term_string"}}],"inLanguage":"fr-FR"},{"@type":"Organization","@id":"https:\/\/www.organisator.ch\/#organization","name":"Organisateur","url":"https:\/\/www.organisator.ch\/","logo":{"@type":"ImageObject","inLanguage":"fr-FR","@id":"https:\/\/www.organisator.ch\/#\/schema\/logo\/image\/","url":"https:\/\/www.organisator.ch\/wp-content\/uploads\/2022\/01\/Logo_Organisator_Website.png","contentUrl":"https:\/\/www.organisator.ch\/wp-content\/uploads\/2022\/01\/Logo_Organisator_Website.png","width":800,"height":77,"caption":"Organisator"},"image":{"@id":"https:\/\/www.organisator.ch\/#\/schema\/logo\/image\/"},"sameAs":["https:\/\/www.facebook.com\/OrganisatorFachmagazin","https:\/\/www.linkedin.com\/showcase\/organisator-das-magazin-fr-kmu","https:\/\/www.xing.com\/news\/pages\/organisator-ch-695","https:\/\/www.youtube.com\/channel\/UCGP2Sq0iWaZwT3BdIAQFYpw"]},{"@type":"Person","@id":"https:\/\/www.organisator.ch\/#\/schema\/person\/2e1314a2172123f874db408d8911d3f3","name":"Adelisa Kalajdzini","image":{"@type":"ImageObject","inLanguage":"fr-FR","@id":"https:\/\/secure.gravatar.com\/avatar\/09a397c22ac58cad6f160ee8306348599df9df58a8ede73696226897b9fa4b24?s=96&d=mm&r=g","url":"https:\/\/secure.gravatar.com\/avatar\/09a397c22ac58cad6f160ee8306348599df9df58a8ede73696226897b9fa4b24?s=96&d=mm&r=g","contentUrl":"https:\/\/secure.gravatar.com\/avatar\/09a397c22ac58cad6f160ee8306348599df9df58a8ede73696226897b9fa4b24?s=96&d=mm&r=g","caption":"Adelisa Kalajdzini"},"url":"https:\/\/www.organisator.ch\/fr\/author\/adelisa-kalajdzini\/"}]}},"_links":{"self":[{"href":"https:\/\/www.organisator.ch\/fr\/wp-json\/wp\/v2\/posts\/24769","targetHints":{"allow":["GET"]}}],"collection":[{"href":"https:\/\/www.organisator.ch\/fr\/wp-json\/wp\/v2\/posts"}],"about":[{"href":"https:\/\/www.organisator.ch\/fr\/wp-json\/wp\/v2\/types\/post"}],"author":[{"embeddable":true,"href":"https:\/\/www.organisator.ch\/fr\/wp-json\/wp\/v2\/users\/58"}],"replies":[{"embeddable":true,"href":"https:\/\/www.organisator.ch\/fr\/wp-json\/wp\/v2\/comments?post=24769"}],"version-history":[{"count":5,"href":"https:\/\/www.organisator.ch\/fr\/wp-json\/wp\/v2\/posts\/24769\/revisions"}],"predecessor-version":[{"id":24790,"href":"https:\/\/www.organisator.ch\/fr\/wp-json\/wp\/v2\/posts\/24769\/revisions\/24790"}],"wp:featuredmedia":[{"embeddable":true,"href":"https:\/\/www.organisator.ch\/fr\/wp-json\/wp\/v2\/media\/24770"}],"wp:attachment":[{"href":"https:\/\/www.organisator.ch\/fr\/wp-json\/wp\/v2\/media?parent=24769"}],"wp:term":[{"taxonomy":"category","embeddable":true,"href":"https:\/\/www.organisator.ch\/fr\/wp-json\/wp\/v2\/categories?post=24769"},{"taxonomy":"post_tag","embeddable":true,"href":"https:\/\/www.organisator.ch\/fr\/wp-json\/wp\/v2\/tags?post=24769"}],"curies":[{"name":"wp","href":"https:\/\/api.w.org\/{rel}","templated":true}]}}