{"id":2478,"date":"2019-09-20T10:56:12","date_gmt":"2019-09-20T08:56:12","guid":{"rendered":"https:\/\/www.umweltperspektiven.ch\/?p=2478"},"modified":"2022-02-09T11:06:51","modified_gmt":"2022-02-09T10:06:51","slug":"rueckschau-2-tag-der-insekten-schweiz","status":"publish","type":"post","link":"https:\/\/www.organisator.ch\/fr\/sustainability\/2019-09-20\/rueckschau-2-tag-der-insekten-schweiz\/","title":{"rendered":"R\u00e9trospective : \"2e Journ\u00e9e des insectes en Suisse"},"content":{"rendered":"<figure id=\"attachment_2479\" aria-describedby=\"caption-attachment-2479\" style=\"width: 680px\" class=\"wp-caption alignnone\"><img loading=\"lazy\" decoding=\"async\" class=\"size-medium wp-image-2479\" src=\"\/\/www.umweltperspektiven.ch\/wp-content\/uploads\/2019\/09\/Insekt.jpg\" alt=\"\" width=\"680\" height=\"454\" srcset=\"https:\/\/www.organisator.ch\/wp-content\/uploads\/2019\/09\/Insekt.jpg 2048w, https:\/\/www.organisator.ch\/wp-content\/uploads\/2019\/09\/Insekt-680x454.jpg 680w, https:\/\/www.organisator.ch\/wp-content\/uploads\/2019\/09\/Insekt-1024x684.jpg 1024w, https:\/\/www.organisator.ch\/wp-content\/uploads\/2019\/09\/Insekt-768x513.jpg 768w, https:\/\/www.organisator.ch\/wp-content\/uploads\/2019\/09\/Insekt-1536x1025.jpg 1536w, https:\/\/www.organisator.ch\/wp-content\/uploads\/2019\/09\/Insekt-18x12.jpg 18w, https:\/\/www.organisator.ch\/wp-content\/uploads\/2019\/09\/Insekt-262x175.jpg 262w, https:\/\/www.organisator.ch\/wp-content\/uploads\/2019\/09\/Insekt-524x350.jpg 524w, https:\/\/www.organisator.ch\/wp-content\/uploads\/2019\/09\/Insekt-1199x800.jpg 1199w, https:\/\/www.organisator.ch\/wp-content\/uploads\/2019\/09\/Insekt-920x614.jpg 920w, https:\/\/www.organisator.ch\/wp-content\/uploads\/2019\/09\/Insekt-1400x934.jpg 1400w, https:\/\/www.organisator.ch\/wp-content\/uploads\/2019\/09\/Insekt-300x200.jpg 300w\" sizes=\"auto, (max-width: 680px) 100vw, 680px\" \/><figcaption id=\"caption-attachment-2479\" class=\"wp-caption-text\">En Suisse, les listes rouges montrent que plus de 40 pour cent des esp\u00e8ces d'insectes sont menac\u00e9es et que 5 pour cent sont d\u00e9j\u00e0 \u00e9teintes. Dans certaines r\u00e9gions germanophones, leur nombre a diminu\u00e9 de plus de 70 pour cent, ont \u00e9t\u00e9 inform\u00e9s de nombreux participants \u00e0 la \"2e Journ\u00e9e des insectes en Suisse\". (Image : Insect Respect)<\/figcaption><\/figure>\n<p>Lors de la \"2e Journ\u00e9e suisse des insectes\", on a \u00e9t\u00e9 inform\u00e9 de la grave disparition des insectes en Suisse ainsi que dans les pays voisins.  La quantit\u00e9 et la diversit\u00e9 des insectes ont drastiquement diminu\u00e9 au cours des derni\u00e8res d\u00e9cennies. Edward Wilson, entomologiste am\u00e9ricain renomm\u00e9, a calcul\u00e9 que sans les insectes, les hommes ne pourraient survivre que quelques mois. Or, le nombre et la diversit\u00e9 des insectes diminuent de mani\u00e8re dramatique :<\/p>\n<p>En Suisse, les listes rouges montrent que plus de 40 pour cent des esp\u00e8ces d'insectes sont menac\u00e9es et que 5 pour cent sont d\u00e9j\u00e0 \u00e9teintes. Dans certaines r\u00e9gions germanophones, leur nombre a diminu\u00e9 de plus de 70 pour cent. Les raisons sont multiples, comme l'ont soulign\u00e9 les experts lors de la \"2e Journ\u00e9e des insectes en Suisse\" le 19 septembre 2019 \u00e0 Aarau : D'une part, l'agriculture intensive fait dispara\u00eetre de plus en plus d'insectes de nos paysages, d'autre part, l'urbanisation croissante et le morcellement des habitats entra\u00eenent une disparition massive des insectes.<\/p>\n<p><strong>Fertilisation disproportionn\u00e9e\u00a0\u00a0<\/strong><br \/>\nLe professeur Josef H. Reichholf, orateur principal de la Journ\u00e9e des insectes et sp\u00e9cialiste des papillons de Bavi\u00e8re, a constat\u00e9 dans son expos\u00e9 : \"Les engrais azot\u00e9s sont devenus un \u00e9touffoir pour la biodiversit\u00e9 dans les terres cultiv\u00e9es. Les produits phytosanitaires d\u00e9ciment encore plus les insectes, tout comme notre obsession d\u00e9mesur\u00e9e de la propret\u00e9\". En de nombreux endroits, celle-ci conduit \u00e0 ce que les bords de route riches en insectes soient fauch\u00e9s en temps inopportun ou que les espaces publics soient asperg\u00e9s de poison.<\/p>\n<p>Ulrich Veith, maire de la commune de Mals dans le Tyrol du Sud, a donn\u00e9 du courage avec son discours et a montr\u00e9 comment il serait possible, en Suisse aussi, de rendre les terres cultiv\u00e9es \u00e0 nouveau plus accueillantes pour les insectes. \"Nous ne voulions pas attendre que quelque chose vienne des hauts responsables politiques pour prot\u00e9ger la nature et les insectes, mais entreprendre quelque chose au sein de la commune elle-m\u00eame\". Malgr\u00e9 de nombreux vents contraires, Mals a d\u00e9sormais r\u00e9ussi, avec le soutien de la population, \u00e0 interdire l\u00e9galement l'utilisation de produits phytosanitaires sur toutes les surfaces agricoles et priv\u00e9es de la commune. Aujourd'hui, les produits bio de toutes sortes s'y vendent de plus en plus.<\/p>\n<p><strong>Des actes plut\u00f4t que des mots<\/strong><br \/>\nAfin de mettre en \u00e9vidence non seulement les probl\u00e8mes, mais aussi les solutions, les participants ont discut\u00e9 dans des ateliers de diff\u00e9rentes mesures permettant de promouvoir au mieux les insectes. Dans presque tous les ateliers, il s'est av\u00e9r\u00e9 qu'il fallait d'abord cr\u00e9er un meilleur acc\u00e8s aux insectes, par exemple en les voyant concr\u00e8tement ou en faisant l'exp\u00e9rience de leur beaut\u00e9 et de leur diversit\u00e9.<\/p>\n<p>Les deux organisateurs, BirdLife Suisse et Insect Respect, se r\u00e9jouissent du d\u00e9roulement de la journ\u00e9e. Werner M\u00fcller, directeur de BirdLife Suisse : \"Informer, mettre en r\u00e9seau et agir, tel est le but de la Journ\u00e9e des insectes. Nous sommes convaincus que de nombreux nouveaux projets vont maintenant \u00eatre lanc\u00e9s pour faire face \u00e0 la disparition des insectes\". Le Dr Hans-Dietrich Reckhaus, directeur de l'entreprise de biocides Reckhaus AG et initiateur d'Insect Respect, est lui aussi convaincu que la journ\u00e9e n'a pas seulement incit\u00e9 \u00e0 la r\u00e9flexion, mais aussi \u00e0 l'action : \"Le respect ne s'arr\u00eate pas aux deux ou quatre pattes. Celui qui continue \u00e0 pulv\u00e9riser dans son jardin n'a rien compris\".<\/p>\n<p><strong>Les politiques sont appel\u00e9s \u00e0 agir<\/strong><br \/>\nUn changement de mentalit\u00e9 et d'action n'est pas seulement demand\u00e9 \u00e0 chaque individu \u00e0 petite \u00e9chelle. Apr\u00e8s cette journ\u00e9e, la politique est \u00e9galement sollicit\u00e9e. Ou pour reprendre les mots du professeur Josef H. Reichholf : \"La Journ\u00e9e des insectes est particuli\u00e8rement importante pour moi, car elle apporte des faits essentiels dans les discussions actuelles. Les faits sans cesse renouvel\u00e9s concernant le d\u00e9clin des insectes doivent maintenant \u00eatre pris en compte par les politiques\". Avec la politique agricole PA22+, l'initiative sur l'eau potable et les pesticides, la r\u00e9vision de la loi sur l'am\u00e9nagement du territoire et la double initiative \u00e0 venir pour la biodiversit\u00e9 et le paysage, beaucoup de choses ont boug\u00e9. Il faut en profiter pour lutter contre la disparition des insectes.<\/p>\n<p><em>Dix bonnes raisons de respecter les insectes :<\/em><br \/>\n<em>1. \u00e9cosyst\u00e8me : les insectes donnent plus de r\u00e9sistance \u00e0 la nature<\/em><br \/>\n<em>2. la pollinisation : les insectes maintiennent la flore en vie<\/em><br \/>\n<em>3e cycle : Les insectes sont un \u00e9l\u00e9ment important de la cha\u00eene alimentaire.<\/em><br \/>\n<em>4. la nourriture et l'alimentation : Les insectes assurent l'alimentation mondiale.<\/em><br \/>\n<em>5. hygi\u00e8ne : les insectes nous d\u00e9barrassent des \"d\u00e9chets\".<\/em><br \/>\n<em>6. les sols : les insectes rendent notre terre fertile<\/em><br \/>\n<em>7. les v\u00eatements : Les insectes sont indispensables \u00e0 la production de textiles.<\/em><br \/>\n<em>8. industrie : les insectes produisent des produits chimiques<\/em><br \/>\n<em>9e m\u00e9decine : soigner les insectes.<\/em><br \/>\n<em>10. recherche : les insectes sont extr\u00eamement pr\u00e9cieux sur le plan scientifique.<\/em><\/p>\n<p><a href=\"\/\/www.birdlife.ch\/tag-der-insekten\">www.birdlife.ch\/tag-der-insekten<\/a><\/p>\n<p>&nbsp;<\/p>\n<p>&nbsp;<\/p>","protected":false},"excerpt":{"rendered":"<p>Am &#8222;2. Tag der Insekten Schweiz&#8220; wurde man \u00fcber den gravierenden Insektenschwund in der Schweiz sowie in Nachbarl\u00e4ndern informiert.\u00a0 Die Menge und Vielfalt an Insekten hat in den letzten Jahrzehnten drastisch abgenommen.\u00a0Edward Wilson, der renommierte amerikanische Entomologe, hat errechnet, dass die Menschen ohne Insekten nur wenige Monate \u00fcberleben k\u00f6nnten. Doch Zahl und Vielfalt der Insekten [&hellip;]<\/p>\n","protected":false},"author":5,"featured_media":2479,"comment_status":"open","ping_status":"open","sticky":false,"template":"","format":"standard","meta":{"_acf_changed":false,"_yoast_wpseo_focuskw":"2. Tag der Insekten Schweiz","_yoast_wpseo_metadesc":"\u00dcber 300 Personen aus Forschung, Politik, Wirtschaft und Naturschutz suchten am \"2. Tag der Insekten Schweiz\" nach Massnahmen gegen das Insektensterben.","articlekey":"","footnotes":""},"categories":[580],"tags":[829,1150,1426,1667,424],"class_list":["post-2478","post","type-post","status-publish","format-standard","has-post-thumbnail","hentry","category-sustainability","tag-biodiversitaet","tag-fachtagung","tag-insektensterben","tag-massnahmen","tag-schweiz"],"acf":[],"yoast_head":"<!-- This site is optimized with the Yoast SEO plugin v27.4 - https:\/\/yoast.com\/product\/yoast-seo-wordpress\/ -->\n<title>R\u00fcckschau: &quot;2. Tag der Insekten Schweiz&quot; - Organisator<\/title>\n<meta name=\"description\" content=\"\u00dcber 300 Personen aus Forschung, Politik, Wirtschaft und Naturschutz suchten am &quot;2. Tag der Insekten Schweiz&quot; nach Massnahmen gegen das Insektensterben.\" \/>\n<meta name=\"robots\" content=\"index, follow, max-snippet:-1, max-image-preview:large, max-video-preview:-1\" \/>\n<link rel=\"canonical\" href=\"https:\/\/www.organisator.ch\/fr\/sustainability\/2019-09-20\/rueckschau-2-tag-der-insekten-schweiz\/\" \/>\n<meta property=\"og:locale\" content=\"fr_FR\" \/>\n<meta property=\"og:type\" content=\"article\" \/>\n<meta property=\"og:title\" content=\"R\u00fcckschau: &quot;2. Tag der Insekten Schweiz&quot; - Organisator\" \/>\n<meta property=\"og:description\" content=\"\u00dcber 300 Personen aus Forschung, Politik, Wirtschaft und Naturschutz suchten am &quot;2. Tag der Insekten Schweiz&quot; nach Massnahmen gegen das Insektensterben.\" \/>\n<meta property=\"og:url\" content=\"https:\/\/www.organisator.ch\/fr\/sustainability\/2019-09-20\/rueckschau-2-tag-der-insekten-schweiz\/\" \/>\n<meta property=\"og:site_name\" content=\"Organisator\" \/>\n<meta property=\"article:publisher\" content=\"https:\/\/www.facebook.com\/OrganisatorFachmagazin\" \/>\n<meta property=\"article:published_time\" content=\"2019-09-20T08:56:12+00:00\" \/>\n<meta property=\"article:modified_time\" content=\"2022-02-09T10:06:51+00:00\" \/>\n<meta property=\"og:image\" content=\"https:\/\/www.organisator.ch\/wp-content\/uploads\/2019\/09\/Insekt.jpg\" \/>\n\t<meta property=\"og:image:width\" content=\"2048\" \/>\n\t<meta property=\"og:image:height\" content=\"1367\" \/>\n\t<meta property=\"og:image:type\" content=\"image\/jpeg\" \/>\n<meta name=\"author\" content=\"michael.merz\" \/>\n<meta name=\"twitter:card\" content=\"summary_large_image\" \/>\n<script type=\"application\/ld+json\" class=\"yoast-schema-graph\">{\"@context\":\"https:\\\/\\\/schema.org\",\"@graph\":[{\"@type\":\"Article\",\"@id\":\"https:\\\/\\\/www.organisator.ch\\\/sustainability\\\/2019-09-20\\\/rueckschau-2-tag-der-insekten-schweiz\\\/#article\",\"isPartOf\":{\"@id\":\"https:\\\/\\\/www.organisator.ch\\\/sustainability\\\/2019-09-20\\\/rueckschau-2-tag-der-insekten-schweiz\\\/\"},\"author\":{\"name\":\"michael.merz\",\"@id\":\"https:\\\/\\\/www.organisator.ch\\\/#\\\/schema\\\/person\\\/134708ca9321c57b0362cceb7948ffbd\"},\"headline\":\"R\u00fcckschau: &#8222;2. Tag der Insekten Schweiz&#8220;\",\"datePublished\":\"2019-09-20T08:56:12+00:00\",\"dateModified\":\"2022-02-09T10:06:51+00:00\",\"mainEntityOfPage\":{\"@id\":\"https:\\\/\\\/www.organisator.ch\\\/sustainability\\\/2019-09-20\\\/rueckschau-2-tag-der-insekten-schweiz\\\/\"},\"wordCount\":708,\"commentCount\":0,\"publisher\":{\"@id\":\"https:\\\/\\\/www.organisator.ch\\\/#organization\"},\"image\":{\"@id\":\"https:\\\/\\\/www.organisator.ch\\\/sustainability\\\/2019-09-20\\\/rueckschau-2-tag-der-insekten-schweiz\\\/#primaryimage\"},\"thumbnailUrl\":\"https:\\\/\\\/www.organisator.ch\\\/wp-content\\\/uploads\\\/2019\\\/09\\\/Insekt.jpg\",\"keywords\":[\"Biodiversit\u00e4t\",\"Fachtagung\",\"Insektensterben\",\"Massnahmen\",\"Schweiz\"],\"articleSection\":[\"SUSTAINABILITY\"],\"inLanguage\":\"fr-FR\"},{\"@type\":\"WebPage\",\"@id\":\"https:\\\/\\\/www.organisator.ch\\\/sustainability\\\/2019-09-20\\\/rueckschau-2-tag-der-insekten-schweiz\\\/\",\"url\":\"https:\\\/\\\/www.organisator.ch\\\/sustainability\\\/2019-09-20\\\/rueckschau-2-tag-der-insekten-schweiz\\\/\",\"name\":\"R\u00fcckschau: \\\"2. Tag der Insekten Schweiz\\\" - Organisator\",\"isPartOf\":{\"@id\":\"https:\\\/\\\/www.organisator.ch\\\/#website\"},\"primaryImageOfPage\":{\"@id\":\"https:\\\/\\\/www.organisator.ch\\\/sustainability\\\/2019-09-20\\\/rueckschau-2-tag-der-insekten-schweiz\\\/#primaryimage\"},\"image\":{\"@id\":\"https:\\\/\\\/www.organisator.ch\\\/sustainability\\\/2019-09-20\\\/rueckschau-2-tag-der-insekten-schweiz\\\/#primaryimage\"},\"thumbnailUrl\":\"https:\\\/\\\/www.organisator.ch\\\/wp-content\\\/uploads\\\/2019\\\/09\\\/Insekt.jpg\",\"datePublished\":\"2019-09-20T08:56:12+00:00\",\"dateModified\":\"2022-02-09T10:06:51+00:00\",\"description\":\"\u00dcber 300 Personen aus Forschung, Politik, Wirtschaft und Naturschutz suchten am \\\"2. Tag der Insekten Schweiz\\\" nach Massnahmen gegen das Insektensterben.\",\"breadcrumb\":{\"@id\":\"https:\\\/\\\/www.organisator.ch\\\/sustainability\\\/2019-09-20\\\/rueckschau-2-tag-der-insekten-schweiz\\\/#breadcrumb\"},\"inLanguage\":\"fr-FR\",\"potentialAction\":[{\"@type\":\"ReadAction\",\"target\":[\"https:\\\/\\\/www.organisator.ch\\\/sustainability\\\/2019-09-20\\\/rueckschau-2-tag-der-insekten-schweiz\\\/\"]}]},{\"@type\":\"ImageObject\",\"inLanguage\":\"fr-FR\",\"@id\":\"https:\\\/\\\/www.organisator.ch\\\/sustainability\\\/2019-09-20\\\/rueckschau-2-tag-der-insekten-schweiz\\\/#primaryimage\",\"url\":\"https:\\\/\\\/www.organisator.ch\\\/wp-content\\\/uploads\\\/2019\\\/09\\\/Insekt.jpg\",\"contentUrl\":\"https:\\\/\\\/www.organisator.ch\\\/wp-content\\\/uploads\\\/2019\\\/09\\\/Insekt.jpg\",\"width\":2048,\"height\":1367,\"caption\":\"In der Schweiz zeigen die Roten Listen, dass \u00fcber 40 Prozent der Insektenarten gef\u00e4hrdet und 5 Prozent bereits ausgestorben sind. In manchen deutschsprachigen Gebieten ist ihre Anzahl um \u00fcber 70 Prozent zur\u00fcckgegangen, wurden zahlreiche Teilnehmende am \\\"2. Tag der Insekten Schweiz\\\" informiert. (Bild: Insect Respect)\"},{\"@type\":\"BreadcrumbList\",\"@id\":\"https:\\\/\\\/www.organisator.ch\\\/sustainability\\\/2019-09-20\\\/rueckschau-2-tag-der-insekten-schweiz\\\/#breadcrumb\",\"itemListElement\":[{\"@type\":\"ListItem\",\"position\":1,\"name\":\"Home\",\"item\":\"https:\\\/\\\/www.organisator.ch\\\/\"},{\"@type\":\"ListItem\",\"position\":2,\"name\":\"R\u00fcckschau: &#8222;2. Tag der Insekten Schweiz&#8220;\"}]},{\"@type\":\"WebSite\",\"@id\":\"https:\\\/\\\/www.organisator.ch\\\/#website\",\"url\":\"https:\\\/\\\/www.organisator.ch\\\/\",\"name\":\"Organisator\",\"description\":\"Kompetent. Praxisnah. Der ORGANISATOR bereitet in 10 Ausgaben pro Jahr die wesentlichen Themen f\u00fcr F\u00fchrungskr\u00e4fte von KMU auf.\",\"publisher\":{\"@id\":\"https:\\\/\\\/www.organisator.ch\\\/#organization\"},\"potentialAction\":[{\"@type\":\"SearchAction\",\"target\":{\"@type\":\"EntryPoint\",\"urlTemplate\":\"https:\\\/\\\/www.organisator.ch\\\/?s={search_term_string}\"},\"query-input\":{\"@type\":\"PropertyValueSpecification\",\"valueRequired\":true,\"valueName\":\"search_term_string\"}}],\"inLanguage\":\"fr-FR\"},{\"@type\":\"Organization\",\"@id\":\"https:\\\/\\\/www.organisator.ch\\\/#organization\",\"name\":\"Organisator\",\"url\":\"https:\\\/\\\/www.organisator.ch\\\/\",\"logo\":{\"@type\":\"ImageObject\",\"inLanguage\":\"fr-FR\",\"@id\":\"https:\\\/\\\/www.organisator.ch\\\/#\\\/schema\\\/logo\\\/image\\\/\",\"url\":\"https:\\\/\\\/www.organisator.ch\\\/wp-content\\\/uploads\\\/2022\\\/01\\\/Logo_Organisator_Website.png\",\"contentUrl\":\"https:\\\/\\\/www.organisator.ch\\\/wp-content\\\/uploads\\\/2022\\\/01\\\/Logo_Organisator_Website.png\",\"width\":800,\"height\":77,\"caption\":\"Organisator\"},\"image\":{\"@id\":\"https:\\\/\\\/www.organisator.ch\\\/#\\\/schema\\\/logo\\\/image\\\/\"},\"sameAs\":[\"https:\\\/\\\/www.facebook.com\\\/OrganisatorFachmagazin\",\"https:\\\/\\\/www.linkedin.com\\\/showcase\\\/organisator-das-magazin-fr-kmu\",\"https:\\\/\\\/www.xing.com\\\/news\\\/pages\\\/organisator-ch-695\",\"https:\\\/\\\/www.youtube.com\\\/channel\\\/UCGP2Sq0iWaZwT3BdIAQFYpw\"]},{\"@type\":\"Person\",\"@id\":\"https:\\\/\\\/www.organisator.ch\\\/#\\\/schema\\\/person\\\/134708ca9321c57b0362cceb7948ffbd\",\"name\":\"michael.merz\",\"image\":{\"@type\":\"ImageObject\",\"inLanguage\":\"fr-FR\",\"@id\":\"https:\\\/\\\/secure.gravatar.com\\\/avatar\\\/?s=96&d=mm&r=g\",\"url\":\"https:\\\/\\\/secure.gravatar.com\\\/avatar\\\/?s=96&d=mm&r=g\",\"contentUrl\":\"https:\\\/\\\/secure.gravatar.com\\\/avatar\\\/?s=96&d=mm&r=g\",\"caption\":\"michael.merz\"},\"url\":\"https:\\\/\\\/www.organisator.ch\\\/fr\\\/author\\\/michael-merz\\\/\"}]}<\/script>\n<!-- \/ Yoast SEO plugin. -->","yoast_head_json":{"title":"R\u00e9trospective : \"2e Journ\u00e9e Suisse des Insectes\" - Organisateur","description":"Plus de 300 personnes issues de la recherche, de la politique, de l'\u00e9conomie et de la protection de la nature ont cherch\u00e9 des mesures contre la disparition des insectes lors de la \"2e Journ\u00e9e suisse des insectes\".","robots":{"index":"index","follow":"follow","max-snippet":"max-snippet:-1","max-image-preview":"max-image-preview:large","max-video-preview":"max-video-preview:-1"},"canonical":"https:\/\/www.organisator.ch\/fr\/sustainability\/2019-09-20\/rueckschau-2-tag-der-insekten-schweiz\/","og_locale":"fr_FR","og_type":"article","og_title":"R\u00fcckschau: \"2. Tag der Insekten Schweiz\" - Organisator","og_description":"\u00dcber 300 Personen aus Forschung, Politik, Wirtschaft und Naturschutz suchten am \"2. Tag der Insekten Schweiz\" nach Massnahmen gegen das Insektensterben.","og_url":"https:\/\/www.organisator.ch\/fr\/sustainability\/2019-09-20\/rueckschau-2-tag-der-insekten-schweiz\/","og_site_name":"Organisator","article_publisher":"https:\/\/www.facebook.com\/OrganisatorFachmagazin","article_published_time":"2019-09-20T08:56:12+00:00","article_modified_time":"2022-02-09T10:06:51+00:00","og_image":[{"width":2048,"height":1367,"url":"https:\/\/www.organisator.ch\/wp-content\/uploads\/2019\/09\/Insekt.jpg","type":"image\/jpeg"}],"author":"michael.merz","twitter_card":"summary_large_image","schema":{"@context":"https:\/\/schema.org","@graph":[{"@type":"Article","@id":"https:\/\/www.organisator.ch\/sustainability\/2019-09-20\/rueckschau-2-tag-der-insekten-schweiz\/#article","isPartOf":{"@id":"https:\/\/www.organisator.ch\/sustainability\/2019-09-20\/rueckschau-2-tag-der-insekten-schweiz\/"},"author":{"name":"michael.merz","@id":"https:\/\/www.organisator.ch\/#\/schema\/person\/134708ca9321c57b0362cceb7948ffbd"},"headline":"R\u00fcckschau: &#8222;2. Tag der Insekten Schweiz&#8220;","datePublished":"2019-09-20T08:56:12+00:00","dateModified":"2022-02-09T10:06:51+00:00","mainEntityOfPage":{"@id":"https:\/\/www.organisator.ch\/sustainability\/2019-09-20\/rueckschau-2-tag-der-insekten-schweiz\/"},"wordCount":708,"commentCount":0,"publisher":{"@id":"https:\/\/www.organisator.ch\/#organization"},"image":{"@id":"https:\/\/www.organisator.ch\/sustainability\/2019-09-20\/rueckschau-2-tag-der-insekten-schweiz\/#primaryimage"},"thumbnailUrl":"https:\/\/www.organisator.ch\/wp-content\/uploads\/2019\/09\/Insekt.jpg","keywords":["Biodiversit\u00e4t","Fachtagung","Insektensterben","Massnahmen","Schweiz"],"articleSection":["SUSTAINABILITY"],"inLanguage":"fr-FR"},{"@type":"WebPage","@id":"https:\/\/www.organisator.ch\/sustainability\/2019-09-20\/rueckschau-2-tag-der-insekten-schweiz\/","url":"https:\/\/www.organisator.ch\/sustainability\/2019-09-20\/rueckschau-2-tag-der-insekten-schweiz\/","name":"R\u00e9trospective : \"2e Journ\u00e9e Suisse des Insectes\" - Organisateur","isPartOf":{"@id":"https:\/\/www.organisator.ch\/#website"},"primaryImageOfPage":{"@id":"https:\/\/www.organisator.ch\/sustainability\/2019-09-20\/rueckschau-2-tag-der-insekten-schweiz\/#primaryimage"},"image":{"@id":"https:\/\/www.organisator.ch\/sustainability\/2019-09-20\/rueckschau-2-tag-der-insekten-schweiz\/#primaryimage"},"thumbnailUrl":"https:\/\/www.organisator.ch\/wp-content\/uploads\/2019\/09\/Insekt.jpg","datePublished":"2019-09-20T08:56:12+00:00","dateModified":"2022-02-09T10:06:51+00:00","description":"Plus de 300 personnes issues de la recherche, de la politique, de l'\u00e9conomie et de la protection de la nature ont cherch\u00e9 des mesures contre la disparition des insectes lors de la \"2e Journ\u00e9e suisse des insectes\".","breadcrumb":{"@id":"https:\/\/www.organisator.ch\/sustainability\/2019-09-20\/rueckschau-2-tag-der-insekten-schweiz\/#breadcrumb"},"inLanguage":"fr-FR","potentialAction":[{"@type":"ReadAction","target":["https:\/\/www.organisator.ch\/sustainability\/2019-09-20\/rueckschau-2-tag-der-insekten-schweiz\/"]}]},{"@type":"ImageObject","inLanguage":"fr-FR","@id":"https:\/\/www.organisator.ch\/sustainability\/2019-09-20\/rueckschau-2-tag-der-insekten-schweiz\/#primaryimage","url":"https:\/\/www.organisator.ch\/wp-content\/uploads\/2019\/09\/Insekt.jpg","contentUrl":"https:\/\/www.organisator.ch\/wp-content\/uploads\/2019\/09\/Insekt.jpg","width":2048,"height":1367,"caption":"In der Schweiz zeigen die Roten Listen, dass \u00fcber 40 Prozent der Insektenarten gef\u00e4hrdet und 5 Prozent bereits ausgestorben sind. In manchen deutschsprachigen Gebieten ist ihre Anzahl um \u00fcber 70 Prozent zur\u00fcckgegangen, wurden zahlreiche Teilnehmende am \"2. Tag der Insekten Schweiz\" informiert. (Bild: Insect Respect)"},{"@type":"BreadcrumbList","@id":"https:\/\/www.organisator.ch\/sustainability\/2019-09-20\/rueckschau-2-tag-der-insekten-schweiz\/#breadcrumb","itemListElement":[{"@type":"ListItem","position":1,"name":"Home","item":"https:\/\/www.organisator.ch\/"},{"@type":"ListItem","position":2,"name":"R\u00fcckschau: &#8222;2. Tag der Insekten Schweiz&#8220;"}]},{"@type":"WebSite","@id":"https:\/\/www.organisator.ch\/#website","url":"https:\/\/www.organisator.ch\/","name":"Organisateur","description":"Comp\u00e9tence et comp\u00e9tence. Proches de la pratique. L'ORGANISATEUR pr\u00e9pare 10 num\u00e9ros par an sur les th\u00e8mes essentiels pour les dirigeants de PME.","publisher":{"@id":"https:\/\/www.organisator.ch\/#organization"},"potentialAction":[{"@type":"SearchAction","target":{"@type":"EntryPoint","urlTemplate":"https:\/\/www.organisator.ch\/?s={search_term_string}"},"query-input":{"@type":"PropertyValueSpecification","valueRequired":true,"valueName":"search_term_string"}}],"inLanguage":"fr-FR"},{"@type":"Organization","@id":"https:\/\/www.organisator.ch\/#organization","name":"Organisateur","url":"https:\/\/www.organisator.ch\/","logo":{"@type":"ImageObject","inLanguage":"fr-FR","@id":"https:\/\/www.organisator.ch\/#\/schema\/logo\/image\/","url":"https:\/\/www.organisator.ch\/wp-content\/uploads\/2022\/01\/Logo_Organisator_Website.png","contentUrl":"https:\/\/www.organisator.ch\/wp-content\/uploads\/2022\/01\/Logo_Organisator_Website.png","width":800,"height":77,"caption":"Organisator"},"image":{"@id":"https:\/\/www.organisator.ch\/#\/schema\/logo\/image\/"},"sameAs":["https:\/\/www.facebook.com\/OrganisatorFachmagazin","https:\/\/www.linkedin.com\/showcase\/organisator-das-magazin-fr-kmu","https:\/\/www.xing.com\/news\/pages\/organisator-ch-695","https:\/\/www.youtube.com\/channel\/UCGP2Sq0iWaZwT3BdIAQFYpw"]},{"@type":"Person","@id":"https:\/\/www.organisator.ch\/#\/schema\/person\/134708ca9321c57b0362cceb7948ffbd","name":"michael.merz","image":{"@type":"ImageObject","inLanguage":"fr-FR","@id":"https:\/\/secure.gravatar.com\/avatar\/?s=96&d=mm&r=g","url":"https:\/\/secure.gravatar.com\/avatar\/?s=96&d=mm&r=g","contentUrl":"https:\/\/secure.gravatar.com\/avatar\/?s=96&d=mm&r=g","caption":"michael.merz"},"url":"https:\/\/www.organisator.ch\/fr\/author\/michael-merz\/"}]}},"_links":{"self":[{"href":"https:\/\/www.organisator.ch\/fr\/wp-json\/wp\/v2\/posts\/2478","targetHints":{"allow":["GET"]}}],"collection":[{"href":"https:\/\/www.organisator.ch\/fr\/wp-json\/wp\/v2\/posts"}],"about":[{"href":"https:\/\/www.organisator.ch\/fr\/wp-json\/wp\/v2\/types\/post"}],"author":[{"embeddable":true,"href":"https:\/\/www.organisator.ch\/fr\/wp-json\/wp\/v2\/users\/5"}],"replies":[{"embeddable":true,"href":"https:\/\/www.organisator.ch\/fr\/wp-json\/wp\/v2\/comments?post=2478"}],"version-history":[{"count":1,"href":"https:\/\/www.organisator.ch\/fr\/wp-json\/wp\/v2\/posts\/2478\/revisions"}],"predecessor-version":[{"id":10693,"href":"https:\/\/www.organisator.ch\/fr\/wp-json\/wp\/v2\/posts\/2478\/revisions\/10693"}],"wp:featuredmedia":[{"embeddable":true,"href":"https:\/\/www.organisator.ch\/fr\/wp-json\/wp\/v2\/media\/2479"}],"wp:attachment":[{"href":"https:\/\/www.organisator.ch\/fr\/wp-json\/wp\/v2\/media?parent=2478"}],"wp:term":[{"taxonomy":"category","embeddable":true,"href":"https:\/\/www.organisator.ch\/fr\/wp-json\/wp\/v2\/categories?post=2478"},{"taxonomy":"post_tag","embeddable":true,"href":"https:\/\/www.organisator.ch\/fr\/wp-json\/wp\/v2\/tags?post=2478"}],"curies":[{"name":"wp","href":"https:\/\/api.w.org\/{rel}","templated":true}]}}