{"id":24782,"date":"2024-02-05T14:43:34","date_gmt":"2024-02-05T13:43:34","guid":{"rendered":"https:\/\/www.organisator.ch\/?p=24782"},"modified":"2024-02-05T14:43:34","modified_gmt":"2024-02-05T13:43:34","slug":"schweizer-ma-markt-mit-weniger-fusionen-und-uebernahmen","status":"publish","type":"post","link":"https:\/\/www.organisator.ch\/fr\/management\/2024-02-05\/schweizer-ma-markt-mit-weniger-fusionen-und-uebernahmen\/","title":{"rendered":"Le march\u00e9 suisse des fusions-acquisitions avec moins de fusions et d'acquisitions"},"content":{"rendered":"<figure id=\"attachment_24784\" aria-describedby=\"caption-attachment-24784\" style=\"width: 680px\" class=\"wp-caption alignnone\"><img loading=\"lazy\" decoding=\"async\" class=\"size-full wp-image-24784\" src=\"https:\/\/www.organisator.ch\/wp-content\/uploads\/2024\/02\/KMPG_Bild1_ps.jpg\" alt=\"\" width=\"680\" height=\"454\" srcset=\"https:\/\/www.organisator.ch\/wp-content\/uploads\/2024\/02\/KMPG_Bild1_ps.jpg 680w, https:\/\/www.organisator.ch\/wp-content\/uploads\/2024\/02\/KMPG_Bild1_ps-18x12.jpg 18w, https:\/\/www.organisator.ch\/wp-content\/uploads\/2024\/02\/KMPG_Bild1_ps-375x250.jpg 375w, https:\/\/www.organisator.ch\/wp-content\/uploads\/2024\/02\/KMPG_Bild1_ps-524x350.jpg 524w\" sizes=\"auto, (max-width: 680px) 100vw, 680px\" \/><figcaption id=\"caption-attachment-24784\" class=\"wp-caption-text\">Avec 484 fusions et acquisitions l'ann\u00e9e derni\u00e8re, 25% de transactions de moins qu'en 2022 ont \u00e9t\u00e9 r\u00e9alis\u00e9es. (Image : www.depositphotos.com)<\/figcaption><\/figure>\n<p>\"La baisse du nombre de deals par rapport aux deux ann\u00e9es record pr\u00e9c\u00e9dentes est principalement li\u00e9e \u00e0 la hausse des taux d'int\u00e9r\u00eat et \u00e0 l'incertitude \u00e9conomique accrue\", explique Timo Knak, responsable Deal Advisory chez KPMG Suisse. La forte baisse de pr\u00e8s de la moiti\u00e9 du volume des deals, de 138,5 milliards de dollars en 2022 \u00e0 72,2 milliards de dollars en 2023, est en outre frappante. Pour l'ann\u00e9e en cours, KPMG Deal Advisory s'attend \u00e0 une l\u00e9g\u00e8re tendance \u00e0 la hausse.<\/p>\n<h3><strong>Le secteur des biens industriels est le plus actif<\/strong><\/h3>\n<p>20% de toutes les transactions ont \u00e9t\u00e9 r\u00e9alis\u00e9es en 2023 dans le secteur des biens industriels, qui a enregistr\u00e9 98 transactions et un volume d'affaires d'environ 6 milliards de dollars. Pour la premi\u00e8re fois depuis le d\u00e9but de la crise de la Corona, l'industrie rel\u00e8gue ainsi le secteur des t\u00e9l\u00e9communications, des m\u00e9dias et des technologies (TMT) \u00e0 la deuxi\u00e8me place des secteurs les plus actifs sur le march\u00e9 des fusions et acquisitions. En 2023, le secteur TMT a enregistr\u00e9 76 transactions et un volume de deals d'un peu plus de 1,1 milliard de dollars, soit nettement moins d'activit\u00e9 que l'ann\u00e9e pr\u00e9c\u00e9dente avec 124 transactions et un volume de pr\u00e8s de 15 milliards de dollars. En troisi\u00e8me position, on retrouve comme l'ann\u00e9e pr\u00e9c\u00e9dente le secteur pharmaceutique et des sciences de la vie, avec 72 deals et un volume de pr\u00e8s de 25 milliards de dollars.<\/p>\n<p>Il convient de noter la part plus faible des fusions et acquisitions avec participation de private equity : alors que les soci\u00e9t\u00e9s de participation \u00e9taient impliqu\u00e9es dans environ un tiers des transactions les ann\u00e9es pr\u00e9c\u00e9dentes, elles \u00e9taient moins d'un quart en 2023. De plus, le volume des transactions de ce groupe d'investisseurs se situe \u00e0 son niveau le plus bas depuis dix ans, avec 4,8 milliards de dollars (ann\u00e9e pr\u00e9c\u00e9dente : 35 milliards de dollars). \"En raison du contexte \u00e9conomique difficile, de nombreux investisseurs en private equity se sont concentr\u00e9s l'an dernier sur l'optimisation de leur portefeuille existant. De plus, les attentes de prix des vendeurs et des acheteurs n'ont souvent pas co\u00efncid\u00e9, ce qui est la condition de base d'un march\u00e9 M&amp;A actif\", explique Timo Knak.\u00a0<\/p>\n<h3><strong>Le rachat du CS parmi les plus importantes transactions M&amp;A suisses<\/strong><\/h3>\n<p>Avec 51 milliards de dollars du volume total des transactions, les dix fusions et acquisitions les plus importantes ont repr\u00e9sent\u00e9 environ 70% en 2023. Le rachat du Cr\u00e9dit Suisse par UBS a attir\u00e9 le plus l'attention du public. Celle-ci reste toutefois modeste par rapport \u00e0 sa taille, avec environ 3,5 milliards de dollars. La transaction la plus importante a \u00e9t\u00e9 la vente de l'entreprise agricole Vittera par Glencore au groupe agricole Bunge pour 17,3 milliards de dollars, La troisi\u00e8me place est occup\u00e9e par Glencore, cette fois-ci du c\u00f4t\u00e9 de l'acheteur de la division charbon d'acier Elk Valley Resources de Teck Resources pour environ 6.9 milliards de dollars.\u00a0<\/p>\n<figure id=\"attachment_24785\" aria-describedby=\"caption-attachment-24785\" style=\"width: 680px\" class=\"wp-caption alignnone\"><img loading=\"lazy\" decoding=\"async\" class=\"size-full wp-image-24785\" src=\"https:\/\/www.organisator.ch\/wp-content\/uploads\/2024\/02\/de-top-ch-ma-transactions-2023_Bild2_ps.jpg\" alt=\"\" width=\"680\" height=\"481\" srcset=\"https:\/\/www.organisator.ch\/wp-content\/uploads\/2024\/02\/de-top-ch-ma-transactions-2023_Bild2_ps.jpg 680w, https:\/\/www.organisator.ch\/wp-content\/uploads\/2024\/02\/de-top-ch-ma-transactions-2023_Bild2_ps-18x12.jpg 18w, https:\/\/www.organisator.ch\/wp-content\/uploads\/2024\/02\/de-top-ch-ma-transactions-2023_Bild2_ps-375x265.jpg 375w, https:\/\/www.organisator.ch\/wp-content\/uploads\/2024\/02\/de-top-ch-ma-transactions-2023_Bild2_ps-495x350.jpg 495w\" sizes=\"auto, (max-width: 680px) 100vw, 680px\" \/><figcaption id=\"caption-attachment-24785\" class=\"wp-caption-text\">Les dix plus grandes transactions avec participation suisse en 2023. (Image : www.kmpg.ch)<\/figcaption><\/figure>\n<h3><strong>Les entreprises suisses sont de fervents acheteurs \u00e0 l'\u00e9tranger<\/strong><\/h3>\n<p>Contrairement \u00e0 l'id\u00e9e re\u00e7ue selon laquelle les entreprises suisses seraient de plus en plus rachet\u00e9es par des entreprises \u00e9trang\u00e8res, les donn\u00e9es montrent une autre image : les entreprises suisses ont acquis des entreprises ou des parts d'entreprises \u00e9trang\u00e8res dans 216 cas (45% de toutes les transactions), tandis que les entreprises \u00e9trang\u00e8res ont repris des entreprises ou des parts d'entreprises suisses dans 118 cas (24% des transactions). Les transactions nationales (Suisse\/Suisse) ont repr\u00e9sent\u00e9 86 deals, soit pr\u00e8s d'un cinqui\u00e8me de toutes les transactions. Environ 13% de toutes les transactions sont dues \u00e0 des transactions \u00e9trang\u00e8res avec des vendeurs suisses (64 deals).<\/p>\n<h3><strong>Perspectives d'avenir : L'informatique de plus en plus au centre des fusions et acquisitions<\/strong><\/h3>\n<p>Pour l'ann\u00e9e en cours, Timo Knak s'attend \u00e0 ce que tant l'activit\u00e9 M&amp;A que le volume des transactions augmentent \u00e0 nouveau l\u00e9g\u00e8rement. \"Les fusions et acquisitions restent un sujet strat\u00e9giquement important\", explique Knak. Aux yeux de l'expert, la complexit\u00e9 des fusions et des acquisitions va toutefois continuer \u00e0 augmenter, non seulement en raison des exigences accrues en mati\u00e8re de durabilit\u00e9, mais aussi en raison des \u00e9volutions technologiques. \"Les environnements informatiques des entreprises deviennent de plus en plus complexes, notamment en raison de l'\u00e9mergence de l'intelligence artificielle. Cette \u00e9volution a \u00e9galement des r\u00e9percussions sur les transactions\", explique Knak. \"D'une part, l'importance de l'IT Due Diligence avant une transaction augmente afin d'identifier \u00e0 temps les risques tels que les vuln\u00e9rabilit\u00e9s du syst\u00e8me et les atteintes \u00e0 la protection des donn\u00e9es. D'autre part, les parties concern\u00e9es doivent s'assurer, tant lors d'acquisitions que de scissions, que le processus d'int\u00e9gration ou de scission ne provoque pas d'interruption des processus commerciaux critiques. Une gestion efficace de ces aspects informatiques est donc essentielle pour \u00e9viter les mauvaises surprises\".<\/p>\n<p><em>Source : <a href=\"http:\/\/www.kpmg.ch\">www.kpmg.ch<\/a><\/em><\/p>","protected":false},"excerpt":{"rendered":"<p>Avec 484 fusions et acquisitions l'ann\u00e9e derni\u00e8re, 25% de transactions de moins qu'en 2022 ont \u00e9t\u00e9 r\u00e9alis\u00e9es. L'activit\u00e9 de fusions et d'acquisitions a ainsi retrouv\u00e9 sa moyenne \u00e0 long terme.<\/p>","protected":false},"author":58,"featured_media":24784,"comment_status":"closed","ping_status":"closed","sticky":false,"template":"","format":"standard","meta":{"_acf_changed":false,"_yoast_wpseo_focuskw":"M&A-Markt","_yoast_wpseo_metadesc":"Mit 484 Fusionen und \u00dcbernahmen wurden letztes Jahr 25% weniger Transaktionen als 2022 vollzogen. Damit hat sich die M&A-Aktivit\u00e4t wieder in Richtung langj\u00e4hriger Durchschnitt bewegt.","articlekey":"","footnotes":""},"categories":[28],"tags":[4084,334,424,492],"class_list":["post-24782","post","type-post","status-publish","format-standard","has-post-thumbnail","hentry","category-management","tag-ma-markt","tag-management","tag-schweiz","tag-unternehmen"],"acf":[],"yoast_head":"<!-- This site is optimized with the Yoast SEO plugin v27.4 - https:\/\/yoast.com\/product\/yoast-seo-wordpress\/ -->\n<title>Schweizer M&amp;A-Markt mit weniger Fusionen und \u00dcbernahmen - Organisator<\/title>\n<meta name=\"description\" content=\"Mit 484 Fusionen und \u00dcbernahmen wurden letztes Jahr 25% weniger Transaktionen als 2022 vollzogen. Damit hat sich die M&amp;A-Aktivit\u00e4t wieder in Richtung langj\u00e4hriger Durchschnitt bewegt.\" \/>\n<meta name=\"robots\" content=\"index, follow, max-snippet:-1, max-image-preview:large, max-video-preview:-1\" \/>\n<link rel=\"canonical\" href=\"https:\/\/www.organisator.ch\/fr\/gestion-2\/2024-02-05\/schweizer-ma-markt-mit-weniger-fusionen-und-uebernahmen\/\" \/>\n<meta property=\"og:locale\" content=\"fr_FR\" \/>\n<meta property=\"og:type\" content=\"article\" \/>\n<meta property=\"og:title\" content=\"Schweizer M&amp;A-Markt mit weniger Fusionen und \u00dcbernahmen\" \/>\n<meta property=\"og:description\" content=\"Mit 484 Fusionen und \u00dcbernahmen wurden letztes Jahr 25% weniger Transaktionen als 2022 vollzogen. Damit hat sich die M&amp;A-Aktivit\u00e4t wieder in Richtung langj\u00e4hriger Durchschnitt bewegt.\" \/>\n<meta property=\"og:url\" content=\"https:\/\/www.organisator.ch\/fr\/gestion-2\/2024-02-05\/schweizer-ma-markt-mit-weniger-fusionen-und-uebernahmen\/\" \/>\n<meta property=\"og:site_name\" content=\"Organisator\" \/>\n<meta property=\"article:publisher\" content=\"https:\/\/www.facebook.com\/OrganisatorFachmagazin\" \/>\n<meta property=\"article:published_time\" content=\"2024-02-05T13:43:34+00:00\" \/>\n<meta property=\"og:image\" content=\"https:\/\/www.organisator.ch\/wp-content\/uploads\/2024\/02\/KMPG_Bild1_ps.jpg\" \/>\n\t<meta property=\"og:image:width\" content=\"680\" \/>\n\t<meta property=\"og:image:height\" content=\"454\" \/>\n\t<meta property=\"og:image:type\" content=\"image\/jpeg\" \/>\n<meta name=\"author\" content=\"Adelisa Kalajdzini\" \/>\n<meta name=\"twitter:card\" content=\"summary_large_image\" \/>\n<meta name=\"twitter:title\" content=\"Schweizer M&amp;A-Markt mit weniger Fusionen und \u00dcbernahmen\" \/>\n<meta name=\"twitter:description\" content=\"Mit 484 #Fusionen und #\u00dcbernahmen wurden letztes Jahr 25% weniger #Transaktionen als 2022 vollzogen. Damit hat sich die M&amp;A-Aktivit\u00e4t wieder in Richtung langj\u00e4hriger #Durchschnitt bewegt.\" \/>\n<meta name=\"twitter:image\" content=\"https:\/\/www.organisator.ch\/wp-content\/uploads\/2024\/02\/KMPG_Bild1_ps.jpg\" \/>\n<script type=\"application\/ld+json\" class=\"yoast-schema-graph\">{\"@context\":\"https:\\\/\\\/schema.org\",\"@graph\":[{\"@type\":\"Article\",\"@id\":\"https:\\\/\\\/www.organisator.ch\\\/management\\\/2024-02-05\\\/schweizer-ma-markt-mit-weniger-fusionen-und-uebernahmen\\\/#article\",\"isPartOf\":{\"@id\":\"https:\\\/\\\/www.organisator.ch\\\/management\\\/2024-02-05\\\/schweizer-ma-markt-mit-weniger-fusionen-und-uebernahmen\\\/\"},\"author\":{\"name\":\"Adelisa Kalajdzini\",\"@id\":\"https:\\\/\\\/www.organisator.ch\\\/#\\\/schema\\\/person\\\/2e1314a2172123f874db408d8911d3f3\"},\"headline\":\"Schweizer M&#038;A-Markt mit weniger Fusionen und \u00dcbernahmen\",\"datePublished\":\"2024-02-05T13:43:34+00:00\",\"mainEntityOfPage\":{\"@id\":\"https:\\\/\\\/www.organisator.ch\\\/management\\\/2024-02-05\\\/schweizer-ma-markt-mit-weniger-fusionen-und-uebernahmen\\\/\"},\"wordCount\":738,\"publisher\":{\"@id\":\"https:\\\/\\\/www.organisator.ch\\\/#organization\"},\"image\":{\"@id\":\"https:\\\/\\\/www.organisator.ch\\\/management\\\/2024-02-05\\\/schweizer-ma-markt-mit-weniger-fusionen-und-uebernahmen\\\/#primaryimage\"},\"thumbnailUrl\":\"https:\\\/\\\/www.organisator.ch\\\/wp-content\\\/uploads\\\/2024\\\/02\\\/KMPG_Bild1_ps.jpg\",\"keywords\":[\"M&amp;A Markt\",\"Management\",\"Schweiz\",\"Unternehmen\"],\"articleSection\":[\"MANAGEMENT\"],\"inLanguage\":\"fr-FR\"},{\"@type\":\"WebPage\",\"@id\":\"https:\\\/\\\/www.organisator.ch\\\/management\\\/2024-02-05\\\/schweizer-ma-markt-mit-weniger-fusionen-und-uebernahmen\\\/\",\"url\":\"https:\\\/\\\/www.organisator.ch\\\/management\\\/2024-02-05\\\/schweizer-ma-markt-mit-weniger-fusionen-und-uebernahmen\\\/\",\"name\":\"Schweizer M&A-Markt mit weniger Fusionen und \u00dcbernahmen - Organisator\",\"isPartOf\":{\"@id\":\"https:\\\/\\\/www.organisator.ch\\\/#website\"},\"primaryImageOfPage\":{\"@id\":\"https:\\\/\\\/www.organisator.ch\\\/management\\\/2024-02-05\\\/schweizer-ma-markt-mit-weniger-fusionen-und-uebernahmen\\\/#primaryimage\"},\"image\":{\"@id\":\"https:\\\/\\\/www.organisator.ch\\\/management\\\/2024-02-05\\\/schweizer-ma-markt-mit-weniger-fusionen-und-uebernahmen\\\/#primaryimage\"},\"thumbnailUrl\":\"https:\\\/\\\/www.organisator.ch\\\/wp-content\\\/uploads\\\/2024\\\/02\\\/KMPG_Bild1_ps.jpg\",\"datePublished\":\"2024-02-05T13:43:34+00:00\",\"description\":\"Mit 484 Fusionen und \u00dcbernahmen wurden letztes Jahr 25% weniger Transaktionen als 2022 vollzogen. Damit hat sich die M&A-Aktivit\u00e4t wieder in Richtung langj\u00e4hriger Durchschnitt bewegt.\",\"breadcrumb\":{\"@id\":\"https:\\\/\\\/www.organisator.ch\\\/management\\\/2024-02-05\\\/schweizer-ma-markt-mit-weniger-fusionen-und-uebernahmen\\\/#breadcrumb\"},\"inLanguage\":\"fr-FR\",\"potentialAction\":[{\"@type\":\"ReadAction\",\"target\":[\"https:\\\/\\\/www.organisator.ch\\\/management\\\/2024-02-05\\\/schweizer-ma-markt-mit-weniger-fusionen-und-uebernahmen\\\/\"]}]},{\"@type\":\"ImageObject\",\"inLanguage\":\"fr-FR\",\"@id\":\"https:\\\/\\\/www.organisator.ch\\\/management\\\/2024-02-05\\\/schweizer-ma-markt-mit-weniger-fusionen-und-uebernahmen\\\/#primaryimage\",\"url\":\"https:\\\/\\\/www.organisator.ch\\\/wp-content\\\/uploads\\\/2024\\\/02\\\/KMPG_Bild1_ps.jpg\",\"contentUrl\":\"https:\\\/\\\/www.organisator.ch\\\/wp-content\\\/uploads\\\/2024\\\/02\\\/KMPG_Bild1_ps.jpg\",\"width\":680,\"height\":454,\"caption\":\"Mit 484 Fusionen und \u00dcbernahmen wurden letztes Jahr 25% weniger Transaktionen als 2022 vollzogen. (Bild: www.depositphotos.com)\"},{\"@type\":\"BreadcrumbList\",\"@id\":\"https:\\\/\\\/www.organisator.ch\\\/management\\\/2024-02-05\\\/schweizer-ma-markt-mit-weniger-fusionen-und-uebernahmen\\\/#breadcrumb\",\"itemListElement\":[{\"@type\":\"ListItem\",\"position\":1,\"name\":\"Home\",\"item\":\"https:\\\/\\\/www.organisator.ch\\\/\"},{\"@type\":\"ListItem\",\"position\":2,\"name\":\"Schweizer M&#038;A-Markt mit weniger Fusionen und \u00dcbernahmen\"}]},{\"@type\":\"WebSite\",\"@id\":\"https:\\\/\\\/www.organisator.ch\\\/#website\",\"url\":\"https:\\\/\\\/www.organisator.ch\\\/\",\"name\":\"Organisator\",\"description\":\"Kompetent. Praxisnah. Der ORGANISATOR bereitet in 10 Ausgaben pro Jahr die wesentlichen Themen f\u00fcr F\u00fchrungskr\u00e4fte von KMU auf.\",\"publisher\":{\"@id\":\"https:\\\/\\\/www.organisator.ch\\\/#organization\"},\"potentialAction\":[{\"@type\":\"SearchAction\",\"target\":{\"@type\":\"EntryPoint\",\"urlTemplate\":\"https:\\\/\\\/www.organisator.ch\\\/?s={search_term_string}\"},\"query-input\":{\"@type\":\"PropertyValueSpecification\",\"valueRequired\":true,\"valueName\":\"search_term_string\"}}],\"inLanguage\":\"fr-FR\"},{\"@type\":\"Organization\",\"@id\":\"https:\\\/\\\/www.organisator.ch\\\/#organization\",\"name\":\"Organisator\",\"url\":\"https:\\\/\\\/www.organisator.ch\\\/\",\"logo\":{\"@type\":\"ImageObject\",\"inLanguage\":\"fr-FR\",\"@id\":\"https:\\\/\\\/www.organisator.ch\\\/#\\\/schema\\\/logo\\\/image\\\/\",\"url\":\"https:\\\/\\\/www.organisator.ch\\\/wp-content\\\/uploads\\\/2022\\\/01\\\/Logo_Organisator_Website.png\",\"contentUrl\":\"https:\\\/\\\/www.organisator.ch\\\/wp-content\\\/uploads\\\/2022\\\/01\\\/Logo_Organisator_Website.png\",\"width\":800,\"height\":77,\"caption\":\"Organisator\"},\"image\":{\"@id\":\"https:\\\/\\\/www.organisator.ch\\\/#\\\/schema\\\/logo\\\/image\\\/\"},\"sameAs\":[\"https:\\\/\\\/www.facebook.com\\\/OrganisatorFachmagazin\",\"https:\\\/\\\/www.linkedin.com\\\/showcase\\\/organisator-das-magazin-fr-kmu\",\"https:\\\/\\\/www.xing.com\\\/news\\\/pages\\\/organisator-ch-695\",\"https:\\\/\\\/www.youtube.com\\\/channel\\\/UCGP2Sq0iWaZwT3BdIAQFYpw\"]},{\"@type\":\"Person\",\"@id\":\"https:\\\/\\\/www.organisator.ch\\\/#\\\/schema\\\/person\\\/2e1314a2172123f874db408d8911d3f3\",\"name\":\"Adelisa Kalajdzini\",\"image\":{\"@type\":\"ImageObject\",\"inLanguage\":\"fr-FR\",\"@id\":\"https:\\\/\\\/secure.gravatar.com\\\/avatar\\\/09a397c22ac58cad6f160ee8306348599df9df58a8ede73696226897b9fa4b24?s=96&d=mm&r=g\",\"url\":\"https:\\\/\\\/secure.gravatar.com\\\/avatar\\\/09a397c22ac58cad6f160ee8306348599df9df58a8ede73696226897b9fa4b24?s=96&d=mm&r=g\",\"contentUrl\":\"https:\\\/\\\/secure.gravatar.com\\\/avatar\\\/09a397c22ac58cad6f160ee8306348599df9df58a8ede73696226897b9fa4b24?s=96&d=mm&r=g\",\"caption\":\"Adelisa Kalajdzini\"},\"url\":\"https:\\\/\\\/www.organisator.ch\\\/fr\\\/author\\\/adelisa-kalajdzini\\\/\"}]}<\/script>\n<!-- \/ Yoast SEO plugin. -->","yoast_head_json":{"title":"Le march\u00e9 suisse des fusions-acquisitions avec moins de fusions et d'acquisitions - Organisateur","description":"Avec 484 fusions et acquisitions l'ann\u00e9e derni\u00e8re, 25% de transactions de moins qu'en 2022 ont \u00e9t\u00e9 r\u00e9alis\u00e9es. L'activit\u00e9 de fusions et d'acquisitions a ainsi retrouv\u00e9 sa moyenne \u00e0 long terme.","robots":{"index":"index","follow":"follow","max-snippet":"max-snippet:-1","max-image-preview":"max-image-preview:large","max-video-preview":"max-video-preview:-1"},"canonical":"https:\/\/www.organisator.ch\/fr\/gestion-2\/2024-02-05\/schweizer-ma-markt-mit-weniger-fusionen-und-uebernahmen\/","og_locale":"fr_FR","og_type":"article","og_title":"Schweizer M&A-Markt mit weniger Fusionen und \u00dcbernahmen","og_description":"Mit 484 Fusionen und \u00dcbernahmen wurden letztes Jahr 25% weniger Transaktionen als 2022 vollzogen. Damit hat sich die M&A-Aktivit\u00e4t wieder in Richtung langj\u00e4hriger Durchschnitt bewegt.","og_url":"https:\/\/www.organisator.ch\/fr\/gestion-2\/2024-02-05\/schweizer-ma-markt-mit-weniger-fusionen-und-uebernahmen\/","og_site_name":"Organisator","article_publisher":"https:\/\/www.facebook.com\/OrganisatorFachmagazin","article_published_time":"2024-02-05T13:43:34+00:00","og_image":[{"width":680,"height":454,"url":"https:\/\/www.organisator.ch\/wp-content\/uploads\/2024\/02\/KMPG_Bild1_ps.jpg","type":"image\/jpeg"}],"author":"Adelisa Kalajdzini","twitter_card":"summary_large_image","twitter_title":"Schweizer M&A-Markt mit weniger Fusionen und \u00dcbernahmen","twitter_description":"Mit 484 #Fusionen und #\u00dcbernahmen wurden letztes Jahr 25% weniger #Transaktionen als 2022 vollzogen. Damit hat sich die M&A-Aktivit\u00e4t wieder in Richtung langj\u00e4hriger #Durchschnitt bewegt.","twitter_image":"https:\/\/www.organisator.ch\/wp-content\/uploads\/2024\/02\/KMPG_Bild1_ps.jpg","schema":{"@context":"https:\/\/schema.org","@graph":[{"@type":"Article","@id":"https:\/\/www.organisator.ch\/management\/2024-02-05\/schweizer-ma-markt-mit-weniger-fusionen-und-uebernahmen\/#article","isPartOf":{"@id":"https:\/\/www.organisator.ch\/management\/2024-02-05\/schweizer-ma-markt-mit-weniger-fusionen-und-uebernahmen\/"},"author":{"name":"Adelisa Kalajdzini","@id":"https:\/\/www.organisator.ch\/#\/schema\/person\/2e1314a2172123f874db408d8911d3f3"},"headline":"Schweizer M&#038;A-Markt mit weniger Fusionen und \u00dcbernahmen","datePublished":"2024-02-05T13:43:34+00:00","mainEntityOfPage":{"@id":"https:\/\/www.organisator.ch\/management\/2024-02-05\/schweizer-ma-markt-mit-weniger-fusionen-und-uebernahmen\/"},"wordCount":738,"publisher":{"@id":"https:\/\/www.organisator.ch\/#organization"},"image":{"@id":"https:\/\/www.organisator.ch\/management\/2024-02-05\/schweizer-ma-markt-mit-weniger-fusionen-und-uebernahmen\/#primaryimage"},"thumbnailUrl":"https:\/\/www.organisator.ch\/wp-content\/uploads\/2024\/02\/KMPG_Bild1_ps.jpg","keywords":["M&amp;A Markt","Management","Schweiz","Unternehmen"],"articleSection":["MANAGEMENT"],"inLanguage":"fr-FR"},{"@type":"WebPage","@id":"https:\/\/www.organisator.ch\/management\/2024-02-05\/schweizer-ma-markt-mit-weniger-fusionen-und-uebernahmen\/","url":"https:\/\/www.organisator.ch\/management\/2024-02-05\/schweizer-ma-markt-mit-weniger-fusionen-und-uebernahmen\/","name":"Le march\u00e9 suisse des fusions-acquisitions avec moins de fusions et d'acquisitions - Organisateur","isPartOf":{"@id":"https:\/\/www.organisator.ch\/#website"},"primaryImageOfPage":{"@id":"https:\/\/www.organisator.ch\/management\/2024-02-05\/schweizer-ma-markt-mit-weniger-fusionen-und-uebernahmen\/#primaryimage"},"image":{"@id":"https:\/\/www.organisator.ch\/management\/2024-02-05\/schweizer-ma-markt-mit-weniger-fusionen-und-uebernahmen\/#primaryimage"},"thumbnailUrl":"https:\/\/www.organisator.ch\/wp-content\/uploads\/2024\/02\/KMPG_Bild1_ps.jpg","datePublished":"2024-02-05T13:43:34+00:00","description":"Avec 484 fusions et acquisitions l'ann\u00e9e derni\u00e8re, 25% de transactions de moins qu'en 2022 ont \u00e9t\u00e9 r\u00e9alis\u00e9es. L'activit\u00e9 de fusions et d'acquisitions a ainsi retrouv\u00e9 sa moyenne \u00e0 long terme.","breadcrumb":{"@id":"https:\/\/www.organisator.ch\/management\/2024-02-05\/schweizer-ma-markt-mit-weniger-fusionen-und-uebernahmen\/#breadcrumb"},"inLanguage":"fr-FR","potentialAction":[{"@type":"ReadAction","target":["https:\/\/www.organisator.ch\/management\/2024-02-05\/schweizer-ma-markt-mit-weniger-fusionen-und-uebernahmen\/"]}]},{"@type":"ImageObject","inLanguage":"fr-FR","@id":"https:\/\/www.organisator.ch\/management\/2024-02-05\/schweizer-ma-markt-mit-weniger-fusionen-und-uebernahmen\/#primaryimage","url":"https:\/\/www.organisator.ch\/wp-content\/uploads\/2024\/02\/KMPG_Bild1_ps.jpg","contentUrl":"https:\/\/www.organisator.ch\/wp-content\/uploads\/2024\/02\/KMPG_Bild1_ps.jpg","width":680,"height":454,"caption":"Mit 484 Fusionen und \u00dcbernahmen wurden letztes Jahr 25% weniger Transaktionen als 2022 vollzogen. (Bild: www.depositphotos.com)"},{"@type":"BreadcrumbList","@id":"https:\/\/www.organisator.ch\/management\/2024-02-05\/schweizer-ma-markt-mit-weniger-fusionen-und-uebernahmen\/#breadcrumb","itemListElement":[{"@type":"ListItem","position":1,"name":"Home","item":"https:\/\/www.organisator.ch\/"},{"@type":"ListItem","position":2,"name":"Schweizer M&#038;A-Markt mit weniger Fusionen und \u00dcbernahmen"}]},{"@type":"WebSite","@id":"https:\/\/www.organisator.ch\/#website","url":"https:\/\/www.organisator.ch\/","name":"Organisateur","description":"Comp\u00e9tence et comp\u00e9tence. Proches de la pratique. L'ORGANISATEUR pr\u00e9pare 10 num\u00e9ros par an sur les th\u00e8mes essentiels pour les dirigeants de PME.","publisher":{"@id":"https:\/\/www.organisator.ch\/#organization"},"potentialAction":[{"@type":"SearchAction","target":{"@type":"EntryPoint","urlTemplate":"https:\/\/www.organisator.ch\/?s={search_term_string}"},"query-input":{"@type":"PropertyValueSpecification","valueRequired":true,"valueName":"search_term_string"}}],"inLanguage":"fr-FR"},{"@type":"Organization","@id":"https:\/\/www.organisator.ch\/#organization","name":"Organisateur","url":"https:\/\/www.organisator.ch\/","logo":{"@type":"ImageObject","inLanguage":"fr-FR","@id":"https:\/\/www.organisator.ch\/#\/schema\/logo\/image\/","url":"https:\/\/www.organisator.ch\/wp-content\/uploads\/2022\/01\/Logo_Organisator_Website.png","contentUrl":"https:\/\/www.organisator.ch\/wp-content\/uploads\/2022\/01\/Logo_Organisator_Website.png","width":800,"height":77,"caption":"Organisator"},"image":{"@id":"https:\/\/www.organisator.ch\/#\/schema\/logo\/image\/"},"sameAs":["https:\/\/www.facebook.com\/OrganisatorFachmagazin","https:\/\/www.linkedin.com\/showcase\/organisator-das-magazin-fr-kmu","https:\/\/www.xing.com\/news\/pages\/organisator-ch-695","https:\/\/www.youtube.com\/channel\/UCGP2Sq0iWaZwT3BdIAQFYpw"]},{"@type":"Person","@id":"https:\/\/www.organisator.ch\/#\/schema\/person\/2e1314a2172123f874db408d8911d3f3","name":"Adelisa Kalajdzini","image":{"@type":"ImageObject","inLanguage":"fr-FR","@id":"https:\/\/secure.gravatar.com\/avatar\/09a397c22ac58cad6f160ee8306348599df9df58a8ede73696226897b9fa4b24?s=96&d=mm&r=g","url":"https:\/\/secure.gravatar.com\/avatar\/09a397c22ac58cad6f160ee8306348599df9df58a8ede73696226897b9fa4b24?s=96&d=mm&r=g","contentUrl":"https:\/\/secure.gravatar.com\/avatar\/09a397c22ac58cad6f160ee8306348599df9df58a8ede73696226897b9fa4b24?s=96&d=mm&r=g","caption":"Adelisa Kalajdzini"},"url":"https:\/\/www.organisator.ch\/fr\/author\/adelisa-kalajdzini\/"}]}},"_links":{"self":[{"href":"https:\/\/www.organisator.ch\/fr\/wp-json\/wp\/v2\/posts\/24782","targetHints":{"allow":["GET"]}}],"collection":[{"href":"https:\/\/www.organisator.ch\/fr\/wp-json\/wp\/v2\/posts"}],"about":[{"href":"https:\/\/www.organisator.ch\/fr\/wp-json\/wp\/v2\/types\/post"}],"author":[{"embeddable":true,"href":"https:\/\/www.organisator.ch\/fr\/wp-json\/wp\/v2\/users\/58"}],"replies":[{"embeddable":true,"href":"https:\/\/www.organisator.ch\/fr\/wp-json\/wp\/v2\/comments?post=24782"}],"version-history":[{"count":6,"href":"https:\/\/www.organisator.ch\/fr\/wp-json\/wp\/v2\/posts\/24782\/revisions"}],"predecessor-version":[{"id":24830,"href":"https:\/\/www.organisator.ch\/fr\/wp-json\/wp\/v2\/posts\/24782\/revisions\/24830"}],"wp:featuredmedia":[{"embeddable":true,"href":"https:\/\/www.organisator.ch\/fr\/wp-json\/wp\/v2\/media\/24784"}],"wp:attachment":[{"href":"https:\/\/www.organisator.ch\/fr\/wp-json\/wp\/v2\/media?parent=24782"}],"wp:term":[{"taxonomy":"category","embeddable":true,"href":"https:\/\/www.organisator.ch\/fr\/wp-json\/wp\/v2\/categories?post=24782"},{"taxonomy":"post_tag","embeddable":true,"href":"https:\/\/www.organisator.ch\/fr\/wp-json\/wp\/v2\/tags?post=24782"}],"curies":[{"name":"wp","href":"https:\/\/api.w.org\/{rel}","templated":true}]}}