{"id":2484,"date":"2019-09-24T11:09:49","date_gmt":"2019-09-24T09:09:49","guid":{"rendered":"https:\/\/www.umweltperspektiven.ch\/?p=2484"},"modified":"2019-09-24T11:09:49","modified_gmt":"2019-09-24T09:09:49","slug":"praeventionstipps-gegen-naturgefahren","status":"publish","type":"post","link":"https:\/\/www.organisator.ch\/fr\/allgemein\/2019-09-24\/praeventionstipps-gegen-naturgefahren\/","title":{"rendered":"Conseils de pr\u00e9vention contre les dangers naturels"},"content":{"rendered":"<figure id=\"attachment_2485\" aria-describedby=\"caption-attachment-2485\" style=\"width: 680px\" class=\"wp-caption alignnone\"><img loading=\"lazy\" decoding=\"async\" class=\"size-medium wp-image-2485\" src=\"\/\/www.umweltperspektiven.ch\/wp-content\/uploads\/2019\/09\/Zurich-768x435.jpg\" alt=\"\" width=\"680\" height=\"385\" \/><figcaption id=\"caption-attachment-2485\" class=\"wp-caption-text\">Copyright : Zurich<\/figcaption><\/figure>\n<p>Qu'il s'agisse de propri\u00e9taires, d'entrepreneurs, d'architectes, de facility managers, etc., tous sont bien avis\u00e9s de se pencher sur les dangers naturels possibles en Suisse afin de r\u00e9duire ou d'\u00e9viter les dommages.<\/p>\n<p><strong>Des experts informent<\/strong><\/p>\n<p>C'est pourquoi Zurich lance, en collaboration avec divers partenaires tels que la publication sp\u00e9cialis\u00e9e SicherheitsForum, une nouvelle s\u00e9rie de manifestations sur la pr\u00e9vention des dangers naturels \u00e0 l'Umwelt-Arena de Spreitenbach. Lors de cet \u00e9v\u00e9nement, des experts de la branche et des sp\u00e9cialistes des sinistres montreront comment prot\u00e9ger ses biens immobiliers contre les dangers naturels et \u00e0 quel point un site est menac\u00e9.<\/p>\n<p>Une analyse en ligne d'un bien immobilier avec le radar des dangers naturels de la Zurich peut \u00eatre r\u00e9alis\u00e9e en cinq minutes et devrait faire partie int\u00e9grante de tout conseil FM. Lors de cette manifestation, des experts vous expliqueront comment r\u00e9aliser facilement une analyse des risques, \u00e0 quel point un site est menac\u00e9, quand les propri\u00e9taires d'ouvrages sont responsables et comment les biens immobiliers peuvent \u00eatre prot\u00e9g\u00e9s contre les dangers naturels.<\/p>\n<blockquote><p>&nbsp;<\/p>\n<p><em>L'\u00e9v\u00e9nement\u00a0<strong>Pr\u00e9vention des risques naturels<\/strong>\u00a0avec le partenaire SicherheitsForum aura lieu le jeudi,\u00a0<strong>26 septembre, 17h45<\/strong>de l'ann\u00e9e. La publication sp\u00e9cialis\u00e9e dispose d'un contingent de places r\u00e9serv\u00e9es, \u00e9galement accessibles aux lecteurs de PERSPECTIVES ENVIRONNEMENTALES.<strong>\u00a0<a href=\"\/\/change-the-picture.ch\/events\/donnerstag-26-september-2019\/\">mettre \u00e0 disposition gratuitement<\/a><\/strong>. Si la date de l'\u00e9v\u00e9nement que vous avez choisi est compl\u00e8te, envoyez un e-mail avec le mot-cl\u00e9 \"Forum de la s\u00e9curit\u00e9\" et la date souhait\u00e9e de l'\u00e9v\u00e9nement (voir sous\u00a0<a href=\"\/\/www.change-the-picture.ch\/\">www.change-the-picture.ch<\/a>) :<\/em><\/p>\n<p>contact@change-the-picture.ch<\/p><\/blockquote>\n<p>&nbsp;<\/p>","protected":false},"excerpt":{"rendered":"<p>Ob Hauseigent\u00fcmer, Unternehmer, Architekt, Facility-Manager usw., sie alle sind gut beraten, wenn sie sich mit den m\u00f6glichen Naturgefahren in der Schweiz auseinandersetzen, um Sch\u00e4den zu reduzieren oder zu verhindern. Experten informieren Aus diesem Grund startet die Zurich in Zusammenarbeit mit diversen Partnern wie beispielsweise der Fachpublikation SicherheitsForum eine neue Veranstaltungsreihe zur Naturgefahrenpr\u00e4vention in der Umwelt-Arena [&hellip;]<\/p>\n","protected":false},"author":5,"featured_media":9642,"comment_status":"open","ping_status":"open","sticky":false,"template":"","format":"standard","meta":{"_acf_changed":false,"_yoast_wpseo_focuskw":"Pr\u00e4ventionstipps","_yoast_wpseo_metadesc":"Pr\u00e4ventionstipps erhalten Sie als Leserin und Leser der UmweltPERSPEKTIVEN an einer kostenlosen Veranstaltung in der Umwelt Arena.","articlekey":"","footnotes":""},"categories":[1],"tags":[1810],"class_list":["post-2484","post","type-post","status-publish","format-standard","has-post-thumbnail","hentry","category-allgemein","tag-naturgefahren"],"acf":[],"yoast_head":"<!-- This site is optimized with the Yoast SEO plugin v27.4 - https:\/\/yoast.com\/product\/yoast-seo-wordpress\/ -->\n<title>Pr\u00e4ventionstipps gegen Naturgefahren - Organisator<\/title>\n<meta name=\"description\" content=\"Pr\u00e4ventionstipps erhalten Sie als Leserin und Leser der UmweltPERSPEKTIVEN an einer kostenlosen Veranstaltung in der Umwelt Arena.\" \/>\n<meta name=\"robots\" content=\"index, follow, max-snippet:-1, max-image-preview:large, max-video-preview:-1\" \/>\n<link rel=\"canonical\" href=\"https:\/\/www.organisator.ch\/fr\/general\/2019-09-24\/praeventionstipps-gegen-naturgefahren\/\" \/>\n<meta property=\"og:locale\" content=\"fr_FR\" \/>\n<meta property=\"og:type\" content=\"article\" \/>\n<meta property=\"og:title\" content=\"Pr\u00e4ventionstipps gegen Naturgefahren - Organisator\" \/>\n<meta property=\"og:description\" content=\"Pr\u00e4ventionstipps erhalten Sie als Leserin und Leser der UmweltPERSPEKTIVEN an einer kostenlosen Veranstaltung in der Umwelt Arena.\" \/>\n<meta property=\"og:url\" content=\"https:\/\/www.organisator.ch\/fr\/general\/2019-09-24\/praeventionstipps-gegen-naturgefahren\/\" \/>\n<meta property=\"og:site_name\" content=\"Organisator\" \/>\n<meta property=\"article:publisher\" content=\"https:\/\/www.facebook.com\/OrganisatorFachmagazin\" \/>\n<meta property=\"article:published_time\" content=\"2019-09-24T09:09:49+00:00\" \/>\n<meta property=\"og:image\" content=\"https:\/\/www.organisator.ch\/wp-content\/uploads\/2019\/09\/Zurich-768x435-1.jpg\" \/>\n\t<meta property=\"og:image:width\" content=\"768\" \/>\n\t<meta property=\"og:image:height\" content=\"435\" \/>\n\t<meta property=\"og:image:type\" content=\"image\/jpeg\" \/>\n<meta name=\"author\" content=\"michael.merz\" \/>\n<meta name=\"twitter:card\" content=\"summary_large_image\" \/>\n<script type=\"application\/ld+json\" class=\"yoast-schema-graph\">{\"@context\":\"https:\\\/\\\/schema.org\",\"@graph\":[{\"@type\":\"Article\",\"@id\":\"https:\\\/\\\/www.organisator.ch\\\/it\\\/generale\\\/2019-09-24\\\/praeventionstipps-gegen-naturgefahren\\\/#article\",\"isPartOf\":{\"@id\":\"https:\\\/\\\/www.organisator.ch\\\/it\\\/generale\\\/2019-09-24\\\/praeventionstipps-gegen-naturgefahren\\\/\"},\"author\":{\"name\":\"michael.merz\",\"@id\":\"https:\\\/\\\/www.organisator.ch\\\/#\\\/schema\\\/person\\\/134708ca9321c57b0362cceb7948ffbd\"},\"headline\":\"Pr\u00e4ventionstipps gegen Naturgefahren\",\"datePublished\":\"2019-09-24T09:09:49+00:00\",\"mainEntityOfPage\":{\"@id\":\"https:\\\/\\\/www.organisator.ch\\\/it\\\/generale\\\/2019-09-24\\\/praeventionstipps-gegen-naturgefahren\\\/\"},\"wordCount\":222,\"commentCount\":0,\"publisher\":{\"@id\":\"https:\\\/\\\/www.organisator.ch\\\/#organization\"},\"image\":{\"@id\":\"https:\\\/\\\/www.organisator.ch\\\/it\\\/generale\\\/2019-09-24\\\/praeventionstipps-gegen-naturgefahren\\\/#primaryimage\"},\"thumbnailUrl\":\"https:\\\/\\\/www.organisator.ch\\\/wp-content\\\/uploads\\\/2019\\\/09\\\/Zurich-768x435-1.jpg\",\"keywords\":[\"Naturgefahren\"],\"articleSection\":[\"Allgemein\"],\"inLanguage\":\"fr-FR\"},{\"@type\":\"WebPage\",\"@id\":\"https:\\\/\\\/www.organisator.ch\\\/it\\\/generale\\\/2019-09-24\\\/praeventionstipps-gegen-naturgefahren\\\/\",\"url\":\"https:\\\/\\\/www.organisator.ch\\\/it\\\/generale\\\/2019-09-24\\\/praeventionstipps-gegen-naturgefahren\\\/\",\"name\":\"Pr\u00e4ventionstipps gegen Naturgefahren - Organisator\",\"isPartOf\":{\"@id\":\"https:\\\/\\\/www.organisator.ch\\\/#website\"},\"primaryImageOfPage\":{\"@id\":\"https:\\\/\\\/www.organisator.ch\\\/it\\\/generale\\\/2019-09-24\\\/praeventionstipps-gegen-naturgefahren\\\/#primaryimage\"},\"image\":{\"@id\":\"https:\\\/\\\/www.organisator.ch\\\/it\\\/generale\\\/2019-09-24\\\/praeventionstipps-gegen-naturgefahren\\\/#primaryimage\"},\"thumbnailUrl\":\"https:\\\/\\\/www.organisator.ch\\\/wp-content\\\/uploads\\\/2019\\\/09\\\/Zurich-768x435-1.jpg\",\"datePublished\":\"2019-09-24T09:09:49+00:00\",\"description\":\"Pr\u00e4ventionstipps erhalten Sie als Leserin und Leser der UmweltPERSPEKTIVEN an einer kostenlosen Veranstaltung in der Umwelt Arena.\",\"breadcrumb\":{\"@id\":\"https:\\\/\\\/www.organisator.ch\\\/it\\\/generale\\\/2019-09-24\\\/praeventionstipps-gegen-naturgefahren\\\/#breadcrumb\"},\"inLanguage\":\"fr-FR\",\"potentialAction\":[{\"@type\":\"ReadAction\",\"target\":[\"https:\\\/\\\/www.organisator.ch\\\/it\\\/generale\\\/2019-09-24\\\/praeventionstipps-gegen-naturgefahren\\\/\"]}]},{\"@type\":\"ImageObject\",\"inLanguage\":\"fr-FR\",\"@id\":\"https:\\\/\\\/www.organisator.ch\\\/it\\\/generale\\\/2019-09-24\\\/praeventionstipps-gegen-naturgefahren\\\/#primaryimage\",\"url\":\"https:\\\/\\\/www.organisator.ch\\\/wp-content\\\/uploads\\\/2019\\\/09\\\/Zurich-768x435-1.jpg\",\"contentUrl\":\"https:\\\/\\\/www.organisator.ch\\\/wp-content\\\/uploads\\\/2019\\\/09\\\/Zurich-768x435-1.jpg\",\"width\":768,\"height\":435,\"caption\":\"Copyright: Zurich Versicherungen\"},{\"@type\":\"BreadcrumbList\",\"@id\":\"https:\\\/\\\/www.organisator.ch\\\/it\\\/generale\\\/2019-09-24\\\/praeventionstipps-gegen-naturgefahren\\\/#breadcrumb\",\"itemListElement\":[{\"@type\":\"ListItem\",\"position\":1,\"name\":\"Home\",\"item\":\"https:\\\/\\\/www.organisator.ch\\\/\"},{\"@type\":\"ListItem\",\"position\":2,\"name\":\"Pr\u00e4ventionstipps gegen Naturgefahren\"}]},{\"@type\":\"WebSite\",\"@id\":\"https:\\\/\\\/www.organisator.ch\\\/#website\",\"url\":\"https:\\\/\\\/www.organisator.ch\\\/\",\"name\":\"Organisator\",\"description\":\"Kompetent. Praxisnah. Der ORGANISATOR bereitet in 10 Ausgaben pro Jahr die wesentlichen Themen f\u00fcr F\u00fchrungskr\u00e4fte von KMU auf.\",\"publisher\":{\"@id\":\"https:\\\/\\\/www.organisator.ch\\\/#organization\"},\"potentialAction\":[{\"@type\":\"SearchAction\",\"target\":{\"@type\":\"EntryPoint\",\"urlTemplate\":\"https:\\\/\\\/www.organisator.ch\\\/?s={search_term_string}\"},\"query-input\":{\"@type\":\"PropertyValueSpecification\",\"valueRequired\":true,\"valueName\":\"search_term_string\"}}],\"inLanguage\":\"fr-FR\"},{\"@type\":\"Organization\",\"@id\":\"https:\\\/\\\/www.organisator.ch\\\/#organization\",\"name\":\"Organisator\",\"url\":\"https:\\\/\\\/www.organisator.ch\\\/\",\"logo\":{\"@type\":\"ImageObject\",\"inLanguage\":\"fr-FR\",\"@id\":\"https:\\\/\\\/www.organisator.ch\\\/#\\\/schema\\\/logo\\\/image\\\/\",\"url\":\"https:\\\/\\\/www.organisator.ch\\\/wp-content\\\/uploads\\\/2022\\\/01\\\/Logo_Organisator_Website.png\",\"contentUrl\":\"https:\\\/\\\/www.organisator.ch\\\/wp-content\\\/uploads\\\/2022\\\/01\\\/Logo_Organisator_Website.png\",\"width\":800,\"height\":77,\"caption\":\"Organisator\"},\"image\":{\"@id\":\"https:\\\/\\\/www.organisator.ch\\\/#\\\/schema\\\/logo\\\/image\\\/\"},\"sameAs\":[\"https:\\\/\\\/www.facebook.com\\\/OrganisatorFachmagazin\",\"https:\\\/\\\/www.linkedin.com\\\/showcase\\\/organisator-das-magazin-fr-kmu\",\"https:\\\/\\\/www.xing.com\\\/news\\\/pages\\\/organisator-ch-695\",\"https:\\\/\\\/www.youtube.com\\\/channel\\\/UCGP2Sq0iWaZwT3BdIAQFYpw\"]},{\"@type\":\"Person\",\"@id\":\"https:\\\/\\\/www.organisator.ch\\\/#\\\/schema\\\/person\\\/134708ca9321c57b0362cceb7948ffbd\",\"name\":\"michael.merz\",\"image\":{\"@type\":\"ImageObject\",\"inLanguage\":\"fr-FR\",\"@id\":\"https:\\\/\\\/secure.gravatar.com\\\/avatar\\\/?s=96&d=mm&r=g\",\"url\":\"https:\\\/\\\/secure.gravatar.com\\\/avatar\\\/?s=96&d=mm&r=g\",\"contentUrl\":\"https:\\\/\\\/secure.gravatar.com\\\/avatar\\\/?s=96&d=mm&r=g\",\"caption\":\"michael.merz\"},\"url\":\"https:\\\/\\\/www.organisator.ch\\\/fr\\\/author\\\/michael-merz\\\/\"}]}<\/script>\n<!-- \/ Yoast SEO plugin. -->","yoast_head_json":{"title":"Conseils de pr\u00e9vention contre les dangers naturels - Organisateur","description":"En tant que lectrice et lecteur de PERSPECTIVES ENVIRONNEMENT, vous recevrez des conseils de pr\u00e9vention lors d'une manifestation gratuite \u00e0 l'Umwelt Arena.","robots":{"index":"index","follow":"follow","max-snippet":"max-snippet:-1","max-image-preview":"max-image-preview:large","max-video-preview":"max-video-preview:-1"},"canonical":"https:\/\/www.organisator.ch\/fr\/general\/2019-09-24\/praeventionstipps-gegen-naturgefahren\/","og_locale":"fr_FR","og_type":"article","og_title":"Pr\u00e4ventionstipps gegen Naturgefahren - Organisator","og_description":"Pr\u00e4ventionstipps erhalten Sie als Leserin und Leser der UmweltPERSPEKTIVEN an einer kostenlosen Veranstaltung in der Umwelt Arena.","og_url":"https:\/\/www.organisator.ch\/fr\/general\/2019-09-24\/praeventionstipps-gegen-naturgefahren\/","og_site_name":"Organisator","article_publisher":"https:\/\/www.facebook.com\/OrganisatorFachmagazin","article_published_time":"2019-09-24T09:09:49+00:00","og_image":[{"width":768,"height":435,"url":"https:\/\/www.organisator.ch\/wp-content\/uploads\/2019\/09\/Zurich-768x435-1.jpg","type":"image\/jpeg"}],"author":"michael.merz","twitter_card":"summary_large_image","schema":{"@context":"https:\/\/schema.org","@graph":[{"@type":"Article","@id":"https:\/\/www.organisator.ch\/it\/generale\/2019-09-24\/praeventionstipps-gegen-naturgefahren\/#article","isPartOf":{"@id":"https:\/\/www.organisator.ch\/it\/generale\/2019-09-24\/praeventionstipps-gegen-naturgefahren\/"},"author":{"name":"michael.merz","@id":"https:\/\/www.organisator.ch\/#\/schema\/person\/134708ca9321c57b0362cceb7948ffbd"},"headline":"Pr\u00e4ventionstipps gegen Naturgefahren","datePublished":"2019-09-24T09:09:49+00:00","mainEntityOfPage":{"@id":"https:\/\/www.organisator.ch\/it\/generale\/2019-09-24\/praeventionstipps-gegen-naturgefahren\/"},"wordCount":222,"commentCount":0,"publisher":{"@id":"https:\/\/www.organisator.ch\/#organization"},"image":{"@id":"https:\/\/www.organisator.ch\/it\/generale\/2019-09-24\/praeventionstipps-gegen-naturgefahren\/#primaryimage"},"thumbnailUrl":"https:\/\/www.organisator.ch\/wp-content\/uploads\/2019\/09\/Zurich-768x435-1.jpg","keywords":["Naturgefahren"],"articleSection":["Allgemein"],"inLanguage":"fr-FR"},{"@type":"WebPage","@id":"https:\/\/www.organisator.ch\/it\/generale\/2019-09-24\/praeventionstipps-gegen-naturgefahren\/","url":"https:\/\/www.organisator.ch\/it\/generale\/2019-09-24\/praeventionstipps-gegen-naturgefahren\/","name":"Conseils de pr\u00e9vention contre les dangers naturels - Organisateur","isPartOf":{"@id":"https:\/\/www.organisator.ch\/#website"},"primaryImageOfPage":{"@id":"https:\/\/www.organisator.ch\/it\/generale\/2019-09-24\/praeventionstipps-gegen-naturgefahren\/#primaryimage"},"image":{"@id":"https:\/\/www.organisator.ch\/it\/generale\/2019-09-24\/praeventionstipps-gegen-naturgefahren\/#primaryimage"},"thumbnailUrl":"https:\/\/www.organisator.ch\/wp-content\/uploads\/2019\/09\/Zurich-768x435-1.jpg","datePublished":"2019-09-24T09:09:49+00:00","description":"En tant que lectrice et lecteur de PERSPECTIVES ENVIRONNEMENT, vous recevrez des conseils de pr\u00e9vention lors d'une manifestation gratuite \u00e0 l'Umwelt Arena.","breadcrumb":{"@id":"https:\/\/www.organisator.ch\/it\/generale\/2019-09-24\/praeventionstipps-gegen-naturgefahren\/#breadcrumb"},"inLanguage":"fr-FR","potentialAction":[{"@type":"ReadAction","target":["https:\/\/www.organisator.ch\/it\/generale\/2019-09-24\/praeventionstipps-gegen-naturgefahren\/"]}]},{"@type":"ImageObject","inLanguage":"fr-FR","@id":"https:\/\/www.organisator.ch\/it\/generale\/2019-09-24\/praeventionstipps-gegen-naturgefahren\/#primaryimage","url":"https:\/\/www.organisator.ch\/wp-content\/uploads\/2019\/09\/Zurich-768x435-1.jpg","contentUrl":"https:\/\/www.organisator.ch\/wp-content\/uploads\/2019\/09\/Zurich-768x435-1.jpg","width":768,"height":435,"caption":"Copyright: Zurich Versicherungen"},{"@type":"BreadcrumbList","@id":"https:\/\/www.organisator.ch\/it\/generale\/2019-09-24\/praeventionstipps-gegen-naturgefahren\/#breadcrumb","itemListElement":[{"@type":"ListItem","position":1,"name":"Home","item":"https:\/\/www.organisator.ch\/"},{"@type":"ListItem","position":2,"name":"Pr\u00e4ventionstipps gegen Naturgefahren"}]},{"@type":"WebSite","@id":"https:\/\/www.organisator.ch\/#website","url":"https:\/\/www.organisator.ch\/","name":"Organisateur","description":"Comp\u00e9tence et comp\u00e9tence. Proches de la pratique. L'ORGANISATEUR pr\u00e9pare 10 num\u00e9ros par an sur les th\u00e8mes essentiels pour les dirigeants de PME.","publisher":{"@id":"https:\/\/www.organisator.ch\/#organization"},"potentialAction":[{"@type":"SearchAction","target":{"@type":"EntryPoint","urlTemplate":"https:\/\/www.organisator.ch\/?s={search_term_string}"},"query-input":{"@type":"PropertyValueSpecification","valueRequired":true,"valueName":"search_term_string"}}],"inLanguage":"fr-FR"},{"@type":"Organization","@id":"https:\/\/www.organisator.ch\/#organization","name":"Organisateur","url":"https:\/\/www.organisator.ch\/","logo":{"@type":"ImageObject","inLanguage":"fr-FR","@id":"https:\/\/www.organisator.ch\/#\/schema\/logo\/image\/","url":"https:\/\/www.organisator.ch\/wp-content\/uploads\/2022\/01\/Logo_Organisator_Website.png","contentUrl":"https:\/\/www.organisator.ch\/wp-content\/uploads\/2022\/01\/Logo_Organisator_Website.png","width":800,"height":77,"caption":"Organisator"},"image":{"@id":"https:\/\/www.organisator.ch\/#\/schema\/logo\/image\/"},"sameAs":["https:\/\/www.facebook.com\/OrganisatorFachmagazin","https:\/\/www.linkedin.com\/showcase\/organisator-das-magazin-fr-kmu","https:\/\/www.xing.com\/news\/pages\/organisator-ch-695","https:\/\/www.youtube.com\/channel\/UCGP2Sq0iWaZwT3BdIAQFYpw"]},{"@type":"Person","@id":"https:\/\/www.organisator.ch\/#\/schema\/person\/134708ca9321c57b0362cceb7948ffbd","name":"michael.merz","image":{"@type":"ImageObject","inLanguage":"fr-FR","@id":"https:\/\/secure.gravatar.com\/avatar\/?s=96&d=mm&r=g","url":"https:\/\/secure.gravatar.com\/avatar\/?s=96&d=mm&r=g","contentUrl":"https:\/\/secure.gravatar.com\/avatar\/?s=96&d=mm&r=g","caption":"michael.merz"},"url":"https:\/\/www.organisator.ch\/fr\/author\/michael-merz\/"}]}},"_links":{"self":[{"href":"https:\/\/www.organisator.ch\/fr\/wp-json\/wp\/v2\/posts\/2484","targetHints":{"allow":["GET"]}}],"collection":[{"href":"https:\/\/www.organisator.ch\/fr\/wp-json\/wp\/v2\/posts"}],"about":[{"href":"https:\/\/www.organisator.ch\/fr\/wp-json\/wp\/v2\/types\/post"}],"author":[{"embeddable":true,"href":"https:\/\/www.organisator.ch\/fr\/wp-json\/wp\/v2\/users\/5"}],"replies":[{"embeddable":true,"href":"https:\/\/www.organisator.ch\/fr\/wp-json\/wp\/v2\/comments?post=2484"}],"version-history":[{"count":0,"href":"https:\/\/www.organisator.ch\/fr\/wp-json\/wp\/v2\/posts\/2484\/revisions"}],"wp:featuredmedia":[{"embeddable":true,"href":"https:\/\/www.organisator.ch\/fr\/wp-json\/wp\/v2\/media\/9642"}],"wp:attachment":[{"href":"https:\/\/www.organisator.ch\/fr\/wp-json\/wp\/v2\/media?parent=2484"}],"wp:term":[{"taxonomy":"category","embeddable":true,"href":"https:\/\/www.organisator.ch\/fr\/wp-json\/wp\/v2\/categories?post=2484"},{"taxonomy":"post_tag","embeddable":true,"href":"https:\/\/www.organisator.ch\/fr\/wp-json\/wp\/v2\/tags?post=2484"}],"curies":[{"name":"wp","href":"https:\/\/api.w.org\/{rel}","templated":true}]}}