{"id":24851,"date":"2024-02-08T10:07:07","date_gmt":"2024-02-08T09:07:07","guid":{"rendered":"https:\/\/www.m-q.ch\/?p=19227"},"modified":"2024-11-12T06:22:56","modified_gmt":"2024-11-12T05:22:56","slug":"immer-im-verteidigungsmodus","status":"publish","type":"post","link":"https:\/\/www.organisator.ch\/fr\/operational-excellence\/2024-02-08\/immer-im-verteidigungsmodus\/","title":{"rendered":"\"Toujours en mode d\u00e9fense\""},"content":{"rendered":"<figure id=\"attachment_19228\" class=\"wp-caption alignnone\" style=\"width: 680px\" aria-describedby=\"caption-attachment-19228\"><img class=\"alignnone wp-image-19228 size-full\" src=\"https:\/\/www.m-q.ch\/wp-content\/uploads\/2024\/02\/Immer-im-Verteidigungsmodus_MQ.jpg\" alt=\"Journ\u00e9es suisses de la cybers\u00e9curit\u00e9\" width=\"680\" height=\"364\" \/>\r\n<figcaption id=\"caption-attachment-19228\" class=\"wp-caption-text\">Les 20 et 21 f\u00e9vrier 2024, les Swiss Cyber Security Days se concentreront sur le th\u00e8me \"Shaping Cyber Resilience\". Le fait est que de nombreuses organisations se trouvent dans un mode de d\u00e9fense permanent. (Image : www.scsd.ch)<\/figcaption>\r\n<\/figure>\r\n<p>Il est vraiment trop facile de faciliter la t\u00e2che des pirates : Selon une \u00e9valuation de l'Institut Hasso Plattner (HPI), la suite de chiffres \"123456\" serait le mot de passe le plus populaire en Allemagne. On ne peut que supposer que la situation ne devrait pas \u00eatre tr\u00e8s diff\u00e9rente en Suisse. Ind\u00e9pendamment de cela, les cyberattaques contre les entreprises et les administrations publiques ont continu\u00e9 \u00e0 augmenter. Ainsi, la ville de Berne a \u00e9t\u00e9 attaqu\u00e9e 23 millions de fois en 2023, comme l'a r\u00e9v\u00e9l\u00e9 le maire Alec von Graffenried lors d'une conf\u00e9rence de presse en amont des Swiss Cyber Security Days. \"Nous sommes toujours en mode d\u00e9fense\", a-t-il constat\u00e9.<\/p>\r\n<h3><strong>Berne devient la \"capitale\" de la cybers\u00e9curit\u00e9<\/strong><\/h3>\r\n<p>Ce n'est pas un hasard si Berne accueille la cinqui\u00e8me \u00e9dition des Swiss Cyber Security Days (SCSD). La manifestation quitte la ville plut\u00f4t tranquille de Fribourg pour s'installer dans la ville f\u00e9d\u00e9rale et trouve sur le site d'exposition de BernEXPO un emplacement pr\u00e9destin\u00e9 pour des \u00e9v\u00e9nements combinant salon et congr\u00e8s. A cela s'ajoutent bien s\u00fbr une situation plus centrale et une meilleure accessibilit\u00e9 ainsi qu'une plus grande proximit\u00e9 avec les autorit\u00e9s f\u00e9d\u00e9rales ou les entreprises publiques (critiques pour le syst\u00e8me) comme la Poste, les CFF ou Swisscom, qui peuvent toutes devenir des \"cibles primaires\" pour les cybercriminels. De ce point de vue, Berne devient pour deux jours en f\u00e9vrier la \"capitale\" de la cybers\u00e9curit\u00e9.<\/p>\r\n<p>La possibilit\u00e9 d'une cyberattaque contre des infrastructures critiques figure donc en bonne place dans la gestion des risques de la Conf\u00e9d\u00e9ration et des cantons. Lors de la conf\u00e9rence de presse susmentionn\u00e9e, le directeur de l'\u00e9conomie bernoise Christoph Ammann a soulign\u00e9 l'importance des dommages potentiels : selon des estimations, les dommages caus\u00e9s par les cyberattaques s'\u00e9l\u00e8vent \u00e0 environ 5 % du PIB d'un Etat, soit environ 200 milliards de francs pour la Suisse. \"C'est pourquoi tout le monde est appel\u00e9 \u00e0 prendre des mesures pr\u00e9ventives. Cela vaut pour les grandes entreprises comme pour les PME\", a d\u00e9clar\u00e9 Christoph Ammann.<\/p>\r\n<h3><strong>Innovant, mais pas en mati\u00e8re de cybers\u00e9curit\u00e9<\/strong><\/h3>\r\n<p>Et c'est justement au niveau de ces pr\u00e9cautions que la Suisse est en retard. L'ancienne conseill\u00e8re nationale et actuelle pr\u00e9sidente des Swiss Cyber Security Days regrette que la Suisse, pays le plus innovant au monde, ne se classe qu'en 42e position du Global Cyber Security Index - derri\u00e8re la Mac\u00e9doine du Nord et devant le Ghana. \"La Suisse doit faire mieux\", affirme Fiala. Les SCSD veulent donc apporter leur contribution pour y parvenir. Le monde politique a \u00e9galement reconnu l'urgence d'agir. Le fait que la Suisse dispose depuis le 1er janvier 2024 d'un secr\u00e9tariat d'\u00c9tat pour la cybers\u00e9curit\u00e9 est un pas important, selon Fiala.<\/p>\r\n<p>Mais m\u00eame si la cybercriminalit\u00e9 fait d\u00e9sormais partie des principaux risques, au m\u00eame titre que le changement climatique et les p\u00e9nuries d'\u00e9nergie, la prise de conscience du probl\u00e8me n'est pas encore la m\u00eame partout. L'externalisation du probl\u00e8me est sous-estim\u00e9e, comme l'a soulign\u00e9 le conseiller d'Etat Christoph Ammann. En transf\u00e9rant simplement les donn\u00e9es dans le cloud, on ne gagne pas forc\u00e9ment en s\u00e9curit\u00e9. Le canton de Berne, par exemple, renonce \u00e0 un cloud, mais stocke ses donn\u00e9es sur les serveurs de sa propre entreprise. Mais la cybermenace lib\u00e8re aussi des forces : ainsi, lors des SCSD, la direction de l'\u00e9conomie bernoise se pr\u00e9sente pour la premi\u00e8re fois ensemble avec la direction de la s\u00e9curit\u00e9. \"C'est une premi\u00e8re\", explique Christoph Ammann.<\/p>\r\n<h3><strong>Un programme largement soutenu<\/strong><\/h3>\r\n<p>\u00c0 quoi les visiteurs peuvent-ils s'attendre lors des SCSD ? Il y aura une \"Main Stage\" avec des expos\u00e9s d'experts nationaux et internationaux. Ainsi, le ministre ukrainien de la transformation num\u00e9rique, Georgii Dubynskyi, parlera des exp\u00e9riences actuelles de son gouvernement en mati\u00e8re de cyberd\u00e9fense en temps de guerre. Christian-Marc Lifl\u00e4nder, chef de la section de cyberd\u00e9fense de l'OTAN, discutera du th\u00e8me \"Le cyberespace en tant que domaine de guerre : utilisation de la cyberd\u00e9fense comme \u00e9l\u00e9ment indissociable de la d\u00e9fense collective au sein de l'OTAN\". C\u00f4t\u00e9 suisse, Nicolas Mayencourt et Marc K. Peter analyseront la situation cybern\u00e9tique locale et le pr\u00e9sident de l'EPFZ Jo\u00ebl Mesot expliquera des pistes sur ce que la recherche et l'innovation peuvent apporter contre la cybercriminalit\u00e9.<\/p>\r\n<p>La sc\u00e8ne dite \"tech\" abordera des th\u00e8mes tels que le m\u00e9tavers : Le m\u00e9tavers relie le monde r\u00e9el au monde virtuel. L'engouement pour le m\u00e9tavers est-il d\u00e9j\u00e0 retomb\u00e9 ou la technologie est-elle enfin pr\u00eate \u00e0 faire ses preuves en tant que technologie d'avenir ? Sebastian Kl\u00f6ss (Bitkom) et Fabian Wicki (Haute \u00e9cole sp\u00e9cialis\u00e9e du Nord-Ouest de la Suisse) se pencheront sur cette question. Un projet d'\u00e9tudiants de l'ETH sera \u00e9galement pr\u00e9sent\u00e9 : la Cyber Clinic pour les PME. Cette initiative se veut un pont entre la recherche et l'\u00e9conomie. Elle a pour but d'am\u00e9liorer la situation en mati\u00e8re de cybers\u00e9curit\u00e9 des organisations suisses mal desservies, comme justement les PME, mais aussi les grandes ONG.<\/p>\r\n<p>En outre, quelque 80 exposants seront pr\u00e9sents avec diff\u00e9rentes solutions pour am\u00e9liorer la cybers\u00e9curit\u00e9. Ils pr\u00e9senteront eux aussi leurs applications sous forme de brefs expos\u00e9s lors de deux \"Best Practice Stages\".<\/p>\r\n<p><em>Pour plus d'informations sur le programme, voir <a href=\"http:\/\/www.scsd.ch\/\">www.scsd.ch<\/a><\/em><\/p>\n<p class=\"syndicated-attribution\">Cet article est paru initialement sur m-q.ch - <a href=\"https:\/\/www.m-q.ch\/de\/immer-im-verteidigungsmodus\/\" target=\"_blank\">https:\/\/www.m-q.ch\/de\/immer-im-verteidigungsmodus\/<\/a><\/p>","protected":false},"excerpt":{"rendered":"<p>Le th\u00e8me de la cybers\u00e9curit\u00e9 ne laisse d\u00e9sormais plus personne indiff\u00e9rent. Dans ce contexte, les Swiss Cyber Security Days, qui auront lieu les 20 et 21 f\u00e9vrier 2024 \u00e0 Berne, veulent continuer \u00e0 sensibiliser \u00e0 ce sujet et pr\u00e9senter des solutions concr\u00e8tes pour une meilleure cyber-r\u00e9silience. Lors d'une conf\u00e9rence de presse, des repr\u00e9sentants de l'organisation du salon ainsi que de l'\u00e9conomie et de la politique ont donn\u00e9 des informations sur l'\u00e9v\u00e9nement.<\/p>","protected":false},"author":8,"featured_media":0,"comment_status":"closed","ping_status":"closed","sticky":false,"template":"","format":"standard","meta":{"_acf_changed":false,"_yoast_wpseo_focuskw":"Swiss Cyber Security Days","_yoast_wpseo_metadesc":"Swiss Cyber Security Days 2024: Fokus auf Cybersicherheit und Resilienz. Keynotes von nationalen und internationalen Experten.","articlekey":"","footnotes":""},"categories":[582],"tags":[608,193,418],"class_list":["post-24851","post","type-post","status-publish","format-standard","hentry","category-operational-excellence","tag-cybersicherheit","tag-fachkongressfachmesse","tag-risikomanagement"],"acf":[],"yoast_head":"<!-- This site is optimized with the Yoast SEO plugin v27.4 - https:\/\/yoast.com\/product\/yoast-seo-wordpress\/ -->\n<title>\u00abImmer im Verteidigungsmodus\u00bb - Organisator<\/title>\n<meta name=\"description\" content=\"Swiss Cyber Security Days 2024: Fokus auf Cybersicherheit und Resilienz. Keynotes von nationalen und internationalen Experten.\" \/>\n<meta name=\"robots\" content=\"index, follow, max-snippet:-1, max-image-preview:large, max-video-preview:-1\" \/>\n<link rel=\"canonical\" href=\"https:\/\/www.organisator.ch\/fr\/excellence-operationnelle\/2024-02-08\/immer-im-verteidigungsmodus\/\" \/>\n<meta property=\"og:locale\" content=\"fr_FR\" \/>\n<meta property=\"og:type\" content=\"article\" \/>\n<meta property=\"og:title\" content=\"\u00abImmer im Verteidigungsmodus\u00bb - Organisator\" \/>\n<meta property=\"og:description\" content=\"Swiss Cyber Security Days 2024: Fokus auf Cybersicherheit und Resilienz. Keynotes von nationalen und internationalen Experten.\" \/>\n<meta property=\"og:url\" content=\"https:\/\/www.organisator.ch\/fr\/excellence-operationnelle\/2024-02-08\/immer-im-verteidigungsmodus\/\" \/>\n<meta property=\"og:site_name\" content=\"Organisator\" \/>\n<meta property=\"article:publisher\" content=\"https:\/\/www.facebook.com\/OrganisatorFachmagazin\" \/>\n<meta property=\"article:published_time\" content=\"2024-02-08T09:07:07+00:00\" \/>\n<meta property=\"article:modified_time\" content=\"2024-11-12T05:22:56+00:00\" \/>\n<meta property=\"og:image\" content=\"https:\/\/www.m-q.ch\/wp-content\/uploads\/2024\/02\/Immer-im-Verteidigungsmodus_MQ.jpg\" \/>\n<meta name=\"author\" content=\"galledia\" \/>\n<meta name=\"twitter:card\" content=\"summary_large_image\" \/>\n<meta name=\"twitter:creator\" content=\"@admin\" \/>\n<script type=\"application\/ld+json\" class=\"yoast-schema-graph\">{\"@context\":\"https:\\\/\\\/schema.org\",\"@graph\":[{\"@type\":\"Article\",\"@id\":\"https:\\\/\\\/www.organisator.ch\\\/operational-excellence\\\/2024-02-08\\\/immer-im-verteidigungsmodus\\\/#article\",\"isPartOf\":{\"@id\":\"https:\\\/\\\/www.organisator.ch\\\/operational-excellence\\\/2024-02-08\\\/immer-im-verteidigungsmodus\\\/\"},\"author\":{\"name\":\"galledia\",\"@id\":\"https:\\\/\\\/www.organisator.ch\\\/#\\\/schema\\\/person\\\/4e51799071cd2dd1232ac003643ef5f0\"},\"headline\":\"\u00abImmer im Verteidigungsmodus\u00bb\",\"datePublished\":\"2024-02-08T09:07:07+00:00\",\"dateModified\":\"2024-11-12T05:22:56+00:00\",\"mainEntityOfPage\":{\"@id\":\"https:\\\/\\\/www.organisator.ch\\\/operational-excellence\\\/2024-02-08\\\/immer-im-verteidigungsmodus\\\/\"},\"wordCount\":769,\"publisher\":{\"@id\":\"https:\\\/\\\/www.organisator.ch\\\/#organization\"},\"image\":{\"@id\":\"https:\\\/\\\/www.organisator.ch\\\/operational-excellence\\\/2024-02-08\\\/immer-im-verteidigungsmodus\\\/#primaryimage\"},\"thumbnailUrl\":\"https:\\\/\\\/www.m-q.ch\\\/wp-content\\\/uploads\\\/2024\\\/02\\\/Immer-im-Verteidigungsmodus_MQ.jpg\",\"keywords\":[\"Cybersicherheit\",\"Fachkongress\\\/Fachmesse\",\"Risikomanagement\"],\"articleSection\":[\"OPERATIONAL EXCELLENCE\"],\"inLanguage\":\"fr-FR\"},{\"@type\":\"WebPage\",\"@id\":\"https:\\\/\\\/www.organisator.ch\\\/operational-excellence\\\/2024-02-08\\\/immer-im-verteidigungsmodus\\\/\",\"url\":\"https:\\\/\\\/www.organisator.ch\\\/operational-excellence\\\/2024-02-08\\\/immer-im-verteidigungsmodus\\\/\",\"name\":\"\u00abImmer im Verteidigungsmodus\u00bb - Organisator\",\"isPartOf\":{\"@id\":\"https:\\\/\\\/www.organisator.ch\\\/#website\"},\"primaryImageOfPage\":{\"@id\":\"https:\\\/\\\/www.organisator.ch\\\/operational-excellence\\\/2024-02-08\\\/immer-im-verteidigungsmodus\\\/#primaryimage\"},\"image\":{\"@id\":\"https:\\\/\\\/www.organisator.ch\\\/operational-excellence\\\/2024-02-08\\\/immer-im-verteidigungsmodus\\\/#primaryimage\"},\"thumbnailUrl\":\"https:\\\/\\\/www.m-q.ch\\\/wp-content\\\/uploads\\\/2024\\\/02\\\/Immer-im-Verteidigungsmodus_MQ.jpg\",\"datePublished\":\"2024-02-08T09:07:07+00:00\",\"dateModified\":\"2024-11-12T05:22:56+00:00\",\"description\":\"Swiss Cyber Security Days 2024: Fokus auf Cybersicherheit und Resilienz. Keynotes von nationalen und internationalen Experten.\",\"breadcrumb\":{\"@id\":\"https:\\\/\\\/www.organisator.ch\\\/operational-excellence\\\/2024-02-08\\\/immer-im-verteidigungsmodus\\\/#breadcrumb\"},\"inLanguage\":\"fr-FR\",\"potentialAction\":[{\"@type\":\"ReadAction\",\"target\":[\"https:\\\/\\\/www.organisator.ch\\\/operational-excellence\\\/2024-02-08\\\/immer-im-verteidigungsmodus\\\/\"]}]},{\"@type\":\"ImageObject\",\"inLanguage\":\"fr-FR\",\"@id\":\"https:\\\/\\\/www.organisator.ch\\\/operational-excellence\\\/2024-02-08\\\/immer-im-verteidigungsmodus\\\/#primaryimage\",\"url\":\"https:\\\/\\\/www.m-q.ch\\\/wp-content\\\/uploads\\\/2024\\\/02\\\/Immer-im-Verteidigungsmodus_MQ.jpg\",\"contentUrl\":\"https:\\\/\\\/www.m-q.ch\\\/wp-content\\\/uploads\\\/2024\\\/02\\\/Immer-im-Verteidigungsmodus_MQ.jpg\"},{\"@type\":\"BreadcrumbList\",\"@id\":\"https:\\\/\\\/www.organisator.ch\\\/operational-excellence\\\/2024-02-08\\\/immer-im-verteidigungsmodus\\\/#breadcrumb\",\"itemListElement\":[{\"@type\":\"ListItem\",\"position\":1,\"name\":\"Home\",\"item\":\"https:\\\/\\\/www.organisator.ch\\\/\"},{\"@type\":\"ListItem\",\"position\":2,\"name\":\"\u00abImmer im Verteidigungsmodus\u00bb\"}]},{\"@type\":\"WebSite\",\"@id\":\"https:\\\/\\\/www.organisator.ch\\\/#website\",\"url\":\"https:\\\/\\\/www.organisator.ch\\\/\",\"name\":\"Organisator\",\"description\":\"Kompetent. Praxisnah. Der ORGANISATOR bereitet in 10 Ausgaben pro Jahr die wesentlichen Themen f\u00fcr F\u00fchrungskr\u00e4fte von KMU auf.\",\"publisher\":{\"@id\":\"https:\\\/\\\/www.organisator.ch\\\/#organization\"},\"potentialAction\":[{\"@type\":\"SearchAction\",\"target\":{\"@type\":\"EntryPoint\",\"urlTemplate\":\"https:\\\/\\\/www.organisator.ch\\\/?s={search_term_string}\"},\"query-input\":{\"@type\":\"PropertyValueSpecification\",\"valueRequired\":true,\"valueName\":\"search_term_string\"}}],\"inLanguage\":\"fr-FR\"},{\"@type\":\"Organization\",\"@id\":\"https:\\\/\\\/www.organisator.ch\\\/#organization\",\"name\":\"Organisator\",\"url\":\"https:\\\/\\\/www.organisator.ch\\\/\",\"logo\":{\"@type\":\"ImageObject\",\"inLanguage\":\"fr-FR\",\"@id\":\"https:\\\/\\\/www.organisator.ch\\\/#\\\/schema\\\/logo\\\/image\\\/\",\"url\":\"https:\\\/\\\/www.organisator.ch\\\/wp-content\\\/uploads\\\/2022\\\/01\\\/Logo_Organisator_Website.png\",\"contentUrl\":\"https:\\\/\\\/www.organisator.ch\\\/wp-content\\\/uploads\\\/2022\\\/01\\\/Logo_Organisator_Website.png\",\"width\":800,\"height\":77,\"caption\":\"Organisator\"},\"image\":{\"@id\":\"https:\\\/\\\/www.organisator.ch\\\/#\\\/schema\\\/logo\\\/image\\\/\"},\"sameAs\":[\"https:\\\/\\\/www.facebook.com\\\/OrganisatorFachmagazin\",\"https:\\\/\\\/www.linkedin.com\\\/showcase\\\/organisator-das-magazin-fr-kmu\",\"https:\\\/\\\/www.xing.com\\\/news\\\/pages\\\/organisator-ch-695\",\"https:\\\/\\\/www.youtube.com\\\/channel\\\/UCGP2Sq0iWaZwT3BdIAQFYpw\"]},{\"@type\":\"Person\",\"@id\":\"https:\\\/\\\/www.organisator.ch\\\/#\\\/schema\\\/person\\\/4e51799071cd2dd1232ac003643ef5f0\",\"name\":\"galledia\",\"image\":{\"@type\":\"ImageObject\",\"inLanguage\":\"fr-FR\",\"@id\":\"https:\\\/\\\/secure.gravatar.com\\\/avatar\\\/78a7f90c01fc2bfc875782a0d4922b37cde2cf184ce347b91316d23cd7f69a36?s=96&d=mm&r=g\",\"url\":\"https:\\\/\\\/secure.gravatar.com\\\/avatar\\\/78a7f90c01fc2bfc875782a0d4922b37cde2cf184ce347b91316d23cd7f69a36?s=96&d=mm&r=g\",\"contentUrl\":\"https:\\\/\\\/secure.gravatar.com\\\/avatar\\\/78a7f90c01fc2bfc875782a0d4922b37cde2cf184ce347b91316d23cd7f69a36?s=96&d=mm&r=g\",\"caption\":\"galledia\"},\"sameAs\":[\"https:\\\/\\\/x.com\\\/admin\"],\"url\":\"https:\\\/\\\/www.organisator.ch\\\/fr\\\/author\\\/galledia\\\/\"}]}<\/script>\n<!-- \/ Yoast SEO plugin. -->","yoast_head_json":{"title":"\"Toujours en mode d\u00e9fense\" - organisateur","description":"Swiss Cyber Security Days 2024 : focus sur la cybers\u00e9curit\u00e9 et la r\u00e9silience. Keynotes d'experts nationaux et internationaux.","robots":{"index":"index","follow":"follow","max-snippet":"max-snippet:-1","max-image-preview":"max-image-preview:large","max-video-preview":"max-video-preview:-1"},"canonical":"https:\/\/www.organisator.ch\/fr\/excellence-operationnelle\/2024-02-08\/immer-im-verteidigungsmodus\/","og_locale":"fr_FR","og_type":"article","og_title":"\u00abImmer im Verteidigungsmodus\u00bb - Organisator","og_description":"Swiss Cyber Security Days 2024: Fokus auf Cybersicherheit und Resilienz. Keynotes von nationalen und internationalen Experten.","og_url":"https:\/\/www.organisator.ch\/fr\/excellence-operationnelle\/2024-02-08\/immer-im-verteidigungsmodus\/","og_site_name":"Organisator","article_publisher":"https:\/\/www.facebook.com\/OrganisatorFachmagazin","article_published_time":"2024-02-08T09:07:07+00:00","article_modified_time":"2024-11-12T05:22:56+00:00","og_image":[{"url":"https:\/\/www.m-q.ch\/wp-content\/uploads\/2024\/02\/Immer-im-Verteidigungsmodus_MQ.jpg","type":"","width":"","height":""}],"author":"galledia","twitter_card":"summary_large_image","twitter_creator":"@admin","schema":{"@context":"https:\/\/schema.org","@graph":[{"@type":"Article","@id":"https:\/\/www.organisator.ch\/operational-excellence\/2024-02-08\/immer-im-verteidigungsmodus\/#article","isPartOf":{"@id":"https:\/\/www.organisator.ch\/operational-excellence\/2024-02-08\/immer-im-verteidigungsmodus\/"},"author":{"name":"galledia","@id":"https:\/\/www.organisator.ch\/#\/schema\/person\/4e51799071cd2dd1232ac003643ef5f0"},"headline":"\u00abImmer im Verteidigungsmodus\u00bb","datePublished":"2024-02-08T09:07:07+00:00","dateModified":"2024-11-12T05:22:56+00:00","mainEntityOfPage":{"@id":"https:\/\/www.organisator.ch\/operational-excellence\/2024-02-08\/immer-im-verteidigungsmodus\/"},"wordCount":769,"publisher":{"@id":"https:\/\/www.organisator.ch\/#organization"},"image":{"@id":"https:\/\/www.organisator.ch\/operational-excellence\/2024-02-08\/immer-im-verteidigungsmodus\/#primaryimage"},"thumbnailUrl":"https:\/\/www.m-q.ch\/wp-content\/uploads\/2024\/02\/Immer-im-Verteidigungsmodus_MQ.jpg","keywords":["Cybersicherheit","Fachkongress\/Fachmesse","Risikomanagement"],"articleSection":["OPERATIONAL EXCELLENCE"],"inLanguage":"fr-FR"},{"@type":"WebPage","@id":"https:\/\/www.organisator.ch\/operational-excellence\/2024-02-08\/immer-im-verteidigungsmodus\/","url":"https:\/\/www.organisator.ch\/operational-excellence\/2024-02-08\/immer-im-verteidigungsmodus\/","name":"\"Toujours en mode d\u00e9fense\" - organisateur","isPartOf":{"@id":"https:\/\/www.organisator.ch\/#website"},"primaryImageOfPage":{"@id":"https:\/\/www.organisator.ch\/operational-excellence\/2024-02-08\/immer-im-verteidigungsmodus\/#primaryimage"},"image":{"@id":"https:\/\/www.organisator.ch\/operational-excellence\/2024-02-08\/immer-im-verteidigungsmodus\/#primaryimage"},"thumbnailUrl":"https:\/\/www.m-q.ch\/wp-content\/uploads\/2024\/02\/Immer-im-Verteidigungsmodus_MQ.jpg","datePublished":"2024-02-08T09:07:07+00:00","dateModified":"2024-11-12T05:22:56+00:00","description":"Swiss Cyber Security Days 2024 : focus sur la cybers\u00e9curit\u00e9 et la r\u00e9silience. Keynotes d'experts nationaux et internationaux.","breadcrumb":{"@id":"https:\/\/www.organisator.ch\/operational-excellence\/2024-02-08\/immer-im-verteidigungsmodus\/#breadcrumb"},"inLanguage":"fr-FR","potentialAction":[{"@type":"ReadAction","target":["https:\/\/www.organisator.ch\/operational-excellence\/2024-02-08\/immer-im-verteidigungsmodus\/"]}]},{"@type":"ImageObject","inLanguage":"fr-FR","@id":"https:\/\/www.organisator.ch\/operational-excellence\/2024-02-08\/immer-im-verteidigungsmodus\/#primaryimage","url":"https:\/\/www.m-q.ch\/wp-content\/uploads\/2024\/02\/Immer-im-Verteidigungsmodus_MQ.jpg","contentUrl":"https:\/\/www.m-q.ch\/wp-content\/uploads\/2024\/02\/Immer-im-Verteidigungsmodus_MQ.jpg"},{"@type":"BreadcrumbList","@id":"https:\/\/www.organisator.ch\/operational-excellence\/2024-02-08\/immer-im-verteidigungsmodus\/#breadcrumb","itemListElement":[{"@type":"ListItem","position":1,"name":"Home","item":"https:\/\/www.organisator.ch\/"},{"@type":"ListItem","position":2,"name":"\u00abImmer im Verteidigungsmodus\u00bb"}]},{"@type":"WebSite","@id":"https:\/\/www.organisator.ch\/#website","url":"https:\/\/www.organisator.ch\/","name":"Organisateur","description":"Comp\u00e9tence et comp\u00e9tence. Proches de la pratique. L'ORGANISATEUR pr\u00e9pare 10 num\u00e9ros par an sur les th\u00e8mes essentiels pour les dirigeants de PME.","publisher":{"@id":"https:\/\/www.organisator.ch\/#organization"},"potentialAction":[{"@type":"SearchAction","target":{"@type":"EntryPoint","urlTemplate":"https:\/\/www.organisator.ch\/?s={search_term_string}"},"query-input":{"@type":"PropertyValueSpecification","valueRequired":true,"valueName":"search_term_string"}}],"inLanguage":"fr-FR"},{"@type":"Organization","@id":"https:\/\/www.organisator.ch\/#organization","name":"Organisateur","url":"https:\/\/www.organisator.ch\/","logo":{"@type":"ImageObject","inLanguage":"fr-FR","@id":"https:\/\/www.organisator.ch\/#\/schema\/logo\/image\/","url":"https:\/\/www.organisator.ch\/wp-content\/uploads\/2022\/01\/Logo_Organisator_Website.png","contentUrl":"https:\/\/www.organisator.ch\/wp-content\/uploads\/2022\/01\/Logo_Organisator_Website.png","width":800,"height":77,"caption":"Organisator"},"image":{"@id":"https:\/\/www.organisator.ch\/#\/schema\/logo\/image\/"},"sameAs":["https:\/\/www.facebook.com\/OrganisatorFachmagazin","https:\/\/www.linkedin.com\/showcase\/organisator-das-magazin-fr-kmu","https:\/\/www.xing.com\/news\/pages\/organisator-ch-695","https:\/\/www.youtube.com\/channel\/UCGP2Sq0iWaZwT3BdIAQFYpw"]},{"@type":"Person","@id":"https:\/\/www.organisator.ch\/#\/schema\/person\/4e51799071cd2dd1232ac003643ef5f0","name":"galledia","image":{"@type":"ImageObject","inLanguage":"fr-FR","@id":"https:\/\/secure.gravatar.com\/avatar\/78a7f90c01fc2bfc875782a0d4922b37cde2cf184ce347b91316d23cd7f69a36?s=96&d=mm&r=g","url":"https:\/\/secure.gravatar.com\/avatar\/78a7f90c01fc2bfc875782a0d4922b37cde2cf184ce347b91316d23cd7f69a36?s=96&d=mm&r=g","contentUrl":"https:\/\/secure.gravatar.com\/avatar\/78a7f90c01fc2bfc875782a0d4922b37cde2cf184ce347b91316d23cd7f69a36?s=96&d=mm&r=g","caption":"galledia"},"sameAs":["https:\/\/x.com\/admin"],"url":"https:\/\/www.organisator.ch\/fr\/author\/galledia\/"}]}},"_links":{"self":[{"href":"https:\/\/www.organisator.ch\/fr\/wp-json\/wp\/v2\/posts\/24851","targetHints":{"allow":["GET"]}}],"collection":[{"href":"https:\/\/www.organisator.ch\/fr\/wp-json\/wp\/v2\/posts"}],"about":[{"href":"https:\/\/www.organisator.ch\/fr\/wp-json\/wp\/v2\/types\/post"}],"author":[{"embeddable":true,"href":"https:\/\/www.organisator.ch\/fr\/wp-json\/wp\/v2\/users\/8"}],"replies":[{"embeddable":true,"href":"https:\/\/www.organisator.ch\/fr\/wp-json\/wp\/v2\/comments?post=24851"}],"version-history":[{"count":4,"href":"https:\/\/www.organisator.ch\/fr\/wp-json\/wp\/v2\/posts\/24851\/revisions"}],"predecessor-version":[{"id":32505,"href":"https:\/\/www.organisator.ch\/fr\/wp-json\/wp\/v2\/posts\/24851\/revisions\/32505"}],"wp:attachment":[{"href":"https:\/\/www.organisator.ch\/fr\/wp-json\/wp\/v2\/media?parent=24851"}],"wp:term":[{"taxonomy":"category","embeddable":true,"href":"https:\/\/www.organisator.ch\/fr\/wp-json\/wp\/v2\/categories?post=24851"},{"taxonomy":"post_tag","embeddable":true,"href":"https:\/\/www.organisator.ch\/fr\/wp-json\/wp\/v2\/tags?post=24851"}],"curies":[{"name":"wp","href":"https:\/\/api.w.org\/{rel}","templated":true}]}}