{"id":2508,"date":"2019-10-01T11:52:41","date_gmt":"2019-10-01T09:52:41","guid":{"rendered":"https:\/\/www.umweltperspektiven.ch\/?p=2508"},"modified":"2022-02-09T11:06:16","modified_gmt":"2022-02-09T10:06:16","slug":"wasserstoffproduktion-ostschweiz-ag-gegruendet","status":"publish","type":"post","link":"https:\/\/www.organisator.ch\/fr\/sustainability\/2019-10-01\/wasserstoffproduktion-ostschweiz-ag-gegruendet\/","title":{"rendered":"Cr\u00e9ation de la soci\u00e9t\u00e9 Wasserstoffproduktion Ostschweiz AG"},"content":{"rendered":"<figure id=\"attachment_2509\" aria-describedby=\"caption-attachment-2509\" style=\"width: 680px\" class=\"wp-caption alignnone\"><img loading=\"lazy\" decoding=\"async\" class=\"size-medium wp-image-2509\" src=\"\/\/www.umweltperspektiven.ch\/wp-content\/uploads\/2019\/10\/Avia_Osterwalder-Up_Umwelt-Perspektiven.jpg\" alt=\"\" width=\"680\" height=\"453\" srcset=\"https:\/\/www.organisator.ch\/wp-content\/uploads\/2019\/10\/Avia_Osterwalder-Up_Umwelt-Perspektiven.jpg 690w, https:\/\/www.organisator.ch\/wp-content\/uploads\/2019\/10\/Avia_Osterwalder-Up_Umwelt-Perspektiven-680x453.jpg 680w, https:\/\/www.organisator.ch\/wp-content\/uploads\/2019\/10\/Avia_Osterwalder-Up_Umwelt-Perspektiven-18x12.jpg 18w, https:\/\/www.organisator.ch\/wp-content\/uploads\/2019\/10\/Avia_Osterwalder-Up_Umwelt-Perspektiven-263x175.jpg 263w, https:\/\/www.organisator.ch\/wp-content\/uploads\/2019\/10\/Avia_Osterwalder-Up_Umwelt-Perspektiven-525x350.jpg 525w, https:\/\/www.organisator.ch\/wp-content\/uploads\/2019\/10\/Avia_Osterwalder-Up_Umwelt-Perspektiven-300x200.jpg 300w\" sizes=\"auto, (max-width: 680px) 100vw, 680px\" \/><figcaption id=\"caption-attachment-2509\" class=\"wp-caption-text\">Une station-service d'Avia Osterwalder en Suisse orientale au si\u00e8cle dernier. Les initiateurs d\u00e9posent maintenant une demande de permis de construire pour la r\u00e9alisation d'une installation de production d'hydrog\u00e8ne sur le site de St-Gall-Kubel. (Image : Avia Osterwalder)<\/figcaption><\/figure>\n<p>La cr\u00e9ation de la soci\u00e9t\u00e9 Wasserstoffproduktion Ostschweiz AG le montre clairement : AVIA Osterwalder et la SAK investissent ensemble dans l'hydrog\u00e8ne en tant qu'\u00e9nergie renouvelable et propre pour des solutions de mobilit\u00e9 innovantes. Il est pr\u00e9vu de construire une installation de production au c\u0153ur de la ville de Saint-Gall, sur le site de Kubel, o\u00f9 la SAK exploite la centrale hydro\u00e9lectrique et d'accumulation du m\u00eame nom. Le site n'est qu'\u00e0 quelques kilom\u00e8tres de la station-service d'hydrog\u00e8ne pr\u00e9vue par AVIA Osterwalder \u00e0 l'Oberstrasse.<\/p>\n<p><strong>Uniquement des sources d'\u00e9nergie renouvelables<\/strong><\/p>\n<p>Les avantages de l'hydrog\u00e8ne (H2) en tant que vecteur d'\u00e9nergie pour les solutions de mobilit\u00e9 sont r\u00e9jouissants. Il suffit de quelques minutes pour faire le plein d'un v\u00e9hicule, les seules \u00e9missions sont de la vapeur d'eau et l'autonomie et les performances sont comparables \u00e0 celles des v\u00e9hicules \u00e0 carburant traditionnels. Le H2 produit sur le site de Kubel provient exclusivement de sources d'\u00e9nergie renouvelables. Pour les initiateurs, il est clair que le H2 offre d'\u00e9normes potentiels dans le domaine de la mobilit\u00e9 pour la r\u00e9alisation des objectifs climatiques.<\/p>\n<p><strong>Les solutions de mobilit\u00e9 H2 sur le point de percer<\/strong><\/p>\n<p>Le besoin d'une offre de stations-service H2 sur l'ensemble du territoire ne faiblit pas. Des initiatives r\u00e9cemment rendues publiques en t\u00e9moignent, comme entre autres le projet ambitieux de Hyundai. En collaboration avec H2- Energy AG, les Cor\u00e9ens pr\u00e9parent la premi\u00e8re flotte mondiale de plus de 1600 v\u00e9hicules utilitaires \u00e0 pile \u00e0 combustible, exclusivement pour la Suisse. Le lancement a d\u00e9j\u00e0 \u00e9t\u00e9 initi\u00e9 et devrait durer jusqu'en 2025. Pour r\u00e9ussir \u00e0 cr\u00e9er un march\u00e9 fonctionnel et sans \u00e9missions, la mise en place d'installations de production de H2 locales et d'un r\u00e9seau de stations-service H2 couvrant l'ensemble du territoire est d\u00e9cisive.<\/p>\n<p><strong>Premier coup de pioche au printemps 2020<\/strong><\/p>\n<p>Comme pour tous les projets de construction d'AVIA Osterwalder et de la SAK, la durabilit\u00e9 joue un r\u00f4le d\u00e9cisif. La demande de permis de construire sera bient\u00f4t d\u00e9pos\u00e9e.<br \/>\nSi aucune opposition au projet n'est d\u00e9pos\u00e9e, les travaux de construction d\u00e9buteront probablement au printemps 2020, une fois la planification termin\u00e9e. AVIA Osterwalder et la SAK informeront en d\u00e9tail sur le projet concret apr\u00e8s r\u00e9ception de l'autorisation.<\/p>\n<p><a href=\"\/\/www.osterwalder.ch\">www.osterwalder.ch<\/a><\/p>\n<p>&nbsp;<\/p>","protected":false},"excerpt":{"rendered":"<p>Die Gr\u00fcndung der Wasserstoffproduktion Ostschweiz AG macht deutlich: AVIA Osterwalder und die SAK investieren gemeinsam in Wasserstoff als erneuerbare und saubere Energie f\u00fcr innovative Mobilit\u00e4tsl\u00f6sungen. Geplant ist der Bau einer Produktionsanlage inmitten der Stadt St. Gallen am Standort Kubel, wo die SAK das gleichnamige Wasser- und Speicherkraftwerk betreibt. Der Standort ist nur wenige Kilometer von [&hellip;]<\/p>\n","protected":false},"author":5,"featured_media":2509,"comment_status":"open","ping_status":"open","sticky":false,"template":"","format":"standard","meta":{"_acf_changed":false,"_yoast_wpseo_focuskw":"Wasserstoffproduktion Ostschweiz AG","_yoast_wpseo_metadesc":"AVIA Osterwalder und die St.Gallisch-Appenzellische Kraftwerke AG SAK haben die Wasserstoffproduktion Ostschweiz AG gegr\u00fcndet.","articlekey":"","footnotes":""},"categories":[580],"tags":[875,1341,598,1951,424,2524],"class_list":["post-2508","post","type-post","status-publish","format-standard","has-post-thumbnail","hentry","category-sustainability","tag-brennstoffzellen","tag-h2","tag-nutzfahrzeuge","tag-produktionsanlage","tag-schweiz","tag-wasserstoff"],"acf":[],"yoast_head":"<!-- This site is optimized with the Yoast SEO plugin v27.4 - https:\/\/yoast.com\/product\/yoast-seo-wordpress\/ -->\n<title>Wasserstoffproduktion Ostschweiz AG gegr\u00fcndet - Organisator<\/title>\n<meta name=\"description\" content=\"AVIA Osterwalder und die St.Gallisch-Appenzellische Kraftwerke AG SAK haben die Wasserstoffproduktion Ostschweiz AG gegr\u00fcndet.\" \/>\n<meta name=\"robots\" content=\"index, follow, max-snippet:-1, max-image-preview:large, max-video-preview:-1\" \/>\n<link rel=\"canonical\" href=\"https:\/\/www.organisator.ch\/fr\/sustainability\/2019-10-01\/wasserstoffproduktion-ostschweiz-ag-gegruendet\/\" \/>\n<meta property=\"og:locale\" content=\"fr_FR\" \/>\n<meta property=\"og:type\" content=\"article\" \/>\n<meta property=\"og:title\" content=\"Wasserstoffproduktion Ostschweiz AG gegr\u00fcndet - Organisator\" \/>\n<meta property=\"og:description\" content=\"AVIA Osterwalder und die St.Gallisch-Appenzellische Kraftwerke AG SAK haben die Wasserstoffproduktion Ostschweiz AG gegr\u00fcndet.\" \/>\n<meta property=\"og:url\" content=\"https:\/\/www.organisator.ch\/fr\/sustainability\/2019-10-01\/wasserstoffproduktion-ostschweiz-ag-gegruendet\/\" \/>\n<meta property=\"og:site_name\" content=\"Organisator\" \/>\n<meta property=\"article:publisher\" content=\"https:\/\/www.facebook.com\/OrganisatorFachmagazin\" \/>\n<meta property=\"article:published_time\" content=\"2019-10-01T09:52:41+00:00\" \/>\n<meta property=\"article:modified_time\" content=\"2022-02-09T10:06:16+00:00\" \/>\n<meta property=\"og:image\" content=\"https:\/\/www.organisator.ch\/wp-content\/uploads\/2019\/10\/Avia_Osterwalder-Up_Umwelt-Perspektiven.jpg\" \/>\n\t<meta property=\"og:image:width\" content=\"690\" \/>\n\t<meta property=\"og:image:height\" content=\"460\" \/>\n\t<meta property=\"og:image:type\" content=\"image\/jpeg\" \/>\n<meta name=\"author\" content=\"michael.merz\" \/>\n<meta name=\"twitter:card\" content=\"summary_large_image\" \/>\n<script type=\"application\/ld+json\" class=\"yoast-schema-graph\">{\"@context\":\"https:\\\/\\\/schema.org\",\"@graph\":[{\"@type\":\"Article\",\"@id\":\"https:\\\/\\\/www.organisator.ch\\\/sustainability\\\/2019-10-01\\\/wasserstoffproduktion-ostschweiz-ag-gegruendet\\\/#article\",\"isPartOf\":{\"@id\":\"https:\\\/\\\/www.organisator.ch\\\/sustainability\\\/2019-10-01\\\/wasserstoffproduktion-ostschweiz-ag-gegruendet\\\/\"},\"author\":{\"name\":\"michael.merz\",\"@id\":\"https:\\\/\\\/www.organisator.ch\\\/#\\\/schema\\\/person\\\/134708ca9321c57b0362cceb7948ffbd\"},\"headline\":\"Wasserstoffproduktion Ostschweiz AG gegr\u00fcndet\",\"datePublished\":\"2019-10-01T09:52:41+00:00\",\"dateModified\":\"2022-02-09T10:06:16+00:00\",\"mainEntityOfPage\":{\"@id\":\"https:\\\/\\\/www.organisator.ch\\\/sustainability\\\/2019-10-01\\\/wasserstoffproduktion-ostschweiz-ag-gegruendet\\\/\"},\"wordCount\":334,\"commentCount\":0,\"publisher\":{\"@id\":\"https:\\\/\\\/www.organisator.ch\\\/#organization\"},\"image\":{\"@id\":\"https:\\\/\\\/www.organisator.ch\\\/sustainability\\\/2019-10-01\\\/wasserstoffproduktion-ostschweiz-ag-gegruendet\\\/#primaryimage\"},\"thumbnailUrl\":\"https:\\\/\\\/www.organisator.ch\\\/wp-content\\\/uploads\\\/2019\\\/10\\\/Avia_Osterwalder-Up_Umwelt-Perspektiven.jpg\",\"keywords\":[\"Brennstoffzellen\",\"H2\",\"Nutzfahrzeuge\",\"Produktionsanlage\",\"Schweiz\",\"Wasserstoff\"],\"articleSection\":[\"SUSTAINABILITY\"],\"inLanguage\":\"fr-FR\"},{\"@type\":\"WebPage\",\"@id\":\"https:\\\/\\\/www.organisator.ch\\\/sustainability\\\/2019-10-01\\\/wasserstoffproduktion-ostschweiz-ag-gegruendet\\\/\",\"url\":\"https:\\\/\\\/www.organisator.ch\\\/sustainability\\\/2019-10-01\\\/wasserstoffproduktion-ostschweiz-ag-gegruendet\\\/\",\"name\":\"Wasserstoffproduktion Ostschweiz AG gegr\u00fcndet - Organisator\",\"isPartOf\":{\"@id\":\"https:\\\/\\\/www.organisator.ch\\\/#website\"},\"primaryImageOfPage\":{\"@id\":\"https:\\\/\\\/www.organisator.ch\\\/sustainability\\\/2019-10-01\\\/wasserstoffproduktion-ostschweiz-ag-gegruendet\\\/#primaryimage\"},\"image\":{\"@id\":\"https:\\\/\\\/www.organisator.ch\\\/sustainability\\\/2019-10-01\\\/wasserstoffproduktion-ostschweiz-ag-gegruendet\\\/#primaryimage\"},\"thumbnailUrl\":\"https:\\\/\\\/www.organisator.ch\\\/wp-content\\\/uploads\\\/2019\\\/10\\\/Avia_Osterwalder-Up_Umwelt-Perspektiven.jpg\",\"datePublished\":\"2019-10-01T09:52:41+00:00\",\"dateModified\":\"2022-02-09T10:06:16+00:00\",\"description\":\"AVIA Osterwalder und die St.Gallisch-Appenzellische Kraftwerke AG SAK haben die Wasserstoffproduktion Ostschweiz AG gegr\u00fcndet.\",\"breadcrumb\":{\"@id\":\"https:\\\/\\\/www.organisator.ch\\\/sustainability\\\/2019-10-01\\\/wasserstoffproduktion-ostschweiz-ag-gegruendet\\\/#breadcrumb\"},\"inLanguage\":\"fr-FR\",\"potentialAction\":[{\"@type\":\"ReadAction\",\"target\":[\"https:\\\/\\\/www.organisator.ch\\\/sustainability\\\/2019-10-01\\\/wasserstoffproduktion-ostschweiz-ag-gegruendet\\\/\"]}]},{\"@type\":\"ImageObject\",\"inLanguage\":\"fr-FR\",\"@id\":\"https:\\\/\\\/www.organisator.ch\\\/sustainability\\\/2019-10-01\\\/wasserstoffproduktion-ostschweiz-ag-gegruendet\\\/#primaryimage\",\"url\":\"https:\\\/\\\/www.organisator.ch\\\/wp-content\\\/uploads\\\/2019\\\/10\\\/Avia_Osterwalder-Up_Umwelt-Perspektiven.jpg\",\"contentUrl\":\"https:\\\/\\\/www.organisator.ch\\\/wp-content\\\/uploads\\\/2019\\\/10\\\/Avia_Osterwalder-Up_Umwelt-Perspektiven.jpg\",\"width\":690,\"height\":460,\"caption\":\"Eine Tankstelle von Avia Osterwalder in der Ostschweiz im letzten Jahrhundert. Jetzt Ireichen die Initianten ihr Baugesuch zur Realisation einer Wasserstoff-Produktionsanlage am Standort St. Gallen-Kubel ein. (Bild: Avia Osterwalder)\"},{\"@type\":\"BreadcrumbList\",\"@id\":\"https:\\\/\\\/www.organisator.ch\\\/sustainability\\\/2019-10-01\\\/wasserstoffproduktion-ostschweiz-ag-gegruendet\\\/#breadcrumb\",\"itemListElement\":[{\"@type\":\"ListItem\",\"position\":1,\"name\":\"Home\",\"item\":\"https:\\\/\\\/www.organisator.ch\\\/\"},{\"@type\":\"ListItem\",\"position\":2,\"name\":\"Wasserstoffproduktion Ostschweiz AG gegr\u00fcndet\"}]},{\"@type\":\"WebSite\",\"@id\":\"https:\\\/\\\/www.organisator.ch\\\/#website\",\"url\":\"https:\\\/\\\/www.organisator.ch\\\/\",\"name\":\"Organisator\",\"description\":\"Kompetent. Praxisnah. Der ORGANISATOR bereitet in 10 Ausgaben pro Jahr die wesentlichen Themen f\u00fcr F\u00fchrungskr\u00e4fte von KMU auf.\",\"publisher\":{\"@id\":\"https:\\\/\\\/www.organisator.ch\\\/#organization\"},\"potentialAction\":[{\"@type\":\"SearchAction\",\"target\":{\"@type\":\"EntryPoint\",\"urlTemplate\":\"https:\\\/\\\/www.organisator.ch\\\/?s={search_term_string}\"},\"query-input\":{\"@type\":\"PropertyValueSpecification\",\"valueRequired\":true,\"valueName\":\"search_term_string\"}}],\"inLanguage\":\"fr-FR\"},{\"@type\":\"Organization\",\"@id\":\"https:\\\/\\\/www.organisator.ch\\\/#organization\",\"name\":\"Organisator\",\"url\":\"https:\\\/\\\/www.organisator.ch\\\/\",\"logo\":{\"@type\":\"ImageObject\",\"inLanguage\":\"fr-FR\",\"@id\":\"https:\\\/\\\/www.organisator.ch\\\/#\\\/schema\\\/logo\\\/image\\\/\",\"url\":\"https:\\\/\\\/www.organisator.ch\\\/wp-content\\\/uploads\\\/2022\\\/01\\\/Logo_Organisator_Website.png\",\"contentUrl\":\"https:\\\/\\\/www.organisator.ch\\\/wp-content\\\/uploads\\\/2022\\\/01\\\/Logo_Organisator_Website.png\",\"width\":800,\"height\":77,\"caption\":\"Organisator\"},\"image\":{\"@id\":\"https:\\\/\\\/www.organisator.ch\\\/#\\\/schema\\\/logo\\\/image\\\/\"},\"sameAs\":[\"https:\\\/\\\/www.facebook.com\\\/OrganisatorFachmagazin\",\"https:\\\/\\\/www.linkedin.com\\\/showcase\\\/organisator-das-magazin-fr-kmu\",\"https:\\\/\\\/www.xing.com\\\/news\\\/pages\\\/organisator-ch-695\",\"https:\\\/\\\/www.youtube.com\\\/channel\\\/UCGP2Sq0iWaZwT3BdIAQFYpw\"]},{\"@type\":\"Person\",\"@id\":\"https:\\\/\\\/www.organisator.ch\\\/#\\\/schema\\\/person\\\/134708ca9321c57b0362cceb7948ffbd\",\"name\":\"michael.merz\",\"image\":{\"@type\":\"ImageObject\",\"inLanguage\":\"fr-FR\",\"@id\":\"https:\\\/\\\/secure.gravatar.com\\\/avatar\\\/?s=96&d=mm&r=g\",\"url\":\"https:\\\/\\\/secure.gravatar.com\\\/avatar\\\/?s=96&d=mm&r=g\",\"contentUrl\":\"https:\\\/\\\/secure.gravatar.com\\\/avatar\\\/?s=96&d=mm&r=g\",\"caption\":\"michael.merz\"},\"url\":\"https:\\\/\\\/www.organisator.ch\\\/fr\\\/author\\\/michael-merz\\\/\"}]}<\/script>\n<!-- \/ Yoast SEO plugin. -->","yoast_head_json":{"title":"Production d'hydrog\u00e8ne Ostschweiz AG fond\u00e9e - Organisateur","description":"AVIA Osterwalder et les St.Gallisch-Appenzellische Kraftwerke AG SAK ont fond\u00e9 la soci\u00e9t\u00e9 Wasserstoffproduktion Ostschweiz AG.","robots":{"index":"index","follow":"follow","max-snippet":"max-snippet:-1","max-image-preview":"max-image-preview:large","max-video-preview":"max-video-preview:-1"},"canonical":"https:\/\/www.organisator.ch\/fr\/sustainability\/2019-10-01\/wasserstoffproduktion-ostschweiz-ag-gegruendet\/","og_locale":"fr_FR","og_type":"article","og_title":"Wasserstoffproduktion Ostschweiz AG gegr\u00fcndet - Organisator","og_description":"AVIA Osterwalder und die St.Gallisch-Appenzellische Kraftwerke AG SAK haben die Wasserstoffproduktion Ostschweiz AG gegr\u00fcndet.","og_url":"https:\/\/www.organisator.ch\/fr\/sustainability\/2019-10-01\/wasserstoffproduktion-ostschweiz-ag-gegruendet\/","og_site_name":"Organisator","article_publisher":"https:\/\/www.facebook.com\/OrganisatorFachmagazin","article_published_time":"2019-10-01T09:52:41+00:00","article_modified_time":"2022-02-09T10:06:16+00:00","og_image":[{"width":690,"height":460,"url":"https:\/\/www.organisator.ch\/wp-content\/uploads\/2019\/10\/Avia_Osterwalder-Up_Umwelt-Perspektiven.jpg","type":"image\/jpeg"}],"author":"michael.merz","twitter_card":"summary_large_image","schema":{"@context":"https:\/\/schema.org","@graph":[{"@type":"Article","@id":"https:\/\/www.organisator.ch\/sustainability\/2019-10-01\/wasserstoffproduktion-ostschweiz-ag-gegruendet\/#article","isPartOf":{"@id":"https:\/\/www.organisator.ch\/sustainability\/2019-10-01\/wasserstoffproduktion-ostschweiz-ag-gegruendet\/"},"author":{"name":"michael.merz","@id":"https:\/\/www.organisator.ch\/#\/schema\/person\/134708ca9321c57b0362cceb7948ffbd"},"headline":"Wasserstoffproduktion Ostschweiz AG gegr\u00fcndet","datePublished":"2019-10-01T09:52:41+00:00","dateModified":"2022-02-09T10:06:16+00:00","mainEntityOfPage":{"@id":"https:\/\/www.organisator.ch\/sustainability\/2019-10-01\/wasserstoffproduktion-ostschweiz-ag-gegruendet\/"},"wordCount":334,"commentCount":0,"publisher":{"@id":"https:\/\/www.organisator.ch\/#organization"},"image":{"@id":"https:\/\/www.organisator.ch\/sustainability\/2019-10-01\/wasserstoffproduktion-ostschweiz-ag-gegruendet\/#primaryimage"},"thumbnailUrl":"https:\/\/www.organisator.ch\/wp-content\/uploads\/2019\/10\/Avia_Osterwalder-Up_Umwelt-Perspektiven.jpg","keywords":["Brennstoffzellen","H2","Nutzfahrzeuge","Produktionsanlage","Schweiz","Wasserstoff"],"articleSection":["SUSTAINABILITY"],"inLanguage":"fr-FR"},{"@type":"WebPage","@id":"https:\/\/www.organisator.ch\/sustainability\/2019-10-01\/wasserstoffproduktion-ostschweiz-ag-gegruendet\/","url":"https:\/\/www.organisator.ch\/sustainability\/2019-10-01\/wasserstoffproduktion-ostschweiz-ag-gegruendet\/","name":"Production d'hydrog\u00e8ne Ostschweiz AG fond\u00e9e - Organisateur","isPartOf":{"@id":"https:\/\/www.organisator.ch\/#website"},"primaryImageOfPage":{"@id":"https:\/\/www.organisator.ch\/sustainability\/2019-10-01\/wasserstoffproduktion-ostschweiz-ag-gegruendet\/#primaryimage"},"image":{"@id":"https:\/\/www.organisator.ch\/sustainability\/2019-10-01\/wasserstoffproduktion-ostschweiz-ag-gegruendet\/#primaryimage"},"thumbnailUrl":"https:\/\/www.organisator.ch\/wp-content\/uploads\/2019\/10\/Avia_Osterwalder-Up_Umwelt-Perspektiven.jpg","datePublished":"2019-10-01T09:52:41+00:00","dateModified":"2022-02-09T10:06:16+00:00","description":"AVIA Osterwalder et les St.Gallisch-Appenzellische Kraftwerke AG SAK ont fond\u00e9 la soci\u00e9t\u00e9 Wasserstoffproduktion Ostschweiz AG.","breadcrumb":{"@id":"https:\/\/www.organisator.ch\/sustainability\/2019-10-01\/wasserstoffproduktion-ostschweiz-ag-gegruendet\/#breadcrumb"},"inLanguage":"fr-FR","potentialAction":[{"@type":"ReadAction","target":["https:\/\/www.organisator.ch\/sustainability\/2019-10-01\/wasserstoffproduktion-ostschweiz-ag-gegruendet\/"]}]},{"@type":"ImageObject","inLanguage":"fr-FR","@id":"https:\/\/www.organisator.ch\/sustainability\/2019-10-01\/wasserstoffproduktion-ostschweiz-ag-gegruendet\/#primaryimage","url":"https:\/\/www.organisator.ch\/wp-content\/uploads\/2019\/10\/Avia_Osterwalder-Up_Umwelt-Perspektiven.jpg","contentUrl":"https:\/\/www.organisator.ch\/wp-content\/uploads\/2019\/10\/Avia_Osterwalder-Up_Umwelt-Perspektiven.jpg","width":690,"height":460,"caption":"Eine Tankstelle von Avia Osterwalder in der Ostschweiz im letzten Jahrhundert. Jetzt Ireichen die Initianten ihr Baugesuch zur Realisation einer Wasserstoff-Produktionsanlage am Standort St. Gallen-Kubel ein. (Bild: Avia Osterwalder)"},{"@type":"BreadcrumbList","@id":"https:\/\/www.organisator.ch\/sustainability\/2019-10-01\/wasserstoffproduktion-ostschweiz-ag-gegruendet\/#breadcrumb","itemListElement":[{"@type":"ListItem","position":1,"name":"Home","item":"https:\/\/www.organisator.ch\/"},{"@type":"ListItem","position":2,"name":"Wasserstoffproduktion Ostschweiz AG gegr\u00fcndet"}]},{"@type":"WebSite","@id":"https:\/\/www.organisator.ch\/#website","url":"https:\/\/www.organisator.ch\/","name":"Organisateur","description":"Comp\u00e9tence et comp\u00e9tence. Proches de la pratique. L'ORGANISATEUR pr\u00e9pare 10 num\u00e9ros par an sur les th\u00e8mes essentiels pour les dirigeants de PME.","publisher":{"@id":"https:\/\/www.organisator.ch\/#organization"},"potentialAction":[{"@type":"SearchAction","target":{"@type":"EntryPoint","urlTemplate":"https:\/\/www.organisator.ch\/?s={search_term_string}"},"query-input":{"@type":"PropertyValueSpecification","valueRequired":true,"valueName":"search_term_string"}}],"inLanguage":"fr-FR"},{"@type":"Organization","@id":"https:\/\/www.organisator.ch\/#organization","name":"Organisateur","url":"https:\/\/www.organisator.ch\/","logo":{"@type":"ImageObject","inLanguage":"fr-FR","@id":"https:\/\/www.organisator.ch\/#\/schema\/logo\/image\/","url":"https:\/\/www.organisator.ch\/wp-content\/uploads\/2022\/01\/Logo_Organisator_Website.png","contentUrl":"https:\/\/www.organisator.ch\/wp-content\/uploads\/2022\/01\/Logo_Organisator_Website.png","width":800,"height":77,"caption":"Organisator"},"image":{"@id":"https:\/\/www.organisator.ch\/#\/schema\/logo\/image\/"},"sameAs":["https:\/\/www.facebook.com\/OrganisatorFachmagazin","https:\/\/www.linkedin.com\/showcase\/organisator-das-magazin-fr-kmu","https:\/\/www.xing.com\/news\/pages\/organisator-ch-695","https:\/\/www.youtube.com\/channel\/UCGP2Sq0iWaZwT3BdIAQFYpw"]},{"@type":"Person","@id":"https:\/\/www.organisator.ch\/#\/schema\/person\/134708ca9321c57b0362cceb7948ffbd","name":"michael.merz","image":{"@type":"ImageObject","inLanguage":"fr-FR","@id":"https:\/\/secure.gravatar.com\/avatar\/?s=96&d=mm&r=g","url":"https:\/\/secure.gravatar.com\/avatar\/?s=96&d=mm&r=g","contentUrl":"https:\/\/secure.gravatar.com\/avatar\/?s=96&d=mm&r=g","caption":"michael.merz"},"url":"https:\/\/www.organisator.ch\/fr\/author\/michael-merz\/"}]}},"_links":{"self":[{"href":"https:\/\/www.organisator.ch\/fr\/wp-json\/wp\/v2\/posts\/2508","targetHints":{"allow":["GET"]}}],"collection":[{"href":"https:\/\/www.organisator.ch\/fr\/wp-json\/wp\/v2\/posts"}],"about":[{"href":"https:\/\/www.organisator.ch\/fr\/wp-json\/wp\/v2\/types\/post"}],"author":[{"embeddable":true,"href":"https:\/\/www.organisator.ch\/fr\/wp-json\/wp\/v2\/users\/5"}],"replies":[{"embeddable":true,"href":"https:\/\/www.organisator.ch\/fr\/wp-json\/wp\/v2\/comments?post=2508"}],"version-history":[{"count":1,"href":"https:\/\/www.organisator.ch\/fr\/wp-json\/wp\/v2\/posts\/2508\/revisions"}],"predecessor-version":[{"id":10545,"href":"https:\/\/www.organisator.ch\/fr\/wp-json\/wp\/v2\/posts\/2508\/revisions\/10545"}],"wp:featuredmedia":[{"embeddable":true,"href":"https:\/\/www.organisator.ch\/fr\/wp-json\/wp\/v2\/media\/2509"}],"wp:attachment":[{"href":"https:\/\/www.organisator.ch\/fr\/wp-json\/wp\/v2\/media?parent=2508"}],"wp:term":[{"taxonomy":"category","embeddable":true,"href":"https:\/\/www.organisator.ch\/fr\/wp-json\/wp\/v2\/categories?post=2508"},{"taxonomy":"post_tag","embeddable":true,"href":"https:\/\/www.organisator.ch\/fr\/wp-json\/wp\/v2\/tags?post=2508"}],"curies":[{"name":"wp","href":"https:\/\/api.w.org\/{rel}","templated":true}]}}