{"id":25090,"date":"2024-02-19T09:58:51","date_gmt":"2024-02-19T08:58:51","guid":{"rendered":"https:\/\/www.organisator.ch\/?p=25090"},"modified":"2024-02-19T09:58:51","modified_gmt":"2024-02-19T08:58:51","slug":"mazars-verstaerkt-steuerbereich-in-deutschschweiz-mit-neuem-tax-partner","status":"publish","type":"post","link":"https:\/\/www.organisator.ch\/fr\/management\/2024-02-19\/mazars-verstaerkt-steuerbereich-in-deutschschweiz-mit-neuem-tax-partner\/","title":{"rendered":"Mazars renforce sa division fiscale en Suisse al\u00e9manique avec un nouvel associ\u00e9 fiscal"},"content":{"rendered":"<figure id=\"attachment_25091\" aria-describedby=\"caption-attachment-25091\" style=\"width: 680px\" class=\"wp-caption alignnone\"><img loading=\"lazy\" decoding=\"async\" class=\"size-full wp-image-25091\" src=\"https:\/\/www.organisator.ch\/wp-content\/uploads\/2024\/02\/Mazars-Andre_Kuhn_Portrait_ps.jpg\" alt=\"\" width=\"680\" height=\"648\" srcset=\"https:\/\/www.organisator.ch\/wp-content\/uploads\/2024\/02\/Mazars-Andre_Kuhn_Portrait_ps.jpg 680w, https:\/\/www.organisator.ch\/wp-content\/uploads\/2024\/02\/Mazars-Andre_Kuhn_Portrait_ps-13x12.jpg 13w, https:\/\/www.organisator.ch\/wp-content\/uploads\/2024\/02\/Mazars-Andre_Kuhn_Portrait_ps-315x300.jpg 315w, https:\/\/www.organisator.ch\/wp-content\/uploads\/2024\/02\/Mazars-Andre_Kuhn_Portrait_ps-367x350.jpg 367w\" sizes=\"auto, (max-width: 680px) 100vw, 680px\" \/><figcaption id=\"caption-attachment-25091\" class=\"wp-caption-text\">Andr\u00e9 Kuhn - expert fiscal dipl\u00f4m\u00e9 et le nouvel associ\u00e9 de Mazars. (Image : www.mazars.ch)<\/figcaption><\/figure>\n<p>Avec la nomination d'Andr\u00e9 Kuhn, Mazars renforce sa pratique fiscale en Suisse al\u00e9manique et poursuit son expansion dans ce domaine.<\/p>\n<p>Andr\u00e9 Kuhn est expert fiscal dipl\u00f4m\u00e9 et dispose de pr\u00e8s de 20 ans d'exp\u00e9rience dans le domaine fiscal au sein d'une entreprise \"Big Four\". Son domaine de sp\u00e9cialisation comprend la planification fiscale internationale, l'imp\u00f4t anticip\u00e9 ainsi que les droits de timbre. Il apporte en outre de solides connaissances fiscales issues de l'environnement des services financiers.<\/p>\n<p>Avec son \u00e9quipe, il s'est fix\u00e9 pour objectif de d\u00e9velopper le march\u00e9 suisse allemand et de renforcer l'expertise fiscale de Mazars aupr\u00e8s des entreprises nationales et internationales.<\/p>\n<p>\"Le d\u00e9veloppement du secteur fiscal en Suisse al\u00e9manique est une pierre angulaire de notre strat\u00e9gie et nous permet d'offrir \u00e0 nos clients des services encore plus complets\", d\u00e9clare Cyprian Bumann, associ\u00e9 et responsable pour la Suisse al\u00e9manique chez Mazars en Suisse. \"Nous sommes heureux d'avoir pu recruter Andr\u00e9, un topexpert de l'environnement fiscal\", poursuit Bumann.<\/p>\n<p><em>Source : <a href=\"http:\/\/www.mazars.ch\">www.mazars.ch<\/a><\/em><\/p>","protected":false},"excerpt":{"rendered":"<p>Mazars, un des principaux cabinets internationaux sp\u00e9cialis\u00e9s dans l'audit, la fiscalit\u00e9 et le conseil, accueille Andr\u00e9 Kuhn, un fiscaliste exp\u00e9riment\u00e9, en tant qu'associ\u00e9.<\/p>","protected":false},"author":58,"featured_media":25091,"comment_status":"closed","ping_status":"closed","sticky":false,"template":"","format":"standard","meta":{"_acf_changed":false,"_yoast_wpseo_focuskw":"Andr\u00e9 Kuhn","_yoast_wpseo_metadesc":"Mazars, ein f\u00fchrendes internationales Unternehmen, holt den erfahrenen Steuerexperten Andr\u00e9 Kuhn als Partner an Bord.","articlekey":"","footnotes":""},"categories":[28],"tags":[334,1888,4097,492],"class_list":["post-25090","post","type-post","status-publish","format-standard","has-post-thumbnail","hentry","category-management","tag-management","tag-partnerschaft","tag-steuerexperte","tag-unternehmen"],"acf":[],"yoast_head":"<!-- This site is optimized with the Yoast SEO plugin v27.4 - https:\/\/yoast.com\/product\/yoast-seo-wordpress\/ -->\n<title>Mazars verst\u00e4rkt Steuerbereich in Deutschschweiz mit neuem Tax Partner - Organisator<\/title>\n<meta name=\"description\" content=\"Mazars, ein f\u00fchrendes internationales Unternehmen, holt den erfahrenen Steuerexperten Andr\u00e9 Kuhn als Partner an Bord.\" \/>\n<meta name=\"robots\" content=\"index, follow, max-snippet:-1, max-image-preview:large, max-video-preview:-1\" \/>\n<link rel=\"canonical\" href=\"https:\/\/www.organisator.ch\/fr\/gestion-2\/2024-02-19\/mazars-verstaerkt-steuerbereich-in-deutschschweiz-mit-neuem-tax-partner\/\" \/>\n<meta property=\"og:locale\" content=\"fr_FR\" \/>\n<meta property=\"og:type\" content=\"article\" \/>\n<meta property=\"og:title\" content=\"Mazars verst\u00e4rkt Steuerbereich in Deutschschweiz mit neuem Tax Partner\" \/>\n<meta property=\"og:description\" content=\"Mazars, ein f\u00fchrendes internationales Unternehmen, holt den erfahrenen Steuerexperten Andr\u00e9 Kuhn als Partner an Bord.\" \/>\n<meta property=\"og:url\" content=\"https:\/\/www.organisator.ch\/fr\/gestion-2\/2024-02-19\/mazars-verstaerkt-steuerbereich-in-deutschschweiz-mit-neuem-tax-partner\/\" \/>\n<meta property=\"og:site_name\" content=\"Organisator\" \/>\n<meta property=\"article:publisher\" content=\"https:\/\/www.facebook.com\/OrganisatorFachmagazin\" \/>\n<meta property=\"article:published_time\" content=\"2024-02-19T08:58:51+00:00\" \/>\n<meta property=\"og:image\" content=\"https:\/\/www.organisator.ch\/wp-content\/uploads\/2024\/02\/Mazars-Andre_Kuhn_Portrait_ps.jpg\" \/>\n\t<meta property=\"og:image:width\" content=\"680\" \/>\n\t<meta property=\"og:image:height\" content=\"648\" \/>\n\t<meta property=\"og:image:type\" content=\"image\/jpeg\" \/>\n<meta name=\"author\" content=\"Adelisa Kalajdzini\" \/>\n<meta name=\"twitter:card\" content=\"summary_large_image\" \/>\n<meta name=\"twitter:title\" content=\"Mazars verst\u00e4rkt Steuerbereich in Deutschschweiz mit neuem Tax Partner\" \/>\n<meta name=\"twitter:description\" content=\"#Mazars, ein f\u00fchrendes internationales #Unternehmen, holt den erfahrenen #Steuerexperten Andr\u00e9 Kuhn als #Partner an Bord.\" \/>\n<meta name=\"twitter:image\" content=\"https:\/\/www.organisator.ch\/wp-content\/uploads\/2024\/02\/Mazars-Andre_Kuhn_Portrait_ps.jpg\" \/>\n<script type=\"application\/ld+json\" class=\"yoast-schema-graph\">{\"@context\":\"https:\\\/\\\/schema.org\",\"@graph\":[{\"@type\":\"Article\",\"@id\":\"https:\\\/\\\/www.organisator.ch\\\/management\\\/2024-02-19\\\/mazars-verstaerkt-steuerbereich-in-deutschschweiz-mit-neuem-tax-partner\\\/#article\",\"isPartOf\":{\"@id\":\"https:\\\/\\\/www.organisator.ch\\\/management\\\/2024-02-19\\\/mazars-verstaerkt-steuerbereich-in-deutschschweiz-mit-neuem-tax-partner\\\/\"},\"author\":{\"name\":\"Adelisa Kalajdzini\",\"@id\":\"https:\\\/\\\/www.organisator.ch\\\/#\\\/schema\\\/person\\\/2e1314a2172123f874db408d8911d3f3\"},\"headline\":\"Mazars verst\u00e4rkt Steuerbereich in Deutschschweiz mit neuem Tax Partner\",\"datePublished\":\"2024-02-19T08:58:51+00:00\",\"mainEntityOfPage\":{\"@id\":\"https:\\\/\\\/www.organisator.ch\\\/management\\\/2024-02-19\\\/mazars-verstaerkt-steuerbereich-in-deutschschweiz-mit-neuem-tax-partner\\\/\"},\"wordCount\":177,\"publisher\":{\"@id\":\"https:\\\/\\\/www.organisator.ch\\\/#organization\"},\"image\":{\"@id\":\"https:\\\/\\\/www.organisator.ch\\\/management\\\/2024-02-19\\\/mazars-verstaerkt-steuerbereich-in-deutschschweiz-mit-neuem-tax-partner\\\/#primaryimage\"},\"thumbnailUrl\":\"https:\\\/\\\/www.organisator.ch\\\/wp-content\\\/uploads\\\/2024\\\/02\\\/Mazars-Andre_Kuhn_Portrait_ps.jpg\",\"keywords\":[\"Management\",\"Partnerschaft\",\"Steuerexperte\",\"Unternehmen\"],\"articleSection\":[\"MANAGEMENT\"],\"inLanguage\":\"fr-FR\"},{\"@type\":\"WebPage\",\"@id\":\"https:\\\/\\\/www.organisator.ch\\\/management\\\/2024-02-19\\\/mazars-verstaerkt-steuerbereich-in-deutschschweiz-mit-neuem-tax-partner\\\/\",\"url\":\"https:\\\/\\\/www.organisator.ch\\\/management\\\/2024-02-19\\\/mazars-verstaerkt-steuerbereich-in-deutschschweiz-mit-neuem-tax-partner\\\/\",\"name\":\"Mazars verst\u00e4rkt Steuerbereich in Deutschschweiz mit neuem Tax Partner - Organisator\",\"isPartOf\":{\"@id\":\"https:\\\/\\\/www.organisator.ch\\\/#website\"},\"primaryImageOfPage\":{\"@id\":\"https:\\\/\\\/www.organisator.ch\\\/management\\\/2024-02-19\\\/mazars-verstaerkt-steuerbereich-in-deutschschweiz-mit-neuem-tax-partner\\\/#primaryimage\"},\"image\":{\"@id\":\"https:\\\/\\\/www.organisator.ch\\\/management\\\/2024-02-19\\\/mazars-verstaerkt-steuerbereich-in-deutschschweiz-mit-neuem-tax-partner\\\/#primaryimage\"},\"thumbnailUrl\":\"https:\\\/\\\/www.organisator.ch\\\/wp-content\\\/uploads\\\/2024\\\/02\\\/Mazars-Andre_Kuhn_Portrait_ps.jpg\",\"datePublished\":\"2024-02-19T08:58:51+00:00\",\"description\":\"Mazars, ein f\u00fchrendes internationales Unternehmen, holt den erfahrenen Steuerexperten Andr\u00e9 Kuhn als Partner an Bord.\",\"breadcrumb\":{\"@id\":\"https:\\\/\\\/www.organisator.ch\\\/management\\\/2024-02-19\\\/mazars-verstaerkt-steuerbereich-in-deutschschweiz-mit-neuem-tax-partner\\\/#breadcrumb\"},\"inLanguage\":\"fr-FR\",\"potentialAction\":[{\"@type\":\"ReadAction\",\"target\":[\"https:\\\/\\\/www.organisator.ch\\\/management\\\/2024-02-19\\\/mazars-verstaerkt-steuerbereich-in-deutschschweiz-mit-neuem-tax-partner\\\/\"]}]},{\"@type\":\"ImageObject\",\"inLanguage\":\"fr-FR\",\"@id\":\"https:\\\/\\\/www.organisator.ch\\\/management\\\/2024-02-19\\\/mazars-verstaerkt-steuerbereich-in-deutschschweiz-mit-neuem-tax-partner\\\/#primaryimage\",\"url\":\"https:\\\/\\\/www.organisator.ch\\\/wp-content\\\/uploads\\\/2024\\\/02\\\/Mazars-Andre_Kuhn_Portrait_ps.jpg\",\"contentUrl\":\"https:\\\/\\\/www.organisator.ch\\\/wp-content\\\/uploads\\\/2024\\\/02\\\/Mazars-Andre_Kuhn_Portrait_ps.jpg\",\"width\":680,\"height\":648,\"caption\":\"Andr\u00e9 Kuhn - dipl. Steuerexperte und der neue Partner von Mazars. (Bild: www.mazars.ch)\"},{\"@type\":\"BreadcrumbList\",\"@id\":\"https:\\\/\\\/www.organisator.ch\\\/management\\\/2024-02-19\\\/mazars-verstaerkt-steuerbereich-in-deutschschweiz-mit-neuem-tax-partner\\\/#breadcrumb\",\"itemListElement\":[{\"@type\":\"ListItem\",\"position\":1,\"name\":\"Home\",\"item\":\"https:\\\/\\\/www.organisator.ch\\\/\"},{\"@type\":\"ListItem\",\"position\":2,\"name\":\"Mazars verst\u00e4rkt Steuerbereich in Deutschschweiz mit neuem Tax Partner\"}]},{\"@type\":\"WebSite\",\"@id\":\"https:\\\/\\\/www.organisator.ch\\\/#website\",\"url\":\"https:\\\/\\\/www.organisator.ch\\\/\",\"name\":\"Organisator\",\"description\":\"Kompetent. Praxisnah. Der ORGANISATOR bereitet in 10 Ausgaben pro Jahr die wesentlichen Themen f\u00fcr F\u00fchrungskr\u00e4fte von KMU auf.\",\"publisher\":{\"@id\":\"https:\\\/\\\/www.organisator.ch\\\/#organization\"},\"potentialAction\":[{\"@type\":\"SearchAction\",\"target\":{\"@type\":\"EntryPoint\",\"urlTemplate\":\"https:\\\/\\\/www.organisator.ch\\\/?s={search_term_string}\"},\"query-input\":{\"@type\":\"PropertyValueSpecification\",\"valueRequired\":true,\"valueName\":\"search_term_string\"}}],\"inLanguage\":\"fr-FR\"},{\"@type\":\"Organization\",\"@id\":\"https:\\\/\\\/www.organisator.ch\\\/#organization\",\"name\":\"Organisator\",\"url\":\"https:\\\/\\\/www.organisator.ch\\\/\",\"logo\":{\"@type\":\"ImageObject\",\"inLanguage\":\"fr-FR\",\"@id\":\"https:\\\/\\\/www.organisator.ch\\\/#\\\/schema\\\/logo\\\/image\\\/\",\"url\":\"https:\\\/\\\/www.organisator.ch\\\/wp-content\\\/uploads\\\/2022\\\/01\\\/Logo_Organisator_Website.png\",\"contentUrl\":\"https:\\\/\\\/www.organisator.ch\\\/wp-content\\\/uploads\\\/2022\\\/01\\\/Logo_Organisator_Website.png\",\"width\":800,\"height\":77,\"caption\":\"Organisator\"},\"image\":{\"@id\":\"https:\\\/\\\/www.organisator.ch\\\/#\\\/schema\\\/logo\\\/image\\\/\"},\"sameAs\":[\"https:\\\/\\\/www.facebook.com\\\/OrganisatorFachmagazin\",\"https:\\\/\\\/www.linkedin.com\\\/showcase\\\/organisator-das-magazin-fr-kmu\",\"https:\\\/\\\/www.xing.com\\\/news\\\/pages\\\/organisator-ch-695\",\"https:\\\/\\\/www.youtube.com\\\/channel\\\/UCGP2Sq0iWaZwT3BdIAQFYpw\"]},{\"@type\":\"Person\",\"@id\":\"https:\\\/\\\/www.organisator.ch\\\/#\\\/schema\\\/person\\\/2e1314a2172123f874db408d8911d3f3\",\"name\":\"Adelisa Kalajdzini\",\"image\":{\"@type\":\"ImageObject\",\"inLanguage\":\"fr-FR\",\"@id\":\"https:\\\/\\\/secure.gravatar.com\\\/avatar\\\/09a397c22ac58cad6f160ee8306348599df9df58a8ede73696226897b9fa4b24?s=96&d=mm&r=g\",\"url\":\"https:\\\/\\\/secure.gravatar.com\\\/avatar\\\/09a397c22ac58cad6f160ee8306348599df9df58a8ede73696226897b9fa4b24?s=96&d=mm&r=g\",\"contentUrl\":\"https:\\\/\\\/secure.gravatar.com\\\/avatar\\\/09a397c22ac58cad6f160ee8306348599df9df58a8ede73696226897b9fa4b24?s=96&d=mm&r=g\",\"caption\":\"Adelisa Kalajdzini\"},\"url\":\"https:\\\/\\\/www.organisator.ch\\\/fr\\\/author\\\/adelisa-kalajdzini\\\/\"}]}<\/script>\n<!-- \/ Yoast SEO plugin. -->","yoast_head_json":{"title":"Mazars renforce son p\u00f4le fiscal en Suisse al\u00e9manique avec un nouvel associ\u00e9 fiscal - Organisateur","description":"Mazars, l'un des principaux cabinets internationaux, accueille Andr\u00e9 Kuhn, fiscaliste exp\u00e9riment\u00e9, en tant qu'associ\u00e9.","robots":{"index":"index","follow":"follow","max-snippet":"max-snippet:-1","max-image-preview":"max-image-preview:large","max-video-preview":"max-video-preview:-1"},"canonical":"https:\/\/www.organisator.ch\/fr\/gestion-2\/2024-02-19\/mazars-verstaerkt-steuerbereich-in-deutschschweiz-mit-neuem-tax-partner\/","og_locale":"fr_FR","og_type":"article","og_title":"Mazars verst\u00e4rkt Steuerbereich in Deutschschweiz mit neuem Tax Partner","og_description":"Mazars, ein f\u00fchrendes internationales Unternehmen, holt den erfahrenen Steuerexperten Andr\u00e9 Kuhn als Partner an Bord.","og_url":"https:\/\/www.organisator.ch\/fr\/gestion-2\/2024-02-19\/mazars-verstaerkt-steuerbereich-in-deutschschweiz-mit-neuem-tax-partner\/","og_site_name":"Organisator","article_publisher":"https:\/\/www.facebook.com\/OrganisatorFachmagazin","article_published_time":"2024-02-19T08:58:51+00:00","og_image":[{"width":680,"height":648,"url":"https:\/\/www.organisator.ch\/wp-content\/uploads\/2024\/02\/Mazars-Andre_Kuhn_Portrait_ps.jpg","type":"image\/jpeg"}],"author":"Adelisa Kalajdzini","twitter_card":"summary_large_image","twitter_title":"Mazars verst\u00e4rkt Steuerbereich in Deutschschweiz mit neuem Tax Partner","twitter_description":"#Mazars, ein f\u00fchrendes internationales #Unternehmen, holt den erfahrenen #Steuerexperten Andr\u00e9 Kuhn als #Partner an Bord.","twitter_image":"https:\/\/www.organisator.ch\/wp-content\/uploads\/2024\/02\/Mazars-Andre_Kuhn_Portrait_ps.jpg","schema":{"@context":"https:\/\/schema.org","@graph":[{"@type":"Article","@id":"https:\/\/www.organisator.ch\/management\/2024-02-19\/mazars-verstaerkt-steuerbereich-in-deutschschweiz-mit-neuem-tax-partner\/#article","isPartOf":{"@id":"https:\/\/www.organisator.ch\/management\/2024-02-19\/mazars-verstaerkt-steuerbereich-in-deutschschweiz-mit-neuem-tax-partner\/"},"author":{"name":"Adelisa Kalajdzini","@id":"https:\/\/www.organisator.ch\/#\/schema\/person\/2e1314a2172123f874db408d8911d3f3"},"headline":"Mazars verst\u00e4rkt Steuerbereich in Deutschschweiz mit neuem Tax Partner","datePublished":"2024-02-19T08:58:51+00:00","mainEntityOfPage":{"@id":"https:\/\/www.organisator.ch\/management\/2024-02-19\/mazars-verstaerkt-steuerbereich-in-deutschschweiz-mit-neuem-tax-partner\/"},"wordCount":177,"publisher":{"@id":"https:\/\/www.organisator.ch\/#organization"},"image":{"@id":"https:\/\/www.organisator.ch\/management\/2024-02-19\/mazars-verstaerkt-steuerbereich-in-deutschschweiz-mit-neuem-tax-partner\/#primaryimage"},"thumbnailUrl":"https:\/\/www.organisator.ch\/wp-content\/uploads\/2024\/02\/Mazars-Andre_Kuhn_Portrait_ps.jpg","keywords":["Management","Partnerschaft","Steuerexperte","Unternehmen"],"articleSection":["MANAGEMENT"],"inLanguage":"fr-FR"},{"@type":"WebPage","@id":"https:\/\/www.organisator.ch\/management\/2024-02-19\/mazars-verstaerkt-steuerbereich-in-deutschschweiz-mit-neuem-tax-partner\/","url":"https:\/\/www.organisator.ch\/management\/2024-02-19\/mazars-verstaerkt-steuerbereich-in-deutschschweiz-mit-neuem-tax-partner\/","name":"Mazars renforce son p\u00f4le fiscal en Suisse al\u00e9manique avec un nouvel associ\u00e9 fiscal - Organisateur","isPartOf":{"@id":"https:\/\/www.organisator.ch\/#website"},"primaryImageOfPage":{"@id":"https:\/\/www.organisator.ch\/management\/2024-02-19\/mazars-verstaerkt-steuerbereich-in-deutschschweiz-mit-neuem-tax-partner\/#primaryimage"},"image":{"@id":"https:\/\/www.organisator.ch\/management\/2024-02-19\/mazars-verstaerkt-steuerbereich-in-deutschschweiz-mit-neuem-tax-partner\/#primaryimage"},"thumbnailUrl":"https:\/\/www.organisator.ch\/wp-content\/uploads\/2024\/02\/Mazars-Andre_Kuhn_Portrait_ps.jpg","datePublished":"2024-02-19T08:58:51+00:00","description":"Mazars, l'un des principaux cabinets internationaux, accueille Andr\u00e9 Kuhn, fiscaliste exp\u00e9riment\u00e9, en tant qu'associ\u00e9.","breadcrumb":{"@id":"https:\/\/www.organisator.ch\/management\/2024-02-19\/mazars-verstaerkt-steuerbereich-in-deutschschweiz-mit-neuem-tax-partner\/#breadcrumb"},"inLanguage":"fr-FR","potentialAction":[{"@type":"ReadAction","target":["https:\/\/www.organisator.ch\/management\/2024-02-19\/mazars-verstaerkt-steuerbereich-in-deutschschweiz-mit-neuem-tax-partner\/"]}]},{"@type":"ImageObject","inLanguage":"fr-FR","@id":"https:\/\/www.organisator.ch\/management\/2024-02-19\/mazars-verstaerkt-steuerbereich-in-deutschschweiz-mit-neuem-tax-partner\/#primaryimage","url":"https:\/\/www.organisator.ch\/wp-content\/uploads\/2024\/02\/Mazars-Andre_Kuhn_Portrait_ps.jpg","contentUrl":"https:\/\/www.organisator.ch\/wp-content\/uploads\/2024\/02\/Mazars-Andre_Kuhn_Portrait_ps.jpg","width":680,"height":648,"caption":"Andr\u00e9 Kuhn - dipl. Steuerexperte und der neue Partner von Mazars. (Bild: www.mazars.ch)"},{"@type":"BreadcrumbList","@id":"https:\/\/www.organisator.ch\/management\/2024-02-19\/mazars-verstaerkt-steuerbereich-in-deutschschweiz-mit-neuem-tax-partner\/#breadcrumb","itemListElement":[{"@type":"ListItem","position":1,"name":"Home","item":"https:\/\/www.organisator.ch\/"},{"@type":"ListItem","position":2,"name":"Mazars verst\u00e4rkt Steuerbereich in Deutschschweiz mit neuem Tax Partner"}]},{"@type":"WebSite","@id":"https:\/\/www.organisator.ch\/#website","url":"https:\/\/www.organisator.ch\/","name":"Organisateur","description":"Comp\u00e9tence et comp\u00e9tence. Proches de la pratique. L'ORGANISATEUR pr\u00e9pare 10 num\u00e9ros par an sur les th\u00e8mes essentiels pour les dirigeants de PME.","publisher":{"@id":"https:\/\/www.organisator.ch\/#organization"},"potentialAction":[{"@type":"SearchAction","target":{"@type":"EntryPoint","urlTemplate":"https:\/\/www.organisator.ch\/?s={search_term_string}"},"query-input":{"@type":"PropertyValueSpecification","valueRequired":true,"valueName":"search_term_string"}}],"inLanguage":"fr-FR"},{"@type":"Organization","@id":"https:\/\/www.organisator.ch\/#organization","name":"Organisateur","url":"https:\/\/www.organisator.ch\/","logo":{"@type":"ImageObject","inLanguage":"fr-FR","@id":"https:\/\/www.organisator.ch\/#\/schema\/logo\/image\/","url":"https:\/\/www.organisator.ch\/wp-content\/uploads\/2022\/01\/Logo_Organisator_Website.png","contentUrl":"https:\/\/www.organisator.ch\/wp-content\/uploads\/2022\/01\/Logo_Organisator_Website.png","width":800,"height":77,"caption":"Organisator"},"image":{"@id":"https:\/\/www.organisator.ch\/#\/schema\/logo\/image\/"},"sameAs":["https:\/\/www.facebook.com\/OrganisatorFachmagazin","https:\/\/www.linkedin.com\/showcase\/organisator-das-magazin-fr-kmu","https:\/\/www.xing.com\/news\/pages\/organisator-ch-695","https:\/\/www.youtube.com\/channel\/UCGP2Sq0iWaZwT3BdIAQFYpw"]},{"@type":"Person","@id":"https:\/\/www.organisator.ch\/#\/schema\/person\/2e1314a2172123f874db408d8911d3f3","name":"Adelisa Kalajdzini","image":{"@type":"ImageObject","inLanguage":"fr-FR","@id":"https:\/\/secure.gravatar.com\/avatar\/09a397c22ac58cad6f160ee8306348599df9df58a8ede73696226897b9fa4b24?s=96&d=mm&r=g","url":"https:\/\/secure.gravatar.com\/avatar\/09a397c22ac58cad6f160ee8306348599df9df58a8ede73696226897b9fa4b24?s=96&d=mm&r=g","contentUrl":"https:\/\/secure.gravatar.com\/avatar\/09a397c22ac58cad6f160ee8306348599df9df58a8ede73696226897b9fa4b24?s=96&d=mm&r=g","caption":"Adelisa Kalajdzini"},"url":"https:\/\/www.organisator.ch\/fr\/author\/adelisa-kalajdzini\/"}]}},"_links":{"self":[{"href":"https:\/\/www.organisator.ch\/fr\/wp-json\/wp\/v2\/posts\/25090","targetHints":{"allow":["GET"]}}],"collection":[{"href":"https:\/\/www.organisator.ch\/fr\/wp-json\/wp\/v2\/posts"}],"about":[{"href":"https:\/\/www.organisator.ch\/fr\/wp-json\/wp\/v2\/types\/post"}],"author":[{"embeddable":true,"href":"https:\/\/www.organisator.ch\/fr\/wp-json\/wp\/v2\/users\/58"}],"replies":[{"embeddable":true,"href":"https:\/\/www.organisator.ch\/fr\/wp-json\/wp\/v2\/comments?post=25090"}],"version-history":[{"count":4,"href":"https:\/\/www.organisator.ch\/fr\/wp-json\/wp\/v2\/posts\/25090\/revisions"}],"predecessor-version":[{"id":25189,"href":"https:\/\/www.organisator.ch\/fr\/wp-json\/wp\/v2\/posts\/25090\/revisions\/25189"}],"wp:featuredmedia":[{"embeddable":true,"href":"https:\/\/www.organisator.ch\/fr\/wp-json\/wp\/v2\/media\/25091"}],"wp:attachment":[{"href":"https:\/\/www.organisator.ch\/fr\/wp-json\/wp\/v2\/media?parent=25090"}],"wp:term":[{"taxonomy":"category","embeddable":true,"href":"https:\/\/www.organisator.ch\/fr\/wp-json\/wp\/v2\/categories?post=25090"},{"taxonomy":"post_tag","embeddable":true,"href":"https:\/\/www.organisator.ch\/fr\/wp-json\/wp\/v2\/tags?post=25090"}],"curies":[{"name":"wp","href":"https:\/\/api.w.org\/{rel}","templated":true}]}}