{"id":25141,"date":"2024-02-28T22:54:13","date_gmt":"2024-02-28T21:54:13","guid":{"rendered":"https:\/\/www.organisator.ch\/de\/?p=25141"},"modified":"2024-02-20T15:06:08","modified_gmt":"2024-02-20T14:06:08","slug":"mit-neuem-tool-ins-betriebliche-case-management-2-0","status":"publish","type":"post","link":"https:\/\/www.organisator.ch\/fr\/human-resources\/2024-02-28\/mit-neuem-tool-ins-betriebliche-case-management-2-0\/","title":{"rendered":"Un nouvel outil pour la gestion de cas en entreprise 2.0"},"content":{"rendered":"<div class=\"swpm-post-not-logged-in-msg\">Vous devez \u00eatre connect\u00e9 pour voir ce contenu. Veuillez <a class=\"swpm-login-link\" href=\"https:\/\/www.organisator.ch\/login\/\">Se connecter<\/a>. Pas un membre ? <a href=\"https:\/\/www.organisator.ch\/shop\/\">Nous Rejoindre<\/a><\/div>","protected":false},"excerpt":{"rendered":"<p>Il n'existe pas de \"proc\u00e9dure standard\" pour la gestion d'une crise ou la r\u00e9int\u00e9gration de collaborateurs r\u00e9tablis. Les exigences et les besoins sont trop individuels. C'est l\u00e0 que la gestion de cas en entreprise vient en aide aux entreprises. <\/p>","protected":false},"author":1,"featured_media":25140,"comment_status":"closed","ping_status":"closed","sticky":false,"template":"","format":"standard","meta":{"_acf_changed":false,"_yoast_wpseo_focuskw":"Case Management","_yoast_wpseo_metadesc":"Bei der Wiedereingliederung sind die Bed\u00fcrfnisse individuell. Hier greift das Betriebliche Case Management den Unternehmen unter die Arme.","articlekey":"85916","footnotes":""},"categories":[578,579],"tags":[77,4110,254],"class_list":["post-25141","post","type-post","status-publish","format-standard","has-post-thumbnail","hentry","category-abo","category-human-resources","tag-betriebliches-gesundheitsmanagement","tag-case-management","tag-hrm"],"acf":[],"yoast_head":"<!-- This site is optimized with the Yoast SEO plugin v27.5 - https:\/\/yoast.com\/product\/yoast-seo-wordpress\/ -->\n<title>Mit neuem Tool ins Betriebliche Case Management 2.0 - Organisator<\/title>\n<meta name=\"description\" content=\"Bei der Wiedereingliederung sind die Bed\u00fcrfnisse individuell. Hier greift das Betriebliche Case Management den Unternehmen unter die Arme.\" \/>\n<meta name=\"robots\" content=\"index, follow, max-snippet:-1, max-image-preview:large, max-video-preview:-1\" \/>\n<link rel=\"canonical\" href=\"https:\/\/www.organisator.ch\/fr\/ressources-humaines\/2024-02-28\/mit-neuem-tool-ins-betriebliche-case-management-2-0\/\" \/>\n<meta property=\"og:locale\" content=\"fr_FR\" \/>\n<meta property=\"og:type\" content=\"article\" \/>\n<meta property=\"og:title\" content=\"Mit neuem Tool ins Betriebliche Case Management 2.0 - Organisator\" \/>\n<meta property=\"og:description\" content=\"Bei der Wiedereingliederung sind die Bed\u00fcrfnisse individuell. Hier greift das Betriebliche Case Management den Unternehmen unter die Arme.\" \/>\n<meta property=\"og:url\" content=\"https:\/\/www.organisator.ch\/fr\/ressources-humaines\/2024-02-28\/mit-neuem-tool-ins-betriebliche-case-management-2-0\/\" \/>\n<meta property=\"og:site_name\" content=\"Organisator\" \/>\n<meta property=\"article:publisher\" content=\"https:\/\/www.facebook.com\/OrganisatorFachmagazin\" \/>\n<meta property=\"article:published_time\" content=\"2024-02-28T21:54:13+00:00\" \/>\n<meta property=\"og:image\" content=\"https:\/\/www.organisator.ch\/wp-content\/uploads\/2024\/02\/HRM_HealthMedical_Bild_organisator_86009-scaled.jpg\" \/>\n\t<meta property=\"og:image:width\" content=\"1400\" \/>\n\t<meta property=\"og:image:height\" content=\"811\" \/>\n\t<meta property=\"og:image:type\" content=\"image\/jpeg\" \/>\n<meta name=\"author\" content=\"admin\" \/>\n<meta name=\"twitter:card\" content=\"summary_large_image\" \/>\n<script type=\"application\/ld+json\" class=\"yoast-schema-graph\">{\"@context\":\"https:\\\/\\\/schema.org\",\"@graph\":[{\"@type\":\"Article\",\"@id\":\"https:\\\/\\\/www.organisator.ch\\\/human-resources\\\/2024-02-28\\\/mit-neuem-tool-ins-betriebliche-case-management-2-0\\\/#article\",\"isPartOf\":{\"@id\":\"https:\\\/\\\/www.organisator.ch\\\/human-resources\\\/2024-02-28\\\/mit-neuem-tool-ins-betriebliche-case-management-2-0\\\/\"},\"author\":{\"name\":\"admin\",\"@id\":\"https:\\\/\\\/www.organisator.ch\\\/#\\\/schema\\\/person\\\/aa2bace6c5c5aad60102004a50c4eb1c\"},\"headline\":\"Mit neuem Tool ins Betriebliche Case Management 2.0\",\"datePublished\":\"2024-02-28T21:54:13+00:00\",\"mainEntityOfPage\":{\"@id\":\"https:\\\/\\\/www.organisator.ch\\\/human-resources\\\/2024-02-28\\\/mit-neuem-tool-ins-betriebliche-case-management-2-0\\\/\"},\"wordCount\":855,\"publisher\":{\"@id\":\"https:\\\/\\\/www.organisator.ch\\\/#organization\"},\"image\":{\"@id\":\"https:\\\/\\\/www.organisator.ch\\\/human-resources\\\/2024-02-28\\\/mit-neuem-tool-ins-betriebliche-case-management-2-0\\\/#primaryimage\"},\"thumbnailUrl\":\"https:\\\/\\\/www.organisator.ch\\\/wp-content\\\/uploads\\\/2024\\\/02\\\/HRM_HealthMedical_Bild_organisator_86009-scaled.jpg\",\"keywords\":[\"Betriebliches Gesundheitsmanagement\",\"Case Management\",\"HRM\"],\"articleSection\":[\"ABO+\",\"HUMAN RESOURCES\"],\"inLanguage\":\"fr-FR\"},{\"@type\":\"WebPage\",\"@id\":\"https:\\\/\\\/www.organisator.ch\\\/human-resources\\\/2024-02-28\\\/mit-neuem-tool-ins-betriebliche-case-management-2-0\\\/\",\"url\":\"https:\\\/\\\/www.organisator.ch\\\/human-resources\\\/2024-02-28\\\/mit-neuem-tool-ins-betriebliche-case-management-2-0\\\/\",\"name\":\"Mit neuem Tool ins Betriebliche Case Management 2.0 - Organisator\",\"isPartOf\":{\"@id\":\"https:\\\/\\\/www.organisator.ch\\\/#website\"},\"primaryImageOfPage\":{\"@id\":\"https:\\\/\\\/www.organisator.ch\\\/human-resources\\\/2024-02-28\\\/mit-neuem-tool-ins-betriebliche-case-management-2-0\\\/#primaryimage\"},\"image\":{\"@id\":\"https:\\\/\\\/www.organisator.ch\\\/human-resources\\\/2024-02-28\\\/mit-neuem-tool-ins-betriebliche-case-management-2-0\\\/#primaryimage\"},\"thumbnailUrl\":\"https:\\\/\\\/www.organisator.ch\\\/wp-content\\\/uploads\\\/2024\\\/02\\\/HRM_HealthMedical_Bild_organisator_86009-scaled.jpg\",\"datePublished\":\"2024-02-28T21:54:13+00:00\",\"description\":\"Bei der Wiedereingliederung sind die Bed\u00fcrfnisse individuell. Hier greift das Betriebliche Case Management den Unternehmen unter die Arme.\",\"breadcrumb\":{\"@id\":\"https:\\\/\\\/www.organisator.ch\\\/human-resources\\\/2024-02-28\\\/mit-neuem-tool-ins-betriebliche-case-management-2-0\\\/#breadcrumb\"},\"inLanguage\":\"fr-FR\",\"potentialAction\":[{\"@type\":\"ReadAction\",\"target\":[\"https:\\\/\\\/www.organisator.ch\\\/human-resources\\\/2024-02-28\\\/mit-neuem-tool-ins-betriebliche-case-management-2-0\\\/\"]}]},{\"@type\":\"ImageObject\",\"inLanguage\":\"fr-FR\",\"@id\":\"https:\\\/\\\/www.organisator.ch\\\/human-resources\\\/2024-02-28\\\/mit-neuem-tool-ins-betriebliche-case-management-2-0\\\/#primaryimage\",\"url\":\"https:\\\/\\\/www.organisator.ch\\\/wp-content\\\/uploads\\\/2024\\\/02\\\/HRM_HealthMedical_Bild_organisator_86009-scaled.jpg\",\"contentUrl\":\"https:\\\/\\\/www.organisator.ch\\\/wp-content\\\/uploads\\\/2024\\\/02\\\/HRM_HealthMedical_Bild_organisator_86009-scaled.jpg\",\"width\":1400,\"height\":811,\"caption\":\"Eine BCM-Betreuung durch eine externe Fachperson kann die Rechte der Arbeitnehmenden optimal sch\u00fctzen und zugleich eine zielf\u00fchrende Integration vorantreiben. \u00a9 zVg \\\/ Health &amp; Medical Service AG\"},{\"@type\":\"BreadcrumbList\",\"@id\":\"https:\\\/\\\/www.organisator.ch\\\/human-resources\\\/2024-02-28\\\/mit-neuem-tool-ins-betriebliche-case-management-2-0\\\/#breadcrumb\",\"itemListElement\":[{\"@type\":\"ListItem\",\"position\":1,\"name\":\"Home\",\"item\":\"https:\\\/\\\/www.organisator.ch\\\/\"},{\"@type\":\"ListItem\",\"position\":2,\"name\":\"Mit neuem Tool ins Betriebliche Case Management 2.0\"}]},{\"@type\":\"WebSite\",\"@id\":\"https:\\\/\\\/www.organisator.ch\\\/#website\",\"url\":\"https:\\\/\\\/www.organisator.ch\\\/\",\"name\":\"Organisator\",\"description\":\"Kompetent. Praxisnah. Der ORGANISATOR bereitet in 10 Ausgaben pro Jahr die wesentlichen Themen f\u00fcr F\u00fchrungskr\u00e4fte von KMU auf.\",\"publisher\":{\"@id\":\"https:\\\/\\\/www.organisator.ch\\\/#organization\"},\"potentialAction\":[{\"@type\":\"SearchAction\",\"target\":{\"@type\":\"EntryPoint\",\"urlTemplate\":\"https:\\\/\\\/www.organisator.ch\\\/?s={search_term_string}\"},\"query-input\":{\"@type\":\"PropertyValueSpecification\",\"valueRequired\":true,\"valueName\":\"search_term_string\"}}],\"inLanguage\":\"fr-FR\"},{\"@type\":\"Organization\",\"@id\":\"https:\\\/\\\/www.organisator.ch\\\/#organization\",\"name\":\"Organisator\",\"url\":\"https:\\\/\\\/www.organisator.ch\\\/\",\"logo\":{\"@type\":\"ImageObject\",\"inLanguage\":\"fr-FR\",\"@id\":\"https:\\\/\\\/www.organisator.ch\\\/#\\\/schema\\\/logo\\\/image\\\/\",\"url\":\"https:\\\/\\\/www.organisator.ch\\\/wp-content\\\/uploads\\\/2022\\\/01\\\/Logo_Organisator_Website.png\",\"contentUrl\":\"https:\\\/\\\/www.organisator.ch\\\/wp-content\\\/uploads\\\/2022\\\/01\\\/Logo_Organisator_Website.png\",\"width\":800,\"height\":77,\"caption\":\"Organisator\"},\"image\":{\"@id\":\"https:\\\/\\\/www.organisator.ch\\\/#\\\/schema\\\/logo\\\/image\\\/\"},\"sameAs\":[\"https:\\\/\\\/www.facebook.com\\\/OrganisatorFachmagazin\",\"https:\\\/\\\/www.linkedin.com\\\/showcase\\\/organisator-das-magazin-fr-kmu\",\"https:\\\/\\\/www.xing.com\\\/news\\\/pages\\\/organisator-ch-695\",\"https:\\\/\\\/www.youtube.com\\\/channel\\\/UCGP2Sq0iWaZwT3BdIAQFYpw\"]},{\"@type\":\"Person\",\"@id\":\"https:\\\/\\\/www.organisator.ch\\\/#\\\/schema\\\/person\\\/aa2bace6c5c5aad60102004a50c4eb1c\",\"name\":\"admin\",\"image\":{\"@type\":\"ImageObject\",\"inLanguage\":\"fr-FR\",\"@id\":\"https:\\\/\\\/secure.gravatar.com\\\/avatar\\\/ae2f4d718e6c49043e314ce431e7e645d646302a24a5ef5a8bc8e3f5a032e319?s=96&d=mm&r=g\",\"url\":\"https:\\\/\\\/secure.gravatar.com\\\/avatar\\\/ae2f4d718e6c49043e314ce431e7e645d646302a24a5ef5a8bc8e3f5a032e319?s=96&d=mm&r=g\",\"contentUrl\":\"https:\\\/\\\/secure.gravatar.com\\\/avatar\\\/ae2f4d718e6c49043e314ce431e7e645d646302a24a5ef5a8bc8e3f5a032e319?s=96&d=mm&r=g\",\"caption\":\"admin\"},\"sameAs\":[\"https:\\\/\\\/www.organisator.ch\"],\"url\":\"https:\\\/\\\/www.organisator.ch\\\/fr\\\/author\\\/admin\\\/\"}]}<\/script>\n<!-- \/ Yoast SEO plugin. -->","yoast_head_json":{"title":"Un nouvel outil pour la gestion de cas en entreprise 2.0 - Organisateur","description":"Lors de la r\u00e9int\u00e9gration, les besoins sont individuels. C'est l\u00e0 que le Case Management en entreprise vient en aide aux entreprises.","robots":{"index":"index","follow":"follow","max-snippet":"max-snippet:-1","max-image-preview":"max-image-preview:large","max-video-preview":"max-video-preview:-1"},"canonical":"https:\/\/www.organisator.ch\/fr\/ressources-humaines\/2024-02-28\/mit-neuem-tool-ins-betriebliche-case-management-2-0\/","og_locale":"fr_FR","og_type":"article","og_title":"Mit neuem Tool ins Betriebliche Case Management 2.0 - Organisator","og_description":"Bei der Wiedereingliederung sind die Bed\u00fcrfnisse individuell. Hier greift das Betriebliche Case Management den Unternehmen unter die Arme.","og_url":"https:\/\/www.organisator.ch\/fr\/ressources-humaines\/2024-02-28\/mit-neuem-tool-ins-betriebliche-case-management-2-0\/","og_site_name":"Organisator","article_publisher":"https:\/\/www.facebook.com\/OrganisatorFachmagazin","article_published_time":"2024-02-28T21:54:13+00:00","og_image":[{"width":1400,"height":811,"url":"https:\/\/www.organisator.ch\/wp-content\/uploads\/2024\/02\/HRM_HealthMedical_Bild_organisator_86009-scaled.jpg","type":"image\/jpeg"}],"author":"admin","twitter_card":"summary_large_image","schema":{"@context":"https:\/\/schema.org","@graph":[{"@type":"Article","@id":"https:\/\/www.organisator.ch\/human-resources\/2024-02-28\/mit-neuem-tool-ins-betriebliche-case-management-2-0\/#article","isPartOf":{"@id":"https:\/\/www.organisator.ch\/human-resources\/2024-02-28\/mit-neuem-tool-ins-betriebliche-case-management-2-0\/"},"author":{"name":"admin","@id":"https:\/\/www.organisator.ch\/#\/schema\/person\/aa2bace6c5c5aad60102004a50c4eb1c"},"headline":"Mit neuem Tool ins Betriebliche Case Management 2.0","datePublished":"2024-02-28T21:54:13+00:00","mainEntityOfPage":{"@id":"https:\/\/www.organisator.ch\/human-resources\/2024-02-28\/mit-neuem-tool-ins-betriebliche-case-management-2-0\/"},"wordCount":855,"publisher":{"@id":"https:\/\/www.organisator.ch\/#organization"},"image":{"@id":"https:\/\/www.organisator.ch\/human-resources\/2024-02-28\/mit-neuem-tool-ins-betriebliche-case-management-2-0\/#primaryimage"},"thumbnailUrl":"https:\/\/www.organisator.ch\/wp-content\/uploads\/2024\/02\/HRM_HealthMedical_Bild_organisator_86009-scaled.jpg","keywords":["Betriebliches Gesundheitsmanagement","Case Management","HRM"],"articleSection":["ABO+","HUMAN RESOURCES"],"inLanguage":"fr-FR"},{"@type":"WebPage","@id":"https:\/\/www.organisator.ch\/human-resources\/2024-02-28\/mit-neuem-tool-ins-betriebliche-case-management-2-0\/","url":"https:\/\/www.organisator.ch\/human-resources\/2024-02-28\/mit-neuem-tool-ins-betriebliche-case-management-2-0\/","name":"Un nouvel outil pour la gestion de cas en entreprise 2.0 - Organisateur","isPartOf":{"@id":"https:\/\/www.organisator.ch\/#website"},"primaryImageOfPage":{"@id":"https:\/\/www.organisator.ch\/human-resources\/2024-02-28\/mit-neuem-tool-ins-betriebliche-case-management-2-0\/#primaryimage"},"image":{"@id":"https:\/\/www.organisator.ch\/human-resources\/2024-02-28\/mit-neuem-tool-ins-betriebliche-case-management-2-0\/#primaryimage"},"thumbnailUrl":"https:\/\/www.organisator.ch\/wp-content\/uploads\/2024\/02\/HRM_HealthMedical_Bild_organisator_86009-scaled.jpg","datePublished":"2024-02-28T21:54:13+00:00","description":"Lors de la r\u00e9int\u00e9gration, les besoins sont individuels. C'est l\u00e0 que le Case Management en entreprise vient en aide aux entreprises.","breadcrumb":{"@id":"https:\/\/www.organisator.ch\/human-resources\/2024-02-28\/mit-neuem-tool-ins-betriebliche-case-management-2-0\/#breadcrumb"},"inLanguage":"fr-FR","potentialAction":[{"@type":"ReadAction","target":["https:\/\/www.organisator.ch\/human-resources\/2024-02-28\/mit-neuem-tool-ins-betriebliche-case-management-2-0\/"]}]},{"@type":"ImageObject","inLanguage":"fr-FR","@id":"https:\/\/www.organisator.ch\/human-resources\/2024-02-28\/mit-neuem-tool-ins-betriebliche-case-management-2-0\/#primaryimage","url":"https:\/\/www.organisator.ch\/wp-content\/uploads\/2024\/02\/HRM_HealthMedical_Bild_organisator_86009-scaled.jpg","contentUrl":"https:\/\/www.organisator.ch\/wp-content\/uploads\/2024\/02\/HRM_HealthMedical_Bild_organisator_86009-scaled.jpg","width":1400,"height":811,"caption":"Eine BCM-Betreuung durch eine externe Fachperson kann die Rechte der Arbeitnehmenden optimal sch\u00fctzen und zugleich eine zielf\u00fchrende Integration vorantreiben. \u00a9 zVg \/ Health &amp; Medical Service AG"},{"@type":"BreadcrumbList","@id":"https:\/\/www.organisator.ch\/human-resources\/2024-02-28\/mit-neuem-tool-ins-betriebliche-case-management-2-0\/#breadcrumb","itemListElement":[{"@type":"ListItem","position":1,"name":"Home","item":"https:\/\/www.organisator.ch\/"},{"@type":"ListItem","position":2,"name":"Mit neuem Tool ins Betriebliche Case Management 2.0"}]},{"@type":"WebSite","@id":"https:\/\/www.organisator.ch\/#website","url":"https:\/\/www.organisator.ch\/","name":"Organisateur","description":"Comp\u00e9tence et comp\u00e9tence. Proches de la pratique. L'ORGANISATEUR pr\u00e9pare 10 num\u00e9ros par an sur les th\u00e8mes essentiels pour les dirigeants de PME.","publisher":{"@id":"https:\/\/www.organisator.ch\/#organization"},"potentialAction":[{"@type":"SearchAction","target":{"@type":"EntryPoint","urlTemplate":"https:\/\/www.organisator.ch\/?s={search_term_string}"},"query-input":{"@type":"PropertyValueSpecification","valueRequired":true,"valueName":"search_term_string"}}],"inLanguage":"fr-FR"},{"@type":"Organization","@id":"https:\/\/www.organisator.ch\/#organization","name":"Organisateur","url":"https:\/\/www.organisator.ch\/","logo":{"@type":"ImageObject","inLanguage":"fr-FR","@id":"https:\/\/www.organisator.ch\/#\/schema\/logo\/image\/","url":"https:\/\/www.organisator.ch\/wp-content\/uploads\/2022\/01\/Logo_Organisator_Website.png","contentUrl":"https:\/\/www.organisator.ch\/wp-content\/uploads\/2022\/01\/Logo_Organisator_Website.png","width":800,"height":77,"caption":"Organisator"},"image":{"@id":"https:\/\/www.organisator.ch\/#\/schema\/logo\/image\/"},"sameAs":["https:\/\/www.facebook.com\/OrganisatorFachmagazin","https:\/\/www.linkedin.com\/showcase\/organisator-das-magazin-fr-kmu","https:\/\/www.xing.com\/news\/pages\/organisator-ch-695","https:\/\/www.youtube.com\/channel\/UCGP2Sq0iWaZwT3BdIAQFYpw"]},{"@type":"Person","@id":"https:\/\/www.organisator.ch\/#\/schema\/person\/aa2bace6c5c5aad60102004a50c4eb1c","name":"admin","image":{"@type":"ImageObject","inLanguage":"fr-FR","@id":"https:\/\/secure.gravatar.com\/avatar\/ae2f4d718e6c49043e314ce431e7e645d646302a24a5ef5a8bc8e3f5a032e319?s=96&d=mm&r=g","url":"https:\/\/secure.gravatar.com\/avatar\/ae2f4d718e6c49043e314ce431e7e645d646302a24a5ef5a8bc8e3f5a032e319?s=96&d=mm&r=g","contentUrl":"https:\/\/secure.gravatar.com\/avatar\/ae2f4d718e6c49043e314ce431e7e645d646302a24a5ef5a8bc8e3f5a032e319?s=96&d=mm&r=g","caption":"admin"},"sameAs":["https:\/\/www.organisator.ch"],"url":"https:\/\/www.organisator.ch\/fr\/author\/admin\/"}]}},"_links":{"self":[{"href":"https:\/\/www.organisator.ch\/fr\/wp-json\/wp\/v2\/posts\/25141","targetHints":{"allow":["GET"]}}],"collection":[{"href":"https:\/\/www.organisator.ch\/fr\/wp-json\/wp\/v2\/posts"}],"about":[{"href":"https:\/\/www.organisator.ch\/fr\/wp-json\/wp\/v2\/types\/post"}],"author":[{"embeddable":true,"href":"https:\/\/www.organisator.ch\/fr\/wp-json\/wp\/v2\/users\/1"}],"replies":[{"embeddable":true,"href":"https:\/\/www.organisator.ch\/fr\/wp-json\/wp\/v2\/comments?post=25141"}],"version-history":[{"count":2,"href":"https:\/\/www.organisator.ch\/fr\/wp-json\/wp\/v2\/posts\/25141\/revisions"}],"predecessor-version":[{"id":25240,"href":"https:\/\/www.organisator.ch\/fr\/wp-json\/wp\/v2\/posts\/25141\/revisions\/25240"}],"wp:featuredmedia":[{"embeddable":true,"href":"https:\/\/www.organisator.ch\/fr\/wp-json\/wp\/v2\/media\/25140"}],"wp:attachment":[{"href":"https:\/\/www.organisator.ch\/fr\/wp-json\/wp\/v2\/media?parent=25141"}],"wp:term":[{"taxonomy":"category","embeddable":true,"href":"https:\/\/www.organisator.ch\/fr\/wp-json\/wp\/v2\/categories?post=25141"},{"taxonomy":"post_tag","embeddable":true,"href":"https:\/\/www.organisator.ch\/fr\/wp-json\/wp\/v2\/tags?post=25141"}],"curies":[{"name":"wp","href":"https:\/\/api.w.org\/{rel}","templated":true}]}}