{"id":25147,"date":"2024-02-29T01:46:28","date_gmt":"2024-02-29T00:46:28","guid":{"rendered":"https:\/\/www.organisator.ch\/de\/?p=25147"},"modified":"2024-02-20T11:54:53","modified_gmt":"2024-02-20T10:54:53","slug":"reiseunternehmen-machts-vor-sechs-wochen-ferien-fuer-alle","status":"publish","type":"post","link":"https:\/\/www.organisator.ch\/fr\/human-resources\/2024-02-29\/reiseunternehmen-machts-vor-sechs-wochen-ferien-fuer-alle\/","title":{"rendered":"Un voyagiste montre l'exemple : six semaines de vacances pour tous"},"content":{"rendered":"<div class=\"swpm-post-not-logged-in-msg\">Vous devez \u00eatre connect\u00e9 pour voir ce contenu. Veuillez <a class=\"swpm-login-link\" href=\"https:\/\/www.organisator.ch\/login\/\">Se connecter<\/a>. Pas un membre ? <a href=\"https:\/\/www.organisator.ch\/shop\/\">Nous Rejoindre<\/a><\/div>","protected":false},"excerpt":{"rendered":"<p>Le c\u00e9l\u00e8bre groupe Twerenbold Reisen de Baden-R\u00fctihof investit strat\u00e9giquement dans ses collaborateurs et renforce ainsi sa position d'employeur attractif dans une branche qui, comme beaucoup d'autres, souffre d'un manque de personnel qualifi\u00e9. Avec un mod\u00e8le d'horaires flexibles, l'entreprise familiale introduit en outre une autre nouveaut\u00e9 moderne. Le propri\u00e9taire et pr\u00e9sident du conseil d'administration Karim Twerenbold explique cette mesure.<\/p>","protected":false},"author":1,"featured_media":25145,"comment_status":"closed","ping_status":"closed","sticky":false,"template":"","format":"standard","meta":{"_acf_changed":false,"_yoast_wpseo_focuskw":"Reiseunternehmen","_yoast_wpseo_metadesc":"Mit sechs Wochen Ferien und einem flexiblen Gleitzeitmodell f\u00fchrt das Reiseunternehmen Twerenbold zeitgem\u00e4sse Neuerungen ein.","articlekey":"83459","footnotes":""},"categories":[578,579],"tags":[172,254,4108],"class_list":["post-25147","post","type-post","status-publish","format-standard","has-post-thumbnail","hentry","category-abo","category-human-resources","tag-employer-branding","tag-hrm","tag-reisebranche"],"acf":[],"yoast_head":"<!-- This site is optimized with the Yoast SEO plugin v27.5 - https:\/\/yoast.com\/product\/yoast-seo-wordpress\/ -->\n<title>Reiseunternehmen macht&#039;s vor: sechs Wochen Ferien f\u00fcr alle - Organisator<\/title>\n<meta name=\"description\" content=\"Mit sechs Wochen Ferien und einem flexiblen Gleitzeitmodell f\u00fchrt das Reiseunternehmen Twerenbold zeitgem\u00e4sse Neuerungen ein.\" \/>\n<meta name=\"robots\" content=\"index, follow, max-snippet:-1, max-image-preview:large, max-video-preview:-1\" \/>\n<link rel=\"canonical\" href=\"https:\/\/www.organisator.ch\/fr\/ressources-humaines\/2024-02-29\/reiseunternehmen-machts-vor-sechs-wochen-ferien-fuer-alle\/\" \/>\n<meta property=\"og:locale\" content=\"fr_FR\" \/>\n<meta property=\"og:type\" content=\"article\" \/>\n<meta property=\"og:title\" content=\"Reiseunternehmen macht&#039;s vor: sechs Wochen Ferien f\u00fcr alle - Organisator\" \/>\n<meta property=\"og:description\" content=\"Mit sechs Wochen Ferien und einem flexiblen Gleitzeitmodell f\u00fchrt das Reiseunternehmen Twerenbold zeitgem\u00e4sse Neuerungen ein.\" \/>\n<meta property=\"og:url\" content=\"https:\/\/www.organisator.ch\/fr\/ressources-humaines\/2024-02-29\/reiseunternehmen-machts-vor-sechs-wochen-ferien-fuer-alle\/\" \/>\n<meta property=\"og:site_name\" content=\"Organisator\" \/>\n<meta property=\"article:publisher\" content=\"https:\/\/www.facebook.com\/OrganisatorFachmagazin\" \/>\n<meta property=\"article:published_time\" content=\"2024-02-29T00:46:28+00:00\" \/>\n<meta property=\"og:image\" content=\"https:\/\/www.organisator.ch\/wp-content\/uploads\/2024\/02\/HRM_Twerenbold_Bild1_organisator_83465.jpg\" \/>\n\t<meta property=\"og:image:width\" content=\"1337\" \/>\n\t<meta property=\"og:image:height\" content=\"1319\" \/>\n\t<meta property=\"og:image:type\" content=\"image\/jpeg\" \/>\n<meta name=\"author\" content=\"admin\" \/>\n<meta name=\"twitter:card\" content=\"summary_large_image\" \/>\n<script type=\"application\/ld+json\" class=\"yoast-schema-graph\">{\"@context\":\"https:\\\/\\\/schema.org\",\"@graph\":[{\"@type\":\"Article\",\"@id\":\"https:\\\/\\\/www.organisator.ch\\\/human-resources\\\/2024-02-29\\\/reiseunternehmen-machts-vor-sechs-wochen-ferien-fuer-alle\\\/#article\",\"isPartOf\":{\"@id\":\"https:\\\/\\\/www.organisator.ch\\\/human-resources\\\/2024-02-29\\\/reiseunternehmen-machts-vor-sechs-wochen-ferien-fuer-alle\\\/\"},\"author\":{\"name\":\"admin\",\"@id\":\"https:\\\/\\\/www.organisator.ch\\\/#\\\/schema\\\/person\\\/aa2bace6c5c5aad60102004a50c4eb1c\"},\"headline\":\"Reiseunternehmen macht&#8217;s vor: sechs Wochen Ferien f\u00fcr alle\",\"datePublished\":\"2024-02-29T00:46:28+00:00\",\"mainEntityOfPage\":{\"@id\":\"https:\\\/\\\/www.organisator.ch\\\/human-resources\\\/2024-02-29\\\/reiseunternehmen-machts-vor-sechs-wochen-ferien-fuer-alle\\\/\"},\"wordCount\":1115,\"publisher\":{\"@id\":\"https:\\\/\\\/www.organisator.ch\\\/#organization\"},\"image\":{\"@id\":\"https:\\\/\\\/www.organisator.ch\\\/human-resources\\\/2024-02-29\\\/reiseunternehmen-machts-vor-sechs-wochen-ferien-fuer-alle\\\/#primaryimage\"},\"thumbnailUrl\":\"https:\\\/\\\/www.organisator.ch\\\/wp-content\\\/uploads\\\/2024\\\/02\\\/HRM_Twerenbold_Bild1_organisator_83465.jpg\",\"keywords\":[\"Employer Branding\",\"HRM\",\"Reisebranche\"],\"articleSection\":[\"ABO+\",\"HUMAN RESOURCES\"],\"inLanguage\":\"fr-FR\"},{\"@type\":\"WebPage\",\"@id\":\"https:\\\/\\\/www.organisator.ch\\\/human-resources\\\/2024-02-29\\\/reiseunternehmen-machts-vor-sechs-wochen-ferien-fuer-alle\\\/\",\"url\":\"https:\\\/\\\/www.organisator.ch\\\/human-resources\\\/2024-02-29\\\/reiseunternehmen-machts-vor-sechs-wochen-ferien-fuer-alle\\\/\",\"name\":\"Reiseunternehmen macht's vor: sechs Wochen Ferien f\u00fcr alle - Organisator\",\"isPartOf\":{\"@id\":\"https:\\\/\\\/www.organisator.ch\\\/#website\"},\"primaryImageOfPage\":{\"@id\":\"https:\\\/\\\/www.organisator.ch\\\/human-resources\\\/2024-02-29\\\/reiseunternehmen-machts-vor-sechs-wochen-ferien-fuer-alle\\\/#primaryimage\"},\"image\":{\"@id\":\"https:\\\/\\\/www.organisator.ch\\\/human-resources\\\/2024-02-29\\\/reiseunternehmen-machts-vor-sechs-wochen-ferien-fuer-alle\\\/#primaryimage\"},\"thumbnailUrl\":\"https:\\\/\\\/www.organisator.ch\\\/wp-content\\\/uploads\\\/2024\\\/02\\\/HRM_Twerenbold_Bild1_organisator_83465.jpg\",\"datePublished\":\"2024-02-29T00:46:28+00:00\",\"description\":\"Mit sechs Wochen Ferien und einem flexiblen Gleitzeitmodell f\u00fchrt das Reiseunternehmen Twerenbold zeitgem\u00e4sse Neuerungen ein.\",\"breadcrumb\":{\"@id\":\"https:\\\/\\\/www.organisator.ch\\\/human-resources\\\/2024-02-29\\\/reiseunternehmen-machts-vor-sechs-wochen-ferien-fuer-alle\\\/#breadcrumb\"},\"inLanguage\":\"fr-FR\",\"potentialAction\":[{\"@type\":\"ReadAction\",\"target\":[\"https:\\\/\\\/www.organisator.ch\\\/human-resources\\\/2024-02-29\\\/reiseunternehmen-machts-vor-sechs-wochen-ferien-fuer-alle\\\/\"]}]},{\"@type\":\"ImageObject\",\"inLanguage\":\"fr-FR\",\"@id\":\"https:\\\/\\\/www.organisator.ch\\\/human-resources\\\/2024-02-29\\\/reiseunternehmen-machts-vor-sechs-wochen-ferien-fuer-alle\\\/#primaryimage\",\"url\":\"https:\\\/\\\/www.organisator.ch\\\/wp-content\\\/uploads\\\/2024\\\/02\\\/HRM_Twerenbold_Bild1_organisator_83465.jpg\",\"contentUrl\":\"https:\\\/\\\/www.organisator.ch\\\/wp-content\\\/uploads\\\/2024\\\/02\\\/HRM_Twerenbold_Bild1_organisator_83465.jpg\",\"width\":1337,\"height\":1319,\"caption\":\"Auch Ferienprofis brauchen mal Ferien ... \u00a9 Pixabay.com\"},{\"@type\":\"BreadcrumbList\",\"@id\":\"https:\\\/\\\/www.organisator.ch\\\/human-resources\\\/2024-02-29\\\/reiseunternehmen-machts-vor-sechs-wochen-ferien-fuer-alle\\\/#breadcrumb\",\"itemListElement\":[{\"@type\":\"ListItem\",\"position\":1,\"name\":\"Home\",\"item\":\"https:\\\/\\\/www.organisator.ch\\\/\"},{\"@type\":\"ListItem\",\"position\":2,\"name\":\"Reiseunternehmen macht&#8217;s vor: sechs Wochen Ferien f\u00fcr alle\"}]},{\"@type\":\"WebSite\",\"@id\":\"https:\\\/\\\/www.organisator.ch\\\/#website\",\"url\":\"https:\\\/\\\/www.organisator.ch\\\/\",\"name\":\"Organisator\",\"description\":\"Kompetent. Praxisnah. Der ORGANISATOR bereitet in 10 Ausgaben pro Jahr die wesentlichen Themen f\u00fcr F\u00fchrungskr\u00e4fte von KMU auf.\",\"publisher\":{\"@id\":\"https:\\\/\\\/www.organisator.ch\\\/#organization\"},\"potentialAction\":[{\"@type\":\"SearchAction\",\"target\":{\"@type\":\"EntryPoint\",\"urlTemplate\":\"https:\\\/\\\/www.organisator.ch\\\/?s={search_term_string}\"},\"query-input\":{\"@type\":\"PropertyValueSpecification\",\"valueRequired\":true,\"valueName\":\"search_term_string\"}}],\"inLanguage\":\"fr-FR\"},{\"@type\":\"Organization\",\"@id\":\"https:\\\/\\\/www.organisator.ch\\\/#organization\",\"name\":\"Organisator\",\"url\":\"https:\\\/\\\/www.organisator.ch\\\/\",\"logo\":{\"@type\":\"ImageObject\",\"inLanguage\":\"fr-FR\",\"@id\":\"https:\\\/\\\/www.organisator.ch\\\/#\\\/schema\\\/logo\\\/image\\\/\",\"url\":\"https:\\\/\\\/www.organisator.ch\\\/wp-content\\\/uploads\\\/2022\\\/01\\\/Logo_Organisator_Website.png\",\"contentUrl\":\"https:\\\/\\\/www.organisator.ch\\\/wp-content\\\/uploads\\\/2022\\\/01\\\/Logo_Organisator_Website.png\",\"width\":800,\"height\":77,\"caption\":\"Organisator\"},\"image\":{\"@id\":\"https:\\\/\\\/www.organisator.ch\\\/#\\\/schema\\\/logo\\\/image\\\/\"},\"sameAs\":[\"https:\\\/\\\/www.facebook.com\\\/OrganisatorFachmagazin\",\"https:\\\/\\\/www.linkedin.com\\\/showcase\\\/organisator-das-magazin-fr-kmu\",\"https:\\\/\\\/www.xing.com\\\/news\\\/pages\\\/organisator-ch-695\",\"https:\\\/\\\/www.youtube.com\\\/channel\\\/UCGP2Sq0iWaZwT3BdIAQFYpw\"]},{\"@type\":\"Person\",\"@id\":\"https:\\\/\\\/www.organisator.ch\\\/#\\\/schema\\\/person\\\/aa2bace6c5c5aad60102004a50c4eb1c\",\"name\":\"admin\",\"image\":{\"@type\":\"ImageObject\",\"inLanguage\":\"fr-FR\",\"@id\":\"https:\\\/\\\/secure.gravatar.com\\\/avatar\\\/ae2f4d718e6c49043e314ce431e7e645d646302a24a5ef5a8bc8e3f5a032e319?s=96&d=mm&r=g\",\"url\":\"https:\\\/\\\/secure.gravatar.com\\\/avatar\\\/ae2f4d718e6c49043e314ce431e7e645d646302a24a5ef5a8bc8e3f5a032e319?s=96&d=mm&r=g\",\"contentUrl\":\"https:\\\/\\\/secure.gravatar.com\\\/avatar\\\/ae2f4d718e6c49043e314ce431e7e645d646302a24a5ef5a8bc8e3f5a032e319?s=96&d=mm&r=g\",\"caption\":\"admin\"},\"sameAs\":[\"https:\\\/\\\/www.organisator.ch\"],\"url\":\"https:\\\/\\\/www.organisator.ch\\\/fr\\\/author\\\/admin\\\/\"}]}<\/script>\n<!-- \/ Yoast SEO plugin. -->","yoast_head_json":{"title":"Un voyagiste montre l'exemple : six semaines de vacances pour tous - Organisateur","description":"Avec six semaines de vacances et un mod\u00e8le d'horaire flexible, le voyagiste Twerenbold introduit des nouveaut\u00e9s modernes.","robots":{"index":"index","follow":"follow","max-snippet":"max-snippet:-1","max-image-preview":"max-image-preview:large","max-video-preview":"max-video-preview:-1"},"canonical":"https:\/\/www.organisator.ch\/fr\/ressources-humaines\/2024-02-29\/reiseunternehmen-machts-vor-sechs-wochen-ferien-fuer-alle\/","og_locale":"fr_FR","og_type":"article","og_title":"Reiseunternehmen macht's vor: sechs Wochen Ferien f\u00fcr alle - Organisator","og_description":"Mit sechs Wochen Ferien und einem flexiblen Gleitzeitmodell f\u00fchrt das Reiseunternehmen Twerenbold zeitgem\u00e4sse Neuerungen ein.","og_url":"https:\/\/www.organisator.ch\/fr\/ressources-humaines\/2024-02-29\/reiseunternehmen-machts-vor-sechs-wochen-ferien-fuer-alle\/","og_site_name":"Organisator","article_publisher":"https:\/\/www.facebook.com\/OrganisatorFachmagazin","article_published_time":"2024-02-29T00:46:28+00:00","og_image":[{"width":1337,"height":1319,"url":"https:\/\/www.organisator.ch\/wp-content\/uploads\/2024\/02\/HRM_Twerenbold_Bild1_organisator_83465.jpg","type":"image\/jpeg"}],"author":"admin","twitter_card":"summary_large_image","schema":{"@context":"https:\/\/schema.org","@graph":[{"@type":"Article","@id":"https:\/\/www.organisator.ch\/human-resources\/2024-02-29\/reiseunternehmen-machts-vor-sechs-wochen-ferien-fuer-alle\/#article","isPartOf":{"@id":"https:\/\/www.organisator.ch\/human-resources\/2024-02-29\/reiseunternehmen-machts-vor-sechs-wochen-ferien-fuer-alle\/"},"author":{"name":"admin","@id":"https:\/\/www.organisator.ch\/#\/schema\/person\/aa2bace6c5c5aad60102004a50c4eb1c"},"headline":"Reiseunternehmen macht&#8217;s vor: sechs Wochen Ferien f\u00fcr alle","datePublished":"2024-02-29T00:46:28+00:00","mainEntityOfPage":{"@id":"https:\/\/www.organisator.ch\/human-resources\/2024-02-29\/reiseunternehmen-machts-vor-sechs-wochen-ferien-fuer-alle\/"},"wordCount":1115,"publisher":{"@id":"https:\/\/www.organisator.ch\/#organization"},"image":{"@id":"https:\/\/www.organisator.ch\/human-resources\/2024-02-29\/reiseunternehmen-machts-vor-sechs-wochen-ferien-fuer-alle\/#primaryimage"},"thumbnailUrl":"https:\/\/www.organisator.ch\/wp-content\/uploads\/2024\/02\/HRM_Twerenbold_Bild1_organisator_83465.jpg","keywords":["Employer Branding","HRM","Reisebranche"],"articleSection":["ABO+","HUMAN RESOURCES"],"inLanguage":"fr-FR"},{"@type":"WebPage","@id":"https:\/\/www.organisator.ch\/human-resources\/2024-02-29\/reiseunternehmen-machts-vor-sechs-wochen-ferien-fuer-alle\/","url":"https:\/\/www.organisator.ch\/human-resources\/2024-02-29\/reiseunternehmen-machts-vor-sechs-wochen-ferien-fuer-alle\/","name":"Un voyagiste montre l'exemple : six semaines de vacances pour tous - Organisateur","isPartOf":{"@id":"https:\/\/www.organisator.ch\/#website"},"primaryImageOfPage":{"@id":"https:\/\/www.organisator.ch\/human-resources\/2024-02-29\/reiseunternehmen-machts-vor-sechs-wochen-ferien-fuer-alle\/#primaryimage"},"image":{"@id":"https:\/\/www.organisator.ch\/human-resources\/2024-02-29\/reiseunternehmen-machts-vor-sechs-wochen-ferien-fuer-alle\/#primaryimage"},"thumbnailUrl":"https:\/\/www.organisator.ch\/wp-content\/uploads\/2024\/02\/HRM_Twerenbold_Bild1_organisator_83465.jpg","datePublished":"2024-02-29T00:46:28+00:00","description":"Avec six semaines de vacances et un mod\u00e8le d'horaire flexible, le voyagiste Twerenbold introduit des nouveaut\u00e9s modernes.","breadcrumb":{"@id":"https:\/\/www.organisator.ch\/human-resources\/2024-02-29\/reiseunternehmen-machts-vor-sechs-wochen-ferien-fuer-alle\/#breadcrumb"},"inLanguage":"fr-FR","potentialAction":[{"@type":"ReadAction","target":["https:\/\/www.organisator.ch\/human-resources\/2024-02-29\/reiseunternehmen-machts-vor-sechs-wochen-ferien-fuer-alle\/"]}]},{"@type":"ImageObject","inLanguage":"fr-FR","@id":"https:\/\/www.organisator.ch\/human-resources\/2024-02-29\/reiseunternehmen-machts-vor-sechs-wochen-ferien-fuer-alle\/#primaryimage","url":"https:\/\/www.organisator.ch\/wp-content\/uploads\/2024\/02\/HRM_Twerenbold_Bild1_organisator_83465.jpg","contentUrl":"https:\/\/www.organisator.ch\/wp-content\/uploads\/2024\/02\/HRM_Twerenbold_Bild1_organisator_83465.jpg","width":1337,"height":1319,"caption":"Auch Ferienprofis brauchen mal Ferien ... \u00a9 Pixabay.com"},{"@type":"BreadcrumbList","@id":"https:\/\/www.organisator.ch\/human-resources\/2024-02-29\/reiseunternehmen-machts-vor-sechs-wochen-ferien-fuer-alle\/#breadcrumb","itemListElement":[{"@type":"ListItem","position":1,"name":"Home","item":"https:\/\/www.organisator.ch\/"},{"@type":"ListItem","position":2,"name":"Reiseunternehmen macht&#8217;s vor: sechs Wochen Ferien f\u00fcr alle"}]},{"@type":"WebSite","@id":"https:\/\/www.organisator.ch\/#website","url":"https:\/\/www.organisator.ch\/","name":"Organisateur","description":"Comp\u00e9tence et comp\u00e9tence. Proches de la pratique. L'ORGANISATEUR pr\u00e9pare 10 num\u00e9ros par an sur les th\u00e8mes essentiels pour les dirigeants de PME.","publisher":{"@id":"https:\/\/www.organisator.ch\/#organization"},"potentialAction":[{"@type":"SearchAction","target":{"@type":"EntryPoint","urlTemplate":"https:\/\/www.organisator.ch\/?s={search_term_string}"},"query-input":{"@type":"PropertyValueSpecification","valueRequired":true,"valueName":"search_term_string"}}],"inLanguage":"fr-FR"},{"@type":"Organization","@id":"https:\/\/www.organisator.ch\/#organization","name":"Organisateur","url":"https:\/\/www.organisator.ch\/","logo":{"@type":"ImageObject","inLanguage":"fr-FR","@id":"https:\/\/www.organisator.ch\/#\/schema\/logo\/image\/","url":"https:\/\/www.organisator.ch\/wp-content\/uploads\/2022\/01\/Logo_Organisator_Website.png","contentUrl":"https:\/\/www.organisator.ch\/wp-content\/uploads\/2022\/01\/Logo_Organisator_Website.png","width":800,"height":77,"caption":"Organisator"},"image":{"@id":"https:\/\/www.organisator.ch\/#\/schema\/logo\/image\/"},"sameAs":["https:\/\/www.facebook.com\/OrganisatorFachmagazin","https:\/\/www.linkedin.com\/showcase\/organisator-das-magazin-fr-kmu","https:\/\/www.xing.com\/news\/pages\/organisator-ch-695","https:\/\/www.youtube.com\/channel\/UCGP2Sq0iWaZwT3BdIAQFYpw"]},{"@type":"Person","@id":"https:\/\/www.organisator.ch\/#\/schema\/person\/aa2bace6c5c5aad60102004a50c4eb1c","name":"admin","image":{"@type":"ImageObject","inLanguage":"fr-FR","@id":"https:\/\/secure.gravatar.com\/avatar\/ae2f4d718e6c49043e314ce431e7e645d646302a24a5ef5a8bc8e3f5a032e319?s=96&d=mm&r=g","url":"https:\/\/secure.gravatar.com\/avatar\/ae2f4d718e6c49043e314ce431e7e645d646302a24a5ef5a8bc8e3f5a032e319?s=96&d=mm&r=g","contentUrl":"https:\/\/secure.gravatar.com\/avatar\/ae2f4d718e6c49043e314ce431e7e645d646302a24a5ef5a8bc8e3f5a032e319?s=96&d=mm&r=g","caption":"admin"},"sameAs":["https:\/\/www.organisator.ch"],"url":"https:\/\/www.organisator.ch\/fr\/author\/admin\/"}]}},"_links":{"self":[{"href":"https:\/\/www.organisator.ch\/fr\/wp-json\/wp\/v2\/posts\/25147","targetHints":{"allow":["GET"]}}],"collection":[{"href":"https:\/\/www.organisator.ch\/fr\/wp-json\/wp\/v2\/posts"}],"about":[{"href":"https:\/\/www.organisator.ch\/fr\/wp-json\/wp\/v2\/types\/post"}],"author":[{"embeddable":true,"href":"https:\/\/www.organisator.ch\/fr\/wp-json\/wp\/v2\/users\/1"}],"replies":[{"embeddable":true,"href":"https:\/\/www.organisator.ch\/fr\/wp-json\/wp\/v2\/comments?post=25147"}],"version-history":[{"count":2,"href":"https:\/\/www.organisator.ch\/fr\/wp-json\/wp\/v2\/posts\/25147\/revisions"}],"predecessor-version":[{"id":25227,"href":"https:\/\/www.organisator.ch\/fr\/wp-json\/wp\/v2\/posts\/25147\/revisions\/25227"}],"wp:featuredmedia":[{"embeddable":true,"href":"https:\/\/www.organisator.ch\/fr\/wp-json\/wp\/v2\/media\/25145"}],"wp:attachment":[{"href":"https:\/\/www.organisator.ch\/fr\/wp-json\/wp\/v2\/media?parent=25147"}],"wp:term":[{"taxonomy":"category","embeddable":true,"href":"https:\/\/www.organisator.ch\/fr\/wp-json\/wp\/v2\/categories?post=25147"},{"taxonomy":"post_tag","embeddable":true,"href":"https:\/\/www.organisator.ch\/fr\/wp-json\/wp\/v2\/tags?post=25147"}],"curies":[{"name":"wp","href":"https:\/\/api.w.org\/{rel}","templated":true}]}}