{"id":25166,"date":"2024-02-28T20:52:48","date_gmt":"2024-02-28T19:52:48","guid":{"rendered":"https:\/\/www.organisator.ch\/de\/?p=25166"},"modified":"2024-02-20T10:03:49","modified_gmt":"2024-02-20T09:03:49","slug":"fuer-lieferketten-ohne-schwarze-schafe","status":"publish","type":"post","link":"https:\/\/www.organisator.ch\/fr\/sustainability\/2024-02-28\/fuer-lieferketten-ohne-schwarze-schafe\/","title":{"rendered":"Pour des cha\u00eenes d'approvisionnement sans moutons noirs"},"content":{"rendered":"<div class=\"swpm-post-not-logged-in-msg\">Vous devez \u00eatre connect\u00e9 pour voir ce contenu. Veuillez <a class=\"swpm-login-link\" href=\"https:\/\/www.organisator.ch\/login\/\">Se connecter<\/a>. Pas un membre ? <a href=\"https:\/\/www.organisator.ch\/shop\/\">Nous Rejoindre<\/a><\/div>","protected":false},"excerpt":{"rendered":"<p>Depuis le 1er janvier, tous les fournisseurs suisses d'entreprises allemandes sont tenus de respecter la nouvelle loi sur le devoir de vigilance dans la cha\u00eene d'approvisionnement. En Allemagne, cette loi vise \u00e0 emp\u00eacher les abus en mati\u00e8re de droits de l'homme et de protection de l'environnement. Qu'est-ce que cela signifie pour les entreprises suisses ?<\/p>","protected":false},"author":1,"featured_media":25163,"comment_status":"closed","ping_status":"closed","sticky":false,"template":"","format":"standard","meta":{"_acf_changed":false,"_yoast_wpseo_focuskw":"Lieferketten","_yoast_wpseo_metadesc":"Alle Schweizer Zulieferer von deutschen Unternehmen sind seit dem ersten Januar an das neue Lieferkettensorgfaltspflichtengesetz gebunden.","articlekey":"84477","footnotes":""},"categories":[578,580],"tags":[185,202,462],"class_list":["post-25166","post","type-post","status-publish","format-standard","has-post-thumbnail","hentry","category-abo","category-sustainability","tag-eu-regelung","tag-finanzenrecht","tag-supply-chain-management"],"acf":[],"yoast_head":"<!-- This site is optimized with the Yoast SEO plugin v27.5 - https:\/\/yoast.com\/product\/yoast-seo-wordpress\/ -->\n<title>F\u00fcr Lieferketten ohne schwarze Schafe - Organisator<\/title>\n<meta name=\"description\" content=\"Alle Schweizer Zulieferer von deutschen Unternehmen sind seit dem ersten Januar an das neue Lieferkettensorgfaltspflichtengesetz gebunden.\" \/>\n<meta name=\"robots\" content=\"index, follow, max-snippet:-1, max-image-preview:large, max-video-preview:-1\" \/>\n<link rel=\"canonical\" href=\"https:\/\/www.organisator.ch\/fr\/sustainability\/2024-02-28\/fuer-lieferketten-ohne-schwarze-schafe\/\" \/>\n<meta property=\"og:locale\" content=\"fr_FR\" \/>\n<meta property=\"og:type\" content=\"article\" \/>\n<meta property=\"og:title\" content=\"F\u00fcr Lieferketten ohne schwarze Schafe - Organisator\" \/>\n<meta property=\"og:description\" content=\"Alle Schweizer Zulieferer von deutschen Unternehmen sind seit dem ersten Januar an das neue Lieferkettensorgfaltspflichtengesetz gebunden.\" \/>\n<meta property=\"og:url\" content=\"https:\/\/www.organisator.ch\/fr\/sustainability\/2024-02-28\/fuer-lieferketten-ohne-schwarze-schafe\/\" \/>\n<meta property=\"og:site_name\" content=\"Organisator\" \/>\n<meta property=\"article:publisher\" content=\"https:\/\/www.facebook.com\/OrganisatorFachmagazin\" \/>\n<meta property=\"article:published_time\" content=\"2024-02-28T19:52:48+00:00\" \/>\n<meta property=\"og:image\" content=\"https:\/\/www.organisator.ch\/wp-content\/uploads\/2024\/02\/Sustainability_F-Mueller_Bild_organisator_84505-scaled.jpg\" \/>\n\t<meta property=\"og:image:width\" content=\"1400\" \/>\n\t<meta property=\"og:image:height\" content=\"929\" \/>\n\t<meta property=\"og:image:type\" content=\"image\/jpeg\" \/>\n<meta name=\"author\" content=\"admin\" \/>\n<meta name=\"twitter:card\" content=\"summary_large_image\" \/>\n<script type=\"application\/ld+json\" class=\"yoast-schema-graph\">{\"@context\":\"https:\\\/\\\/schema.org\",\"@graph\":[{\"@type\":\"Article\",\"@id\":\"https:\\\/\\\/www.organisator.ch\\\/sustainability\\\/2024-02-28\\\/fuer-lieferketten-ohne-schwarze-schafe\\\/#article\",\"isPartOf\":{\"@id\":\"https:\\\/\\\/www.organisator.ch\\\/sustainability\\\/2024-02-28\\\/fuer-lieferketten-ohne-schwarze-schafe\\\/\"},\"author\":{\"name\":\"admin\",\"@id\":\"https:\\\/\\\/www.organisator.ch\\\/#\\\/schema\\\/person\\\/aa2bace6c5c5aad60102004a50c4eb1c\"},\"headline\":\"F\u00fcr Lieferketten ohne schwarze Schafe\",\"datePublished\":\"2024-02-28T19:52:48+00:00\",\"mainEntityOfPage\":{\"@id\":\"https:\\\/\\\/www.organisator.ch\\\/sustainability\\\/2024-02-28\\\/fuer-lieferketten-ohne-schwarze-schafe\\\/\"},\"wordCount\":1345,\"publisher\":{\"@id\":\"https:\\\/\\\/www.organisator.ch\\\/#organization\"},\"image\":{\"@id\":\"https:\\\/\\\/www.organisator.ch\\\/sustainability\\\/2024-02-28\\\/fuer-lieferketten-ohne-schwarze-schafe\\\/#primaryimage\"},\"thumbnailUrl\":\"https:\\\/\\\/www.organisator.ch\\\/wp-content\\\/uploads\\\/2024\\\/02\\\/Sustainability_F-Mueller_Bild_organisator_84505-scaled.jpg\",\"keywords\":[\"EU-Regelung\",\"Finanzen\\\/Recht\",\"Supply Chain Management\"],\"articleSection\":[\"ABO+\",\"SUSTAINABILITY\"],\"inLanguage\":\"fr-FR\"},{\"@type\":\"WebPage\",\"@id\":\"https:\\\/\\\/www.organisator.ch\\\/sustainability\\\/2024-02-28\\\/fuer-lieferketten-ohne-schwarze-schafe\\\/\",\"url\":\"https:\\\/\\\/www.organisator.ch\\\/sustainability\\\/2024-02-28\\\/fuer-lieferketten-ohne-schwarze-schafe\\\/\",\"name\":\"F\u00fcr Lieferketten ohne schwarze Schafe - Organisator\",\"isPartOf\":{\"@id\":\"https:\\\/\\\/www.organisator.ch\\\/#website\"},\"primaryImageOfPage\":{\"@id\":\"https:\\\/\\\/www.organisator.ch\\\/sustainability\\\/2024-02-28\\\/fuer-lieferketten-ohne-schwarze-schafe\\\/#primaryimage\"},\"image\":{\"@id\":\"https:\\\/\\\/www.organisator.ch\\\/sustainability\\\/2024-02-28\\\/fuer-lieferketten-ohne-schwarze-schafe\\\/#primaryimage\"},\"thumbnailUrl\":\"https:\\\/\\\/www.organisator.ch\\\/wp-content\\\/uploads\\\/2024\\\/02\\\/Sustainability_F-Mueller_Bild_organisator_84505-scaled.jpg\",\"datePublished\":\"2024-02-28T19:52:48+00:00\",\"description\":\"Alle Schweizer Zulieferer von deutschen Unternehmen sind seit dem ersten Januar an das neue Lieferkettensorgfaltspflichtengesetz gebunden.\",\"breadcrumb\":{\"@id\":\"https:\\\/\\\/www.organisator.ch\\\/sustainability\\\/2024-02-28\\\/fuer-lieferketten-ohne-schwarze-schafe\\\/#breadcrumb\"},\"inLanguage\":\"fr-FR\",\"potentialAction\":[{\"@type\":\"ReadAction\",\"target\":[\"https:\\\/\\\/www.organisator.ch\\\/sustainability\\\/2024-02-28\\\/fuer-lieferketten-ohne-schwarze-schafe\\\/\"]}]},{\"@type\":\"ImageObject\",\"inLanguage\":\"fr-FR\",\"@id\":\"https:\\\/\\\/www.organisator.ch\\\/sustainability\\\/2024-02-28\\\/fuer-lieferketten-ohne-schwarze-schafe\\\/#primaryimage\",\"url\":\"https:\\\/\\\/www.organisator.ch\\\/wp-content\\\/uploads\\\/2024\\\/02\\\/Sustainability_F-Mueller_Bild_organisator_84505-scaled.jpg\",\"contentUrl\":\"https:\\\/\\\/www.organisator.ch\\\/wp-content\\\/uploads\\\/2024\\\/02\\\/Sustainability_F-Mueller_Bild_organisator_84505-scaled.jpg\",\"width\":1400,\"height\":929,\"caption\":\"Das neue Lieferkettensorgfaltspflichtengesetz (LkSG) in Deutschland betrifft auch Schweizer Zulieferer: Sie m\u00fcssen zusichern, dass sie der Einhaltung von Menschenrechten oder Umweltschutzverpflichtungen nachkommen. \u00a9 Depositphotos.com\"},{\"@type\":\"BreadcrumbList\",\"@id\":\"https:\\\/\\\/www.organisator.ch\\\/sustainability\\\/2024-02-28\\\/fuer-lieferketten-ohne-schwarze-schafe\\\/#breadcrumb\",\"itemListElement\":[{\"@type\":\"ListItem\",\"position\":1,\"name\":\"Home\",\"item\":\"https:\\\/\\\/www.organisator.ch\\\/\"},{\"@type\":\"ListItem\",\"position\":2,\"name\":\"F\u00fcr Lieferketten ohne schwarze Schafe\"}]},{\"@type\":\"WebSite\",\"@id\":\"https:\\\/\\\/www.organisator.ch\\\/#website\",\"url\":\"https:\\\/\\\/www.organisator.ch\\\/\",\"name\":\"Organisator\",\"description\":\"Kompetent. Praxisnah. Der ORGANISATOR bereitet in 10 Ausgaben pro Jahr die wesentlichen Themen f\u00fcr F\u00fchrungskr\u00e4fte von KMU auf.\",\"publisher\":{\"@id\":\"https:\\\/\\\/www.organisator.ch\\\/#organization\"},\"potentialAction\":[{\"@type\":\"SearchAction\",\"target\":{\"@type\":\"EntryPoint\",\"urlTemplate\":\"https:\\\/\\\/www.organisator.ch\\\/?s={search_term_string}\"},\"query-input\":{\"@type\":\"PropertyValueSpecification\",\"valueRequired\":true,\"valueName\":\"search_term_string\"}}],\"inLanguage\":\"fr-FR\"},{\"@type\":\"Organization\",\"@id\":\"https:\\\/\\\/www.organisator.ch\\\/#organization\",\"name\":\"Organisator\",\"url\":\"https:\\\/\\\/www.organisator.ch\\\/\",\"logo\":{\"@type\":\"ImageObject\",\"inLanguage\":\"fr-FR\",\"@id\":\"https:\\\/\\\/www.organisator.ch\\\/#\\\/schema\\\/logo\\\/image\\\/\",\"url\":\"https:\\\/\\\/www.organisator.ch\\\/wp-content\\\/uploads\\\/2022\\\/01\\\/Logo_Organisator_Website.png\",\"contentUrl\":\"https:\\\/\\\/www.organisator.ch\\\/wp-content\\\/uploads\\\/2022\\\/01\\\/Logo_Organisator_Website.png\",\"width\":800,\"height\":77,\"caption\":\"Organisator\"},\"image\":{\"@id\":\"https:\\\/\\\/www.organisator.ch\\\/#\\\/schema\\\/logo\\\/image\\\/\"},\"sameAs\":[\"https:\\\/\\\/www.facebook.com\\\/OrganisatorFachmagazin\",\"https:\\\/\\\/www.linkedin.com\\\/showcase\\\/organisator-das-magazin-fr-kmu\",\"https:\\\/\\\/www.xing.com\\\/news\\\/pages\\\/organisator-ch-695\",\"https:\\\/\\\/www.youtube.com\\\/channel\\\/UCGP2Sq0iWaZwT3BdIAQFYpw\"]},{\"@type\":\"Person\",\"@id\":\"https:\\\/\\\/www.organisator.ch\\\/#\\\/schema\\\/person\\\/aa2bace6c5c5aad60102004a50c4eb1c\",\"name\":\"admin\",\"image\":{\"@type\":\"ImageObject\",\"inLanguage\":\"fr-FR\",\"@id\":\"https:\\\/\\\/secure.gravatar.com\\\/avatar\\\/ae2f4d718e6c49043e314ce431e7e645d646302a24a5ef5a8bc8e3f5a032e319?s=96&d=mm&r=g\",\"url\":\"https:\\\/\\\/secure.gravatar.com\\\/avatar\\\/ae2f4d718e6c49043e314ce431e7e645d646302a24a5ef5a8bc8e3f5a032e319?s=96&d=mm&r=g\",\"contentUrl\":\"https:\\\/\\\/secure.gravatar.com\\\/avatar\\\/ae2f4d718e6c49043e314ce431e7e645d646302a24a5ef5a8bc8e3f5a032e319?s=96&d=mm&r=g\",\"caption\":\"admin\"},\"sameAs\":[\"https:\\\/\\\/www.organisator.ch\"],\"url\":\"https:\\\/\\\/www.organisator.ch\\\/fr\\\/author\\\/admin\\\/\"}]}<\/script>\n<!-- \/ Yoast SEO plugin. -->","yoast_head_json":{"title":"Pour des cha\u00eenes d'approvisionnement sans brebis galeuses - Organisateur","description":"Depuis le premier janvier, tous les fournisseurs suisses d'entreprises allemandes sont tenus de respecter la nouvelle loi sur le devoir de vigilance de la cha\u00eene d'approvisionnement.","robots":{"index":"index","follow":"follow","max-snippet":"max-snippet:-1","max-image-preview":"max-image-preview:large","max-video-preview":"max-video-preview:-1"},"canonical":"https:\/\/www.organisator.ch\/fr\/sustainability\/2024-02-28\/fuer-lieferketten-ohne-schwarze-schafe\/","og_locale":"fr_FR","og_type":"article","og_title":"F\u00fcr Lieferketten ohne schwarze Schafe - Organisator","og_description":"Alle Schweizer Zulieferer von deutschen Unternehmen sind seit dem ersten Januar an das neue Lieferkettensorgfaltspflichtengesetz gebunden.","og_url":"https:\/\/www.organisator.ch\/fr\/sustainability\/2024-02-28\/fuer-lieferketten-ohne-schwarze-schafe\/","og_site_name":"Organisator","article_publisher":"https:\/\/www.facebook.com\/OrganisatorFachmagazin","article_published_time":"2024-02-28T19:52:48+00:00","og_image":[{"width":1400,"height":929,"url":"https:\/\/www.organisator.ch\/wp-content\/uploads\/2024\/02\/Sustainability_F-Mueller_Bild_organisator_84505-scaled.jpg","type":"image\/jpeg"}],"author":"admin","twitter_card":"summary_large_image","schema":{"@context":"https:\/\/schema.org","@graph":[{"@type":"Article","@id":"https:\/\/www.organisator.ch\/sustainability\/2024-02-28\/fuer-lieferketten-ohne-schwarze-schafe\/#article","isPartOf":{"@id":"https:\/\/www.organisator.ch\/sustainability\/2024-02-28\/fuer-lieferketten-ohne-schwarze-schafe\/"},"author":{"name":"admin","@id":"https:\/\/www.organisator.ch\/#\/schema\/person\/aa2bace6c5c5aad60102004a50c4eb1c"},"headline":"F\u00fcr Lieferketten ohne schwarze Schafe","datePublished":"2024-02-28T19:52:48+00:00","mainEntityOfPage":{"@id":"https:\/\/www.organisator.ch\/sustainability\/2024-02-28\/fuer-lieferketten-ohne-schwarze-schafe\/"},"wordCount":1345,"publisher":{"@id":"https:\/\/www.organisator.ch\/#organization"},"image":{"@id":"https:\/\/www.organisator.ch\/sustainability\/2024-02-28\/fuer-lieferketten-ohne-schwarze-schafe\/#primaryimage"},"thumbnailUrl":"https:\/\/www.organisator.ch\/wp-content\/uploads\/2024\/02\/Sustainability_F-Mueller_Bild_organisator_84505-scaled.jpg","keywords":["EU-Regelung","Finanzen\/Recht","Supply Chain Management"],"articleSection":["ABO+","SUSTAINABILITY"],"inLanguage":"fr-FR"},{"@type":"WebPage","@id":"https:\/\/www.organisator.ch\/sustainability\/2024-02-28\/fuer-lieferketten-ohne-schwarze-schafe\/","url":"https:\/\/www.organisator.ch\/sustainability\/2024-02-28\/fuer-lieferketten-ohne-schwarze-schafe\/","name":"Pour des cha\u00eenes d'approvisionnement sans brebis galeuses - Organisateur","isPartOf":{"@id":"https:\/\/www.organisator.ch\/#website"},"primaryImageOfPage":{"@id":"https:\/\/www.organisator.ch\/sustainability\/2024-02-28\/fuer-lieferketten-ohne-schwarze-schafe\/#primaryimage"},"image":{"@id":"https:\/\/www.organisator.ch\/sustainability\/2024-02-28\/fuer-lieferketten-ohne-schwarze-schafe\/#primaryimage"},"thumbnailUrl":"https:\/\/www.organisator.ch\/wp-content\/uploads\/2024\/02\/Sustainability_F-Mueller_Bild_organisator_84505-scaled.jpg","datePublished":"2024-02-28T19:52:48+00:00","description":"Depuis le premier janvier, tous les fournisseurs suisses d'entreprises allemandes sont tenus de respecter la nouvelle loi sur le devoir de vigilance de la cha\u00eene d'approvisionnement.","breadcrumb":{"@id":"https:\/\/www.organisator.ch\/sustainability\/2024-02-28\/fuer-lieferketten-ohne-schwarze-schafe\/#breadcrumb"},"inLanguage":"fr-FR","potentialAction":[{"@type":"ReadAction","target":["https:\/\/www.organisator.ch\/sustainability\/2024-02-28\/fuer-lieferketten-ohne-schwarze-schafe\/"]}]},{"@type":"ImageObject","inLanguage":"fr-FR","@id":"https:\/\/www.organisator.ch\/sustainability\/2024-02-28\/fuer-lieferketten-ohne-schwarze-schafe\/#primaryimage","url":"https:\/\/www.organisator.ch\/wp-content\/uploads\/2024\/02\/Sustainability_F-Mueller_Bild_organisator_84505-scaled.jpg","contentUrl":"https:\/\/www.organisator.ch\/wp-content\/uploads\/2024\/02\/Sustainability_F-Mueller_Bild_organisator_84505-scaled.jpg","width":1400,"height":929,"caption":"Das neue Lieferkettensorgfaltspflichtengesetz (LkSG) in Deutschland betrifft auch Schweizer Zulieferer: Sie m\u00fcssen zusichern, dass sie der Einhaltung von Menschenrechten oder Umweltschutzverpflichtungen nachkommen. \u00a9 Depositphotos.com"},{"@type":"BreadcrumbList","@id":"https:\/\/www.organisator.ch\/sustainability\/2024-02-28\/fuer-lieferketten-ohne-schwarze-schafe\/#breadcrumb","itemListElement":[{"@type":"ListItem","position":1,"name":"Home","item":"https:\/\/www.organisator.ch\/"},{"@type":"ListItem","position":2,"name":"F\u00fcr Lieferketten ohne schwarze Schafe"}]},{"@type":"WebSite","@id":"https:\/\/www.organisator.ch\/#website","url":"https:\/\/www.organisator.ch\/","name":"Organisateur","description":"Comp\u00e9tence et comp\u00e9tence. Proches de la pratique. L'ORGANISATEUR pr\u00e9pare 10 num\u00e9ros par an sur les th\u00e8mes essentiels pour les dirigeants de PME.","publisher":{"@id":"https:\/\/www.organisator.ch\/#organization"},"potentialAction":[{"@type":"SearchAction","target":{"@type":"EntryPoint","urlTemplate":"https:\/\/www.organisator.ch\/?s={search_term_string}"},"query-input":{"@type":"PropertyValueSpecification","valueRequired":true,"valueName":"search_term_string"}}],"inLanguage":"fr-FR"},{"@type":"Organization","@id":"https:\/\/www.organisator.ch\/#organization","name":"Organisateur","url":"https:\/\/www.organisator.ch\/","logo":{"@type":"ImageObject","inLanguage":"fr-FR","@id":"https:\/\/www.organisator.ch\/#\/schema\/logo\/image\/","url":"https:\/\/www.organisator.ch\/wp-content\/uploads\/2022\/01\/Logo_Organisator_Website.png","contentUrl":"https:\/\/www.organisator.ch\/wp-content\/uploads\/2022\/01\/Logo_Organisator_Website.png","width":800,"height":77,"caption":"Organisator"},"image":{"@id":"https:\/\/www.organisator.ch\/#\/schema\/logo\/image\/"},"sameAs":["https:\/\/www.facebook.com\/OrganisatorFachmagazin","https:\/\/www.linkedin.com\/showcase\/organisator-das-magazin-fr-kmu","https:\/\/www.xing.com\/news\/pages\/organisator-ch-695","https:\/\/www.youtube.com\/channel\/UCGP2Sq0iWaZwT3BdIAQFYpw"]},{"@type":"Person","@id":"https:\/\/www.organisator.ch\/#\/schema\/person\/aa2bace6c5c5aad60102004a50c4eb1c","name":"admin","image":{"@type":"ImageObject","inLanguage":"fr-FR","@id":"https:\/\/secure.gravatar.com\/avatar\/ae2f4d718e6c49043e314ce431e7e645d646302a24a5ef5a8bc8e3f5a032e319?s=96&d=mm&r=g","url":"https:\/\/secure.gravatar.com\/avatar\/ae2f4d718e6c49043e314ce431e7e645d646302a24a5ef5a8bc8e3f5a032e319?s=96&d=mm&r=g","contentUrl":"https:\/\/secure.gravatar.com\/avatar\/ae2f4d718e6c49043e314ce431e7e645d646302a24a5ef5a8bc8e3f5a032e319?s=96&d=mm&r=g","caption":"admin"},"sameAs":["https:\/\/www.organisator.ch"],"url":"https:\/\/www.organisator.ch\/fr\/author\/admin\/"}]}},"_links":{"self":[{"href":"https:\/\/www.organisator.ch\/fr\/wp-json\/wp\/v2\/posts\/25166","targetHints":{"allow":["GET"]}}],"collection":[{"href":"https:\/\/www.organisator.ch\/fr\/wp-json\/wp\/v2\/posts"}],"about":[{"href":"https:\/\/www.organisator.ch\/fr\/wp-json\/wp\/v2\/types\/post"}],"author":[{"embeddable":true,"href":"https:\/\/www.organisator.ch\/fr\/wp-json\/wp\/v2\/users\/1"}],"replies":[{"embeddable":true,"href":"https:\/\/www.organisator.ch\/fr\/wp-json\/wp\/v2\/comments?post=25166"}],"version-history":[{"count":2,"href":"https:\/\/www.organisator.ch\/fr\/wp-json\/wp\/v2\/posts\/25166\/revisions"}],"predecessor-version":[{"id":25203,"href":"https:\/\/www.organisator.ch\/fr\/wp-json\/wp\/v2\/posts\/25166\/revisions\/25203"}],"wp:featuredmedia":[{"embeddable":true,"href":"https:\/\/www.organisator.ch\/fr\/wp-json\/wp\/v2\/media\/25163"}],"wp:attachment":[{"href":"https:\/\/www.organisator.ch\/fr\/wp-json\/wp\/v2\/media?parent=25166"}],"wp:term":[{"taxonomy":"category","embeddable":true,"href":"https:\/\/www.organisator.ch\/fr\/wp-json\/wp\/v2\/categories?post=25166"},{"taxonomy":"post_tag","embeddable":true,"href":"https:\/\/www.organisator.ch\/fr\/wp-json\/wp\/v2\/tags?post=25166"}],"curies":[{"name":"wp","href":"https:\/\/api.w.org\/{rel}","templated":true}]}}