{"id":25180,"date":"2024-02-19T14:33:43","date_gmt":"2024-02-19T13:33:43","guid":{"rendered":"https:\/\/www.m-q.ch\/?p=19308"},"modified":"2024-11-11T16:41:29","modified_gmt":"2024-11-11T15:41:29","slug":"neue-software-innovationen-aus-der-churer-altstadt","status":"publish","type":"post","link":"https:\/\/www.organisator.ch\/fr\/operational-excellence\/2024-02-19\/neue-software-innovationen-aus-der-churer-altstadt\/","title":{"rendered":"Nouvelles innovations logicielles de la vieille ville de Coire"},"content":{"rendered":"<figure id=\"attachment_19309\" class=\"wp-caption alignnone\" style=\"width: 680px\" aria-describedby=\"caption-attachment-19309\"><img class=\"alignnone wp-image-19309 size-full\" src=\"https:\/\/www.m-q.ch\/wp-content\/uploads\/2024\/02\/Zweigstelle-Chur-Gebaeude_Bild1_ps.jpg\" alt=\"M&amp;F Engineering Coire Agence 2024\" width=\"680\" height=\"579\" \/>\r\n<figcaption id=\"caption-attachment-19309\" class=\"wp-caption-text\">M&amp;F Engineering ouvre une succursale dans la vieille ville de Coire. (Image : www.m-f.ch)<\/figcaption>\r\n<\/figure>\r\n<p>\"Depuis l'automne dernier, nous sommes chez nous \u00e0 la Martinsplatz de Coire\", se r\u00e9jouit Riccardo Gubser, responsable du dernier site de M&amp;F. \"Nous sommes tr\u00e8s heureux d'\u00eatre ici. Cette nouvelle succursale permet \u00e0 l'entreprise suisse de logiciels de se rapprocher de ses clients de Suisse orientale, parmi lesquels des entreprises comme Trumpf ou Hamilton Medical, mais aussi Gietz \u00e0 Gossau, Saint-Gall.<\/p>\r\n<h3><strong>Proximit\u00e9 d'entreprises technologiques et industrielles r\u00e9gionales <\/strong><\/h3>\r\n<p>\"Outre la proximit\u00e9 avec l'industrie r\u00e9gionale, nous appr\u00e9cions la facilit\u00e9 d'acc\u00e8s et bien s\u00fbr la situation privil\u00e9gi\u00e9e dans l'un des plus beaux coins de Coire\", r\u00e9sume Riccardo Gubser pour expliquer les raisons du choix du site. Avec des th\u00e8mes comme la num\u00e9risation des processus ou l'intelligence artificielle, M&amp;F Engineering se caract\u00e9rise par sa curiosit\u00e9 et son esprit d'innovation. L'entreprise de logiciels s'adresse ainsi aux entreprises industrielles et technologiques qui souhaitent optimiser leurs processus de d\u00e9veloppement ou de production.<\/p>\r\n<figure id=\"attachment_19310\" class=\"wp-caption alignnone\" style=\"width: 680px\" aria-describedby=\"caption-attachment-19310\"><img class=\"size-full wp-image-19310\" src=\"https:\/\/www.m-q.ch\/wp-content\/uploads\/2024\/02\/Riccardo_Gubser_Bild2_ps.jpg\" alt=\"\" width=\"680\" height=\"544\" \/>\r\n<figcaption id=\"caption-attachment-19310\" class=\"wp-caption-text\">Riccardo Gubser - directeur du plus r\u00e9cent site M&amp;F. (photo : www.m-f.ch)<\/figcaption>\r\n<\/figure>\r\n<h3><strong>Programme de stage et coop\u00e9ration avec la FHGR <\/strong><\/h3>\r\n<p>D'autre part, M&amp;F Engineering a besoin de collaborateurs comp\u00e9tents. \"Nous sommes toujours int\u00e9ress\u00e9s par des ing\u00e9nieurs logiciels talentueux et proposons, en collaboration avec 25 entreprises partenaires, un programme de formation pratique pour les dipl\u00f4m\u00e9s des hautes \u00e9coles\", explique Riccardo Gubser. De plus, l'entreprise collabore d\u00e9j\u00e0 avec la haute \u00e9cole sp\u00e9cialis\u00e9e des Grisons : M&amp;F Engineering est partenaire de deux fili\u00e8res et permet aux \u00e9tudiants d'acqu\u00e9rir un pr\u00e9cieux aper\u00e7u pratique en Computational and Data Science et Artificial Intelligence in Software Engineering (AISE).<\/p>\r\n<p><em>Source : <a href=\"http:\/\/www.m-f.ch\/\">www.m-f.ch<\/a><\/em><\/p>\n<p class=\"syndicated-attribution\">Cet article est paru initialement sur m-q.ch - <a href=\"https:\/\/www.m-q.ch\/de\/neue-software-innovationen-aus-der-churer-altstadt\/\" target=\"_blank\">https:\/\/www.m-q.ch\/de\/neue-software-innovationen-aus-der-churer-altstadt\/<\/a><\/p>","protected":false},"excerpt":{"rendered":"<p>L'entreprise suisse de logiciels M&amp;F Engineering a ouvert une succursale dans la vieille ville de Coire. De nouveaux postes de travail, des postes de stagiaires passionnants et des solutions logicielles individuelles pour les entreprises technologiques et industrielles apportent des impulsions innovantes dans la capitale cantonale.<\/p>","protected":false},"author":58,"featured_media":0,"comment_status":"closed","ping_status":"closed","sticky":false,"template":"","format":"standard","meta":{"_acf_changed":false,"_yoast_wpseo_focuskw":"M&F Engineering Chur Zweigstelle 2024","_yoast_wpseo_metadesc":"M&F Engineering er\u00f6ffnet eine neue Zweigstelle in Chur. N\u00e4he zu regionalen Technologie- und Industriefirmen.","articlekey":"","footnotes":""},"categories":[582],"tags":[586,424,4100,475,492],"class_list":["post-25180","post","type-post","status-publish","format-standard","hentry","category-operational-excellence","tag-allgemein","tag-schweiz","tag-software-innovationen","tag-technologie","tag-unternehmen"],"acf":[],"yoast_head":"<!-- This site is optimized with the Yoast SEO plugin v27.4 - https:\/\/yoast.com\/product\/yoast-seo-wordpress\/ -->\n<title>Neue Software-Innovationen aus der Churer Altstadt - Organisator<\/title>\n<meta name=\"description\" content=\"M&amp;F Engineering er\u00f6ffnet eine neue Zweigstelle in Chur. N\u00e4he zu regionalen Technologie- und Industriefirmen.\" \/>\n<meta name=\"robots\" content=\"index, follow, max-snippet:-1, max-image-preview:large, max-video-preview:-1\" \/>\n<link rel=\"canonical\" href=\"https:\/\/www.organisator.ch\/fr\/excellence-operationnelle\/2024-02-19\/neue-software-innovationen-aus-der-churer-altstadt\/\" \/>\n<meta property=\"og:locale\" content=\"fr_FR\" \/>\n<meta property=\"og:type\" content=\"article\" \/>\n<meta property=\"og:title\" content=\"Neue Software-Innovationen aus der Churer Altstadt - Organisator\" \/>\n<meta property=\"og:description\" content=\"M&amp;F Engineering er\u00f6ffnet eine neue Zweigstelle in Chur. N\u00e4he zu regionalen Technologie- und Industriefirmen.\" \/>\n<meta property=\"og:url\" content=\"https:\/\/www.organisator.ch\/fr\/excellence-operationnelle\/2024-02-19\/neue-software-innovationen-aus-der-churer-altstadt\/\" \/>\n<meta property=\"og:site_name\" content=\"Organisator\" \/>\n<meta property=\"article:publisher\" content=\"https:\/\/www.facebook.com\/OrganisatorFachmagazin\" \/>\n<meta property=\"article:published_time\" content=\"2024-02-19T13:33:43+00:00\" \/>\n<meta property=\"article:modified_time\" content=\"2024-11-11T15:41:29+00:00\" \/>\n<meta property=\"og:image\" content=\"https:\/\/www.m-q.ch\/wp-content\/uploads\/2024\/02\/Zweigstelle-Chur-Gebaeude_Bild1_ps.jpg\" \/>\n<meta name=\"author\" content=\"Adelisa Kalajdzini\" \/>\n<meta name=\"twitter:card\" content=\"summary_large_image\" \/>\n<script type=\"application\/ld+json\" class=\"yoast-schema-graph\">{\"@context\":\"https:\\\/\\\/schema.org\",\"@graph\":[{\"@type\":\"Article\",\"@id\":\"https:\\\/\\\/www.organisator.ch\\\/operational-excellence\\\/2024-02-19\\\/neue-software-innovationen-aus-der-churer-altstadt\\\/#article\",\"isPartOf\":{\"@id\":\"https:\\\/\\\/www.organisator.ch\\\/operational-excellence\\\/2024-02-19\\\/neue-software-innovationen-aus-der-churer-altstadt\\\/\"},\"author\":{\"name\":\"Adelisa Kalajdzini\",\"@id\":\"https:\\\/\\\/www.organisator.ch\\\/#\\\/schema\\\/person\\\/2e1314a2172123f874db408d8911d3f3\"},\"headline\":\"Neue Software-Innovationen aus der Churer Altstadt\",\"datePublished\":\"2024-02-19T13:33:43+00:00\",\"dateModified\":\"2024-11-11T15:41:29+00:00\",\"mainEntityOfPage\":{\"@id\":\"https:\\\/\\\/www.organisator.ch\\\/operational-excellence\\\/2024-02-19\\\/neue-software-innovationen-aus-der-churer-altstadt\\\/\"},\"wordCount\":254,\"publisher\":{\"@id\":\"https:\\\/\\\/www.organisator.ch\\\/#organization\"},\"image\":{\"@id\":\"https:\\\/\\\/www.organisator.ch\\\/operational-excellence\\\/2024-02-19\\\/neue-software-innovationen-aus-der-churer-altstadt\\\/#primaryimage\"},\"thumbnailUrl\":\"https:\\\/\\\/www.m-q.ch\\\/wp-content\\\/uploads\\\/2024\\\/02\\\/Zweigstelle-Chur-Gebaeude_Bild1_ps.jpg\",\"keywords\":[\"Allgemein\",\"Schweiz\",\"Software-Innovationen\",\"Technologie\",\"Unternehmen\"],\"articleSection\":[\"OPERATIONAL EXCELLENCE\"],\"inLanguage\":\"fr-FR\"},{\"@type\":\"WebPage\",\"@id\":\"https:\\\/\\\/www.organisator.ch\\\/operational-excellence\\\/2024-02-19\\\/neue-software-innovationen-aus-der-churer-altstadt\\\/\",\"url\":\"https:\\\/\\\/www.organisator.ch\\\/operational-excellence\\\/2024-02-19\\\/neue-software-innovationen-aus-der-churer-altstadt\\\/\",\"name\":\"Neue Software-Innovationen aus der Churer Altstadt - Organisator\",\"isPartOf\":{\"@id\":\"https:\\\/\\\/www.organisator.ch\\\/#website\"},\"primaryImageOfPage\":{\"@id\":\"https:\\\/\\\/www.organisator.ch\\\/operational-excellence\\\/2024-02-19\\\/neue-software-innovationen-aus-der-churer-altstadt\\\/#primaryimage\"},\"image\":{\"@id\":\"https:\\\/\\\/www.organisator.ch\\\/operational-excellence\\\/2024-02-19\\\/neue-software-innovationen-aus-der-churer-altstadt\\\/#primaryimage\"},\"thumbnailUrl\":\"https:\\\/\\\/www.m-q.ch\\\/wp-content\\\/uploads\\\/2024\\\/02\\\/Zweigstelle-Chur-Gebaeude_Bild1_ps.jpg\",\"datePublished\":\"2024-02-19T13:33:43+00:00\",\"dateModified\":\"2024-11-11T15:41:29+00:00\",\"description\":\"M&F Engineering er\u00f6ffnet eine neue Zweigstelle in Chur. N\u00e4he zu regionalen Technologie- und Industriefirmen.\",\"breadcrumb\":{\"@id\":\"https:\\\/\\\/www.organisator.ch\\\/operational-excellence\\\/2024-02-19\\\/neue-software-innovationen-aus-der-churer-altstadt\\\/#breadcrumb\"},\"inLanguage\":\"fr-FR\",\"potentialAction\":[{\"@type\":\"ReadAction\",\"target\":[\"https:\\\/\\\/www.organisator.ch\\\/operational-excellence\\\/2024-02-19\\\/neue-software-innovationen-aus-der-churer-altstadt\\\/\"]}]},{\"@type\":\"ImageObject\",\"inLanguage\":\"fr-FR\",\"@id\":\"https:\\\/\\\/www.organisator.ch\\\/operational-excellence\\\/2024-02-19\\\/neue-software-innovationen-aus-der-churer-altstadt\\\/#primaryimage\",\"url\":\"https:\\\/\\\/www.m-q.ch\\\/wp-content\\\/uploads\\\/2024\\\/02\\\/Zweigstelle-Chur-Gebaeude_Bild1_ps.jpg\",\"contentUrl\":\"https:\\\/\\\/www.m-q.ch\\\/wp-content\\\/uploads\\\/2024\\\/02\\\/Zweigstelle-Chur-Gebaeude_Bild1_ps.jpg\"},{\"@type\":\"BreadcrumbList\",\"@id\":\"https:\\\/\\\/www.organisator.ch\\\/operational-excellence\\\/2024-02-19\\\/neue-software-innovationen-aus-der-churer-altstadt\\\/#breadcrumb\",\"itemListElement\":[{\"@type\":\"ListItem\",\"position\":1,\"name\":\"Home\",\"item\":\"https:\\\/\\\/www.organisator.ch\\\/\"},{\"@type\":\"ListItem\",\"position\":2,\"name\":\"Neue Software-Innovationen aus der Churer Altstadt\"}]},{\"@type\":\"WebSite\",\"@id\":\"https:\\\/\\\/www.organisator.ch\\\/#website\",\"url\":\"https:\\\/\\\/www.organisator.ch\\\/\",\"name\":\"Organisator\",\"description\":\"Kompetent. Praxisnah. Der ORGANISATOR bereitet in 10 Ausgaben pro Jahr die wesentlichen Themen f\u00fcr F\u00fchrungskr\u00e4fte von KMU auf.\",\"publisher\":{\"@id\":\"https:\\\/\\\/www.organisator.ch\\\/#organization\"},\"potentialAction\":[{\"@type\":\"SearchAction\",\"target\":{\"@type\":\"EntryPoint\",\"urlTemplate\":\"https:\\\/\\\/www.organisator.ch\\\/?s={search_term_string}\"},\"query-input\":{\"@type\":\"PropertyValueSpecification\",\"valueRequired\":true,\"valueName\":\"search_term_string\"}}],\"inLanguage\":\"fr-FR\"},{\"@type\":\"Organization\",\"@id\":\"https:\\\/\\\/www.organisator.ch\\\/#organization\",\"name\":\"Organisator\",\"url\":\"https:\\\/\\\/www.organisator.ch\\\/\",\"logo\":{\"@type\":\"ImageObject\",\"inLanguage\":\"fr-FR\",\"@id\":\"https:\\\/\\\/www.organisator.ch\\\/#\\\/schema\\\/logo\\\/image\\\/\",\"url\":\"https:\\\/\\\/www.organisator.ch\\\/wp-content\\\/uploads\\\/2022\\\/01\\\/Logo_Organisator_Website.png\",\"contentUrl\":\"https:\\\/\\\/www.organisator.ch\\\/wp-content\\\/uploads\\\/2022\\\/01\\\/Logo_Organisator_Website.png\",\"width\":800,\"height\":77,\"caption\":\"Organisator\"},\"image\":{\"@id\":\"https:\\\/\\\/www.organisator.ch\\\/#\\\/schema\\\/logo\\\/image\\\/\"},\"sameAs\":[\"https:\\\/\\\/www.facebook.com\\\/OrganisatorFachmagazin\",\"https:\\\/\\\/www.linkedin.com\\\/showcase\\\/organisator-das-magazin-fr-kmu\",\"https:\\\/\\\/www.xing.com\\\/news\\\/pages\\\/organisator-ch-695\",\"https:\\\/\\\/www.youtube.com\\\/channel\\\/UCGP2Sq0iWaZwT3BdIAQFYpw\"]},{\"@type\":\"Person\",\"@id\":\"https:\\\/\\\/www.organisator.ch\\\/#\\\/schema\\\/person\\\/2e1314a2172123f874db408d8911d3f3\",\"name\":\"Adelisa Kalajdzini\",\"image\":{\"@type\":\"ImageObject\",\"inLanguage\":\"fr-FR\",\"@id\":\"https:\\\/\\\/secure.gravatar.com\\\/avatar\\\/09a397c22ac58cad6f160ee8306348599df9df58a8ede73696226897b9fa4b24?s=96&d=mm&r=g\",\"url\":\"https:\\\/\\\/secure.gravatar.com\\\/avatar\\\/09a397c22ac58cad6f160ee8306348599df9df58a8ede73696226897b9fa4b24?s=96&d=mm&r=g\",\"contentUrl\":\"https:\\\/\\\/secure.gravatar.com\\\/avatar\\\/09a397c22ac58cad6f160ee8306348599df9df58a8ede73696226897b9fa4b24?s=96&d=mm&r=g\",\"caption\":\"Adelisa Kalajdzini\"},\"url\":\"https:\\\/\\\/www.organisator.ch\\\/fr\\\/author\\\/adelisa-kalajdzini\\\/\"}]}<\/script>\n<!-- \/ Yoast SEO plugin. -->","yoast_head_json":{"title":"Nouvelles innovations logicielles de la vieille ville de Coire - Organisateur","description":"M&amp;F Engineering ouvre une nouvelle succursale \u00e0 Coire. Proximit\u00e9 avec les entreprises technologiques et industrielles r\u00e9gionales.","robots":{"index":"index","follow":"follow","max-snippet":"max-snippet:-1","max-image-preview":"max-image-preview:large","max-video-preview":"max-video-preview:-1"},"canonical":"https:\/\/www.organisator.ch\/fr\/excellence-operationnelle\/2024-02-19\/neue-software-innovationen-aus-der-churer-altstadt\/","og_locale":"fr_FR","og_type":"article","og_title":"Neue Software-Innovationen aus der Churer Altstadt - Organisator","og_description":"M&F Engineering er\u00f6ffnet eine neue Zweigstelle in Chur. N\u00e4he zu regionalen Technologie- und Industriefirmen.","og_url":"https:\/\/www.organisator.ch\/fr\/excellence-operationnelle\/2024-02-19\/neue-software-innovationen-aus-der-churer-altstadt\/","og_site_name":"Organisator","article_publisher":"https:\/\/www.facebook.com\/OrganisatorFachmagazin","article_published_time":"2024-02-19T13:33:43+00:00","article_modified_time":"2024-11-11T15:41:29+00:00","og_image":[{"url":"https:\/\/www.m-q.ch\/wp-content\/uploads\/2024\/02\/Zweigstelle-Chur-Gebaeude_Bild1_ps.jpg","type":"","width":"","height":""}],"author":"Adelisa Kalajdzini","twitter_card":"summary_large_image","schema":{"@context":"https:\/\/schema.org","@graph":[{"@type":"Article","@id":"https:\/\/www.organisator.ch\/operational-excellence\/2024-02-19\/neue-software-innovationen-aus-der-churer-altstadt\/#article","isPartOf":{"@id":"https:\/\/www.organisator.ch\/operational-excellence\/2024-02-19\/neue-software-innovationen-aus-der-churer-altstadt\/"},"author":{"name":"Adelisa Kalajdzini","@id":"https:\/\/www.organisator.ch\/#\/schema\/person\/2e1314a2172123f874db408d8911d3f3"},"headline":"Neue Software-Innovationen aus der Churer Altstadt","datePublished":"2024-02-19T13:33:43+00:00","dateModified":"2024-11-11T15:41:29+00:00","mainEntityOfPage":{"@id":"https:\/\/www.organisator.ch\/operational-excellence\/2024-02-19\/neue-software-innovationen-aus-der-churer-altstadt\/"},"wordCount":254,"publisher":{"@id":"https:\/\/www.organisator.ch\/#organization"},"image":{"@id":"https:\/\/www.organisator.ch\/operational-excellence\/2024-02-19\/neue-software-innovationen-aus-der-churer-altstadt\/#primaryimage"},"thumbnailUrl":"https:\/\/www.m-q.ch\/wp-content\/uploads\/2024\/02\/Zweigstelle-Chur-Gebaeude_Bild1_ps.jpg","keywords":["Allgemein","Schweiz","Software-Innovationen","Technologie","Unternehmen"],"articleSection":["OPERATIONAL EXCELLENCE"],"inLanguage":"fr-FR"},{"@type":"WebPage","@id":"https:\/\/www.organisator.ch\/operational-excellence\/2024-02-19\/neue-software-innovationen-aus-der-churer-altstadt\/","url":"https:\/\/www.organisator.ch\/operational-excellence\/2024-02-19\/neue-software-innovationen-aus-der-churer-altstadt\/","name":"Nouvelles innovations logicielles de la vieille ville de Coire - Organisateur","isPartOf":{"@id":"https:\/\/www.organisator.ch\/#website"},"primaryImageOfPage":{"@id":"https:\/\/www.organisator.ch\/operational-excellence\/2024-02-19\/neue-software-innovationen-aus-der-churer-altstadt\/#primaryimage"},"image":{"@id":"https:\/\/www.organisator.ch\/operational-excellence\/2024-02-19\/neue-software-innovationen-aus-der-churer-altstadt\/#primaryimage"},"thumbnailUrl":"https:\/\/www.m-q.ch\/wp-content\/uploads\/2024\/02\/Zweigstelle-Chur-Gebaeude_Bild1_ps.jpg","datePublished":"2024-02-19T13:33:43+00:00","dateModified":"2024-11-11T15:41:29+00:00","description":"M&amp;F Engineering ouvre une nouvelle succursale \u00e0 Coire. Proximit\u00e9 avec les entreprises technologiques et industrielles r\u00e9gionales.","breadcrumb":{"@id":"https:\/\/www.organisator.ch\/operational-excellence\/2024-02-19\/neue-software-innovationen-aus-der-churer-altstadt\/#breadcrumb"},"inLanguage":"fr-FR","potentialAction":[{"@type":"ReadAction","target":["https:\/\/www.organisator.ch\/operational-excellence\/2024-02-19\/neue-software-innovationen-aus-der-churer-altstadt\/"]}]},{"@type":"ImageObject","inLanguage":"fr-FR","@id":"https:\/\/www.organisator.ch\/operational-excellence\/2024-02-19\/neue-software-innovationen-aus-der-churer-altstadt\/#primaryimage","url":"https:\/\/www.m-q.ch\/wp-content\/uploads\/2024\/02\/Zweigstelle-Chur-Gebaeude_Bild1_ps.jpg","contentUrl":"https:\/\/www.m-q.ch\/wp-content\/uploads\/2024\/02\/Zweigstelle-Chur-Gebaeude_Bild1_ps.jpg"},{"@type":"BreadcrumbList","@id":"https:\/\/www.organisator.ch\/operational-excellence\/2024-02-19\/neue-software-innovationen-aus-der-churer-altstadt\/#breadcrumb","itemListElement":[{"@type":"ListItem","position":1,"name":"Home","item":"https:\/\/www.organisator.ch\/"},{"@type":"ListItem","position":2,"name":"Neue Software-Innovationen aus der Churer Altstadt"}]},{"@type":"WebSite","@id":"https:\/\/www.organisator.ch\/#website","url":"https:\/\/www.organisator.ch\/","name":"Organisateur","description":"Comp\u00e9tence et comp\u00e9tence. Proches de la pratique. L'ORGANISATEUR pr\u00e9pare 10 num\u00e9ros par an sur les th\u00e8mes essentiels pour les dirigeants de PME.","publisher":{"@id":"https:\/\/www.organisator.ch\/#organization"},"potentialAction":[{"@type":"SearchAction","target":{"@type":"EntryPoint","urlTemplate":"https:\/\/www.organisator.ch\/?s={search_term_string}"},"query-input":{"@type":"PropertyValueSpecification","valueRequired":true,"valueName":"search_term_string"}}],"inLanguage":"fr-FR"},{"@type":"Organization","@id":"https:\/\/www.organisator.ch\/#organization","name":"Organisateur","url":"https:\/\/www.organisator.ch\/","logo":{"@type":"ImageObject","inLanguage":"fr-FR","@id":"https:\/\/www.organisator.ch\/#\/schema\/logo\/image\/","url":"https:\/\/www.organisator.ch\/wp-content\/uploads\/2022\/01\/Logo_Organisator_Website.png","contentUrl":"https:\/\/www.organisator.ch\/wp-content\/uploads\/2022\/01\/Logo_Organisator_Website.png","width":800,"height":77,"caption":"Organisator"},"image":{"@id":"https:\/\/www.organisator.ch\/#\/schema\/logo\/image\/"},"sameAs":["https:\/\/www.facebook.com\/OrganisatorFachmagazin","https:\/\/www.linkedin.com\/showcase\/organisator-das-magazin-fr-kmu","https:\/\/www.xing.com\/news\/pages\/organisator-ch-695","https:\/\/www.youtube.com\/channel\/UCGP2Sq0iWaZwT3BdIAQFYpw"]},{"@type":"Person","@id":"https:\/\/www.organisator.ch\/#\/schema\/person\/2e1314a2172123f874db408d8911d3f3","name":"Adelisa Kalajdzini","image":{"@type":"ImageObject","inLanguage":"fr-FR","@id":"https:\/\/secure.gravatar.com\/avatar\/09a397c22ac58cad6f160ee8306348599df9df58a8ede73696226897b9fa4b24?s=96&d=mm&r=g","url":"https:\/\/secure.gravatar.com\/avatar\/09a397c22ac58cad6f160ee8306348599df9df58a8ede73696226897b9fa4b24?s=96&d=mm&r=g","contentUrl":"https:\/\/secure.gravatar.com\/avatar\/09a397c22ac58cad6f160ee8306348599df9df58a8ede73696226897b9fa4b24?s=96&d=mm&r=g","caption":"Adelisa Kalajdzini"},"url":"https:\/\/www.organisator.ch\/fr\/author\/adelisa-kalajdzini\/"}]}},"_links":{"self":[{"href":"https:\/\/www.organisator.ch\/fr\/wp-json\/wp\/v2\/posts\/25180","targetHints":{"allow":["GET"]}}],"collection":[{"href":"https:\/\/www.organisator.ch\/fr\/wp-json\/wp\/v2\/posts"}],"about":[{"href":"https:\/\/www.organisator.ch\/fr\/wp-json\/wp\/v2\/types\/post"}],"author":[{"embeddable":true,"href":"https:\/\/www.organisator.ch\/fr\/wp-json\/wp\/v2\/users\/58"}],"replies":[{"embeddable":true,"href":"https:\/\/www.organisator.ch\/fr\/wp-json\/wp\/v2\/comments?post=25180"}],"version-history":[{"count":6,"href":"https:\/\/www.organisator.ch\/fr\/wp-json\/wp\/v2\/posts\/25180\/revisions"}],"predecessor-version":[{"id":32477,"href":"https:\/\/www.organisator.ch\/fr\/wp-json\/wp\/v2\/posts\/25180\/revisions\/32477"}],"wp:attachment":[{"href":"https:\/\/www.organisator.ch\/fr\/wp-json\/wp\/v2\/media?parent=25180"}],"wp:term":[{"taxonomy":"category","embeddable":true,"href":"https:\/\/www.organisator.ch\/fr\/wp-json\/wp\/v2\/categories?post=25180"},{"taxonomy":"post_tag","embeddable":true,"href":"https:\/\/www.organisator.ch\/fr\/wp-json\/wp\/v2\/tags?post=25180"}],"curies":[{"name":"wp","href":"https:\/\/api.w.org\/{rel}","templated":true}]}}