{"id":2521,"date":"2017-10-03T14:24:37","date_gmt":"2017-10-03T12:24:37","guid":{"rendered":"https:\/\/www.organisator.ch\/?p=2521"},"modified":"2017-10-03T14:24:37","modified_gmt":"2017-10-03T12:24:37","slug":"affaere-am-arbeitsplatz-deutschschweizer-auf-spitzenposition","status":"publish","type":"post","link":"https:\/\/www.organisator.ch\/fr\/allgemein\/2017-10-03\/affaere-am-arbeitsplatz-deutschschweizer-auf-spitzenposition\/","title":{"rendered":"Affaire au travail : les Suisses allemands en t\u00eate de liste"},"content":{"rendered":"<figure id=\"attachment_2522\" aria-describedby=\"caption-attachment-2522\" style=\"width: 428px\" class=\"wp-caption alignnone\"><img loading=\"lazy\" decoding=\"async\" class=\"size-full wp-image-2522\" src=\"https:\/\/www.organisator.ch\/wp-content\/uploads\/2017\/10\/Affaere-am-Arbeitsplatz-Deutschschweizer-auf-Spitzenposition_Organisator.jpg\" alt=\"\" width=\"428\" height=\"281\" srcset=\"https:\/\/www.organisator.ch\/wp-content\/uploads\/2017\/10\/Affaere-am-Arbeitsplatz-Deutschschweizer-auf-Spitzenposition_Organisator.jpg 428w, https:\/\/www.organisator.ch\/wp-content\/uploads\/2017\/10\/Affaere-am-Arbeitsplatz-Deutschschweizer-auf-Spitzenposition_Organisator-16x12.jpg 16w, https:\/\/www.organisator.ch\/wp-content\/uploads\/2017\/10\/Affaere-am-Arbeitsplatz-Deutschschweizer-auf-Spitzenposition_Organisator-267x175.jpg 267w, https:\/\/www.organisator.ch\/wp-content\/uploads\/2017\/10\/Affaere-am-Arbeitsplatz-Deutschschweizer-auf-Spitzenposition_Organisator-300x197.jpg 300w\" sizes=\"auto, (max-width: 428px) 100vw, 428px\" \/><figcaption id=\"caption-attachment-2522\" class=\"wp-caption-text\">Le monde du travail est toujours un lieu de rencontre important. Certaines aventures se sont d'ailleurs transform\u00e9es en relations stables. (Image : Andrey Burmakin - Fotolia.com)<\/figcaption><\/figure>\n<p>Regards furtifs derri\u00e8re l'\u00e9cran, attouchements furtifs dans la cuisine : pour un Suisse al\u00e9manique sur cinq, une liaison au travail a m\u00eame d\u00e9bouch\u00e9 sur une relation stable. Tels sont les r\u00e9sultats d'une \u00e9tude repr\u00e9sentative r\u00e9alis\u00e9e \u00e0 la demande du r\u00e9seau professionnel en ligne XING. A la demande de ce dernier, l'entreprise d'\u00e9tudes de march\u00e9 et d'opinion a men\u00e9 une enqu\u00eate sur les relations entre les hommes et les femmes. <a href=\"http:\/\/marketagent.com\/\">Marketagent.com<\/a>\u00a0a interrog\u00e9 un millier de personnes actives en Suisse al\u00e9manique sur le th\u00e8me de l'amour au travail. Voici les principaux r\u00e9sultats :<\/p>\n<h2><strong>Une personne sur quatre a d\u00e9j\u00e0 eu une liaison au travail<\/strong><\/h2>\n<p>\u00c7a cr\u00e9pite sur les lieux de travail suisses. Pr\u00e8s d'un Suisse al\u00e9manique sur quatre (24%) a d\u00e9j\u00e0 eu une aventure avec une personne de la m\u00eame entreprise. Les hommes sont un peu plus actifs : 28% d'entre eux d\u00e9clarent avoir d\u00e9j\u00e0 piment\u00e9 leur quotidien professionnel par une aventure \u00e9rotique. Chez les femmes, ce chiffre est de 20 pour cent. L'atmosph\u00e8re sur les lieux de travail en Suisse al\u00e9manique semble \u00eatre nettement plus propice \u00e0 la romance au bureau que chez le voisin du nord. Seuls 15 % des Allemands d\u00e9clarent avoir d\u00e9j\u00e0 eu une aventure avec quelqu'un de leur propre entreprise. En Autriche, ce chiffre est tout de m\u00eame de 21 %.<\/p>\n<p>Si l'on souhaite avoir des relations amoureuses au travail, il vaut mieux chercher son prochain emploi sur le Plateau. Dans cette r\u00e9gion, 26 % des personnes interrog\u00e9es d\u00e9clarent avoir d\u00e9j\u00e0 eu une liaison avec quelqu'un de leur entreprise. L'ambiance de travail est manifestement moins favorable \u00e0 une aventure amoureuse en Suisse orientale. C'est l\u00e0 que le taux est le plus bas avec 22 %.<\/p>\n<h2><strong>Une liaison sur cinq commence lors d'une f\u00eate d'entreprise<\/strong><\/h2>\n<p>Les Suisses al\u00e9maniques ont le plus souvent une liaison au travail avec des coll\u00e8gues (dans 62% des cas). Les femmes sont plut\u00f4t orient\u00e9es vers le haut de la hi\u00e9rarchie : 13% des femmes interrog\u00e9es qui ont d\u00e9j\u00e0 eu une liaison l'ont eue avec leur sup\u00e9rieur hi\u00e9rarchique. Chez les hommes, ce chiffre n'\u00e9tait que de 7 %. En revanche, 30 pour cent des hommes se sont tourn\u00e9s vers leurs propres collaborateurs pour leur aventure. Chez les femmes, la valeur est de 18 pour cent. Les Allemands semblent \u00eatre nettement plus r\u00e9ticents \u00e0 l'id\u00e9e d'avoir des aventures avec leurs propres collaborateurs. Au nord du Rhin, seuls 7% des aventures impliquaient des collaborateurs.<\/p>\n<p>Les liaisons commencent le plus souvent lors d'activit\u00e9s communes en dehors du temps de travail (dans 36% des cas). Les f\u00eates d'entreprise arrivent en deuxi\u00e8me position sur la liste des lieux d'incubation de la romance au bureau (21%). Sur le Plateau notamment, il vaut mieux r\u00e9fl\u00e9chir \u00e0 deux fois avant de laisser son partenaire s'installer au repas d'entreprise : Dans cette r\u00e9gion, 28 pour cent des affaires y ont d\u00e9but\u00e9. En comparaison, les f\u00eates d'entreprise se d\u00e9roulent apparemment plus sobrement en Suisse centrale et du Nord-Ouest : seuls 18% des liaisons y ont d\u00e9but\u00e9 lors de tels \u00e9v\u00e9nements. En revanche, en Suisse centrale, le courant passe parfois d\u00e8s la mi-journ\u00e9e, o\u00f9 18% des liaisons ont \u00e9galement pris naissance pendant la pause de midi. En Suisse orientale, les employ\u00e9s sont peu enclins \u00e0 la romance \u00e0 midi : la valeur correspondante n'est que de 4 pour cent.<\/p>\n<h2><strong>21% ont d\u00e9j\u00e0 eu une relation stable au travail<\/strong><\/h2>\n<p>Les sentiments au travail ne m\u00e8nent pas seulement \u00e0 des aventures \u00e9rotiques. Cupidon aussi fait des tours sur les lieux de travail suisses. Environ un Suisse al\u00e9manique sur cinq (21%) a d\u00e9j\u00e0 nou\u00e9 une relation stable avec une personne de son entreprise. Et cela peut avoir des avantages : 36 pour cent des hommes trouvent surtout positif le fait de se conna\u00eetre d\u00e9j\u00e0 et de ne pas devoir acheter un chat dans un sac. L'avantage le plus important du point de vue des femmes : On peut \u00e9changer des informations sur le travail commun (34 pour cent).<\/p>\n<p>Mais il existe aussi des facteurs qui rendent difficile une relation harmonieuse au travail. Ainsi, 48 pour cent des hommes expriment des r\u00e9serves parce que le travail et la vie priv\u00e9e pourraient trop se m\u00e9langer. Les femmes interrog\u00e9es voient des inconv\u00e9nients similaires : 49 pour cent d'entre elles d\u00e9clarent qu'il est important pour elles d'avoir une distance spatiale et temporelle avec leur partenaire. De plus, 61 pour cent des personnes interrog\u00e9es craignent que l'\u00e9chec d'une telle relation puisse avoir des r\u00e9percussions n\u00e9gatives sur l'ambiance de travail. Mais ces inconv\u00e9nients sont apparemment faciles \u00e0 supporter : seuls 6 pour cent de toutes les personnes interrog\u00e9es indiquent avoir d\u00e9j\u00e0 chang\u00e9 de travail \u00e0 cause d'un partenariat ou d'une liaison dans l'entreprise.<\/p>\n<p><em>Source : <a href=\"http:\/\/www.xing.com\">XING<\/a><\/em><\/p>","protected":false},"excerpt":{"rendered":"<p>Verstohlene Blicke hinter dem Bildschirm, fl\u00fcchtige Ber\u00fchrungen in der Kaffeek\u00fcche: Bei jedem f\u00fcnften Deutschschweizer\u00a0entstand aus einer Aff\u00e4re am Arbeitsplatz gar eine feste Beziehung. Zu diesen Ergebnissen kommt eine repr\u00e4sentative Studie im Auftrag des beruflichen Online-Netzwerks XING.\u00a0In dessen Auftrag hat das Markt- und Meinungsforschungsunternehmen Marketagent.com\u00a0tausend berufst\u00e4tige Personen in der Deutschschweiz zum Thema Liebe am Arbeitsplatz befragt. [&hellip;]<\/p>\n","protected":false},"author":4,"featured_media":2522,"comment_status":"open","ping_status":"open","sticky":false,"template":"","format":"standard","meta":{"_acf_changed":false,"_yoast_wpseo_focuskw":"Aff\u00e4re","_yoast_wpseo_metadesc":"Das Arbeitsleben dreht sich l\u00e4ngst nicht nur um Sitzungen, Pr\u00e4sentationen usw. Auch im Internetzeitalter bleibt der Arbeitsplatz eine wichtige Partnerb\u00f6rse.","articlekey":"","footnotes":""},"categories":[1],"tags":[51,254,459,508],"class_list":["post-2521","post","type-post","status-publish","format-standard","has-post-thumbnail","hentry","category-allgemein","tag-arbeitsplatzgestaltung","tag-hrm","tag-studie","tag-vermischtes"],"acf":[],"yoast_head":"<!-- This site is optimized with the Yoast SEO plugin v27.5 - https:\/\/yoast.com\/product\/yoast-seo-wordpress\/ -->\n<title>Aff\u00e4re am Arbeitsplatz: Deutschschweizer auf Spitzenposition - Organisator<\/title>\n<meta name=\"description\" content=\"Das Arbeitsleben dreht sich l\u00e4ngst nicht nur um Sitzungen, Pr\u00e4sentationen usw. Auch im Internetzeitalter bleibt der Arbeitsplatz eine wichtige Partnerb\u00f6rse.\" \/>\n<meta name=\"robots\" content=\"index, follow, max-snippet:-1, max-image-preview:large, max-video-preview:-1\" \/>\n<link rel=\"canonical\" href=\"https:\/\/www.organisator.ch\/fr\/general\/2017-10-03\/affaere-am-arbeitsplatz-deutschschweizer-auf-spitzenposition\/\" \/>\n<meta property=\"og:locale\" content=\"fr_FR\" \/>\n<meta property=\"og:type\" content=\"article\" \/>\n<meta property=\"og:title\" content=\"Aff\u00e4re am Arbeitsplatz: Deutschschweizer auf Spitzenposition\" \/>\n<meta property=\"og:description\" content=\"Das #Arbeitsleben dreht sich l\u00e4ngst nicht nur um Sitzungen, Pr\u00e4sentationen und Abgabefristen. Auch im Internetzeitalter bleibt der Arbeitsplatz eine der wichtigsten #Partnerb\u00f6rsen.\" \/>\n<meta property=\"og:url\" content=\"https:\/\/www.organisator.ch\/fr\/general\/2017-10-03\/affaere-am-arbeitsplatz-deutschschweizer-auf-spitzenposition\/\" \/>\n<meta property=\"og:site_name\" content=\"Organisator\" \/>\n<meta property=\"article:publisher\" content=\"https:\/\/www.facebook.com\/OrganisatorFachmagazin\" \/>\n<meta property=\"article:published_time\" content=\"2017-10-03T12:24:37+00:00\" \/>\n<meta property=\"og:image\" content=\"https:\/\/www.organisator.ch\/wp-content\/uploads\/2017\/10\/Affaere-am-Arbeitsplatz-Deutschschweizer-auf-Spitzenposition_Organisator.jpg\" \/>\n\t<meta property=\"og:image:width\" content=\"428\" \/>\n\t<meta property=\"og:image:height\" content=\"281\" \/>\n\t<meta property=\"og:image:type\" content=\"image\/jpeg\" \/>\n<meta name=\"author\" content=\"thomas.berner\" \/>\n<meta name=\"twitter:card\" content=\"summary_large_image\" \/>\n<meta name=\"twitter:title\" content=\"#Aff\u00e4re am Arbeitsplatz: #Deutschschweizer auf Spitzenposition\" \/>\n<meta name=\"twitter:description\" content=\"Das #Arbeitsleben dreht sich l\u00e4ngst nicht nur um Sitzungen, Pr\u00e4sentationen und Abgabefristen. Auch im Internetzeitalter bleibt der Arbeitsplatz eine der wichtigsten #Partnerb\u00f6rsen.\" \/>\n<meta name=\"twitter:image\" content=\"https:\/\/www.organisator.ch\/wp-content\/uploads\/2017\/10\/Aff\u00e4re-am-Arbeitsplatz-Deutschschweizer-auf-Spitzenposition_Organisator.jpg\" \/>\n<script type=\"application\/ld+json\" class=\"yoast-schema-graph\">{\"@context\":\"https:\\\/\\\/schema.org\",\"@graph\":[{\"@type\":\"Article\",\"@id\":\"https:\\\/\\\/www.organisator.ch\\\/de\\\/allgemein\\\/2017-10-03\\\/affaere-am-arbeitsplatz-deutschschweizer-auf-spitzenposition\\\/#article\",\"isPartOf\":{\"@id\":\"https:\\\/\\\/www.organisator.ch\\\/de\\\/allgemein\\\/2017-10-03\\\/affaere-am-arbeitsplatz-deutschschweizer-auf-spitzenposition\\\/\"},\"author\":{\"name\":\"thomas.berner\",\"@id\":\"https:\\\/\\\/www.organisator.ch\\\/#\\\/schema\\\/person\\\/6f650f90b2842cd4c0cc334b4e36f67e\"},\"headline\":\"Aff\u00e4re am Arbeitsplatz: Deutschschweizer auf Spitzenposition\",\"datePublished\":\"2017-10-03T12:24:37+00:00\",\"mainEntityOfPage\":{\"@id\":\"https:\\\/\\\/www.organisator.ch\\\/de\\\/allgemein\\\/2017-10-03\\\/affaere-am-arbeitsplatz-deutschschweizer-auf-spitzenposition\\\/\"},\"wordCount\":719,\"commentCount\":0,\"publisher\":{\"@id\":\"https:\\\/\\\/www.organisator.ch\\\/#organization\"},\"image\":{\"@id\":\"https:\\\/\\\/www.organisator.ch\\\/de\\\/allgemein\\\/2017-10-03\\\/affaere-am-arbeitsplatz-deutschschweizer-auf-spitzenposition\\\/#primaryimage\"},\"thumbnailUrl\":\"https:\\\/\\\/www.organisator.ch\\\/wp-content\\\/uploads\\\/2017\\\/10\\\/Affaere-am-Arbeitsplatz-Deutschschweizer-auf-Spitzenposition_Organisator.jpg\",\"keywords\":[\"Arbeitsplatzgestaltung\",\"HRM\",\"Studie\",\"Vermischtes\"],\"articleSection\":[\"Allgemein\"],\"inLanguage\":\"fr-FR\"},{\"@type\":\"WebPage\",\"@id\":\"https:\\\/\\\/www.organisator.ch\\\/de\\\/allgemein\\\/2017-10-03\\\/affaere-am-arbeitsplatz-deutschschweizer-auf-spitzenposition\\\/\",\"url\":\"https:\\\/\\\/www.organisator.ch\\\/de\\\/allgemein\\\/2017-10-03\\\/affaere-am-arbeitsplatz-deutschschweizer-auf-spitzenposition\\\/\",\"name\":\"Aff\u00e4re am Arbeitsplatz: Deutschschweizer auf Spitzenposition - Organisator\",\"isPartOf\":{\"@id\":\"https:\\\/\\\/www.organisator.ch\\\/#website\"},\"primaryImageOfPage\":{\"@id\":\"https:\\\/\\\/www.organisator.ch\\\/de\\\/allgemein\\\/2017-10-03\\\/affaere-am-arbeitsplatz-deutschschweizer-auf-spitzenposition\\\/#primaryimage\"},\"image\":{\"@id\":\"https:\\\/\\\/www.organisator.ch\\\/de\\\/allgemein\\\/2017-10-03\\\/affaere-am-arbeitsplatz-deutschschweizer-auf-spitzenposition\\\/#primaryimage\"},\"thumbnailUrl\":\"https:\\\/\\\/www.organisator.ch\\\/wp-content\\\/uploads\\\/2017\\\/10\\\/Affaere-am-Arbeitsplatz-Deutschschweizer-auf-Spitzenposition_Organisator.jpg\",\"datePublished\":\"2017-10-03T12:24:37+00:00\",\"description\":\"Das Arbeitsleben dreht sich l\u00e4ngst nicht nur um Sitzungen, Pr\u00e4sentationen usw. Auch im Internetzeitalter bleibt der Arbeitsplatz eine wichtige Partnerb\u00f6rse.\",\"breadcrumb\":{\"@id\":\"https:\\\/\\\/www.organisator.ch\\\/de\\\/allgemein\\\/2017-10-03\\\/affaere-am-arbeitsplatz-deutschschweizer-auf-spitzenposition\\\/#breadcrumb\"},\"inLanguage\":\"fr-FR\",\"potentialAction\":[{\"@type\":\"ReadAction\",\"target\":[\"https:\\\/\\\/www.organisator.ch\\\/de\\\/allgemein\\\/2017-10-03\\\/affaere-am-arbeitsplatz-deutschschweizer-auf-spitzenposition\\\/\"]}]},{\"@type\":\"ImageObject\",\"inLanguage\":\"fr-FR\",\"@id\":\"https:\\\/\\\/www.organisator.ch\\\/de\\\/allgemein\\\/2017-10-03\\\/affaere-am-arbeitsplatz-deutschschweizer-auf-spitzenposition\\\/#primaryimage\",\"url\":\"https:\\\/\\\/www.organisator.ch\\\/wp-content\\\/uploads\\\/2017\\\/10\\\/Affaere-am-Arbeitsplatz-Deutschschweizer-auf-Spitzenposition_Organisator.jpg\",\"contentUrl\":\"https:\\\/\\\/www.organisator.ch\\\/wp-content\\\/uploads\\\/2017\\\/10\\\/Affaere-am-Arbeitsplatz-Deutschschweizer-auf-Spitzenposition_Organisator.jpg\",\"width\":428,\"height\":281,\"caption\":\"Das Arbeitsleben ist immer noch eine wichtigste Partnerb\u00f6rse. Manche Aff\u00e4re entwickelte sich auch schon zu einer festen Beziehung. (Bild: Andrey Burmakin - Fotolia.com)\"},{\"@type\":\"BreadcrumbList\",\"@id\":\"https:\\\/\\\/www.organisator.ch\\\/de\\\/allgemein\\\/2017-10-03\\\/affaere-am-arbeitsplatz-deutschschweizer-auf-spitzenposition\\\/#breadcrumb\",\"itemListElement\":[{\"@type\":\"ListItem\",\"position\":1,\"name\":\"Home\",\"item\":\"https:\\\/\\\/www.organisator.ch\\\/\"},{\"@type\":\"ListItem\",\"position\":2,\"name\":\"Aff\u00e4re am Arbeitsplatz: Deutschschweizer auf Spitzenposition\"}]},{\"@type\":\"WebSite\",\"@id\":\"https:\\\/\\\/www.organisator.ch\\\/#website\",\"url\":\"https:\\\/\\\/www.organisator.ch\\\/\",\"name\":\"Organisator\",\"description\":\"Kompetent. Praxisnah. Der ORGANISATOR bereitet in 10 Ausgaben pro Jahr die wesentlichen Themen f\u00fcr F\u00fchrungskr\u00e4fte von KMU auf.\",\"publisher\":{\"@id\":\"https:\\\/\\\/www.organisator.ch\\\/#organization\"},\"potentialAction\":[{\"@type\":\"SearchAction\",\"target\":{\"@type\":\"EntryPoint\",\"urlTemplate\":\"https:\\\/\\\/www.organisator.ch\\\/?s={search_term_string}\"},\"query-input\":{\"@type\":\"PropertyValueSpecification\",\"valueRequired\":true,\"valueName\":\"search_term_string\"}}],\"inLanguage\":\"fr-FR\"},{\"@type\":\"Organization\",\"@id\":\"https:\\\/\\\/www.organisator.ch\\\/#organization\",\"name\":\"Organisator\",\"url\":\"https:\\\/\\\/www.organisator.ch\\\/\",\"logo\":{\"@type\":\"ImageObject\",\"inLanguage\":\"fr-FR\",\"@id\":\"https:\\\/\\\/www.organisator.ch\\\/#\\\/schema\\\/logo\\\/image\\\/\",\"url\":\"https:\\\/\\\/www.organisator.ch\\\/wp-content\\\/uploads\\\/2022\\\/01\\\/Logo_Organisator_Website.png\",\"contentUrl\":\"https:\\\/\\\/www.organisator.ch\\\/wp-content\\\/uploads\\\/2022\\\/01\\\/Logo_Organisator_Website.png\",\"width\":800,\"height\":77,\"caption\":\"Organisator\"},\"image\":{\"@id\":\"https:\\\/\\\/www.organisator.ch\\\/#\\\/schema\\\/logo\\\/image\\\/\"},\"sameAs\":[\"https:\\\/\\\/www.facebook.com\\\/OrganisatorFachmagazin\",\"https:\\\/\\\/www.linkedin.com\\\/showcase\\\/organisator-das-magazin-fr-kmu\",\"https:\\\/\\\/www.xing.com\\\/news\\\/pages\\\/organisator-ch-695\",\"https:\\\/\\\/www.youtube.com\\\/channel\\\/UCGP2Sq0iWaZwT3BdIAQFYpw\"]},{\"@type\":\"Person\",\"@id\":\"https:\\\/\\\/www.organisator.ch\\\/#\\\/schema\\\/person\\\/6f650f90b2842cd4c0cc334b4e36f67e\",\"name\":\"thomas.berner\",\"image\":{\"@type\":\"ImageObject\",\"inLanguage\":\"fr-FR\",\"@id\":\"https:\\\/\\\/secure.gravatar.com\\\/avatar\\\/ac5001d2a36cb6c6cd3e50789007ffca834b477b74a2144564522e944eabff61?s=96&d=mm&r=g\",\"url\":\"https:\\\/\\\/secure.gravatar.com\\\/avatar\\\/ac5001d2a36cb6c6cd3e50789007ffca834b477b74a2144564522e944eabff61?s=96&d=mm&r=g\",\"contentUrl\":\"https:\\\/\\\/secure.gravatar.com\\\/avatar\\\/ac5001d2a36cb6c6cd3e50789007ffca834b477b74a2144564522e944eabff61?s=96&d=mm&r=g\",\"caption\":\"thomas.berner\"},\"url\":\"https:\\\/\\\/www.organisator.ch\\\/fr\\\/author\\\/thomas-berner\\\/\"}]}<\/script>\n<!-- \/ Yoast SEO plugin. -->","yoast_head_json":{"title":"Affaire au travail : les Suisses allemands en t\u00eate - Organisateur","description":"La vie professionnelle ne se r\u00e9sume pas \u00e0 des r\u00e9unions, des pr\u00e9sentations, etc. M\u00eame \u00e0 l'\u00e8re d'Internet, le lieu de travail reste un lieu de rencontre important.","robots":{"index":"index","follow":"follow","max-snippet":"max-snippet:-1","max-image-preview":"max-image-preview:large","max-video-preview":"max-video-preview:-1"},"canonical":"https:\/\/www.organisator.ch\/fr\/general\/2017-10-03\/affaere-am-arbeitsplatz-deutschschweizer-auf-spitzenposition\/","og_locale":"fr_FR","og_type":"article","og_title":"Aff\u00e4re am Arbeitsplatz: Deutschschweizer auf Spitzenposition","og_description":"Das #Arbeitsleben dreht sich l\u00e4ngst nicht nur um Sitzungen, Pr\u00e4sentationen und Abgabefristen. Auch im Internetzeitalter bleibt der Arbeitsplatz eine der wichtigsten #Partnerb\u00f6rsen.","og_url":"https:\/\/www.organisator.ch\/fr\/general\/2017-10-03\/affaere-am-arbeitsplatz-deutschschweizer-auf-spitzenposition\/","og_site_name":"Organisator","article_publisher":"https:\/\/www.facebook.com\/OrganisatorFachmagazin","article_published_time":"2017-10-03T12:24:37+00:00","og_image":[{"width":428,"height":281,"url":"https:\/\/www.organisator.ch\/wp-content\/uploads\/2017\/10\/Affaere-am-Arbeitsplatz-Deutschschweizer-auf-Spitzenposition_Organisator.jpg","type":"image\/jpeg"}],"author":"thomas.berner","twitter_card":"summary_large_image","twitter_title":"#Aff\u00e4re am Arbeitsplatz: #Deutschschweizer auf Spitzenposition","twitter_description":"Das #Arbeitsleben dreht sich l\u00e4ngst nicht nur um Sitzungen, Pr\u00e4sentationen und Abgabefristen. Auch im Internetzeitalter bleibt der Arbeitsplatz eine der wichtigsten #Partnerb\u00f6rsen.","twitter_image":"https:\/\/www.organisator.ch\/wp-content\/uploads\/2017\/10\/Aff\u00e4re-am-Arbeitsplatz-Deutschschweizer-auf-Spitzenposition_Organisator.jpg","schema":{"@context":"https:\/\/schema.org","@graph":[{"@type":"Article","@id":"https:\/\/www.organisator.ch\/de\/allgemein\/2017-10-03\/affaere-am-arbeitsplatz-deutschschweizer-auf-spitzenposition\/#article","isPartOf":{"@id":"https:\/\/www.organisator.ch\/de\/allgemein\/2017-10-03\/affaere-am-arbeitsplatz-deutschschweizer-auf-spitzenposition\/"},"author":{"name":"thomas.berner","@id":"https:\/\/www.organisator.ch\/#\/schema\/person\/6f650f90b2842cd4c0cc334b4e36f67e"},"headline":"Aff\u00e4re am Arbeitsplatz: Deutschschweizer auf Spitzenposition","datePublished":"2017-10-03T12:24:37+00:00","mainEntityOfPage":{"@id":"https:\/\/www.organisator.ch\/de\/allgemein\/2017-10-03\/affaere-am-arbeitsplatz-deutschschweizer-auf-spitzenposition\/"},"wordCount":719,"commentCount":0,"publisher":{"@id":"https:\/\/www.organisator.ch\/#organization"},"image":{"@id":"https:\/\/www.organisator.ch\/de\/allgemein\/2017-10-03\/affaere-am-arbeitsplatz-deutschschweizer-auf-spitzenposition\/#primaryimage"},"thumbnailUrl":"https:\/\/www.organisator.ch\/wp-content\/uploads\/2017\/10\/Affaere-am-Arbeitsplatz-Deutschschweizer-auf-Spitzenposition_Organisator.jpg","keywords":["Arbeitsplatzgestaltung","HRM","Studie","Vermischtes"],"articleSection":["Allgemein"],"inLanguage":"fr-FR"},{"@type":"WebPage","@id":"https:\/\/www.organisator.ch\/de\/allgemein\/2017-10-03\/affaere-am-arbeitsplatz-deutschschweizer-auf-spitzenposition\/","url":"https:\/\/www.organisator.ch\/de\/allgemein\/2017-10-03\/affaere-am-arbeitsplatz-deutschschweizer-auf-spitzenposition\/","name":"Affaire au travail : les Suisses allemands en t\u00eate - Organisateur","isPartOf":{"@id":"https:\/\/www.organisator.ch\/#website"},"primaryImageOfPage":{"@id":"https:\/\/www.organisator.ch\/de\/allgemein\/2017-10-03\/affaere-am-arbeitsplatz-deutschschweizer-auf-spitzenposition\/#primaryimage"},"image":{"@id":"https:\/\/www.organisator.ch\/de\/allgemein\/2017-10-03\/affaere-am-arbeitsplatz-deutschschweizer-auf-spitzenposition\/#primaryimage"},"thumbnailUrl":"https:\/\/www.organisator.ch\/wp-content\/uploads\/2017\/10\/Affaere-am-Arbeitsplatz-Deutschschweizer-auf-Spitzenposition_Organisator.jpg","datePublished":"2017-10-03T12:24:37+00:00","description":"La vie professionnelle ne se r\u00e9sume pas \u00e0 des r\u00e9unions, des pr\u00e9sentations, etc. M\u00eame \u00e0 l'\u00e8re d'Internet, le lieu de travail reste un lieu de rencontre important.","breadcrumb":{"@id":"https:\/\/www.organisator.ch\/de\/allgemein\/2017-10-03\/affaere-am-arbeitsplatz-deutschschweizer-auf-spitzenposition\/#breadcrumb"},"inLanguage":"fr-FR","potentialAction":[{"@type":"ReadAction","target":["https:\/\/www.organisator.ch\/de\/allgemein\/2017-10-03\/affaere-am-arbeitsplatz-deutschschweizer-auf-spitzenposition\/"]}]},{"@type":"ImageObject","inLanguage":"fr-FR","@id":"https:\/\/www.organisator.ch\/de\/allgemein\/2017-10-03\/affaere-am-arbeitsplatz-deutschschweizer-auf-spitzenposition\/#primaryimage","url":"https:\/\/www.organisator.ch\/wp-content\/uploads\/2017\/10\/Affaere-am-Arbeitsplatz-Deutschschweizer-auf-Spitzenposition_Organisator.jpg","contentUrl":"https:\/\/www.organisator.ch\/wp-content\/uploads\/2017\/10\/Affaere-am-Arbeitsplatz-Deutschschweizer-auf-Spitzenposition_Organisator.jpg","width":428,"height":281,"caption":"Das Arbeitsleben ist immer noch eine wichtigste Partnerb\u00f6rse. Manche Aff\u00e4re entwickelte sich auch schon zu einer festen Beziehung. (Bild: Andrey Burmakin - Fotolia.com)"},{"@type":"BreadcrumbList","@id":"https:\/\/www.organisator.ch\/de\/allgemein\/2017-10-03\/affaere-am-arbeitsplatz-deutschschweizer-auf-spitzenposition\/#breadcrumb","itemListElement":[{"@type":"ListItem","position":1,"name":"Home","item":"https:\/\/www.organisator.ch\/"},{"@type":"ListItem","position":2,"name":"Aff\u00e4re am Arbeitsplatz: Deutschschweizer auf Spitzenposition"}]},{"@type":"WebSite","@id":"https:\/\/www.organisator.ch\/#website","url":"https:\/\/www.organisator.ch\/","name":"Organisateur","description":"Comp\u00e9tence et comp\u00e9tence. Proches de la pratique. L'ORGANISATEUR pr\u00e9pare 10 num\u00e9ros par an sur les th\u00e8mes essentiels pour les dirigeants de PME.","publisher":{"@id":"https:\/\/www.organisator.ch\/#organization"},"potentialAction":[{"@type":"SearchAction","target":{"@type":"EntryPoint","urlTemplate":"https:\/\/www.organisator.ch\/?s={search_term_string}"},"query-input":{"@type":"PropertyValueSpecification","valueRequired":true,"valueName":"search_term_string"}}],"inLanguage":"fr-FR"},{"@type":"Organization","@id":"https:\/\/www.organisator.ch\/#organization","name":"Organisateur","url":"https:\/\/www.organisator.ch\/","logo":{"@type":"ImageObject","inLanguage":"fr-FR","@id":"https:\/\/www.organisator.ch\/#\/schema\/logo\/image\/","url":"https:\/\/www.organisator.ch\/wp-content\/uploads\/2022\/01\/Logo_Organisator_Website.png","contentUrl":"https:\/\/www.organisator.ch\/wp-content\/uploads\/2022\/01\/Logo_Organisator_Website.png","width":800,"height":77,"caption":"Organisator"},"image":{"@id":"https:\/\/www.organisator.ch\/#\/schema\/logo\/image\/"},"sameAs":["https:\/\/www.facebook.com\/OrganisatorFachmagazin","https:\/\/www.linkedin.com\/showcase\/organisator-das-magazin-fr-kmu","https:\/\/www.xing.com\/news\/pages\/organisator-ch-695","https:\/\/www.youtube.com\/channel\/UCGP2Sq0iWaZwT3BdIAQFYpw"]},{"@type":"Person","@id":"https:\/\/www.organisator.ch\/#\/schema\/person\/6f650f90b2842cd4c0cc334b4e36f67e","name":"thomas.berner","image":{"@type":"ImageObject","inLanguage":"fr-FR","@id":"https:\/\/secure.gravatar.com\/avatar\/ac5001d2a36cb6c6cd3e50789007ffca834b477b74a2144564522e944eabff61?s=96&d=mm&r=g","url":"https:\/\/secure.gravatar.com\/avatar\/ac5001d2a36cb6c6cd3e50789007ffca834b477b74a2144564522e944eabff61?s=96&d=mm&r=g","contentUrl":"https:\/\/secure.gravatar.com\/avatar\/ac5001d2a36cb6c6cd3e50789007ffca834b477b74a2144564522e944eabff61?s=96&d=mm&r=g","caption":"thomas.berner"},"url":"https:\/\/www.organisator.ch\/fr\/author\/thomas-berner\/"}]}},"_links":{"self":[{"href":"https:\/\/www.organisator.ch\/fr\/wp-json\/wp\/v2\/posts\/2521","targetHints":{"allow":["GET"]}}],"collection":[{"href":"https:\/\/www.organisator.ch\/fr\/wp-json\/wp\/v2\/posts"}],"about":[{"href":"https:\/\/www.organisator.ch\/fr\/wp-json\/wp\/v2\/types\/post"}],"author":[{"embeddable":true,"href":"https:\/\/www.organisator.ch\/fr\/wp-json\/wp\/v2\/users\/4"}],"replies":[{"embeddable":true,"href":"https:\/\/www.organisator.ch\/fr\/wp-json\/wp\/v2\/comments?post=2521"}],"version-history":[{"count":0,"href":"https:\/\/www.organisator.ch\/fr\/wp-json\/wp\/v2\/posts\/2521\/revisions"}],"wp:featuredmedia":[{"embeddable":true,"href":"https:\/\/www.organisator.ch\/fr\/wp-json\/wp\/v2\/media\/2522"}],"wp:attachment":[{"href":"https:\/\/www.organisator.ch\/fr\/wp-json\/wp\/v2\/media?parent=2521"}],"wp:term":[{"taxonomy":"category","embeddable":true,"href":"https:\/\/www.organisator.ch\/fr\/wp-json\/wp\/v2\/categories?post=2521"},{"taxonomy":"post_tag","embeddable":true,"href":"https:\/\/www.organisator.ch\/fr\/wp-json\/wp\/v2\/tags?post=2521"}],"curies":[{"name":"wp","href":"https:\/\/api.w.org\/{rel}","templated":true}]}}