{"id":2523,"date":"2019-10-07T17:23:12","date_gmt":"2019-10-07T15:23:12","guid":{"rendered":"https:\/\/www.umweltperspektiven.ch\/?p=2523"},"modified":"2019-10-07T17:23:12","modified_gmt":"2019-10-07T15:23:12","slug":"blinder-einsatz-des-insektengifts-cypermethrin-im-wald","status":"publish","type":"post","link":"https:\/\/www.organisator.ch\/fr\/allgemein\/2019-10-07\/blinder-einsatz-des-insektengifts-cypermethrin-im-wald\/","title":{"rendered":"Utilisation \"aveugle\" de l'insecticide cyperm\u00e9thrine en for\u00eat"},"content":{"rendered":"<figure id=\"attachment_2524\" aria-describedby=\"caption-attachment-2524\" style=\"width: 680px\" class=\"wp-caption alignnone\"><img loading=\"lazy\" decoding=\"async\" class=\"size-medium wp-image-2524\" src=\"\/\/www.umweltperspektiven.ch\/wp-content\/uploads\/2019\/10\/cristian-musolino-D00uNBEKCmc-unsplash.jpg\" alt=\"\" width=\"680\" height=\"907\" \/><figcaption id=\"caption-attachment-2524\" class=\"wp-caption-text\">L'AefU demande l'application syst\u00e9matique de l'interdiction de la cyperm\u00e9thrine en for\u00eat. (Image symbolique : Unsplash)<\/figcaption><\/figure>\n<p>La loi sur les for\u00eats interdit l'utilisation de pesticides, mais autorise des exceptions. Celles-ci sont devenues la r\u00e8gle : environ 700 kilogrammes d'insecticides hautement toxiques ont \u00e9t\u00e9 pulv\u00e9ris\u00e9s en 2018 sur des troncs d'\u00e9pic\u00e9as entrepos\u00e9s en for\u00eat, rapporte un communiqu\u00e9 de presse des M\u00e9decins en faveur de l'environnement (AefU). En effet, les troncs d'arbres abattus avec leur \u00e9corce attirent par exemple les scolytes. Ils sont donc trait\u00e9s pr\u00e9ventivement avec des insecticides. D\u00e9sormais, l'utilisation de poisons devrait encore augmenter : R\u00e9cemment, le Parlement a autoris\u00e9 de plus grands d\u00e9p\u00f4ts de bois en for\u00eat. Cela signifie encore plus d'insecticides. En revanche, si le bois abattu \u00e9tait \u00e9corc\u00e9 ou empil\u00e9 en dehors des for\u00eats, il n'y aurait pas besoin de poison.<\/p>\n<h2>Cyperm\u00e9thrine : autorisation sans tests en for\u00eat<\/h2>\n<p>Aujourd'hui, c'est surtout la cyperm\u00e9thrine, un insecticide hautement toxique, qui est utilis\u00e9e pour le stockage du bois dans les for\u00eats suisses. Il a \u00e9t\u00e9 autoris\u00e9 pour l'utilisation en for\u00eat sans que l'autorit\u00e9 d'homologation n'ait clarifi\u00e9 comment le poison agit dans l'\u00e9cosyst\u00e8me forestier sensible. L'Office f\u00e9d\u00e9ral de l'agriculture (OFAG), comp\u00e9tent en la mati\u00e8re, le confirme \u00e0 l'AefU : \"les organismes forestiers, donc les esp\u00e8ces typiques de la for\u00eat\" ne sont \"pas test\u00e9s de mani\u00e8re cibl\u00e9e\". En d'autres termes, l'OFAG a accord\u00e9 l'autorisation \"\u00e0 l'aveugle\". Les effets de la cyperm\u00e9thrine sur la faune et la flore foresti\u00e8res sont encore largement inconnus \u00e0 ce jour.<\/p>\n<h2>Quelques nanogrammes nuisent<\/h2>\n<p>Le poison reste longtemps d\u00e9tectable sur l'\u00e9corce des troncs trait\u00e9s. C'est ce que montre une analyse command\u00e9e par l'AefU. Le laboratoire cantonal de Zurich a d\u00e9tect\u00e9 20 microgrammes de cyperm\u00e9thrine par kilo d'\u00e9corce ext\u00e9rieure, m\u00eame quatre mois apr\u00e8s l'application du poison sur un stock de bois dans le Sernftal (GL). Comme la pulv\u00e9risation manuelle n'est pas r\u00e9guli\u00e8re, la concentration de poison sur l'\u00e9corce peut toutefois varier massivement.<\/p>\n<h2>Abeilles, bourdons et vers de terre en danger<\/h2>\n<p>La cyperm\u00e9thrine, insecticide \u00e0 large spectre, n'agit pas seulement contre les scolytes : les abeilles, les bourdons et les vers de terre qui entrent en contact avec la surface de l'\u00e9corce pulv\u00e9ris\u00e9e seraient potentiellement menac\u00e9s. C'est ce qu'affirme Heinz K\u00f6hler, professeur \u00e0 l'Institut d'\u00e9cologie et d'\u00e9volution de l'universit\u00e9 de T\u00fcbingen : \"Une absorption de quelques nanogrammes par animal entra\u00eene d\u00e9j\u00e0 des dommages neuronaux et des d\u00e9ficits comportementaux chez les abeilles et les bourdons\". Heinz K\u00f6hler consid\u00e8re m\u00eame que le risque pour les vers de terre n'est pas acceptable. Il n'existe aucune \u00e9tude sur les mille-pattes. Et les fourmis des bois ? Certaines esp\u00e8ces de fourmis sont m\u00eame \"activement combattues\" par la cyperm\u00e9thrine, ce qui signifie qu'elle leur cause des dommages consid\u00e9rables. Le Service sanitaire apicole suisse \u00e9crit : \"Les fourmis comme les abeilles sont des hym\u00e9nopt\u00e8res : ce qui tue les fourmis est \u00e9galement mortel pour les abeilles\", ce qui est bien s\u00fbr tout aussi vrai dans l'autre sens.<\/p>\n<h2>Le Parlement provoque l'utilisation d'insecticides<\/h2>\n<p>Malgr\u00e9 cela, le Parlement a r\u00e9cemment autoris\u00e9 de plus grands d\u00e9p\u00f4ts de grumes en for\u00eat - sans l'obligation d'\u00e9corcer les troncs au pr\u00e9alable. Le Parlement provoque ainsi l'utilisation d'encore plus d'insecticides dans la for\u00eat et donc dans l'une de nos principales ressources en eau potable.<\/p>\n<p>C'est la mauvaise voie. L'AefU demande l'application syst\u00e9matique de l'interdiction des pesticides en for\u00eat. Les troncs abattus doivent \u00eatre imm\u00e9diatement retir\u00e9s de la for\u00eat ou alors \u00e9corc\u00e9s de mani\u00e8re cons\u00e9quente, ce qui sera de toute fa\u00e7on n\u00e9cessaire avant la transformation. L'industrie du bois doit contribuer \u00e0 la protection des for\u00eats et de l'eau potable.<\/p>\n<p><a href=\"\/\/www.aefu.ch\">www.aefu.ch<\/a><\/p>","protected":false},"excerpt":{"rendered":"<p>Das Waldgesetz verbietet den Einsatz von Pestiziden, l\u00e4sst aber Ausnahmen zu. Diese wurden zur Regel: Rund 700 Kilogramm hochgiftige Insektizide wurden 2018 auf im Wald gelagerte Fichtenst\u00e4mme gespritzt, berichtet eine Medienmitteilung der \u00c4rztinnen und \u00c4rzte f\u00fcr Umweltschutz (AefU). Denn gef\u00e4llte Baumst\u00e4mme mit Rinde locken zum Beispiel den Borkenk\u00e4fer an. Dagegen werden sie vorsorglich mit Insektiziden [&hellip;]<\/p>\n","protected":false},"author":5,"featured_media":2524,"comment_status":"open","ping_status":"open","sticky":false,"template":"","format":"standard","meta":{"_acf_changed":false,"_yoast_wpseo_focuskw":"Cypermethrin","_yoast_wpseo_metadesc":"Das Insektengift Cypermethrin wird im Schweizer Wald in grossen Mengen auf geschlagene Baumst\u00e4mme gespritzt. Das k\u00f6nnte andere Lebensbereiche sch\u00e4digen.","articlekey":"","footnotes":""},"categories":[1],"tags":[959,1426,1894,2075,2499],"class_list":["post-2523","post","type-post","status-publish","format-standard","has-post-thumbnail","hentry","category-allgemein","tag-cypermethrin","tag-insektensterben","tag-pestizide","tag-schweizer","tag-wald"],"acf":[],"yoast_head":"<!-- This site is optimized with the Yoast SEO plugin v27.4 - https:\/\/yoast.com\/product\/yoast-seo-wordpress\/ -->\n<title>\u00abBlinder\u00bb Einsatz des Insektengifts Cypermethrin im Wald - Organisator<\/title>\n<meta name=\"description\" content=\"Das Insektengift Cypermethrin wird im Schweizer Wald in grossen Mengen auf geschlagene Baumst\u00e4mme gespritzt. Das k\u00f6nnte andere Lebensbereiche sch\u00e4digen.\" \/>\n<meta name=\"robots\" content=\"index, follow, max-snippet:-1, max-image-preview:large, max-video-preview:-1\" \/>\n<link rel=\"canonical\" href=\"https:\/\/www.organisator.ch\/fr\/general\/2019-10-07\/blinder-einsatz-des-insektengifts-cypermethrin-im-wald\/\" \/>\n<meta property=\"og:locale\" content=\"fr_FR\" \/>\n<meta property=\"og:type\" content=\"article\" \/>\n<meta property=\"og:title\" content=\"\u00abBlinder\u00bb Einsatz des Insektengifts Cypermethrin im Wald - Organisator\" \/>\n<meta property=\"og:description\" content=\"Das Insektengift Cypermethrin wird im Schweizer Wald in grossen Mengen auf geschlagene Baumst\u00e4mme gespritzt. Das k\u00f6nnte andere Lebensbereiche sch\u00e4digen.\" \/>\n<meta property=\"og:url\" content=\"https:\/\/www.organisator.ch\/fr\/general\/2019-10-07\/blinder-einsatz-des-insektengifts-cypermethrin-im-wald\/\" \/>\n<meta property=\"og:site_name\" content=\"Organisator\" \/>\n<meta property=\"article:publisher\" content=\"https:\/\/www.facebook.com\/OrganisatorFachmagazin\" \/>\n<meta property=\"article:published_time\" content=\"2019-10-07T15:23:12+00:00\" \/>\n<meta property=\"og:image\" content=\"https:\/\/www.organisator.ch\/wp-content\/uploads\/2019\/10\/cristian-musolino-D00uNBEKCmc-unsplash-scaled.jpg\" \/>\n\t<meta property=\"og:image:width\" content=\"1920\" \/>\n\t<meta property=\"og:image:height\" content=\"2560\" \/>\n\t<meta property=\"og:image:type\" content=\"image\/jpeg\" \/>\n<meta name=\"author\" content=\"michael.merz\" \/>\n<meta name=\"twitter:card\" content=\"summary_large_image\" \/>\n<script type=\"application\/ld+json\" class=\"yoast-schema-graph\">{\"@context\":\"https:\\\/\\\/schema.org\",\"@graph\":[{\"@type\":\"Article\",\"@id\":\"https:\\\/\\\/www.organisator.ch\\\/it\\\/generale\\\/2019-10-07\\\/blinder-einsatz-des-insektengifts-cypermethrin-im-wald\\\/#article\",\"isPartOf\":{\"@id\":\"https:\\\/\\\/www.organisator.ch\\\/it\\\/generale\\\/2019-10-07\\\/blinder-einsatz-des-insektengifts-cypermethrin-im-wald\\\/\"},\"author\":{\"name\":\"michael.merz\",\"@id\":\"https:\\\/\\\/www.organisator.ch\\\/#\\\/schema\\\/person\\\/134708ca9321c57b0362cceb7948ffbd\"},\"headline\":\"\u00abBlinder\u00bb Einsatz des Insektengifts Cypermethrin im Wald\",\"datePublished\":\"2019-10-07T15:23:12+00:00\",\"mainEntityOfPage\":{\"@id\":\"https:\\\/\\\/www.organisator.ch\\\/it\\\/generale\\\/2019-10-07\\\/blinder-einsatz-des-insektengifts-cypermethrin-im-wald\\\/\"},\"wordCount\":534,\"commentCount\":0,\"publisher\":{\"@id\":\"https:\\\/\\\/www.organisator.ch\\\/#organization\"},\"image\":{\"@id\":\"https:\\\/\\\/www.organisator.ch\\\/it\\\/generale\\\/2019-10-07\\\/blinder-einsatz-des-insektengifts-cypermethrin-im-wald\\\/#primaryimage\"},\"thumbnailUrl\":\"https:\\\/\\\/www.organisator.ch\\\/wp-content\\\/uploads\\\/2019\\\/10\\\/cristian-musolino-D00uNBEKCmc-unsplash-scaled.jpg\",\"keywords\":[\"Cypermethrin\",\"Insektensterben\",\"Pestizide\",\"Schweizer\",\"Wald\"],\"articleSection\":[\"Allgemein\"],\"inLanguage\":\"fr-FR\"},{\"@type\":\"WebPage\",\"@id\":\"https:\\\/\\\/www.organisator.ch\\\/it\\\/generale\\\/2019-10-07\\\/blinder-einsatz-des-insektengifts-cypermethrin-im-wald\\\/\",\"url\":\"https:\\\/\\\/www.organisator.ch\\\/it\\\/generale\\\/2019-10-07\\\/blinder-einsatz-des-insektengifts-cypermethrin-im-wald\\\/\",\"name\":\"\u00abBlinder\u00bb Einsatz des Insektengifts Cypermethrin im Wald - Organisator\",\"isPartOf\":{\"@id\":\"https:\\\/\\\/www.organisator.ch\\\/#website\"},\"primaryImageOfPage\":{\"@id\":\"https:\\\/\\\/www.organisator.ch\\\/it\\\/generale\\\/2019-10-07\\\/blinder-einsatz-des-insektengifts-cypermethrin-im-wald\\\/#primaryimage\"},\"image\":{\"@id\":\"https:\\\/\\\/www.organisator.ch\\\/it\\\/generale\\\/2019-10-07\\\/blinder-einsatz-des-insektengifts-cypermethrin-im-wald\\\/#primaryimage\"},\"thumbnailUrl\":\"https:\\\/\\\/www.organisator.ch\\\/wp-content\\\/uploads\\\/2019\\\/10\\\/cristian-musolino-D00uNBEKCmc-unsplash-scaled.jpg\",\"datePublished\":\"2019-10-07T15:23:12+00:00\",\"description\":\"Das Insektengift Cypermethrin wird im Schweizer Wald in grossen Mengen auf geschlagene Baumst\u00e4mme gespritzt. Das k\u00f6nnte andere Lebensbereiche sch\u00e4digen.\",\"breadcrumb\":{\"@id\":\"https:\\\/\\\/www.organisator.ch\\\/it\\\/generale\\\/2019-10-07\\\/blinder-einsatz-des-insektengifts-cypermethrin-im-wald\\\/#breadcrumb\"},\"inLanguage\":\"fr-FR\",\"potentialAction\":[{\"@type\":\"ReadAction\",\"target\":[\"https:\\\/\\\/www.organisator.ch\\\/it\\\/generale\\\/2019-10-07\\\/blinder-einsatz-des-insektengifts-cypermethrin-im-wald\\\/\"]}]},{\"@type\":\"ImageObject\",\"inLanguage\":\"fr-FR\",\"@id\":\"https:\\\/\\\/www.organisator.ch\\\/it\\\/generale\\\/2019-10-07\\\/blinder-einsatz-des-insektengifts-cypermethrin-im-wald\\\/#primaryimage\",\"url\":\"https:\\\/\\\/www.organisator.ch\\\/wp-content\\\/uploads\\\/2019\\\/10\\\/cristian-musolino-D00uNBEKCmc-unsplash-scaled.jpg\",\"contentUrl\":\"https:\\\/\\\/www.organisator.ch\\\/wp-content\\\/uploads\\\/2019\\\/10\\\/cristian-musolino-D00uNBEKCmc-unsplash-scaled.jpg\",\"width\":1920,\"height\":2560,\"caption\":\"Die AefU fordern die konsequente Durchsetzung des Verbots f\u00fcr im Wald. (Symbolbild: Unsplash)\"},{\"@type\":\"BreadcrumbList\",\"@id\":\"https:\\\/\\\/www.organisator.ch\\\/it\\\/generale\\\/2019-10-07\\\/blinder-einsatz-des-insektengifts-cypermethrin-im-wald\\\/#breadcrumb\",\"itemListElement\":[{\"@type\":\"ListItem\",\"position\":1,\"name\":\"Home\",\"item\":\"https:\\\/\\\/www.organisator.ch\\\/\"},{\"@type\":\"ListItem\",\"position\":2,\"name\":\"\u00abBlinder\u00bb Einsatz des Insektengifts Cypermethrin im Wald\"}]},{\"@type\":\"WebSite\",\"@id\":\"https:\\\/\\\/www.organisator.ch\\\/#website\",\"url\":\"https:\\\/\\\/www.organisator.ch\\\/\",\"name\":\"Organisator\",\"description\":\"Kompetent. Praxisnah. Der ORGANISATOR bereitet in 10 Ausgaben pro Jahr die wesentlichen Themen f\u00fcr F\u00fchrungskr\u00e4fte von KMU auf.\",\"publisher\":{\"@id\":\"https:\\\/\\\/www.organisator.ch\\\/#organization\"},\"potentialAction\":[{\"@type\":\"SearchAction\",\"target\":{\"@type\":\"EntryPoint\",\"urlTemplate\":\"https:\\\/\\\/www.organisator.ch\\\/?s={search_term_string}\"},\"query-input\":{\"@type\":\"PropertyValueSpecification\",\"valueRequired\":true,\"valueName\":\"search_term_string\"}}],\"inLanguage\":\"fr-FR\"},{\"@type\":\"Organization\",\"@id\":\"https:\\\/\\\/www.organisator.ch\\\/#organization\",\"name\":\"Organisator\",\"url\":\"https:\\\/\\\/www.organisator.ch\\\/\",\"logo\":{\"@type\":\"ImageObject\",\"inLanguage\":\"fr-FR\",\"@id\":\"https:\\\/\\\/www.organisator.ch\\\/#\\\/schema\\\/logo\\\/image\\\/\",\"url\":\"https:\\\/\\\/www.organisator.ch\\\/wp-content\\\/uploads\\\/2022\\\/01\\\/Logo_Organisator_Website.png\",\"contentUrl\":\"https:\\\/\\\/www.organisator.ch\\\/wp-content\\\/uploads\\\/2022\\\/01\\\/Logo_Organisator_Website.png\",\"width\":800,\"height\":77,\"caption\":\"Organisator\"},\"image\":{\"@id\":\"https:\\\/\\\/www.organisator.ch\\\/#\\\/schema\\\/logo\\\/image\\\/\"},\"sameAs\":[\"https:\\\/\\\/www.facebook.com\\\/OrganisatorFachmagazin\",\"https:\\\/\\\/www.linkedin.com\\\/showcase\\\/organisator-das-magazin-fr-kmu\",\"https:\\\/\\\/www.xing.com\\\/news\\\/pages\\\/organisator-ch-695\",\"https:\\\/\\\/www.youtube.com\\\/channel\\\/UCGP2Sq0iWaZwT3BdIAQFYpw\"]},{\"@type\":\"Person\",\"@id\":\"https:\\\/\\\/www.organisator.ch\\\/#\\\/schema\\\/person\\\/134708ca9321c57b0362cceb7948ffbd\",\"name\":\"michael.merz\",\"image\":{\"@type\":\"ImageObject\",\"inLanguage\":\"fr-FR\",\"@id\":\"https:\\\/\\\/secure.gravatar.com\\\/avatar\\\/?s=96&d=mm&r=g\",\"url\":\"https:\\\/\\\/secure.gravatar.com\\\/avatar\\\/?s=96&d=mm&r=g\",\"contentUrl\":\"https:\\\/\\\/secure.gravatar.com\\\/avatar\\\/?s=96&d=mm&r=g\",\"caption\":\"michael.merz\"},\"url\":\"https:\\\/\\\/www.organisator.ch\\\/fr\\\/author\\\/michael-merz\\\/\"}]}<\/script>\n<!-- \/ Yoast SEO plugin. -->","yoast_head_json":{"title":"Utilisation \"aveugle\" de l'insecticide cyperm\u00e9thrine en for\u00eat - Organisateur","description":"La cyperm\u00e9thrine, un insecticide, est pulv\u00e9ris\u00e9e en grandes quantit\u00e9s sur les troncs d'arbres abattus dans la for\u00eat suisse. Cela pourrait nuire \u00e0 d'autres domaines de la vie.","robots":{"index":"index","follow":"follow","max-snippet":"max-snippet:-1","max-image-preview":"max-image-preview:large","max-video-preview":"max-video-preview:-1"},"canonical":"https:\/\/www.organisator.ch\/fr\/general\/2019-10-07\/blinder-einsatz-des-insektengifts-cypermethrin-im-wald\/","og_locale":"fr_FR","og_type":"article","og_title":"\u00abBlinder\u00bb Einsatz des Insektengifts Cypermethrin im Wald - Organisator","og_description":"Das Insektengift Cypermethrin wird im Schweizer Wald in grossen Mengen auf geschlagene Baumst\u00e4mme gespritzt. Das k\u00f6nnte andere Lebensbereiche sch\u00e4digen.","og_url":"https:\/\/www.organisator.ch\/fr\/general\/2019-10-07\/blinder-einsatz-des-insektengifts-cypermethrin-im-wald\/","og_site_name":"Organisator","article_publisher":"https:\/\/www.facebook.com\/OrganisatorFachmagazin","article_published_time":"2019-10-07T15:23:12+00:00","og_image":[{"width":1920,"height":2560,"url":"https:\/\/www.organisator.ch\/wp-content\/uploads\/2019\/10\/cristian-musolino-D00uNBEKCmc-unsplash-scaled.jpg","type":"image\/jpeg"}],"author":"michael.merz","twitter_card":"summary_large_image","schema":{"@context":"https:\/\/schema.org","@graph":[{"@type":"Article","@id":"https:\/\/www.organisator.ch\/it\/generale\/2019-10-07\/blinder-einsatz-des-insektengifts-cypermethrin-im-wald\/#article","isPartOf":{"@id":"https:\/\/www.organisator.ch\/it\/generale\/2019-10-07\/blinder-einsatz-des-insektengifts-cypermethrin-im-wald\/"},"author":{"name":"michael.merz","@id":"https:\/\/www.organisator.ch\/#\/schema\/person\/134708ca9321c57b0362cceb7948ffbd"},"headline":"\u00abBlinder\u00bb Einsatz des Insektengifts Cypermethrin im Wald","datePublished":"2019-10-07T15:23:12+00:00","mainEntityOfPage":{"@id":"https:\/\/www.organisator.ch\/it\/generale\/2019-10-07\/blinder-einsatz-des-insektengifts-cypermethrin-im-wald\/"},"wordCount":534,"commentCount":0,"publisher":{"@id":"https:\/\/www.organisator.ch\/#organization"},"image":{"@id":"https:\/\/www.organisator.ch\/it\/generale\/2019-10-07\/blinder-einsatz-des-insektengifts-cypermethrin-im-wald\/#primaryimage"},"thumbnailUrl":"https:\/\/www.organisator.ch\/wp-content\/uploads\/2019\/10\/cristian-musolino-D00uNBEKCmc-unsplash-scaled.jpg","keywords":["Cypermethrin","Insektensterben","Pestizide","Schweizer","Wald"],"articleSection":["Allgemein"],"inLanguage":"fr-FR"},{"@type":"WebPage","@id":"https:\/\/www.organisator.ch\/it\/generale\/2019-10-07\/blinder-einsatz-des-insektengifts-cypermethrin-im-wald\/","url":"https:\/\/www.organisator.ch\/it\/generale\/2019-10-07\/blinder-einsatz-des-insektengifts-cypermethrin-im-wald\/","name":"Utilisation \"aveugle\" de l'insecticide cyperm\u00e9thrine en for\u00eat - Organisateur","isPartOf":{"@id":"https:\/\/www.organisator.ch\/#website"},"primaryImageOfPage":{"@id":"https:\/\/www.organisator.ch\/it\/generale\/2019-10-07\/blinder-einsatz-des-insektengifts-cypermethrin-im-wald\/#primaryimage"},"image":{"@id":"https:\/\/www.organisator.ch\/it\/generale\/2019-10-07\/blinder-einsatz-des-insektengifts-cypermethrin-im-wald\/#primaryimage"},"thumbnailUrl":"https:\/\/www.organisator.ch\/wp-content\/uploads\/2019\/10\/cristian-musolino-D00uNBEKCmc-unsplash-scaled.jpg","datePublished":"2019-10-07T15:23:12+00:00","description":"La cyperm\u00e9thrine, un insecticide, est pulv\u00e9ris\u00e9e en grandes quantit\u00e9s sur les troncs d'arbres abattus dans la for\u00eat suisse. Cela pourrait nuire \u00e0 d'autres domaines de la vie.","breadcrumb":{"@id":"https:\/\/www.organisator.ch\/it\/generale\/2019-10-07\/blinder-einsatz-des-insektengifts-cypermethrin-im-wald\/#breadcrumb"},"inLanguage":"fr-FR","potentialAction":[{"@type":"ReadAction","target":["https:\/\/www.organisator.ch\/it\/generale\/2019-10-07\/blinder-einsatz-des-insektengifts-cypermethrin-im-wald\/"]}]},{"@type":"ImageObject","inLanguage":"fr-FR","@id":"https:\/\/www.organisator.ch\/it\/generale\/2019-10-07\/blinder-einsatz-des-insektengifts-cypermethrin-im-wald\/#primaryimage","url":"https:\/\/www.organisator.ch\/wp-content\/uploads\/2019\/10\/cristian-musolino-D00uNBEKCmc-unsplash-scaled.jpg","contentUrl":"https:\/\/www.organisator.ch\/wp-content\/uploads\/2019\/10\/cristian-musolino-D00uNBEKCmc-unsplash-scaled.jpg","width":1920,"height":2560,"caption":"Die AefU fordern die konsequente Durchsetzung des Verbots f\u00fcr im Wald. (Symbolbild: Unsplash)"},{"@type":"BreadcrumbList","@id":"https:\/\/www.organisator.ch\/it\/generale\/2019-10-07\/blinder-einsatz-des-insektengifts-cypermethrin-im-wald\/#breadcrumb","itemListElement":[{"@type":"ListItem","position":1,"name":"Home","item":"https:\/\/www.organisator.ch\/"},{"@type":"ListItem","position":2,"name":"\u00abBlinder\u00bb Einsatz des Insektengifts Cypermethrin im Wald"}]},{"@type":"WebSite","@id":"https:\/\/www.organisator.ch\/#website","url":"https:\/\/www.organisator.ch\/","name":"Organisateur","description":"Comp\u00e9tence et comp\u00e9tence. Proches de la pratique. L'ORGANISATEUR pr\u00e9pare 10 num\u00e9ros par an sur les th\u00e8mes essentiels pour les dirigeants de PME.","publisher":{"@id":"https:\/\/www.organisator.ch\/#organization"},"potentialAction":[{"@type":"SearchAction","target":{"@type":"EntryPoint","urlTemplate":"https:\/\/www.organisator.ch\/?s={search_term_string}"},"query-input":{"@type":"PropertyValueSpecification","valueRequired":true,"valueName":"search_term_string"}}],"inLanguage":"fr-FR"},{"@type":"Organization","@id":"https:\/\/www.organisator.ch\/#organization","name":"Organisateur","url":"https:\/\/www.organisator.ch\/","logo":{"@type":"ImageObject","inLanguage":"fr-FR","@id":"https:\/\/www.organisator.ch\/#\/schema\/logo\/image\/","url":"https:\/\/www.organisator.ch\/wp-content\/uploads\/2022\/01\/Logo_Organisator_Website.png","contentUrl":"https:\/\/www.organisator.ch\/wp-content\/uploads\/2022\/01\/Logo_Organisator_Website.png","width":800,"height":77,"caption":"Organisator"},"image":{"@id":"https:\/\/www.organisator.ch\/#\/schema\/logo\/image\/"},"sameAs":["https:\/\/www.facebook.com\/OrganisatorFachmagazin","https:\/\/www.linkedin.com\/showcase\/organisator-das-magazin-fr-kmu","https:\/\/www.xing.com\/news\/pages\/organisator-ch-695","https:\/\/www.youtube.com\/channel\/UCGP2Sq0iWaZwT3BdIAQFYpw"]},{"@type":"Person","@id":"https:\/\/www.organisator.ch\/#\/schema\/person\/134708ca9321c57b0362cceb7948ffbd","name":"michael.merz","image":{"@type":"ImageObject","inLanguage":"fr-FR","@id":"https:\/\/secure.gravatar.com\/avatar\/?s=96&d=mm&r=g","url":"https:\/\/secure.gravatar.com\/avatar\/?s=96&d=mm&r=g","contentUrl":"https:\/\/secure.gravatar.com\/avatar\/?s=96&d=mm&r=g","caption":"michael.merz"},"url":"https:\/\/www.organisator.ch\/fr\/author\/michael-merz\/"}]}},"_links":{"self":[{"href":"https:\/\/www.organisator.ch\/fr\/wp-json\/wp\/v2\/posts\/2523","targetHints":{"allow":["GET"]}}],"collection":[{"href":"https:\/\/www.organisator.ch\/fr\/wp-json\/wp\/v2\/posts"}],"about":[{"href":"https:\/\/www.organisator.ch\/fr\/wp-json\/wp\/v2\/types\/post"}],"author":[{"embeddable":true,"href":"https:\/\/www.organisator.ch\/fr\/wp-json\/wp\/v2\/users\/5"}],"replies":[{"embeddable":true,"href":"https:\/\/www.organisator.ch\/fr\/wp-json\/wp\/v2\/comments?post=2523"}],"version-history":[{"count":0,"href":"https:\/\/www.organisator.ch\/fr\/wp-json\/wp\/v2\/posts\/2523\/revisions"}],"wp:featuredmedia":[{"embeddable":true,"href":"https:\/\/www.organisator.ch\/fr\/wp-json\/wp\/v2\/media\/2524"}],"wp:attachment":[{"href":"https:\/\/www.organisator.ch\/fr\/wp-json\/wp\/v2\/media?parent=2523"}],"wp:term":[{"taxonomy":"category","embeddable":true,"href":"https:\/\/www.organisator.ch\/fr\/wp-json\/wp\/v2\/categories?post=2523"},{"taxonomy":"post_tag","embeddable":true,"href":"https:\/\/www.organisator.ch\/fr\/wp-json\/wp\/v2\/tags?post=2523"}],"curies":[{"name":"wp","href":"https:\/\/api.w.org\/{rel}","templated":true}]}}