{"id":25234,"date":"2024-02-20T12:52:08","date_gmt":"2024-02-20T11:52:08","guid":{"rendered":"https:\/\/www.m-q.ch\/?p=19314"},"modified":"2024-11-11T16:33:43","modified_gmt":"2024-11-11T15:33:43","slug":"swiss-tecladies-foerderung-junger-frauen-in-der-schweizer-technikwelt","status":"publish","type":"post","link":"https:\/\/www.organisator.ch\/fr\/weiterbildung\/2024-02-20\/swiss-tecladies-foerderung-junger-frauen-in-der-schweizer-technikwelt\/","title":{"rendered":"Swiss TecLadies (en allemand) : Promotion des jeunes femmes dans le monde technique suisse"},"content":{"rendered":"<figure id=\"attachment_19321\" class=\"wp-caption alignnone\" style=\"width: 680px\" aria-describedby=\"caption-attachment-19321\"><img class=\"alignnone wp-image-19321 size-full\" src=\"https:\/\/www.m-q.ch\/wp-content\/uploads\/2024\/02\/Swiss-TecLadies_Bild1_ps.jpg\" alt=\"Mentorat Swiss TecLadies\" width=\"680\" height=\"453\" \/>\r\n<figcaption id=\"caption-attachment-19321\" class=\"wp-caption-text\">Le programme de mentorat de Swiss TecLadies offre aux jeunes femmes la possibilit\u00e9 d'explorer les sciences et la technologie. (www.tecladies.ch)<\/figcaption>\r\n<\/figure>\r\n<p>Le programme de mentorat de Swiss TecLadies offre aux jeunes femmes de 14 \u00e0 19 ans la possibilit\u00e9 d'explorer les sciences et la technologie en les accompagnant \u00e0 diff\u00e9rents niveaux.\u00a0<\/p>\r\n<h3><strong>100 places disponibles pour s'immerger dans le monde de la science et de la technologie\u00a0<\/strong><\/h3>\r\n<p>Les inscriptions pour l'\u00e9dition 2024\/2025 sont ouvertes du 19 f\u00e9vrier au 1er avril 2024. Afin de faire conna\u00eetre cette opportunit\u00e9 unique, Swiss TecLadies lance une campagne de communication nationale pour inviter les jeunes femmes de tout le pays \u00e0 s'inscrire.\u00a0\u00a0<\/p>\r\n<p>Pendant sept mois, les participantes ont la possibilit\u00e9 d'\u00eatre suivies individuellement par des mentors exp\u00e9riment\u00e9s et d'avoir un aper\u00e7u de la vie professionnelle. Les nombreuses activit\u00e9s du programme permettent de se familiariser avec la diversit\u00e9 des m\u00e9tiers techniques tout en d\u00e9veloppant de nouvelles comp\u00e9tences et en renfor\u00e7ant sa personnalit\u00e9. Le programme de mentorat offre \u00e9galement la possibilit\u00e9 de rejoindre une communaut\u00e9 de femmes motiv\u00e9es et inspirantes de tous \u00e2ges, actives dans les domaines scientifiques et techniques, et de cr\u00e9er des liens avec d'autres jeunes femmes ayant les m\u00eames int\u00e9r\u00eats.<\/p>\r\n<h3><strong>Des partenaires engag\u00e9s<\/strong>\u00a0<\/h3>\r\n<p>Le programme sera lanc\u00e9 le 28 septembre 2024 lors de la conf\u00e9rence #wetechtogether \u00e0 Zurich et s'ach\u00e8vera le 5 avril 2025 au Centre sportif national de Tenero (TI). Au cours de ces sept mois, des visites d'entreprises et d'instituts de recherche sont pr\u00e9vues, dont le CSEM (12.11.2024), Google (27.11.2024), le CERN (31.01.2025), l'EPFL (8.03.2025), le CSCS, la SUPSI, l'USI et l'Ideatorio. Des modules de renforcement de la personnalit\u00e9 ainsi que des ateliers en mode projet (avec Intrinsic \u00e0 Zurich les 1-2.11.2024 et 10-11.01.2025) compl\u00e8tent l'offre. Les jeunes femmes peuvent \u00e9galement participer \u00e0 tous les TecDays. Les TecDays sont des manifestations organis\u00e9es dans les \u00e9coles du niveau secondaire II et consacr\u00e9es \u00e0 la technique.\u00a0<\/p>\r\n<p>Le programme est soutenu financi\u00e8rement par les Acad\u00e9mies suisses des sciences et la Fondation Werner Siemens.\u00a0<\/p>\r\n<h3><strong>Un programme de soutien qui a de l'impact<\/strong>\u00a0\u00a0<\/h3>\r\n<p>Depuis 2018, plus de 250 jeunes femmes en ont b\u00e9n\u00e9fici\u00e9 : Le programme de mentoring soutient et contribue au changement des mentalit\u00e9s. Celui-ci est fondamental pour lutter contre les st\u00e9r\u00e9otypes de genre et donc contre la p\u00e9nurie de main-d'\u0153uvre dans les m\u00e9tiers techniques.\u00a0\u00a0<\/p>\r\n<p><em>Source et informations compl\u00e9mentaires : <a href=\"https:\/\/www.tecladies.ch\/de\/\">www.tecladies.ch<\/a><\/em><\/p>\n<p class=\"syndicated-attribution\">Cet article est paru initialement sur m-q.ch - <a href=\"https:\/\/www.m-q.ch\/de\/swiss-tecladies-foerderung-junger-frauen-in-der-schweizer-technikwelt\/\" target=\"_blank\">https:\/\/www.m-q.ch\/de\/swiss-tecladies-foerderung-junger-frauen-in-der-schweizer-technikwelt\/<\/a><\/p>","protected":false},"excerpt":{"rendered":"<p>Swiss TecLadies, le programme national d'encouragement de l'Acad\u00e9mie suisse des sciences techniques SATW, lance l'\u00e9dition 2024\/2025. Du 19 f\u00e9vrier au 1er avril 2024, les jeunes femmes de 14 \u00e0 19 ans de toute la Suisse sont encourag\u00e9es \u00e0 s'inscrire pour l'une des 100 places disponibles dans le programme de mentoring de Swiss TecLadies.<\/p>","protected":false},"author":58,"featured_media":0,"comment_status":"closed","ping_status":"closed","sticky":false,"template":"","format":"standard","meta":{"_acf_changed":false,"_yoast_wpseo_focuskw":"Swiss TecLadies Mentoring","_yoast_wpseo_metadesc":"Swiss TecLadies: Mentoring-Programm f\u00fcr junge Frauen in Wissenschaft und Technik. Jetzt anmelden!","articlekey":"","footnotes":""},"categories":[30],"tags":[103,3371,424,475,492],"class_list":["post-25234","post","type-post","status-publish","format-standard","hentry","category-weiterbildung","tag-business-excellence","tag-frauenfoerderung","tag-schweiz","tag-technologie","tag-unternehmen"],"acf":[],"yoast_head":"<!-- This site is optimized with the Yoast SEO plugin v27.5 - https:\/\/yoast.com\/product\/yoast-seo-wordpress\/ -->\n<title>Swiss TecLadies: F\u00f6rderung junger Frauen in der Schweizer Technikwelt - Organisator<\/title>\n<meta name=\"description\" content=\"Swiss TecLadies: Mentoring-Programm f\u00fcr junge Frauen in Wissenschaft und Technik. Jetzt anmelden!\" \/>\n<meta name=\"robots\" content=\"index, follow, max-snippet:-1, max-image-preview:large, max-video-preview:-1\" \/>\n<link rel=\"canonical\" href=\"https:\/\/www.organisator.ch\/fr\/formation-continue-2\/2024-02-20\/swiss-tecladies-foerderung-junger-frauen-in-der-schweizer-technikwelt\/\" \/>\n<meta property=\"og:locale\" content=\"fr_FR\" \/>\n<meta property=\"og:type\" content=\"article\" \/>\n<meta property=\"og:title\" content=\"Swiss TecLadies: F\u00f6rderung junger Frauen in der Schweizer Technikwelt - Organisator\" \/>\n<meta property=\"og:description\" content=\"Swiss TecLadies: Mentoring-Programm f\u00fcr junge Frauen in Wissenschaft und Technik. Jetzt anmelden!\" \/>\n<meta property=\"og:url\" content=\"https:\/\/www.organisator.ch\/fr\/formation-continue-2\/2024-02-20\/swiss-tecladies-foerderung-junger-frauen-in-der-schweizer-technikwelt\/\" \/>\n<meta property=\"og:site_name\" content=\"Organisator\" \/>\n<meta property=\"article:publisher\" content=\"https:\/\/www.facebook.com\/OrganisatorFachmagazin\" \/>\n<meta property=\"article:published_time\" content=\"2024-02-20T11:52:08+00:00\" \/>\n<meta property=\"article:modified_time\" content=\"2024-11-11T15:33:43+00:00\" \/>\n<meta property=\"og:image\" content=\"https:\/\/www.m-q.ch\/wp-content\/uploads\/2024\/02\/Swiss-TecLadies_Bild1_ps.jpg\" \/>\n<meta name=\"author\" content=\"Adelisa Kalajdzini\" \/>\n<meta name=\"twitter:card\" content=\"summary_large_image\" \/>\n<script type=\"application\/ld+json\" class=\"yoast-schema-graph\">{\"@context\":\"https:\\\/\\\/schema.org\",\"@graph\":[{\"@type\":\"Article\",\"@id\":\"https:\\\/\\\/www.organisator.ch\\\/weiterbildung\\\/2024-02-20\\\/swiss-tecladies-foerderung-junger-frauen-in-der-schweizer-technikwelt\\\/#article\",\"isPartOf\":{\"@id\":\"https:\\\/\\\/www.organisator.ch\\\/weiterbildung\\\/2024-02-20\\\/swiss-tecladies-foerderung-junger-frauen-in-der-schweizer-technikwelt\\\/\"},\"author\":{\"name\":\"Adelisa Kalajdzini\",\"@id\":\"https:\\\/\\\/www.organisator.ch\\\/#\\\/schema\\\/person\\\/2e1314a2172123f874db408d8911d3f3\"},\"headline\":\"Swiss TecLadies: F\u00f6rderung junger Frauen in der Schweizer Technikwelt\",\"datePublished\":\"2024-02-20T11:52:08+00:00\",\"dateModified\":\"2024-11-11T15:33:43+00:00\",\"mainEntityOfPage\":{\"@id\":\"https:\\\/\\\/www.organisator.ch\\\/weiterbildung\\\/2024-02-20\\\/swiss-tecladies-foerderung-junger-frauen-in-der-schweizer-technikwelt\\\/\"},\"wordCount\":356,\"publisher\":{\"@id\":\"https:\\\/\\\/www.organisator.ch\\\/#organization\"},\"image\":{\"@id\":\"https:\\\/\\\/www.organisator.ch\\\/weiterbildung\\\/2024-02-20\\\/swiss-tecladies-foerderung-junger-frauen-in-der-schweizer-technikwelt\\\/#primaryimage\"},\"thumbnailUrl\":\"https:\\\/\\\/www.m-q.ch\\\/wp-content\\\/uploads\\\/2024\\\/02\\\/Swiss-TecLadies_Bild1_ps.jpg\",\"keywords\":[\"Business Excellence\",\"Frauenf\u00f6rderung\",\"Schweiz\",\"Technologie\",\"Unternehmen\"],\"articleSection\":[\"WEITERBILDUNG\"],\"inLanguage\":\"fr-FR\"},{\"@type\":\"WebPage\",\"@id\":\"https:\\\/\\\/www.organisator.ch\\\/weiterbildung\\\/2024-02-20\\\/swiss-tecladies-foerderung-junger-frauen-in-der-schweizer-technikwelt\\\/\",\"url\":\"https:\\\/\\\/www.organisator.ch\\\/weiterbildung\\\/2024-02-20\\\/swiss-tecladies-foerderung-junger-frauen-in-der-schweizer-technikwelt\\\/\",\"name\":\"Swiss TecLadies: F\u00f6rderung junger Frauen in der Schweizer Technikwelt - Organisator\",\"isPartOf\":{\"@id\":\"https:\\\/\\\/www.organisator.ch\\\/#website\"},\"primaryImageOfPage\":{\"@id\":\"https:\\\/\\\/www.organisator.ch\\\/weiterbildung\\\/2024-02-20\\\/swiss-tecladies-foerderung-junger-frauen-in-der-schweizer-technikwelt\\\/#primaryimage\"},\"image\":{\"@id\":\"https:\\\/\\\/www.organisator.ch\\\/weiterbildung\\\/2024-02-20\\\/swiss-tecladies-foerderung-junger-frauen-in-der-schweizer-technikwelt\\\/#primaryimage\"},\"thumbnailUrl\":\"https:\\\/\\\/www.m-q.ch\\\/wp-content\\\/uploads\\\/2024\\\/02\\\/Swiss-TecLadies_Bild1_ps.jpg\",\"datePublished\":\"2024-02-20T11:52:08+00:00\",\"dateModified\":\"2024-11-11T15:33:43+00:00\",\"description\":\"Swiss TecLadies: Mentoring-Programm f\u00fcr junge Frauen in Wissenschaft und Technik. Jetzt anmelden!\",\"breadcrumb\":{\"@id\":\"https:\\\/\\\/www.organisator.ch\\\/weiterbildung\\\/2024-02-20\\\/swiss-tecladies-foerderung-junger-frauen-in-der-schweizer-technikwelt\\\/#breadcrumb\"},\"inLanguage\":\"fr-FR\",\"potentialAction\":[{\"@type\":\"ReadAction\",\"target\":[\"https:\\\/\\\/www.organisator.ch\\\/weiterbildung\\\/2024-02-20\\\/swiss-tecladies-foerderung-junger-frauen-in-der-schweizer-technikwelt\\\/\"]}]},{\"@type\":\"ImageObject\",\"inLanguage\":\"fr-FR\",\"@id\":\"https:\\\/\\\/www.organisator.ch\\\/weiterbildung\\\/2024-02-20\\\/swiss-tecladies-foerderung-junger-frauen-in-der-schweizer-technikwelt\\\/#primaryimage\",\"url\":\"https:\\\/\\\/www.m-q.ch\\\/wp-content\\\/uploads\\\/2024\\\/02\\\/Swiss-TecLadies_Bild1_ps.jpg\",\"contentUrl\":\"https:\\\/\\\/www.m-q.ch\\\/wp-content\\\/uploads\\\/2024\\\/02\\\/Swiss-TecLadies_Bild1_ps.jpg\"},{\"@type\":\"BreadcrumbList\",\"@id\":\"https:\\\/\\\/www.organisator.ch\\\/weiterbildung\\\/2024-02-20\\\/swiss-tecladies-foerderung-junger-frauen-in-der-schweizer-technikwelt\\\/#breadcrumb\",\"itemListElement\":[{\"@type\":\"ListItem\",\"position\":1,\"name\":\"Home\",\"item\":\"https:\\\/\\\/www.organisator.ch\\\/\"},{\"@type\":\"ListItem\",\"position\":2,\"name\":\"Swiss TecLadies: F\u00f6rderung junger Frauen in der Schweizer Technikwelt\"}]},{\"@type\":\"WebSite\",\"@id\":\"https:\\\/\\\/www.organisator.ch\\\/#website\",\"url\":\"https:\\\/\\\/www.organisator.ch\\\/\",\"name\":\"Organisator\",\"description\":\"Kompetent. Praxisnah. Der ORGANISATOR bereitet in 10 Ausgaben pro Jahr die wesentlichen Themen f\u00fcr F\u00fchrungskr\u00e4fte von KMU auf.\",\"publisher\":{\"@id\":\"https:\\\/\\\/www.organisator.ch\\\/#organization\"},\"potentialAction\":[{\"@type\":\"SearchAction\",\"target\":{\"@type\":\"EntryPoint\",\"urlTemplate\":\"https:\\\/\\\/www.organisator.ch\\\/?s={search_term_string}\"},\"query-input\":{\"@type\":\"PropertyValueSpecification\",\"valueRequired\":true,\"valueName\":\"search_term_string\"}}],\"inLanguage\":\"fr-FR\"},{\"@type\":\"Organization\",\"@id\":\"https:\\\/\\\/www.organisator.ch\\\/#organization\",\"name\":\"Organisator\",\"url\":\"https:\\\/\\\/www.organisator.ch\\\/\",\"logo\":{\"@type\":\"ImageObject\",\"inLanguage\":\"fr-FR\",\"@id\":\"https:\\\/\\\/www.organisator.ch\\\/#\\\/schema\\\/logo\\\/image\\\/\",\"url\":\"https:\\\/\\\/www.organisator.ch\\\/wp-content\\\/uploads\\\/2022\\\/01\\\/Logo_Organisator_Website.png\",\"contentUrl\":\"https:\\\/\\\/www.organisator.ch\\\/wp-content\\\/uploads\\\/2022\\\/01\\\/Logo_Organisator_Website.png\",\"width\":800,\"height\":77,\"caption\":\"Organisator\"},\"image\":{\"@id\":\"https:\\\/\\\/www.organisator.ch\\\/#\\\/schema\\\/logo\\\/image\\\/\"},\"sameAs\":[\"https:\\\/\\\/www.facebook.com\\\/OrganisatorFachmagazin\",\"https:\\\/\\\/www.linkedin.com\\\/showcase\\\/organisator-das-magazin-fr-kmu\",\"https:\\\/\\\/www.xing.com\\\/news\\\/pages\\\/organisator-ch-695\",\"https:\\\/\\\/www.youtube.com\\\/channel\\\/UCGP2Sq0iWaZwT3BdIAQFYpw\"]},{\"@type\":\"Person\",\"@id\":\"https:\\\/\\\/www.organisator.ch\\\/#\\\/schema\\\/person\\\/2e1314a2172123f874db408d8911d3f3\",\"name\":\"Adelisa Kalajdzini\",\"image\":{\"@type\":\"ImageObject\",\"inLanguage\":\"fr-FR\",\"@id\":\"https:\\\/\\\/secure.gravatar.com\\\/avatar\\\/09a397c22ac58cad6f160ee8306348599df9df58a8ede73696226897b9fa4b24?s=96&d=mm&r=g\",\"url\":\"https:\\\/\\\/secure.gravatar.com\\\/avatar\\\/09a397c22ac58cad6f160ee8306348599df9df58a8ede73696226897b9fa4b24?s=96&d=mm&r=g\",\"contentUrl\":\"https:\\\/\\\/secure.gravatar.com\\\/avatar\\\/09a397c22ac58cad6f160ee8306348599df9df58a8ede73696226897b9fa4b24?s=96&d=mm&r=g\",\"caption\":\"Adelisa Kalajdzini\"},\"url\":\"https:\\\/\\\/www.organisator.ch\\\/fr\\\/author\\\/adelisa-kalajdzini\\\/\"}]}<\/script>\n<!-- \/ Yoast SEO plugin. -->","yoast_head_json":{"title":"Swiss TecLadies (en allemand) : Promotion des jeunes femmes dans le monde technique suisse - Organisateur","description":"Swiss TecLadies (en allemand) : Programme de mentoring pour les jeunes femmes dans le domaine des sciences et de la technique. Inscrivez-vous d\u00e8s maintenant !","robots":{"index":"index","follow":"follow","max-snippet":"max-snippet:-1","max-image-preview":"max-image-preview:large","max-video-preview":"max-video-preview:-1"},"canonical":"https:\/\/www.organisator.ch\/fr\/formation-continue-2\/2024-02-20\/swiss-tecladies-foerderung-junger-frauen-in-der-schweizer-technikwelt\/","og_locale":"fr_FR","og_type":"article","og_title":"Swiss TecLadies: F\u00f6rderung junger Frauen in der Schweizer Technikwelt - Organisator","og_description":"Swiss TecLadies: Mentoring-Programm f\u00fcr junge Frauen in Wissenschaft und Technik. Jetzt anmelden!","og_url":"https:\/\/www.organisator.ch\/fr\/formation-continue-2\/2024-02-20\/swiss-tecladies-foerderung-junger-frauen-in-der-schweizer-technikwelt\/","og_site_name":"Organisator","article_publisher":"https:\/\/www.facebook.com\/OrganisatorFachmagazin","article_published_time":"2024-02-20T11:52:08+00:00","article_modified_time":"2024-11-11T15:33:43+00:00","og_image":[{"url":"https:\/\/www.m-q.ch\/wp-content\/uploads\/2024\/02\/Swiss-TecLadies_Bild1_ps.jpg","type":"","width":"","height":""}],"author":"Adelisa Kalajdzini","twitter_card":"summary_large_image","schema":{"@context":"https:\/\/schema.org","@graph":[{"@type":"Article","@id":"https:\/\/www.organisator.ch\/weiterbildung\/2024-02-20\/swiss-tecladies-foerderung-junger-frauen-in-der-schweizer-technikwelt\/#article","isPartOf":{"@id":"https:\/\/www.organisator.ch\/weiterbildung\/2024-02-20\/swiss-tecladies-foerderung-junger-frauen-in-der-schweizer-technikwelt\/"},"author":{"name":"Adelisa Kalajdzini","@id":"https:\/\/www.organisator.ch\/#\/schema\/person\/2e1314a2172123f874db408d8911d3f3"},"headline":"Swiss TecLadies: F\u00f6rderung junger Frauen in der Schweizer Technikwelt","datePublished":"2024-02-20T11:52:08+00:00","dateModified":"2024-11-11T15:33:43+00:00","mainEntityOfPage":{"@id":"https:\/\/www.organisator.ch\/weiterbildung\/2024-02-20\/swiss-tecladies-foerderung-junger-frauen-in-der-schweizer-technikwelt\/"},"wordCount":356,"publisher":{"@id":"https:\/\/www.organisator.ch\/#organization"},"image":{"@id":"https:\/\/www.organisator.ch\/weiterbildung\/2024-02-20\/swiss-tecladies-foerderung-junger-frauen-in-der-schweizer-technikwelt\/#primaryimage"},"thumbnailUrl":"https:\/\/www.m-q.ch\/wp-content\/uploads\/2024\/02\/Swiss-TecLadies_Bild1_ps.jpg","keywords":["Business Excellence","Frauenf\u00f6rderung","Schweiz","Technologie","Unternehmen"],"articleSection":["WEITERBILDUNG"],"inLanguage":"fr-FR"},{"@type":"WebPage","@id":"https:\/\/www.organisator.ch\/weiterbildung\/2024-02-20\/swiss-tecladies-foerderung-junger-frauen-in-der-schweizer-technikwelt\/","url":"https:\/\/www.organisator.ch\/weiterbildung\/2024-02-20\/swiss-tecladies-foerderung-junger-frauen-in-der-schweizer-technikwelt\/","name":"Swiss TecLadies (en allemand) : Promotion des jeunes femmes dans le monde technique suisse - Organisateur","isPartOf":{"@id":"https:\/\/www.organisator.ch\/#website"},"primaryImageOfPage":{"@id":"https:\/\/www.organisator.ch\/weiterbildung\/2024-02-20\/swiss-tecladies-foerderung-junger-frauen-in-der-schweizer-technikwelt\/#primaryimage"},"image":{"@id":"https:\/\/www.organisator.ch\/weiterbildung\/2024-02-20\/swiss-tecladies-foerderung-junger-frauen-in-der-schweizer-technikwelt\/#primaryimage"},"thumbnailUrl":"https:\/\/www.m-q.ch\/wp-content\/uploads\/2024\/02\/Swiss-TecLadies_Bild1_ps.jpg","datePublished":"2024-02-20T11:52:08+00:00","dateModified":"2024-11-11T15:33:43+00:00","description":"Swiss TecLadies (en allemand) : Programme de mentoring pour les jeunes femmes dans le domaine des sciences et de la technique. Inscrivez-vous d\u00e8s maintenant !","breadcrumb":{"@id":"https:\/\/www.organisator.ch\/weiterbildung\/2024-02-20\/swiss-tecladies-foerderung-junger-frauen-in-der-schweizer-technikwelt\/#breadcrumb"},"inLanguage":"fr-FR","potentialAction":[{"@type":"ReadAction","target":["https:\/\/www.organisator.ch\/weiterbildung\/2024-02-20\/swiss-tecladies-foerderung-junger-frauen-in-der-schweizer-technikwelt\/"]}]},{"@type":"ImageObject","inLanguage":"fr-FR","@id":"https:\/\/www.organisator.ch\/weiterbildung\/2024-02-20\/swiss-tecladies-foerderung-junger-frauen-in-der-schweizer-technikwelt\/#primaryimage","url":"https:\/\/www.m-q.ch\/wp-content\/uploads\/2024\/02\/Swiss-TecLadies_Bild1_ps.jpg","contentUrl":"https:\/\/www.m-q.ch\/wp-content\/uploads\/2024\/02\/Swiss-TecLadies_Bild1_ps.jpg"},{"@type":"BreadcrumbList","@id":"https:\/\/www.organisator.ch\/weiterbildung\/2024-02-20\/swiss-tecladies-foerderung-junger-frauen-in-der-schweizer-technikwelt\/#breadcrumb","itemListElement":[{"@type":"ListItem","position":1,"name":"Home","item":"https:\/\/www.organisator.ch\/"},{"@type":"ListItem","position":2,"name":"Swiss TecLadies: F\u00f6rderung junger Frauen in der Schweizer Technikwelt"}]},{"@type":"WebSite","@id":"https:\/\/www.organisator.ch\/#website","url":"https:\/\/www.organisator.ch\/","name":"Organisateur","description":"Comp\u00e9tence et comp\u00e9tence. Proches de la pratique. L'ORGANISATEUR pr\u00e9pare 10 num\u00e9ros par an sur les th\u00e8mes essentiels pour les dirigeants de PME.","publisher":{"@id":"https:\/\/www.organisator.ch\/#organization"},"potentialAction":[{"@type":"SearchAction","target":{"@type":"EntryPoint","urlTemplate":"https:\/\/www.organisator.ch\/?s={search_term_string}"},"query-input":{"@type":"PropertyValueSpecification","valueRequired":true,"valueName":"search_term_string"}}],"inLanguage":"fr-FR"},{"@type":"Organization","@id":"https:\/\/www.organisator.ch\/#organization","name":"Organisateur","url":"https:\/\/www.organisator.ch\/","logo":{"@type":"ImageObject","inLanguage":"fr-FR","@id":"https:\/\/www.organisator.ch\/#\/schema\/logo\/image\/","url":"https:\/\/www.organisator.ch\/wp-content\/uploads\/2022\/01\/Logo_Organisator_Website.png","contentUrl":"https:\/\/www.organisator.ch\/wp-content\/uploads\/2022\/01\/Logo_Organisator_Website.png","width":800,"height":77,"caption":"Organisator"},"image":{"@id":"https:\/\/www.organisator.ch\/#\/schema\/logo\/image\/"},"sameAs":["https:\/\/www.facebook.com\/OrganisatorFachmagazin","https:\/\/www.linkedin.com\/showcase\/organisator-das-magazin-fr-kmu","https:\/\/www.xing.com\/news\/pages\/organisator-ch-695","https:\/\/www.youtube.com\/channel\/UCGP2Sq0iWaZwT3BdIAQFYpw"]},{"@type":"Person","@id":"https:\/\/www.organisator.ch\/#\/schema\/person\/2e1314a2172123f874db408d8911d3f3","name":"Adelisa Kalajdzini","image":{"@type":"ImageObject","inLanguage":"fr-FR","@id":"https:\/\/secure.gravatar.com\/avatar\/09a397c22ac58cad6f160ee8306348599df9df58a8ede73696226897b9fa4b24?s=96&d=mm&r=g","url":"https:\/\/secure.gravatar.com\/avatar\/09a397c22ac58cad6f160ee8306348599df9df58a8ede73696226897b9fa4b24?s=96&d=mm&r=g","contentUrl":"https:\/\/secure.gravatar.com\/avatar\/09a397c22ac58cad6f160ee8306348599df9df58a8ede73696226897b9fa4b24?s=96&d=mm&r=g","caption":"Adelisa Kalajdzini"},"url":"https:\/\/www.organisator.ch\/fr\/author\/adelisa-kalajdzini\/"}]}},"_links":{"self":[{"href":"https:\/\/www.organisator.ch\/fr\/wp-json\/wp\/v2\/posts\/25234","targetHints":{"allow":["GET"]}}],"collection":[{"href":"https:\/\/www.organisator.ch\/fr\/wp-json\/wp\/v2\/posts"}],"about":[{"href":"https:\/\/www.organisator.ch\/fr\/wp-json\/wp\/v2\/types\/post"}],"author":[{"embeddable":true,"href":"https:\/\/www.organisator.ch\/fr\/wp-json\/wp\/v2\/users\/58"}],"replies":[{"embeddable":true,"href":"https:\/\/www.organisator.ch\/fr\/wp-json\/wp\/v2\/comments?post=25234"}],"version-history":[{"count":6,"href":"https:\/\/www.organisator.ch\/fr\/wp-json\/wp\/v2\/posts\/25234\/revisions"}],"predecessor-version":[{"id":32473,"href":"https:\/\/www.organisator.ch\/fr\/wp-json\/wp\/v2\/posts\/25234\/revisions\/32473"}],"wp:attachment":[{"href":"https:\/\/www.organisator.ch\/fr\/wp-json\/wp\/v2\/media?parent=25234"}],"wp:term":[{"taxonomy":"category","embeddable":true,"href":"https:\/\/www.organisator.ch\/fr\/wp-json\/wp\/v2\/categories?post=25234"},{"taxonomy":"post_tag","embeddable":true,"href":"https:\/\/www.organisator.ch\/fr\/wp-json\/wp\/v2\/tags?post=25234"}],"curies":[{"name":"wp","href":"https:\/\/api.w.org\/{rel}","templated":true}]}}