{"id":25268,"date":"2024-02-21T06:28:49","date_gmt":"2024-02-21T05:28:49","guid":{"rendered":"https:\/\/www.m-q.ch\/?p=19323"},"modified":"2024-11-11T16:31:28","modified_gmt":"2024-11-11T15:31:28","slug":"augmented-reality-in-der-industrie","status":"publish","type":"post","link":"https:\/\/www.organisator.ch\/fr\/operational-excellence\/2024-02-21\/augmented-reality-in-der-industrie\/","title":{"rendered":"La r\u00e9alit\u00e9 augment\u00e9e dans l'industrie"},"content":{"rendered":"<figure id=\"attachment_19324\" class=\"wp-caption alignnone\" style=\"width: 680px\" aria-describedby=\"caption-attachment-19324\"><img class=\"alignnone wp-image-19324 size-full\" src=\"https:\/\/www.m-q.ch\/wp-content\/uploads\/2024\/02\/Almer_Arc2_ps.jpg\" alt=\"Almer Arc 2 Industrie 2024\" width=\"680\" height=\"453\" \/>\r\n<figcaption id=\"caption-attachment-19324\" class=\"wp-caption-text\">Avec l'Arc 2, un nouveau type de communication est possible dans l'environnement industriel. (Image : www.almer.com)<\/figcaption>\r\n<\/figure>\r\n<p>L'Arc 2 d'Almer Technologies permet une nouvelle forme de communication dans le domaine de la maintenance \u00e0 distance et du service \u00e0 la client\u00e8le pour l'industrie. Les lunettes intelligentes permettent d'optimiser facilement les processus et donc de gagner du temps et de l'argent. Les lunettes AR, qui p\u00e8sent 179 grammes, \u00e9tablissent de nouveaux crit\u00e8res en mati\u00e8re de confort par rapport aux lunettes AR comparables. Avec des fonctions am\u00e9lior\u00e9es et un design bien pens\u00e9, les Almer Arc 2 sont la solution \u00e0 une multitude de d\u00e9fis dans l'environnement de travail industriel moderne.<\/p>\r\n<h3><strong>Nouvelles fonctionnalit\u00e9s et nouveau look<\/strong><\/h3>\r\n<p>Par rapport au mod\u00e8le pr\u00e9c\u00e9dent, l'Almer Arc 2 se distingue par un \u00e9cran dont la luminosit\u00e9 a \u00e9t\u00e9 doubl\u00e9e. Ainsi, l'utilisation en ext\u00e9rieur avec un fort rayonnement solaire est possible sans probl\u00e8me. Gr\u00e2ce \u00e0 l'int\u00e9gration de haut-parleurs, les appels t\u00e9l\u00e9phoniques spontan\u00e9s peuvent \u00eatre pris sans \u00e9couteurs suppl\u00e9mentaires. Les microphones performants garantissent une communication claire m\u00eame dans les environnements bruyants. Avec 25 m\u00e9gapixels et un autofocus, l'appareil photo offre une qualit\u00e9 d'image exceptionnelle. M\u00eame en zoomant, les d\u00e9tails restent tr\u00e8s nets. Une lumi\u00e8re int\u00e9gr\u00e9e sert d'\u00e9clairage pratique pour les zones de travail sombres. Une lampe frontale compl\u00e9mentaire devient obsol\u00e8te. Gr\u00e2ce \u00e0 la fonction de charge rapide, l'Arc 2 est recharg\u00e9e \u00e0 80% en 15 minutes.<\/p>\r\n<h3><strong>S'habiller et se mettre imm\u00e9diatement au travail<\/strong><\/h3>\r\n<p>Gr\u00e2ce \u00e0 un syst\u00e8me d'abonnement mensuel, tant pour le mat\u00e9riel d'Almer que pour le logiciel n\u00e9cessaire, qui provient du partenaire TeamViewer, les co\u00fbts d'acquisition de l'Arc 2 restent faibles. Mais les lunettes de donn\u00e9es convainquent surtout par leur facilit\u00e9 d'utilisation. \"Notre solution est 'pr\u00eate pour l'entreprise'. Les utilisateurs peuvent mettre en \u0153uvre les lunettes imm\u00e9diatement et les utiliser \u00e0 de nombreuses fins diff\u00e9rentes\", explique Sebastian Beetschen, CEO d'Almer Technologies. Le confort de port et l'int\u00e9gration facile dans les processus de travail existants dans les environnements de production ainsi que lors de l'installation, de la maintenance et du d\u00e9pannage de machines complexes ont \u00e9galement d\u00e9j\u00e0 convaincu des entreprises renomm\u00e9es comme le groupe SFS et Cablex\/Swisscom.<\/p>\r\n<p><em>Source : <a href=\"https:\/\/almer.com\/\">www.almer.com<\/a><\/em><\/p>\n<p class=\"syndicated-attribution\">Cet article est paru initialement sur m-q.ch - <a href=\"https:\/\/www.m-q.ch\/de\/augmented-reality-in-der-industrie\/\" target=\"_blank\">https:\/\/www.m-q.ch\/de\/augmented-reality-in-der-industrie\/<\/a><\/p>","protected":false},"excerpt":{"rendered":"<p>Confortables, faciles \u00e0 utiliser et peu co\u00fbteuses \u00e0 l'achat - avec les nouvelles lunettes AR \"Arc 2\", Almer Technologies pose de nouveaux jalons en mati\u00e8re de r\u00e9alit\u00e9 augment\u00e9e dans l'environnement industriel. Contrairement aux lunettes intelligentes utilis\u00e9es jusqu'\u00e0 pr\u00e9sent, qui sont lourdes, complexes et co\u00fbteuses, les lunettes de donn\u00e9es marquent des points avec des sp\u00e9cifications techniques encore jamais atteintes et sont imm\u00e9diatement pr\u00eates \u00e0 l'emploi.<\/p>","protected":false},"author":58,"featured_media":0,"comment_status":"closed","ping_status":"closed","sticky":false,"template":"","format":"standard","meta":{"_acf_changed":false,"_yoast_wpseo_focuskw":"Almer Arc 2 Industrie 2024","_yoast_wpseo_metadesc":"Almer Arc 2: Neue Smart Glasses f\u00fcr Industriekommunikation. Effizient, leicht und benutzerfreundlich.","articlekey":"","footnotes":""},"categories":[582],"tags":[4111,266,308,2748,492],"class_list":["post-25268","post","type-post","status-publish","format-standard","hentry","category-operational-excellence","tag-augmented-reality-ar","tag-industrie","tag-kommunikation","tag-produktenews","tag-unternehmen"],"acf":[],"yoast_head":"<!-- This site is optimized with the Yoast SEO plugin v27.5 - https:\/\/yoast.com\/product\/yoast-seo-wordpress\/ -->\n<title>Augmented Reality in der Industrie - Organisator<\/title>\n<meta name=\"description\" content=\"Almer Arc 2: Neue Smart Glasses f\u00fcr Industriekommunikation. Effizient, leicht und benutzerfreundlich.\" \/>\n<meta name=\"robots\" content=\"index, follow, max-snippet:-1, max-image-preview:large, max-video-preview:-1\" \/>\n<link rel=\"canonical\" href=\"https:\/\/www.organisator.ch\/fr\/excellence-operationnelle\/2024-02-21\/augmented-reality-in-der-industrie\/\" \/>\n<meta property=\"og:locale\" content=\"fr_FR\" \/>\n<meta property=\"og:type\" content=\"article\" \/>\n<meta property=\"og:title\" content=\"Augmented Reality in der Industrie - Organisator\" \/>\n<meta property=\"og:description\" content=\"Almer Arc 2: Neue Smart Glasses f\u00fcr Industriekommunikation. Effizient, leicht und benutzerfreundlich.\" \/>\n<meta property=\"og:url\" content=\"https:\/\/www.organisator.ch\/fr\/excellence-operationnelle\/2024-02-21\/augmented-reality-in-der-industrie\/\" \/>\n<meta property=\"og:site_name\" content=\"Organisator\" \/>\n<meta property=\"article:publisher\" content=\"https:\/\/www.facebook.com\/OrganisatorFachmagazin\" \/>\n<meta property=\"article:published_time\" content=\"2024-02-21T05:28:49+00:00\" \/>\n<meta property=\"article:modified_time\" content=\"2024-11-11T15:31:28+00:00\" \/>\n<meta property=\"og:image\" content=\"https:\/\/www.m-q.ch\/wp-content\/uploads\/2024\/02\/Almer_Arc2_ps.jpg\" \/>\n<meta name=\"author\" content=\"Adelisa Kalajdzini\" \/>\n<meta name=\"twitter:card\" content=\"summary_large_image\" \/>\n<script type=\"application\/ld+json\" class=\"yoast-schema-graph\">{\"@context\":\"https:\\\/\\\/schema.org\",\"@graph\":[{\"@type\":\"Article\",\"@id\":\"https:\\\/\\\/www.organisator.ch\\\/operational-excellence\\\/2024-02-21\\\/augmented-reality-in-der-industrie\\\/#article\",\"isPartOf\":{\"@id\":\"https:\\\/\\\/www.organisator.ch\\\/operational-excellence\\\/2024-02-21\\\/augmented-reality-in-der-industrie\\\/\"},\"author\":{\"name\":\"Adelisa Kalajdzini\",\"@id\":\"https:\\\/\\\/www.organisator.ch\\\/#\\\/schema\\\/person\\\/2e1314a2172123f874db408d8911d3f3\"},\"headline\":\"Augmented Reality in der Industrie\",\"datePublished\":\"2024-02-21T05:28:49+00:00\",\"dateModified\":\"2024-11-11T15:31:28+00:00\",\"mainEntityOfPage\":{\"@id\":\"https:\\\/\\\/www.organisator.ch\\\/operational-excellence\\\/2024-02-21\\\/augmented-reality-in-der-industrie\\\/\"},\"wordCount\":318,\"publisher\":{\"@id\":\"https:\\\/\\\/www.organisator.ch\\\/#organization\"},\"image\":{\"@id\":\"https:\\\/\\\/www.organisator.ch\\\/operational-excellence\\\/2024-02-21\\\/augmented-reality-in-der-industrie\\\/#primaryimage\"},\"thumbnailUrl\":\"https:\\\/\\\/www.m-q.ch\\\/wp-content\\\/uploads\\\/2024\\\/02\\\/Almer_Arc2_ps.jpg\",\"keywords\":[\"Augmented Reality (AR)\",\"Industrie\",\"Kommunikation\",\"Produktenews\",\"Unternehmen\"],\"articleSection\":[\"OPERATIONAL EXCELLENCE\"],\"inLanguage\":\"fr-FR\"},{\"@type\":\"WebPage\",\"@id\":\"https:\\\/\\\/www.organisator.ch\\\/operational-excellence\\\/2024-02-21\\\/augmented-reality-in-der-industrie\\\/\",\"url\":\"https:\\\/\\\/www.organisator.ch\\\/operational-excellence\\\/2024-02-21\\\/augmented-reality-in-der-industrie\\\/\",\"name\":\"Augmented Reality in der Industrie - Organisator\",\"isPartOf\":{\"@id\":\"https:\\\/\\\/www.organisator.ch\\\/#website\"},\"primaryImageOfPage\":{\"@id\":\"https:\\\/\\\/www.organisator.ch\\\/operational-excellence\\\/2024-02-21\\\/augmented-reality-in-der-industrie\\\/#primaryimage\"},\"image\":{\"@id\":\"https:\\\/\\\/www.organisator.ch\\\/operational-excellence\\\/2024-02-21\\\/augmented-reality-in-der-industrie\\\/#primaryimage\"},\"thumbnailUrl\":\"https:\\\/\\\/www.m-q.ch\\\/wp-content\\\/uploads\\\/2024\\\/02\\\/Almer_Arc2_ps.jpg\",\"datePublished\":\"2024-02-21T05:28:49+00:00\",\"dateModified\":\"2024-11-11T15:31:28+00:00\",\"description\":\"Almer Arc 2: Neue Smart Glasses f\u00fcr Industriekommunikation. Effizient, leicht und benutzerfreundlich.\",\"breadcrumb\":{\"@id\":\"https:\\\/\\\/www.organisator.ch\\\/operational-excellence\\\/2024-02-21\\\/augmented-reality-in-der-industrie\\\/#breadcrumb\"},\"inLanguage\":\"fr-FR\",\"potentialAction\":[{\"@type\":\"ReadAction\",\"target\":[\"https:\\\/\\\/www.organisator.ch\\\/operational-excellence\\\/2024-02-21\\\/augmented-reality-in-der-industrie\\\/\"]}]},{\"@type\":\"ImageObject\",\"inLanguage\":\"fr-FR\",\"@id\":\"https:\\\/\\\/www.organisator.ch\\\/operational-excellence\\\/2024-02-21\\\/augmented-reality-in-der-industrie\\\/#primaryimage\",\"url\":\"https:\\\/\\\/www.m-q.ch\\\/wp-content\\\/uploads\\\/2024\\\/02\\\/Almer_Arc2_ps.jpg\",\"contentUrl\":\"https:\\\/\\\/www.m-q.ch\\\/wp-content\\\/uploads\\\/2024\\\/02\\\/Almer_Arc2_ps.jpg\"},{\"@type\":\"BreadcrumbList\",\"@id\":\"https:\\\/\\\/www.organisator.ch\\\/operational-excellence\\\/2024-02-21\\\/augmented-reality-in-der-industrie\\\/#breadcrumb\",\"itemListElement\":[{\"@type\":\"ListItem\",\"position\":1,\"name\":\"Home\",\"item\":\"https:\\\/\\\/www.organisator.ch\\\/\"},{\"@type\":\"ListItem\",\"position\":2,\"name\":\"Augmented Reality in der Industrie\"}]},{\"@type\":\"WebSite\",\"@id\":\"https:\\\/\\\/www.organisator.ch\\\/#website\",\"url\":\"https:\\\/\\\/www.organisator.ch\\\/\",\"name\":\"Organisator\",\"description\":\"Kompetent. Praxisnah. Der ORGANISATOR bereitet in 10 Ausgaben pro Jahr die wesentlichen Themen f\u00fcr F\u00fchrungskr\u00e4fte von KMU auf.\",\"publisher\":{\"@id\":\"https:\\\/\\\/www.organisator.ch\\\/#organization\"},\"potentialAction\":[{\"@type\":\"SearchAction\",\"target\":{\"@type\":\"EntryPoint\",\"urlTemplate\":\"https:\\\/\\\/www.organisator.ch\\\/?s={search_term_string}\"},\"query-input\":{\"@type\":\"PropertyValueSpecification\",\"valueRequired\":true,\"valueName\":\"search_term_string\"}}],\"inLanguage\":\"fr-FR\"},{\"@type\":\"Organization\",\"@id\":\"https:\\\/\\\/www.organisator.ch\\\/#organization\",\"name\":\"Organisator\",\"url\":\"https:\\\/\\\/www.organisator.ch\\\/\",\"logo\":{\"@type\":\"ImageObject\",\"inLanguage\":\"fr-FR\",\"@id\":\"https:\\\/\\\/www.organisator.ch\\\/#\\\/schema\\\/logo\\\/image\\\/\",\"url\":\"https:\\\/\\\/www.organisator.ch\\\/wp-content\\\/uploads\\\/2022\\\/01\\\/Logo_Organisator_Website.png\",\"contentUrl\":\"https:\\\/\\\/www.organisator.ch\\\/wp-content\\\/uploads\\\/2022\\\/01\\\/Logo_Organisator_Website.png\",\"width\":800,\"height\":77,\"caption\":\"Organisator\"},\"image\":{\"@id\":\"https:\\\/\\\/www.organisator.ch\\\/#\\\/schema\\\/logo\\\/image\\\/\"},\"sameAs\":[\"https:\\\/\\\/www.facebook.com\\\/OrganisatorFachmagazin\",\"https:\\\/\\\/www.linkedin.com\\\/showcase\\\/organisator-das-magazin-fr-kmu\",\"https:\\\/\\\/www.xing.com\\\/news\\\/pages\\\/organisator-ch-695\",\"https:\\\/\\\/www.youtube.com\\\/channel\\\/UCGP2Sq0iWaZwT3BdIAQFYpw\"]},{\"@type\":\"Person\",\"@id\":\"https:\\\/\\\/www.organisator.ch\\\/#\\\/schema\\\/person\\\/2e1314a2172123f874db408d8911d3f3\",\"name\":\"Adelisa Kalajdzini\",\"image\":{\"@type\":\"ImageObject\",\"inLanguage\":\"fr-FR\",\"@id\":\"https:\\\/\\\/secure.gravatar.com\\\/avatar\\\/09a397c22ac58cad6f160ee8306348599df9df58a8ede73696226897b9fa4b24?s=96&d=mm&r=g\",\"url\":\"https:\\\/\\\/secure.gravatar.com\\\/avatar\\\/09a397c22ac58cad6f160ee8306348599df9df58a8ede73696226897b9fa4b24?s=96&d=mm&r=g\",\"contentUrl\":\"https:\\\/\\\/secure.gravatar.com\\\/avatar\\\/09a397c22ac58cad6f160ee8306348599df9df58a8ede73696226897b9fa4b24?s=96&d=mm&r=g\",\"caption\":\"Adelisa Kalajdzini\"},\"url\":\"https:\\\/\\\/www.organisator.ch\\\/fr\\\/author\\\/adelisa-kalajdzini\\\/\"}]}<\/script>\n<!-- \/ Yoast SEO plugin. -->","yoast_head_json":{"title":"R\u00e9alit\u00e9 augment\u00e9e dans l'industrie - Organisateur","description":"Almer Arc 2 : nouvelles lunettes intelligentes pour la communication industrielle. Efficaces, l\u00e9g\u00e8res et faciles \u00e0 utiliser.","robots":{"index":"index","follow":"follow","max-snippet":"max-snippet:-1","max-image-preview":"max-image-preview:large","max-video-preview":"max-video-preview:-1"},"canonical":"https:\/\/www.organisator.ch\/fr\/excellence-operationnelle\/2024-02-21\/augmented-reality-in-der-industrie\/","og_locale":"fr_FR","og_type":"article","og_title":"Augmented Reality in der Industrie - Organisator","og_description":"Almer Arc 2: Neue Smart Glasses f\u00fcr Industriekommunikation. Effizient, leicht und benutzerfreundlich.","og_url":"https:\/\/www.organisator.ch\/fr\/excellence-operationnelle\/2024-02-21\/augmented-reality-in-der-industrie\/","og_site_name":"Organisator","article_publisher":"https:\/\/www.facebook.com\/OrganisatorFachmagazin","article_published_time":"2024-02-21T05:28:49+00:00","article_modified_time":"2024-11-11T15:31:28+00:00","og_image":[{"url":"https:\/\/www.m-q.ch\/wp-content\/uploads\/2024\/02\/Almer_Arc2_ps.jpg","type":"","width":"","height":""}],"author":"Adelisa Kalajdzini","twitter_card":"summary_large_image","schema":{"@context":"https:\/\/schema.org","@graph":[{"@type":"Article","@id":"https:\/\/www.organisator.ch\/operational-excellence\/2024-02-21\/augmented-reality-in-der-industrie\/#article","isPartOf":{"@id":"https:\/\/www.organisator.ch\/operational-excellence\/2024-02-21\/augmented-reality-in-der-industrie\/"},"author":{"name":"Adelisa Kalajdzini","@id":"https:\/\/www.organisator.ch\/#\/schema\/person\/2e1314a2172123f874db408d8911d3f3"},"headline":"Augmented Reality in der Industrie","datePublished":"2024-02-21T05:28:49+00:00","dateModified":"2024-11-11T15:31:28+00:00","mainEntityOfPage":{"@id":"https:\/\/www.organisator.ch\/operational-excellence\/2024-02-21\/augmented-reality-in-der-industrie\/"},"wordCount":318,"publisher":{"@id":"https:\/\/www.organisator.ch\/#organization"},"image":{"@id":"https:\/\/www.organisator.ch\/operational-excellence\/2024-02-21\/augmented-reality-in-der-industrie\/#primaryimage"},"thumbnailUrl":"https:\/\/www.m-q.ch\/wp-content\/uploads\/2024\/02\/Almer_Arc2_ps.jpg","keywords":["Augmented Reality (AR)","Industrie","Kommunikation","Produktenews","Unternehmen"],"articleSection":["OPERATIONAL EXCELLENCE"],"inLanguage":"fr-FR"},{"@type":"WebPage","@id":"https:\/\/www.organisator.ch\/operational-excellence\/2024-02-21\/augmented-reality-in-der-industrie\/","url":"https:\/\/www.organisator.ch\/operational-excellence\/2024-02-21\/augmented-reality-in-der-industrie\/","name":"R\u00e9alit\u00e9 augment\u00e9e dans l'industrie - Organisateur","isPartOf":{"@id":"https:\/\/www.organisator.ch\/#website"},"primaryImageOfPage":{"@id":"https:\/\/www.organisator.ch\/operational-excellence\/2024-02-21\/augmented-reality-in-der-industrie\/#primaryimage"},"image":{"@id":"https:\/\/www.organisator.ch\/operational-excellence\/2024-02-21\/augmented-reality-in-der-industrie\/#primaryimage"},"thumbnailUrl":"https:\/\/www.m-q.ch\/wp-content\/uploads\/2024\/02\/Almer_Arc2_ps.jpg","datePublished":"2024-02-21T05:28:49+00:00","dateModified":"2024-11-11T15:31:28+00:00","description":"Almer Arc 2 : nouvelles lunettes intelligentes pour la communication industrielle. Efficaces, l\u00e9g\u00e8res et faciles \u00e0 utiliser.","breadcrumb":{"@id":"https:\/\/www.organisator.ch\/operational-excellence\/2024-02-21\/augmented-reality-in-der-industrie\/#breadcrumb"},"inLanguage":"fr-FR","potentialAction":[{"@type":"ReadAction","target":["https:\/\/www.organisator.ch\/operational-excellence\/2024-02-21\/augmented-reality-in-der-industrie\/"]}]},{"@type":"ImageObject","inLanguage":"fr-FR","@id":"https:\/\/www.organisator.ch\/operational-excellence\/2024-02-21\/augmented-reality-in-der-industrie\/#primaryimage","url":"https:\/\/www.m-q.ch\/wp-content\/uploads\/2024\/02\/Almer_Arc2_ps.jpg","contentUrl":"https:\/\/www.m-q.ch\/wp-content\/uploads\/2024\/02\/Almer_Arc2_ps.jpg"},{"@type":"BreadcrumbList","@id":"https:\/\/www.organisator.ch\/operational-excellence\/2024-02-21\/augmented-reality-in-der-industrie\/#breadcrumb","itemListElement":[{"@type":"ListItem","position":1,"name":"Home","item":"https:\/\/www.organisator.ch\/"},{"@type":"ListItem","position":2,"name":"Augmented Reality in der Industrie"}]},{"@type":"WebSite","@id":"https:\/\/www.organisator.ch\/#website","url":"https:\/\/www.organisator.ch\/","name":"Organisateur","description":"Comp\u00e9tence et comp\u00e9tence. Proches de la pratique. L'ORGANISATEUR pr\u00e9pare 10 num\u00e9ros par an sur les th\u00e8mes essentiels pour les dirigeants de PME.","publisher":{"@id":"https:\/\/www.organisator.ch\/#organization"},"potentialAction":[{"@type":"SearchAction","target":{"@type":"EntryPoint","urlTemplate":"https:\/\/www.organisator.ch\/?s={search_term_string}"},"query-input":{"@type":"PropertyValueSpecification","valueRequired":true,"valueName":"search_term_string"}}],"inLanguage":"fr-FR"},{"@type":"Organization","@id":"https:\/\/www.organisator.ch\/#organization","name":"Organisateur","url":"https:\/\/www.organisator.ch\/","logo":{"@type":"ImageObject","inLanguage":"fr-FR","@id":"https:\/\/www.organisator.ch\/#\/schema\/logo\/image\/","url":"https:\/\/www.organisator.ch\/wp-content\/uploads\/2022\/01\/Logo_Organisator_Website.png","contentUrl":"https:\/\/www.organisator.ch\/wp-content\/uploads\/2022\/01\/Logo_Organisator_Website.png","width":800,"height":77,"caption":"Organisator"},"image":{"@id":"https:\/\/www.organisator.ch\/#\/schema\/logo\/image\/"},"sameAs":["https:\/\/www.facebook.com\/OrganisatorFachmagazin","https:\/\/www.linkedin.com\/showcase\/organisator-das-magazin-fr-kmu","https:\/\/www.xing.com\/news\/pages\/organisator-ch-695","https:\/\/www.youtube.com\/channel\/UCGP2Sq0iWaZwT3BdIAQFYpw"]},{"@type":"Person","@id":"https:\/\/www.organisator.ch\/#\/schema\/person\/2e1314a2172123f874db408d8911d3f3","name":"Adelisa Kalajdzini","image":{"@type":"ImageObject","inLanguage":"fr-FR","@id":"https:\/\/secure.gravatar.com\/avatar\/09a397c22ac58cad6f160ee8306348599df9df58a8ede73696226897b9fa4b24?s=96&d=mm&r=g","url":"https:\/\/secure.gravatar.com\/avatar\/09a397c22ac58cad6f160ee8306348599df9df58a8ede73696226897b9fa4b24?s=96&d=mm&r=g","contentUrl":"https:\/\/secure.gravatar.com\/avatar\/09a397c22ac58cad6f160ee8306348599df9df58a8ede73696226897b9fa4b24?s=96&d=mm&r=g","caption":"Adelisa Kalajdzini"},"url":"https:\/\/www.organisator.ch\/fr\/author\/adelisa-kalajdzini\/"}]}},"_links":{"self":[{"href":"https:\/\/www.organisator.ch\/fr\/wp-json\/wp\/v2\/posts\/25268","targetHints":{"allow":["GET"]}}],"collection":[{"href":"https:\/\/www.organisator.ch\/fr\/wp-json\/wp\/v2\/posts"}],"about":[{"href":"https:\/\/www.organisator.ch\/fr\/wp-json\/wp\/v2\/types\/post"}],"author":[{"embeddable":true,"href":"https:\/\/www.organisator.ch\/fr\/wp-json\/wp\/v2\/users\/58"}],"replies":[{"embeddable":true,"href":"https:\/\/www.organisator.ch\/fr\/wp-json\/wp\/v2\/comments?post=25268"}],"version-history":[{"count":8,"href":"https:\/\/www.organisator.ch\/fr\/wp-json\/wp\/v2\/posts\/25268\/revisions"}],"predecessor-version":[{"id":32472,"href":"https:\/\/www.organisator.ch\/fr\/wp-json\/wp\/v2\/posts\/25268\/revisions\/32472"}],"wp:attachment":[{"href":"https:\/\/www.organisator.ch\/fr\/wp-json\/wp\/v2\/media?parent=25268"}],"wp:term":[{"taxonomy":"category","embeddable":true,"href":"https:\/\/www.organisator.ch\/fr\/wp-json\/wp\/v2\/categories?post=25268"},{"taxonomy":"post_tag","embeddable":true,"href":"https:\/\/www.organisator.ch\/fr\/wp-json\/wp\/v2\/tags?post=25268"}],"curies":[{"name":"wp","href":"https:\/\/api.w.org\/{rel}","templated":true}]}}