{"id":253,"date":"2016-04-08T09:48:44","date_gmt":"2016-04-08T07:48:44","guid":{"rendered":"http:\/\/dev.organisator.ch\/?p=253"},"modified":"2016-04-08T09:48:44","modified_gmt":"2016-04-08T07:48:44","slug":"witzig-uebernimmt-den-businesspoint-in-bern","status":"publish","type":"post","link":"https:\/\/www.organisator.ch\/fr\/human-resources\/hrm\/2016-04-08\/witzig-uebernimmt-den-businesspoint-in-bern\/","title":{"rendered":"Witzig reprend le \"BusinessPoint\" \u00e0 Berne"},"content":{"rendered":"<figure id=\"attachment_254\" aria-describedby=\"caption-attachment-254\" style=\"width: 448px\" class=\"wp-caption alignnone\"><img loading=\"lazy\" decoding=\"async\" class=\"size-full wp-image-254\" src=\"https:\/\/www.organisator.ch\/wp-content\/uploads\/2016\/12\/Witzig-uebernimmt-den-BusinessPoint-in-Bern-organisator.jpg\" alt=\"\" width=\"448\" height=\"299\" srcset=\"https:\/\/www.organisator.ch\/wp-content\/uploads\/2016\/12\/Witzig-uebernimmt-den-BusinessPoint-in-Bern-organisator.jpg 448w, https:\/\/www.organisator.ch\/wp-content\/uploads\/2016\/12\/Witzig-uebernimmt-den-BusinessPoint-in-Bern-organisator-16x12.jpg 16w, https:\/\/www.organisator.ch\/wp-content\/uploads\/2016\/12\/Witzig-uebernimmt-den-BusinessPoint-in-Bern-organisator-262x175.jpg 262w, https:\/\/www.organisator.ch\/wp-content\/uploads\/2016\/12\/Witzig-uebernimmt-den-BusinessPoint-in-Bern-organisator-300x200.jpg 300w\" sizes=\"auto, (max-width: 448px) 100vw, 448px\" \/><figcaption id=\"caption-attachment-254\" class=\"wp-caption-text\">Le BusinessPoint de la gare centrale de Berne est d\u00e9sormais g\u00e9r\u00e9 par Witzig The Office Company.<\/figcaption><\/figure>\n<p>L'espace de coworking \"BusinessPoint\" \u00e0 Berne a un nouvel exploitant : le sp\u00e9cialiste du bureau Witzig The Office Company a repris le 1er avril les postes de travail flexibles pour les hommes d'affaires des CFF dans le cadre de la collaboration \u00e0 l'initiative Work Smart et les d\u00e9veloppera progressivement en \"nouveaux mondes de travail\". En effet, Witzig The Office Company souhaite \u00e0 l'avenir non seulement concevoir des postes de travail flexibles pour les travailleurs du savoir mobiles, mais aussi les proposer et les tester elle-m\u00eame sous la forme de \"Office as a Service\".<\/p>\n<p><strong>\"Office as a Service\" \u00e0 un emplacement central<\/strong><\/p>\n<p>Dans la gare de Berne, Witzig propose d\u00e9sormais \"Office as a Service\" \u00e0 proximit\u00e9 imm\u00e9diate des quais : seize salles offrent de la place \u00e0 quatre \u00e0 40 personnes pour des entretiens ou des r\u00e9unions de projet. Douze places individuelles permettent de travailler de mani\u00e8re concentr\u00e9e et de faire du networking dans la zone de salon et de rencontre. Les hommes et femmes d'affaires b\u00e9n\u00e9ficient ainsi d'une infrastructure de bureau \"state of the art\" et d'un service personnalis\u00e9 : Le prix comprend l'\u00e9quipement de pr\u00e9sentation dans les salles de r\u00e9union, le WLAN rapide et les repas tels que les boissons et les fruits. Un poste de travail individuel est disponible \u00e0 partir de 25 francs par heure, une salle de r\u00e9union pour quatre personnes ou un bureau priv\u00e9 \u00e0 partir de 84 francs par heure.<\/p>\n<p><strong>Le travail mobile dans le bureau du futur<\/strong><\/p>\n<p>Dans le \"BusinessPoint\" \u00e0 Berne, Witzig met en \u0153uvre les conclusions de l'initiative Work Smart et associe le travail mobile au confort d'un poste de travail fixe. Celui qui ne paie le bureau que lorsqu'il l'utilise \u00e9conomise en outre des frais. Avec cette offre, l'entreprise souhaite s'adresser aux hommes d'affaires mobiles qui ont besoin imm\u00e9diatement et pour une dur\u00e9e limit\u00e9e d'un poste de travail am\u00e9nag\u00e9 de mani\u00e8re optimale ou d'une salle de r\u00e9union situ\u00e9e au centre. Pour l'am\u00e9nagement des postes de travail et des salles de r\u00e9union, Witzig mise sur les concepts de bureau les plus r\u00e9cents. L'utilisation de tels \"BusinessPoints\" correspond en outre \u00e0 une tendance croissante vers le coworking : selon une \u00e9tude de la Haute \u00e9cole sp\u00e9cialis\u00e9e du Nord-Ouest de la Suisse, un quart des personnes actives travaillent d\u00e9j\u00e0 de mani\u00e8re mobile, et 25 autres pour cent pourraient \u00e9galement le faire de par leur t\u00e2che de travail.<\/p>\n<p><em>Plus d'informations : <a href=\"http:\/\/www.witzig.ch\/businesspoint\" target=\"_blank\" data-cke-saved-href=\"http:\/\/www.witzig.ch\/businesspoint\" rel=\"noopener\">www.witzig.ch\/businesspoint<\/a><\/em><\/p>","protected":false},"excerpt":{"rendered":"<p>Der Coworking Space \u00abBusinessPoint\u00bb in Bern hat einen neuen Betreiber: Der B\u00fcrospezialist Witzig The Office Company hat die flexiblen Arbeitspl\u00e4tze f\u00fcr Gesch\u00e4ftsleute per 1. April von der SBB im Rahmen der Zusammenarbeit an der Work Smart Initiative \u00fcbernommen und wird sie schrittweise zu \u00abneuen Arbeitswelten\u00bb ausbauen. Denn Witzig The Office Company m\u00f6chte flexible Arbeitspl\u00e4tze f\u00fcr [&hellip;]<\/p>\n","protected":false},"author":1,"featured_media":254,"comment_status":"open","ping_status":"open","sticky":false,"template":"","format":"standard","meta":{"_acf_changed":false,"_yoast_wpseo_focuskw":"Witzig","_yoast_wpseo_metadesc":"Witzig The Office Company bietet im Hauptgeb\u00e4ude des Bahnhofs Bern neu \u00abOffice as a Service\u00bb an.","articlekey":"","footnotes":""},"categories":[26],"tags":[51,102,254,492],"class_list":["post-253","post","type-post","status-publish","format-standard","has-post-thumbnail","hentry","category-hrm","tag-arbeitsplatzgestaltung","tag-buero","tag-hrm","tag-unternehmen"],"acf":[],"yoast_head":"<!-- This site is optimized with the Yoast SEO plugin v27.4 - https:\/\/yoast.com\/product\/yoast-seo-wordpress\/ -->\n<title>Witzig \u00fcbernimmt den \u00abBusinessPoint\u00bb in Bern - Organisator<\/title>\n<meta name=\"description\" content=\"Witzig The Office Company bietet im Hauptgeb\u00e4ude des Bahnhofs Bern neu \u00abOffice as a Service\u00bb an.\" \/>\n<meta name=\"robots\" content=\"index, follow, max-snippet:-1, max-image-preview:large, max-video-preview:-1\" \/>\n<link rel=\"canonical\" href=\"https:\/\/www.organisator.ch\/fr\/ressources-humaines\/hrm\/2016-04-08\/witzig-uebernimmt-den-businesspoint-in-bern\/\" \/>\n<meta property=\"og:locale\" content=\"fr_FR\" \/>\n<meta property=\"og:type\" content=\"article\" \/>\n<meta property=\"og:title\" content=\"Witzig \u00fcbernimmt den \u00abBusinessPoint\u00bb in Bern\" \/>\n<meta property=\"og:description\" content=\"Witzig The Office Company bietet im Hauptgeb\u00e4ude des Bahnhofs Bern neu \u00abOffice as a Service\u00bb an. Auf 550 Quadratmetern k\u00f6nnen Gesch\u00e4ftsleute kurzfristig Arbeitspl\u00e4tze und Sitzungszimmer mieten \u2013 und sind danach im Nu wieder auf dem Perron.\" \/>\n<meta property=\"og:url\" content=\"https:\/\/www.organisator.ch\/fr\/ressources-humaines\/hrm\/2016-04-08\/witzig-uebernimmt-den-businesspoint-in-bern\/\" \/>\n<meta property=\"og:site_name\" content=\"Organisator\" \/>\n<meta property=\"article:publisher\" content=\"https:\/\/www.facebook.com\/OrganisatorFachmagazin\" \/>\n<meta property=\"article:published_time\" content=\"2016-04-08T07:48:44+00:00\" \/>\n<meta name=\"author\" content=\"admin\" \/>\n<meta name=\"twitter:card\" content=\"summary_large_image\" \/>\n<meta name=\"twitter:image\" content=\"https:\/\/www.organisator.ch\/wp-content\/uploads\/2016\/12\/Witzig-uebernimmt-den-BusinessPoint-in-Bern-organisator.jpg\" \/>\n<script type=\"application\/ld+json\" class=\"yoast-schema-graph\">{\"@context\":\"https:\\\/\\\/schema.org\",\"@graph\":[{\"@type\":\"Article\",\"@id\":\"https:\\\/\\\/www.organisator.ch\\\/human-resources\\\/hrm\\\/2016-04-08\\\/witzig-uebernimmt-den-businesspoint-in-bern\\\/#article\",\"isPartOf\":{\"@id\":\"https:\\\/\\\/www.organisator.ch\\\/human-resources\\\/hrm\\\/2016-04-08\\\/witzig-uebernimmt-den-businesspoint-in-bern\\\/\"},\"author\":{\"name\":\"admin\",\"@id\":\"https:\\\/\\\/www.organisator.ch\\\/#\\\/schema\\\/person\\\/aa2bace6c5c5aad60102004a50c4eb1c\"},\"headline\":\"Witzig \u00fcbernimmt den \u00abBusinessPoint\u00bb in Bern\",\"datePublished\":\"2016-04-08T07:48:44+00:00\",\"mainEntityOfPage\":{\"@id\":\"https:\\\/\\\/www.organisator.ch\\\/human-resources\\\/hrm\\\/2016-04-08\\\/witzig-uebernimmt-den-businesspoint-in-bern\\\/\"},\"wordCount\":353,\"commentCount\":0,\"publisher\":{\"@id\":\"https:\\\/\\\/www.organisator.ch\\\/#organization\"},\"image\":{\"@id\":\"https:\\\/\\\/www.organisator.ch\\\/human-resources\\\/hrm\\\/2016-04-08\\\/witzig-uebernimmt-den-businesspoint-in-bern\\\/#primaryimage\"},\"thumbnailUrl\":\"https:\\\/\\\/www.organisator.ch\\\/wp-content\\\/uploads\\\/2016\\\/12\\\/Witzig-uebernimmt-den-BusinessPoint-in-Bern-organisator.jpg\",\"keywords\":[\"Arbeitsplatzgestaltung\",\"B\u00fcro\",\"HRM\",\"Unternehmen\"],\"articleSection\":[\"HRM\"],\"inLanguage\":\"fr-FR\"},{\"@type\":\"WebPage\",\"@id\":\"https:\\\/\\\/www.organisator.ch\\\/human-resources\\\/hrm\\\/2016-04-08\\\/witzig-uebernimmt-den-businesspoint-in-bern\\\/\",\"url\":\"https:\\\/\\\/www.organisator.ch\\\/human-resources\\\/hrm\\\/2016-04-08\\\/witzig-uebernimmt-den-businesspoint-in-bern\\\/\",\"name\":\"Witzig \u00fcbernimmt den \u00abBusinessPoint\u00bb in Bern - Organisator\",\"isPartOf\":{\"@id\":\"https:\\\/\\\/www.organisator.ch\\\/#website\"},\"primaryImageOfPage\":{\"@id\":\"https:\\\/\\\/www.organisator.ch\\\/human-resources\\\/hrm\\\/2016-04-08\\\/witzig-uebernimmt-den-businesspoint-in-bern\\\/#primaryimage\"},\"image\":{\"@id\":\"https:\\\/\\\/www.organisator.ch\\\/human-resources\\\/hrm\\\/2016-04-08\\\/witzig-uebernimmt-den-businesspoint-in-bern\\\/#primaryimage\"},\"thumbnailUrl\":\"https:\\\/\\\/www.organisator.ch\\\/wp-content\\\/uploads\\\/2016\\\/12\\\/Witzig-uebernimmt-den-BusinessPoint-in-Bern-organisator.jpg\",\"datePublished\":\"2016-04-08T07:48:44+00:00\",\"description\":\"Witzig The Office Company bietet im Hauptgeb\u00e4ude des Bahnhofs Bern neu \u00abOffice as a Service\u00bb an.\",\"breadcrumb\":{\"@id\":\"https:\\\/\\\/www.organisator.ch\\\/human-resources\\\/hrm\\\/2016-04-08\\\/witzig-uebernimmt-den-businesspoint-in-bern\\\/#breadcrumb\"},\"inLanguage\":\"fr-FR\",\"potentialAction\":[{\"@type\":\"ReadAction\",\"target\":[\"https:\\\/\\\/www.organisator.ch\\\/human-resources\\\/hrm\\\/2016-04-08\\\/witzig-uebernimmt-den-businesspoint-in-bern\\\/\"]}]},{\"@type\":\"ImageObject\",\"inLanguage\":\"fr-FR\",\"@id\":\"https:\\\/\\\/www.organisator.ch\\\/human-resources\\\/hrm\\\/2016-04-08\\\/witzig-uebernimmt-den-businesspoint-in-bern\\\/#primaryimage\",\"url\":\"https:\\\/\\\/www.organisator.ch\\\/wp-content\\\/uploads\\\/2016\\\/12\\\/Witzig-uebernimmt-den-BusinessPoint-in-Bern-organisator.jpg\",\"contentUrl\":\"https:\\\/\\\/www.organisator.ch\\\/wp-content\\\/uploads\\\/2016\\\/12\\\/Witzig-uebernimmt-den-BusinessPoint-in-Bern-organisator.jpg\",\"width\":448,\"height\":299,\"caption\":\"Der BusinessPoint im Hauptbahnhof Bern wird neu von Witzig The Office Company betrieben.\"},{\"@type\":\"BreadcrumbList\",\"@id\":\"https:\\\/\\\/www.organisator.ch\\\/human-resources\\\/hrm\\\/2016-04-08\\\/witzig-uebernimmt-den-businesspoint-in-bern\\\/#breadcrumb\",\"itemListElement\":[{\"@type\":\"ListItem\",\"position\":1,\"name\":\"Home\",\"item\":\"https:\\\/\\\/www.organisator.ch\\\/\"},{\"@type\":\"ListItem\",\"position\":2,\"name\":\"Witzig \u00fcbernimmt den \u00abBusinessPoint\u00bb in Bern\"}]},{\"@type\":\"WebSite\",\"@id\":\"https:\\\/\\\/www.organisator.ch\\\/#website\",\"url\":\"https:\\\/\\\/www.organisator.ch\\\/\",\"name\":\"Organisator\",\"description\":\"Kompetent. Praxisnah. Der ORGANISATOR bereitet in 10 Ausgaben pro Jahr die wesentlichen Themen f\u00fcr F\u00fchrungskr\u00e4fte von KMU auf.\",\"publisher\":{\"@id\":\"https:\\\/\\\/www.organisator.ch\\\/#organization\"},\"potentialAction\":[{\"@type\":\"SearchAction\",\"target\":{\"@type\":\"EntryPoint\",\"urlTemplate\":\"https:\\\/\\\/www.organisator.ch\\\/?s={search_term_string}\"},\"query-input\":{\"@type\":\"PropertyValueSpecification\",\"valueRequired\":true,\"valueName\":\"search_term_string\"}}],\"inLanguage\":\"fr-FR\"},{\"@type\":\"Organization\",\"@id\":\"https:\\\/\\\/www.organisator.ch\\\/#organization\",\"name\":\"Organisator\",\"url\":\"https:\\\/\\\/www.organisator.ch\\\/\",\"logo\":{\"@type\":\"ImageObject\",\"inLanguage\":\"fr-FR\",\"@id\":\"https:\\\/\\\/www.organisator.ch\\\/#\\\/schema\\\/logo\\\/image\\\/\",\"url\":\"https:\\\/\\\/www.organisator.ch\\\/wp-content\\\/uploads\\\/2022\\\/01\\\/Logo_Organisator_Website.png\",\"contentUrl\":\"https:\\\/\\\/www.organisator.ch\\\/wp-content\\\/uploads\\\/2022\\\/01\\\/Logo_Organisator_Website.png\",\"width\":800,\"height\":77,\"caption\":\"Organisator\"},\"image\":{\"@id\":\"https:\\\/\\\/www.organisator.ch\\\/#\\\/schema\\\/logo\\\/image\\\/\"},\"sameAs\":[\"https:\\\/\\\/www.facebook.com\\\/OrganisatorFachmagazin\",\"https:\\\/\\\/www.linkedin.com\\\/showcase\\\/organisator-das-magazin-fr-kmu\",\"https:\\\/\\\/www.xing.com\\\/news\\\/pages\\\/organisator-ch-695\",\"https:\\\/\\\/www.youtube.com\\\/channel\\\/UCGP2Sq0iWaZwT3BdIAQFYpw\"]},{\"@type\":\"Person\",\"@id\":\"https:\\\/\\\/www.organisator.ch\\\/#\\\/schema\\\/person\\\/aa2bace6c5c5aad60102004a50c4eb1c\",\"name\":\"admin\",\"image\":{\"@type\":\"ImageObject\",\"inLanguage\":\"fr-FR\",\"@id\":\"https:\\\/\\\/secure.gravatar.com\\\/avatar\\\/ae2f4d718e6c49043e314ce431e7e645d646302a24a5ef5a8bc8e3f5a032e319?s=96&d=mm&r=g\",\"url\":\"https:\\\/\\\/secure.gravatar.com\\\/avatar\\\/ae2f4d718e6c49043e314ce431e7e645d646302a24a5ef5a8bc8e3f5a032e319?s=96&d=mm&r=g\",\"contentUrl\":\"https:\\\/\\\/secure.gravatar.com\\\/avatar\\\/ae2f4d718e6c49043e314ce431e7e645d646302a24a5ef5a8bc8e3f5a032e319?s=96&d=mm&r=g\",\"caption\":\"admin\"},\"sameAs\":[\"https:\\\/\\\/www.organisator.ch\"],\"url\":\"https:\\\/\\\/www.organisator.ch\\\/fr\\\/author\\\/admin\\\/\"}]}<\/script>\n<!-- \/ Yoast SEO plugin. -->","yoast_head_json":{"title":"Witzig reprend le \"BusinessPoint\" \u00e0 Berne - organisateur","description":"Witzig The Office Company propose d\u00e9sormais \"Office as a Service\" dans le b\u00e2timent principal de la gare de Berne.","robots":{"index":"index","follow":"follow","max-snippet":"max-snippet:-1","max-image-preview":"max-image-preview:large","max-video-preview":"max-video-preview:-1"},"canonical":"https:\/\/www.organisator.ch\/fr\/ressources-humaines\/hrm\/2016-04-08\/witzig-uebernimmt-den-businesspoint-in-bern\/","og_locale":"fr_FR","og_type":"article","og_title":"Witzig \u00fcbernimmt den \u00abBusinessPoint\u00bb in Bern","og_description":"Witzig The Office Company bietet im Hauptgeb\u00e4ude des Bahnhofs Bern neu \u00abOffice as a Service\u00bb an. Auf 550 Quadratmetern k\u00f6nnen Gesch\u00e4ftsleute kurzfristig Arbeitspl\u00e4tze und Sitzungszimmer mieten \u2013 und sind danach im Nu wieder auf dem Perron.","og_url":"https:\/\/www.organisator.ch\/fr\/ressources-humaines\/hrm\/2016-04-08\/witzig-uebernimmt-den-businesspoint-in-bern\/","og_site_name":"Organisator","article_publisher":"https:\/\/www.facebook.com\/OrganisatorFachmagazin","article_published_time":"2016-04-08T07:48:44+00:00","author":"admin","twitter_card":"summary_large_image","twitter_image":"https:\/\/www.organisator.ch\/wp-content\/uploads\/2016\/12\/Witzig-uebernimmt-den-BusinessPoint-in-Bern-organisator.jpg","schema":{"@context":"https:\/\/schema.org","@graph":[{"@type":"Article","@id":"https:\/\/www.organisator.ch\/human-resources\/hrm\/2016-04-08\/witzig-uebernimmt-den-businesspoint-in-bern\/#article","isPartOf":{"@id":"https:\/\/www.organisator.ch\/human-resources\/hrm\/2016-04-08\/witzig-uebernimmt-den-businesspoint-in-bern\/"},"author":{"name":"admin","@id":"https:\/\/www.organisator.ch\/#\/schema\/person\/aa2bace6c5c5aad60102004a50c4eb1c"},"headline":"Witzig \u00fcbernimmt den \u00abBusinessPoint\u00bb in Bern","datePublished":"2016-04-08T07:48:44+00:00","mainEntityOfPage":{"@id":"https:\/\/www.organisator.ch\/human-resources\/hrm\/2016-04-08\/witzig-uebernimmt-den-businesspoint-in-bern\/"},"wordCount":353,"commentCount":0,"publisher":{"@id":"https:\/\/www.organisator.ch\/#organization"},"image":{"@id":"https:\/\/www.organisator.ch\/human-resources\/hrm\/2016-04-08\/witzig-uebernimmt-den-businesspoint-in-bern\/#primaryimage"},"thumbnailUrl":"https:\/\/www.organisator.ch\/wp-content\/uploads\/2016\/12\/Witzig-uebernimmt-den-BusinessPoint-in-Bern-organisator.jpg","keywords":["Arbeitsplatzgestaltung","B\u00fcro","HRM","Unternehmen"],"articleSection":["HRM"],"inLanguage":"fr-FR"},{"@type":"WebPage","@id":"https:\/\/www.organisator.ch\/human-resources\/hrm\/2016-04-08\/witzig-uebernimmt-den-businesspoint-in-bern\/","url":"https:\/\/www.organisator.ch\/human-resources\/hrm\/2016-04-08\/witzig-uebernimmt-den-businesspoint-in-bern\/","name":"Witzig reprend le \"BusinessPoint\" \u00e0 Berne - organisateur","isPartOf":{"@id":"https:\/\/www.organisator.ch\/#website"},"primaryImageOfPage":{"@id":"https:\/\/www.organisator.ch\/human-resources\/hrm\/2016-04-08\/witzig-uebernimmt-den-businesspoint-in-bern\/#primaryimage"},"image":{"@id":"https:\/\/www.organisator.ch\/human-resources\/hrm\/2016-04-08\/witzig-uebernimmt-den-businesspoint-in-bern\/#primaryimage"},"thumbnailUrl":"https:\/\/www.organisator.ch\/wp-content\/uploads\/2016\/12\/Witzig-uebernimmt-den-BusinessPoint-in-Bern-organisator.jpg","datePublished":"2016-04-08T07:48:44+00:00","description":"Witzig The Office Company propose d\u00e9sormais \"Office as a Service\" dans le b\u00e2timent principal de la gare de Berne.","breadcrumb":{"@id":"https:\/\/www.organisator.ch\/human-resources\/hrm\/2016-04-08\/witzig-uebernimmt-den-businesspoint-in-bern\/#breadcrumb"},"inLanguage":"fr-FR","potentialAction":[{"@type":"ReadAction","target":["https:\/\/www.organisator.ch\/human-resources\/hrm\/2016-04-08\/witzig-uebernimmt-den-businesspoint-in-bern\/"]}]},{"@type":"ImageObject","inLanguage":"fr-FR","@id":"https:\/\/www.organisator.ch\/human-resources\/hrm\/2016-04-08\/witzig-uebernimmt-den-businesspoint-in-bern\/#primaryimage","url":"https:\/\/www.organisator.ch\/wp-content\/uploads\/2016\/12\/Witzig-uebernimmt-den-BusinessPoint-in-Bern-organisator.jpg","contentUrl":"https:\/\/www.organisator.ch\/wp-content\/uploads\/2016\/12\/Witzig-uebernimmt-den-BusinessPoint-in-Bern-organisator.jpg","width":448,"height":299,"caption":"Der BusinessPoint im Hauptbahnhof Bern wird neu von Witzig The Office Company betrieben."},{"@type":"BreadcrumbList","@id":"https:\/\/www.organisator.ch\/human-resources\/hrm\/2016-04-08\/witzig-uebernimmt-den-businesspoint-in-bern\/#breadcrumb","itemListElement":[{"@type":"ListItem","position":1,"name":"Home","item":"https:\/\/www.organisator.ch\/"},{"@type":"ListItem","position":2,"name":"Witzig \u00fcbernimmt den \u00abBusinessPoint\u00bb in Bern"}]},{"@type":"WebSite","@id":"https:\/\/www.organisator.ch\/#website","url":"https:\/\/www.organisator.ch\/","name":"Organisateur","description":"Comp\u00e9tence et comp\u00e9tence. Proches de la pratique. L'ORGANISATEUR pr\u00e9pare 10 num\u00e9ros par an sur les th\u00e8mes essentiels pour les dirigeants de PME.","publisher":{"@id":"https:\/\/www.organisator.ch\/#organization"},"potentialAction":[{"@type":"SearchAction","target":{"@type":"EntryPoint","urlTemplate":"https:\/\/www.organisator.ch\/?s={search_term_string}"},"query-input":{"@type":"PropertyValueSpecification","valueRequired":true,"valueName":"search_term_string"}}],"inLanguage":"fr-FR"},{"@type":"Organization","@id":"https:\/\/www.organisator.ch\/#organization","name":"Organisateur","url":"https:\/\/www.organisator.ch\/","logo":{"@type":"ImageObject","inLanguage":"fr-FR","@id":"https:\/\/www.organisator.ch\/#\/schema\/logo\/image\/","url":"https:\/\/www.organisator.ch\/wp-content\/uploads\/2022\/01\/Logo_Organisator_Website.png","contentUrl":"https:\/\/www.organisator.ch\/wp-content\/uploads\/2022\/01\/Logo_Organisator_Website.png","width":800,"height":77,"caption":"Organisator"},"image":{"@id":"https:\/\/www.organisator.ch\/#\/schema\/logo\/image\/"},"sameAs":["https:\/\/www.facebook.com\/OrganisatorFachmagazin","https:\/\/www.linkedin.com\/showcase\/organisator-das-magazin-fr-kmu","https:\/\/www.xing.com\/news\/pages\/organisator-ch-695","https:\/\/www.youtube.com\/channel\/UCGP2Sq0iWaZwT3BdIAQFYpw"]},{"@type":"Person","@id":"https:\/\/www.organisator.ch\/#\/schema\/person\/aa2bace6c5c5aad60102004a50c4eb1c","name":"admin","image":{"@type":"ImageObject","inLanguage":"fr-FR","@id":"https:\/\/secure.gravatar.com\/avatar\/ae2f4d718e6c49043e314ce431e7e645d646302a24a5ef5a8bc8e3f5a032e319?s=96&d=mm&r=g","url":"https:\/\/secure.gravatar.com\/avatar\/ae2f4d718e6c49043e314ce431e7e645d646302a24a5ef5a8bc8e3f5a032e319?s=96&d=mm&r=g","contentUrl":"https:\/\/secure.gravatar.com\/avatar\/ae2f4d718e6c49043e314ce431e7e645d646302a24a5ef5a8bc8e3f5a032e319?s=96&d=mm&r=g","caption":"admin"},"sameAs":["https:\/\/www.organisator.ch"],"url":"https:\/\/www.organisator.ch\/fr\/author\/admin\/"}]}},"_links":{"self":[{"href":"https:\/\/www.organisator.ch\/fr\/wp-json\/wp\/v2\/posts\/253","targetHints":{"allow":["GET"]}}],"collection":[{"href":"https:\/\/www.organisator.ch\/fr\/wp-json\/wp\/v2\/posts"}],"about":[{"href":"https:\/\/www.organisator.ch\/fr\/wp-json\/wp\/v2\/types\/post"}],"author":[{"embeddable":true,"href":"https:\/\/www.organisator.ch\/fr\/wp-json\/wp\/v2\/users\/1"}],"replies":[{"embeddable":true,"href":"https:\/\/www.organisator.ch\/fr\/wp-json\/wp\/v2\/comments?post=253"}],"version-history":[{"count":0,"href":"https:\/\/www.organisator.ch\/fr\/wp-json\/wp\/v2\/posts\/253\/revisions"}],"wp:featuredmedia":[{"embeddable":true,"href":"https:\/\/www.organisator.ch\/fr\/wp-json\/wp\/v2\/media\/254"}],"wp:attachment":[{"href":"https:\/\/www.organisator.ch\/fr\/wp-json\/wp\/v2\/media?parent=253"}],"wp:term":[{"taxonomy":"category","embeddable":true,"href":"https:\/\/www.organisator.ch\/fr\/wp-json\/wp\/v2\/categories?post=253"},{"taxonomy":"post_tag","embeddable":true,"href":"https:\/\/www.organisator.ch\/fr\/wp-json\/wp\/v2\/tags?post=253"}],"curies":[{"name":"wp","href":"https:\/\/api.w.org\/{rel}","templated":true}]}}