{"id":25348,"date":"2024-02-26T10:13:42","date_gmt":"2024-02-26T09:13:42","guid":{"rendered":"https:\/\/www.organisator.ch\/?p=25348"},"modified":"2024-02-26T11:42:25","modified_gmt":"2024-02-26T10:42:25","slug":"unternehmen-ringen-mit-der-nachhaltigkeit","status":"publish","type":"post","link":"https:\/\/www.organisator.ch\/fr\/sustainability\/2024-02-26\/unternehmen-ringen-mit-der-nachhaltigkeit\/","title":{"rendered":"Les entreprises luttent pour la durabilit\u00e9"},"content":{"rendered":"<figure id=\"attachment_25355\" aria-describedby=\"caption-attachment-25355\" style=\"width: 680px\" class=\"wp-caption alignnone\"><img loading=\"lazy\" decoding=\"async\" class=\"size-full wp-image-25355\" src=\"https:\/\/www.organisator.ch\/wp-content\/uploads\/2024\/02\/VR-Monitor_Erste-Bild_ps.jpg\" alt=\"\" width=\"680\" height=\"454\" srcset=\"https:\/\/www.organisator.ch\/wp-content\/uploads\/2024\/02\/VR-Monitor_Erste-Bild_ps.jpg 680w, https:\/\/www.organisator.ch\/wp-content\/uploads\/2024\/02\/VR-Monitor_Erste-Bild_ps-18x12.jpg 18w, https:\/\/www.organisator.ch\/wp-content\/uploads\/2024\/02\/VR-Monitor_Erste-Bild_ps-375x250.jpg 375w, https:\/\/www.organisator.ch\/wp-content\/uploads\/2024\/02\/VR-Monitor_Erste-Bild_ps-524x350.jpg 524w\" sizes=\"auto, (max-width: 680px) 100vw, 680px\" \/><figcaption id=\"caption-attachment-25355\" class=\"wp-caption-text\">Le nouveau moniteur swissVR r\u00e9v\u00e8le que seule la moiti\u00e9 des entreprises ont fix\u00e9 des objectifs de durabilit\u00e9 et mesurent leur r\u00e9alisation. (Image : www.depositphotos.com)<\/figcaption><\/figure>\n<p>L'\u00e9tude r\u00e9v\u00e8le un \u00e9cart entre l'importance croissante de la durabilit\u00e9 pour les conseils d'administration et les entreprises et la mise en \u0153uvre pratique de mesures de durabilit\u00e9. Au vu des nouvelles obligations de reporting et de publication dans les domaines de l'environnement, du social et de la gouvernance d'entreprise (ESG) entr\u00e9es en vigueur au d\u00e9but de l'ann\u00e9e, cet \u00e9cart s'accentue encore - la n\u00e9cessit\u00e9 d'agir devient \u00e9vidente.<\/p>\n<p>Pour les conseils d'administration, le d\u00e9veloppement durable n'a pas seulement pris de l'ampleur, il est en train de devenir un pilier central de la strat\u00e9gie d'entreprise. C'est ce qu'a montr\u00e9 l'enqu\u00eate semestrielle men\u00e9e par l'association des conseils d'administration swissVR en coop\u00e9ration avec la soci\u00e9t\u00e9 d'audit et de conseil Deloitte Suisse et la Haute \u00e9cole de Lucerne. 82 pour cent des 409 membres de conseils d'administration interrog\u00e9s \u00e0 la fin de l'ann\u00e9e derni\u00e8re font \u00e9tat d'une importance croissante de la durabilit\u00e9 au cours des trois derni\u00e8res ann\u00e9es, 25 pour cent parlant m\u00eame d'une forte augmentation de l'importance. Les perspectives pour les trois prochaines ann\u00e9es sont tout aussi claires : 84 pour cent s'attendent \u00e0 ce que l'importance du d\u00e9veloppement durable pour leur entreprise continue d'augmenter.<\/p>\n<p>La vague de la durabilit\u00e9 se fait particuli\u00e8rement sentir dans les secteurs du commerce et des biens de consommation ainsi que de la construction et de l'immobilier. Dans le commerce et l'industrie des biens de consommation, 97 pour cent des membres des conseils d'administration font \u00e9tat d'une augmentation de la pertinence des th\u00e8mes de durabilit\u00e9 au cours des trois derni\u00e8res ann\u00e9es, et 95 pour cent s'attendent \u00e0 ce que l'importance de la durabilit\u00e9 continue \u00e0 augmenter. Dans le secteur de la construction et de l'immobilier, les chiffres sont de 89 pour cent chacun. Ces chiffres illustrent \u00e0 quel point la consommation et le secteur de la construction sont motiv\u00e9s par une prise de conscience croissante de la durabilit\u00e9 ainsi que par la demande de solutions respectueuses de l'environnement.<\/p>\n<h3><strong>Importance clairement reconnue <\/strong><\/h3>\n<p>Le d\u00e9veloppement durable fait \u00e9galement l'objet de discussions intensives au sein des instances dirigeantes des entreprises suisses : Dans presque toutes les grandes entreprises (97%) et dans les trois quarts des petites entreprises (75%), le sujet a \u00e9t\u00e9 \u00e0 l'ordre du jour des conseils d'administration au cours des douze derniers mois. La grande majorit\u00e9 (85%) de tous les membres de conseil d'administration interrog\u00e9s confirment que leur organe a discut\u00e9 de th\u00e8mes de durabilit\u00e9 au cours des douze derniers mois, la majeure partie des discussions ayant eu lieu au sein de l'ensemble de l'organe et non dans des comit\u00e9s sp\u00e9cialis\u00e9s.<\/p>\n<p>Les membres du CA sont conscients de leur responsabilit\u00e9 et se sentent bien \u00e9quip\u00e9s pour aborder les th\u00e8mes de la durabilit\u00e9. 82% des personnes interrog\u00e9es estiment disposer des connaissances sp\u00e9cialis\u00e9es n\u00e9cessaires et 78% jouent un r\u00f4le actif dans la d\u00e9finition de la strat\u00e9gie de durabilit\u00e9. De m\u00eame, plus des deux tiers (70%) des personnes interrog\u00e9es ont d\u00e9j\u00e0 mis le cap sur la d\u00e9finition de th\u00e8mes de durabilit\u00e9 importants pour leur entreprise.<\/p>\n<p>\"Les r\u00e9sultats de l'enqu\u00eate parlent un langage clair : la durabilit\u00e9 est entr\u00e9e dans les organes strat\u00e9giques des entreprises et les membres des conseils d'administration sont \u00e9quip\u00e9s pour poser les jalons d'un d\u00e9veloppement durable. L'ampleur et la complexit\u00e9 des r\u00e9glementations ESG repr\u00e9sentent un grand d\u00e9fi pour les entreprises ; leur mise en \u0153uvre interne doit \u00e9galement int\u00e9resser le conseil d'administration - notamment parce que d'autres \u00e9tapes de r\u00e9glementation sont d\u00e9j\u00e0 annonc\u00e9es\", explique Mirjam Gruber-Durrer, charg\u00e9e de cours \u00e0 la Haute \u00e9cole de Lucerne \u00e0 l'Institut f\u00fcr Finanzdienstleistungen Zug IFZ.<\/p>\n<h3><strong>Difficult\u00e9s de mesure <\/strong><\/h3>\n<p>L'enqu\u00eate r\u00e9v\u00e8le \u00e9galement qu'une nette majorit\u00e9 (60%) diagnostique des obstacles importants \u00e0 la mesure de l'impact \u00e9cologique de leur entreprise. Les ressources limit\u00e9es en temps (51%) et le caract\u00e8re co\u00fbteux des mesures de durabilit\u00e9 (38%) sont \u00e9galement cit\u00e9s comme des obstacles aux efforts de durabilit\u00e9.<\/p>\n<h3><strong>La pression vient de l'ext\u00e9rieur <\/strong><\/h3>\n<p>L'enqu\u00eate montre \u00e9galement que les th\u00e8mes de durabilit\u00e9 qui concernent actuellement le plus les entreprises viennent de l'ext\u00e9rieur et non de l'entreprise elle-m\u00eame : 59% des entreprises citent les r\u00e9glementations et 56% les besoins changeants de la client\u00e8le. La faible importance des actionnaires est plut\u00f4t surprenante : Seuls 18 pour cent des membres de conseil d'administration interrog\u00e9s citent les investisseurs comme moteurs importants de leur durabilit\u00e9. Mais pour les grandes entreprises, ce chiffre atteint d\u00e9j\u00e0 un bon tiers (34%).<\/p>\n<p>Malgr\u00e9 la pertinence g\u00e9n\u00e9ralement \u00e9lev\u00e9e du sujet et l'importance qu'elles accordent aux besoins de leur client\u00e8le, moins de la moiti\u00e9 des entreprises (49%) d\u00e9veloppent leurs propres produits ou services plus durables. Cela surprend, car il n'y a gu\u00e8re de secteur dans lequel le d\u00e9veloppement de solutions durables pour la client\u00e8le ne serait pas possible ou utile, ou qui ne serait pas concern\u00e9 par les nouvelles obligations de rapport et de publication ESG.<\/p>\n<h3><strong>Un point aveugle dans les cha\u00eenes d'approvisionnement ? <\/strong><\/h3>\n<p>Ainsi, la mesure la plus souvent mise en \u0153uvre dans les entreprises interrog\u00e9es n'est pas le d\u00e9veloppement de produits, mais l'augmentation de l'efficacit\u00e9 dans l'utilisation de l'\u00e9nergie (69%). Il s'agit sans doute d'une r\u00e9action directe \u00e0 la p\u00e9nurie d'\u00e9lectricit\u00e9 redout\u00e9e l'hiver dernier, mais aussi d'un choix judicieux pour des raisons de co\u00fbts.<\/p>\n<p>Moins d'un tiers (30%) des personnes interrog\u00e9es indiquent en outre avoir mis en place dans leur entreprise des mesures visant \u00e0 respecter les crit\u00e8res de durabilit\u00e9 chez les fournisseurs et les partenaires commerciaux. Par analogie, seuls 26% des membres du CA affirment que leur entreprise est concern\u00e9e par les risques de durabilit\u00e9 le long de la cha\u00eene d'approvisionnement. Compte tenu du devoir de diligence qui s'applique \u00e0 de nombreuses entreprises dans la cha\u00eene d'approvisionnement, ces r\u00e9sultats semblent tr\u00e8s faibles ; on peut donc se demander si la conscience des risques dans la cha\u00eene d'approvisionnement est suffisamment aiguis\u00e9e. Les entreprises particuli\u00e8rement expos\u00e9es sont toutefois plus prudentes : les risques le long de la cha\u00eene d'approvisionnement sont un th\u00e8me de durabilit\u00e9 important pour plus d'une entreprise sur deux dans l'industrie manufacturi\u00e8re et chimique (55%) ainsi que dans le commerce et la consommation (53%).<\/p>\n<h3><strong>Absence d'objectifs de durabilit\u00e9 <\/strong><\/h3>\n<p>Un autre d\u00e9fi dans la mise en \u0153uvre des mesures de durabilit\u00e9 dans les entreprises suisses est que seulement un peu plus de la moiti\u00e9 des conseils d'administration (52%) ont d\u00e9fini des objectifs de durabilit\u00e9 pour leur entreprise et mesurent leur r\u00e9alisation. Seul moins d'un quart (23%) a, selon ses propres indications, enti\u00e8rement accompli ces t\u00e2ches et mis en \u0153uvre toutes les mesures n\u00e9cessaires pour mesurer le degr\u00e9 de r\u00e9alisation des objectifs - dans les grandes entreprises, cette proportion est de 37%.<\/p>\n<p>De plus, de nombreux conseils d'administration semblent mal inform\u00e9s : Seule la moiti\u00e9 d'entre eux (50%) re\u00e7oit r\u00e9guli\u00e8rement un rapport sur le d\u00e9veloppement durable de leur entreprise, alors que cette proportion atteint 79% dans les grandes entreprises.<\/p>\n<p>\"Les r\u00e9sultats du monitoring swissVR le montrent clairement : les organes du conseil d'administration sont appel\u00e9s \u00e0 prendre les commandes et \u00e0 veiller \u00e0 une meilleure mise en \u0153uvre de la strat\u00e9gie de durabilit\u00e9 d\u00e9finie. Une solution efficace pourrait \u00eatre le transfert de th\u00e8mes sp\u00e9cifiques de durabilit\u00e9 vers des comit\u00e9s sp\u00e9cialis\u00e9s, afin de permettre une r\u00e9flexion plus approfondie sur le sujet, une priorisation des mesures \u00e0 prendre, une focalisation sur les th\u00e8mes importants pour l'entreprise ainsi qu'un meilleur reporting. Cela permettrait non seulement d'accro\u00eetre la transparence, mais aussi de renforcer la responsabilit\u00e9 et l'efficacit\u00e9 des efforts de durabilit\u00e9 dans les entreprises\", estime Cornelia Ritz Bossicard, pr\u00e9sidente de swissVR.<\/p>\n<h3><strong>La r\u00e9glementation doit \u00eatre mesur\u00e9e <\/strong><\/h3>\n<p>\"Le swissVR Monitor met en \u00e9vidence un \u00e9cart clair entre les exigences l\u00e9gales et sociales croissantes et la mise en \u0153uvre pratique de strat\u00e9gies de durabilit\u00e9 dans les entreprises suisses. La politique ne devrait pas maintenant cr\u00e9er une pression suppl\u00e9mentaire par de nouvelles obligations de publication, mais encourager la mise en \u0153uvre de strat\u00e9gies de durabilit\u00e9 par des incitations cibl\u00e9es\", d\u00e9clare Reto Savoia, CEO de Deloitte Suisse.<\/p>\n<p>\"La collecte de donn\u00e9es et le reporting jouent certes un r\u00f4le important pour rendre les progr\u00e8s mesurables et transparents. Mais la contribution la plus importante \u00e0 un d\u00e9veloppement plus durable est apport\u00e9e par des investissements judicieux ainsi que par des produits et services innovants. Cette force d'innovation renforc\u00e9e ne profite pas seulement aux entreprises, mais aussi \u00e0 la place \u00e9conomique suisse, et soutient la pr\u00e9servation de nos bases naturelles de vie et de production\", explique Reto Savoia.<\/p>\n<p><em>Source : <a href=\"http:\/\/www.swissvr.ch\">www.swissvr.ch<\/a> <a href=\"http:\/\/www.deloitte.com\">www.deloitte.com<\/a><\/em><\/p>","protected":false},"excerpt":{"rendered":"<p>Les entreprises suisses sont clairement engag\u00e9es dans la voie de la durabilit\u00e9, mais les vents contraires sont plus forts que pr\u00e9vu. Plus de quatre membres de conseil d'administration sur cinq reconnaissent l'importance croissante de la durabilit\u00e9, mais seule la moiti\u00e9 des entreprises a fix\u00e9 des objectifs concrets de durabilit\u00e9 et en assure le suivi. Plus de 50% des membres de CA interrog\u00e9s admettent avoir des difficult\u00e9s \u00e0 mesurer leur impact environnemental.<\/p>","protected":false},"author":58,"featured_media":25355,"comment_status":"closed","ping_status":"closed","sticky":false,"template":"","format":"standard","meta":{"_acf_changed":false,"_yoast_wpseo_focuskw":"SwissVR Monitor","_yoast_wpseo_metadesc":"\u00dcber 50% der befragten VR-Mitglieder geben zu, Schwierigkeiten bei der Messung ihrer Umweltauswirkungen zu haben.","articlekey":"","footnotes":""},"categories":[580],"tags":[1787,424,487,492],"class_list":["post-25348","post","type-post","status-publish","format-standard","has-post-thumbnail","hentry","category-sustainability","tag-nachhaltigkeit","tag-schweiz","tag-umfrage","tag-unternehmen"],"acf":[],"yoast_head":"<!-- This site is optimized with the Yoast SEO plugin v27.5 - https:\/\/yoast.com\/product\/yoast-seo-wordpress\/ -->\n<title>Unternehmen ringen mit der Nachhaltigkeit - Organisator<\/title>\n<meta name=\"description\" content=\"\u00dcber 50% der befragten VR-Mitglieder geben zu, Schwierigkeiten bei der Messung ihrer Umweltauswirkungen zu haben.\" \/>\n<meta name=\"robots\" content=\"index, follow, max-snippet:-1, max-image-preview:large, max-video-preview:-1\" \/>\n<link rel=\"canonical\" href=\"https:\/\/www.organisator.ch\/fr\/sustainability\/2024-02-26\/unternehmen-ringen-mit-der-nachhaltigkeit\/\" \/>\n<meta property=\"og:locale\" content=\"fr_FR\" \/>\n<meta property=\"og:type\" content=\"article\" \/>\n<meta property=\"og:title\" content=\"Unternehmen ringen mit der Nachhaltigkeit\" \/>\n<meta property=\"og:description\" content=\"\u00dcber 50% der befragten VR-Mitglieder geben zu, Schwierigkeiten bei der Messung ihrer Umweltauswirkungen zu haben.\" \/>\n<meta property=\"og:url\" content=\"https:\/\/www.organisator.ch\/fr\/sustainability\/2024-02-26\/unternehmen-ringen-mit-der-nachhaltigkeit\/\" \/>\n<meta property=\"og:site_name\" content=\"Organisator\" \/>\n<meta property=\"article:publisher\" content=\"https:\/\/www.facebook.com\/OrganisatorFachmagazin\" \/>\n<meta property=\"article:published_time\" content=\"2024-02-26T09:13:42+00:00\" \/>\n<meta property=\"article:modified_time\" content=\"2024-02-26T10:42:25+00:00\" \/>\n<meta property=\"og:image\" content=\"https:\/\/www.organisator.ch\/wp-content\/uploads\/2024\/02\/VR-Monitor_Erste-Bild_ps.jpg\" \/>\n\t<meta property=\"og:image:width\" content=\"680\" \/>\n\t<meta property=\"og:image:height\" content=\"454\" \/>\n\t<meta property=\"og:image:type\" content=\"image\/jpeg\" \/>\n<meta name=\"author\" content=\"Adelisa Kalajdzini\" \/>\n<meta name=\"twitter:card\" content=\"summary_large_image\" \/>\n<meta name=\"twitter:title\" content=\"Unternehmen ringen mit der Nachhaltigkeit\" \/>\n<meta name=\"twitter:description\" content=\"\u00dcber 50% der befragten #VR-Mitglieder geben zu, #Schwierigkeiten bei der #Messung ihrer #Umweltauswirkungen zu haben.\" \/>\n<meta name=\"twitter:image\" content=\"https:\/\/www.organisator.ch\/wp-content\/uploads\/2024\/02\/VR-Monitor_Erste-Bild_ps.jpg\" \/>\n<script type=\"application\/ld+json\" class=\"yoast-schema-graph\">{\"@context\":\"https:\\\/\\\/schema.org\",\"@graph\":[{\"@type\":\"Article\",\"@id\":\"https:\\\/\\\/www.organisator.ch\\\/sustainability\\\/2024-02-26\\\/unternehmen-ringen-mit-der-nachhaltigkeit\\\/#article\",\"isPartOf\":{\"@id\":\"https:\\\/\\\/www.organisator.ch\\\/sustainability\\\/2024-02-26\\\/unternehmen-ringen-mit-der-nachhaltigkeit\\\/\"},\"author\":{\"name\":\"Adelisa Kalajdzini\",\"@id\":\"https:\\\/\\\/www.organisator.ch\\\/#\\\/schema\\\/person\\\/2e1314a2172123f874db408d8911d3f3\"},\"headline\":\"Unternehmen ringen mit der Nachhaltigkeit\",\"datePublished\":\"2024-02-26T09:13:42+00:00\",\"dateModified\":\"2024-02-26T10:42:25+00:00\",\"mainEntityOfPage\":{\"@id\":\"https:\\\/\\\/www.organisator.ch\\\/sustainability\\\/2024-02-26\\\/unternehmen-ringen-mit-der-nachhaltigkeit\\\/\"},\"wordCount\":1160,\"publisher\":{\"@id\":\"https:\\\/\\\/www.organisator.ch\\\/#organization\"},\"image\":{\"@id\":\"https:\\\/\\\/www.organisator.ch\\\/sustainability\\\/2024-02-26\\\/unternehmen-ringen-mit-der-nachhaltigkeit\\\/#primaryimage\"},\"thumbnailUrl\":\"https:\\\/\\\/www.organisator.ch\\\/wp-content\\\/uploads\\\/2024\\\/02\\\/VR-Monitor_Erste-Bild_ps.jpg\",\"keywords\":[\"Nachhaltigkeit\",\"Schweiz\",\"Umfrage\",\"Unternehmen\"],\"articleSection\":[\"SUSTAINABILITY\"],\"inLanguage\":\"fr-FR\"},{\"@type\":\"WebPage\",\"@id\":\"https:\\\/\\\/www.organisator.ch\\\/sustainability\\\/2024-02-26\\\/unternehmen-ringen-mit-der-nachhaltigkeit\\\/\",\"url\":\"https:\\\/\\\/www.organisator.ch\\\/sustainability\\\/2024-02-26\\\/unternehmen-ringen-mit-der-nachhaltigkeit\\\/\",\"name\":\"Unternehmen ringen mit der Nachhaltigkeit - Organisator\",\"isPartOf\":{\"@id\":\"https:\\\/\\\/www.organisator.ch\\\/#website\"},\"primaryImageOfPage\":{\"@id\":\"https:\\\/\\\/www.organisator.ch\\\/sustainability\\\/2024-02-26\\\/unternehmen-ringen-mit-der-nachhaltigkeit\\\/#primaryimage\"},\"image\":{\"@id\":\"https:\\\/\\\/www.organisator.ch\\\/sustainability\\\/2024-02-26\\\/unternehmen-ringen-mit-der-nachhaltigkeit\\\/#primaryimage\"},\"thumbnailUrl\":\"https:\\\/\\\/www.organisator.ch\\\/wp-content\\\/uploads\\\/2024\\\/02\\\/VR-Monitor_Erste-Bild_ps.jpg\",\"datePublished\":\"2024-02-26T09:13:42+00:00\",\"dateModified\":\"2024-02-26T10:42:25+00:00\",\"description\":\"\u00dcber 50% der befragten VR-Mitglieder geben zu, Schwierigkeiten bei der Messung ihrer Umweltauswirkungen zu haben.\",\"breadcrumb\":{\"@id\":\"https:\\\/\\\/www.organisator.ch\\\/sustainability\\\/2024-02-26\\\/unternehmen-ringen-mit-der-nachhaltigkeit\\\/#breadcrumb\"},\"inLanguage\":\"fr-FR\",\"potentialAction\":[{\"@type\":\"ReadAction\",\"target\":[\"https:\\\/\\\/www.organisator.ch\\\/sustainability\\\/2024-02-26\\\/unternehmen-ringen-mit-der-nachhaltigkeit\\\/\"]}]},{\"@type\":\"ImageObject\",\"inLanguage\":\"fr-FR\",\"@id\":\"https:\\\/\\\/www.organisator.ch\\\/sustainability\\\/2024-02-26\\\/unternehmen-ringen-mit-der-nachhaltigkeit\\\/#primaryimage\",\"url\":\"https:\\\/\\\/www.organisator.ch\\\/wp-content\\\/uploads\\\/2024\\\/02\\\/VR-Monitor_Erste-Bild_ps.jpg\",\"contentUrl\":\"https:\\\/\\\/www.organisator.ch\\\/wp-content\\\/uploads\\\/2024\\\/02\\\/VR-Monitor_Erste-Bild_ps.jpg\",\"width\":680,\"height\":454,\"caption\":\"Der neue swissVR Monitor offenbart, dass nur die H\u00e4lfte der Unternehmen Nachhaltigkeitsziele festgelegt hat und deren Erreichung misst. (Bild: www.depositphotos.com)\"},{\"@type\":\"BreadcrumbList\",\"@id\":\"https:\\\/\\\/www.organisator.ch\\\/sustainability\\\/2024-02-26\\\/unternehmen-ringen-mit-der-nachhaltigkeit\\\/#breadcrumb\",\"itemListElement\":[{\"@type\":\"ListItem\",\"position\":1,\"name\":\"Home\",\"item\":\"https:\\\/\\\/www.organisator.ch\\\/\"},{\"@type\":\"ListItem\",\"position\":2,\"name\":\"Unternehmen ringen mit der Nachhaltigkeit\"}]},{\"@type\":\"WebSite\",\"@id\":\"https:\\\/\\\/www.organisator.ch\\\/#website\",\"url\":\"https:\\\/\\\/www.organisator.ch\\\/\",\"name\":\"Organisator\",\"description\":\"Kompetent. Praxisnah. Der ORGANISATOR bereitet in 10 Ausgaben pro Jahr die wesentlichen Themen f\u00fcr F\u00fchrungskr\u00e4fte von KMU auf.\",\"publisher\":{\"@id\":\"https:\\\/\\\/www.organisator.ch\\\/#organization\"},\"potentialAction\":[{\"@type\":\"SearchAction\",\"target\":{\"@type\":\"EntryPoint\",\"urlTemplate\":\"https:\\\/\\\/www.organisator.ch\\\/?s={search_term_string}\"},\"query-input\":{\"@type\":\"PropertyValueSpecification\",\"valueRequired\":true,\"valueName\":\"search_term_string\"}}],\"inLanguage\":\"fr-FR\"},{\"@type\":\"Organization\",\"@id\":\"https:\\\/\\\/www.organisator.ch\\\/#organization\",\"name\":\"Organisator\",\"url\":\"https:\\\/\\\/www.organisator.ch\\\/\",\"logo\":{\"@type\":\"ImageObject\",\"inLanguage\":\"fr-FR\",\"@id\":\"https:\\\/\\\/www.organisator.ch\\\/#\\\/schema\\\/logo\\\/image\\\/\",\"url\":\"https:\\\/\\\/www.organisator.ch\\\/wp-content\\\/uploads\\\/2022\\\/01\\\/Logo_Organisator_Website.png\",\"contentUrl\":\"https:\\\/\\\/www.organisator.ch\\\/wp-content\\\/uploads\\\/2022\\\/01\\\/Logo_Organisator_Website.png\",\"width\":800,\"height\":77,\"caption\":\"Organisator\"},\"image\":{\"@id\":\"https:\\\/\\\/www.organisator.ch\\\/#\\\/schema\\\/logo\\\/image\\\/\"},\"sameAs\":[\"https:\\\/\\\/www.facebook.com\\\/OrganisatorFachmagazin\",\"https:\\\/\\\/www.linkedin.com\\\/showcase\\\/organisator-das-magazin-fr-kmu\",\"https:\\\/\\\/www.xing.com\\\/news\\\/pages\\\/organisator-ch-695\",\"https:\\\/\\\/www.youtube.com\\\/channel\\\/UCGP2Sq0iWaZwT3BdIAQFYpw\"]},{\"@type\":\"Person\",\"@id\":\"https:\\\/\\\/www.organisator.ch\\\/#\\\/schema\\\/person\\\/2e1314a2172123f874db408d8911d3f3\",\"name\":\"Adelisa Kalajdzini\",\"image\":{\"@type\":\"ImageObject\",\"inLanguage\":\"fr-FR\",\"@id\":\"https:\\\/\\\/secure.gravatar.com\\\/avatar\\\/09a397c22ac58cad6f160ee8306348599df9df58a8ede73696226897b9fa4b24?s=96&d=mm&r=g\",\"url\":\"https:\\\/\\\/secure.gravatar.com\\\/avatar\\\/09a397c22ac58cad6f160ee8306348599df9df58a8ede73696226897b9fa4b24?s=96&d=mm&r=g\",\"contentUrl\":\"https:\\\/\\\/secure.gravatar.com\\\/avatar\\\/09a397c22ac58cad6f160ee8306348599df9df58a8ede73696226897b9fa4b24?s=96&d=mm&r=g\",\"caption\":\"Adelisa Kalajdzini\"},\"url\":\"https:\\\/\\\/www.organisator.ch\\\/fr\\\/author\\\/adelisa-kalajdzini\\\/\"}]}<\/script>\n<!-- \/ Yoast SEO plugin. -->","yoast_head_json":{"title":"Les entreprises luttent pour la durabilit\u00e9 - Organisateur","description":"Plus de 50% des membres du CA interrog\u00e9s admettent avoir des difficult\u00e9s \u00e0 mesurer leur impact environnemental.","robots":{"index":"index","follow":"follow","max-snippet":"max-snippet:-1","max-image-preview":"max-image-preview:large","max-video-preview":"max-video-preview:-1"},"canonical":"https:\/\/www.organisator.ch\/fr\/sustainability\/2024-02-26\/unternehmen-ringen-mit-der-nachhaltigkeit\/","og_locale":"fr_FR","og_type":"article","og_title":"Unternehmen ringen mit der Nachhaltigkeit","og_description":"\u00dcber 50% der befragten VR-Mitglieder geben zu, Schwierigkeiten bei der Messung ihrer Umweltauswirkungen zu haben.","og_url":"https:\/\/www.organisator.ch\/fr\/sustainability\/2024-02-26\/unternehmen-ringen-mit-der-nachhaltigkeit\/","og_site_name":"Organisator","article_publisher":"https:\/\/www.facebook.com\/OrganisatorFachmagazin","article_published_time":"2024-02-26T09:13:42+00:00","article_modified_time":"2024-02-26T10:42:25+00:00","og_image":[{"width":680,"height":454,"url":"https:\/\/www.organisator.ch\/wp-content\/uploads\/2024\/02\/VR-Monitor_Erste-Bild_ps.jpg","type":"image\/jpeg"}],"author":"Adelisa Kalajdzini","twitter_card":"summary_large_image","twitter_title":"Unternehmen ringen mit der Nachhaltigkeit","twitter_description":"\u00dcber 50% der befragten #VR-Mitglieder geben zu, #Schwierigkeiten bei der #Messung ihrer #Umweltauswirkungen zu haben.","twitter_image":"https:\/\/www.organisator.ch\/wp-content\/uploads\/2024\/02\/VR-Monitor_Erste-Bild_ps.jpg","schema":{"@context":"https:\/\/schema.org","@graph":[{"@type":"Article","@id":"https:\/\/www.organisator.ch\/sustainability\/2024-02-26\/unternehmen-ringen-mit-der-nachhaltigkeit\/#article","isPartOf":{"@id":"https:\/\/www.organisator.ch\/sustainability\/2024-02-26\/unternehmen-ringen-mit-der-nachhaltigkeit\/"},"author":{"name":"Adelisa Kalajdzini","@id":"https:\/\/www.organisator.ch\/#\/schema\/person\/2e1314a2172123f874db408d8911d3f3"},"headline":"Unternehmen ringen mit der Nachhaltigkeit","datePublished":"2024-02-26T09:13:42+00:00","dateModified":"2024-02-26T10:42:25+00:00","mainEntityOfPage":{"@id":"https:\/\/www.organisator.ch\/sustainability\/2024-02-26\/unternehmen-ringen-mit-der-nachhaltigkeit\/"},"wordCount":1160,"publisher":{"@id":"https:\/\/www.organisator.ch\/#organization"},"image":{"@id":"https:\/\/www.organisator.ch\/sustainability\/2024-02-26\/unternehmen-ringen-mit-der-nachhaltigkeit\/#primaryimage"},"thumbnailUrl":"https:\/\/www.organisator.ch\/wp-content\/uploads\/2024\/02\/VR-Monitor_Erste-Bild_ps.jpg","keywords":["Nachhaltigkeit","Schweiz","Umfrage","Unternehmen"],"articleSection":["SUSTAINABILITY"],"inLanguage":"fr-FR"},{"@type":"WebPage","@id":"https:\/\/www.organisator.ch\/sustainability\/2024-02-26\/unternehmen-ringen-mit-der-nachhaltigkeit\/","url":"https:\/\/www.organisator.ch\/sustainability\/2024-02-26\/unternehmen-ringen-mit-der-nachhaltigkeit\/","name":"Les entreprises luttent pour la durabilit\u00e9 - Organisateur","isPartOf":{"@id":"https:\/\/www.organisator.ch\/#website"},"primaryImageOfPage":{"@id":"https:\/\/www.organisator.ch\/sustainability\/2024-02-26\/unternehmen-ringen-mit-der-nachhaltigkeit\/#primaryimage"},"image":{"@id":"https:\/\/www.organisator.ch\/sustainability\/2024-02-26\/unternehmen-ringen-mit-der-nachhaltigkeit\/#primaryimage"},"thumbnailUrl":"https:\/\/www.organisator.ch\/wp-content\/uploads\/2024\/02\/VR-Monitor_Erste-Bild_ps.jpg","datePublished":"2024-02-26T09:13:42+00:00","dateModified":"2024-02-26T10:42:25+00:00","description":"Plus de 50% des membres du CA interrog\u00e9s admettent avoir des difficult\u00e9s \u00e0 mesurer leur impact environnemental.","breadcrumb":{"@id":"https:\/\/www.organisator.ch\/sustainability\/2024-02-26\/unternehmen-ringen-mit-der-nachhaltigkeit\/#breadcrumb"},"inLanguage":"fr-FR","potentialAction":[{"@type":"ReadAction","target":["https:\/\/www.organisator.ch\/sustainability\/2024-02-26\/unternehmen-ringen-mit-der-nachhaltigkeit\/"]}]},{"@type":"ImageObject","inLanguage":"fr-FR","@id":"https:\/\/www.organisator.ch\/sustainability\/2024-02-26\/unternehmen-ringen-mit-der-nachhaltigkeit\/#primaryimage","url":"https:\/\/www.organisator.ch\/wp-content\/uploads\/2024\/02\/VR-Monitor_Erste-Bild_ps.jpg","contentUrl":"https:\/\/www.organisator.ch\/wp-content\/uploads\/2024\/02\/VR-Monitor_Erste-Bild_ps.jpg","width":680,"height":454,"caption":"Der neue swissVR Monitor offenbart, dass nur die H\u00e4lfte der Unternehmen Nachhaltigkeitsziele festgelegt hat und deren Erreichung misst. (Bild: www.depositphotos.com)"},{"@type":"BreadcrumbList","@id":"https:\/\/www.organisator.ch\/sustainability\/2024-02-26\/unternehmen-ringen-mit-der-nachhaltigkeit\/#breadcrumb","itemListElement":[{"@type":"ListItem","position":1,"name":"Home","item":"https:\/\/www.organisator.ch\/"},{"@type":"ListItem","position":2,"name":"Unternehmen ringen mit der Nachhaltigkeit"}]},{"@type":"WebSite","@id":"https:\/\/www.organisator.ch\/#website","url":"https:\/\/www.organisator.ch\/","name":"Organisateur","description":"Comp\u00e9tence et comp\u00e9tence. Proches de la pratique. L'ORGANISATEUR pr\u00e9pare 10 num\u00e9ros par an sur les th\u00e8mes essentiels pour les dirigeants de PME.","publisher":{"@id":"https:\/\/www.organisator.ch\/#organization"},"potentialAction":[{"@type":"SearchAction","target":{"@type":"EntryPoint","urlTemplate":"https:\/\/www.organisator.ch\/?s={search_term_string}"},"query-input":{"@type":"PropertyValueSpecification","valueRequired":true,"valueName":"search_term_string"}}],"inLanguage":"fr-FR"},{"@type":"Organization","@id":"https:\/\/www.organisator.ch\/#organization","name":"Organisateur","url":"https:\/\/www.organisator.ch\/","logo":{"@type":"ImageObject","inLanguage":"fr-FR","@id":"https:\/\/www.organisator.ch\/#\/schema\/logo\/image\/","url":"https:\/\/www.organisator.ch\/wp-content\/uploads\/2022\/01\/Logo_Organisator_Website.png","contentUrl":"https:\/\/www.organisator.ch\/wp-content\/uploads\/2022\/01\/Logo_Organisator_Website.png","width":800,"height":77,"caption":"Organisator"},"image":{"@id":"https:\/\/www.organisator.ch\/#\/schema\/logo\/image\/"},"sameAs":["https:\/\/www.facebook.com\/OrganisatorFachmagazin","https:\/\/www.linkedin.com\/showcase\/organisator-das-magazin-fr-kmu","https:\/\/www.xing.com\/news\/pages\/organisator-ch-695","https:\/\/www.youtube.com\/channel\/UCGP2Sq0iWaZwT3BdIAQFYpw"]},{"@type":"Person","@id":"https:\/\/www.organisator.ch\/#\/schema\/person\/2e1314a2172123f874db408d8911d3f3","name":"Adelisa Kalajdzini","image":{"@type":"ImageObject","inLanguage":"fr-FR","@id":"https:\/\/secure.gravatar.com\/avatar\/09a397c22ac58cad6f160ee8306348599df9df58a8ede73696226897b9fa4b24?s=96&d=mm&r=g","url":"https:\/\/secure.gravatar.com\/avatar\/09a397c22ac58cad6f160ee8306348599df9df58a8ede73696226897b9fa4b24?s=96&d=mm&r=g","contentUrl":"https:\/\/secure.gravatar.com\/avatar\/09a397c22ac58cad6f160ee8306348599df9df58a8ede73696226897b9fa4b24?s=96&d=mm&r=g","caption":"Adelisa Kalajdzini"},"url":"https:\/\/www.organisator.ch\/fr\/author\/adelisa-kalajdzini\/"}]}},"_links":{"self":[{"href":"https:\/\/www.organisator.ch\/fr\/wp-json\/wp\/v2\/posts\/25348","targetHints":{"allow":["GET"]}}],"collection":[{"href":"https:\/\/www.organisator.ch\/fr\/wp-json\/wp\/v2\/posts"}],"about":[{"href":"https:\/\/www.organisator.ch\/fr\/wp-json\/wp\/v2\/types\/post"}],"author":[{"embeddable":true,"href":"https:\/\/www.organisator.ch\/fr\/wp-json\/wp\/v2\/users\/58"}],"replies":[{"embeddable":true,"href":"https:\/\/www.organisator.ch\/fr\/wp-json\/wp\/v2\/comments?post=25348"}],"version-history":[{"count":9,"href":"https:\/\/www.organisator.ch\/fr\/wp-json\/wp\/v2\/posts\/25348\/revisions"}],"predecessor-version":[{"id":25361,"href":"https:\/\/www.organisator.ch\/fr\/wp-json\/wp\/v2\/posts\/25348\/revisions\/25361"}],"wp:featuredmedia":[{"embeddable":true,"href":"https:\/\/www.organisator.ch\/fr\/wp-json\/wp\/v2\/media\/25355"}],"wp:attachment":[{"href":"https:\/\/www.organisator.ch\/fr\/wp-json\/wp\/v2\/media?parent=25348"}],"wp:term":[{"taxonomy":"category","embeddable":true,"href":"https:\/\/www.organisator.ch\/fr\/wp-json\/wp\/v2\/categories?post=25348"},{"taxonomy":"post_tag","embeddable":true,"href":"https:\/\/www.organisator.ch\/fr\/wp-json\/wp\/v2\/tags?post=25348"}],"curies":[{"name":"wp","href":"https:\/\/api.w.org\/{rel}","templated":true}]}}