{"id":25405,"date":"2024-02-27T13:25:20","date_gmt":"2024-02-27T12:25:20","guid":{"rendered":"https:\/\/www.organisator.ch\/?p=25405"},"modified":"2024-03-04T14:54:17","modified_gmt":"2024-03-04T13:54:17","slug":"finalist-prix-svc-ostschweiz-2024-emil-egger-gruppe","status":"publish","type":"post","link":"https:\/\/www.organisator.ch\/fr\/allgemein\/2024-02-27\/finalist-prix-svc-ostschweiz-2024-emil-egger-gruppe\/","title":{"rendered":"Finaliste du Prix SVC Ostschweiz 2024 : Groupe Emil Egger"},"content":{"rendered":"<figure id=\"attachment_25406\" aria-describedby=\"caption-attachment-25406\" style=\"width: 680px\" class=\"wp-caption alignnone\"><img loading=\"lazy\" decoding=\"async\" class=\"size-full wp-image-25406\" src=\"https:\/\/www.organisator.ch\/wp-content\/uploads\/2024\/02\/Finalist-Prix-SVC-Ostschweiz-2024-Emil-Egger-Gruppe_Organisator.jpg\" alt=\"\" width=\"680\" height=\"455\" srcset=\"https:\/\/www.organisator.ch\/wp-content\/uploads\/2024\/02\/Finalist-Prix-SVC-Ostschweiz-2024-Emil-Egger-Gruppe_Organisator.jpg 680w, https:\/\/www.organisator.ch\/wp-content\/uploads\/2024\/02\/Finalist-Prix-SVC-Ostschweiz-2024-Emil-Egger-Gruppe_Organisator-18x12.jpg 18w, https:\/\/www.organisator.ch\/wp-content\/uploads\/2024\/02\/Finalist-Prix-SVC-Ostschweiz-2024-Emil-Egger-Gruppe_Organisator-375x251.jpg 375w, https:\/\/www.organisator.ch\/wp-content\/uploads\/2024\/02\/Finalist-Prix-SVC-Ostschweiz-2024-Emil-Egger-Gruppe_Organisator-523x350.jpg 523w\" sizes=\"auto, (max-width: 680px) 100vw, 680px\" \/><figcaption id=\"caption-attachment-25406\" class=\"wp-caption-text\">Transporter un bateau par camion ? Pas une chose impossible pour le groupe Emil Egger. (Photo : Emil Egger AG \/ www.ete.ch)<\/figcaption><\/figure>\n<p>Le groupe Emil Egger est une entreprise familiale dirig\u00e9e par la troisi\u00e8me g\u00e9n\u00e9ration de Michael et Markus Egger. L'entreprise de logistique compte 800 collaborateurs r\u00e9partis sur onze sites dans toute la Suisse. Jusque-l\u00e0, rien de bien spectaculaire. Un prestataire de services logistiques comme il en existe beaucoup ? Non, pas forc\u00e9ment. Car l'entreprise s'est surtout fait un nom dans la manutention de marchandises surdimensionn\u00e9es.\u00a0<\/p>\n<h3><strong>Lorsqu'un bateau se d\u00e9place sur la route<\/strong><\/h3>\n<p>Aucune voie de transport n'est trop compliqu\u00e9e et aucune charge trop lourde : c'est l'impression que l'observateur neutre a en visitant le site web de l'entreprise. Comment, par exemple, un bateau passe-t-il du lac de Zoug au lac de Walenstadt ? Non, pas par l'eau, mais par la route. Il y a quelques mois, Emil Egger a transport\u00e9 le \"MS Schwyz\", 31,2 m de long et 7 m de large au maximum, jusqu'\u00e0 son nouvel emplacement par voie terrestre \u00e0 l'aide d'un convoi lourd - principalement de nuit. Le trajet n'\u00e9tait pas facile, car il fallait tout de m\u00eame franchir un col, le Hirzel, et quelques autres passages \u00e9troits attendaient les sp\u00e9cialistes de la logistique. Tout a donc d\u00fb \u00eatre planifi\u00e9 minutieusement : Le bateau a d\u00fb \u00eatre d\u00e9mont\u00e9 en deux parties (pont sup\u00e9rieur et inf\u00e9rieur) et les arbres et les haies ont d\u00fb \u00eatre taill\u00e9s \u00e0 l'avance le long du trajet. Il a \u00e9galement fallu obtenir diverses autorisations. M\u00eame pour eux, qui sont des experts chevronn\u00e9s en mati\u00e8re de marchandises lourdes, les d\u00e9fis \u00e9taient de taille, se souvient Michael Egger, qui dirige le secteur des marchandises lourdes au sein du groupe Emil Egger.<\/p>\n<h3><strong>Une grue pour (presque) toutes les charges<\/strong><\/h3>\n<p>En mati\u00e8re de transport de marchandises lourdes, Emil Egger est certainement le num\u00e9ro 1 en Suisse. Et dans le domaine des services de grue, l'entreprise fait \u00e9galement partie des 20 de l'espace germanophone. En effet, les charges lourdes doivent pouvoir \u00eatre soulev\u00e9es d'une mani\u00e8re ou d'une autre. Avec la LR 11000, Emil Egger dispose, selon ses propres dires, de la plus grande grue sur chenilles de Suisse. Elle permet de d\u00e9placer des charges pesant jusqu'\u00e0 1000 tonnes. Outre les grues sur chenilles, la flotte comprend des grues sur pneus et des grues mobiles, des grues de chantier mobiles, des grues sp\u00e9ciales, des camions-grues et \u00e9galement des mini-grues.<\/p>\n<h3><strong>Rien n'est trop encombrant, m\u00eame pour les marchandises de d\u00e9tail et dans l'entrep\u00f4t<\/strong><\/h3>\n<p>A c\u00f4t\u00e9 de tant de spectacle, les autres secteurs d'activit\u00e9 passent presque \u00e0 l'arri\u00e8re-plan. Mais en mati\u00e8re de colis de d\u00e9tail et de logistique de stockage, Emil Egger fait partie des prestataires de services d\u00e9sormais connus dans toute la Suisse. Et l\u00e0 aussi, le transport de marchandises de taille particuli\u00e8re fait partie des sp\u00e9cialit\u00e9s de l'entreprise. A Saint-Gall, H\u00e4rkingen, Bassersdorf, Avenches, Fribourg, Romanel sur Morges, St. Margrethen et S. Antonino, les marchandises de toutes tailles, formes et conditionnements trouvent leur place. \"Des longs tubes d'acier aux wagons de chemin de fer, aucune marchandise n'est trop grande, trop lourde ou trop longue pour nous. Notre infrastructure et notre personnel qualifi\u00e9 offrent toujours une solution, m\u00eame pour les cas particuliers\", d\u00e9clare Pascal M\u00f6ller, responsable de la logistique de stockage \u00e0 Saint-Gall, cit\u00e9 sur le site Internet de l'entreprise.<\/p>\n<h3><strong>Voyager de mani\u00e8re \u00e9conomique<\/strong><\/h3>\n<p>Et qu'en est-il de la durabilit\u00e9 ? L\u00e0 aussi, Emil Egger met l'accent sur l'un ou l'autre point d'exclamation. Ainsi, les chauffeurs sont form\u00e9s pour conduire \u00e0 un r\u00e9gime particuli\u00e8rement bas ; la vitesse maximale est limit\u00e9e \u00e0 89 km\/h. Les camions sont en outre \u00e9quip\u00e9s de cabines particuli\u00e8rement a\u00e9rodynamiques afin de r\u00e9duire la consommation de diesel. Des moteurs alternatifs sont \u00e9galement test\u00e9s : Depuis f\u00e9vrier 2023, le camion \u00e9lectrique e-Actros, un mod\u00e8le de s\u00e9rie de Daimler Truck, est en service. Cependant, on est encore r\u00e9serv\u00e9 sur le th\u00e8me de la propulsion \u00e0 l'hydrog\u00e8ne, qui est toujours consid\u00e9r\u00e9e comme une alternative particuli\u00e8rement appropri\u00e9e pour le transport de marchandises. Comme l'infrastructure d'approvisionnement en hydrog\u00e8ne est encore mal d\u00e9velopp\u00e9e, Emil Egger devrait \u00e9galement attendre avant de prendre des mesures concr\u00e8tes dans ce domaine.<\/p>\n<p><em>Plus d'informations : <a href=\"https:\/\/www.ete.ch\/\">https:\/\/www.ete.ch\/<\/a> \/ <a href=\"http:\/\/www.svc.swiss\">www.svc.swiss<\/a><\/em><\/p>\n<p>&nbsp;<\/p>\n<blockquote>\n<h3>Prix SVC Ostschweiz 2024, les autres finalistes (par ordre alphab\u00e9tique) :<\/h3>\n<ul>\n<li><a href=\"https:\/\/www.organisator.ch\/de\/allgemein\/2024-02-28\/finalist-prix-svc-ostschweiz-2024-huber-fenster-ag\/\">Huber Fenster AG<\/a><\/li>\n<li><a href=\"https:\/\/www.organisator.ch\/de\/allgemein\/2024-02-29\/finalist-prix-svc-ostschweiz-2024-maerchenhotel-ag\/\">M\u00e4rchenhotel AG<\/a><\/li>\n<li><a href=\"https:\/\/www.organisator.ch\/allgemein\/2024-03-01\/finalist-prix-svc-ostschweiz-2024-nussbaum-matzingen-ag\/\">Nussbaum Matzingen AG<\/a><\/li>\n<li><a href=\"https:\/\/www.organisator.ch\/de\/allgemein\/2024-03-04\/finalist-prix-svc-ostschweiz-2024-zindel-united\/\">Zindel United<\/a><\/li>\n<\/ul>\n<\/blockquote>","protected":false},"excerpt":{"rendered":"<p>Le 7 mars 2024, le Prix SVC Ostschweiz 2024 sera d\u00e9cern\u00e9. Cinq entreprises sont en lice pour la finale, dont le groupe Emil Egger, dont le si\u00e8ge est \u00e0 Saint-Gall. Un bref portrait de l'entreprise de logistique.<\/p>","protected":false},"author":4,"featured_media":25406,"comment_status":"closed","ping_status":"closed","sticky":false,"template":"","format":"standard","meta":{"_acf_changed":false,"_yoast_wpseo_focuskw":"Emil Egger Gruppe","_yoast_wpseo_metadesc":"Am 7. M\u00e4rz 2024 wird der Prix SVC Ostschweiz 2024 verliehen. Im Final steht auch die Emil Egger Gruppe mit Hauptsitz in St.Gallen.","articlekey":"","footnotes":""},"categories":[1],"tags":[66,4117,492],"class_list":["post-25405","post","type-post","status-publish","format-standard","has-post-thumbnail","hentry","category-allgemein","tag-awards","tag-prix-svc-ostschweiz","tag-unternehmen"],"acf":[],"yoast_head":"<!-- This site is optimized with the Yoast SEO plugin v27.5 - https:\/\/yoast.com\/product\/yoast-seo-wordpress\/ -->\n<title>Finalist Prix SVC Ostschweiz 2024: Emil Egger Gruppe - Organisator<\/title>\n<meta name=\"description\" content=\"Am 7. M\u00e4rz 2024 wird der Prix SVC Ostschweiz 2024 verliehen. Im Final steht auch die Emil Egger Gruppe mit Hauptsitz in St.Gallen.\" \/>\n<meta name=\"robots\" content=\"index, follow, max-snippet:-1, max-image-preview:large, max-video-preview:-1\" \/>\n<link rel=\"canonical\" href=\"https:\/\/www.organisator.ch\/fr\/general\/2024-02-27\/finalist-prix-svc-ostschweiz-2024-emil-egger-gruppe\/\" \/>\n<meta property=\"og:locale\" content=\"fr_FR\" \/>\n<meta property=\"og:type\" content=\"article\" \/>\n<meta property=\"og:title\" content=\"Finalist Prix SVC Ostschweiz 2024: Emil Egger Gruppe\" \/>\n<meta property=\"og:description\" content=\"Am 7. M\u00e4rz 2024 wird der Prix SVC Ostschweiz 2024 verliehen. Im Final steht auch die Emil Egger Gruppe mit Hauptsitz in St.Gallen.\" \/>\n<meta property=\"og:url\" content=\"https:\/\/www.organisator.ch\/fr\/general\/2024-02-27\/finalist-prix-svc-ostschweiz-2024-emil-egger-gruppe\/\" \/>\n<meta property=\"og:site_name\" content=\"Organisator\" \/>\n<meta property=\"article:publisher\" content=\"https:\/\/www.facebook.com\/OrganisatorFachmagazin\" \/>\n<meta property=\"article:published_time\" content=\"2024-02-27T12:25:20+00:00\" \/>\n<meta property=\"article:modified_time\" content=\"2024-03-04T13:54:17+00:00\" \/>\n<meta property=\"og:image\" content=\"https:\/\/www.organisator.ch\/wp-content\/uploads\/2024\/02\/Finalist-Prix-SVC-Ostschweiz-2024-Emil-Egger-Gruppe_Organisator.jpg\" \/>\n\t<meta property=\"og:image:width\" content=\"680\" \/>\n\t<meta property=\"og:image:height\" content=\"455\" \/>\n\t<meta property=\"og:image:type\" content=\"image\/jpeg\" \/>\n<meta name=\"author\" content=\"thomas.berner\" \/>\n<meta name=\"twitter:card\" content=\"summary_large_image\" \/>\n<meta name=\"twitter:title\" content=\"Finalist Prix SVC Ostschweiz 2024: Emil Egger Gruppe\" \/>\n<meta name=\"twitter:description\" content=\"Am 7. M\u00e4rz 2024 wird der Prix SVC Ostschweiz 2024 verliehen. Im Final steht auch die Emil Egger Gruppe mit Hauptsitz in St.Gallen.\" \/>\n<meta name=\"twitter:image\" content=\"https:\/\/www.organisator.ch\/wp-content\/uploads\/2024\/02\/Finalist-Prix-SVC-Ostschweiz-2024-Emil-Egger-Gruppe_Organisator.jpg\" \/>\n<script type=\"application\/ld+json\" class=\"yoast-schema-graph\">{\"@context\":\"https:\\\/\\\/schema.org\",\"@graph\":[{\"@type\":\"Article\",\"@id\":\"https:\\\/\\\/www.organisator.ch\\\/allgemein\\\/2024-02-27\\\/finalist-prix-svc-ostschweiz-2024-emil-egger-gruppe\\\/#article\",\"isPartOf\":{\"@id\":\"https:\\\/\\\/www.organisator.ch\\\/allgemein\\\/2024-02-27\\\/finalist-prix-svc-ostschweiz-2024-emil-egger-gruppe\\\/\"},\"author\":{\"name\":\"thomas.berner\",\"@id\":\"https:\\\/\\\/www.organisator.ch\\\/#\\\/schema\\\/person\\\/6f650f90b2842cd4c0cc334b4e36f67e\"},\"headline\":\"Finalist Prix SVC Ostschweiz 2024: Emil Egger Gruppe\",\"datePublished\":\"2024-02-27T12:25:20+00:00\",\"dateModified\":\"2024-03-04T13:54:17+00:00\",\"mainEntityOfPage\":{\"@id\":\"https:\\\/\\\/www.organisator.ch\\\/allgemein\\\/2024-02-27\\\/finalist-prix-svc-ostschweiz-2024-emil-egger-gruppe\\\/\"},\"wordCount\":653,\"publisher\":{\"@id\":\"https:\\\/\\\/www.organisator.ch\\\/#organization\"},\"image\":{\"@id\":\"https:\\\/\\\/www.organisator.ch\\\/allgemein\\\/2024-02-27\\\/finalist-prix-svc-ostschweiz-2024-emil-egger-gruppe\\\/#primaryimage\"},\"thumbnailUrl\":\"https:\\\/\\\/www.organisator.ch\\\/wp-content\\\/uploads\\\/2024\\\/02\\\/Finalist-Prix-SVC-Ostschweiz-2024-Emil-Egger-Gruppe_Organisator.jpg\",\"keywords\":[\"Awards\",\"Prix SVC Ostschweiz\",\"Unternehmen\"],\"articleSection\":[\"Allgemein\"],\"inLanguage\":\"fr-FR\"},{\"@type\":\"WebPage\",\"@id\":\"https:\\\/\\\/www.organisator.ch\\\/allgemein\\\/2024-02-27\\\/finalist-prix-svc-ostschweiz-2024-emil-egger-gruppe\\\/\",\"url\":\"https:\\\/\\\/www.organisator.ch\\\/allgemein\\\/2024-02-27\\\/finalist-prix-svc-ostschweiz-2024-emil-egger-gruppe\\\/\",\"name\":\"Finalist Prix SVC Ostschweiz 2024: Emil Egger Gruppe - Organisator\",\"isPartOf\":{\"@id\":\"https:\\\/\\\/www.organisator.ch\\\/#website\"},\"primaryImageOfPage\":{\"@id\":\"https:\\\/\\\/www.organisator.ch\\\/allgemein\\\/2024-02-27\\\/finalist-prix-svc-ostschweiz-2024-emil-egger-gruppe\\\/#primaryimage\"},\"image\":{\"@id\":\"https:\\\/\\\/www.organisator.ch\\\/allgemein\\\/2024-02-27\\\/finalist-prix-svc-ostschweiz-2024-emil-egger-gruppe\\\/#primaryimage\"},\"thumbnailUrl\":\"https:\\\/\\\/www.organisator.ch\\\/wp-content\\\/uploads\\\/2024\\\/02\\\/Finalist-Prix-SVC-Ostschweiz-2024-Emil-Egger-Gruppe_Organisator.jpg\",\"datePublished\":\"2024-02-27T12:25:20+00:00\",\"dateModified\":\"2024-03-04T13:54:17+00:00\",\"description\":\"Am 7. M\u00e4rz 2024 wird der Prix SVC Ostschweiz 2024 verliehen. Im Final steht auch die Emil Egger Gruppe mit Hauptsitz in St.Gallen.\",\"breadcrumb\":{\"@id\":\"https:\\\/\\\/www.organisator.ch\\\/allgemein\\\/2024-02-27\\\/finalist-prix-svc-ostschweiz-2024-emil-egger-gruppe\\\/#breadcrumb\"},\"inLanguage\":\"fr-FR\",\"potentialAction\":[{\"@type\":\"ReadAction\",\"target\":[\"https:\\\/\\\/www.organisator.ch\\\/allgemein\\\/2024-02-27\\\/finalist-prix-svc-ostschweiz-2024-emil-egger-gruppe\\\/\"]}]},{\"@type\":\"ImageObject\",\"inLanguage\":\"fr-FR\",\"@id\":\"https:\\\/\\\/www.organisator.ch\\\/allgemein\\\/2024-02-27\\\/finalist-prix-svc-ostschweiz-2024-emil-egger-gruppe\\\/#primaryimage\",\"url\":\"https:\\\/\\\/www.organisator.ch\\\/wp-content\\\/uploads\\\/2024\\\/02\\\/Finalist-Prix-SVC-Ostschweiz-2024-Emil-Egger-Gruppe_Organisator.jpg\",\"contentUrl\":\"https:\\\/\\\/www.organisator.ch\\\/wp-content\\\/uploads\\\/2024\\\/02\\\/Finalist-Prix-SVC-Ostschweiz-2024-Emil-Egger-Gruppe_Organisator.jpg\",\"width\":680,\"height\":455,\"caption\":\"Ein Schiff per LKW transportieren? Kein Ding der Unm\u00f6glichkeit f\u00fcr die Emil Egger Gruppe. (Bild: Emil Egger AG \\\/ www.ete.ch)\"},{\"@type\":\"BreadcrumbList\",\"@id\":\"https:\\\/\\\/www.organisator.ch\\\/allgemein\\\/2024-02-27\\\/finalist-prix-svc-ostschweiz-2024-emil-egger-gruppe\\\/#breadcrumb\",\"itemListElement\":[{\"@type\":\"ListItem\",\"position\":1,\"name\":\"Home\",\"item\":\"https:\\\/\\\/www.organisator.ch\\\/\"},{\"@type\":\"ListItem\",\"position\":2,\"name\":\"Finalist Prix SVC Ostschweiz 2024: Emil Egger Gruppe\"}]},{\"@type\":\"WebSite\",\"@id\":\"https:\\\/\\\/www.organisator.ch\\\/#website\",\"url\":\"https:\\\/\\\/www.organisator.ch\\\/\",\"name\":\"Organisator\",\"description\":\"Kompetent. Praxisnah. Der ORGANISATOR bereitet in 10 Ausgaben pro Jahr die wesentlichen Themen f\u00fcr F\u00fchrungskr\u00e4fte von KMU auf.\",\"publisher\":{\"@id\":\"https:\\\/\\\/www.organisator.ch\\\/#organization\"},\"potentialAction\":[{\"@type\":\"SearchAction\",\"target\":{\"@type\":\"EntryPoint\",\"urlTemplate\":\"https:\\\/\\\/www.organisator.ch\\\/?s={search_term_string}\"},\"query-input\":{\"@type\":\"PropertyValueSpecification\",\"valueRequired\":true,\"valueName\":\"search_term_string\"}}],\"inLanguage\":\"fr-FR\"},{\"@type\":\"Organization\",\"@id\":\"https:\\\/\\\/www.organisator.ch\\\/#organization\",\"name\":\"Organisator\",\"url\":\"https:\\\/\\\/www.organisator.ch\\\/\",\"logo\":{\"@type\":\"ImageObject\",\"inLanguage\":\"fr-FR\",\"@id\":\"https:\\\/\\\/www.organisator.ch\\\/#\\\/schema\\\/logo\\\/image\\\/\",\"url\":\"https:\\\/\\\/www.organisator.ch\\\/wp-content\\\/uploads\\\/2022\\\/01\\\/Logo_Organisator_Website.png\",\"contentUrl\":\"https:\\\/\\\/www.organisator.ch\\\/wp-content\\\/uploads\\\/2022\\\/01\\\/Logo_Organisator_Website.png\",\"width\":800,\"height\":77,\"caption\":\"Organisator\"},\"image\":{\"@id\":\"https:\\\/\\\/www.organisator.ch\\\/#\\\/schema\\\/logo\\\/image\\\/\"},\"sameAs\":[\"https:\\\/\\\/www.facebook.com\\\/OrganisatorFachmagazin\",\"https:\\\/\\\/www.linkedin.com\\\/showcase\\\/organisator-das-magazin-fr-kmu\",\"https:\\\/\\\/www.xing.com\\\/news\\\/pages\\\/organisator-ch-695\",\"https:\\\/\\\/www.youtube.com\\\/channel\\\/UCGP2Sq0iWaZwT3BdIAQFYpw\"]},{\"@type\":\"Person\",\"@id\":\"https:\\\/\\\/www.organisator.ch\\\/#\\\/schema\\\/person\\\/6f650f90b2842cd4c0cc334b4e36f67e\",\"name\":\"thomas.berner\",\"image\":{\"@type\":\"ImageObject\",\"inLanguage\":\"fr-FR\",\"@id\":\"https:\\\/\\\/secure.gravatar.com\\\/avatar\\\/ac5001d2a36cb6c6cd3e50789007ffca834b477b74a2144564522e944eabff61?s=96&d=mm&r=g\",\"url\":\"https:\\\/\\\/secure.gravatar.com\\\/avatar\\\/ac5001d2a36cb6c6cd3e50789007ffca834b477b74a2144564522e944eabff61?s=96&d=mm&r=g\",\"contentUrl\":\"https:\\\/\\\/secure.gravatar.com\\\/avatar\\\/ac5001d2a36cb6c6cd3e50789007ffca834b477b74a2144564522e944eabff61?s=96&d=mm&r=g\",\"caption\":\"thomas.berner\"},\"url\":\"https:\\\/\\\/www.organisator.ch\\\/fr\\\/author\\\/thomas-berner\\\/\"}]}<\/script>\n<!-- \/ Yoast SEO plugin. -->","yoast_head_json":{"title":"Finaliste du Prix SVC Ostschweiz 2024 : Groupe Emil Egger - Organisateur","description":"Le 7 mars 2024, le Prix SVC Ostschweiz 2024 sera d\u00e9cern\u00e9. Le groupe Emil Egger, dont le si\u00e8ge principal est \u00e0 Saint-Gall, est \u00e9galement en lice pour la finale.","robots":{"index":"index","follow":"follow","max-snippet":"max-snippet:-1","max-image-preview":"max-image-preview:large","max-video-preview":"max-video-preview:-1"},"canonical":"https:\/\/www.organisator.ch\/fr\/general\/2024-02-27\/finalist-prix-svc-ostschweiz-2024-emil-egger-gruppe\/","og_locale":"fr_FR","og_type":"article","og_title":"Finalist Prix SVC Ostschweiz 2024: Emil Egger Gruppe","og_description":"Am 7. M\u00e4rz 2024 wird der Prix SVC Ostschweiz 2024 verliehen. Im Final steht auch die Emil Egger Gruppe mit Hauptsitz in St.Gallen.","og_url":"https:\/\/www.organisator.ch\/fr\/general\/2024-02-27\/finalist-prix-svc-ostschweiz-2024-emil-egger-gruppe\/","og_site_name":"Organisator","article_publisher":"https:\/\/www.facebook.com\/OrganisatorFachmagazin","article_published_time":"2024-02-27T12:25:20+00:00","article_modified_time":"2024-03-04T13:54:17+00:00","og_image":[{"width":680,"height":455,"url":"https:\/\/www.organisator.ch\/wp-content\/uploads\/2024\/02\/Finalist-Prix-SVC-Ostschweiz-2024-Emil-Egger-Gruppe_Organisator.jpg","type":"image\/jpeg"}],"author":"thomas.berner","twitter_card":"summary_large_image","twitter_title":"Finalist Prix SVC Ostschweiz 2024: Emil Egger Gruppe","twitter_description":"Am 7. M\u00e4rz 2024 wird der Prix SVC Ostschweiz 2024 verliehen. Im Final steht auch die Emil Egger Gruppe mit Hauptsitz in St.Gallen.","twitter_image":"https:\/\/www.organisator.ch\/wp-content\/uploads\/2024\/02\/Finalist-Prix-SVC-Ostschweiz-2024-Emil-Egger-Gruppe_Organisator.jpg","schema":{"@context":"https:\/\/schema.org","@graph":[{"@type":"Article","@id":"https:\/\/www.organisator.ch\/allgemein\/2024-02-27\/finalist-prix-svc-ostschweiz-2024-emil-egger-gruppe\/#article","isPartOf":{"@id":"https:\/\/www.organisator.ch\/allgemein\/2024-02-27\/finalist-prix-svc-ostschweiz-2024-emil-egger-gruppe\/"},"author":{"name":"thomas.berner","@id":"https:\/\/www.organisator.ch\/#\/schema\/person\/6f650f90b2842cd4c0cc334b4e36f67e"},"headline":"Finalist Prix SVC Ostschweiz 2024: Emil Egger Gruppe","datePublished":"2024-02-27T12:25:20+00:00","dateModified":"2024-03-04T13:54:17+00:00","mainEntityOfPage":{"@id":"https:\/\/www.organisator.ch\/allgemein\/2024-02-27\/finalist-prix-svc-ostschweiz-2024-emil-egger-gruppe\/"},"wordCount":653,"publisher":{"@id":"https:\/\/www.organisator.ch\/#organization"},"image":{"@id":"https:\/\/www.organisator.ch\/allgemein\/2024-02-27\/finalist-prix-svc-ostschweiz-2024-emil-egger-gruppe\/#primaryimage"},"thumbnailUrl":"https:\/\/www.organisator.ch\/wp-content\/uploads\/2024\/02\/Finalist-Prix-SVC-Ostschweiz-2024-Emil-Egger-Gruppe_Organisator.jpg","keywords":["Awards","Prix SVC Ostschweiz","Unternehmen"],"articleSection":["Allgemein"],"inLanguage":"fr-FR"},{"@type":"WebPage","@id":"https:\/\/www.organisator.ch\/allgemein\/2024-02-27\/finalist-prix-svc-ostschweiz-2024-emil-egger-gruppe\/","url":"https:\/\/www.organisator.ch\/allgemein\/2024-02-27\/finalist-prix-svc-ostschweiz-2024-emil-egger-gruppe\/","name":"Finaliste du Prix SVC Ostschweiz 2024 : Groupe Emil Egger - Organisateur","isPartOf":{"@id":"https:\/\/www.organisator.ch\/#website"},"primaryImageOfPage":{"@id":"https:\/\/www.organisator.ch\/allgemein\/2024-02-27\/finalist-prix-svc-ostschweiz-2024-emil-egger-gruppe\/#primaryimage"},"image":{"@id":"https:\/\/www.organisator.ch\/allgemein\/2024-02-27\/finalist-prix-svc-ostschweiz-2024-emil-egger-gruppe\/#primaryimage"},"thumbnailUrl":"https:\/\/www.organisator.ch\/wp-content\/uploads\/2024\/02\/Finalist-Prix-SVC-Ostschweiz-2024-Emil-Egger-Gruppe_Organisator.jpg","datePublished":"2024-02-27T12:25:20+00:00","dateModified":"2024-03-04T13:54:17+00:00","description":"Le 7 mars 2024, le Prix SVC Ostschweiz 2024 sera d\u00e9cern\u00e9. Le groupe Emil Egger, dont le si\u00e8ge principal est \u00e0 Saint-Gall, est \u00e9galement en lice pour la finale.","breadcrumb":{"@id":"https:\/\/www.organisator.ch\/allgemein\/2024-02-27\/finalist-prix-svc-ostschweiz-2024-emil-egger-gruppe\/#breadcrumb"},"inLanguage":"fr-FR","potentialAction":[{"@type":"ReadAction","target":["https:\/\/www.organisator.ch\/allgemein\/2024-02-27\/finalist-prix-svc-ostschweiz-2024-emil-egger-gruppe\/"]}]},{"@type":"ImageObject","inLanguage":"fr-FR","@id":"https:\/\/www.organisator.ch\/allgemein\/2024-02-27\/finalist-prix-svc-ostschweiz-2024-emil-egger-gruppe\/#primaryimage","url":"https:\/\/www.organisator.ch\/wp-content\/uploads\/2024\/02\/Finalist-Prix-SVC-Ostschweiz-2024-Emil-Egger-Gruppe_Organisator.jpg","contentUrl":"https:\/\/www.organisator.ch\/wp-content\/uploads\/2024\/02\/Finalist-Prix-SVC-Ostschweiz-2024-Emil-Egger-Gruppe_Organisator.jpg","width":680,"height":455,"caption":"Ein Schiff per LKW transportieren? Kein Ding der Unm\u00f6glichkeit f\u00fcr die Emil Egger Gruppe. (Bild: Emil Egger AG \/ www.ete.ch)"},{"@type":"BreadcrumbList","@id":"https:\/\/www.organisator.ch\/allgemein\/2024-02-27\/finalist-prix-svc-ostschweiz-2024-emil-egger-gruppe\/#breadcrumb","itemListElement":[{"@type":"ListItem","position":1,"name":"Home","item":"https:\/\/www.organisator.ch\/"},{"@type":"ListItem","position":2,"name":"Finalist Prix SVC Ostschweiz 2024: Emil Egger Gruppe"}]},{"@type":"WebSite","@id":"https:\/\/www.organisator.ch\/#website","url":"https:\/\/www.organisator.ch\/","name":"Organisateur","description":"Comp\u00e9tence et comp\u00e9tence. Proches de la pratique. L'ORGANISATEUR pr\u00e9pare 10 num\u00e9ros par an sur les th\u00e8mes essentiels pour les dirigeants de PME.","publisher":{"@id":"https:\/\/www.organisator.ch\/#organization"},"potentialAction":[{"@type":"SearchAction","target":{"@type":"EntryPoint","urlTemplate":"https:\/\/www.organisator.ch\/?s={search_term_string}"},"query-input":{"@type":"PropertyValueSpecification","valueRequired":true,"valueName":"search_term_string"}}],"inLanguage":"fr-FR"},{"@type":"Organization","@id":"https:\/\/www.organisator.ch\/#organization","name":"Organisateur","url":"https:\/\/www.organisator.ch\/","logo":{"@type":"ImageObject","inLanguage":"fr-FR","@id":"https:\/\/www.organisator.ch\/#\/schema\/logo\/image\/","url":"https:\/\/www.organisator.ch\/wp-content\/uploads\/2022\/01\/Logo_Organisator_Website.png","contentUrl":"https:\/\/www.organisator.ch\/wp-content\/uploads\/2022\/01\/Logo_Organisator_Website.png","width":800,"height":77,"caption":"Organisator"},"image":{"@id":"https:\/\/www.organisator.ch\/#\/schema\/logo\/image\/"},"sameAs":["https:\/\/www.facebook.com\/OrganisatorFachmagazin","https:\/\/www.linkedin.com\/showcase\/organisator-das-magazin-fr-kmu","https:\/\/www.xing.com\/news\/pages\/organisator-ch-695","https:\/\/www.youtube.com\/channel\/UCGP2Sq0iWaZwT3BdIAQFYpw"]},{"@type":"Person","@id":"https:\/\/www.organisator.ch\/#\/schema\/person\/6f650f90b2842cd4c0cc334b4e36f67e","name":"thomas.berner","image":{"@type":"ImageObject","inLanguage":"fr-FR","@id":"https:\/\/secure.gravatar.com\/avatar\/ac5001d2a36cb6c6cd3e50789007ffca834b477b74a2144564522e944eabff61?s=96&d=mm&r=g","url":"https:\/\/secure.gravatar.com\/avatar\/ac5001d2a36cb6c6cd3e50789007ffca834b477b74a2144564522e944eabff61?s=96&d=mm&r=g","contentUrl":"https:\/\/secure.gravatar.com\/avatar\/ac5001d2a36cb6c6cd3e50789007ffca834b477b74a2144564522e944eabff61?s=96&d=mm&r=g","caption":"thomas.berner"},"url":"https:\/\/www.organisator.ch\/fr\/author\/thomas-berner\/"}]}},"_links":{"self":[{"href":"https:\/\/www.organisator.ch\/fr\/wp-json\/wp\/v2\/posts\/25405","targetHints":{"allow":["GET"]}}],"collection":[{"href":"https:\/\/www.organisator.ch\/fr\/wp-json\/wp\/v2\/posts"}],"about":[{"href":"https:\/\/www.organisator.ch\/fr\/wp-json\/wp\/v2\/types\/post"}],"author":[{"embeddable":true,"href":"https:\/\/www.organisator.ch\/fr\/wp-json\/wp\/v2\/users\/4"}],"replies":[{"embeddable":true,"href":"https:\/\/www.organisator.ch\/fr\/wp-json\/wp\/v2\/comments?post=25405"}],"version-history":[{"count":11,"href":"https:\/\/www.organisator.ch\/fr\/wp-json\/wp\/v2\/posts\/25405\/revisions"}],"predecessor-version":[{"id":25597,"href":"https:\/\/www.organisator.ch\/fr\/wp-json\/wp\/v2\/posts\/25405\/revisions\/25597"}],"wp:featuredmedia":[{"embeddable":true,"href":"https:\/\/www.organisator.ch\/fr\/wp-json\/wp\/v2\/media\/25406"}],"wp:attachment":[{"href":"https:\/\/www.organisator.ch\/fr\/wp-json\/wp\/v2\/media?parent=25405"}],"wp:term":[{"taxonomy":"category","embeddable":true,"href":"https:\/\/www.organisator.ch\/fr\/wp-json\/wp\/v2\/categories?post=25405"},{"taxonomy":"post_tag","embeddable":true,"href":"https:\/\/www.organisator.ch\/fr\/wp-json\/wp\/v2\/tags?post=25405"}],"curies":[{"name":"wp","href":"https:\/\/api.w.org\/{rel}","templated":true}]}}