{"id":25409,"date":"2024-02-28T13:26:06","date_gmt":"2024-02-28T12:26:06","guid":{"rendered":"https:\/\/www.organisator.ch\/?p=25409"},"modified":"2024-03-04T14:56:08","modified_gmt":"2024-03-04T13:56:08","slug":"finalist-prix-svc-ostschweiz-2024-huber-fenster-ag","status":"publish","type":"post","link":"https:\/\/www.organisator.ch\/fr\/allgemein\/2024-02-28\/finalist-prix-svc-ostschweiz-2024-huber-fenster-ag\/","title":{"rendered":"Finaliste du Prix SVC Ostschweiz 2024 : Huber Fenster AG"},"content":{"rendered":"<figure id=\"attachment_25410\" aria-describedby=\"caption-attachment-25410\" style=\"width: 680px\" class=\"wp-caption alignnone\"><img loading=\"lazy\" decoding=\"async\" class=\"size-full wp-image-25410\" src=\"https:\/\/www.organisator.ch\/wp-content\/uploads\/2024\/02\/Finalist-Prix-SVC-Ostschweiz-2024-Huber-Fenster-AG_Organisator.jpg\" alt=\"\" width=\"680\" height=\"574\" srcset=\"https:\/\/www.organisator.ch\/wp-content\/uploads\/2024\/02\/Finalist-Prix-SVC-Ostschweiz-2024-Huber-Fenster-AG_Organisator.jpg 680w, https:\/\/www.organisator.ch\/wp-content\/uploads\/2024\/02\/Finalist-Prix-SVC-Ostschweiz-2024-Huber-Fenster-AG_Organisator-14x12.jpg 14w, https:\/\/www.organisator.ch\/wp-content\/uploads\/2024\/02\/Finalist-Prix-SVC-Ostschweiz-2024-Huber-Fenster-AG_Organisator-355x300.jpg 355w, https:\/\/www.organisator.ch\/wp-content\/uploads\/2024\/02\/Finalist-Prix-SVC-Ostschweiz-2024-Huber-Fenster-AG_Organisator-415x350.jpg 415w\" sizes=\"auto, (max-width: 680px) 100vw, 680px\" \/><figcaption id=\"caption-attachment-25410\" class=\"wp-caption-text\">La direction de Huber Fenster AG : Sebastian (CFO), Matthias (COO) et Pascal Huber (CEO). (Image : Huber Fenster AG \/ www.huberfenster.ch)<\/figcaption><\/figure>\n<p>Plus qu'une \"fen\u00eatre sur la cour\" : c'est ainsi que l'on pourrait d\u00e9crire la philosophie de l'entreprise Huber Fenster AG d'Herisau. Cette entreprise familiale de la cinqui\u00e8me g\u00e9n\u00e9ration propose des solutions qui sortent des sentiers battus. Les fen\u00eatres doivent d'une part \u00eatre une partie de l'enveloppe du b\u00e2timent de haute qualit\u00e9, mais d'autre part aussi un \u00e9l\u00e9ment de fa\u00e7ade individuel.<\/p>\n<h3><strong>Des fen\u00eatres pour une \"esth\u00e9tique \u00e0 longue vue\".<\/strong><\/h3>\n<p>Un tour d'horizon des projets actuels de l'entreprise le montre : La client\u00e8le de Huber Fenster AG est tr\u00e8s vari\u00e9e. Des b\u00e2timents publics comme la gare centrale de Zurich (aile sud, actuellement en cours de r\u00e9novation g\u00e9n\u00e9rale) ou le nouveau b\u00e2timent de l'Amtshaus Walche \u00e0 une maison foresti\u00e8re en Engadine ou une maison pour plusieurs g\u00e9n\u00e9rations au bord du lac de Zurich - partout, les fen\u00eatres servent \u00e0 faire entrer plus que de la lumi\u00e8re. Elles font partie d'une conception architecturale exigeante. Concilier les souhaits esth\u00e9tiques de la client\u00e8le avec les exigences techniques, telle est l'ambition. Ou justement : Huber fournit \"une esth\u00e9tique avec une vision \u00e0 long terme\" et pas seulement une fen\u00eatre sur la cour. Et contre les h\u00f4tes ind\u00e9sirables, on propose une fen\u00eatre de s\u00e9curit\u00e9 certifi\u00e9e \"RC 3\", qui r\u00e9pond \u00e9galement \u00e0 des exigences \u00e9lev\u00e9es en mati\u00e8re de design.<\/p>\n<h3><strong>De la verrerie \u00e0 l'entreprise de production moderne<\/strong><\/h3>\n<p>Pourtant, tout a commenc\u00e9 modestement en 1883 avec la reprise d'une vitrerie \u00e0 Herisau. L'entreprise s'est ensuite d\u00e9velopp\u00e9e au fil des g\u00e9n\u00e9rations pour devenir un fabricant de fen\u00eatres avec sa propre production. L'entreprise est pass\u00e9e d'un atelier au centre du village \u00e0 une usine qui se trouve aujourd'hui bien en vue sur la St.Gallerstrasse, l'axe principal d'entr\u00e9e dans le chef-lieu du canton d'Appenzell Rhodes-Ext\u00e9rieures. Ce n'est qu'en 2021 qu'un nouveau hall de production a \u00e9t\u00e9 mis en service. Enfin, en 2022, l'image de l'entreprise a \u00e9t\u00e9 soumise \u00e0 un redesign.<\/p>\n<p>L'entreprise dirig\u00e9e par Sebastian (CFO), Matthias (COO) et Pascal Huber (CEO) compte aujourd'hui environ 75 collaborateurs. L'homme est au centre des pr\u00e9occupations, dit-on \u00e9galement chez Huber Fenster AG. La formation de la rel\u00e8ve professionnelle rev\u00eat une grande importance. Avec environ sept apprentis en permanence, l'entreprise fait partie des principales entreprises formatrices de la branche, comme elle l'affirme.<\/p>\n<p>Et les clients ? Chez Huber Fenster, ils ont l'embarras du choix. Le site Internet permet de configurer soi-m\u00eame la solution de fen\u00eatre souhait\u00e9e et de la repr\u00e9senter \u00e0 l'\u00e9cran. Qu'il s'agisse d'une fen\u00eatre classique ou d'une porte coulissante \u00e0 levage, d'une fen\u00eatre r\u00e9versible ou d'un coulissant vertical : les plans sont cr\u00e9\u00e9s automatiquement apr\u00e8s la saisie des param\u00e8tres et peuvent \u00eatre t\u00e9l\u00e9charg\u00e9s. Et avec la \"huboth\u00e8que\", un catalogue de produits complet est disponible.<\/p>\n<h3><strong>Ch\u00eanes d'Ukraine<\/strong><\/h3>\n<p>En choisissant les bonnes fen\u00eatres, il est possible de faire beaucoup pour l'efficacit\u00e9 \u00e9nerg\u00e9tique des b\u00e2timents. Il va de soi que la durabilit\u00e9 est aussi un th\u00e8me que Huber Fenster AG aborde activement. Par exemple lors de l'achat du produit naturel qu'est le bois : en collaboration avec l'entreprise partenaire Divario AG, celui-ci est maintenu dans un circuit ferm\u00e9. De la premi\u00e8re plantation dans la for\u00eat de Vinnyzja (Ukraine) jusqu'\u00e0 la fen\u00eatre finie, en passant par le bois brut r\u00e9colt\u00e9, l'entreprise promet une gestion durable et \u00e9cologique. La fabrication des produits en ch\u00eane est aliment\u00e9e par 100% d'\u00e9lectricit\u00e9 solaire et les r\u00e9sidus de bois \u00e0 Herisau et \u00e0 Winnyzja sont utilis\u00e9s comme source d'\u00e9nergie thermique pour les ateliers de production, les chambres de s\u00e9chage et les b\u00e2timents environnants. Le bois reste ainsi dans le circuit. Malgr\u00e9 la guerre en Ukraine, les relations de livraison se poursuivent, \"simplement dans des conditions plus difficiles\", comme l'explique le chef de projet Martin Huber sur demande. En raison des blocages \u00e0 la fronti\u00e8re polonaise, il faut toutefois faire des d\u00e9tours par la Hongrie pour le transport. En revanche, les formalit\u00e9s douani\u00e8res fonctionnent \u00e0 merveille. \"En mati\u00e8re de num\u00e9risation, l'Ukraine a une longueur d'avance sur nous\", s'enthousiasme Martin Huber. C'est \u00e9galement lui qui a <a href=\"https:\/\/www.verein-ukraine-hilfe.ch\/\">Association Aide Ukraine<\/a> a cr\u00e9\u00e9. Celui-ci construit des maisons pr\u00e9fabriqu\u00e9es en bois pour les sans-abri de la guerre.<\/p>\n<p><em>Plus d'informations : <a href=\"http:\/\/www.huberfenster.ch\">www.huberfenster.ch<\/a> \/ <a href=\"http:\/\/www.svc.swiss\">www.svc.swiss<\/a><\/em><\/p>\n<p>&nbsp;<\/p>\n<blockquote>\n<h3>Prix SVC Ostschweiz 2024 - les autres finalistes (par ordre alphab\u00e9tique) :<\/h3>\n<ul>\n<li><a href=\"https:\/\/www.organisator.ch\/de\/allgemein\/2024-02-27\/finalist-prix-svc-ostschweiz-2024-emil-egger-gruppe\/\">Groupe Emil Egger<\/a><\/li>\n<li><a href=\"https:\/\/www.organisator.ch\/de\/allgemein\/2024-02-29\/finalist-prix-svc-ostschweiz-2024-maerchenhotel-ag\/\">M\u00e4rchenhotel AG<\/a><\/li>\n<li><a href=\"https:\/\/www.organisator.ch\/allgemein\/2024-03-01\/finalist-prix-svc-ostschweiz-2024-nussbaum-matzingen-ag\/\">Nussbaum Matzingen AG<\/a><\/li>\n<li><a href=\"https:\/\/www.organisator.ch\/de\/allgemein\/2024-03-04\/finalist-prix-svc-ostschweiz-2024-zindel-united\/\">Zindel United<\/a><\/li>\n<\/ul>\n<\/blockquote>","protected":false},"excerpt":{"rendered":"<p>Le 7 mars 2024, le Prix SVC Ostschweiz 2024 sera d\u00e9cern\u00e9. Cinq entreprises sont en lice pour la finale, dont Huber Fenster AG de Herisau. Un bref portrait de l'entreprise familiale.<\/p>","protected":false},"author":4,"featured_media":25410,"comment_status":"closed","ping_status":"closed","sticky":false,"template":"","format":"standard","meta":{"_acf_changed":false,"_yoast_wpseo_focuskw":"Huber Fenster","_yoast_wpseo_metadesc":"Am 7. M\u00e4rz 2024 wird der Prix SVC Ostschweiz 2024 verliehen. Im Final steht auch die Huber Fenster AG aus Herisau.","articlekey":"","footnotes":""},"categories":[1],"tags":[66,4117,492],"class_list":["post-25409","post","type-post","status-publish","format-standard","has-post-thumbnail","hentry","category-allgemein","tag-awards","tag-prix-svc-ostschweiz","tag-unternehmen"],"acf":[],"yoast_head":"<!-- This site is optimized with the Yoast SEO plugin v27.5 - https:\/\/yoast.com\/product\/yoast-seo-wordpress\/ -->\n<title>Finalist Prix SVC Ostschweiz 2024: Huber Fenster AG - Organisator<\/title>\n<meta name=\"description\" content=\"Am 7. M\u00e4rz 2024 wird der Prix SVC Ostschweiz 2024 verliehen. Im Final steht auch die Huber Fenster AG aus Herisau.\" \/>\n<meta name=\"robots\" content=\"index, follow, max-snippet:-1, max-image-preview:large, max-video-preview:-1\" \/>\n<link rel=\"canonical\" href=\"https:\/\/www.organisator.ch\/fr\/general\/2024-02-28\/finalist-prix-svc-ostschweiz-2024-huber-fenster-ag\/\" \/>\n<meta property=\"og:locale\" content=\"fr_FR\" \/>\n<meta property=\"og:type\" content=\"article\" \/>\n<meta property=\"og:title\" content=\"Finalist Prix SVC Ostschweiz 2024: Huber Fenster AG\" \/>\n<meta property=\"og:description\" content=\"Am 7. M\u00e4rz 2024 wird der Prix SVC Ostschweiz 2024 verliehen. Im Final steht auch die Huber Fenster AG aus Herisau.\" \/>\n<meta property=\"og:url\" content=\"https:\/\/www.organisator.ch\/fr\/general\/2024-02-28\/finalist-prix-svc-ostschweiz-2024-huber-fenster-ag\/\" \/>\n<meta property=\"og:site_name\" content=\"Organisator\" \/>\n<meta property=\"article:publisher\" content=\"https:\/\/www.facebook.com\/OrganisatorFachmagazin\" \/>\n<meta property=\"article:published_time\" content=\"2024-02-28T12:26:06+00:00\" \/>\n<meta property=\"article:modified_time\" content=\"2024-03-04T13:56:08+00:00\" \/>\n<meta property=\"og:image\" content=\"https:\/\/www.organisator.ch\/wp-content\/uploads\/2024\/02\/Finalist-Prix-SVC-Ostschweiz-2024-Huber-Fenster-AG_Organisator.jpg\" \/>\n\t<meta property=\"og:image:width\" content=\"680\" \/>\n\t<meta property=\"og:image:height\" content=\"574\" \/>\n\t<meta property=\"og:image:type\" content=\"image\/jpeg\" \/>\n<meta name=\"author\" content=\"thomas.berner\" \/>\n<meta name=\"twitter:card\" content=\"summary_large_image\" \/>\n<meta name=\"twitter:title\" content=\"Finalist Prix SVC Ostschweiz 2024: Huber Fenster AG\" \/>\n<meta name=\"twitter:description\" content=\"Am 7. M\u00e4rz 2024 wird der Prix #SVC #Ostschweiz 2024 verliehen. Im Final steht auch die #Huber Fenster AG aus Herisau.\" \/>\n<meta name=\"twitter:image\" content=\"https:\/\/www.organisator.ch\/wp-content\/uploads\/2024\/02\/Finalist-Prix-SVC-Ostschweiz-2024-Huber-Fenster-AG_Organisator.jpg\" \/>\n<script type=\"application\/ld+json\" class=\"yoast-schema-graph\">{\"@context\":\"https:\\\/\\\/schema.org\",\"@graph\":[{\"@type\":\"Article\",\"@id\":\"https:\\\/\\\/www.organisator.ch\\\/allgemein\\\/2024-02-28\\\/finalist-prix-svc-ostschweiz-2024-huber-fenster-ag\\\/#article\",\"isPartOf\":{\"@id\":\"https:\\\/\\\/www.organisator.ch\\\/allgemein\\\/2024-02-28\\\/finalist-prix-svc-ostschweiz-2024-huber-fenster-ag\\\/\"},\"author\":{\"name\":\"thomas.berner\",\"@id\":\"https:\\\/\\\/www.organisator.ch\\\/#\\\/schema\\\/person\\\/6f650f90b2842cd4c0cc334b4e36f67e\"},\"headline\":\"Finalist Prix SVC Ostschweiz 2024: Huber Fenster AG\",\"datePublished\":\"2024-02-28T12:26:06+00:00\",\"dateModified\":\"2024-03-04T13:56:08+00:00\",\"mainEntityOfPage\":{\"@id\":\"https:\\\/\\\/www.organisator.ch\\\/allgemein\\\/2024-02-28\\\/finalist-prix-svc-ostschweiz-2024-huber-fenster-ag\\\/\"},\"wordCount\":655,\"publisher\":{\"@id\":\"https:\\\/\\\/www.organisator.ch\\\/#organization\"},\"image\":{\"@id\":\"https:\\\/\\\/www.organisator.ch\\\/allgemein\\\/2024-02-28\\\/finalist-prix-svc-ostschweiz-2024-huber-fenster-ag\\\/#primaryimage\"},\"thumbnailUrl\":\"https:\\\/\\\/www.organisator.ch\\\/wp-content\\\/uploads\\\/2024\\\/02\\\/Finalist-Prix-SVC-Ostschweiz-2024-Huber-Fenster-AG_Organisator.jpg\",\"keywords\":[\"Awards\",\"Prix SVC Ostschweiz\",\"Unternehmen\"],\"articleSection\":[\"Allgemein\"],\"inLanguage\":\"fr-FR\"},{\"@type\":\"WebPage\",\"@id\":\"https:\\\/\\\/www.organisator.ch\\\/allgemein\\\/2024-02-28\\\/finalist-prix-svc-ostschweiz-2024-huber-fenster-ag\\\/\",\"url\":\"https:\\\/\\\/www.organisator.ch\\\/allgemein\\\/2024-02-28\\\/finalist-prix-svc-ostschweiz-2024-huber-fenster-ag\\\/\",\"name\":\"Finalist Prix SVC Ostschweiz 2024: Huber Fenster AG - Organisator\",\"isPartOf\":{\"@id\":\"https:\\\/\\\/www.organisator.ch\\\/#website\"},\"primaryImageOfPage\":{\"@id\":\"https:\\\/\\\/www.organisator.ch\\\/allgemein\\\/2024-02-28\\\/finalist-prix-svc-ostschweiz-2024-huber-fenster-ag\\\/#primaryimage\"},\"image\":{\"@id\":\"https:\\\/\\\/www.organisator.ch\\\/allgemein\\\/2024-02-28\\\/finalist-prix-svc-ostschweiz-2024-huber-fenster-ag\\\/#primaryimage\"},\"thumbnailUrl\":\"https:\\\/\\\/www.organisator.ch\\\/wp-content\\\/uploads\\\/2024\\\/02\\\/Finalist-Prix-SVC-Ostschweiz-2024-Huber-Fenster-AG_Organisator.jpg\",\"datePublished\":\"2024-02-28T12:26:06+00:00\",\"dateModified\":\"2024-03-04T13:56:08+00:00\",\"description\":\"Am 7. M\u00e4rz 2024 wird der Prix SVC Ostschweiz 2024 verliehen. Im Final steht auch die Huber Fenster AG aus Herisau.\",\"breadcrumb\":{\"@id\":\"https:\\\/\\\/www.organisator.ch\\\/allgemein\\\/2024-02-28\\\/finalist-prix-svc-ostschweiz-2024-huber-fenster-ag\\\/#breadcrumb\"},\"inLanguage\":\"fr-FR\",\"potentialAction\":[{\"@type\":\"ReadAction\",\"target\":[\"https:\\\/\\\/www.organisator.ch\\\/allgemein\\\/2024-02-28\\\/finalist-prix-svc-ostschweiz-2024-huber-fenster-ag\\\/\"]}]},{\"@type\":\"ImageObject\",\"inLanguage\":\"fr-FR\",\"@id\":\"https:\\\/\\\/www.organisator.ch\\\/allgemein\\\/2024-02-28\\\/finalist-prix-svc-ostschweiz-2024-huber-fenster-ag\\\/#primaryimage\",\"url\":\"https:\\\/\\\/www.organisator.ch\\\/wp-content\\\/uploads\\\/2024\\\/02\\\/Finalist-Prix-SVC-Ostschweiz-2024-Huber-Fenster-AG_Organisator.jpg\",\"contentUrl\":\"https:\\\/\\\/www.organisator.ch\\\/wp-content\\\/uploads\\\/2024\\\/02\\\/Finalist-Prix-SVC-Ostschweiz-2024-Huber-Fenster-AG_Organisator.jpg\",\"width\":680,\"height\":574,\"caption\":\"Die Gesch\u00e4ftsleitung von Huber Fenster AG: Sebastian (CFO), Matthias (COO) und Pascal Huber (CEO). (Bild: Huber Fenster AG \\\/ www.huberfenster.ch)\"},{\"@type\":\"BreadcrumbList\",\"@id\":\"https:\\\/\\\/www.organisator.ch\\\/allgemein\\\/2024-02-28\\\/finalist-prix-svc-ostschweiz-2024-huber-fenster-ag\\\/#breadcrumb\",\"itemListElement\":[{\"@type\":\"ListItem\",\"position\":1,\"name\":\"Home\",\"item\":\"https:\\\/\\\/www.organisator.ch\\\/\"},{\"@type\":\"ListItem\",\"position\":2,\"name\":\"Finalist Prix SVC Ostschweiz 2024: Huber Fenster AG\"}]},{\"@type\":\"WebSite\",\"@id\":\"https:\\\/\\\/www.organisator.ch\\\/#website\",\"url\":\"https:\\\/\\\/www.organisator.ch\\\/\",\"name\":\"Organisator\",\"description\":\"Kompetent. Praxisnah. Der ORGANISATOR bereitet in 10 Ausgaben pro Jahr die wesentlichen Themen f\u00fcr F\u00fchrungskr\u00e4fte von KMU auf.\",\"publisher\":{\"@id\":\"https:\\\/\\\/www.organisator.ch\\\/#organization\"},\"potentialAction\":[{\"@type\":\"SearchAction\",\"target\":{\"@type\":\"EntryPoint\",\"urlTemplate\":\"https:\\\/\\\/www.organisator.ch\\\/?s={search_term_string}\"},\"query-input\":{\"@type\":\"PropertyValueSpecification\",\"valueRequired\":true,\"valueName\":\"search_term_string\"}}],\"inLanguage\":\"fr-FR\"},{\"@type\":\"Organization\",\"@id\":\"https:\\\/\\\/www.organisator.ch\\\/#organization\",\"name\":\"Organisator\",\"url\":\"https:\\\/\\\/www.organisator.ch\\\/\",\"logo\":{\"@type\":\"ImageObject\",\"inLanguage\":\"fr-FR\",\"@id\":\"https:\\\/\\\/www.organisator.ch\\\/#\\\/schema\\\/logo\\\/image\\\/\",\"url\":\"https:\\\/\\\/www.organisator.ch\\\/wp-content\\\/uploads\\\/2022\\\/01\\\/Logo_Organisator_Website.png\",\"contentUrl\":\"https:\\\/\\\/www.organisator.ch\\\/wp-content\\\/uploads\\\/2022\\\/01\\\/Logo_Organisator_Website.png\",\"width\":800,\"height\":77,\"caption\":\"Organisator\"},\"image\":{\"@id\":\"https:\\\/\\\/www.organisator.ch\\\/#\\\/schema\\\/logo\\\/image\\\/\"},\"sameAs\":[\"https:\\\/\\\/www.facebook.com\\\/OrganisatorFachmagazin\",\"https:\\\/\\\/www.linkedin.com\\\/showcase\\\/organisator-das-magazin-fr-kmu\",\"https:\\\/\\\/www.xing.com\\\/news\\\/pages\\\/organisator-ch-695\",\"https:\\\/\\\/www.youtube.com\\\/channel\\\/UCGP2Sq0iWaZwT3BdIAQFYpw\"]},{\"@type\":\"Person\",\"@id\":\"https:\\\/\\\/www.organisator.ch\\\/#\\\/schema\\\/person\\\/6f650f90b2842cd4c0cc334b4e36f67e\",\"name\":\"thomas.berner\",\"image\":{\"@type\":\"ImageObject\",\"inLanguage\":\"fr-FR\",\"@id\":\"https:\\\/\\\/secure.gravatar.com\\\/avatar\\\/ac5001d2a36cb6c6cd3e50789007ffca834b477b74a2144564522e944eabff61?s=96&d=mm&r=g\",\"url\":\"https:\\\/\\\/secure.gravatar.com\\\/avatar\\\/ac5001d2a36cb6c6cd3e50789007ffca834b477b74a2144564522e944eabff61?s=96&d=mm&r=g\",\"contentUrl\":\"https:\\\/\\\/secure.gravatar.com\\\/avatar\\\/ac5001d2a36cb6c6cd3e50789007ffca834b477b74a2144564522e944eabff61?s=96&d=mm&r=g\",\"caption\":\"thomas.berner\"},\"url\":\"https:\\\/\\\/www.organisator.ch\\\/fr\\\/author\\\/thomas-berner\\\/\"}]}<\/script>\n<!-- \/ Yoast SEO plugin. -->","yoast_head_json":{"title":"Finaliste du Prix SVC Ostschweiz 2024 : Huber Fenster AG - Organisateur","description":"Le 7 mars 2024, le Prix SVC Ostschweiz 2024 sera d\u00e9cern\u00e9. L'entreprise Huber Fenster AG de Herisau est \u00e9galement en finale.","robots":{"index":"index","follow":"follow","max-snippet":"max-snippet:-1","max-image-preview":"max-image-preview:large","max-video-preview":"max-video-preview:-1"},"canonical":"https:\/\/www.organisator.ch\/fr\/general\/2024-02-28\/finalist-prix-svc-ostschweiz-2024-huber-fenster-ag\/","og_locale":"fr_FR","og_type":"article","og_title":"Finalist Prix SVC Ostschweiz 2024: Huber Fenster AG","og_description":"Am 7. M\u00e4rz 2024 wird der Prix SVC Ostschweiz 2024 verliehen. Im Final steht auch die Huber Fenster AG aus Herisau.","og_url":"https:\/\/www.organisator.ch\/fr\/general\/2024-02-28\/finalist-prix-svc-ostschweiz-2024-huber-fenster-ag\/","og_site_name":"Organisator","article_publisher":"https:\/\/www.facebook.com\/OrganisatorFachmagazin","article_published_time":"2024-02-28T12:26:06+00:00","article_modified_time":"2024-03-04T13:56:08+00:00","og_image":[{"width":680,"height":574,"url":"https:\/\/www.organisator.ch\/wp-content\/uploads\/2024\/02\/Finalist-Prix-SVC-Ostschweiz-2024-Huber-Fenster-AG_Organisator.jpg","type":"image\/jpeg"}],"author":"thomas.berner","twitter_card":"summary_large_image","twitter_title":"Finalist Prix SVC Ostschweiz 2024: Huber Fenster AG","twitter_description":"Am 7. M\u00e4rz 2024 wird der Prix #SVC #Ostschweiz 2024 verliehen. Im Final steht auch die #Huber Fenster AG aus Herisau.","twitter_image":"https:\/\/www.organisator.ch\/wp-content\/uploads\/2024\/02\/Finalist-Prix-SVC-Ostschweiz-2024-Huber-Fenster-AG_Organisator.jpg","schema":{"@context":"https:\/\/schema.org","@graph":[{"@type":"Article","@id":"https:\/\/www.organisator.ch\/allgemein\/2024-02-28\/finalist-prix-svc-ostschweiz-2024-huber-fenster-ag\/#article","isPartOf":{"@id":"https:\/\/www.organisator.ch\/allgemein\/2024-02-28\/finalist-prix-svc-ostschweiz-2024-huber-fenster-ag\/"},"author":{"name":"thomas.berner","@id":"https:\/\/www.organisator.ch\/#\/schema\/person\/6f650f90b2842cd4c0cc334b4e36f67e"},"headline":"Finalist Prix SVC Ostschweiz 2024: Huber Fenster AG","datePublished":"2024-02-28T12:26:06+00:00","dateModified":"2024-03-04T13:56:08+00:00","mainEntityOfPage":{"@id":"https:\/\/www.organisator.ch\/allgemein\/2024-02-28\/finalist-prix-svc-ostschweiz-2024-huber-fenster-ag\/"},"wordCount":655,"publisher":{"@id":"https:\/\/www.organisator.ch\/#organization"},"image":{"@id":"https:\/\/www.organisator.ch\/allgemein\/2024-02-28\/finalist-prix-svc-ostschweiz-2024-huber-fenster-ag\/#primaryimage"},"thumbnailUrl":"https:\/\/www.organisator.ch\/wp-content\/uploads\/2024\/02\/Finalist-Prix-SVC-Ostschweiz-2024-Huber-Fenster-AG_Organisator.jpg","keywords":["Awards","Prix SVC Ostschweiz","Unternehmen"],"articleSection":["Allgemein"],"inLanguage":"fr-FR"},{"@type":"WebPage","@id":"https:\/\/www.organisator.ch\/allgemein\/2024-02-28\/finalist-prix-svc-ostschweiz-2024-huber-fenster-ag\/","url":"https:\/\/www.organisator.ch\/allgemein\/2024-02-28\/finalist-prix-svc-ostschweiz-2024-huber-fenster-ag\/","name":"Finaliste du Prix SVC Ostschweiz 2024 : Huber Fenster AG - Organisateur","isPartOf":{"@id":"https:\/\/www.organisator.ch\/#website"},"primaryImageOfPage":{"@id":"https:\/\/www.organisator.ch\/allgemein\/2024-02-28\/finalist-prix-svc-ostschweiz-2024-huber-fenster-ag\/#primaryimage"},"image":{"@id":"https:\/\/www.organisator.ch\/allgemein\/2024-02-28\/finalist-prix-svc-ostschweiz-2024-huber-fenster-ag\/#primaryimage"},"thumbnailUrl":"https:\/\/www.organisator.ch\/wp-content\/uploads\/2024\/02\/Finalist-Prix-SVC-Ostschweiz-2024-Huber-Fenster-AG_Organisator.jpg","datePublished":"2024-02-28T12:26:06+00:00","dateModified":"2024-03-04T13:56:08+00:00","description":"Le 7 mars 2024, le Prix SVC Ostschweiz 2024 sera d\u00e9cern\u00e9. L'entreprise Huber Fenster AG de Herisau est \u00e9galement en finale.","breadcrumb":{"@id":"https:\/\/www.organisator.ch\/allgemein\/2024-02-28\/finalist-prix-svc-ostschweiz-2024-huber-fenster-ag\/#breadcrumb"},"inLanguage":"fr-FR","potentialAction":[{"@type":"ReadAction","target":["https:\/\/www.organisator.ch\/allgemein\/2024-02-28\/finalist-prix-svc-ostschweiz-2024-huber-fenster-ag\/"]}]},{"@type":"ImageObject","inLanguage":"fr-FR","@id":"https:\/\/www.organisator.ch\/allgemein\/2024-02-28\/finalist-prix-svc-ostschweiz-2024-huber-fenster-ag\/#primaryimage","url":"https:\/\/www.organisator.ch\/wp-content\/uploads\/2024\/02\/Finalist-Prix-SVC-Ostschweiz-2024-Huber-Fenster-AG_Organisator.jpg","contentUrl":"https:\/\/www.organisator.ch\/wp-content\/uploads\/2024\/02\/Finalist-Prix-SVC-Ostschweiz-2024-Huber-Fenster-AG_Organisator.jpg","width":680,"height":574,"caption":"Die Gesch\u00e4ftsleitung von Huber Fenster AG: Sebastian (CFO), Matthias (COO) und Pascal Huber (CEO). (Bild: Huber Fenster AG \/ www.huberfenster.ch)"},{"@type":"BreadcrumbList","@id":"https:\/\/www.organisator.ch\/allgemein\/2024-02-28\/finalist-prix-svc-ostschweiz-2024-huber-fenster-ag\/#breadcrumb","itemListElement":[{"@type":"ListItem","position":1,"name":"Home","item":"https:\/\/www.organisator.ch\/"},{"@type":"ListItem","position":2,"name":"Finalist Prix SVC Ostschweiz 2024: Huber Fenster AG"}]},{"@type":"WebSite","@id":"https:\/\/www.organisator.ch\/#website","url":"https:\/\/www.organisator.ch\/","name":"Organisateur","description":"Comp\u00e9tence et comp\u00e9tence. Proches de la pratique. L'ORGANISATEUR pr\u00e9pare 10 num\u00e9ros par an sur les th\u00e8mes essentiels pour les dirigeants de PME.","publisher":{"@id":"https:\/\/www.organisator.ch\/#organization"},"potentialAction":[{"@type":"SearchAction","target":{"@type":"EntryPoint","urlTemplate":"https:\/\/www.organisator.ch\/?s={search_term_string}"},"query-input":{"@type":"PropertyValueSpecification","valueRequired":true,"valueName":"search_term_string"}}],"inLanguage":"fr-FR"},{"@type":"Organization","@id":"https:\/\/www.organisator.ch\/#organization","name":"Organisateur","url":"https:\/\/www.organisator.ch\/","logo":{"@type":"ImageObject","inLanguage":"fr-FR","@id":"https:\/\/www.organisator.ch\/#\/schema\/logo\/image\/","url":"https:\/\/www.organisator.ch\/wp-content\/uploads\/2022\/01\/Logo_Organisator_Website.png","contentUrl":"https:\/\/www.organisator.ch\/wp-content\/uploads\/2022\/01\/Logo_Organisator_Website.png","width":800,"height":77,"caption":"Organisator"},"image":{"@id":"https:\/\/www.organisator.ch\/#\/schema\/logo\/image\/"},"sameAs":["https:\/\/www.facebook.com\/OrganisatorFachmagazin","https:\/\/www.linkedin.com\/showcase\/organisator-das-magazin-fr-kmu","https:\/\/www.xing.com\/news\/pages\/organisator-ch-695","https:\/\/www.youtube.com\/channel\/UCGP2Sq0iWaZwT3BdIAQFYpw"]},{"@type":"Person","@id":"https:\/\/www.organisator.ch\/#\/schema\/person\/6f650f90b2842cd4c0cc334b4e36f67e","name":"thomas.berner","image":{"@type":"ImageObject","inLanguage":"fr-FR","@id":"https:\/\/secure.gravatar.com\/avatar\/ac5001d2a36cb6c6cd3e50789007ffca834b477b74a2144564522e944eabff61?s=96&d=mm&r=g","url":"https:\/\/secure.gravatar.com\/avatar\/ac5001d2a36cb6c6cd3e50789007ffca834b477b74a2144564522e944eabff61?s=96&d=mm&r=g","contentUrl":"https:\/\/secure.gravatar.com\/avatar\/ac5001d2a36cb6c6cd3e50789007ffca834b477b74a2144564522e944eabff61?s=96&d=mm&r=g","caption":"thomas.berner"},"url":"https:\/\/www.organisator.ch\/fr\/author\/thomas-berner\/"}]}},"_links":{"self":[{"href":"https:\/\/www.organisator.ch\/fr\/wp-json\/wp\/v2\/posts\/25409","targetHints":{"allow":["GET"]}}],"collection":[{"href":"https:\/\/www.organisator.ch\/fr\/wp-json\/wp\/v2\/posts"}],"about":[{"href":"https:\/\/www.organisator.ch\/fr\/wp-json\/wp\/v2\/types\/post"}],"author":[{"embeddable":true,"href":"https:\/\/www.organisator.ch\/fr\/wp-json\/wp\/v2\/users\/4"}],"replies":[{"embeddable":true,"href":"https:\/\/www.organisator.ch\/fr\/wp-json\/wp\/v2\/comments?post=25409"}],"version-history":[{"count":14,"href":"https:\/\/www.organisator.ch\/fr\/wp-json\/wp\/v2\/posts\/25409\/revisions"}],"predecessor-version":[{"id":25600,"href":"https:\/\/www.organisator.ch\/fr\/wp-json\/wp\/v2\/posts\/25409\/revisions\/25600"}],"wp:featuredmedia":[{"embeddable":true,"href":"https:\/\/www.organisator.ch\/fr\/wp-json\/wp\/v2\/media\/25410"}],"wp:attachment":[{"href":"https:\/\/www.organisator.ch\/fr\/wp-json\/wp\/v2\/media?parent=25409"}],"wp:term":[{"taxonomy":"category","embeddable":true,"href":"https:\/\/www.organisator.ch\/fr\/wp-json\/wp\/v2\/categories?post=25409"},{"taxonomy":"post_tag","embeddable":true,"href":"https:\/\/www.organisator.ch\/fr\/wp-json\/wp\/v2\/tags?post=25409"}],"curies":[{"name":"wp","href":"https:\/\/api.w.org\/{rel}","templated":true}]}}