{"id":2541,"date":"2019-10-23T11:09:45","date_gmt":"2019-10-23T09:09:45","guid":{"rendered":"https:\/\/www.umweltperspektiven.ch\/?p=2541"},"modified":"2022-02-09T11:06:16","modified_gmt":"2022-02-09T10:06:16","slug":"power-to-gas-eine-million-autos-mit-erneuerbarem-gas-tanken","status":"publish","type":"post","link":"https:\/\/www.organisator.ch\/fr\/sustainability\/2019-10-23\/power-to-gas-eine-million-autos-mit-erneuerbarem-gas-tanken\/","title":{"rendered":"Power-to-Gas : faire le plein d'un million de voitures avec du gaz renouvelable"},"content":{"rendered":"<p>&nbsp;<\/p>\n<figure id=\"attachment_2542\" aria-describedby=\"caption-attachment-2542\" style=\"width: 604px\" class=\"wp-caption alignnone\"><img loading=\"lazy\" decoding=\"async\" class=\"wp-image-2542\" src=\"\/\/www.umweltperspektiven.ch\/wp-content\/uploads\/2019\/10\/Symposium_Artikel_4-1024x647.jpg\" alt=\"\" width=\"604\" height=\"382\" \/><figcaption id=\"caption-attachment-2542\" class=\"wp-caption-text\"><em>Table ronde (de gauche \u00e0 droite) avec Christoph Schreyer (responsable de la mobilit\u00e9 \u00e0 l'OFEN), l'animatrice Daniela Lager, Thierry Burkart (conseiller national PLR AG) et Andreas Burgener (directeur d'Auto-Suisse) lors du Forum GNC en juillet 209.<\/em>\u00a0(Image : zVg)<\/figcaption><\/figure>\n<p>Quelle dimension pourrait apporter une conversion dite Power-to-Gas ? Environ 110 000 voitures, soit 2,5 pour cent de toutes les voitures particuli\u00e8res en Suisse, roulent aujourd'hui avec des moteurs alternatifs - dont 18 000 v\u00e9hicules \u00e9lectriques et 11 000 v\u00e9hicules GNC (gaz naturel et biogaz). Dans ce contexte, l'\u00e9lectromobilit\u00e9 joue un r\u00f4le important sur la voie d'un avenir \u00e9cologique. D'ici 2030, l'Office f\u00e9d\u00e9ral de l'\u00e9nergie vise, selon sa \"Strat\u00e9gie de programme SuisseEnergie 2021 \u00e0 2030\", une augmentation de la part des v\u00e9hicules \u00e9lectriques (y compris hybrides plug-in) \u00e0 38% des voitures neuves.<\/p>\n<p>Inversement, cela signifie que dans onze ans, 62 pour cent des nouvelles voitures seront encore propuls\u00e9es par des moteurs \u00e0 combustion. Ils peuvent et doivent eux aussi apporter leur contribution \u00e0 la r\u00e9alisation des objectifs de l'accord de Paris sur le climat.<\/p>\n<p>Avec\u00a0<a href=\"\/\/www.cng-mobility.ch\/kategorie\/wissen\/power-to-gas\/\">Power-to-Gas (PtG)<\/a>\u00a0on dispose d'une technologie qui contribue de mani\u00e8re significative \u00e0 la r\u00e9duction des \u00e9missions de CO<sub>2<\/sub>-dans le transport individuel motoris\u00e9. En Suisse, il est possible d'alimenter \u00e0 l'avenir jusqu'\u00e0 un million de voitures particuli\u00e8res avec du m\u00e9thane de synth\u00e8se tr\u00e8s neutre en CO<sub>2<\/sub>-\u00e0 faible co\u00fbt. C'est la conclusion d'une nouvelle \u00e9tude du Laboratoire f\u00e9d\u00e9ral d'essai des mat\u00e9riaux et de recherche (Empa) et de l'Institut Paul Scherrer (PSI), r\u00e9alis\u00e9e sur mandat de l'Office f\u00e9d\u00e9ral de l'environnement (OFEV). Sous forme de GNC (gaz naturel comprim\u00e9), le m\u00e9thane est un carburant \u00e9prouv\u00e9, s\u00fbr et propre pour les moteurs \u00e0 combustion.<\/p>\n<p>L'\u00e9tude a examin\u00e9 le potentiel en Suisse d'utiliser les exc\u00e9dents d'\u00e9lectricit\u00e9 pendant les mois d'\u00e9t\u00e9 pour convertir l'\u00e9nergie \u00e9lectrique en vecteurs d'\u00e9nergie chimique tels que l'hydrog\u00e8ne, le m\u00e9thane ou les hydrocarbures liquides.<\/p>\n<p><strong>\"R\u00e9duction des \u00e9missions de CO<sub>2<\/sub>-de 70 \u00e0 90% par rapport \u00e0 l'essence\".<\/strong><br \/>\nChristian Bach,\u00a0<a class=\"external\" href=\"\/\/www.empa.ch\/\" target=\"_blank\" rel=\"nofollow noopener\">Chef du d\u00e9partement Syst\u00e8mes de propulsion des v\u00e9hicules \u00e0 l'Empa<\/a>\u00a0et co-auteur de l'\u00e9tude, a pr\u00e9sent\u00e9 les r\u00e9sultats devant environ 150 participants au \"Symposium pour la mobilit\u00e9 durable\" \u00e0 l'Umwelt Arena Schweiz \u00e0 Spreitenbach AG. \"<a href=\"\/\/www.cng-mobility.ch\/beitrag\/swiss-made-und-co2-arm\/\">Les \u00e9missions de CO<sub>2<\/sub>-de ce million de voitures seraient r\u00e9duites de 70 \u00e0 90% par rapport aux v\u00e9hicules \u00e0 essence\".<\/a>a constat\u00e9 Christian Bach. En effet, avec le proc\u00e9d\u00e9 Power-to-Gas, la quantit\u00e9 de CO<sub>2<\/sub>\u00a0que celui qui est lib\u00e9r\u00e9 lors de la combustion.<\/p>\n<p>Le bilan environnemental d'un v\u00e9hicule GNC aliment\u00e9 par un carburant renouvelable se situe au m\u00eame niveau que celui d'un v\u00e9hicule \u00e9lectrique recharg\u00e9 par de l'\u00e9lectricit\u00e9 renouvelable. Dans ces conditions, Christian Bach est arriv\u00e9 \u00e0 la conclusion que sur les courtes distances, le v\u00e9hicule \u00e9lectrique est la solution id\u00e9ale, tandis que sur les longues distances, les v\u00e9hicules fonctionnant avec des carburants synth\u00e9tiques comme le GNC et le biodiesel.<\/p>\n<p><strong>\"Le power-to-gas peut devenir une technologie cl\u00e9 pour la mobilit\u00e9\".<\/strong><br \/>\nLe professeur Dr Markus Friedl de la\u00a0<a class=\"external\" href=\"\/\/www.hsr.ch\/\" target=\"_blank\" rel=\"nofollow noopener\">Haute \u00e9cole technique de Rapperswil (HSR)<\/a>\u00a0a abord\u00e9 dans son expos\u00e9 les d\u00e9fis du syst\u00e8me \u00e9nerg\u00e9tique suisse dans un avenir sans \u00e9nergies fossiles et sans \u00e9nergie nucl\u00e9aire et a qualifi\u00e9 le power-to-gas de \"technologie cl\u00e9 de demain\". Friedl : \"Il est possible d'approvisionner la Suisse en \u00e9nergie renouvelable \u00e0 un co\u00fbt raisonnable\". Selon lui, le PtG produit \u00e0 partir d'\u00e9lectricit\u00e9 renouvelable ne r\u00e9duit pas seulement les \u00e9missions de CO<sub>2<\/sub>mais aussi la d\u00e9pendance vis-\u00e0-vis des importations d'\u00e9nergie en provenance de l'\u00e9tranger.<\/p>\n<p>Des conditions-cadres neutres sur le plan technologique et \u00e9quitables sont d\u00e9cisives. En juin, la conseill\u00e8re f\u00e9d\u00e9rale Simonetta Sommaruga avait visit\u00e9 l'installation Power-to-Gas de la HSR et confirm\u00e9 son int\u00e9r\u00eat pour cette technologie (<a href=\"\/\/www.umweltperspektiven.ch\/abo-bestellung\/\">voir rapport dans l'\u00e9dition d'ao\u00fbt de Perspectives environnementales, n\u00b0 5<\/a>).<\/p>\n<p><a class=\"external\" href=\"\/\/de.coca-cola.ch\/\" target=\"_blank\" rel=\"nofollow noopener\">Coca-Cola Suisse<\/a>\u00a0mise d\u00e9j\u00e0 sur le gaz naturel et le biogaz comme carburant.\u00a0<a href=\"\/\/www.cng-mobility.ch\/beitrag\/coca-cola-faehrt-mit-cng\/\">Le fabricant de boissons met en service d'ici novembre la plus grande flotte d'entreprise GNC de Suisse<\/a>. Au total, 180 voitures de tourisme des marques Audi, Skoda et VW V\u00e9hicules utilitaires seront mises \u00e0 la disposition des collaborateurs de tous les niveaux d'emploi. Coca-Cola mettra en service les 70 premi\u00e8res voitures fin ao\u00fbt et 110 autres en novembre de cette ann\u00e9e. \"Il ne suffit pas de vendre des boissons\", a d\u00e9clar\u00e9 Patrick Wittweiler, Country Sustainability Manager chez Coca-Cola Suisse et responsable du th\u00e8me de la durabilit\u00e9.<\/p>\n<p><strong>Diff\u00e9rentes technologies de propulsion et sources d'\u00e9nergie avec des \u00e9missions de CO<sub>2<\/sub>- et effet sur le climat<\/strong><br \/>\nMarkus Friedl, Walter Schmid et Patrick Wittweiler, des personnalit\u00e9s telles que le conseiller national PLR Thierry Burkart, Andreas Burgener (directeur d'Auto-Suisse) et Christoph Schreyer (responsable de la mobilit\u00e9 \u00e0 l'Office f\u00e9d\u00e9ral de l'\u00e9nergie) ont particip\u00e9 au symposium dans l'Umwelt Arena. Ils \u00e9taient tous d'accord : la question n'est pas de savoir si l'\u00e9lectricit\u00e9, le gaz ou l'hydrog\u00e8ne sont meilleurs pour l'environnement, mais de savoir comment l'utilisation combin\u00e9e de diff\u00e9rentes technologies et sources d'\u00e9nergie permet de r\u00e9duire les \u00e9missions de CO<sub>2<\/sub>- et climatiques en Suisse.\u00a0<em>(source : <a href=\"\/\/www.cng-mobility.ch\">www.cng-mobility.ch<\/a>)<\/em><\/p>\n<p>&nbsp;<\/p>\n<p>&nbsp;<\/p>","protected":false},"excerpt":{"rendered":"<p>&nbsp; Welche Dimension k\u00f6nnte eine so genannte Power-to-Gas Umstellung bringen? Rund 110\u2019000 oder 2,5 Prozent aller Personenwagen in der Schweiz fahren heute mit alternativen Antrieben \u2013 darunter 18\u2019000 Elektro- und 11\u2019000 CNG-Fahrzeuge (Erdgas und Biogas). Dabei kommt der Elektromobilit\u00e4t eine wichtige Rolle auf dem Weg in eine \u00f6kologische Zukunft zu. Bis 2030 strebt das Bundesamt [&hellip;]<\/p>\n","protected":false},"author":5,"featured_media":2542,"comment_status":"open","ping_status":"open","sticky":false,"template":"","format":"standard","meta":{"_acf_changed":false,"_yoast_wpseo_focuskw":"Power-to-Gas","_yoast_wpseo_metadesc":"Am \u00abSymposium f\u00fcr nachhaltige Mobilit\u00e4t\u00bb in der Umwelt Arena in Spreitenbach r\u00fcckte mit Power-to-Gas eine wichtige Technologie in den Fokus.","articlekey":"","footnotes":""},"categories":[580],"tags":[925,354,588,424],"class_list":["post-2541","post","type-post","status-publish","format-standard","has-post-thumbnail","hentry","category-sustainability","tag-cng","tag-mobilitaet","tag-power-to-gas","tag-schweiz"],"acf":[],"yoast_head":"<!-- This site is optimized with the Yoast SEO plugin v27.5 - https:\/\/yoast.com\/product\/yoast-seo-wordpress\/ -->\n<title>Power-to-Gas: Eine Million Autos mit erneuerbarem Gas tanken - Organisator<\/title>\n<meta name=\"description\" content=\"Am \u00abSymposium f\u00fcr nachhaltige Mobilit\u00e4t\u00bb in der Umwelt Arena in Spreitenbach r\u00fcckte mit Power-to-Gas eine wichtige Technologie in den Fokus.\" \/>\n<meta name=\"robots\" content=\"index, follow, max-snippet:-1, max-image-preview:large, max-video-preview:-1\" \/>\n<link rel=\"canonical\" href=\"https:\/\/www.organisator.ch\/fr\/sustainability\/2019-10-23\/power-to-gas-eine-million-autos-mit-erneuerbarem-gas-tanken\/\" \/>\n<meta property=\"og:locale\" content=\"fr_FR\" \/>\n<meta property=\"og:type\" content=\"article\" \/>\n<meta property=\"og:title\" content=\"Power-to-Gas: Eine Million Autos mit erneuerbarem Gas tanken - Organisator\" \/>\n<meta property=\"og:description\" content=\"Am \u00abSymposium f\u00fcr nachhaltige Mobilit\u00e4t\u00bb in der Umwelt Arena in Spreitenbach r\u00fcckte mit Power-to-Gas eine wichtige Technologie in den Fokus.\" \/>\n<meta property=\"og:url\" content=\"https:\/\/www.organisator.ch\/fr\/sustainability\/2019-10-23\/power-to-gas-eine-million-autos-mit-erneuerbarem-gas-tanken\/\" \/>\n<meta property=\"og:site_name\" content=\"Organisator\" \/>\n<meta property=\"article:publisher\" content=\"https:\/\/www.facebook.com\/OrganisatorFachmagazin\" \/>\n<meta property=\"article:published_time\" content=\"2019-10-23T09:09:45+00:00\" \/>\n<meta property=\"article:modified_time\" content=\"2022-02-09T10:06:16+00:00\" \/>\n<meta property=\"og:image\" content=\"https:\/\/www.organisator.ch\/wp-content\/uploads\/2019\/10\/Symposium_Artikel_4-1024x647-1.jpg\" \/>\n\t<meta property=\"og:image:width\" content=\"1024\" \/>\n\t<meta property=\"og:image:height\" content=\"647\" \/>\n\t<meta property=\"og:image:type\" content=\"image\/jpeg\" \/>\n<meta name=\"author\" content=\"michael.merz\" \/>\n<meta name=\"twitter:card\" content=\"summary_large_image\" \/>\n<script type=\"application\/ld+json\" class=\"yoast-schema-graph\">{\"@context\":\"https:\\\/\\\/schema.org\",\"@graph\":[{\"@type\":\"Article\",\"@id\":\"https:\\\/\\\/www.organisator.ch\\\/sustainability\\\/2019-10-23\\\/power-to-gas-eine-million-autos-mit-erneuerbarem-gas-tanken\\\/#article\",\"isPartOf\":{\"@id\":\"https:\\\/\\\/www.organisator.ch\\\/sustainability\\\/2019-10-23\\\/power-to-gas-eine-million-autos-mit-erneuerbarem-gas-tanken\\\/\"},\"author\":{\"name\":\"michael.merz\",\"@id\":\"https:\\\/\\\/www.organisator.ch\\\/#\\\/schema\\\/person\\\/134708ca9321c57b0362cceb7948ffbd\"},\"headline\":\"Power-to-Gas: Eine Million Autos mit erneuerbarem Gas tanken\",\"datePublished\":\"2019-10-23T09:09:45+00:00\",\"dateModified\":\"2022-02-09T10:06:16+00:00\",\"mainEntityOfPage\":{\"@id\":\"https:\\\/\\\/www.organisator.ch\\\/sustainability\\\/2019-10-23\\\/power-to-gas-eine-million-autos-mit-erneuerbarem-gas-tanken\\\/\"},\"wordCount\":722,\"commentCount\":0,\"publisher\":{\"@id\":\"https:\\\/\\\/www.organisator.ch\\\/#organization\"},\"image\":{\"@id\":\"https:\\\/\\\/www.organisator.ch\\\/sustainability\\\/2019-10-23\\\/power-to-gas-eine-million-autos-mit-erneuerbarem-gas-tanken\\\/#primaryimage\"},\"thumbnailUrl\":\"https:\\\/\\\/www.organisator.ch\\\/wp-content\\\/uploads\\\/2019\\\/10\\\/Symposium_Artikel_4-1024x647-1.jpg\",\"keywords\":[\"CNG\",\"Mobilit\u00e4t\",\"Power-to-Gas\",\"Schweiz\"],\"articleSection\":[\"SUSTAINABILITY\"],\"inLanguage\":\"fr-FR\"},{\"@type\":\"WebPage\",\"@id\":\"https:\\\/\\\/www.organisator.ch\\\/sustainability\\\/2019-10-23\\\/power-to-gas-eine-million-autos-mit-erneuerbarem-gas-tanken\\\/\",\"url\":\"https:\\\/\\\/www.organisator.ch\\\/sustainability\\\/2019-10-23\\\/power-to-gas-eine-million-autos-mit-erneuerbarem-gas-tanken\\\/\",\"name\":\"Power-to-Gas: Eine Million Autos mit erneuerbarem Gas tanken - Organisator\",\"isPartOf\":{\"@id\":\"https:\\\/\\\/www.organisator.ch\\\/#website\"},\"primaryImageOfPage\":{\"@id\":\"https:\\\/\\\/www.organisator.ch\\\/sustainability\\\/2019-10-23\\\/power-to-gas-eine-million-autos-mit-erneuerbarem-gas-tanken\\\/#primaryimage\"},\"image\":{\"@id\":\"https:\\\/\\\/www.organisator.ch\\\/sustainability\\\/2019-10-23\\\/power-to-gas-eine-million-autos-mit-erneuerbarem-gas-tanken\\\/#primaryimage\"},\"thumbnailUrl\":\"https:\\\/\\\/www.organisator.ch\\\/wp-content\\\/uploads\\\/2019\\\/10\\\/Symposium_Artikel_4-1024x647-1.jpg\",\"datePublished\":\"2019-10-23T09:09:45+00:00\",\"dateModified\":\"2022-02-09T10:06:16+00:00\",\"description\":\"Am \u00abSymposium f\u00fcr nachhaltige Mobilit\u00e4t\u00bb in der Umwelt Arena in Spreitenbach r\u00fcckte mit Power-to-Gas eine wichtige Technologie in den Fokus.\",\"breadcrumb\":{\"@id\":\"https:\\\/\\\/www.organisator.ch\\\/sustainability\\\/2019-10-23\\\/power-to-gas-eine-million-autos-mit-erneuerbarem-gas-tanken\\\/#breadcrumb\"},\"inLanguage\":\"fr-FR\",\"potentialAction\":[{\"@type\":\"ReadAction\",\"target\":[\"https:\\\/\\\/www.organisator.ch\\\/sustainability\\\/2019-10-23\\\/power-to-gas-eine-million-autos-mit-erneuerbarem-gas-tanken\\\/\"]}]},{\"@type\":\"ImageObject\",\"inLanguage\":\"fr-FR\",\"@id\":\"https:\\\/\\\/www.organisator.ch\\\/sustainability\\\/2019-10-23\\\/power-to-gas-eine-million-autos-mit-erneuerbarem-gas-tanken\\\/#primaryimage\",\"url\":\"https:\\\/\\\/www.organisator.ch\\\/wp-content\\\/uploads\\\/2019\\\/10\\\/Symposium_Artikel_4-1024x647-1.jpg\",\"contentUrl\":\"https:\\\/\\\/www.organisator.ch\\\/wp-content\\\/uploads\\\/2019\\\/10\\\/Symposium_Artikel_4-1024x647-1.jpg\",\"width\":1024,\"height\":647,\"caption\":\"Experten am CNG-Symposium in der Umweltarena im Juli 2019. (Bild: zVg)\"},{\"@type\":\"BreadcrumbList\",\"@id\":\"https:\\\/\\\/www.organisator.ch\\\/sustainability\\\/2019-10-23\\\/power-to-gas-eine-million-autos-mit-erneuerbarem-gas-tanken\\\/#breadcrumb\",\"itemListElement\":[{\"@type\":\"ListItem\",\"position\":1,\"name\":\"Home\",\"item\":\"https:\\\/\\\/www.organisator.ch\\\/\"},{\"@type\":\"ListItem\",\"position\":2,\"name\":\"Power-to-Gas: Eine Million Autos mit erneuerbarem Gas tanken\"}]},{\"@type\":\"WebSite\",\"@id\":\"https:\\\/\\\/www.organisator.ch\\\/#website\",\"url\":\"https:\\\/\\\/www.organisator.ch\\\/\",\"name\":\"Organisator\",\"description\":\"Kompetent. Praxisnah. Der ORGANISATOR bereitet in 10 Ausgaben pro Jahr die wesentlichen Themen f\u00fcr F\u00fchrungskr\u00e4fte von KMU auf.\",\"publisher\":{\"@id\":\"https:\\\/\\\/www.organisator.ch\\\/#organization\"},\"potentialAction\":[{\"@type\":\"SearchAction\",\"target\":{\"@type\":\"EntryPoint\",\"urlTemplate\":\"https:\\\/\\\/www.organisator.ch\\\/?s={search_term_string}\"},\"query-input\":{\"@type\":\"PropertyValueSpecification\",\"valueRequired\":true,\"valueName\":\"search_term_string\"}}],\"inLanguage\":\"fr-FR\"},{\"@type\":\"Organization\",\"@id\":\"https:\\\/\\\/www.organisator.ch\\\/#organization\",\"name\":\"Organisator\",\"url\":\"https:\\\/\\\/www.organisator.ch\\\/\",\"logo\":{\"@type\":\"ImageObject\",\"inLanguage\":\"fr-FR\",\"@id\":\"https:\\\/\\\/www.organisator.ch\\\/#\\\/schema\\\/logo\\\/image\\\/\",\"url\":\"https:\\\/\\\/www.organisator.ch\\\/wp-content\\\/uploads\\\/2022\\\/01\\\/Logo_Organisator_Website.png\",\"contentUrl\":\"https:\\\/\\\/www.organisator.ch\\\/wp-content\\\/uploads\\\/2022\\\/01\\\/Logo_Organisator_Website.png\",\"width\":800,\"height\":77,\"caption\":\"Organisator\"},\"image\":{\"@id\":\"https:\\\/\\\/www.organisator.ch\\\/#\\\/schema\\\/logo\\\/image\\\/\"},\"sameAs\":[\"https:\\\/\\\/www.facebook.com\\\/OrganisatorFachmagazin\",\"https:\\\/\\\/www.linkedin.com\\\/showcase\\\/organisator-das-magazin-fr-kmu\",\"https:\\\/\\\/www.xing.com\\\/news\\\/pages\\\/organisator-ch-695\",\"https:\\\/\\\/www.youtube.com\\\/channel\\\/UCGP2Sq0iWaZwT3BdIAQFYpw\"]},{\"@type\":\"Person\",\"@id\":\"https:\\\/\\\/www.organisator.ch\\\/#\\\/schema\\\/person\\\/134708ca9321c57b0362cceb7948ffbd\",\"name\":\"michael.merz\",\"image\":{\"@type\":\"ImageObject\",\"inLanguage\":\"fr-FR\",\"@id\":\"https:\\\/\\\/secure.gravatar.com\\\/avatar\\\/?s=96&d=mm&r=g\",\"url\":\"https:\\\/\\\/secure.gravatar.com\\\/avatar\\\/?s=96&d=mm&r=g\",\"contentUrl\":\"https:\\\/\\\/secure.gravatar.com\\\/avatar\\\/?s=96&d=mm&r=g\",\"caption\":\"michael.merz\"},\"url\":\"https:\\\/\\\/www.organisator.ch\\\/fr\\\/author\\\/michael-merz\\\/\"}]}<\/script>\n<!-- \/ Yoast SEO plugin. -->","yoast_head_json":{"title":"Power-to-Gas : faire le plein d'un million de voitures avec du gaz renouvelable - Organisateur","description":"Lors du \"Symposium sur la mobilit\u00e9 durable\" qui s'est tenu \u00e0 l'Umwelt Arena de Spreitenbach, le Power-to-Gas, une technologie importante, a \u00e9t\u00e9 mise en avant.","robots":{"index":"index","follow":"follow","max-snippet":"max-snippet:-1","max-image-preview":"max-image-preview:large","max-video-preview":"max-video-preview:-1"},"canonical":"https:\/\/www.organisator.ch\/fr\/sustainability\/2019-10-23\/power-to-gas-eine-million-autos-mit-erneuerbarem-gas-tanken\/","og_locale":"fr_FR","og_type":"article","og_title":"Power-to-Gas: Eine Million Autos mit erneuerbarem Gas tanken - Organisator","og_description":"Am \u00abSymposium f\u00fcr nachhaltige Mobilit\u00e4t\u00bb in der Umwelt Arena in Spreitenbach r\u00fcckte mit Power-to-Gas eine wichtige Technologie in den Fokus.","og_url":"https:\/\/www.organisator.ch\/fr\/sustainability\/2019-10-23\/power-to-gas-eine-million-autos-mit-erneuerbarem-gas-tanken\/","og_site_name":"Organisator","article_publisher":"https:\/\/www.facebook.com\/OrganisatorFachmagazin","article_published_time":"2019-10-23T09:09:45+00:00","article_modified_time":"2022-02-09T10:06:16+00:00","og_image":[{"width":1024,"height":647,"url":"https:\/\/www.organisator.ch\/wp-content\/uploads\/2019\/10\/Symposium_Artikel_4-1024x647-1.jpg","type":"image\/jpeg"}],"author":"michael.merz","twitter_card":"summary_large_image","schema":{"@context":"https:\/\/schema.org","@graph":[{"@type":"Article","@id":"https:\/\/www.organisator.ch\/sustainability\/2019-10-23\/power-to-gas-eine-million-autos-mit-erneuerbarem-gas-tanken\/#article","isPartOf":{"@id":"https:\/\/www.organisator.ch\/sustainability\/2019-10-23\/power-to-gas-eine-million-autos-mit-erneuerbarem-gas-tanken\/"},"author":{"name":"michael.merz","@id":"https:\/\/www.organisator.ch\/#\/schema\/person\/134708ca9321c57b0362cceb7948ffbd"},"headline":"Power-to-Gas: Eine Million Autos mit erneuerbarem Gas tanken","datePublished":"2019-10-23T09:09:45+00:00","dateModified":"2022-02-09T10:06:16+00:00","mainEntityOfPage":{"@id":"https:\/\/www.organisator.ch\/sustainability\/2019-10-23\/power-to-gas-eine-million-autos-mit-erneuerbarem-gas-tanken\/"},"wordCount":722,"commentCount":0,"publisher":{"@id":"https:\/\/www.organisator.ch\/#organization"},"image":{"@id":"https:\/\/www.organisator.ch\/sustainability\/2019-10-23\/power-to-gas-eine-million-autos-mit-erneuerbarem-gas-tanken\/#primaryimage"},"thumbnailUrl":"https:\/\/www.organisator.ch\/wp-content\/uploads\/2019\/10\/Symposium_Artikel_4-1024x647-1.jpg","keywords":["CNG","Mobilit\u00e4t","Power-to-Gas","Schweiz"],"articleSection":["SUSTAINABILITY"],"inLanguage":"fr-FR"},{"@type":"WebPage","@id":"https:\/\/www.organisator.ch\/sustainability\/2019-10-23\/power-to-gas-eine-million-autos-mit-erneuerbarem-gas-tanken\/","url":"https:\/\/www.organisator.ch\/sustainability\/2019-10-23\/power-to-gas-eine-million-autos-mit-erneuerbarem-gas-tanken\/","name":"Power-to-Gas : faire le plein d'un million de voitures avec du gaz renouvelable - Organisateur","isPartOf":{"@id":"https:\/\/www.organisator.ch\/#website"},"primaryImageOfPage":{"@id":"https:\/\/www.organisator.ch\/sustainability\/2019-10-23\/power-to-gas-eine-million-autos-mit-erneuerbarem-gas-tanken\/#primaryimage"},"image":{"@id":"https:\/\/www.organisator.ch\/sustainability\/2019-10-23\/power-to-gas-eine-million-autos-mit-erneuerbarem-gas-tanken\/#primaryimage"},"thumbnailUrl":"https:\/\/www.organisator.ch\/wp-content\/uploads\/2019\/10\/Symposium_Artikel_4-1024x647-1.jpg","datePublished":"2019-10-23T09:09:45+00:00","dateModified":"2022-02-09T10:06:16+00:00","description":"Lors du \"Symposium sur la mobilit\u00e9 durable\" qui s'est tenu \u00e0 l'Umwelt Arena de Spreitenbach, le Power-to-Gas, une technologie importante, a \u00e9t\u00e9 mise en avant.","breadcrumb":{"@id":"https:\/\/www.organisator.ch\/sustainability\/2019-10-23\/power-to-gas-eine-million-autos-mit-erneuerbarem-gas-tanken\/#breadcrumb"},"inLanguage":"fr-FR","potentialAction":[{"@type":"ReadAction","target":["https:\/\/www.organisator.ch\/sustainability\/2019-10-23\/power-to-gas-eine-million-autos-mit-erneuerbarem-gas-tanken\/"]}]},{"@type":"ImageObject","inLanguage":"fr-FR","@id":"https:\/\/www.organisator.ch\/sustainability\/2019-10-23\/power-to-gas-eine-million-autos-mit-erneuerbarem-gas-tanken\/#primaryimage","url":"https:\/\/www.organisator.ch\/wp-content\/uploads\/2019\/10\/Symposium_Artikel_4-1024x647-1.jpg","contentUrl":"https:\/\/www.organisator.ch\/wp-content\/uploads\/2019\/10\/Symposium_Artikel_4-1024x647-1.jpg","width":1024,"height":647,"caption":"Experten am CNG-Symposium in der Umweltarena im Juli 2019. (Bild: zVg)"},{"@type":"BreadcrumbList","@id":"https:\/\/www.organisator.ch\/sustainability\/2019-10-23\/power-to-gas-eine-million-autos-mit-erneuerbarem-gas-tanken\/#breadcrumb","itemListElement":[{"@type":"ListItem","position":1,"name":"Home","item":"https:\/\/www.organisator.ch\/"},{"@type":"ListItem","position":2,"name":"Power-to-Gas: Eine Million Autos mit erneuerbarem Gas tanken"}]},{"@type":"WebSite","@id":"https:\/\/www.organisator.ch\/#website","url":"https:\/\/www.organisator.ch\/","name":"Organisateur","description":"Comp\u00e9tence et comp\u00e9tence. Proches de la pratique. L'ORGANISATEUR pr\u00e9pare 10 num\u00e9ros par an sur les th\u00e8mes essentiels pour les dirigeants de PME.","publisher":{"@id":"https:\/\/www.organisator.ch\/#organization"},"potentialAction":[{"@type":"SearchAction","target":{"@type":"EntryPoint","urlTemplate":"https:\/\/www.organisator.ch\/?s={search_term_string}"},"query-input":{"@type":"PropertyValueSpecification","valueRequired":true,"valueName":"search_term_string"}}],"inLanguage":"fr-FR"},{"@type":"Organization","@id":"https:\/\/www.organisator.ch\/#organization","name":"Organisateur","url":"https:\/\/www.organisator.ch\/","logo":{"@type":"ImageObject","inLanguage":"fr-FR","@id":"https:\/\/www.organisator.ch\/#\/schema\/logo\/image\/","url":"https:\/\/www.organisator.ch\/wp-content\/uploads\/2022\/01\/Logo_Organisator_Website.png","contentUrl":"https:\/\/www.organisator.ch\/wp-content\/uploads\/2022\/01\/Logo_Organisator_Website.png","width":800,"height":77,"caption":"Organisator"},"image":{"@id":"https:\/\/www.organisator.ch\/#\/schema\/logo\/image\/"},"sameAs":["https:\/\/www.facebook.com\/OrganisatorFachmagazin","https:\/\/www.linkedin.com\/showcase\/organisator-das-magazin-fr-kmu","https:\/\/www.xing.com\/news\/pages\/organisator-ch-695","https:\/\/www.youtube.com\/channel\/UCGP2Sq0iWaZwT3BdIAQFYpw"]},{"@type":"Person","@id":"https:\/\/www.organisator.ch\/#\/schema\/person\/134708ca9321c57b0362cceb7948ffbd","name":"michael.merz","image":{"@type":"ImageObject","inLanguage":"fr-FR","@id":"https:\/\/secure.gravatar.com\/avatar\/?s=96&d=mm&r=g","url":"https:\/\/secure.gravatar.com\/avatar\/?s=96&d=mm&r=g","contentUrl":"https:\/\/secure.gravatar.com\/avatar\/?s=96&d=mm&r=g","caption":"michael.merz"},"url":"https:\/\/www.organisator.ch\/fr\/author\/michael-merz\/"}]}},"_links":{"self":[{"href":"https:\/\/www.organisator.ch\/fr\/wp-json\/wp\/v2\/posts\/2541","targetHints":{"allow":["GET"]}}],"collection":[{"href":"https:\/\/www.organisator.ch\/fr\/wp-json\/wp\/v2\/posts"}],"about":[{"href":"https:\/\/www.organisator.ch\/fr\/wp-json\/wp\/v2\/types\/post"}],"author":[{"embeddable":true,"href":"https:\/\/www.organisator.ch\/fr\/wp-json\/wp\/v2\/users\/5"}],"replies":[{"embeddable":true,"href":"https:\/\/www.organisator.ch\/fr\/wp-json\/wp\/v2\/comments?post=2541"}],"version-history":[{"count":1,"href":"https:\/\/www.organisator.ch\/fr\/wp-json\/wp\/v2\/posts\/2541\/revisions"}],"predecessor-version":[{"id":10544,"href":"https:\/\/www.organisator.ch\/fr\/wp-json\/wp\/v2\/posts\/2541\/revisions\/10544"}],"wp:featuredmedia":[{"embeddable":true,"href":"https:\/\/www.organisator.ch\/fr\/wp-json\/wp\/v2\/media\/2542"}],"wp:attachment":[{"href":"https:\/\/www.organisator.ch\/fr\/wp-json\/wp\/v2\/media?parent=2541"}],"wp:term":[{"taxonomy":"category","embeddable":true,"href":"https:\/\/www.organisator.ch\/fr\/wp-json\/wp\/v2\/categories?post=2541"},{"taxonomy":"post_tag","embeddable":true,"href":"https:\/\/www.organisator.ch\/fr\/wp-json\/wp\/v2\/tags?post=2541"}],"curies":[{"name":"wp","href":"https:\/\/api.w.org\/{rel}","templated":true}]}}