{"id":25418,"date":"2024-02-29T13:46:14","date_gmt":"2024-02-29T12:46:14","guid":{"rendered":"https:\/\/www.organisator.ch\/?p=25418"},"modified":"2024-03-04T14:54:50","modified_gmt":"2024-03-04T13:54:50","slug":"finalist-prix-svc-ostschweiz-2024-maerchenhotel-ag","status":"publish","type":"post","link":"https:\/\/www.organisator.ch\/fr\/allgemein\/2024-02-29\/finalist-prix-svc-ostschweiz-2024-maerchenhotel-ag\/","title":{"rendered":"Finaliste du Prix SVC Ostschweiz 2024 : M\u00e4rchenhotel AG"},"content":{"rendered":"<figure id=\"attachment_25464\" aria-describedby=\"caption-attachment-25464\" style=\"width: 680px\" class=\"wp-caption alignnone\"><img loading=\"lazy\" decoding=\"async\" class=\"size-full wp-image-25464\" src=\"https:\/\/www.organisator.ch\/wp-content\/uploads\/2024\/02\/Finalist-Prix-SVC-Ostschweiz-2024-Maerchenhotel-AG_NEU_Organisator.jpg\" alt=\"\" width=\"680\" height=\"448\" srcset=\"https:\/\/www.organisator.ch\/wp-content\/uploads\/2024\/02\/Finalist-Prix-SVC-Ostschweiz-2024-Maerchenhotel-AG_NEU_Organisator.jpg 680w, https:\/\/www.organisator.ch\/wp-content\/uploads\/2024\/02\/Finalist-Prix-SVC-Ostschweiz-2024-Maerchenhotel-AG_NEU_Organisator-18x12.jpg 18w, https:\/\/www.organisator.ch\/wp-content\/uploads\/2024\/02\/Finalist-Prix-SVC-Ostschweiz-2024-Maerchenhotel-AG_NEU_Organisator-375x247.jpg 375w, https:\/\/www.organisator.ch\/wp-content\/uploads\/2024\/02\/Finalist-Prix-SVC-Ostschweiz-2024-Maerchenhotel-AG_NEU_Organisator-531x350.jpg 531w\" sizes=\"auto, (max-width: 680px) 100vw, 680px\" \/><figcaption id=\"caption-attachment-25464\" class=\"wp-caption-text\">Un paradis pour jeunes et moins jeunes : l'h\u00f4tel de contes Bellevue \u00e0 Braunwald GL. (M\u00e4rchenhotel AG, photo : Maya Rhyner)<\/figcaption><\/figure>\n<p>Tous les parents le savent : les vacances avec les enfants peuvent \u00eatre fatigantes. Et parfois, le repos bien m\u00e9rit\u00e9 est presque totalement n\u00e9glig\u00e9. L'h\u00f4tel du m\u00eame nom, M\u00e4rchenhotel AG, offre une toute autre image : les parents et les enfants se retrouvent sur une balan\u00e7oire, caressent une poule, ou le repas est apport\u00e9 \u00e0 table par un train \u00e0 vapeur. Bref, l'h\u00f4tel transporte ses h\u00f4tes dans un monde plein de magie et de fantaisie. Sous la direction du couple Patric et Nadja Vogel, l'\u00e9tablissement offre une exp\u00e9rience unique aux familles, aux couples et aux aventuriers de tous \u00e2ges.<\/p>\n<h3><strong>Du grand h\u00f4tel pour les grands...<\/strong><\/h3>\n<p>L'histoire de l'h\u00f4tel des contes de f\u00e9es remonte \u00e0 loin. Ouvert en 1907 en tant que Grand-H\u00f4tel, il a connu plusieurs hauts et bas \u00e9conomiques, a chang\u00e9 plusieurs fois de propri\u00e9taire et a m\u00eame servi de logement militaire, avant d'\u00eatre rachet\u00e9 par la famille Vogel en 1972. Le titre d'\"h\u00f4tel des contes\" remonte \u00e0 1977, lorsque la direction de l'\u00e9poque a commenc\u00e9 \u00e0 lire un conte aux enfants tous les soirs - une tradition qui perdure encore aujourd'hui et qui s'est r\u00e9pandue comme une tra\u00een\u00e9e de poudre : Tous les soirs \u00e0 18 heures, c'est encore \"l'heure du conte\" pour les plus jeunes clients.<\/p>\n<h3><strong>...au monde des contes de f\u00e9es pour les petits h\u00f4tes<\/strong><\/h3>\n<p>Une caract\u00e9ristique unique de l'h\u00f4tel des contes de f\u00e9es se manifeste \u00e9galement dans sa vaste offre de divertissement. Outre les commodit\u00e9s traditionnelles comme un espace bien-\u00eatre et une gastronomie exquise, l'h\u00f4tel propose des activit\u00e9s adapt\u00e9es aux familles. Les enfants peuvent se d\u00e9fouler sur une aire de jeux d'aventure, marcher sur les traces du nain Baartli ou simplement se d\u00e9tendre dans un \"nid d'oiseau\" dans l'\"arbre \u00e0 contes\" sp\u00e9cialement construit et d\u00e9velopp\u00e9 en collaboration avec Europapark. Les enfants sont encadr\u00e9s par des professionnels tous les jours de 9h \u00e0 21h, ce qui peut \u00e9galement permettre aux parents de passer des vacances d\u00e9tendues.<\/p>\n<h3><strong>L'enthousiasme est assur\u00e9<\/strong><\/h3>\n<p>Les efforts d\u00e9ploy\u00e9s par l'h\u00f4tel des contes de f\u00e9es pour offrir une exp\u00e9rience inoubliable lui ont valu de nombreuses r\u00e9compenses et des \u00e9valuations positives. L'h\u00f4tel a \u00e9t\u00e9 r\u00e9compens\u00e9 \u00e0 plusieurs reprises pour sa conception unique et son hospitalit\u00e9 exceptionnelle et jouit d'une grande r\u00e9putation aupr\u00e8s des voyageurs du monde entier. Conclusion : si des familles avec enfants souhaitent passer un s\u00e9jour fantastique en Suisse, il y a de fortes chances qu'elles optent pour un s\u00e9jour \u00e0 l'h\u00f4tel M\u00e4rchen. Cet \u00e9tablissement quatre \u00e9toiles se trouve au c\u0153ur du panorama alpin glaronnais et ne cesse d'enthousiasmer les petits et les grands depuis des d\u00e9cennies.<\/p>\n<p><em>Plus d'informations : <a href=\"http:\/\/www.maerchenhotel.ch\">www.maerchenhotel.ch<\/a> \/ <a href=\"http:\/\/www.svc.swiss\">www.svc.swiss<\/a><\/em><\/p>\n<p>&nbsp;<\/p>\n<blockquote>\n<h3>Prix SVC Ostschweiz 2024 - les autres finalistes (par ordre alphab\u00e9tique) :<\/h3>\n<ul>\n<li><a href=\"https:\/\/www.organisator.ch\/de\/allgemein\/2024-02-27\/finalist-prix-svc-ostschweiz-2024-emil-egger-gruppe\/\">Groupe Emil Egger<\/a><\/li>\n<li><a href=\"https:\/\/www.organisator.ch\/allgemein\/2024-02-28\/finalist-prix-svc-ostschweiz-2024-huber-fenster-ag\/\">Huber Fenster AG<\/a><\/li>\n<li><a href=\"https:\/\/www.organisator.ch\/allgemein\/2024-03-01\/finalist-prix-svc-ostschweiz-2024-nussbaum-matzingen-ag\/\">Nussbaum Matzingen AG<\/a><\/li>\n<li><a href=\"https:\/\/www.organisator.ch\/de\/allgemein\/2024-03-04\/finalist-prix-svc-ostschweiz-2024-zindel-united\/\">Zindel United<\/a><\/li>\n<\/ul>\n<\/blockquote>","protected":false},"excerpt":{"rendered":"<p>Le 7 mars 2024, le Prix SVC Ostschweiz 2024 sera d\u00e9cern\u00e9. Cinq entreprises sont en lice pour la finale, dont M\u00e4rchenhotel AG de Braunwald GL. Voici un bref portrait de cette entreprise h\u00f4teli\u00e8re mod\u00e8le.<\/p>","protected":false},"author":4,"featured_media":25464,"comment_status":"closed","ping_status":"closed","sticky":false,"template":"","format":"standard","meta":{"_acf_changed":false,"_yoast_wpseo_focuskw":"M\u00e4rchenhotel","_yoast_wpseo_metadesc":"Am 7. M\u00e4rz 2024 wird der Prix SVC Ostschweiz 2024 verliehen. Im Final steht auch die M\u00e4rchenhotel AG aus Braunwald GL.","articlekey":"","footnotes":""},"categories":[1],"tags":[66,252,4117,492],"class_list":["post-25418","post","type-post","status-publish","format-standard","has-post-thumbnail","hentry","category-allgemein","tag-awards","tag-hotellerie","tag-prix-svc-ostschweiz","tag-unternehmen"],"acf":[],"yoast_head":"<!-- This site is optimized with the Yoast SEO plugin v27.5 - https:\/\/yoast.com\/product\/yoast-seo-wordpress\/ -->\n<title>Finalist Prix SVC Ostschweiz 2024: M\u00e4rchenhotel AG - Organisator<\/title>\n<meta name=\"description\" content=\"Am 7. M\u00e4rz 2024 wird der Prix SVC Ostschweiz 2024 verliehen. Im Final steht auch die M\u00e4rchenhotel AG aus Braunwald GL.\" \/>\n<meta name=\"robots\" content=\"index, follow, max-snippet:-1, max-image-preview:large, max-video-preview:-1\" \/>\n<link rel=\"canonical\" href=\"https:\/\/www.organisator.ch\/fr\/general\/2024-02-29\/finalist-prix-svc-ostschweiz-2024-maerchenhotel-ag\/\" \/>\n<meta property=\"og:locale\" content=\"fr_FR\" \/>\n<meta property=\"og:type\" content=\"article\" \/>\n<meta property=\"og:title\" content=\"Finalist Prix SVC Ostschweiz 2024: M\u00e4rchenhotel AG\" \/>\n<meta property=\"og:description\" content=\"Am 7. M\u00e4rz 2024 wird der Prix SVC Ostschweiz 2024 verliehen. Im Final steht auch die M\u00e4rchenhotel AG aus Braunwald GL.\" \/>\n<meta property=\"og:url\" content=\"https:\/\/www.organisator.ch\/fr\/general\/2024-02-29\/finalist-prix-svc-ostschweiz-2024-maerchenhotel-ag\/\" \/>\n<meta property=\"og:site_name\" content=\"Organisator\" \/>\n<meta property=\"article:publisher\" content=\"https:\/\/www.facebook.com\/OrganisatorFachmagazin\" \/>\n<meta property=\"article:published_time\" content=\"2024-02-29T12:46:14+00:00\" \/>\n<meta property=\"article:modified_time\" content=\"2024-03-04T13:54:50+00:00\" \/>\n<meta property=\"og:image\" content=\"https:\/\/www.organisator.ch\/wp-content\/uploads\/2024\/02\/Finalist-Prix-SVC-Ostschweiz-2024-Maerchenhotel-AG_Organisator.jpg\" \/>\n\t<meta property=\"og:image:width\" content=\"680\" \/>\n\t<meta property=\"og:image:height\" content=\"353\" \/>\n\t<meta property=\"og:image:type\" content=\"image\/jpeg\" \/>\n<meta name=\"author\" content=\"thomas.berner\" \/>\n<meta name=\"twitter:card\" content=\"summary_large_image\" \/>\n<meta name=\"twitter:title\" content=\"#Finalist Prix SVC #Ostschweiz 2024: M\u00e4rchenhotel AG\" \/>\n<meta name=\"twitter:description\" content=\"Am 7. M\u00e4rz 2024 wird der Prix #SVC Ostschweiz 2024 verliehen. Im Final steht auch die #M\u00e4rchenhotel AG aus #Braunwald GL.\" \/>\n<meta name=\"twitter:image\" content=\"https:\/\/www.organisator.ch\/wp-content\/uploads\/2024\/02\/Finalist-Prix-SVC-Ostschweiz-2024-Maerchenhotel-AG_Organisator.jpg\" \/>\n<script type=\"application\/ld+json\" class=\"yoast-schema-graph\">{\"@context\":\"https:\\\/\\\/schema.org\",\"@graph\":[{\"@type\":\"Article\",\"@id\":\"https:\\\/\\\/www.organisator.ch\\\/allgemein\\\/2024-02-29\\\/finalist-prix-svc-ostschweiz-2024-maerchenhotel-ag\\\/#article\",\"isPartOf\":{\"@id\":\"https:\\\/\\\/www.organisator.ch\\\/allgemein\\\/2024-02-29\\\/finalist-prix-svc-ostschweiz-2024-maerchenhotel-ag\\\/\"},\"author\":{\"name\":\"thomas.berner\",\"@id\":\"https:\\\/\\\/www.organisator.ch\\\/#\\\/schema\\\/person\\\/6f650f90b2842cd4c0cc334b4e36f67e\"},\"headline\":\"Finalist Prix SVC Ostschweiz 2024: M\u00e4rchenhotel AG\",\"datePublished\":\"2024-02-29T12:46:14+00:00\",\"dateModified\":\"2024-03-04T13:54:50+00:00\",\"mainEntityOfPage\":{\"@id\":\"https:\\\/\\\/www.organisator.ch\\\/allgemein\\\/2024-02-29\\\/finalist-prix-svc-ostschweiz-2024-maerchenhotel-ag\\\/\"},\"wordCount\":452,\"publisher\":{\"@id\":\"https:\\\/\\\/www.organisator.ch\\\/#organization\"},\"image\":{\"@id\":\"https:\\\/\\\/www.organisator.ch\\\/allgemein\\\/2024-02-29\\\/finalist-prix-svc-ostschweiz-2024-maerchenhotel-ag\\\/#primaryimage\"},\"thumbnailUrl\":\"https:\\\/\\\/www.organisator.ch\\\/wp-content\\\/uploads\\\/2024\\\/02\\\/Finalist-Prix-SVC-Ostschweiz-2024-Maerchenhotel-AG_NEU_Organisator.jpg\",\"keywords\":[\"Awards\",\"Hotellerie\",\"Prix SVC Ostschweiz\",\"Unternehmen\"],\"articleSection\":[\"Allgemein\"],\"inLanguage\":\"fr-FR\"},{\"@type\":\"WebPage\",\"@id\":\"https:\\\/\\\/www.organisator.ch\\\/allgemein\\\/2024-02-29\\\/finalist-prix-svc-ostschweiz-2024-maerchenhotel-ag\\\/\",\"url\":\"https:\\\/\\\/www.organisator.ch\\\/allgemein\\\/2024-02-29\\\/finalist-prix-svc-ostschweiz-2024-maerchenhotel-ag\\\/\",\"name\":\"Finalist Prix SVC Ostschweiz 2024: M\u00e4rchenhotel AG - Organisator\",\"isPartOf\":{\"@id\":\"https:\\\/\\\/www.organisator.ch\\\/#website\"},\"primaryImageOfPage\":{\"@id\":\"https:\\\/\\\/www.organisator.ch\\\/allgemein\\\/2024-02-29\\\/finalist-prix-svc-ostschweiz-2024-maerchenhotel-ag\\\/#primaryimage\"},\"image\":{\"@id\":\"https:\\\/\\\/www.organisator.ch\\\/allgemein\\\/2024-02-29\\\/finalist-prix-svc-ostschweiz-2024-maerchenhotel-ag\\\/#primaryimage\"},\"thumbnailUrl\":\"https:\\\/\\\/www.organisator.ch\\\/wp-content\\\/uploads\\\/2024\\\/02\\\/Finalist-Prix-SVC-Ostschweiz-2024-Maerchenhotel-AG_NEU_Organisator.jpg\",\"datePublished\":\"2024-02-29T12:46:14+00:00\",\"dateModified\":\"2024-03-04T13:54:50+00:00\",\"description\":\"Am 7. M\u00e4rz 2024 wird der Prix SVC Ostschweiz 2024 verliehen. Im Final steht auch die M\u00e4rchenhotel AG aus Braunwald GL.\",\"breadcrumb\":{\"@id\":\"https:\\\/\\\/www.organisator.ch\\\/allgemein\\\/2024-02-29\\\/finalist-prix-svc-ostschweiz-2024-maerchenhotel-ag\\\/#breadcrumb\"},\"inLanguage\":\"fr-FR\",\"potentialAction\":[{\"@type\":\"ReadAction\",\"target\":[\"https:\\\/\\\/www.organisator.ch\\\/allgemein\\\/2024-02-29\\\/finalist-prix-svc-ostschweiz-2024-maerchenhotel-ag\\\/\"]}]},{\"@type\":\"ImageObject\",\"inLanguage\":\"fr-FR\",\"@id\":\"https:\\\/\\\/www.organisator.ch\\\/allgemein\\\/2024-02-29\\\/finalist-prix-svc-ostschweiz-2024-maerchenhotel-ag\\\/#primaryimage\",\"url\":\"https:\\\/\\\/www.organisator.ch\\\/wp-content\\\/uploads\\\/2024\\\/02\\\/Finalist-Prix-SVC-Ostschweiz-2024-Maerchenhotel-AG_NEU_Organisator.jpg\",\"contentUrl\":\"https:\\\/\\\/www.organisator.ch\\\/wp-content\\\/uploads\\\/2024\\\/02\\\/Finalist-Prix-SVC-Ostschweiz-2024-Maerchenhotel-AG_NEU_Organisator.jpg\",\"width\":680,\"height\":448,\"caption\":\"Ein Paradies f\u00fcr Jung und Alt: Das M\u00e4rchenhotel Bellevue in Braunwald GL. (M\u00e4rchenhotel AG, Bild: Maya Rhyner)\"},{\"@type\":\"BreadcrumbList\",\"@id\":\"https:\\\/\\\/www.organisator.ch\\\/allgemein\\\/2024-02-29\\\/finalist-prix-svc-ostschweiz-2024-maerchenhotel-ag\\\/#breadcrumb\",\"itemListElement\":[{\"@type\":\"ListItem\",\"position\":1,\"name\":\"Home\",\"item\":\"https:\\\/\\\/www.organisator.ch\\\/\"},{\"@type\":\"ListItem\",\"position\":2,\"name\":\"Finalist Prix SVC Ostschweiz 2024: M\u00e4rchenhotel AG\"}]},{\"@type\":\"WebSite\",\"@id\":\"https:\\\/\\\/www.organisator.ch\\\/#website\",\"url\":\"https:\\\/\\\/www.organisator.ch\\\/\",\"name\":\"Organisator\",\"description\":\"Kompetent. Praxisnah. Der ORGANISATOR bereitet in 10 Ausgaben pro Jahr die wesentlichen Themen f\u00fcr F\u00fchrungskr\u00e4fte von KMU auf.\",\"publisher\":{\"@id\":\"https:\\\/\\\/www.organisator.ch\\\/#organization\"},\"potentialAction\":[{\"@type\":\"SearchAction\",\"target\":{\"@type\":\"EntryPoint\",\"urlTemplate\":\"https:\\\/\\\/www.organisator.ch\\\/?s={search_term_string}\"},\"query-input\":{\"@type\":\"PropertyValueSpecification\",\"valueRequired\":true,\"valueName\":\"search_term_string\"}}],\"inLanguage\":\"fr-FR\"},{\"@type\":\"Organization\",\"@id\":\"https:\\\/\\\/www.organisator.ch\\\/#organization\",\"name\":\"Organisator\",\"url\":\"https:\\\/\\\/www.organisator.ch\\\/\",\"logo\":{\"@type\":\"ImageObject\",\"inLanguage\":\"fr-FR\",\"@id\":\"https:\\\/\\\/www.organisator.ch\\\/#\\\/schema\\\/logo\\\/image\\\/\",\"url\":\"https:\\\/\\\/www.organisator.ch\\\/wp-content\\\/uploads\\\/2022\\\/01\\\/Logo_Organisator_Website.png\",\"contentUrl\":\"https:\\\/\\\/www.organisator.ch\\\/wp-content\\\/uploads\\\/2022\\\/01\\\/Logo_Organisator_Website.png\",\"width\":800,\"height\":77,\"caption\":\"Organisator\"},\"image\":{\"@id\":\"https:\\\/\\\/www.organisator.ch\\\/#\\\/schema\\\/logo\\\/image\\\/\"},\"sameAs\":[\"https:\\\/\\\/www.facebook.com\\\/OrganisatorFachmagazin\",\"https:\\\/\\\/www.linkedin.com\\\/showcase\\\/organisator-das-magazin-fr-kmu\",\"https:\\\/\\\/www.xing.com\\\/news\\\/pages\\\/organisator-ch-695\",\"https:\\\/\\\/www.youtube.com\\\/channel\\\/UCGP2Sq0iWaZwT3BdIAQFYpw\"]},{\"@type\":\"Person\",\"@id\":\"https:\\\/\\\/www.organisator.ch\\\/#\\\/schema\\\/person\\\/6f650f90b2842cd4c0cc334b4e36f67e\",\"name\":\"thomas.berner\",\"image\":{\"@type\":\"ImageObject\",\"inLanguage\":\"fr-FR\",\"@id\":\"https:\\\/\\\/secure.gravatar.com\\\/avatar\\\/ac5001d2a36cb6c6cd3e50789007ffca834b477b74a2144564522e944eabff61?s=96&d=mm&r=g\",\"url\":\"https:\\\/\\\/secure.gravatar.com\\\/avatar\\\/ac5001d2a36cb6c6cd3e50789007ffca834b477b74a2144564522e944eabff61?s=96&d=mm&r=g\",\"contentUrl\":\"https:\\\/\\\/secure.gravatar.com\\\/avatar\\\/ac5001d2a36cb6c6cd3e50789007ffca834b477b74a2144564522e944eabff61?s=96&d=mm&r=g\",\"caption\":\"thomas.berner\"},\"url\":\"https:\\\/\\\/www.organisator.ch\\\/fr\\\/author\\\/thomas-berner\\\/\"}]}<\/script>\n<!-- \/ Yoast SEO plugin. -->","yoast_head_json":{"title":"Finaliste du Prix SVC Ostschweiz 2024 : M\u00e4rchenhotel AG - Organisateur","description":"Le 7 mars 2024, le Prix SVC Ostschweiz 2024 sera d\u00e9cern\u00e9. L'entreprise M\u00e4rchenhotel AG de Braunwald GL est \u00e9galement en lice pour la finale.","robots":{"index":"index","follow":"follow","max-snippet":"max-snippet:-1","max-image-preview":"max-image-preview:large","max-video-preview":"max-video-preview:-1"},"canonical":"https:\/\/www.organisator.ch\/fr\/general\/2024-02-29\/finalist-prix-svc-ostschweiz-2024-maerchenhotel-ag\/","og_locale":"fr_FR","og_type":"article","og_title":"Finalist Prix SVC Ostschweiz 2024: M\u00e4rchenhotel AG","og_description":"Am 7. M\u00e4rz 2024 wird der Prix SVC Ostschweiz 2024 verliehen. Im Final steht auch die M\u00e4rchenhotel AG aus Braunwald GL.","og_url":"https:\/\/www.organisator.ch\/fr\/general\/2024-02-29\/finalist-prix-svc-ostschweiz-2024-maerchenhotel-ag\/","og_site_name":"Organisator","article_publisher":"https:\/\/www.facebook.com\/OrganisatorFachmagazin","article_published_time":"2024-02-29T12:46:14+00:00","article_modified_time":"2024-03-04T13:54:50+00:00","og_image":[{"width":680,"height":353,"url":"https:\/\/www.organisator.ch\/wp-content\/uploads\/2024\/02\/Finalist-Prix-SVC-Ostschweiz-2024-Maerchenhotel-AG_Organisator.jpg","type":"image\/jpeg"}],"author":"thomas.berner","twitter_card":"summary_large_image","twitter_title":"#Finalist Prix SVC #Ostschweiz 2024: M\u00e4rchenhotel AG","twitter_description":"Am 7. M\u00e4rz 2024 wird der Prix #SVC Ostschweiz 2024 verliehen. Im Final steht auch die #M\u00e4rchenhotel AG aus #Braunwald GL.","twitter_image":"https:\/\/www.organisator.ch\/wp-content\/uploads\/2024\/02\/Finalist-Prix-SVC-Ostschweiz-2024-Maerchenhotel-AG_Organisator.jpg","schema":{"@context":"https:\/\/schema.org","@graph":[{"@type":"Article","@id":"https:\/\/www.organisator.ch\/allgemein\/2024-02-29\/finalist-prix-svc-ostschweiz-2024-maerchenhotel-ag\/#article","isPartOf":{"@id":"https:\/\/www.organisator.ch\/allgemein\/2024-02-29\/finalist-prix-svc-ostschweiz-2024-maerchenhotel-ag\/"},"author":{"name":"thomas.berner","@id":"https:\/\/www.organisator.ch\/#\/schema\/person\/6f650f90b2842cd4c0cc334b4e36f67e"},"headline":"Finalist Prix SVC Ostschweiz 2024: M\u00e4rchenhotel AG","datePublished":"2024-02-29T12:46:14+00:00","dateModified":"2024-03-04T13:54:50+00:00","mainEntityOfPage":{"@id":"https:\/\/www.organisator.ch\/allgemein\/2024-02-29\/finalist-prix-svc-ostschweiz-2024-maerchenhotel-ag\/"},"wordCount":452,"publisher":{"@id":"https:\/\/www.organisator.ch\/#organization"},"image":{"@id":"https:\/\/www.organisator.ch\/allgemein\/2024-02-29\/finalist-prix-svc-ostschweiz-2024-maerchenhotel-ag\/#primaryimage"},"thumbnailUrl":"https:\/\/www.organisator.ch\/wp-content\/uploads\/2024\/02\/Finalist-Prix-SVC-Ostschweiz-2024-Maerchenhotel-AG_NEU_Organisator.jpg","keywords":["Awards","Hotellerie","Prix SVC Ostschweiz","Unternehmen"],"articleSection":["Allgemein"],"inLanguage":"fr-FR"},{"@type":"WebPage","@id":"https:\/\/www.organisator.ch\/allgemein\/2024-02-29\/finalist-prix-svc-ostschweiz-2024-maerchenhotel-ag\/","url":"https:\/\/www.organisator.ch\/allgemein\/2024-02-29\/finalist-prix-svc-ostschweiz-2024-maerchenhotel-ag\/","name":"Finaliste du Prix SVC Ostschweiz 2024 : M\u00e4rchenhotel AG - Organisateur","isPartOf":{"@id":"https:\/\/www.organisator.ch\/#website"},"primaryImageOfPage":{"@id":"https:\/\/www.organisator.ch\/allgemein\/2024-02-29\/finalist-prix-svc-ostschweiz-2024-maerchenhotel-ag\/#primaryimage"},"image":{"@id":"https:\/\/www.organisator.ch\/allgemein\/2024-02-29\/finalist-prix-svc-ostschweiz-2024-maerchenhotel-ag\/#primaryimage"},"thumbnailUrl":"https:\/\/www.organisator.ch\/wp-content\/uploads\/2024\/02\/Finalist-Prix-SVC-Ostschweiz-2024-Maerchenhotel-AG_NEU_Organisator.jpg","datePublished":"2024-02-29T12:46:14+00:00","dateModified":"2024-03-04T13:54:50+00:00","description":"Le 7 mars 2024, le Prix SVC Ostschweiz 2024 sera d\u00e9cern\u00e9. L'entreprise M\u00e4rchenhotel AG de Braunwald GL est \u00e9galement en lice pour la finale.","breadcrumb":{"@id":"https:\/\/www.organisator.ch\/allgemein\/2024-02-29\/finalist-prix-svc-ostschweiz-2024-maerchenhotel-ag\/#breadcrumb"},"inLanguage":"fr-FR","potentialAction":[{"@type":"ReadAction","target":["https:\/\/www.organisator.ch\/allgemein\/2024-02-29\/finalist-prix-svc-ostschweiz-2024-maerchenhotel-ag\/"]}]},{"@type":"ImageObject","inLanguage":"fr-FR","@id":"https:\/\/www.organisator.ch\/allgemein\/2024-02-29\/finalist-prix-svc-ostschweiz-2024-maerchenhotel-ag\/#primaryimage","url":"https:\/\/www.organisator.ch\/wp-content\/uploads\/2024\/02\/Finalist-Prix-SVC-Ostschweiz-2024-Maerchenhotel-AG_NEU_Organisator.jpg","contentUrl":"https:\/\/www.organisator.ch\/wp-content\/uploads\/2024\/02\/Finalist-Prix-SVC-Ostschweiz-2024-Maerchenhotel-AG_NEU_Organisator.jpg","width":680,"height":448,"caption":"Ein Paradies f\u00fcr Jung und Alt: Das M\u00e4rchenhotel Bellevue in Braunwald GL. (M\u00e4rchenhotel AG, Bild: Maya Rhyner)"},{"@type":"BreadcrumbList","@id":"https:\/\/www.organisator.ch\/allgemein\/2024-02-29\/finalist-prix-svc-ostschweiz-2024-maerchenhotel-ag\/#breadcrumb","itemListElement":[{"@type":"ListItem","position":1,"name":"Home","item":"https:\/\/www.organisator.ch\/"},{"@type":"ListItem","position":2,"name":"Finalist Prix SVC Ostschweiz 2024: M\u00e4rchenhotel AG"}]},{"@type":"WebSite","@id":"https:\/\/www.organisator.ch\/#website","url":"https:\/\/www.organisator.ch\/","name":"Organisateur","description":"Comp\u00e9tence et comp\u00e9tence. Proches de la pratique. L'ORGANISATEUR pr\u00e9pare 10 num\u00e9ros par an sur les th\u00e8mes essentiels pour les dirigeants de PME.","publisher":{"@id":"https:\/\/www.organisator.ch\/#organization"},"potentialAction":[{"@type":"SearchAction","target":{"@type":"EntryPoint","urlTemplate":"https:\/\/www.organisator.ch\/?s={search_term_string}"},"query-input":{"@type":"PropertyValueSpecification","valueRequired":true,"valueName":"search_term_string"}}],"inLanguage":"fr-FR"},{"@type":"Organization","@id":"https:\/\/www.organisator.ch\/#organization","name":"Organisateur","url":"https:\/\/www.organisator.ch\/","logo":{"@type":"ImageObject","inLanguage":"fr-FR","@id":"https:\/\/www.organisator.ch\/#\/schema\/logo\/image\/","url":"https:\/\/www.organisator.ch\/wp-content\/uploads\/2022\/01\/Logo_Organisator_Website.png","contentUrl":"https:\/\/www.organisator.ch\/wp-content\/uploads\/2022\/01\/Logo_Organisator_Website.png","width":800,"height":77,"caption":"Organisator"},"image":{"@id":"https:\/\/www.organisator.ch\/#\/schema\/logo\/image\/"},"sameAs":["https:\/\/www.facebook.com\/OrganisatorFachmagazin","https:\/\/www.linkedin.com\/showcase\/organisator-das-magazin-fr-kmu","https:\/\/www.xing.com\/news\/pages\/organisator-ch-695","https:\/\/www.youtube.com\/channel\/UCGP2Sq0iWaZwT3BdIAQFYpw"]},{"@type":"Person","@id":"https:\/\/www.organisator.ch\/#\/schema\/person\/6f650f90b2842cd4c0cc334b4e36f67e","name":"thomas.berner","image":{"@type":"ImageObject","inLanguage":"fr-FR","@id":"https:\/\/secure.gravatar.com\/avatar\/ac5001d2a36cb6c6cd3e50789007ffca834b477b74a2144564522e944eabff61?s=96&d=mm&r=g","url":"https:\/\/secure.gravatar.com\/avatar\/ac5001d2a36cb6c6cd3e50789007ffca834b477b74a2144564522e944eabff61?s=96&d=mm&r=g","contentUrl":"https:\/\/secure.gravatar.com\/avatar\/ac5001d2a36cb6c6cd3e50789007ffca834b477b74a2144564522e944eabff61?s=96&d=mm&r=g","caption":"thomas.berner"},"url":"https:\/\/www.organisator.ch\/fr\/author\/thomas-berner\/"}]}},"_links":{"self":[{"href":"https:\/\/www.organisator.ch\/fr\/wp-json\/wp\/v2\/posts\/25418","targetHints":{"allow":["GET"]}}],"collection":[{"href":"https:\/\/www.organisator.ch\/fr\/wp-json\/wp\/v2\/posts"}],"about":[{"href":"https:\/\/www.organisator.ch\/fr\/wp-json\/wp\/v2\/types\/post"}],"author":[{"embeddable":true,"href":"https:\/\/www.organisator.ch\/fr\/wp-json\/wp\/v2\/users\/4"}],"replies":[{"embeddable":true,"href":"https:\/\/www.organisator.ch\/fr\/wp-json\/wp\/v2\/comments?post=25418"}],"version-history":[{"count":9,"href":"https:\/\/www.organisator.ch\/fr\/wp-json\/wp\/v2\/posts\/25418\/revisions"}],"predecessor-version":[{"id":25598,"href":"https:\/\/www.organisator.ch\/fr\/wp-json\/wp\/v2\/posts\/25418\/revisions\/25598"}],"wp:featuredmedia":[{"embeddable":true,"href":"https:\/\/www.organisator.ch\/fr\/wp-json\/wp\/v2\/media\/25464"}],"wp:attachment":[{"href":"https:\/\/www.organisator.ch\/fr\/wp-json\/wp\/v2\/media?parent=25418"}],"wp:term":[{"taxonomy":"category","embeddable":true,"href":"https:\/\/www.organisator.ch\/fr\/wp-json\/wp\/v2\/categories?post=25418"},{"taxonomy":"post_tag","embeddable":true,"href":"https:\/\/www.organisator.ch\/fr\/wp-json\/wp\/v2\/tags?post=25418"}],"curies":[{"name":"wp","href":"https:\/\/api.w.org\/{rel}","templated":true}]}}