{"id":25459,"date":"2024-03-04T13:45:11","date_gmt":"2024-03-04T12:45:11","guid":{"rendered":"https:\/\/www.organisator.ch\/?p=25459"},"modified":"2024-03-04T10:50:05","modified_gmt":"2024-03-04T09:50:05","slug":"finalist-prix-svc-ostschweiz-2024-zindel-united","status":"publish","type":"post","link":"https:\/\/www.organisator.ch\/fr\/allgemein\/2024-03-04\/finalist-prix-svc-ostschweiz-2024-zindel-united\/","title":{"rendered":"Finaliste du Prix SVC Ostschweiz 2024 : Zindel United"},"content":{"rendered":"<figure id=\"attachment_25460\" aria-describedby=\"caption-attachment-25460\" style=\"width: 680px\" class=\"wp-caption alignnone\"><img loading=\"lazy\" decoding=\"async\" class=\"size-full wp-image-25460\" src=\"https:\/\/www.organisator.ch\/wp-content\/uploads\/2024\/02\/Finalist-Prix-SVC-Ostschweiz-2024-Zindel-United_Organisator.jpg\" alt=\"\" width=\"680\" height=\"356\" srcset=\"https:\/\/www.organisator.ch\/wp-content\/uploads\/2024\/02\/Finalist-Prix-SVC-Ostschweiz-2024-Zindel-United_Organisator.jpg 680w, https:\/\/www.organisator.ch\/wp-content\/uploads\/2024\/02\/Finalist-Prix-SVC-Ostschweiz-2024-Zindel-United_Organisator-18x9.jpg 18w, https:\/\/www.organisator.ch\/wp-content\/uploads\/2024\/02\/Finalist-Prix-SVC-Ostschweiz-2024-Zindel-United_Organisator-375x196.jpg 375w, https:\/\/www.organisator.ch\/wp-content\/uploads\/2024\/02\/Finalist-Prix-SVC-Ostschweiz-2024-Zindel-United_Organisator-669x350.jpg 669w\" sizes=\"auto, (max-width: 680px) 100vw, 680px\" \/><figcaption id=\"caption-attachment-25460\" class=\"wp-caption-text\">\u00c9galement en finale pour le Prix SVC Ostschweiz : Zindel United de Maienfeld GR (Image : Screenshot www.zindel-united.swiss)<\/figcaption><\/figure>\n<p>Concevoir, construire, vivre : tel est le triptyque de l'entreprise familiale de construction Zindel United de Maienfeld. Avec Andreas Zindel, c'est d\u00e9j\u00e0 la huiti\u00e8me g\u00e9n\u00e9ration qui est \u00e0 la t\u00eate de l'entreprise, qui s'occupe de chaque \u00e9tape du cycle de vie d'une construction. Celui-ci commence par une id\u00e9e, passe par le financement et la planification, la d\u00e9construction ou l'assainissement de b\u00e2timents existants et se termine par la construction d'un nouveau b\u00e2timent et son entretien.<\/p>\n<h3><strong>Plus de 200 ans d'histoire<\/strong><\/h3>\n<p>L'histoire de l'entreprise, vieille de plus de 210 ans, remonte au ma\u00eetre ma\u00e7on Johann Ulrich Zindel. Celui-ci s'est mis \u00e0 son compte en 1808. Au d\u00e9but de l'entreprise, l'agriculture constituait toujours une part importante des activit\u00e9s. Cela n'a pas emp\u00each\u00e9 une forte croissance : en 1866, alors que la quatri\u00e8me g\u00e9n\u00e9ration \u00e9tait d\u00e9j\u00e0 en place, Zindel \u00e9tait d\u00e9j\u00e0 une entreprise imposante, comme le montre l'histoire de l'entreprise. Dans les ann\u00e9es 1920, Zindel s'est transform\u00e9e en une entreprise de construction pure, la partie agricole ayant \u00e9t\u00e9 abandonn\u00e9e. La Conf\u00e9d\u00e9ration, qui a fait construire de grands ouvrages de fortification dans la r\u00e9gion de Sargans pendant la Seconde Guerre mondiale, faisait \u00e9galement partie des clients. La mise en service et la reprise de diff\u00e9rentes usines de gravier et de b\u00e9ton ont \u00e9galement contribu\u00e9 \u00e0 la croissance de l'entreprise familiale. D'autres acquisitions d'entreprises ont \u00e9galement eu lieu dans les ann\u00e9es 1990 et apr\u00e8s le changement de mill\u00e9naire. Celles-ci ont \u00e9t\u00e9 r\u00e9unies par Andreas Zindel-Schnell (7e g\u00e9n\u00e9ration) pour former Zindel United.<\/p>\n<h3><strong>B\u00e9ton neutre en CO2<\/strong><\/h3>\n<p>Sous la direction actuelle d'Andreas Zindel, l'entreprise emploie environ 450 personnes. Le site principal de Maienfeld est compl\u00e9t\u00e9 par huit autres sites dans les Grisons, \u00e0 Walenstadt et dans la vall\u00e9e du Rhin saint-galloise. Zindel United mise sur des services de construction innovants, durables et sur mesure. Actuellement, l'entreprise se consacre \u00e9galement au th\u00e8me de la r\u00e9duction des \u00e9missions de CO2, par exemple pour le b\u00e9ton. C'est ainsi qu'en collaboration avec des entreprises partenaires et la Haute \u00e9cole sp\u00e9cialis\u00e9e de Suisse orientale OST, le premier b\u00e9ton neutre en CO2 de Suisse a \u00e9t\u00e9 d\u00e9velopp\u00e9 sous la d\u00e9signation \"Klark\". Selon les indications de Zindel United, ce b\u00e9ton a d\u00e9j\u00e0 \u00e9t\u00e9 utilis\u00e9 avec succ\u00e8s et pr\u00e9sente les m\u00eames propri\u00e9t\u00e9s que le b\u00e9ton traditionnel, comme on peut le lire.<\/p>\n<h3><strong>Tour imprim\u00e9e en 3D<\/strong><\/h3>\n<p>Chez Zindel United, la capacit\u00e9 d'innovation est une priorit\u00e9. Non seulement de nouveaux types de b\u00e9ton sont d\u00e9velopp\u00e9s, mais de nouvelles m\u00e9thodes de construction sont \u00e9galement activement test\u00e9es. Ainsi, \u00e0 Mulegns, une tour de 29 m\u00e8tres de haut sera enti\u00e8rement construite par impression 3D - l'ouverture est pr\u00e9vue pour 2024. Et Zindel United participe aussi activement \u00e0 un nouveau centre d'innovation \"InnoQube Swiss\" \u00e0 Coire. Des start-up y seront encourag\u00e9es \u00e0 d\u00e9velopper des id\u00e9es innovantes, durables et num\u00e9riques. C'est \u00e9galement \u00e0 partir de cette ann\u00e9e, 2024, que l'on y fera de la recherche, que l'on y vivra et que l'on y travaillera - l\u00e0 encore, tout \u00e0 fait dans l'esprit du triptyque \u00e9voqu\u00e9 au d\u00e9but.<\/p>\n<p><em>Plus d'informations : <a href=\"https:\/\/www.zindel-united.swiss\/\">https:\/\/www.zindel-united.swiss\/<\/a> \/ <a href=\"http:\/\/www.svc.swiss\">www.svc.swiss<\/a><\/em><\/p>\n<p><em>\u00a0<\/em><\/p>\n<blockquote>\n<h3>Prix SVC Ostschweiz - les autres finalistes (par ordre alphab\u00e9tique) :<\/h3>\n<ul>\n<li><a href=\"https:\/\/www.organisator.ch\/de\/allgemein\/2024-02-27\/finalist-prix-svc-ostschweiz-2024-emil-egger-gruppe\/\">Groupe Emil Egger<\/a><\/li>\n<li><a href=\"https:\/\/www.organisator.ch\/de\/allgemein\/2024-02-28\/finalist-prix-svc-ostschweiz-2024-huber-fenster-ag\/\">Huber Fenster AG<\/a><\/li>\n<li><a href=\"https:\/\/www.organisator.ch\/de\/allgemein\/2024-02-29\/finalist-prix-svc-ostschweiz-2024-maerchenhotel-ag\/\">M\u00e4rchenhotel AG<\/a><\/li>\n<li><a href=\"https:\/\/www.organisator.ch\/de\/allgemein\/2024-03-01\/finalist-prix-svc-ostschweiz-2024-nussbaum-matzingen-ag\/\">Nussbaum Matzingen AG<\/a><\/li>\n<\/ul>\n<\/blockquote>","protected":false},"excerpt":{"rendered":"<p>Le 7 mars 2024, le Prix SVC Ostschweiz 2024 sera d\u00e9cern\u00e9. Cinq entreprises sont en lice pour la finale, dont Zindel United de Maienfeld dans les Grisons. Voici un bref portrait de cette entreprise vieille de plus de 200 ans.<\/p>","protected":false},"author":4,"featured_media":25460,"comment_status":"closed","ping_status":"closed","sticky":false,"template":"","format":"standard","meta":{"_acf_changed":false,"_yoast_wpseo_focuskw":"Zindel United","_yoast_wpseo_metadesc":"Am 7. M\u00e4rz 2024 wird der Prix SVC Ostschweiz 2024 verliehen. Im Final steht auch die Zindel United aus dem b\u00fcndnerischen Maienfeld.","articlekey":"","footnotes":""},"categories":[1],"tags":[66,4117,492],"class_list":["post-25459","post","type-post","status-publish","format-standard","has-post-thumbnail","hentry","category-allgemein","tag-awards","tag-prix-svc-ostschweiz","tag-unternehmen"],"acf":[],"yoast_head":"<!-- This site is optimized with the Yoast SEO plugin v27.5 - https:\/\/yoast.com\/product\/yoast-seo-wordpress\/ -->\n<title>Finalist Prix SVC Ostschweiz 2024: Zindel United - Organisator<\/title>\n<meta name=\"description\" content=\"Am 7. M\u00e4rz 2024 wird der Prix SVC Ostschweiz 2024 verliehen. Im Final steht auch die Zindel United aus dem b\u00fcndnerischen Maienfeld.\" \/>\n<meta name=\"robots\" content=\"index, follow, max-snippet:-1, max-image-preview:large, max-video-preview:-1\" \/>\n<link rel=\"canonical\" href=\"https:\/\/www.organisator.ch\/fr\/general\/2024-03-04\/finalist-prix-svc-ostschweiz-2024-zindel-united\/\" \/>\n<meta property=\"og:locale\" content=\"fr_FR\" \/>\n<meta property=\"og:type\" content=\"article\" \/>\n<meta property=\"og:title\" content=\"Finalist Prix SVC Ostschweiz 2024: Zindel United\" \/>\n<meta property=\"og:description\" content=\"Am 7. M\u00e4rz 2024 wird der Prix SVC Ostschweiz 2024 verliehen. Im Final steht auch die Zindel United aus dem b\u00fcndnerischen Maienfeld.\" \/>\n<meta property=\"og:url\" content=\"https:\/\/www.organisator.ch\/fr\/general\/2024-03-04\/finalist-prix-svc-ostschweiz-2024-zindel-united\/\" \/>\n<meta property=\"og:site_name\" content=\"Organisator\" \/>\n<meta property=\"article:publisher\" content=\"https:\/\/www.facebook.com\/OrganisatorFachmagazin\" \/>\n<meta property=\"article:published_time\" content=\"2024-03-04T12:45:11+00:00\" \/>\n<meta property=\"og:image\" content=\"https:\/\/www.organisator.ch\/wp-content\/uploads\/2024\/02\/Finalist-Prix-SVC-Ostschweiz-2024-Zindel-United_Organisator.jpg\" \/>\n\t<meta property=\"og:image:width\" content=\"680\" \/>\n\t<meta property=\"og:image:height\" content=\"356\" \/>\n\t<meta property=\"og:image:type\" content=\"image\/jpeg\" \/>\n<meta name=\"author\" content=\"thomas.berner\" \/>\n<meta name=\"twitter:card\" content=\"summary_large_image\" \/>\n<meta name=\"twitter:title\" content=\"Finalist Prix #SVC Ostschweiz 2024: #Zindel United\" \/>\n<meta name=\"twitter:description\" content=\"Am 7. M\u00e4rz 2024 wird der Prix #SVC Ostschweiz 2024 verliehen. Im Final steht auch die #Zindel United aus dem b\u00fcndnerischen Maienfeld.\" \/>\n<meta name=\"twitter:image\" content=\"https:\/\/www.organisator.ch\/wp-content\/uploads\/2024\/02\/Finalist-Prix-SVC-Ostschweiz-2024-Zindel-United_Organisator.jpg\" \/>\n<script type=\"application\/ld+json\" class=\"yoast-schema-graph\">{\"@context\":\"https:\\\/\\\/schema.org\",\"@graph\":[{\"@type\":\"Article\",\"@id\":\"https:\\\/\\\/www.organisator.ch\\\/allgemein\\\/2024-03-04\\\/finalist-prix-svc-ostschweiz-2024-zindel-united\\\/#article\",\"isPartOf\":{\"@id\":\"https:\\\/\\\/www.organisator.ch\\\/allgemein\\\/2024-03-04\\\/finalist-prix-svc-ostschweiz-2024-zindel-united\\\/\"},\"author\":{\"name\":\"thomas.berner\",\"@id\":\"https:\\\/\\\/www.organisator.ch\\\/#\\\/schema\\\/person\\\/6f650f90b2842cd4c0cc334b4e36f67e\"},\"headline\":\"Finalist Prix SVC Ostschweiz 2024: Zindel United\",\"datePublished\":\"2024-03-04T12:45:11+00:00\",\"mainEntityOfPage\":{\"@id\":\"https:\\\/\\\/www.organisator.ch\\\/allgemein\\\/2024-03-04\\\/finalist-prix-svc-ostschweiz-2024-zindel-united\\\/\"},\"wordCount\":472,\"publisher\":{\"@id\":\"https:\\\/\\\/www.organisator.ch\\\/#organization\"},\"image\":{\"@id\":\"https:\\\/\\\/www.organisator.ch\\\/allgemein\\\/2024-03-04\\\/finalist-prix-svc-ostschweiz-2024-zindel-united\\\/#primaryimage\"},\"thumbnailUrl\":\"https:\\\/\\\/www.organisator.ch\\\/wp-content\\\/uploads\\\/2024\\\/02\\\/Finalist-Prix-SVC-Ostschweiz-2024-Zindel-United_Organisator.jpg\",\"keywords\":[\"Awards\",\"Prix SVC Ostschweiz\",\"Unternehmen\"],\"articleSection\":[\"Allgemein\"],\"inLanguage\":\"fr-FR\"},{\"@type\":\"WebPage\",\"@id\":\"https:\\\/\\\/www.organisator.ch\\\/allgemein\\\/2024-03-04\\\/finalist-prix-svc-ostschweiz-2024-zindel-united\\\/\",\"url\":\"https:\\\/\\\/www.organisator.ch\\\/allgemein\\\/2024-03-04\\\/finalist-prix-svc-ostschweiz-2024-zindel-united\\\/\",\"name\":\"Finalist Prix SVC Ostschweiz 2024: Zindel United - Organisator\",\"isPartOf\":{\"@id\":\"https:\\\/\\\/www.organisator.ch\\\/#website\"},\"primaryImageOfPage\":{\"@id\":\"https:\\\/\\\/www.organisator.ch\\\/allgemein\\\/2024-03-04\\\/finalist-prix-svc-ostschweiz-2024-zindel-united\\\/#primaryimage\"},\"image\":{\"@id\":\"https:\\\/\\\/www.organisator.ch\\\/allgemein\\\/2024-03-04\\\/finalist-prix-svc-ostschweiz-2024-zindel-united\\\/#primaryimage\"},\"thumbnailUrl\":\"https:\\\/\\\/www.organisator.ch\\\/wp-content\\\/uploads\\\/2024\\\/02\\\/Finalist-Prix-SVC-Ostschweiz-2024-Zindel-United_Organisator.jpg\",\"datePublished\":\"2024-03-04T12:45:11+00:00\",\"description\":\"Am 7. M\u00e4rz 2024 wird der Prix SVC Ostschweiz 2024 verliehen. Im Final steht auch die Zindel United aus dem b\u00fcndnerischen Maienfeld.\",\"breadcrumb\":{\"@id\":\"https:\\\/\\\/www.organisator.ch\\\/allgemein\\\/2024-03-04\\\/finalist-prix-svc-ostschweiz-2024-zindel-united\\\/#breadcrumb\"},\"inLanguage\":\"fr-FR\",\"potentialAction\":[{\"@type\":\"ReadAction\",\"target\":[\"https:\\\/\\\/www.organisator.ch\\\/allgemein\\\/2024-03-04\\\/finalist-prix-svc-ostschweiz-2024-zindel-united\\\/\"]}]},{\"@type\":\"ImageObject\",\"inLanguage\":\"fr-FR\",\"@id\":\"https:\\\/\\\/www.organisator.ch\\\/allgemein\\\/2024-03-04\\\/finalist-prix-svc-ostschweiz-2024-zindel-united\\\/#primaryimage\",\"url\":\"https:\\\/\\\/www.organisator.ch\\\/wp-content\\\/uploads\\\/2024\\\/02\\\/Finalist-Prix-SVC-Ostschweiz-2024-Zindel-United_Organisator.jpg\",\"contentUrl\":\"https:\\\/\\\/www.organisator.ch\\\/wp-content\\\/uploads\\\/2024\\\/02\\\/Finalist-Prix-SVC-Ostschweiz-2024-Zindel-United_Organisator.jpg\",\"width\":680,\"height\":356,\"caption\":\"Ebenfalls im Final f\u00fcr den Prix SVC Ostschweiz: Zindel United aus Maienfeld GR (Bild: Screenshot www.zindel-united.swiss)\"},{\"@type\":\"BreadcrumbList\",\"@id\":\"https:\\\/\\\/www.organisator.ch\\\/allgemein\\\/2024-03-04\\\/finalist-prix-svc-ostschweiz-2024-zindel-united\\\/#breadcrumb\",\"itemListElement\":[{\"@type\":\"ListItem\",\"position\":1,\"name\":\"Home\",\"item\":\"https:\\\/\\\/www.organisator.ch\\\/\"},{\"@type\":\"ListItem\",\"position\":2,\"name\":\"Finalist Prix SVC Ostschweiz 2024: Zindel United\"}]},{\"@type\":\"WebSite\",\"@id\":\"https:\\\/\\\/www.organisator.ch\\\/#website\",\"url\":\"https:\\\/\\\/www.organisator.ch\\\/\",\"name\":\"Organisator\",\"description\":\"Kompetent. Praxisnah. Der ORGANISATOR bereitet in 10 Ausgaben pro Jahr die wesentlichen Themen f\u00fcr F\u00fchrungskr\u00e4fte von KMU auf.\",\"publisher\":{\"@id\":\"https:\\\/\\\/www.organisator.ch\\\/#organization\"},\"potentialAction\":[{\"@type\":\"SearchAction\",\"target\":{\"@type\":\"EntryPoint\",\"urlTemplate\":\"https:\\\/\\\/www.organisator.ch\\\/?s={search_term_string}\"},\"query-input\":{\"@type\":\"PropertyValueSpecification\",\"valueRequired\":true,\"valueName\":\"search_term_string\"}}],\"inLanguage\":\"fr-FR\"},{\"@type\":\"Organization\",\"@id\":\"https:\\\/\\\/www.organisator.ch\\\/#organization\",\"name\":\"Organisator\",\"url\":\"https:\\\/\\\/www.organisator.ch\\\/\",\"logo\":{\"@type\":\"ImageObject\",\"inLanguage\":\"fr-FR\",\"@id\":\"https:\\\/\\\/www.organisator.ch\\\/#\\\/schema\\\/logo\\\/image\\\/\",\"url\":\"https:\\\/\\\/www.organisator.ch\\\/wp-content\\\/uploads\\\/2022\\\/01\\\/Logo_Organisator_Website.png\",\"contentUrl\":\"https:\\\/\\\/www.organisator.ch\\\/wp-content\\\/uploads\\\/2022\\\/01\\\/Logo_Organisator_Website.png\",\"width\":800,\"height\":77,\"caption\":\"Organisator\"},\"image\":{\"@id\":\"https:\\\/\\\/www.organisator.ch\\\/#\\\/schema\\\/logo\\\/image\\\/\"},\"sameAs\":[\"https:\\\/\\\/www.facebook.com\\\/OrganisatorFachmagazin\",\"https:\\\/\\\/www.linkedin.com\\\/showcase\\\/organisator-das-magazin-fr-kmu\",\"https:\\\/\\\/www.xing.com\\\/news\\\/pages\\\/organisator-ch-695\",\"https:\\\/\\\/www.youtube.com\\\/channel\\\/UCGP2Sq0iWaZwT3BdIAQFYpw\"]},{\"@type\":\"Person\",\"@id\":\"https:\\\/\\\/www.organisator.ch\\\/#\\\/schema\\\/person\\\/6f650f90b2842cd4c0cc334b4e36f67e\",\"name\":\"thomas.berner\",\"image\":{\"@type\":\"ImageObject\",\"inLanguage\":\"fr-FR\",\"@id\":\"https:\\\/\\\/secure.gravatar.com\\\/avatar\\\/ac5001d2a36cb6c6cd3e50789007ffca834b477b74a2144564522e944eabff61?s=96&d=mm&r=g\",\"url\":\"https:\\\/\\\/secure.gravatar.com\\\/avatar\\\/ac5001d2a36cb6c6cd3e50789007ffca834b477b74a2144564522e944eabff61?s=96&d=mm&r=g\",\"contentUrl\":\"https:\\\/\\\/secure.gravatar.com\\\/avatar\\\/ac5001d2a36cb6c6cd3e50789007ffca834b477b74a2144564522e944eabff61?s=96&d=mm&r=g\",\"caption\":\"thomas.berner\"},\"url\":\"https:\\\/\\\/www.organisator.ch\\\/fr\\\/author\\\/thomas-berner\\\/\"}]}<\/script>\n<!-- \/ Yoast SEO plugin. -->","yoast_head_json":{"title":"Finaliste du Prix SVC Ostschweiz 2024 : Zindel United - Organisateur","description":"Le 7 mars 2024, le Prix SVC Ostschweiz 2024 sera d\u00e9cern\u00e9. L'entreprise Zindel United de Maienfeld, dans les Grisons, est \u00e9galement en lice pour la finale.","robots":{"index":"index","follow":"follow","max-snippet":"max-snippet:-1","max-image-preview":"max-image-preview:large","max-video-preview":"max-video-preview:-1"},"canonical":"https:\/\/www.organisator.ch\/fr\/general\/2024-03-04\/finalist-prix-svc-ostschweiz-2024-zindel-united\/","og_locale":"fr_FR","og_type":"article","og_title":"Finalist Prix SVC Ostschweiz 2024: Zindel United","og_description":"Am 7. M\u00e4rz 2024 wird der Prix SVC Ostschweiz 2024 verliehen. Im Final steht auch die Zindel United aus dem b\u00fcndnerischen Maienfeld.","og_url":"https:\/\/www.organisator.ch\/fr\/general\/2024-03-04\/finalist-prix-svc-ostschweiz-2024-zindel-united\/","og_site_name":"Organisator","article_publisher":"https:\/\/www.facebook.com\/OrganisatorFachmagazin","article_published_time":"2024-03-04T12:45:11+00:00","og_image":[{"width":680,"height":356,"url":"https:\/\/www.organisator.ch\/wp-content\/uploads\/2024\/02\/Finalist-Prix-SVC-Ostschweiz-2024-Zindel-United_Organisator.jpg","type":"image\/jpeg"}],"author":"thomas.berner","twitter_card":"summary_large_image","twitter_title":"Finalist Prix #SVC Ostschweiz 2024: #Zindel United","twitter_description":"Am 7. M\u00e4rz 2024 wird der Prix #SVC Ostschweiz 2024 verliehen. Im Final steht auch die #Zindel United aus dem b\u00fcndnerischen Maienfeld.","twitter_image":"https:\/\/www.organisator.ch\/wp-content\/uploads\/2024\/02\/Finalist-Prix-SVC-Ostschweiz-2024-Zindel-United_Organisator.jpg","schema":{"@context":"https:\/\/schema.org","@graph":[{"@type":"Article","@id":"https:\/\/www.organisator.ch\/allgemein\/2024-03-04\/finalist-prix-svc-ostschweiz-2024-zindel-united\/#article","isPartOf":{"@id":"https:\/\/www.organisator.ch\/allgemein\/2024-03-04\/finalist-prix-svc-ostschweiz-2024-zindel-united\/"},"author":{"name":"thomas.berner","@id":"https:\/\/www.organisator.ch\/#\/schema\/person\/6f650f90b2842cd4c0cc334b4e36f67e"},"headline":"Finalist Prix SVC Ostschweiz 2024: Zindel United","datePublished":"2024-03-04T12:45:11+00:00","mainEntityOfPage":{"@id":"https:\/\/www.organisator.ch\/allgemein\/2024-03-04\/finalist-prix-svc-ostschweiz-2024-zindel-united\/"},"wordCount":472,"publisher":{"@id":"https:\/\/www.organisator.ch\/#organization"},"image":{"@id":"https:\/\/www.organisator.ch\/allgemein\/2024-03-04\/finalist-prix-svc-ostschweiz-2024-zindel-united\/#primaryimage"},"thumbnailUrl":"https:\/\/www.organisator.ch\/wp-content\/uploads\/2024\/02\/Finalist-Prix-SVC-Ostschweiz-2024-Zindel-United_Organisator.jpg","keywords":["Awards","Prix SVC Ostschweiz","Unternehmen"],"articleSection":["Allgemein"],"inLanguage":"fr-FR"},{"@type":"WebPage","@id":"https:\/\/www.organisator.ch\/allgemein\/2024-03-04\/finalist-prix-svc-ostschweiz-2024-zindel-united\/","url":"https:\/\/www.organisator.ch\/allgemein\/2024-03-04\/finalist-prix-svc-ostschweiz-2024-zindel-united\/","name":"Finaliste du Prix SVC Ostschweiz 2024 : Zindel United - Organisateur","isPartOf":{"@id":"https:\/\/www.organisator.ch\/#website"},"primaryImageOfPage":{"@id":"https:\/\/www.organisator.ch\/allgemein\/2024-03-04\/finalist-prix-svc-ostschweiz-2024-zindel-united\/#primaryimage"},"image":{"@id":"https:\/\/www.organisator.ch\/allgemein\/2024-03-04\/finalist-prix-svc-ostschweiz-2024-zindel-united\/#primaryimage"},"thumbnailUrl":"https:\/\/www.organisator.ch\/wp-content\/uploads\/2024\/02\/Finalist-Prix-SVC-Ostschweiz-2024-Zindel-United_Organisator.jpg","datePublished":"2024-03-04T12:45:11+00:00","description":"Le 7 mars 2024, le Prix SVC Ostschweiz 2024 sera d\u00e9cern\u00e9. L'entreprise Zindel United de Maienfeld, dans les Grisons, est \u00e9galement en lice pour la finale.","breadcrumb":{"@id":"https:\/\/www.organisator.ch\/allgemein\/2024-03-04\/finalist-prix-svc-ostschweiz-2024-zindel-united\/#breadcrumb"},"inLanguage":"fr-FR","potentialAction":[{"@type":"ReadAction","target":["https:\/\/www.organisator.ch\/allgemein\/2024-03-04\/finalist-prix-svc-ostschweiz-2024-zindel-united\/"]}]},{"@type":"ImageObject","inLanguage":"fr-FR","@id":"https:\/\/www.organisator.ch\/allgemein\/2024-03-04\/finalist-prix-svc-ostschweiz-2024-zindel-united\/#primaryimage","url":"https:\/\/www.organisator.ch\/wp-content\/uploads\/2024\/02\/Finalist-Prix-SVC-Ostschweiz-2024-Zindel-United_Organisator.jpg","contentUrl":"https:\/\/www.organisator.ch\/wp-content\/uploads\/2024\/02\/Finalist-Prix-SVC-Ostschweiz-2024-Zindel-United_Organisator.jpg","width":680,"height":356,"caption":"Ebenfalls im Final f\u00fcr den Prix SVC Ostschweiz: Zindel United aus Maienfeld GR (Bild: Screenshot www.zindel-united.swiss)"},{"@type":"BreadcrumbList","@id":"https:\/\/www.organisator.ch\/allgemein\/2024-03-04\/finalist-prix-svc-ostschweiz-2024-zindel-united\/#breadcrumb","itemListElement":[{"@type":"ListItem","position":1,"name":"Home","item":"https:\/\/www.organisator.ch\/"},{"@type":"ListItem","position":2,"name":"Finalist Prix SVC Ostschweiz 2024: Zindel United"}]},{"@type":"WebSite","@id":"https:\/\/www.organisator.ch\/#website","url":"https:\/\/www.organisator.ch\/","name":"Organisateur","description":"Comp\u00e9tence et comp\u00e9tence. Proches de la pratique. L'ORGANISATEUR pr\u00e9pare 10 num\u00e9ros par an sur les th\u00e8mes essentiels pour les dirigeants de PME.","publisher":{"@id":"https:\/\/www.organisator.ch\/#organization"},"potentialAction":[{"@type":"SearchAction","target":{"@type":"EntryPoint","urlTemplate":"https:\/\/www.organisator.ch\/?s={search_term_string}"},"query-input":{"@type":"PropertyValueSpecification","valueRequired":true,"valueName":"search_term_string"}}],"inLanguage":"fr-FR"},{"@type":"Organization","@id":"https:\/\/www.organisator.ch\/#organization","name":"Organisateur","url":"https:\/\/www.organisator.ch\/","logo":{"@type":"ImageObject","inLanguage":"fr-FR","@id":"https:\/\/www.organisator.ch\/#\/schema\/logo\/image\/","url":"https:\/\/www.organisator.ch\/wp-content\/uploads\/2022\/01\/Logo_Organisator_Website.png","contentUrl":"https:\/\/www.organisator.ch\/wp-content\/uploads\/2022\/01\/Logo_Organisator_Website.png","width":800,"height":77,"caption":"Organisator"},"image":{"@id":"https:\/\/www.organisator.ch\/#\/schema\/logo\/image\/"},"sameAs":["https:\/\/www.facebook.com\/OrganisatorFachmagazin","https:\/\/www.linkedin.com\/showcase\/organisator-das-magazin-fr-kmu","https:\/\/www.xing.com\/news\/pages\/organisator-ch-695","https:\/\/www.youtube.com\/channel\/UCGP2Sq0iWaZwT3BdIAQFYpw"]},{"@type":"Person","@id":"https:\/\/www.organisator.ch\/#\/schema\/person\/6f650f90b2842cd4c0cc334b4e36f67e","name":"thomas.berner","image":{"@type":"ImageObject","inLanguage":"fr-FR","@id":"https:\/\/secure.gravatar.com\/avatar\/ac5001d2a36cb6c6cd3e50789007ffca834b477b74a2144564522e944eabff61?s=96&d=mm&r=g","url":"https:\/\/secure.gravatar.com\/avatar\/ac5001d2a36cb6c6cd3e50789007ffca834b477b74a2144564522e944eabff61?s=96&d=mm&r=g","contentUrl":"https:\/\/secure.gravatar.com\/avatar\/ac5001d2a36cb6c6cd3e50789007ffca834b477b74a2144564522e944eabff61?s=96&d=mm&r=g","caption":"thomas.berner"},"url":"https:\/\/www.organisator.ch\/fr\/author\/thomas-berner\/"}]}},"_links":{"self":[{"href":"https:\/\/www.organisator.ch\/fr\/wp-json\/wp\/v2\/posts\/25459","targetHints":{"allow":["GET"]}}],"collection":[{"href":"https:\/\/www.organisator.ch\/fr\/wp-json\/wp\/v2\/posts"}],"about":[{"href":"https:\/\/www.organisator.ch\/fr\/wp-json\/wp\/v2\/types\/post"}],"author":[{"embeddable":true,"href":"https:\/\/www.organisator.ch\/fr\/wp-json\/wp\/v2\/users\/4"}],"replies":[{"embeddable":true,"href":"https:\/\/www.organisator.ch\/fr\/wp-json\/wp\/v2\/comments?post=25459"}],"version-history":[{"count":5,"href":"https:\/\/www.organisator.ch\/fr\/wp-json\/wp\/v2\/posts\/25459\/revisions"}],"predecessor-version":[{"id":25619,"href":"https:\/\/www.organisator.ch\/fr\/wp-json\/wp\/v2\/posts\/25459\/revisions\/25619"}],"wp:featuredmedia":[{"embeddable":true,"href":"https:\/\/www.organisator.ch\/fr\/wp-json\/wp\/v2\/media\/25460"}],"wp:attachment":[{"href":"https:\/\/www.organisator.ch\/fr\/wp-json\/wp\/v2\/media?parent=25459"}],"wp:term":[{"taxonomy":"category","embeddable":true,"href":"https:\/\/www.organisator.ch\/fr\/wp-json\/wp\/v2\/categories?post=25459"},{"taxonomy":"post_tag","embeddable":true,"href":"https:\/\/www.organisator.ch\/fr\/wp-json\/wp\/v2\/tags?post=25459"}],"curies":[{"name":"wp","href":"https:\/\/api.w.org\/{rel}","templated":true}]}}