{"id":25480,"date":"2024-02-28T16:21:35","date_gmt":"2024-02-28T15:21:35","guid":{"rendered":"https:\/\/www.organisator.ch\/?p=25480"},"modified":"2024-02-28T16:21:35","modified_gmt":"2024-02-28T15:21:35","slug":"volaris-erwirbt-die-zeit-ag","status":"publish","type":"post","link":"https:\/\/www.organisator.ch\/fr\/management\/2024-02-28\/volaris-erwirbt-die-zeit-ag\/","title":{"rendered":"Volaris acquiert la soci\u00e9t\u00e9 Zeit AG"},"content":{"rendered":"<figure id=\"attachment_25481\" aria-describedby=\"caption-attachment-25481\" style=\"width: 680px\" class=\"wp-caption alignnone\"><img loading=\"lazy\" decoding=\"async\" class=\"wp-image-25481 size-full\" src=\"https:\/\/www.organisator.ch\/wp-content\/uploads\/2024\/02\/Zeit-AG_Bild1_ps.jpg\" alt=\"\" width=\"680\" height=\"510\" srcset=\"https:\/\/www.organisator.ch\/wp-content\/uploads\/2024\/02\/Zeit-AG_Bild1_ps.jpg 680w, https:\/\/www.organisator.ch\/wp-content\/uploads\/2024\/02\/Zeit-AG_Bild1_ps-16x12.jpg 16w, https:\/\/www.organisator.ch\/wp-content\/uploads\/2024\/02\/Zeit-AG_Bild1_ps-375x281.jpg 375w, https:\/\/www.organisator.ch\/wp-content\/uploads\/2024\/02\/Zeit-AG_Bild1_ps-467x350.jpg 467w\" sizes=\"auto, (max-width: 680px) 100vw, 680px\" \/><figcaption id=\"caption-attachment-25481\" class=\"wp-caption-text\">Le groupe Volaris a annonc\u00e9 le rachat de Zeit AG. (Image : www.volarisgroup.com)<\/figcaption><\/figure>\n<p>La technologie de Zeit AG aide les clients \u00e0 g\u00e9rer le temps de travail des employ\u00e9s et des projets, \u00e0 planifier le personnel et les \u00e9quipes et \u00e0 g\u00e9rer les pr\u00e9sences. Les solutions, disponibles en mod\u00e8le SaaS ou sur site, se distinguent par leur adaptabilit\u00e9 et leurs fonctionnalit\u00e9s \u00e9tendues. Parmi les produits phares, on trouve ProLine et Bridge4ERP, qui ont fait de l'entreprise un leader de longue date dans le domaine de la technologie de gestion des temps.\u00a0<\/p>\n<p>La soci\u00e9t\u00e9 Zeit AG, dont le si\u00e8ge principal est \u00e0 Sursee, a \u00e9t\u00e9 fond\u00e9e en 1994 par Ivo Muri. <a href=\"https:\/\/www.organisator.ch\/de\/management\/2018-02-12\/ivo-muri-verkauft-seine-zeit-ag-an-stefan-hermann\/\">En 2018, il a vendu son entreprise au groupe Base-Net de Stefan Herrmann.<\/a>Ce dernier c\u00e8de \u00e0 son tour l'entreprise au groupe canadien Volaris.<\/p>\n<p>Alice Luo, Chief Strategy Officer de Volaris Group, a comment\u00e9 l'acquisition comme suit : \"Je me r\u00e9jouis de travailler avec Zeit AG pour continuer \u00e0 apporter de la valeur ajout\u00e9e \u00e0 ses clients et \u00e0 soutenir sa mission de d\u00e9velopper de nouvelles innovations dans le domaine de la gestion des temps et des effectifs. Les meilleures pratiques ainsi que les formations continues de Volaris contribuent \u00e0 positionner Zeit AG pour le succ\u00e8s et la croissance\".<\/p>\n<p>Stefan M\u00fcller, CEO de Zeit AG, a d\u00e9clar\u00e9 : \"Notre solution modulaire de gestion du temps est con\u00e7ue pour r\u00e9pondre \u00e0 tous les d\u00e9fis de la gestion des effectifs \u00e0 partir d'une source unique et repr\u00e9sente notre engagement envers l'innovation et la satisfaction des clients. Le groupe Volaris ach\u00e8te et conserve les entreprises acquises - cela signifie que nos clients peuvent compter sur un foyer stable pour notre \u00e9quipe et notre technologie\".<\/p>\n<p>Zeit AG continuera d'agir de mani\u00e8re autonome sous la direction de Stefan M\u00fcller et de l'\u00e9quipe de direction de Zeit AG.<\/p>\n<p><em>Source : <a href=\"http:\/\/www.volarisgroup.com\">www.volarisgroup.com<\/a><\/em><\/p>","protected":false},"excerpt":{"rendered":"<p>Le groupe Volaris, qui se pr\u00e9sente comme le premier fournisseur international de logiciels pour les march\u00e9s verticaux, a annonc\u00e9 l'acquisition de Zeit AG, un fournisseur de solutions de gestion du temps de travail adapt\u00e9es aux besoins des entreprises europ\u00e9ennes complexes.<\/p>","protected":false},"author":58,"featured_media":25481,"comment_status":"closed","ping_status":"closed","sticky":false,"template":"","format":"standard","meta":{"_acf_changed":false,"_yoast_wpseo_focuskw":"Zeit AG","_yoast_wpseo_metadesc":"Die Volaris Group hat die \u00dcbernahme der Zeit AG bekannt gegeben, einem Anbieter von Zeiterfassungsl\u00f6sungen.","articlekey":"","footnotes":""},"categories":[28],"tags":[334,335,2343,492],"class_list":["post-25480","post","type-post","status-publish","format-standard","has-post-thumbnail","hentry","category-management","tag-management","tag-management-und-unternehmensfuehrung","tag-uebernahme","tag-unternehmen"],"acf":[],"yoast_head":"<!-- This site is optimized with the Yoast SEO plugin v27.5 - https:\/\/yoast.com\/product\/yoast-seo-wordpress\/ -->\n<title>Volaris erwirbt die Zeit AG - Organisator<\/title>\n<meta name=\"description\" content=\"Die Volaris Group hat die \u00dcbernahme der Zeit AG bekannt gegeben, einem Anbieter von Zeiterfassungsl\u00f6sungen.\" \/>\n<meta name=\"robots\" content=\"index, follow, max-snippet:-1, max-image-preview:large, max-video-preview:-1\" \/>\n<link rel=\"canonical\" href=\"https:\/\/www.organisator.ch\/fr\/gestion-2\/2024-02-28\/volaris-erwirbt-die-zeit-ag\/\" \/>\n<meta property=\"og:locale\" content=\"fr_FR\" \/>\n<meta property=\"og:type\" content=\"article\" \/>\n<meta property=\"og:title\" content=\"Volaris erwirbt die Zeit AG\" \/>\n<meta property=\"og:description\" content=\"Die Volaris Group hat die \u00dcbernahme der Zeit AG bekannt gegeben, einem Anbieter von Zeiterfassungsl\u00f6sungen.\" \/>\n<meta property=\"og:url\" content=\"https:\/\/www.organisator.ch\/fr\/gestion-2\/2024-02-28\/volaris-erwirbt-die-zeit-ag\/\" \/>\n<meta property=\"og:site_name\" content=\"Organisator\" \/>\n<meta property=\"article:publisher\" content=\"https:\/\/www.facebook.com\/OrganisatorFachmagazin\" \/>\n<meta property=\"article:published_time\" content=\"2024-02-28T15:21:35+00:00\" \/>\n<meta property=\"og:image\" content=\"https:\/\/www.organisator.ch\/wp-content\/uploads\/2024\/02\/Zeit-AG_Bild1_ps.jpg\" \/>\n\t<meta property=\"og:image:width\" content=\"680\" \/>\n\t<meta property=\"og:image:height\" content=\"510\" \/>\n\t<meta property=\"og:image:type\" content=\"image\/jpeg\" \/>\n<meta name=\"author\" content=\"Adelisa Kalajdzini\" \/>\n<meta name=\"twitter:card\" content=\"summary_large_image\" \/>\n<meta name=\"twitter:title\" content=\"Volaris erwirbt die Zeit AG\" \/>\n<meta name=\"twitter:description\" content=\"Die #Volaris #Group hat die #\u00dcbernahme der #Zeit #AG bekannt gegeben, einem Anbieter von Zeiterfassungsl\u00f6sungen.\" \/>\n<meta name=\"twitter:image\" content=\"https:\/\/www.organisator.ch\/wp-content\/uploads\/2024\/02\/Zeit-AG_Bild1_ps.jpg\" \/>\n<script type=\"application\/ld+json\" class=\"yoast-schema-graph\">{\"@context\":\"https:\\\/\\\/schema.org\",\"@graph\":[{\"@type\":\"Article\",\"@id\":\"https:\\\/\\\/www.organisator.ch\\\/management\\\/2024-02-28\\\/volaris-erwirbt-die-zeit-ag\\\/#article\",\"isPartOf\":{\"@id\":\"https:\\\/\\\/www.organisator.ch\\\/management\\\/2024-02-28\\\/volaris-erwirbt-die-zeit-ag\\\/\"},\"author\":{\"name\":\"Adelisa Kalajdzini\",\"@id\":\"https:\\\/\\\/www.organisator.ch\\\/#\\\/schema\\\/person\\\/2e1314a2172123f874db408d8911d3f3\"},\"headline\":\"Volaris erwirbt die Zeit AG\",\"datePublished\":\"2024-02-28T15:21:35+00:00\",\"mainEntityOfPage\":{\"@id\":\"https:\\\/\\\/www.organisator.ch\\\/management\\\/2024-02-28\\\/volaris-erwirbt-die-zeit-ag\\\/\"},\"wordCount\":295,\"publisher\":{\"@id\":\"https:\\\/\\\/www.organisator.ch\\\/#organization\"},\"image\":{\"@id\":\"https:\\\/\\\/www.organisator.ch\\\/management\\\/2024-02-28\\\/volaris-erwirbt-die-zeit-ag\\\/#primaryimage\"},\"thumbnailUrl\":\"https:\\\/\\\/www.organisator.ch\\\/wp-content\\\/uploads\\\/2024\\\/02\\\/Zeit-AG_Bild1_ps.jpg\",\"keywords\":[\"Management\",\"Management und Unternehmensf\u00fchrung\",\"\u00dcbernahme\",\"Unternehmen\"],\"articleSection\":[\"MANAGEMENT\"],\"inLanguage\":\"fr-FR\"},{\"@type\":\"WebPage\",\"@id\":\"https:\\\/\\\/www.organisator.ch\\\/management\\\/2024-02-28\\\/volaris-erwirbt-die-zeit-ag\\\/\",\"url\":\"https:\\\/\\\/www.organisator.ch\\\/management\\\/2024-02-28\\\/volaris-erwirbt-die-zeit-ag\\\/\",\"name\":\"Volaris erwirbt die Zeit AG - Organisator\",\"isPartOf\":{\"@id\":\"https:\\\/\\\/www.organisator.ch\\\/#website\"},\"primaryImageOfPage\":{\"@id\":\"https:\\\/\\\/www.organisator.ch\\\/management\\\/2024-02-28\\\/volaris-erwirbt-die-zeit-ag\\\/#primaryimage\"},\"image\":{\"@id\":\"https:\\\/\\\/www.organisator.ch\\\/management\\\/2024-02-28\\\/volaris-erwirbt-die-zeit-ag\\\/#primaryimage\"},\"thumbnailUrl\":\"https:\\\/\\\/www.organisator.ch\\\/wp-content\\\/uploads\\\/2024\\\/02\\\/Zeit-AG_Bild1_ps.jpg\",\"datePublished\":\"2024-02-28T15:21:35+00:00\",\"description\":\"Die Volaris Group hat die \u00dcbernahme der Zeit AG bekannt gegeben, einem Anbieter von Zeiterfassungsl\u00f6sungen.\",\"breadcrumb\":{\"@id\":\"https:\\\/\\\/www.organisator.ch\\\/management\\\/2024-02-28\\\/volaris-erwirbt-die-zeit-ag\\\/#breadcrumb\"},\"inLanguage\":\"fr-FR\",\"potentialAction\":[{\"@type\":\"ReadAction\",\"target\":[\"https:\\\/\\\/www.organisator.ch\\\/management\\\/2024-02-28\\\/volaris-erwirbt-die-zeit-ag\\\/\"]}]},{\"@type\":\"ImageObject\",\"inLanguage\":\"fr-FR\",\"@id\":\"https:\\\/\\\/www.organisator.ch\\\/management\\\/2024-02-28\\\/volaris-erwirbt-die-zeit-ag\\\/#primaryimage\",\"url\":\"https:\\\/\\\/www.organisator.ch\\\/wp-content\\\/uploads\\\/2024\\\/02\\\/Zeit-AG_Bild1_ps.jpg\",\"contentUrl\":\"https:\\\/\\\/www.organisator.ch\\\/wp-content\\\/uploads\\\/2024\\\/02\\\/Zeit-AG_Bild1_ps.jpg\",\"width\":680,\"height\":510,\"caption\":\": Die Volaris Group hat die \u00dcbernahme der Zeit AG bekannt gegeben. (Bild: www.volarisgroup.com)\"},{\"@type\":\"BreadcrumbList\",\"@id\":\"https:\\\/\\\/www.organisator.ch\\\/management\\\/2024-02-28\\\/volaris-erwirbt-die-zeit-ag\\\/#breadcrumb\",\"itemListElement\":[{\"@type\":\"ListItem\",\"position\":1,\"name\":\"Home\",\"item\":\"https:\\\/\\\/www.organisator.ch\\\/\"},{\"@type\":\"ListItem\",\"position\":2,\"name\":\"Volaris erwirbt die Zeit AG\"}]},{\"@type\":\"WebSite\",\"@id\":\"https:\\\/\\\/www.organisator.ch\\\/#website\",\"url\":\"https:\\\/\\\/www.organisator.ch\\\/\",\"name\":\"Organisator\",\"description\":\"Kompetent. Praxisnah. Der ORGANISATOR bereitet in 10 Ausgaben pro Jahr die wesentlichen Themen f\u00fcr F\u00fchrungskr\u00e4fte von KMU auf.\",\"publisher\":{\"@id\":\"https:\\\/\\\/www.organisator.ch\\\/#organization\"},\"potentialAction\":[{\"@type\":\"SearchAction\",\"target\":{\"@type\":\"EntryPoint\",\"urlTemplate\":\"https:\\\/\\\/www.organisator.ch\\\/?s={search_term_string}\"},\"query-input\":{\"@type\":\"PropertyValueSpecification\",\"valueRequired\":true,\"valueName\":\"search_term_string\"}}],\"inLanguage\":\"fr-FR\"},{\"@type\":\"Organization\",\"@id\":\"https:\\\/\\\/www.organisator.ch\\\/#organization\",\"name\":\"Organisator\",\"url\":\"https:\\\/\\\/www.organisator.ch\\\/\",\"logo\":{\"@type\":\"ImageObject\",\"inLanguage\":\"fr-FR\",\"@id\":\"https:\\\/\\\/www.organisator.ch\\\/#\\\/schema\\\/logo\\\/image\\\/\",\"url\":\"https:\\\/\\\/www.organisator.ch\\\/wp-content\\\/uploads\\\/2022\\\/01\\\/Logo_Organisator_Website.png\",\"contentUrl\":\"https:\\\/\\\/www.organisator.ch\\\/wp-content\\\/uploads\\\/2022\\\/01\\\/Logo_Organisator_Website.png\",\"width\":800,\"height\":77,\"caption\":\"Organisator\"},\"image\":{\"@id\":\"https:\\\/\\\/www.organisator.ch\\\/#\\\/schema\\\/logo\\\/image\\\/\"},\"sameAs\":[\"https:\\\/\\\/www.facebook.com\\\/OrganisatorFachmagazin\",\"https:\\\/\\\/www.linkedin.com\\\/showcase\\\/organisator-das-magazin-fr-kmu\",\"https:\\\/\\\/www.xing.com\\\/news\\\/pages\\\/organisator-ch-695\",\"https:\\\/\\\/www.youtube.com\\\/channel\\\/UCGP2Sq0iWaZwT3BdIAQFYpw\"]},{\"@type\":\"Person\",\"@id\":\"https:\\\/\\\/www.organisator.ch\\\/#\\\/schema\\\/person\\\/2e1314a2172123f874db408d8911d3f3\",\"name\":\"Adelisa Kalajdzini\",\"image\":{\"@type\":\"ImageObject\",\"inLanguage\":\"fr-FR\",\"@id\":\"https:\\\/\\\/secure.gravatar.com\\\/avatar\\\/09a397c22ac58cad6f160ee8306348599df9df58a8ede73696226897b9fa4b24?s=96&d=mm&r=g\",\"url\":\"https:\\\/\\\/secure.gravatar.com\\\/avatar\\\/09a397c22ac58cad6f160ee8306348599df9df58a8ede73696226897b9fa4b24?s=96&d=mm&r=g\",\"contentUrl\":\"https:\\\/\\\/secure.gravatar.com\\\/avatar\\\/09a397c22ac58cad6f160ee8306348599df9df58a8ede73696226897b9fa4b24?s=96&d=mm&r=g\",\"caption\":\"Adelisa Kalajdzini\"},\"url\":\"https:\\\/\\\/www.organisator.ch\\\/fr\\\/author\\\/adelisa-kalajdzini\\\/\"}]}<\/script>\n<!-- \/ Yoast SEO plugin. -->","yoast_head_json":{"title":"Volaris acquiert la soci\u00e9t\u00e9 Zeit AG - Organisateur","description":"Le groupe Volaris a annonc\u00e9 l'acquisition de Zeit AG, un fournisseur de solutions de gestion du temps.","robots":{"index":"index","follow":"follow","max-snippet":"max-snippet:-1","max-image-preview":"max-image-preview:large","max-video-preview":"max-video-preview:-1"},"canonical":"https:\/\/www.organisator.ch\/fr\/gestion-2\/2024-02-28\/volaris-erwirbt-die-zeit-ag\/","og_locale":"fr_FR","og_type":"article","og_title":"Volaris erwirbt die Zeit AG","og_description":"Die Volaris Group hat die \u00dcbernahme der Zeit AG bekannt gegeben, einem Anbieter von Zeiterfassungsl\u00f6sungen.","og_url":"https:\/\/www.organisator.ch\/fr\/gestion-2\/2024-02-28\/volaris-erwirbt-die-zeit-ag\/","og_site_name":"Organisator","article_publisher":"https:\/\/www.facebook.com\/OrganisatorFachmagazin","article_published_time":"2024-02-28T15:21:35+00:00","og_image":[{"width":680,"height":510,"url":"https:\/\/www.organisator.ch\/wp-content\/uploads\/2024\/02\/Zeit-AG_Bild1_ps.jpg","type":"image\/jpeg"}],"author":"Adelisa Kalajdzini","twitter_card":"summary_large_image","twitter_title":"Volaris erwirbt die Zeit AG","twitter_description":"Die #Volaris #Group hat die #\u00dcbernahme der #Zeit #AG bekannt gegeben, einem Anbieter von Zeiterfassungsl\u00f6sungen.","twitter_image":"https:\/\/www.organisator.ch\/wp-content\/uploads\/2024\/02\/Zeit-AG_Bild1_ps.jpg","schema":{"@context":"https:\/\/schema.org","@graph":[{"@type":"Article","@id":"https:\/\/www.organisator.ch\/management\/2024-02-28\/volaris-erwirbt-die-zeit-ag\/#article","isPartOf":{"@id":"https:\/\/www.organisator.ch\/management\/2024-02-28\/volaris-erwirbt-die-zeit-ag\/"},"author":{"name":"Adelisa Kalajdzini","@id":"https:\/\/www.organisator.ch\/#\/schema\/person\/2e1314a2172123f874db408d8911d3f3"},"headline":"Volaris erwirbt die Zeit AG","datePublished":"2024-02-28T15:21:35+00:00","mainEntityOfPage":{"@id":"https:\/\/www.organisator.ch\/management\/2024-02-28\/volaris-erwirbt-die-zeit-ag\/"},"wordCount":295,"publisher":{"@id":"https:\/\/www.organisator.ch\/#organization"},"image":{"@id":"https:\/\/www.organisator.ch\/management\/2024-02-28\/volaris-erwirbt-die-zeit-ag\/#primaryimage"},"thumbnailUrl":"https:\/\/www.organisator.ch\/wp-content\/uploads\/2024\/02\/Zeit-AG_Bild1_ps.jpg","keywords":["Management","Management und Unternehmensf\u00fchrung","\u00dcbernahme","Unternehmen"],"articleSection":["MANAGEMENT"],"inLanguage":"fr-FR"},{"@type":"WebPage","@id":"https:\/\/www.organisator.ch\/management\/2024-02-28\/volaris-erwirbt-die-zeit-ag\/","url":"https:\/\/www.organisator.ch\/management\/2024-02-28\/volaris-erwirbt-die-zeit-ag\/","name":"Volaris acquiert la soci\u00e9t\u00e9 Zeit AG - Organisateur","isPartOf":{"@id":"https:\/\/www.organisator.ch\/#website"},"primaryImageOfPage":{"@id":"https:\/\/www.organisator.ch\/management\/2024-02-28\/volaris-erwirbt-die-zeit-ag\/#primaryimage"},"image":{"@id":"https:\/\/www.organisator.ch\/management\/2024-02-28\/volaris-erwirbt-die-zeit-ag\/#primaryimage"},"thumbnailUrl":"https:\/\/www.organisator.ch\/wp-content\/uploads\/2024\/02\/Zeit-AG_Bild1_ps.jpg","datePublished":"2024-02-28T15:21:35+00:00","description":"Le groupe Volaris a annonc\u00e9 l'acquisition de Zeit AG, un fournisseur de solutions de gestion du temps.","breadcrumb":{"@id":"https:\/\/www.organisator.ch\/management\/2024-02-28\/volaris-erwirbt-die-zeit-ag\/#breadcrumb"},"inLanguage":"fr-FR","potentialAction":[{"@type":"ReadAction","target":["https:\/\/www.organisator.ch\/management\/2024-02-28\/volaris-erwirbt-die-zeit-ag\/"]}]},{"@type":"ImageObject","inLanguage":"fr-FR","@id":"https:\/\/www.organisator.ch\/management\/2024-02-28\/volaris-erwirbt-die-zeit-ag\/#primaryimage","url":"https:\/\/www.organisator.ch\/wp-content\/uploads\/2024\/02\/Zeit-AG_Bild1_ps.jpg","contentUrl":"https:\/\/www.organisator.ch\/wp-content\/uploads\/2024\/02\/Zeit-AG_Bild1_ps.jpg","width":680,"height":510,"caption":": Die Volaris Group hat die \u00dcbernahme der Zeit AG bekannt gegeben. (Bild: www.volarisgroup.com)"},{"@type":"BreadcrumbList","@id":"https:\/\/www.organisator.ch\/management\/2024-02-28\/volaris-erwirbt-die-zeit-ag\/#breadcrumb","itemListElement":[{"@type":"ListItem","position":1,"name":"Home","item":"https:\/\/www.organisator.ch\/"},{"@type":"ListItem","position":2,"name":"Volaris erwirbt die Zeit AG"}]},{"@type":"WebSite","@id":"https:\/\/www.organisator.ch\/#website","url":"https:\/\/www.organisator.ch\/","name":"Organisateur","description":"Comp\u00e9tence et comp\u00e9tence. Proches de la pratique. L'ORGANISATEUR pr\u00e9pare 10 num\u00e9ros par an sur les th\u00e8mes essentiels pour les dirigeants de PME.","publisher":{"@id":"https:\/\/www.organisator.ch\/#organization"},"potentialAction":[{"@type":"SearchAction","target":{"@type":"EntryPoint","urlTemplate":"https:\/\/www.organisator.ch\/?s={search_term_string}"},"query-input":{"@type":"PropertyValueSpecification","valueRequired":true,"valueName":"search_term_string"}}],"inLanguage":"fr-FR"},{"@type":"Organization","@id":"https:\/\/www.organisator.ch\/#organization","name":"Organisateur","url":"https:\/\/www.organisator.ch\/","logo":{"@type":"ImageObject","inLanguage":"fr-FR","@id":"https:\/\/www.organisator.ch\/#\/schema\/logo\/image\/","url":"https:\/\/www.organisator.ch\/wp-content\/uploads\/2022\/01\/Logo_Organisator_Website.png","contentUrl":"https:\/\/www.organisator.ch\/wp-content\/uploads\/2022\/01\/Logo_Organisator_Website.png","width":800,"height":77,"caption":"Organisator"},"image":{"@id":"https:\/\/www.organisator.ch\/#\/schema\/logo\/image\/"},"sameAs":["https:\/\/www.facebook.com\/OrganisatorFachmagazin","https:\/\/www.linkedin.com\/showcase\/organisator-das-magazin-fr-kmu","https:\/\/www.xing.com\/news\/pages\/organisator-ch-695","https:\/\/www.youtube.com\/channel\/UCGP2Sq0iWaZwT3BdIAQFYpw"]},{"@type":"Person","@id":"https:\/\/www.organisator.ch\/#\/schema\/person\/2e1314a2172123f874db408d8911d3f3","name":"Adelisa Kalajdzini","image":{"@type":"ImageObject","inLanguage":"fr-FR","@id":"https:\/\/secure.gravatar.com\/avatar\/09a397c22ac58cad6f160ee8306348599df9df58a8ede73696226897b9fa4b24?s=96&d=mm&r=g","url":"https:\/\/secure.gravatar.com\/avatar\/09a397c22ac58cad6f160ee8306348599df9df58a8ede73696226897b9fa4b24?s=96&d=mm&r=g","contentUrl":"https:\/\/secure.gravatar.com\/avatar\/09a397c22ac58cad6f160ee8306348599df9df58a8ede73696226897b9fa4b24?s=96&d=mm&r=g","caption":"Adelisa Kalajdzini"},"url":"https:\/\/www.organisator.ch\/fr\/author\/adelisa-kalajdzini\/"}]}},"_links":{"self":[{"href":"https:\/\/www.organisator.ch\/fr\/wp-json\/wp\/v2\/posts\/25480","targetHints":{"allow":["GET"]}}],"collection":[{"href":"https:\/\/www.organisator.ch\/fr\/wp-json\/wp\/v2\/posts"}],"about":[{"href":"https:\/\/www.organisator.ch\/fr\/wp-json\/wp\/v2\/types\/post"}],"author":[{"embeddable":true,"href":"https:\/\/www.organisator.ch\/fr\/wp-json\/wp\/v2\/users\/58"}],"replies":[{"embeddable":true,"href":"https:\/\/www.organisator.ch\/fr\/wp-json\/wp\/v2\/comments?post=25480"}],"version-history":[{"count":6,"href":"https:\/\/www.organisator.ch\/fr\/wp-json\/wp\/v2\/posts\/25480\/revisions"}],"predecessor-version":[{"id":25496,"href":"https:\/\/www.organisator.ch\/fr\/wp-json\/wp\/v2\/posts\/25480\/revisions\/25496"}],"wp:featuredmedia":[{"embeddable":true,"href":"https:\/\/www.organisator.ch\/fr\/wp-json\/wp\/v2\/media\/25481"}],"wp:attachment":[{"href":"https:\/\/www.organisator.ch\/fr\/wp-json\/wp\/v2\/media?parent=25480"}],"wp:term":[{"taxonomy":"category","embeddable":true,"href":"https:\/\/www.organisator.ch\/fr\/wp-json\/wp\/v2\/categories?post=25480"},{"taxonomy":"post_tag","embeddable":true,"href":"https:\/\/www.organisator.ch\/fr\/wp-json\/wp\/v2\/tags?post=25480"}],"curies":[{"name":"wp","href":"https:\/\/api.w.org\/{rel}","templated":true}]}}