{"id":25505,"date":"2024-02-29T11:02:56","date_gmt":"2024-02-29T10:02:56","guid":{"rendered":"https:\/\/www.m-q.ch\/?p=19358"},"modified":"2024-11-11T15:44:42","modified_gmt":"2024-11-11T14:44:42","slug":"umfrage-schweizer-innovationskraft-vor-ki-herausforderungen","status":"publish","type":"post","link":"https:\/\/www.organisator.ch\/fr\/operational-excellence\/2024-02-29\/umfrage-schweizer-innovationskraft-vor-ki-herausforderungen\/","title":{"rendered":"Enqu\u00eate : la capacit\u00e9 d'innovation suisse face aux d\u00e9fis de l'IA"},"content":{"rendered":"<figure id=\"attachment_19359\" class=\"wp-caption alignnone\" style=\"width: 680px\" aria-describedby=\"caption-attachment-19359\"><img class=\"alignnone wp-image-19359 size-full\" src=\"https:\/\/www.m-q.ch\/wp-content\/uploads\/2024\/02\/Alixpartners_Bild1_ps.jpg\" alt=\"Investir dans les outils num\u00e9riques \" width=\"680\" height=\"454\" \/>\r\n<figcaption id=\"caption-attachment-19359\" class=\"wp-caption-text\">Dans les mois \u00e0 venir, 43% des cadres suisses veulent augmenter leurs investissements dans les outils et technologies num\u00e9riques par rapport \u00e0 l'ann\u00e9e pr\u00e9c\u00e9dente. (Image : www.depositphotos.com)<\/figcaption>\r\n<\/figure>\r\n<p>\"L'IA joue d\u00e9j\u00e0 un r\u00f4le important dans de nombreuses entreprises, alors que nous n'en sommes qu'au d\u00e9but. Dans les mois \u00e0 venir, 43% des cadres suisses veulent augmenter leurs investissements dans les outils et technologies num\u00e9riques par rapport \u00e0 l'ann\u00e9e pr\u00e9c\u00e9dente. En outre, l'IA est consid\u00e9r\u00e9e dans de nombreux domaines de l'entreprise comme un moteur de changement pour des probl\u00e8mes connus depuis longtemps, entre autres dans la cha\u00eene d'approvisionnement\", d\u00e9clare Beatrix Morath, Managing Director et Country-Lead Suisse ainsi que DACH-Co-Lead chez AlixPartners.<\/p>\r\n<h3><strong>L'IA fait augmenter la propension des entreprises \u00e0 innover<\/strong><\/h3>\r\n<p>Selon l'\u00e9tude, pour laquelle plus de 3000 CEO et cadres sup\u00e9rieurs de diff\u00e9rents secteurs ont \u00e9t\u00e9 interrog\u00e9s dans le monde entier, dont pr\u00e8s de 200 en Suisse, l'IA est un th\u00e8me tr\u00e8s pr\u00e9sent : 51% misent d\u00e9j\u00e0 r\u00e9guli\u00e8rement sur l'utilisation de l'IA et, avec 58%, la majorit\u00e9 se montre optimiste quant \u00e0 son influence positive sur leur entreprise \u00e0 l'avenir. En effet, la pr\u00e9sence croissante de l'IA paie \u00e9galement sur la probl\u00e9matique de la cha\u00eene d'approvisionnement, qui a agit\u00e9 les entreprises du monde entier ces derni\u00e8res ann\u00e9es : Plus d'un tiers des entreprises suisses investissent dans des solutions num\u00e9riques afin de stabiliser les cha\u00eenes d'approvisionnement. En outre, l'IA devrait \u00e0 l'avenir contribuer \u00e0 automatiser les pr\u00e9visions et \u00e0 optimiser la planification des ventes. L'IA a \u00e9galement des r\u00e9percussions en mati\u00e8re de cybers\u00e9curit\u00e9 : \"La sensibilisation \u00e0 la cybers\u00e9curit\u00e9 ne cesse de cro\u00eetre, car l'IA augmente naturellement aussi les risques dans ce domaine\", explique Beatrix Morath.<\/p>\r\n<p>\"Toutes ces \u00e9volutions rec\u00e8lent un grand potentiel. Bien mises en \u0153uvre, elles peuvent d\u00e9boucher sur de v\u00e9ritables avantages concurrentiels. Mais ce qui compte ici, c'est surtout la d\u00e9termination des entreprises. En comparaison internationale, notamment avec l'Allemagne, nous voyons que la Suisse a une longueur d'avance et qu'elle consid\u00e8re ces th\u00e8mes comme une opportunit\u00e9. Il faut maintenant passer aux actes pour d\u00e9fendre le statut de la Suisse en tant que moteur de l'innovation, notamment en ce qui concerne le march\u00e9 asiatique\", souligne Morath.<\/p>\r\n<h3><strong>La r\u00e9ticence freine la num\u00e9risation et le progr\u00e8s de la transformation<\/strong><\/h3>\r\n<p>L'enqu\u00eate montre en effet que l'\u00e9conomie suisse est toujours confront\u00e9e \u00e0 un dilemme : si la Suisse est consid\u00e9r\u00e9e comme le fer de lance de la force d'innovation, la prudence et les pr\u00e9occupations en mati\u00e8re de s\u00e9curit\u00e9 restent importantes. Seuls 26% des entreprises suisses font actuellement avancer activement une transformation de leurs mod\u00e8les commerciaux, tandis qu'une grande partie se contente de r\u00e9agir aux circonstances changeantes. La retenue se refl\u00e8te \u00e9galement dans la crainte des Suisses pour leur emploi : avec 38%, ils estiment que leur emploi est le plus menac\u00e9 par les \u00e9volutions disruptives. En outre, 36% craignent au moins que leurs comp\u00e9tences professionnelles ne puissent pas suivre le rythme.<\/p>\r\n<figure id=\"attachment_19360\" class=\"wp-caption alignnone\" style=\"width: 680px\" aria-describedby=\"caption-attachment-19360\"><img class=\"size-full wp-image-19360\" src=\"https:\/\/www.m-q.ch\/wp-content\/uploads\/2024\/02\/Alixpartners_Bild2_ps.jpg\" alt=\"\" width=\"680\" height=\"383\" \/>\r\n<figcaption id=\"caption-attachment-19360\" class=\"wp-caption-text\">(Image : www.alixpartners.com)<\/figcaption>\r\n<\/figure>\r\n<p>\"L'\u00e9volution toujours incertaine de la situation \u00e9conomique alimente encore la prudence de nombreuses entreprises. Et cela peut tout \u00e0 fait comporter des risques au regard de la concurrence internationale\", comme l'analyse le Managing Director Karsten Lafrenz. \"En comparaison internationale, la Suisse se montre particuli\u00e8rement pessimiste. Moins de la moiti\u00e9 envisage l'avenir de mani\u00e8re positive en ce qui concerne une r\u00e9cession, alors qu'en Chine par exemple, seul un tiers environ des personnes interrog\u00e9es sont dans ce cas\". L'expert met \u00e9galement en garde contre les effets de l'incertitude croissante sur la comp\u00e9titivit\u00e9. Ainsi, trop de cadres sont encore pr\u00e9occup\u00e9s par l'\u00e9ventuel 'apr\u00e8s-demain'.<\/p>\r\n<p>\"Mais pour pouvoir exister demain, les entreprises doivent remettre en question en permanence leur statu quo et l'adapter aux \u00e9volutions dynamiques de notre monde. Dans la lutte mondiale pour les parts de march\u00e9, notamment avec les forces \u00e9mergentes d'Asie et les march\u00e9s \u00e9mergents, les entreprises suisses sont confront\u00e9es au d\u00e9fi de poursuivre leur transformation de mani\u00e8re cons\u00e9quente - de mani\u00e8re globale, sans compromis et \u00e0 tous les niveaux\", r\u00e9sume Lafrenz. Cela signifie \u00e9galement que le recentrage sur les march\u00e9s nationaux va prendre de plus en plus d'importance. Ainsi, 27% des Suisses classent la d\u00e9globalisation parmi les trois principaux d\u00e9fis que devra relever l'\u00e9conomie nationale dans les mois \u00e0 venir. Selon les experts, cela a pour cons\u00e9quence que plus d'un tiers des personnes interrog\u00e9es s'attendent \u00e0 des changements dans le r\u00e9seau g\u00e9ographique des sites de leurs entreprises - ce qui touche particuli\u00e8rement les entreprises suisses, notamment en raison de la structure \u00e9conomique fortement marqu\u00e9e par des groupes op\u00e9rant \u00e0 l'\u00e9chelle internationale.<\/p>\r\n<p><em>Source : <a href=\"http:\/\/www.alixpartners.com\/\">www.alixpartners.com<\/a><\/em><\/p>\n<p class=\"syndicated-attribution\">Cet article est paru initialement sur m-q.ch - <a href=\"https:\/\/www.m-q.ch\/de\/umfrage-schweizer-innovationskraft-vor-ki-herausforderungen\/\" target=\"_blank\">https:\/\/www.m-q.ch\/de\/umfrage-schweizer-innovationskraft-vor-ki-herausforderungen\/<\/a><\/p>","protected":false},"excerpt":{"rendered":"<p>Les inqui\u00e9tudes persistantes concernant les cha\u00eenes d'approvisionnement et de commerce ainsi que la disponibilit\u00e9 et les prix des mati\u00e8res premi\u00e8res ont domin\u00e9 le d\u00e9veloppement \u00e9conomique ces derni\u00e8res ann\u00e9es - en Suisse \u00e9galement. Mais selon une \u00e9tude r\u00e9cente du cabinet de conseil international AlixPartners, cela devrait changer : La m\u00e9ga-tendance de l'intelligence artificielle continue d'attiser les plans d'innovation des entreprises suisses, comme le montrent les r\u00e9sultats du dernier AlixPartners Disruption Index 2024.<\/p>","protected":false},"author":58,"featured_media":0,"comment_status":"closed","ping_status":"closed","sticky":false,"template":"","format":"standard","meta":{"_acf_changed":false,"_yoast_wpseo_focuskw":"Investitionen in digitale Tools","_yoast_wpseo_metadesc":"43% der Schweizer F\u00fchrungskr\u00e4fte planen mehr Investitionen in digitale Tools und KI. Innovationschancen und Herausforderungen.","articlekey":"","footnotes":""},"categories":[582],"tags":[156,4072,605,424,492],"class_list":["post-25505","post","type-post","status-publish","format-standard","hentry","category-operational-excellence","tag-digitalisierung","tag-index","tag-qualitaetsmanagement","tag-schweiz","tag-unternehmen"],"acf":[],"yoast_head":"<!-- This site is optimized with the Yoast SEO plugin v27.5 - https:\/\/yoast.com\/product\/yoast-seo-wordpress\/ -->\n<title>Umfrage: Schweizer Innovationskraft vor KI-Herausforderungen - Organisator<\/title>\n<meta name=\"description\" content=\"43% der Schweizer F\u00fchrungskr\u00e4fte planen mehr Investitionen in digitale Tools und KI. Innovationschancen und Herausforderungen.\" \/>\n<meta name=\"robots\" content=\"index, follow, max-snippet:-1, max-image-preview:large, max-video-preview:-1\" \/>\n<link rel=\"canonical\" href=\"https:\/\/www.organisator.ch\/fr\/excellence-operationnelle\/2024-02-29\/umfrage-schweizer-innovationskraft-vor-ki-herausforderungen\/\" \/>\n<meta property=\"og:locale\" content=\"fr_FR\" \/>\n<meta property=\"og:type\" content=\"article\" \/>\n<meta property=\"og:title\" content=\"Umfrage: Schweizer Innovationskraft vor KI-Herausforderungen - Organisator\" \/>\n<meta property=\"og:description\" content=\"43% der Schweizer F\u00fchrungskr\u00e4fte planen mehr Investitionen in digitale Tools und KI. Innovationschancen und Herausforderungen.\" \/>\n<meta property=\"og:url\" content=\"https:\/\/www.organisator.ch\/fr\/excellence-operationnelle\/2024-02-29\/umfrage-schweizer-innovationskraft-vor-ki-herausforderungen\/\" \/>\n<meta property=\"og:site_name\" content=\"Organisator\" \/>\n<meta property=\"article:publisher\" content=\"https:\/\/www.facebook.com\/OrganisatorFachmagazin\" \/>\n<meta property=\"article:published_time\" content=\"2024-02-29T10:02:56+00:00\" \/>\n<meta property=\"article:modified_time\" content=\"2024-11-11T14:44:42+00:00\" \/>\n<meta property=\"og:image\" content=\"https:\/\/www.m-q.ch\/wp-content\/uploads\/2024\/02\/Alixpartners_Bild1_ps.jpg\" \/>\n<meta name=\"author\" content=\"Adelisa Kalajdzini\" \/>\n<meta name=\"twitter:card\" content=\"summary_large_image\" \/>\n<script type=\"application\/ld+json\" class=\"yoast-schema-graph\">{\"@context\":\"https:\\\/\\\/schema.org\",\"@graph\":[{\"@type\":\"Article\",\"@id\":\"https:\\\/\\\/www.organisator.ch\\\/operational-excellence\\\/2024-02-29\\\/umfrage-schweizer-innovationskraft-vor-ki-herausforderungen\\\/#article\",\"isPartOf\":{\"@id\":\"https:\\\/\\\/www.organisator.ch\\\/operational-excellence\\\/2024-02-29\\\/umfrage-schweizer-innovationskraft-vor-ki-herausforderungen\\\/\"},\"author\":{\"name\":\"Adelisa Kalajdzini\",\"@id\":\"https:\\\/\\\/www.organisator.ch\\\/#\\\/schema\\\/person\\\/2e1314a2172123f874db408d8911d3f3\"},\"headline\":\"Umfrage: Schweizer Innovationskraft vor KI-Herausforderungen\",\"datePublished\":\"2024-02-29T10:02:56+00:00\",\"dateModified\":\"2024-11-11T14:44:42+00:00\",\"mainEntityOfPage\":{\"@id\":\"https:\\\/\\\/www.organisator.ch\\\/operational-excellence\\\/2024-02-29\\\/umfrage-schweizer-innovationskraft-vor-ki-herausforderungen\\\/\"},\"wordCount\":681,\"publisher\":{\"@id\":\"https:\\\/\\\/www.organisator.ch\\\/#organization\"},\"image\":{\"@id\":\"https:\\\/\\\/www.organisator.ch\\\/operational-excellence\\\/2024-02-29\\\/umfrage-schweizer-innovationskraft-vor-ki-herausforderungen\\\/#primaryimage\"},\"thumbnailUrl\":\"https:\\\/\\\/www.m-q.ch\\\/wp-content\\\/uploads\\\/2024\\\/02\\\/Alixpartners_Bild1_ps.jpg\",\"keywords\":[\"Digitalisierung\",\"Index\",\"Qualit\u00e4tsmanagement\",\"Schweiz\",\"Unternehmen\"],\"articleSection\":[\"OPERATIONAL EXCELLENCE\"],\"inLanguage\":\"fr-FR\"},{\"@type\":\"WebPage\",\"@id\":\"https:\\\/\\\/www.organisator.ch\\\/operational-excellence\\\/2024-02-29\\\/umfrage-schweizer-innovationskraft-vor-ki-herausforderungen\\\/\",\"url\":\"https:\\\/\\\/www.organisator.ch\\\/operational-excellence\\\/2024-02-29\\\/umfrage-schweizer-innovationskraft-vor-ki-herausforderungen\\\/\",\"name\":\"Umfrage: Schweizer Innovationskraft vor KI-Herausforderungen - Organisator\",\"isPartOf\":{\"@id\":\"https:\\\/\\\/www.organisator.ch\\\/#website\"},\"primaryImageOfPage\":{\"@id\":\"https:\\\/\\\/www.organisator.ch\\\/operational-excellence\\\/2024-02-29\\\/umfrage-schweizer-innovationskraft-vor-ki-herausforderungen\\\/#primaryimage\"},\"image\":{\"@id\":\"https:\\\/\\\/www.organisator.ch\\\/operational-excellence\\\/2024-02-29\\\/umfrage-schweizer-innovationskraft-vor-ki-herausforderungen\\\/#primaryimage\"},\"thumbnailUrl\":\"https:\\\/\\\/www.m-q.ch\\\/wp-content\\\/uploads\\\/2024\\\/02\\\/Alixpartners_Bild1_ps.jpg\",\"datePublished\":\"2024-02-29T10:02:56+00:00\",\"dateModified\":\"2024-11-11T14:44:42+00:00\",\"description\":\"43% der Schweizer F\u00fchrungskr\u00e4fte planen mehr Investitionen in digitale Tools und KI. Innovationschancen und Herausforderungen.\",\"breadcrumb\":{\"@id\":\"https:\\\/\\\/www.organisator.ch\\\/operational-excellence\\\/2024-02-29\\\/umfrage-schweizer-innovationskraft-vor-ki-herausforderungen\\\/#breadcrumb\"},\"inLanguage\":\"fr-FR\",\"potentialAction\":[{\"@type\":\"ReadAction\",\"target\":[\"https:\\\/\\\/www.organisator.ch\\\/operational-excellence\\\/2024-02-29\\\/umfrage-schweizer-innovationskraft-vor-ki-herausforderungen\\\/\"]}]},{\"@type\":\"ImageObject\",\"inLanguage\":\"fr-FR\",\"@id\":\"https:\\\/\\\/www.organisator.ch\\\/operational-excellence\\\/2024-02-29\\\/umfrage-schweizer-innovationskraft-vor-ki-herausforderungen\\\/#primaryimage\",\"url\":\"https:\\\/\\\/www.m-q.ch\\\/wp-content\\\/uploads\\\/2024\\\/02\\\/Alixpartners_Bild1_ps.jpg\",\"contentUrl\":\"https:\\\/\\\/www.m-q.ch\\\/wp-content\\\/uploads\\\/2024\\\/02\\\/Alixpartners_Bild1_ps.jpg\"},{\"@type\":\"BreadcrumbList\",\"@id\":\"https:\\\/\\\/www.organisator.ch\\\/operational-excellence\\\/2024-02-29\\\/umfrage-schweizer-innovationskraft-vor-ki-herausforderungen\\\/#breadcrumb\",\"itemListElement\":[{\"@type\":\"ListItem\",\"position\":1,\"name\":\"Home\",\"item\":\"https:\\\/\\\/www.organisator.ch\\\/\"},{\"@type\":\"ListItem\",\"position\":2,\"name\":\"Umfrage: Schweizer Innovationskraft vor KI-Herausforderungen\"}]},{\"@type\":\"WebSite\",\"@id\":\"https:\\\/\\\/www.organisator.ch\\\/#website\",\"url\":\"https:\\\/\\\/www.organisator.ch\\\/\",\"name\":\"Organisator\",\"description\":\"Kompetent. Praxisnah. Der ORGANISATOR bereitet in 10 Ausgaben pro Jahr die wesentlichen Themen f\u00fcr F\u00fchrungskr\u00e4fte von KMU auf.\",\"publisher\":{\"@id\":\"https:\\\/\\\/www.organisator.ch\\\/#organization\"},\"potentialAction\":[{\"@type\":\"SearchAction\",\"target\":{\"@type\":\"EntryPoint\",\"urlTemplate\":\"https:\\\/\\\/www.organisator.ch\\\/?s={search_term_string}\"},\"query-input\":{\"@type\":\"PropertyValueSpecification\",\"valueRequired\":true,\"valueName\":\"search_term_string\"}}],\"inLanguage\":\"fr-FR\"},{\"@type\":\"Organization\",\"@id\":\"https:\\\/\\\/www.organisator.ch\\\/#organization\",\"name\":\"Organisator\",\"url\":\"https:\\\/\\\/www.organisator.ch\\\/\",\"logo\":{\"@type\":\"ImageObject\",\"inLanguage\":\"fr-FR\",\"@id\":\"https:\\\/\\\/www.organisator.ch\\\/#\\\/schema\\\/logo\\\/image\\\/\",\"url\":\"https:\\\/\\\/www.organisator.ch\\\/wp-content\\\/uploads\\\/2022\\\/01\\\/Logo_Organisator_Website.png\",\"contentUrl\":\"https:\\\/\\\/www.organisator.ch\\\/wp-content\\\/uploads\\\/2022\\\/01\\\/Logo_Organisator_Website.png\",\"width\":800,\"height\":77,\"caption\":\"Organisator\"},\"image\":{\"@id\":\"https:\\\/\\\/www.organisator.ch\\\/#\\\/schema\\\/logo\\\/image\\\/\"},\"sameAs\":[\"https:\\\/\\\/www.facebook.com\\\/OrganisatorFachmagazin\",\"https:\\\/\\\/www.linkedin.com\\\/showcase\\\/organisator-das-magazin-fr-kmu\",\"https:\\\/\\\/www.xing.com\\\/news\\\/pages\\\/organisator-ch-695\",\"https:\\\/\\\/www.youtube.com\\\/channel\\\/UCGP2Sq0iWaZwT3BdIAQFYpw\"]},{\"@type\":\"Person\",\"@id\":\"https:\\\/\\\/www.organisator.ch\\\/#\\\/schema\\\/person\\\/2e1314a2172123f874db408d8911d3f3\",\"name\":\"Adelisa Kalajdzini\",\"image\":{\"@type\":\"ImageObject\",\"inLanguage\":\"fr-FR\",\"@id\":\"https:\\\/\\\/secure.gravatar.com\\\/avatar\\\/09a397c22ac58cad6f160ee8306348599df9df58a8ede73696226897b9fa4b24?s=96&d=mm&r=g\",\"url\":\"https:\\\/\\\/secure.gravatar.com\\\/avatar\\\/09a397c22ac58cad6f160ee8306348599df9df58a8ede73696226897b9fa4b24?s=96&d=mm&r=g\",\"contentUrl\":\"https:\\\/\\\/secure.gravatar.com\\\/avatar\\\/09a397c22ac58cad6f160ee8306348599df9df58a8ede73696226897b9fa4b24?s=96&d=mm&r=g\",\"caption\":\"Adelisa Kalajdzini\"},\"url\":\"https:\\\/\\\/www.organisator.ch\\\/fr\\\/author\\\/adelisa-kalajdzini\\\/\"}]}<\/script>\n<!-- \/ Yoast SEO plugin. -->","yoast_head_json":{"title":"Enqu\u00eate : la force d'innovation suisse face aux d\u00e9fis de l'IA - Organisateur","description":"43% des cadres suisses pr\u00e9voient d'investir davantage dans les outils num\u00e9riques et l'IA. Opportunit\u00e9s d'innovation et d\u00e9fis.","robots":{"index":"index","follow":"follow","max-snippet":"max-snippet:-1","max-image-preview":"max-image-preview:large","max-video-preview":"max-video-preview:-1"},"canonical":"https:\/\/www.organisator.ch\/fr\/excellence-operationnelle\/2024-02-29\/umfrage-schweizer-innovationskraft-vor-ki-herausforderungen\/","og_locale":"fr_FR","og_type":"article","og_title":"Umfrage: Schweizer Innovationskraft vor KI-Herausforderungen - Organisator","og_description":"43% der Schweizer F\u00fchrungskr\u00e4fte planen mehr Investitionen in digitale Tools und KI. Innovationschancen und Herausforderungen.","og_url":"https:\/\/www.organisator.ch\/fr\/excellence-operationnelle\/2024-02-29\/umfrage-schweizer-innovationskraft-vor-ki-herausforderungen\/","og_site_name":"Organisator","article_publisher":"https:\/\/www.facebook.com\/OrganisatorFachmagazin","article_published_time":"2024-02-29T10:02:56+00:00","article_modified_time":"2024-11-11T14:44:42+00:00","og_image":[{"url":"https:\/\/www.m-q.ch\/wp-content\/uploads\/2024\/02\/Alixpartners_Bild1_ps.jpg","type":"","width":"","height":""}],"author":"Adelisa Kalajdzini","twitter_card":"summary_large_image","schema":{"@context":"https:\/\/schema.org","@graph":[{"@type":"Article","@id":"https:\/\/www.organisator.ch\/operational-excellence\/2024-02-29\/umfrage-schweizer-innovationskraft-vor-ki-herausforderungen\/#article","isPartOf":{"@id":"https:\/\/www.organisator.ch\/operational-excellence\/2024-02-29\/umfrage-schweizer-innovationskraft-vor-ki-herausforderungen\/"},"author":{"name":"Adelisa Kalajdzini","@id":"https:\/\/www.organisator.ch\/#\/schema\/person\/2e1314a2172123f874db408d8911d3f3"},"headline":"Umfrage: Schweizer Innovationskraft vor KI-Herausforderungen","datePublished":"2024-02-29T10:02:56+00:00","dateModified":"2024-11-11T14:44:42+00:00","mainEntityOfPage":{"@id":"https:\/\/www.organisator.ch\/operational-excellence\/2024-02-29\/umfrage-schweizer-innovationskraft-vor-ki-herausforderungen\/"},"wordCount":681,"publisher":{"@id":"https:\/\/www.organisator.ch\/#organization"},"image":{"@id":"https:\/\/www.organisator.ch\/operational-excellence\/2024-02-29\/umfrage-schweizer-innovationskraft-vor-ki-herausforderungen\/#primaryimage"},"thumbnailUrl":"https:\/\/www.m-q.ch\/wp-content\/uploads\/2024\/02\/Alixpartners_Bild1_ps.jpg","keywords":["Digitalisierung","Index","Qualit\u00e4tsmanagement","Schweiz","Unternehmen"],"articleSection":["OPERATIONAL EXCELLENCE"],"inLanguage":"fr-FR"},{"@type":"WebPage","@id":"https:\/\/www.organisator.ch\/operational-excellence\/2024-02-29\/umfrage-schweizer-innovationskraft-vor-ki-herausforderungen\/","url":"https:\/\/www.organisator.ch\/operational-excellence\/2024-02-29\/umfrage-schweizer-innovationskraft-vor-ki-herausforderungen\/","name":"Enqu\u00eate : la force d'innovation suisse face aux d\u00e9fis de l'IA - Organisateur","isPartOf":{"@id":"https:\/\/www.organisator.ch\/#website"},"primaryImageOfPage":{"@id":"https:\/\/www.organisator.ch\/operational-excellence\/2024-02-29\/umfrage-schweizer-innovationskraft-vor-ki-herausforderungen\/#primaryimage"},"image":{"@id":"https:\/\/www.organisator.ch\/operational-excellence\/2024-02-29\/umfrage-schweizer-innovationskraft-vor-ki-herausforderungen\/#primaryimage"},"thumbnailUrl":"https:\/\/www.m-q.ch\/wp-content\/uploads\/2024\/02\/Alixpartners_Bild1_ps.jpg","datePublished":"2024-02-29T10:02:56+00:00","dateModified":"2024-11-11T14:44:42+00:00","description":"43% des cadres suisses pr\u00e9voient d'investir davantage dans les outils num\u00e9riques et l'IA. Opportunit\u00e9s d'innovation et d\u00e9fis.","breadcrumb":{"@id":"https:\/\/www.organisator.ch\/operational-excellence\/2024-02-29\/umfrage-schweizer-innovationskraft-vor-ki-herausforderungen\/#breadcrumb"},"inLanguage":"fr-FR","potentialAction":[{"@type":"ReadAction","target":["https:\/\/www.organisator.ch\/operational-excellence\/2024-02-29\/umfrage-schweizer-innovationskraft-vor-ki-herausforderungen\/"]}]},{"@type":"ImageObject","inLanguage":"fr-FR","@id":"https:\/\/www.organisator.ch\/operational-excellence\/2024-02-29\/umfrage-schweizer-innovationskraft-vor-ki-herausforderungen\/#primaryimage","url":"https:\/\/www.m-q.ch\/wp-content\/uploads\/2024\/02\/Alixpartners_Bild1_ps.jpg","contentUrl":"https:\/\/www.m-q.ch\/wp-content\/uploads\/2024\/02\/Alixpartners_Bild1_ps.jpg"},{"@type":"BreadcrumbList","@id":"https:\/\/www.organisator.ch\/operational-excellence\/2024-02-29\/umfrage-schweizer-innovationskraft-vor-ki-herausforderungen\/#breadcrumb","itemListElement":[{"@type":"ListItem","position":1,"name":"Home","item":"https:\/\/www.organisator.ch\/"},{"@type":"ListItem","position":2,"name":"Umfrage: Schweizer Innovationskraft vor KI-Herausforderungen"}]},{"@type":"WebSite","@id":"https:\/\/www.organisator.ch\/#website","url":"https:\/\/www.organisator.ch\/","name":"Organisateur","description":"Comp\u00e9tence et comp\u00e9tence. Proches de la pratique. L'ORGANISATEUR pr\u00e9pare 10 num\u00e9ros par an sur les th\u00e8mes essentiels pour les dirigeants de PME.","publisher":{"@id":"https:\/\/www.organisator.ch\/#organization"},"potentialAction":[{"@type":"SearchAction","target":{"@type":"EntryPoint","urlTemplate":"https:\/\/www.organisator.ch\/?s={search_term_string}"},"query-input":{"@type":"PropertyValueSpecification","valueRequired":true,"valueName":"search_term_string"}}],"inLanguage":"fr-FR"},{"@type":"Organization","@id":"https:\/\/www.organisator.ch\/#organization","name":"Organisateur","url":"https:\/\/www.organisator.ch\/","logo":{"@type":"ImageObject","inLanguage":"fr-FR","@id":"https:\/\/www.organisator.ch\/#\/schema\/logo\/image\/","url":"https:\/\/www.organisator.ch\/wp-content\/uploads\/2022\/01\/Logo_Organisator_Website.png","contentUrl":"https:\/\/www.organisator.ch\/wp-content\/uploads\/2022\/01\/Logo_Organisator_Website.png","width":800,"height":77,"caption":"Organisator"},"image":{"@id":"https:\/\/www.organisator.ch\/#\/schema\/logo\/image\/"},"sameAs":["https:\/\/www.facebook.com\/OrganisatorFachmagazin","https:\/\/www.linkedin.com\/showcase\/organisator-das-magazin-fr-kmu","https:\/\/www.xing.com\/news\/pages\/organisator-ch-695","https:\/\/www.youtube.com\/channel\/UCGP2Sq0iWaZwT3BdIAQFYpw"]},{"@type":"Person","@id":"https:\/\/www.organisator.ch\/#\/schema\/person\/2e1314a2172123f874db408d8911d3f3","name":"Adelisa Kalajdzini","image":{"@type":"ImageObject","inLanguage":"fr-FR","@id":"https:\/\/secure.gravatar.com\/avatar\/09a397c22ac58cad6f160ee8306348599df9df58a8ede73696226897b9fa4b24?s=96&d=mm&r=g","url":"https:\/\/secure.gravatar.com\/avatar\/09a397c22ac58cad6f160ee8306348599df9df58a8ede73696226897b9fa4b24?s=96&d=mm&r=g","contentUrl":"https:\/\/secure.gravatar.com\/avatar\/09a397c22ac58cad6f160ee8306348599df9df58a8ede73696226897b9fa4b24?s=96&d=mm&r=g","caption":"Adelisa Kalajdzini"},"url":"https:\/\/www.organisator.ch\/fr\/author\/adelisa-kalajdzini\/"}]}},"_links":{"self":[{"href":"https:\/\/www.organisator.ch\/fr\/wp-json\/wp\/v2\/posts\/25505","targetHints":{"allow":["GET"]}}],"collection":[{"href":"https:\/\/www.organisator.ch\/fr\/wp-json\/wp\/v2\/posts"}],"about":[{"href":"https:\/\/www.organisator.ch\/fr\/wp-json\/wp\/v2\/types\/post"}],"author":[{"embeddable":true,"href":"https:\/\/www.organisator.ch\/fr\/wp-json\/wp\/v2\/users\/58"}],"replies":[{"embeddable":true,"href":"https:\/\/www.organisator.ch\/fr\/wp-json\/wp\/v2\/comments?post=25505"}],"version-history":[{"count":7,"href":"https:\/\/www.organisator.ch\/fr\/wp-json\/wp\/v2\/posts\/25505\/revisions"}],"predecessor-version":[{"id":32449,"href":"https:\/\/www.organisator.ch\/fr\/wp-json\/wp\/v2\/posts\/25505\/revisions\/32449"}],"wp:attachment":[{"href":"https:\/\/www.organisator.ch\/fr\/wp-json\/wp\/v2\/media?parent=25505"}],"wp:term":[{"taxonomy":"category","embeddable":true,"href":"https:\/\/www.organisator.ch\/fr\/wp-json\/wp\/v2\/categories?post=25505"},{"taxonomy":"post_tag","embeddable":true,"href":"https:\/\/www.organisator.ch\/fr\/wp-json\/wp\/v2\/tags?post=25505"}],"curies":[{"name":"wp","href":"https:\/\/api.w.org\/{rel}","templated":true}]}}