{"id":25507,"date":"2024-02-29T08:12:53","date_gmt":"2024-02-29T07:12:53","guid":{"rendered":"https:\/\/www.werbewoche.ch\/?p=211241"},"modified":"2024-11-11T15:47:28","modified_gmt":"2024-11-11T14:47:28","slug":"neu-kreiert-ikonisches-design-fuer-amate-2","status":"publish","type":"post","link":"https:\/\/www.organisator.ch\/fr\/marketing\/2024-02-29\/neu-kreiert-ikonisches-design-fuer-amate-2\/","title":{"rendered":"Re-cr\u00e9ation d'un design embl\u00e9matique pour \u00c1mate"},"content":{"rendered":"<p><img class=\"aligncenter wp-image-211242 size-full\" src=\"https:\/\/www.werbewoche.ch\/wp-content\/uploads\/2024\/02\/amate_5_website.gif\" alt=\"\u00c1mate \" width=\"1280\" height=\"720\" \/><\/p>\r\n<p>Le mat\u00e9 est une boisson traditionnelle d'Am\u00e9rique du Sud, fabriqu\u00e9e \u00e0 partir des feuilles de la plante yerba mat\u00e9. \"\u00c1mate\" contient d'une part le mot \"mat\u00e9\", mais c'est aussi une expression espagnole qui signifie \"aime-toi toi-m\u00eame\".<\/p>\r\n<p>De cette id\u00e9e d\u00e9coule \u00e9galement le design iconique de la bouteille : seul celui qui s'aime peut aimer les autres - les deux c\u0153urs rouges sont cens\u00e9s refl\u00e9ter cette dualit\u00e9.<\/p>\r\n<p>Les visuels et les animations dans la communication d'\"\u00c1mate\" jouent \u00e9galement sur l'interpr\u00e9tation graphique de l'amour et de l'amour de soi. Cela prend tout son sens lorsque plusieurs bouteilles sont r\u00e9unies : Si l'on aligne plusieurs bouteilles d'\"\u00c1mate\", on obtient une cha\u00eene de c\u0153urs : l'amour de soi engendre l'amour pour les autres, qui est \u00e9galement transmis.<\/p>\r\n<p>Parall\u00e8lement, cette dimension suppl\u00e9mentaire doit permettre d'attirer un maximum d'attention dans les rayons des points de vente et des bars de club. En toute connaissance de cause - car pour conqu\u00e9rir le march\u00e9 suisse, \"\u00c1mate\" doit d'abord s'\u00e9tablir dans le milieu des clubs et des bars. \u00c1mate\" est distribu\u00e9 par Zollywood.<\/p>\r\n<p><a href=\"https:\/\/www.werbewoche.ch\/wp-content\/uploads\/2024\/02\/amate_1_keyvisual.jpg\"><img class=\"attachment-large size-large\" src=\"https:\/\/www.werbewoche.ch\/wp-content\/uploads\/2024\/02\/amate_1_keyvisual-1024x576.jpg\" alt=\"\" width=\"768\" height=\"432\" \/><\/a> <a href=\"https:\/\/www.werbewoche.ch\/wp-content\/uploads\/2024\/02\/amate_7_instagram.jpg\"><img class=\"attachment-large size-large\" src=\"https:\/\/www.werbewoche.ch\/wp-content\/uploads\/2024\/02\/amate_7_instagram-1024x576.jpg\" alt=\"\" width=\"768\" height=\"432\" \/><\/a> <a href=\"https:\/\/www.werbewoche.ch\/wp-content\/uploads\/2024\/02\/amate_2_mirror_1-scaled.jpg\"><img class=\"attachment-full size-full\" src=\"https:\/\/www.werbewoche.ch\/wp-content\/uploads\/2024\/02\/amate_2_mirror_1-scaled.jpg\" alt=\"\" width=\"707\" height=\"1000\" \/><\/a> <a href=\"https:\/\/www.werbewoche.ch\/wp-content\/uploads\/2024\/02\/amate_6_barposter-scaled.jpg\"><img class=\"attachment-full size-full\" src=\"https:\/\/www.werbewoche.ch\/wp-content\/uploads\/2024\/02\/amate_6_barposter-scaled.jpg\" alt=\"\" width=\"789\" height=\"1000\" \/><\/a> <a href=\"https:\/\/www.werbewoche.ch\/wp-content\/uploads\/2024\/02\/amate_4_mirror_3-scaled.jpg\"><img class=\"attachment-full size-full\" src=\"https:\/\/www.werbewoche.ch\/wp-content\/uploads\/2024\/02\/amate_4_mirror_3-scaled.jpg\" alt=\"\" width=\"707\" height=\"1000\" \/><\/a> <a href=\"https:\/\/www.werbewoche.ch\/wp-content\/uploads\/2024\/02\/amate_3_mirror_2-scaled.jpg\"><img class=\"attachment-full size-full\" src=\"https:\/\/www.werbewoche.ch\/wp-content\/uploads\/2024\/02\/amate_3_mirror_2-scaled.jpg\" alt=\"\" width=\"707\" height=\"1000\" \/><\/a> <a href=\"https:\/\/www.werbewoche.ch\/wp-content\/uploads\/2024\/02\/amate_7_instagram.jpg\"><img class=\"attachment-full size-full\" src=\"https:\/\/www.werbewoche.ch\/wp-content\/uploads\/2024\/02\/amate_7_instagram.jpg\" alt=\"\" width=\"1200\" height=\"675\" \/><\/a> <a href=\"https:\/\/www.werbewoche.ch\/wp-content\/uploads\/2024\/02\/amate_1_keyvisual.jpg\"><img class=\"attachment-full size-full\" src=\"https:\/\/www.werbewoche.ch\/wp-content\/uploads\/2024\/02\/amate_1_keyvisual.jpg\" alt=\"\" width=\"1200\" height=\"675\" \/><\/a><\/p>\r\n<hr \/>\r\n<p><strong>Responsable chez \u00c1mate \/ Zollywood :<\/strong> Oliver Jordan, Marco Ammann. <strong>Responsable chez Neu Creative Agency :<\/strong> Nicole Vizcardo, Finn van Grondel, Pian Gumpp, Maison Fitzgerald, Sandy Pfuhl, Nico Ammann. <strong>Photographie du packshot :<\/strong> Oliver Nanzig. <strong>Photographie Visuels :<\/strong> Gregor Br\u00e4ndli. <strong>Retouche d'images :<\/strong> Lorenz Wahl.<\/p>","protected":false},"excerpt":{"rendered":"<p>L'agence zurichoise Neu a d\u00e9velopp\u00e9 le naming, le design et l'identit\u00e9 visuelle de la nouvelle boisson \u00e0 base de mat\u00e9 \"\u00c1mate\".<\/p>","protected":false},"author":8,"featured_media":0,"comment_status":"closed","ping_status":"closed","sticky":false,"template":"","format":"standard","meta":{"_acf_changed":false,"_yoast_wpseo_focuskw":"\u00c1mate","_yoast_wpseo_metadesc":"\u00c1mate: Traditionelles Mate-Getr\u00e4nk mit ikonischem Design. Liebe dich selbst \u2013 Zwei Herzen f\u00fcr maximale Aufmerksamkeit.","articlekey":"","footnotes":""},"categories":[29],"tags":[2884,2617,4122],"class_list":["post-25507","post","type-post","status-publish","format-standard","hentry","category-marketing","tag-getraenke","tag-marken","tag-neu-creative-agency"],"acf":[],"yoast_head":"<!-- This site is optimized with the Yoast SEO plugin v27.5 - https:\/\/yoast.com\/product\/yoast-seo-wordpress\/ -->\n<title>Neu kreiert ikonisches Design f\u00fcr \u00c1mate - Organisator<\/title>\n<meta name=\"description\" content=\"\u00c1mate: Traditionelles Mate-Getr\u00e4nk mit ikonischem Design. Liebe dich selbst \u2013 Zwei Herzen f\u00fcr maximale Aufmerksamkeit.\" \/>\n<meta name=\"robots\" content=\"index, follow, max-snippet:-1, max-image-preview:large, max-video-preview:-1\" \/>\n<link rel=\"canonical\" href=\"https:\/\/www.organisator.ch\/fr\/marketing\/2024-02-29\/neu-kreiert-ikonisches-design-fuer-amate-2\/\" \/>\n<meta property=\"og:locale\" content=\"fr_FR\" \/>\n<meta property=\"og:type\" content=\"article\" \/>\n<meta property=\"og:title\" content=\"Neu kreiert ikonisches Design f\u00fcr \u00c1mate - Organisator\" \/>\n<meta property=\"og:description\" content=\"\u00c1mate: Traditionelles Mate-Getr\u00e4nk mit ikonischem Design. Liebe dich selbst \u2013 Zwei Herzen f\u00fcr maximale Aufmerksamkeit.\" \/>\n<meta property=\"og:url\" content=\"https:\/\/www.organisator.ch\/fr\/marketing\/2024-02-29\/neu-kreiert-ikonisches-design-fuer-amate-2\/\" \/>\n<meta property=\"og:site_name\" content=\"Organisator\" \/>\n<meta property=\"article:publisher\" content=\"https:\/\/www.facebook.com\/OrganisatorFachmagazin\" \/>\n<meta property=\"article:published_time\" content=\"2024-02-29T07:12:53+00:00\" \/>\n<meta property=\"article:modified_time\" content=\"2024-11-11T14:47:28+00:00\" \/>\n<meta property=\"og:image\" content=\"https:\/\/www.werbewoche.ch\/wp-content\/uploads\/2024\/02\/amate_5_website.gif\" \/>\n<meta name=\"author\" content=\"galledia\" \/>\n<meta name=\"twitter:card\" content=\"summary_large_image\" \/>\n<meta name=\"twitter:creator\" content=\"@admin\" \/>\n<script type=\"application\/ld+json\" class=\"yoast-schema-graph\">{\"@context\":\"https:\\\/\\\/schema.org\",\"@graph\":[{\"@type\":\"Article\",\"@id\":\"https:\\\/\\\/www.organisator.ch\\\/marketing\\\/2024-02-29\\\/neu-kreiert-ikonisches-design-fuer-amate-2\\\/#article\",\"isPartOf\":{\"@id\":\"https:\\\/\\\/www.organisator.ch\\\/marketing\\\/2024-02-29\\\/neu-kreiert-ikonisches-design-fuer-amate-2\\\/\"},\"author\":{\"name\":\"galledia\",\"@id\":\"https:\\\/\\\/www.organisator.ch\\\/#\\\/schema\\\/person\\\/4e51799071cd2dd1232ac003643ef5f0\"},\"headline\":\"Neu kreiert ikonisches Design f\u00fcr \u00c1mate\",\"datePublished\":\"2024-02-29T07:12:53+00:00\",\"dateModified\":\"2024-11-11T14:47:28+00:00\",\"mainEntityOfPage\":{\"@id\":\"https:\\\/\\\/www.organisator.ch\\\/marketing\\\/2024-02-29\\\/neu-kreiert-ikonisches-design-fuer-amate-2\\\/\"},\"wordCount\":204,\"publisher\":{\"@id\":\"https:\\\/\\\/www.organisator.ch\\\/#organization\"},\"image\":{\"@id\":\"https:\\\/\\\/www.organisator.ch\\\/marketing\\\/2024-02-29\\\/neu-kreiert-ikonisches-design-fuer-amate-2\\\/#primaryimage\"},\"thumbnailUrl\":\"https:\\\/\\\/www.werbewoche.ch\\\/wp-content\\\/uploads\\\/2024\\\/02\\\/amate_5_website.gif\",\"keywords\":[\"Getr\u00e4nke\",\"Marken\",\"Neu Creative Agency\"],\"articleSection\":[\"MARKETING\"],\"inLanguage\":\"fr-FR\"},{\"@type\":\"WebPage\",\"@id\":\"https:\\\/\\\/www.organisator.ch\\\/marketing\\\/2024-02-29\\\/neu-kreiert-ikonisches-design-fuer-amate-2\\\/\",\"url\":\"https:\\\/\\\/www.organisator.ch\\\/marketing\\\/2024-02-29\\\/neu-kreiert-ikonisches-design-fuer-amate-2\\\/\",\"name\":\"Neu kreiert ikonisches Design f\u00fcr \u00c1mate - Organisator\",\"isPartOf\":{\"@id\":\"https:\\\/\\\/www.organisator.ch\\\/#website\"},\"primaryImageOfPage\":{\"@id\":\"https:\\\/\\\/www.organisator.ch\\\/marketing\\\/2024-02-29\\\/neu-kreiert-ikonisches-design-fuer-amate-2\\\/#primaryimage\"},\"image\":{\"@id\":\"https:\\\/\\\/www.organisator.ch\\\/marketing\\\/2024-02-29\\\/neu-kreiert-ikonisches-design-fuer-amate-2\\\/#primaryimage\"},\"thumbnailUrl\":\"https:\\\/\\\/www.werbewoche.ch\\\/wp-content\\\/uploads\\\/2024\\\/02\\\/amate_5_website.gif\",\"datePublished\":\"2024-02-29T07:12:53+00:00\",\"dateModified\":\"2024-11-11T14:47:28+00:00\",\"description\":\"\u00c1mate: Traditionelles Mate-Getr\u00e4nk mit ikonischem Design. Liebe dich selbst \u2013 Zwei Herzen f\u00fcr maximale Aufmerksamkeit.\",\"breadcrumb\":{\"@id\":\"https:\\\/\\\/www.organisator.ch\\\/marketing\\\/2024-02-29\\\/neu-kreiert-ikonisches-design-fuer-amate-2\\\/#breadcrumb\"},\"inLanguage\":\"fr-FR\",\"potentialAction\":[{\"@type\":\"ReadAction\",\"target\":[\"https:\\\/\\\/www.organisator.ch\\\/marketing\\\/2024-02-29\\\/neu-kreiert-ikonisches-design-fuer-amate-2\\\/\"]}]},{\"@type\":\"ImageObject\",\"inLanguage\":\"fr-FR\",\"@id\":\"https:\\\/\\\/www.organisator.ch\\\/marketing\\\/2024-02-29\\\/neu-kreiert-ikonisches-design-fuer-amate-2\\\/#primaryimage\",\"url\":\"https:\\\/\\\/www.werbewoche.ch\\\/wp-content\\\/uploads\\\/2024\\\/02\\\/amate_5_website.gif\",\"contentUrl\":\"https:\\\/\\\/www.werbewoche.ch\\\/wp-content\\\/uploads\\\/2024\\\/02\\\/amate_5_website.gif\"},{\"@type\":\"BreadcrumbList\",\"@id\":\"https:\\\/\\\/www.organisator.ch\\\/marketing\\\/2024-02-29\\\/neu-kreiert-ikonisches-design-fuer-amate-2\\\/#breadcrumb\",\"itemListElement\":[{\"@type\":\"ListItem\",\"position\":1,\"name\":\"Home\",\"item\":\"https:\\\/\\\/www.organisator.ch\\\/\"},{\"@type\":\"ListItem\",\"position\":2,\"name\":\"Neu kreiert ikonisches Design f\u00fcr \u00c1mate\"}]},{\"@type\":\"WebSite\",\"@id\":\"https:\\\/\\\/www.organisator.ch\\\/#website\",\"url\":\"https:\\\/\\\/www.organisator.ch\\\/\",\"name\":\"Organisator\",\"description\":\"Kompetent. Praxisnah. Der ORGANISATOR bereitet in 10 Ausgaben pro Jahr die wesentlichen Themen f\u00fcr F\u00fchrungskr\u00e4fte von KMU auf.\",\"publisher\":{\"@id\":\"https:\\\/\\\/www.organisator.ch\\\/#organization\"},\"potentialAction\":[{\"@type\":\"SearchAction\",\"target\":{\"@type\":\"EntryPoint\",\"urlTemplate\":\"https:\\\/\\\/www.organisator.ch\\\/?s={search_term_string}\"},\"query-input\":{\"@type\":\"PropertyValueSpecification\",\"valueRequired\":true,\"valueName\":\"search_term_string\"}}],\"inLanguage\":\"fr-FR\"},{\"@type\":\"Organization\",\"@id\":\"https:\\\/\\\/www.organisator.ch\\\/#organization\",\"name\":\"Organisator\",\"url\":\"https:\\\/\\\/www.organisator.ch\\\/\",\"logo\":{\"@type\":\"ImageObject\",\"inLanguage\":\"fr-FR\",\"@id\":\"https:\\\/\\\/www.organisator.ch\\\/#\\\/schema\\\/logo\\\/image\\\/\",\"url\":\"https:\\\/\\\/www.organisator.ch\\\/wp-content\\\/uploads\\\/2022\\\/01\\\/Logo_Organisator_Website.png\",\"contentUrl\":\"https:\\\/\\\/www.organisator.ch\\\/wp-content\\\/uploads\\\/2022\\\/01\\\/Logo_Organisator_Website.png\",\"width\":800,\"height\":77,\"caption\":\"Organisator\"},\"image\":{\"@id\":\"https:\\\/\\\/www.organisator.ch\\\/#\\\/schema\\\/logo\\\/image\\\/\"},\"sameAs\":[\"https:\\\/\\\/www.facebook.com\\\/OrganisatorFachmagazin\",\"https:\\\/\\\/www.linkedin.com\\\/showcase\\\/organisator-das-magazin-fr-kmu\",\"https:\\\/\\\/www.xing.com\\\/news\\\/pages\\\/organisator-ch-695\",\"https:\\\/\\\/www.youtube.com\\\/channel\\\/UCGP2Sq0iWaZwT3BdIAQFYpw\"]},{\"@type\":\"Person\",\"@id\":\"https:\\\/\\\/www.organisator.ch\\\/#\\\/schema\\\/person\\\/4e51799071cd2dd1232ac003643ef5f0\",\"name\":\"galledia\",\"image\":{\"@type\":\"ImageObject\",\"inLanguage\":\"fr-FR\",\"@id\":\"https:\\\/\\\/secure.gravatar.com\\\/avatar\\\/78a7f90c01fc2bfc875782a0d4922b37cde2cf184ce347b91316d23cd7f69a36?s=96&d=mm&r=g\",\"url\":\"https:\\\/\\\/secure.gravatar.com\\\/avatar\\\/78a7f90c01fc2bfc875782a0d4922b37cde2cf184ce347b91316d23cd7f69a36?s=96&d=mm&r=g\",\"contentUrl\":\"https:\\\/\\\/secure.gravatar.com\\\/avatar\\\/78a7f90c01fc2bfc875782a0d4922b37cde2cf184ce347b91316d23cd7f69a36?s=96&d=mm&r=g\",\"caption\":\"galledia\"},\"sameAs\":[\"https:\\\/\\\/x.com\\\/admin\"],\"url\":\"https:\\\/\\\/www.organisator.ch\\\/fr\\\/author\\\/galledia\\\/\"}]}<\/script>\n<!-- \/ Yoast SEO plugin. -->","yoast_head_json":{"title":"Nouvelle cr\u00e9ation d'un design iconique pour \u00c1mate - Organisateur","description":"\u00c1mate, la boisson : Boisson mat\u00e9 traditionnelle au design iconique. Aime-toi toi-m\u00eame - Deux c\u0153urs pour un maximum d'attention.","robots":{"index":"index","follow":"follow","max-snippet":"max-snippet:-1","max-image-preview":"max-image-preview:large","max-video-preview":"max-video-preview:-1"},"canonical":"https:\/\/www.organisator.ch\/fr\/marketing\/2024-02-29\/neu-kreiert-ikonisches-design-fuer-amate-2\/","og_locale":"fr_FR","og_type":"article","og_title":"Neu kreiert ikonisches Design f\u00fcr \u00c1mate - Organisator","og_description":"\u00c1mate: Traditionelles Mate-Getr\u00e4nk mit ikonischem Design. Liebe dich selbst \u2013 Zwei Herzen f\u00fcr maximale Aufmerksamkeit.","og_url":"https:\/\/www.organisator.ch\/fr\/marketing\/2024-02-29\/neu-kreiert-ikonisches-design-fuer-amate-2\/","og_site_name":"Organisator","article_publisher":"https:\/\/www.facebook.com\/OrganisatorFachmagazin","article_published_time":"2024-02-29T07:12:53+00:00","article_modified_time":"2024-11-11T14:47:28+00:00","og_image":[{"url":"https:\/\/www.werbewoche.ch\/wp-content\/uploads\/2024\/02\/amate_5_website.gif","type":"","width":"","height":""}],"author":"galledia","twitter_card":"summary_large_image","twitter_creator":"@admin","schema":{"@context":"https:\/\/schema.org","@graph":[{"@type":"Article","@id":"https:\/\/www.organisator.ch\/marketing\/2024-02-29\/neu-kreiert-ikonisches-design-fuer-amate-2\/#article","isPartOf":{"@id":"https:\/\/www.organisator.ch\/marketing\/2024-02-29\/neu-kreiert-ikonisches-design-fuer-amate-2\/"},"author":{"name":"galledia","@id":"https:\/\/www.organisator.ch\/#\/schema\/person\/4e51799071cd2dd1232ac003643ef5f0"},"headline":"Neu kreiert ikonisches Design f\u00fcr \u00c1mate","datePublished":"2024-02-29T07:12:53+00:00","dateModified":"2024-11-11T14:47:28+00:00","mainEntityOfPage":{"@id":"https:\/\/www.organisator.ch\/marketing\/2024-02-29\/neu-kreiert-ikonisches-design-fuer-amate-2\/"},"wordCount":204,"publisher":{"@id":"https:\/\/www.organisator.ch\/#organization"},"image":{"@id":"https:\/\/www.organisator.ch\/marketing\/2024-02-29\/neu-kreiert-ikonisches-design-fuer-amate-2\/#primaryimage"},"thumbnailUrl":"https:\/\/www.werbewoche.ch\/wp-content\/uploads\/2024\/02\/amate_5_website.gif","keywords":["Getr\u00e4nke","Marken","Neu Creative Agency"],"articleSection":["MARKETING"],"inLanguage":"fr-FR"},{"@type":"WebPage","@id":"https:\/\/www.organisator.ch\/marketing\/2024-02-29\/neu-kreiert-ikonisches-design-fuer-amate-2\/","url":"https:\/\/www.organisator.ch\/marketing\/2024-02-29\/neu-kreiert-ikonisches-design-fuer-amate-2\/","name":"Nouvelle cr\u00e9ation d'un design iconique pour \u00c1mate - Organisateur","isPartOf":{"@id":"https:\/\/www.organisator.ch\/#website"},"primaryImageOfPage":{"@id":"https:\/\/www.organisator.ch\/marketing\/2024-02-29\/neu-kreiert-ikonisches-design-fuer-amate-2\/#primaryimage"},"image":{"@id":"https:\/\/www.organisator.ch\/marketing\/2024-02-29\/neu-kreiert-ikonisches-design-fuer-amate-2\/#primaryimage"},"thumbnailUrl":"https:\/\/www.werbewoche.ch\/wp-content\/uploads\/2024\/02\/amate_5_website.gif","datePublished":"2024-02-29T07:12:53+00:00","dateModified":"2024-11-11T14:47:28+00:00","description":"\u00c1mate, la boisson : Boisson mat\u00e9 traditionnelle au design iconique. Aime-toi toi-m\u00eame - Deux c\u0153urs pour un maximum d'attention.","breadcrumb":{"@id":"https:\/\/www.organisator.ch\/marketing\/2024-02-29\/neu-kreiert-ikonisches-design-fuer-amate-2\/#breadcrumb"},"inLanguage":"fr-FR","potentialAction":[{"@type":"ReadAction","target":["https:\/\/www.organisator.ch\/marketing\/2024-02-29\/neu-kreiert-ikonisches-design-fuer-amate-2\/"]}]},{"@type":"ImageObject","inLanguage":"fr-FR","@id":"https:\/\/www.organisator.ch\/marketing\/2024-02-29\/neu-kreiert-ikonisches-design-fuer-amate-2\/#primaryimage","url":"https:\/\/www.werbewoche.ch\/wp-content\/uploads\/2024\/02\/amate_5_website.gif","contentUrl":"https:\/\/www.werbewoche.ch\/wp-content\/uploads\/2024\/02\/amate_5_website.gif"},{"@type":"BreadcrumbList","@id":"https:\/\/www.organisator.ch\/marketing\/2024-02-29\/neu-kreiert-ikonisches-design-fuer-amate-2\/#breadcrumb","itemListElement":[{"@type":"ListItem","position":1,"name":"Home","item":"https:\/\/www.organisator.ch\/"},{"@type":"ListItem","position":2,"name":"Neu kreiert ikonisches Design f\u00fcr \u00c1mate"}]},{"@type":"WebSite","@id":"https:\/\/www.organisator.ch\/#website","url":"https:\/\/www.organisator.ch\/","name":"Organisateur","description":"Comp\u00e9tence et comp\u00e9tence. Proches de la pratique. L'ORGANISATEUR pr\u00e9pare 10 num\u00e9ros par an sur les th\u00e8mes essentiels pour les dirigeants de PME.","publisher":{"@id":"https:\/\/www.organisator.ch\/#organization"},"potentialAction":[{"@type":"SearchAction","target":{"@type":"EntryPoint","urlTemplate":"https:\/\/www.organisator.ch\/?s={search_term_string}"},"query-input":{"@type":"PropertyValueSpecification","valueRequired":true,"valueName":"search_term_string"}}],"inLanguage":"fr-FR"},{"@type":"Organization","@id":"https:\/\/www.organisator.ch\/#organization","name":"Organisateur","url":"https:\/\/www.organisator.ch\/","logo":{"@type":"ImageObject","inLanguage":"fr-FR","@id":"https:\/\/www.organisator.ch\/#\/schema\/logo\/image\/","url":"https:\/\/www.organisator.ch\/wp-content\/uploads\/2022\/01\/Logo_Organisator_Website.png","contentUrl":"https:\/\/www.organisator.ch\/wp-content\/uploads\/2022\/01\/Logo_Organisator_Website.png","width":800,"height":77,"caption":"Organisator"},"image":{"@id":"https:\/\/www.organisator.ch\/#\/schema\/logo\/image\/"},"sameAs":["https:\/\/www.facebook.com\/OrganisatorFachmagazin","https:\/\/www.linkedin.com\/showcase\/organisator-das-magazin-fr-kmu","https:\/\/www.xing.com\/news\/pages\/organisator-ch-695","https:\/\/www.youtube.com\/channel\/UCGP2Sq0iWaZwT3BdIAQFYpw"]},{"@type":"Person","@id":"https:\/\/www.organisator.ch\/#\/schema\/person\/4e51799071cd2dd1232ac003643ef5f0","name":"galledia","image":{"@type":"ImageObject","inLanguage":"fr-FR","@id":"https:\/\/secure.gravatar.com\/avatar\/78a7f90c01fc2bfc875782a0d4922b37cde2cf184ce347b91316d23cd7f69a36?s=96&d=mm&r=g","url":"https:\/\/secure.gravatar.com\/avatar\/78a7f90c01fc2bfc875782a0d4922b37cde2cf184ce347b91316d23cd7f69a36?s=96&d=mm&r=g","contentUrl":"https:\/\/secure.gravatar.com\/avatar\/78a7f90c01fc2bfc875782a0d4922b37cde2cf184ce347b91316d23cd7f69a36?s=96&d=mm&r=g","caption":"galledia"},"sameAs":["https:\/\/x.com\/admin"],"url":"https:\/\/www.organisator.ch\/fr\/author\/galledia\/"}]}},"_links":{"self":[{"href":"https:\/\/www.organisator.ch\/fr\/wp-json\/wp\/v2\/posts\/25507","targetHints":{"allow":["GET"]}}],"collection":[{"href":"https:\/\/www.organisator.ch\/fr\/wp-json\/wp\/v2\/posts"}],"about":[{"href":"https:\/\/www.organisator.ch\/fr\/wp-json\/wp\/v2\/types\/post"}],"author":[{"embeddable":true,"href":"https:\/\/www.organisator.ch\/fr\/wp-json\/wp\/v2\/users\/8"}],"replies":[{"embeddable":true,"href":"https:\/\/www.organisator.ch\/fr\/wp-json\/wp\/v2\/comments?post=25507"}],"version-history":[{"count":8,"href":"https:\/\/www.organisator.ch\/fr\/wp-json\/wp\/v2\/posts\/25507\/revisions"}],"predecessor-version":[{"id":32451,"href":"https:\/\/www.organisator.ch\/fr\/wp-json\/wp\/v2\/posts\/25507\/revisions\/32451"}],"wp:attachment":[{"href":"https:\/\/www.organisator.ch\/fr\/wp-json\/wp\/v2\/media?parent=25507"}],"wp:term":[{"taxonomy":"category","embeddable":true,"href":"https:\/\/www.organisator.ch\/fr\/wp-json\/wp\/v2\/categories?post=25507"},{"taxonomy":"post_tag","embeddable":true,"href":"https:\/\/www.organisator.ch\/fr\/wp-json\/wp\/v2\/tags?post=25507"}],"curies":[{"name":"wp","href":"https:\/\/api.w.org\/{rel}","templated":true}]}}