{"id":25522,"date":"2024-02-29T14:08:51","date_gmt":"2024-02-29T13:08:51","guid":{"rendered":"https:\/\/www.organisator.ch\/?p=25522"},"modified":"2024-02-29T14:08:51","modified_gmt":"2024-02-29T13:08:51","slug":"aus-swisscom-zoon-wird-die-oniva-ag","status":"publish","type":"post","link":"https:\/\/www.organisator.ch\/fr\/management\/2024-02-29\/aus-swisscom-zoon-wird-die-oniva-ag\/","title":{"rendered":"Swisscom Zoon devient Oniva AG"},"content":{"rendered":"<figure id=\"attachment_25523\" aria-describedby=\"caption-attachment-25523\" style=\"width: 680px\" class=\"wp-caption alignnone\"><img loading=\"lazy\" decoding=\"async\" class=\"wp-image-25523 size-full\" src=\"https:\/\/www.organisator.ch\/wp-content\/uploads\/2024\/02\/Swisscom-Zoon_Bild1_ps.jpg\" alt=\"\" width=\"680\" height=\"453\" srcset=\"https:\/\/www.organisator.ch\/wp-content\/uploads\/2024\/02\/Swisscom-Zoon_Bild1_ps.jpg 680w, https:\/\/www.organisator.ch\/wp-content\/uploads\/2024\/02\/Swisscom-Zoon_Bild1_ps-18x12.jpg 18w, https:\/\/www.organisator.ch\/wp-content\/uploads\/2024\/02\/Swisscom-Zoon_Bild1_ps-375x250.jpg 375w, https:\/\/www.organisator.ch\/wp-content\/uploads\/2024\/02\/Swisscom-Zoon_Bild1_ps-525x350.jpg 525w\" sizes=\"auto, (max-width: 680px) 100vw, 680px\" \/><figcaption id=\"caption-attachment-25523\" class=\"wp-caption-text\">Les fondateurs et membres de la direction d'Oniva SA sont Marc Blindenbacher, Anna Fredholm et Simon Gadient. (Image : www.oniva.events)<\/figcaption><\/figure>\n<p>Zoon permet de num\u00e9riser toute la communication \u00e9v\u00e9nementielle avec une seule solution : de l'invitation au site web, en passant par le check-in de l'\u00e9v\u00e9nement et l'e-mail de remerciement. Des param\u00e8tres sp\u00e9cifiques permettent d'adapter la solution aux besoins de sa propre organisation.<\/p>\n<p>En 2019, le projet Zoon a \u00e9t\u00e9 lanc\u00e9 pour d\u00e9velopper le logiciel de gestion des \u00e9v\u00e9nements de Swisscom en un produit commercialisable. \"Nous avons rapidement r\u00e9alis\u00e9 que les d\u00e9fis de Swisscom en mati\u00e8re de gestion des \u00e9v\u00e9nements \u00e9taient \u00e9galement pr\u00e9sents dans d'autres organisations\", explique Marc Blindenbacher, jusqu'ici Head of Event Data chez Swisscom Broadcast SA. Dans les entreprises, les \u00e9v\u00e9nements sont souvent nombreux : Outre les \u00e9v\u00e9nements marketing ou les conf\u00e9rences, les formations et les formations continues ont par exemple un fort caract\u00e8re \u00e9v\u00e9nementiel du point de vue des processus. \"Notre solution permet aux organisations de couvrir presque tous les \u00e9v\u00e9nements et d'\u00e9conomiser jusqu'\u00e0 80% du temps qu'elles y consacraient jusqu'\u00e0 pr\u00e9sent\". Plus de 5'000 \u00e9v\u00e9nements avec plus d'un million de participants ont d\u00e9j\u00e0 \u00e9t\u00e9 g\u00e9r\u00e9s via Zoon. Outre Swisscom, des entreprises telles qu'Axpo, le canton de Vaud, Mepha Pharma ou les CFF misent sur la solution.<\/p>\n<h3><strong>Zoon devient Oniva<\/strong><\/h3>\n<p>Le 1er mars 2024, Zoon donnera naissance \u00e0 une spin-off ind\u00e9pendante, baptis\u00e9e Oniva AG. L'entreprise sera dirig\u00e9e par l'\u00e9quipe actuelle, qui dispose d'une longue expertise dans le domaine des logiciels de gestion d'\u00e9v\u00e9nements. Les fondateurs et membres de la direction sont Marc Blindenbacher, Anna Fredholm et Simon Gadient.<\/p>\n<p>\"Nous allons continuer \u00e0 d\u00e9velopper la solution existante au sein d'Oniva, afin que l'organisation d'\u00e9v\u00e9nements soit encore plus simple et plus efficace \u00e0 l'avenir et qu'elle puisse \u00eatre faite par n'importe quel collaborateur au sein d'une entreprise\", explique Anna Fredholm, responsable du d\u00e9veloppement des produits. Souvent, quelqu'un n'assume le r\u00f4le de responsable d'\u00e9v\u00e9nement que temporairement ou une fois par an. \"C'est pourquoi nous attachons une grande importance \u00e0 une solution conviviale et s\u00fbre\", poursuit Anna Fredholm. Oniva propose par exemple une fonction permettant d'anonymiser les donn\u00e9es personnelles apr\u00e8s l'\u00e9v\u00e9nement en appuyant sur un bouton.<\/p>\n<p><em>Source : <a href=\"http:\/\/www.oniva.events\">www.oniva.events<\/a><\/em><\/p>","protected":false},"excerpt":{"rendered":"<p>Depuis 2019, le logiciel de gestion d'\u00e9v\u00e9nements Zoon de Swisscom Broadcast SA a permis de r\u00e9aliser plus de 5'000 \u00e9v\u00e9nements avec plus d'un million de participants. Zoon sera d\u00e9sormais d\u00e9tach\u00e9 en tant que spin-off sous le nom d'Oniva.<\/p>","protected":false},"author":58,"featured_media":25523,"comment_status":"closed","ping_status":"closed","sticky":false,"template":"","format":"standard","meta":{"_acf_changed":false,"_yoast_wpseo_focuskw":"Oniva AG","_yoast_wpseo_metadesc":"Am 1. M\u00e4rz 2024 entsteht aus Zoon ein eigenst\u00e4ndiges Spin-off mit dem Namen Oniva AG.","articlekey":"","footnotes":""},"categories":[28],"tags":[4123,334,424,492],"class_list":["post-25522","post","type-post","status-publish","format-standard","has-post-thumbnail","hentry","category-management","tag-eeventmanagement","tag-management","tag-schweiz","tag-unternehmen"],"acf":[],"yoast_head":"<!-- This site is optimized with the Yoast SEO plugin v27.4 - https:\/\/yoast.com\/product\/yoast-seo-wordpress\/ -->\n<title>Aus Swisscom Zoon wird die Oniva AG - Organisator<\/title>\n<meta name=\"description\" content=\"Am 1. M\u00e4rz 2024 entsteht aus Zoon ein eigenst\u00e4ndiges Spin-off mit dem Namen Oniva AG.\" \/>\n<meta name=\"robots\" content=\"index, follow, max-snippet:-1, max-image-preview:large, max-video-preview:-1\" \/>\n<link rel=\"canonical\" href=\"https:\/\/www.organisator.ch\/fr\/gestion-2\/2024-02-29\/aus-swisscom-zoon-wird-die-oniva-ag\/\" \/>\n<meta property=\"og:locale\" content=\"fr_FR\" \/>\n<meta property=\"og:type\" content=\"article\" \/>\n<meta property=\"og:title\" content=\"Aus Swisscom Zoon wird die Oniva AG\" \/>\n<meta property=\"og:description\" content=\"Am 1. M\u00e4rz 2024 entsteht aus Zoon ein eigenst\u00e4ndiges Spin-off mit dem Namen Oniva AG.\" \/>\n<meta property=\"og:url\" content=\"https:\/\/www.organisator.ch\/fr\/gestion-2\/2024-02-29\/aus-swisscom-zoon-wird-die-oniva-ag\/\" \/>\n<meta property=\"og:site_name\" content=\"Organisator\" \/>\n<meta property=\"article:publisher\" content=\"https:\/\/www.facebook.com\/OrganisatorFachmagazin\" \/>\n<meta property=\"article:published_time\" content=\"2024-02-29T13:08:51+00:00\" \/>\n<meta property=\"og:image\" content=\"https:\/\/www.organisator.ch\/wp-content\/uploads\/2024\/02\/Swisscom-Zoon_Bild1_ps.jpg\" \/>\n\t<meta property=\"og:image:width\" content=\"680\" \/>\n\t<meta property=\"og:image:height\" content=\"453\" \/>\n\t<meta property=\"og:image:type\" content=\"image\/jpeg\" \/>\n<meta name=\"author\" content=\"Adelisa Kalajdzini\" \/>\n<meta name=\"twitter:card\" content=\"summary_large_image\" \/>\n<meta name=\"twitter:title\" content=\"Aus Swisscom Zoon wird die Oniva AG\" \/>\n<meta name=\"twitter:description\" content=\"Am 1. M\u00e4rz 2024 entsteht aus #Zoon ein eigenst\u00e4ndiges #Spin-off mit dem Namen #Oniva #AG.\" \/>\n<meta name=\"twitter:image\" content=\"https:\/\/www.organisator.ch\/wp-content\/uploads\/2024\/02\/Swisscom-Zoon_Bild1_ps.jpg\" \/>\n<script type=\"application\/ld+json\" class=\"yoast-schema-graph\">{\"@context\":\"https:\\\/\\\/schema.org\",\"@graph\":[{\"@type\":\"Article\",\"@id\":\"https:\\\/\\\/www.organisator.ch\\\/management\\\/2024-02-29\\\/aus-swisscom-zoon-wird-die-oniva-ag\\\/#article\",\"isPartOf\":{\"@id\":\"https:\\\/\\\/www.organisator.ch\\\/management\\\/2024-02-29\\\/aus-swisscom-zoon-wird-die-oniva-ag\\\/\"},\"author\":{\"name\":\"Adelisa Kalajdzini\",\"@id\":\"https:\\\/\\\/www.organisator.ch\\\/#\\\/schema\\\/person\\\/2e1314a2172123f874db408d8911d3f3\"},\"headline\":\"Aus Swisscom Zoon wird die Oniva AG\",\"datePublished\":\"2024-02-29T13:08:51+00:00\",\"mainEntityOfPage\":{\"@id\":\"https:\\\/\\\/www.organisator.ch\\\/management\\\/2024-02-29\\\/aus-swisscom-zoon-wird-die-oniva-ag\\\/\"},\"wordCount\":333,\"publisher\":{\"@id\":\"https:\\\/\\\/www.organisator.ch\\\/#organization\"},\"image\":{\"@id\":\"https:\\\/\\\/www.organisator.ch\\\/management\\\/2024-02-29\\\/aus-swisscom-zoon-wird-die-oniva-ag\\\/#primaryimage\"},\"thumbnailUrl\":\"https:\\\/\\\/www.organisator.ch\\\/wp-content\\\/uploads\\\/2024\\\/02\\\/Swisscom-Zoon_Bild1_ps.jpg\",\"keywords\":[\"Eeventmanagement\",\"Management\",\"Schweiz\",\"Unternehmen\"],\"articleSection\":[\"MANAGEMENT\"],\"inLanguage\":\"fr-FR\"},{\"@type\":\"WebPage\",\"@id\":\"https:\\\/\\\/www.organisator.ch\\\/management\\\/2024-02-29\\\/aus-swisscom-zoon-wird-die-oniva-ag\\\/\",\"url\":\"https:\\\/\\\/www.organisator.ch\\\/management\\\/2024-02-29\\\/aus-swisscom-zoon-wird-die-oniva-ag\\\/\",\"name\":\"Aus Swisscom Zoon wird die Oniva AG - Organisator\",\"isPartOf\":{\"@id\":\"https:\\\/\\\/www.organisator.ch\\\/#website\"},\"primaryImageOfPage\":{\"@id\":\"https:\\\/\\\/www.organisator.ch\\\/management\\\/2024-02-29\\\/aus-swisscom-zoon-wird-die-oniva-ag\\\/#primaryimage\"},\"image\":{\"@id\":\"https:\\\/\\\/www.organisator.ch\\\/management\\\/2024-02-29\\\/aus-swisscom-zoon-wird-die-oniva-ag\\\/#primaryimage\"},\"thumbnailUrl\":\"https:\\\/\\\/www.organisator.ch\\\/wp-content\\\/uploads\\\/2024\\\/02\\\/Swisscom-Zoon_Bild1_ps.jpg\",\"datePublished\":\"2024-02-29T13:08:51+00:00\",\"description\":\"Am 1. M\u00e4rz 2024 entsteht aus Zoon ein eigenst\u00e4ndiges Spin-off mit dem Namen Oniva AG.\",\"breadcrumb\":{\"@id\":\"https:\\\/\\\/www.organisator.ch\\\/management\\\/2024-02-29\\\/aus-swisscom-zoon-wird-die-oniva-ag\\\/#breadcrumb\"},\"inLanguage\":\"fr-FR\",\"potentialAction\":[{\"@type\":\"ReadAction\",\"target\":[\"https:\\\/\\\/www.organisator.ch\\\/management\\\/2024-02-29\\\/aus-swisscom-zoon-wird-die-oniva-ag\\\/\"]}]},{\"@type\":\"ImageObject\",\"inLanguage\":\"fr-FR\",\"@id\":\"https:\\\/\\\/www.organisator.ch\\\/management\\\/2024-02-29\\\/aus-swisscom-zoon-wird-die-oniva-ag\\\/#primaryimage\",\"url\":\"https:\\\/\\\/www.organisator.ch\\\/wp-content\\\/uploads\\\/2024\\\/02\\\/Swisscom-Zoon_Bild1_ps.jpg\",\"contentUrl\":\"https:\\\/\\\/www.organisator.ch\\\/wp-content\\\/uploads\\\/2024\\\/02\\\/Swisscom-Zoon_Bild1_ps.jpg\",\"width\":680,\"height\":453,\"caption\":\"Gr\u00fcnder und Mitglieder der Gesch\u00e4ftsleitung von Oniva AG sind Marc Blindenbacher, Anna Fredholm und Simon Gadient. (Bild: www.oniva.events)\"},{\"@type\":\"BreadcrumbList\",\"@id\":\"https:\\\/\\\/www.organisator.ch\\\/management\\\/2024-02-29\\\/aus-swisscom-zoon-wird-die-oniva-ag\\\/#breadcrumb\",\"itemListElement\":[{\"@type\":\"ListItem\",\"position\":1,\"name\":\"Home\",\"item\":\"https:\\\/\\\/www.organisator.ch\\\/\"},{\"@type\":\"ListItem\",\"position\":2,\"name\":\"Aus Swisscom Zoon wird die Oniva AG\"}]},{\"@type\":\"WebSite\",\"@id\":\"https:\\\/\\\/www.organisator.ch\\\/#website\",\"url\":\"https:\\\/\\\/www.organisator.ch\\\/\",\"name\":\"Organisator\",\"description\":\"Kompetent. Praxisnah. Der ORGANISATOR bereitet in 10 Ausgaben pro Jahr die wesentlichen Themen f\u00fcr F\u00fchrungskr\u00e4fte von KMU auf.\",\"publisher\":{\"@id\":\"https:\\\/\\\/www.organisator.ch\\\/#organization\"},\"potentialAction\":[{\"@type\":\"SearchAction\",\"target\":{\"@type\":\"EntryPoint\",\"urlTemplate\":\"https:\\\/\\\/www.organisator.ch\\\/?s={search_term_string}\"},\"query-input\":{\"@type\":\"PropertyValueSpecification\",\"valueRequired\":true,\"valueName\":\"search_term_string\"}}],\"inLanguage\":\"fr-FR\"},{\"@type\":\"Organization\",\"@id\":\"https:\\\/\\\/www.organisator.ch\\\/#organization\",\"name\":\"Organisator\",\"url\":\"https:\\\/\\\/www.organisator.ch\\\/\",\"logo\":{\"@type\":\"ImageObject\",\"inLanguage\":\"fr-FR\",\"@id\":\"https:\\\/\\\/www.organisator.ch\\\/#\\\/schema\\\/logo\\\/image\\\/\",\"url\":\"https:\\\/\\\/www.organisator.ch\\\/wp-content\\\/uploads\\\/2022\\\/01\\\/Logo_Organisator_Website.png\",\"contentUrl\":\"https:\\\/\\\/www.organisator.ch\\\/wp-content\\\/uploads\\\/2022\\\/01\\\/Logo_Organisator_Website.png\",\"width\":800,\"height\":77,\"caption\":\"Organisator\"},\"image\":{\"@id\":\"https:\\\/\\\/www.organisator.ch\\\/#\\\/schema\\\/logo\\\/image\\\/\"},\"sameAs\":[\"https:\\\/\\\/www.facebook.com\\\/OrganisatorFachmagazin\",\"https:\\\/\\\/www.linkedin.com\\\/showcase\\\/organisator-das-magazin-fr-kmu\",\"https:\\\/\\\/www.xing.com\\\/news\\\/pages\\\/organisator-ch-695\",\"https:\\\/\\\/www.youtube.com\\\/channel\\\/UCGP2Sq0iWaZwT3BdIAQFYpw\"]},{\"@type\":\"Person\",\"@id\":\"https:\\\/\\\/www.organisator.ch\\\/#\\\/schema\\\/person\\\/2e1314a2172123f874db408d8911d3f3\",\"name\":\"Adelisa Kalajdzini\",\"image\":{\"@type\":\"ImageObject\",\"inLanguage\":\"fr-FR\",\"@id\":\"https:\\\/\\\/secure.gravatar.com\\\/avatar\\\/09a397c22ac58cad6f160ee8306348599df9df58a8ede73696226897b9fa4b24?s=96&d=mm&r=g\",\"url\":\"https:\\\/\\\/secure.gravatar.com\\\/avatar\\\/09a397c22ac58cad6f160ee8306348599df9df58a8ede73696226897b9fa4b24?s=96&d=mm&r=g\",\"contentUrl\":\"https:\\\/\\\/secure.gravatar.com\\\/avatar\\\/09a397c22ac58cad6f160ee8306348599df9df58a8ede73696226897b9fa4b24?s=96&d=mm&r=g\",\"caption\":\"Adelisa Kalajdzini\"},\"url\":\"https:\\\/\\\/www.organisator.ch\\\/fr\\\/author\\\/adelisa-kalajdzini\\\/\"}]}<\/script>\n<!-- \/ Yoast SEO plugin. -->","yoast_head_json":{"title":"Swisscom Zoon devient Oniva AG - Organisateur","description":"Le 1er mars 2024, Zoon donnera naissance \u00e0 une spin-off ind\u00e9pendante, baptis\u00e9e Oniva AG.","robots":{"index":"index","follow":"follow","max-snippet":"max-snippet:-1","max-image-preview":"max-image-preview:large","max-video-preview":"max-video-preview:-1"},"canonical":"https:\/\/www.organisator.ch\/fr\/gestion-2\/2024-02-29\/aus-swisscom-zoon-wird-die-oniva-ag\/","og_locale":"fr_FR","og_type":"article","og_title":"Aus Swisscom Zoon wird die Oniva AG","og_description":"Am 1. M\u00e4rz 2024 entsteht aus Zoon ein eigenst\u00e4ndiges Spin-off mit dem Namen Oniva AG.","og_url":"https:\/\/www.organisator.ch\/fr\/gestion-2\/2024-02-29\/aus-swisscom-zoon-wird-die-oniva-ag\/","og_site_name":"Organisator","article_publisher":"https:\/\/www.facebook.com\/OrganisatorFachmagazin","article_published_time":"2024-02-29T13:08:51+00:00","og_image":[{"width":680,"height":453,"url":"https:\/\/www.organisator.ch\/wp-content\/uploads\/2024\/02\/Swisscom-Zoon_Bild1_ps.jpg","type":"image\/jpeg"}],"author":"Adelisa Kalajdzini","twitter_card":"summary_large_image","twitter_title":"Aus Swisscom Zoon wird die Oniva AG","twitter_description":"Am 1. M\u00e4rz 2024 entsteht aus #Zoon ein eigenst\u00e4ndiges #Spin-off mit dem Namen #Oniva #AG.","twitter_image":"https:\/\/www.organisator.ch\/wp-content\/uploads\/2024\/02\/Swisscom-Zoon_Bild1_ps.jpg","schema":{"@context":"https:\/\/schema.org","@graph":[{"@type":"Article","@id":"https:\/\/www.organisator.ch\/management\/2024-02-29\/aus-swisscom-zoon-wird-die-oniva-ag\/#article","isPartOf":{"@id":"https:\/\/www.organisator.ch\/management\/2024-02-29\/aus-swisscom-zoon-wird-die-oniva-ag\/"},"author":{"name":"Adelisa Kalajdzini","@id":"https:\/\/www.organisator.ch\/#\/schema\/person\/2e1314a2172123f874db408d8911d3f3"},"headline":"Aus Swisscom Zoon wird die Oniva AG","datePublished":"2024-02-29T13:08:51+00:00","mainEntityOfPage":{"@id":"https:\/\/www.organisator.ch\/management\/2024-02-29\/aus-swisscom-zoon-wird-die-oniva-ag\/"},"wordCount":333,"publisher":{"@id":"https:\/\/www.organisator.ch\/#organization"},"image":{"@id":"https:\/\/www.organisator.ch\/management\/2024-02-29\/aus-swisscom-zoon-wird-die-oniva-ag\/#primaryimage"},"thumbnailUrl":"https:\/\/www.organisator.ch\/wp-content\/uploads\/2024\/02\/Swisscom-Zoon_Bild1_ps.jpg","keywords":["Eeventmanagement","Management","Schweiz","Unternehmen"],"articleSection":["MANAGEMENT"],"inLanguage":"fr-FR"},{"@type":"WebPage","@id":"https:\/\/www.organisator.ch\/management\/2024-02-29\/aus-swisscom-zoon-wird-die-oniva-ag\/","url":"https:\/\/www.organisator.ch\/management\/2024-02-29\/aus-swisscom-zoon-wird-die-oniva-ag\/","name":"Swisscom Zoon devient Oniva AG - Organisateur","isPartOf":{"@id":"https:\/\/www.organisator.ch\/#website"},"primaryImageOfPage":{"@id":"https:\/\/www.organisator.ch\/management\/2024-02-29\/aus-swisscom-zoon-wird-die-oniva-ag\/#primaryimage"},"image":{"@id":"https:\/\/www.organisator.ch\/management\/2024-02-29\/aus-swisscom-zoon-wird-die-oniva-ag\/#primaryimage"},"thumbnailUrl":"https:\/\/www.organisator.ch\/wp-content\/uploads\/2024\/02\/Swisscom-Zoon_Bild1_ps.jpg","datePublished":"2024-02-29T13:08:51+00:00","description":"Le 1er mars 2024, Zoon donnera naissance \u00e0 une spin-off ind\u00e9pendante, baptis\u00e9e Oniva AG.","breadcrumb":{"@id":"https:\/\/www.organisator.ch\/management\/2024-02-29\/aus-swisscom-zoon-wird-die-oniva-ag\/#breadcrumb"},"inLanguage":"fr-FR","potentialAction":[{"@type":"ReadAction","target":["https:\/\/www.organisator.ch\/management\/2024-02-29\/aus-swisscom-zoon-wird-die-oniva-ag\/"]}]},{"@type":"ImageObject","inLanguage":"fr-FR","@id":"https:\/\/www.organisator.ch\/management\/2024-02-29\/aus-swisscom-zoon-wird-die-oniva-ag\/#primaryimage","url":"https:\/\/www.organisator.ch\/wp-content\/uploads\/2024\/02\/Swisscom-Zoon_Bild1_ps.jpg","contentUrl":"https:\/\/www.organisator.ch\/wp-content\/uploads\/2024\/02\/Swisscom-Zoon_Bild1_ps.jpg","width":680,"height":453,"caption":"Gr\u00fcnder und Mitglieder der Gesch\u00e4ftsleitung von Oniva AG sind Marc Blindenbacher, Anna Fredholm und Simon Gadient. (Bild: www.oniva.events)"},{"@type":"BreadcrumbList","@id":"https:\/\/www.organisator.ch\/management\/2024-02-29\/aus-swisscom-zoon-wird-die-oniva-ag\/#breadcrumb","itemListElement":[{"@type":"ListItem","position":1,"name":"Home","item":"https:\/\/www.organisator.ch\/"},{"@type":"ListItem","position":2,"name":"Aus Swisscom Zoon wird die Oniva AG"}]},{"@type":"WebSite","@id":"https:\/\/www.organisator.ch\/#website","url":"https:\/\/www.organisator.ch\/","name":"Organisateur","description":"Comp\u00e9tence et comp\u00e9tence. Proches de la pratique. L'ORGANISATEUR pr\u00e9pare 10 num\u00e9ros par an sur les th\u00e8mes essentiels pour les dirigeants de PME.","publisher":{"@id":"https:\/\/www.organisator.ch\/#organization"},"potentialAction":[{"@type":"SearchAction","target":{"@type":"EntryPoint","urlTemplate":"https:\/\/www.organisator.ch\/?s={search_term_string}"},"query-input":{"@type":"PropertyValueSpecification","valueRequired":true,"valueName":"search_term_string"}}],"inLanguage":"fr-FR"},{"@type":"Organization","@id":"https:\/\/www.organisator.ch\/#organization","name":"Organisateur","url":"https:\/\/www.organisator.ch\/","logo":{"@type":"ImageObject","inLanguage":"fr-FR","@id":"https:\/\/www.organisator.ch\/#\/schema\/logo\/image\/","url":"https:\/\/www.organisator.ch\/wp-content\/uploads\/2022\/01\/Logo_Organisator_Website.png","contentUrl":"https:\/\/www.organisator.ch\/wp-content\/uploads\/2022\/01\/Logo_Organisator_Website.png","width":800,"height":77,"caption":"Organisator"},"image":{"@id":"https:\/\/www.organisator.ch\/#\/schema\/logo\/image\/"},"sameAs":["https:\/\/www.facebook.com\/OrganisatorFachmagazin","https:\/\/www.linkedin.com\/showcase\/organisator-das-magazin-fr-kmu","https:\/\/www.xing.com\/news\/pages\/organisator-ch-695","https:\/\/www.youtube.com\/channel\/UCGP2Sq0iWaZwT3BdIAQFYpw"]},{"@type":"Person","@id":"https:\/\/www.organisator.ch\/#\/schema\/person\/2e1314a2172123f874db408d8911d3f3","name":"Adelisa Kalajdzini","image":{"@type":"ImageObject","inLanguage":"fr-FR","@id":"https:\/\/secure.gravatar.com\/avatar\/09a397c22ac58cad6f160ee8306348599df9df58a8ede73696226897b9fa4b24?s=96&d=mm&r=g","url":"https:\/\/secure.gravatar.com\/avatar\/09a397c22ac58cad6f160ee8306348599df9df58a8ede73696226897b9fa4b24?s=96&d=mm&r=g","contentUrl":"https:\/\/secure.gravatar.com\/avatar\/09a397c22ac58cad6f160ee8306348599df9df58a8ede73696226897b9fa4b24?s=96&d=mm&r=g","caption":"Adelisa Kalajdzini"},"url":"https:\/\/www.organisator.ch\/fr\/author\/adelisa-kalajdzini\/"}]}},"_links":{"self":[{"href":"https:\/\/www.organisator.ch\/fr\/wp-json\/wp\/v2\/posts\/25522","targetHints":{"allow":["GET"]}}],"collection":[{"href":"https:\/\/www.organisator.ch\/fr\/wp-json\/wp\/v2\/posts"}],"about":[{"href":"https:\/\/www.organisator.ch\/fr\/wp-json\/wp\/v2\/types\/post"}],"author":[{"embeddable":true,"href":"https:\/\/www.organisator.ch\/fr\/wp-json\/wp\/v2\/users\/58"}],"replies":[{"embeddable":true,"href":"https:\/\/www.organisator.ch\/fr\/wp-json\/wp\/v2\/comments?post=25522"}],"version-history":[{"count":4,"href":"https:\/\/www.organisator.ch\/fr\/wp-json\/wp\/v2\/posts\/25522\/revisions"}],"predecessor-version":[{"id":25551,"href":"https:\/\/www.organisator.ch\/fr\/wp-json\/wp\/v2\/posts\/25522\/revisions\/25551"}],"wp:featuredmedia":[{"embeddable":true,"href":"https:\/\/www.organisator.ch\/fr\/wp-json\/wp\/v2\/media\/25523"}],"wp:attachment":[{"href":"https:\/\/www.organisator.ch\/fr\/wp-json\/wp\/v2\/media?parent=25522"}],"wp:term":[{"taxonomy":"category","embeddable":true,"href":"https:\/\/www.organisator.ch\/fr\/wp-json\/wp\/v2\/categories?post=25522"},{"taxonomy":"post_tag","embeddable":true,"href":"https:\/\/www.organisator.ch\/fr\/wp-json\/wp\/v2\/tags?post=25522"}],"curies":[{"name":"wp","href":"https:\/\/api.w.org\/{rel}","templated":true}]}}