{"id":2563,"date":"2017-10-11T15:55:18","date_gmt":"2017-10-11T13:55:18","guid":{"rendered":"https:\/\/www.organisator.ch\/?p=2563"},"modified":"2017-10-11T15:55:18","modified_gmt":"2017-10-11T13:55:18","slug":"ifm-symposium-2017-innovationen-im-facility-management-fuer-gesunde-lebens-und-arbeitsraeume","status":"publish","type":"post","link":"https:\/\/www.organisator.ch\/fr\/allgemein\/2017-10-11\/ifm-symposium-2017-innovationen-im-facility-management-fuer-gesunde-lebens-und-arbeitsraeume\/","title":{"rendered":"Symposium de l'IFM 2017 : Innovations dans le Facility Management pour des espaces de vie et de travail sains"},"content":{"rendered":"<figure id=\"attachment_2564\" aria-describedby=\"caption-attachment-2564\" style=\"width: 640px\" class=\"wp-caption alignnone\"><img loading=\"lazy\" decoding=\"async\" class=\"size-full wp-image-2564\" src=\"https:\/\/www.organisator.ch\/wp-content\/uploads\/2017\/10\/IFM-Symposium-2017-Innovationen-im-Facility-Management-fuer-gesunde-Lebens-und-Arbeitsraeume-1_Organisator.jpg\" alt=\"\" width=\"640\" height=\"394\" srcset=\"https:\/\/www.organisator.ch\/wp-content\/uploads\/2017\/10\/IFM-Symposium-2017-Innovationen-im-Facility-Management-fuer-gesunde-Lebens-und-Arbeitsraeume-1_Organisator.jpg 640w, https:\/\/www.organisator.ch\/wp-content\/uploads\/2017\/10\/IFM-Symposium-2017-Innovationen-im-Facility-Management-fuer-gesunde-Lebens-und-Arbeitsraeume-1_Organisator-16x10.jpg 16w, https:\/\/www.organisator.ch\/wp-content\/uploads\/2017\/10\/IFM-Symposium-2017-Innovationen-im-Facility-Management-fuer-gesunde-Lebens-und-Arbeitsraeume-1_Organisator-284x175.jpg 284w, https:\/\/www.organisator.ch\/wp-content\/uploads\/2017\/10\/IFM-Symposium-2017-Innovationen-im-Facility-Management-fuer-gesunde-Lebens-und-Arbeitsraeume-1_Organisator-569x350.jpg 569w, https:\/\/www.organisator.ch\/wp-content\/uploads\/2017\/10\/IFM-Symposium-2017-Innovationen-im-Facility-Management-fuer-gesunde-Lebens-und-Arbeitsraeume-1_Organisator-300x185.jpg 300w\" sizes=\"auto, (max-width: 640px) 100vw, 640px\" \/><figcaption id=\"caption-attachment-2564\" class=\"wp-caption-text\">Le professeur Vivian Loftness de l'Universit\u00e9 Carnegie Mellon, Pittsburgh, USA, parle de l'Internet des objets lors du symposium IFM. (Image : zhaw)<\/figcaption><\/figure>\n<p>Antje Junghans, directrice de l'Institut f\u00fcr Facility Management IFM, a accueilli 150 participants issus de l'\u00e9conomie, de l'administration et de la science. Le symposium au Technopark de Zurich \u00e9tait intitul\u00e9 \"Innovations pour des espaces de vie et de travail sains\" et a r\u00e9uni des sp\u00e9cialistes de Suisse et de l'\u00e9tranger, notamment de Finlande (Tampere University of Technology), de Grande-Bretagne (University of Oxford), de Norv\u00e8ge (Norwegian University of Science and Technology, Trondheim) et des \u00c9tats-Unis (Carnegie Mellon University, Pittsburgh). Ensuite, un atelier international pour doctorants a donn\u00e9 le coup d'envoi du nouveau programme de doctorat en facility management.<\/p>\n<h2><strong>Facteurs favorisant la sant\u00e9 sur le lieu de travail <\/strong><\/h2>\n<p>Lukas Windlinger, expert de la ZHAW, a analys\u00e9 les facteurs de promotion de la sant\u00e9 pour l'am\u00e9nagement des postes de travail et leur impact sur les utilisateurs. Le point de vue de l'int\u00e9rieur vers l'ext\u00e9rieur a \u00e9t\u00e9 repris par Heinz Bernegger, professeur de gestion du cycle de vie \u00e0 la ZHAW, dans sa conf\u00e9rence intitul\u00e9e : \"Pr\u00e9sentation de la nouvelle certification suisse DGNB pour les espaces int\u00e9rieurs de la SGNI\". La DGBN (Deutsche Gesellschaft f\u00fcr Nachhaltiges Bauen) a d\u00e9velopp\u00e9 un syst\u00e8me de certification internationalement reconnu pour la durabilit\u00e9 des b\u00e2timents. Bernegger a notamment expliqu\u00e9 la collaboration entre la recherche et la pratique en mati\u00e8re de certification de b\u00e2timents durables. Le point d'orgue de la premi\u00e8re session a \u00e9t\u00e9 la remise solennelle du DGNB Platinum Award \u00e0 Urs Frey, Productmanager Greenproperty au Credit Suisse, par le pr\u00e9sident de la SGNI (Soci\u00e9t\u00e9 suisse de l'immobilier durable), Ronald Schlegel, \u00e0 l'issue de son expos\u00e9 \"Projets avec le certificat suisse DGNB\".<\/p>\n<h2><strong>Nouveaux d\u00e9veloppements dans le Facility Management dans les soins de sant\u00e9 <\/strong><\/h2>\n<p>Le deuxi\u00e8me bloc th\u00e9matique a mis l'accent sur le Facility Management in Health Care. Diff\u00e9rents aspects ont \u00e9t\u00e9 abord\u00e9s dans les expos\u00e9s de sp\u00e9cialistes de la ZHAW. Nicole Gerber a ainsi parl\u00e9 de \"l'int\u00e9gration des applications d'entreprise des logiciels non m\u00e9dicaux dans les h\u00f4pitaux\" et le Dr Andrea Kofler et Paul Schmitter du th\u00e8me \"La num\u00e9risation et les nouvelles technologies modifient nos paysages de soins de sant\u00e9\". Une table ronde r\u00e9unissant d'autres experts issus de la science et de la pratique a \u00e9t\u00e9 au c\u0153ur de ce bloc th\u00e9matique. Le th\u00e8me du FM in Health Care sera encore approfondi lors de la rencontre du r\u00e9seau \"Perspectives FM\" le 20 avril 2018.<\/p>\n<h2><strong>Regarder vers l'avenir\u00a0 <\/strong><\/h2>\n<p>Le troisi\u00e8me bloc th\u00e9matique a jet\u00e9 un regard vers l'avenir avec les pr\u00e9sentations du professeur Vivian Loftness de l'Universit\u00e9 Carnegie Mellon sur \"The Internet of Things is Transforming Indoor Environments for Comfort and Energy Efficiency\" et du Dr Suvi Nenonen de l'Universit\u00e9 de technologie de Tampere sur \"Innovative work Environment\". Pour d\u00e9velopper des espaces de vie et de travail sains, l'int\u00e9gration de solutions high-tech et low-tech permet d'accro\u00eetre la durabilit\u00e9 de l'environnement b\u00e2ti. L'expos\u00e9 de Nenonen \u00e9tait centr\u00e9 sur la capacit\u00e9 d'utilisation et de fonctionnement, l'\"usability\", des environnements de travail innovants. Elle a pr\u00e9sent\u00e9 dans un mod\u00e8le l'interaction entre les \"\u00e9motions\" et le \"Real Estate\" en relation avec l'\"optimisation des processus\" et la \"rentabilit\u00e9\".<\/p>\n<figure id=\"attachment_2565\" aria-describedby=\"caption-attachment-2565\" style=\"width: 640px\" class=\"wp-caption alignnone\"><img loading=\"lazy\" decoding=\"async\" class=\"size-full wp-image-2565\" src=\"https:\/\/www.organisator.ch\/wp-content\/uploads\/2017\/10\/IFM-Symposium-2017-Innovationen-im-Facility-Management-fuer-gesunde-Lebens-und-Arbeitsraeume-2_Organisator.jpg\" alt=\"\" width=\"640\" height=\"370\" srcset=\"https:\/\/www.organisator.ch\/wp-content\/uploads\/2017\/10\/IFM-Symposium-2017-Innovationen-im-Facility-Management-fuer-gesunde-Lebens-und-Arbeitsraeume-2_Organisator.jpg 640w, https:\/\/www.organisator.ch\/wp-content\/uploads\/2017\/10\/IFM-Symposium-2017-Innovationen-im-Facility-Management-fuer-gesunde-Lebens-und-Arbeitsraeume-2_Organisator-16x9.jpg 16w, https:\/\/www.organisator.ch\/wp-content\/uploads\/2017\/10\/IFM-Symposium-2017-Innovationen-im-Facility-Management-fuer-gesunde-Lebens-und-Arbeitsraeume-2_Organisator-303x175.jpg 303w, https:\/\/www.organisator.ch\/wp-content\/uploads\/2017\/10\/IFM-Symposium-2017-Innovationen-im-Facility-Management-fuer-gesunde-Lebens-und-Arbeitsraeume-2_Organisator-605x350.jpg 605w, https:\/\/www.organisator.ch\/wp-content\/uploads\/2017\/10\/IFM-Symposium-2017-Innovationen-im-Facility-Management-fuer-gesunde-Lebens-und-Arbeitsraeume-2_Organisator-300x173.jpg 300w\" sizes=\"auto, (max-width: 640px) 100vw, 640px\" \/><figcaption id=\"caption-attachment-2565\" class=\"wp-caption-text\">Michael B\u00fcrki, membre du comit\u00e9 de l'IFMA CH, en discussion avec des \u00e9tudiants en master lors du symposium de l'IFM (photo : RGB Photo, Zurich)<\/figcaption><\/figure>\n<h2><strong>56 bacheliers en facility management dipl\u00f4m\u00e9s <\/strong><\/h2>\n<p>Dans le cadre du symposium de l'IFM a \u00e9galement eu lieu la c\u00e9r\u00e9monie de remise des dipl\u00f4mes pour 56 bachelors en Facility Management. Les 25 femmes et 31 hommes ont re\u00e7u leur dipl\u00f4me des mains de la directrice de l'institut, le professeur Antje Junghans, et de la responsable de la fili\u00e8re, Irene Arnold Moos. Michael B\u00fcrki, membre du comit\u00e9 de l'association IFMA Suisse (International Facility Management Association) et membre de la direction \u00e9largie de Post Immobilien Management &amp; Services AG, a prononc\u00e9 le discours de f\u00eate. Gr\u00e2ce \u00e0 une demande continue de sp\u00e9cialistes form\u00e9s en Facility Management, les perspectives professionnelles des dipl\u00f4m\u00e9s sont tr\u00e8s bonnes. C'est ce qu'a confirm\u00e9 la quatri\u00e8me enqu\u00eate men\u00e9e aupr\u00e8s des anciens \u00e9tudiants de bachelor environ un an apr\u00e8s la fin de leurs \u00e9tudes. Selon cette enqu\u00eate, les trois quarts des bachelors avaient assur\u00e9 un emploi qualifi\u00e9 \u00e0 la fin de leurs \u00e9tudes. Avec 80 200 francs, le niveau de salaire des bachelors en Facility Management est nettement sup\u00e9rieur au revenu moyen de toutes les fili\u00e8res de bachelor des hautes \u00e9coles sp\u00e9cialis\u00e9es en Suisse, qui est de 76 000 francs.<\/p>\n<p><a href=\"https:\/\/www.zhaw.ch\/de\/lsfm\/\"><em>Source et informations compl\u00e9mentaires<\/em><\/a><\/p>","protected":false},"excerpt":{"rendered":"<p>150 Teilnehmende aus Wirtschaft, Verwaltung und Wissenschaft konnte Institutsleiterin Prof. Dr.-Ing. Antje Junghans vom Institut f\u00fcr Facility Management IFM begr\u00fcssen. Das Symposium im Technopark Z\u00fcrich stand unter dem Titel \u00abInnovationen f\u00fcr gesunde Lebens- und Arbeitsr\u00e4ume\u00bb und vereinigte Fachleute aus dem In- und Ausland, so\u00a0 aus Finnland (Tampere University of Technology), Grossbritannien (University of Oxford), Norwegen [&hellip;]<\/p>\n","protected":false},"author":4,"featured_media":2564,"comment_status":"open","ping_status":"open","sticky":false,"template":"","format":"standard","meta":{"_acf_changed":false,"_yoast_wpseo_focuskw":"Facility Management","_yoast_wpseo_metadesc":"Im Facility Management ist in Forschung und Praxis sehr viel in Bewegung. Dies zeigte das IFM-Symposium der ZHAW am 6. Oktober 2017 im Technopark Z\u00fcrich.","articlekey":"","footnotes":""},"categories":[1],"tags":[51,156,195,533],"class_list":["post-2563","post","type-post","status-publish","format-standard","has-post-thumbnail","hentry","category-allgemein","tag-arbeitsplatzgestaltung","tag-digitalisierung","tag-facility-management","tag-wissenschaft"],"acf":[],"yoast_head":"<!-- This site is optimized with the Yoast SEO plugin v27.5 - https:\/\/yoast.com\/product\/yoast-seo-wordpress\/ -->\n<title>IFM-Symposium 2017: Innovationen im Facility Management f\u00fcr gesunde Lebens- und Arbeitsr\u00e4ume - Organisator<\/title>\n<meta name=\"description\" content=\"Im Facility Management ist in Forschung und Praxis sehr viel in Bewegung. Dies zeigte das IFM-Symposium der ZHAW am 6. Oktober 2017 im Technopark Z\u00fcrich.\" \/>\n<meta name=\"robots\" content=\"index, follow, max-snippet:-1, max-image-preview:large, max-video-preview:-1\" \/>\n<link rel=\"canonical\" href=\"https:\/\/www.organisator.ch\/fr\/general\/2017-10-11\/ifm-symposium-2017-innovationen-im-facility-management-fuer-gesunde-lebens-und-arbeitsraeume\/\" \/>\n<meta property=\"og:locale\" content=\"fr_FR\" \/>\n<meta property=\"og:type\" content=\"article\" \/>\n<meta property=\"og:title\" content=\"IFM-Symposium 2017: Innovationen im Facility Management f\u00fcr gesunde Lebens- und Arbeitsr\u00e4ume\" \/>\n<meta property=\"og:description\" content=\"Im #Facility Management ist in Forschung und Praxis sehr viel in Bewegung. Dies zeigte das #IFM-Symposium der ZHAW am 6. Oktober 2017 im Technopark Z\u00fcrich.\" \/>\n<meta property=\"og:url\" content=\"https:\/\/www.organisator.ch\/fr\/general\/2017-10-11\/ifm-symposium-2017-innovationen-im-facility-management-fuer-gesunde-lebens-und-arbeitsraeume\/\" \/>\n<meta property=\"og:site_name\" content=\"Organisator\" \/>\n<meta property=\"article:publisher\" content=\"https:\/\/www.facebook.com\/OrganisatorFachmagazin\" \/>\n<meta property=\"article:published_time\" content=\"2017-10-11T13:55:18+00:00\" \/>\n<meta property=\"og:image\" content=\"https:\/\/www.organisator.ch\/wp-content\/uploads\/2017\/10\/IFM-Symposium-2017-Innovationen-im-Facility-Management-fuer-gesunde-Lebens-und-Arbeitsraeume-1_Organisator.jpg\" \/>\n\t<meta property=\"og:image:width\" content=\"640\" \/>\n\t<meta property=\"og:image:height\" content=\"394\" \/>\n\t<meta property=\"og:image:type\" content=\"image\/jpeg\" \/>\n<meta name=\"author\" content=\"thomas.berner\" \/>\n<meta name=\"twitter:card\" content=\"summary_large_image\" \/>\n<meta name=\"twitter:title\" content=\"IFM-Symposium 2017: #Innovationen im #FacilityManagement f\u00fcr gesunde Lebens- und Arbeitsr\u00e4ume\" \/>\n<meta name=\"twitter:description\" content=\"Im #Facility Management ist in Forschung und Praxis sehr viel in Bewegung. Dies zeigte das #IFM-Symposium der ZHAW am 6. Oktober 2017 im Technopark Z\u00fcrich.\" \/>\n<meta name=\"twitter:image\" content=\"https:\/\/www.organisator.ch\/wp-content\/uploads\/2017\/10\/IFM-Symposium-2017-Innovationen-im-Facility-Management-f\u00fcr-gesunde-Lebens-und-Arbeitsr\u00e4ume-1_Organisator.jpg\" \/>\n<script type=\"application\/ld+json\" class=\"yoast-schema-graph\">{\"@context\":\"https:\\\/\\\/schema.org\",\"@graph\":[{\"@type\":\"Article\",\"@id\":\"https:\\\/\\\/www.organisator.ch\\\/fr\\\/general\\\/2017-10-11\\\/ifm-symposium-2017-innovationen-im-facility-management-fuer-gesunde-lebens-und-arbeitsraeume\\\/#article\",\"isPartOf\":{\"@id\":\"https:\\\/\\\/www.organisator.ch\\\/fr\\\/general\\\/2017-10-11\\\/ifm-symposium-2017-innovationen-im-facility-management-fuer-gesunde-lebens-und-arbeitsraeume\\\/\"},\"author\":{\"name\":\"thomas.berner\",\"@id\":\"https:\\\/\\\/www.organisator.ch\\\/#\\\/schema\\\/person\\\/6f650f90b2842cd4c0cc334b4e36f67e\"},\"headline\":\"IFM-Symposium 2017: Innovationen im Facility Management f\u00fcr gesunde Lebens- und Arbeitsr\u00e4ume\",\"datePublished\":\"2017-10-11T13:55:18+00:00\",\"mainEntityOfPage\":{\"@id\":\"https:\\\/\\\/www.organisator.ch\\\/fr\\\/general\\\/2017-10-11\\\/ifm-symposium-2017-innovationen-im-facility-management-fuer-gesunde-lebens-und-arbeitsraeume\\\/\"},\"wordCount\":669,\"commentCount\":0,\"publisher\":{\"@id\":\"https:\\\/\\\/www.organisator.ch\\\/#organization\"},\"image\":{\"@id\":\"https:\\\/\\\/www.organisator.ch\\\/fr\\\/general\\\/2017-10-11\\\/ifm-symposium-2017-innovationen-im-facility-management-fuer-gesunde-lebens-und-arbeitsraeume\\\/#primaryimage\"},\"thumbnailUrl\":\"https:\\\/\\\/www.organisator.ch\\\/wp-content\\\/uploads\\\/2017\\\/10\\\/IFM-Symposium-2017-Innovationen-im-Facility-Management-fuer-gesunde-Lebens-und-Arbeitsraeume-1_Organisator.jpg\",\"keywords\":[\"Arbeitsplatzgestaltung\",\"Digitalisierung\",\"Facility Management\",\"Wissenschaft\"],\"articleSection\":[\"Allgemein\"],\"inLanguage\":\"fr-FR\"},{\"@type\":\"WebPage\",\"@id\":\"https:\\\/\\\/www.organisator.ch\\\/fr\\\/general\\\/2017-10-11\\\/ifm-symposium-2017-innovationen-im-facility-management-fuer-gesunde-lebens-und-arbeitsraeume\\\/\",\"url\":\"https:\\\/\\\/www.organisator.ch\\\/fr\\\/general\\\/2017-10-11\\\/ifm-symposium-2017-innovationen-im-facility-management-fuer-gesunde-lebens-und-arbeitsraeume\\\/\",\"name\":\"IFM-Symposium 2017: Innovationen im Facility Management f\u00fcr gesunde Lebens- und Arbeitsr\u00e4ume - Organisator\",\"isPartOf\":{\"@id\":\"https:\\\/\\\/www.organisator.ch\\\/#website\"},\"primaryImageOfPage\":{\"@id\":\"https:\\\/\\\/www.organisator.ch\\\/fr\\\/general\\\/2017-10-11\\\/ifm-symposium-2017-innovationen-im-facility-management-fuer-gesunde-lebens-und-arbeitsraeume\\\/#primaryimage\"},\"image\":{\"@id\":\"https:\\\/\\\/www.organisator.ch\\\/fr\\\/general\\\/2017-10-11\\\/ifm-symposium-2017-innovationen-im-facility-management-fuer-gesunde-lebens-und-arbeitsraeume\\\/#primaryimage\"},\"thumbnailUrl\":\"https:\\\/\\\/www.organisator.ch\\\/wp-content\\\/uploads\\\/2017\\\/10\\\/IFM-Symposium-2017-Innovationen-im-Facility-Management-fuer-gesunde-Lebens-und-Arbeitsraeume-1_Organisator.jpg\",\"datePublished\":\"2017-10-11T13:55:18+00:00\",\"description\":\"Im Facility Management ist in Forschung und Praxis sehr viel in Bewegung. Dies zeigte das IFM-Symposium der ZHAW am 6. Oktober 2017 im Technopark Z\u00fcrich.\",\"breadcrumb\":{\"@id\":\"https:\\\/\\\/www.organisator.ch\\\/fr\\\/general\\\/2017-10-11\\\/ifm-symposium-2017-innovationen-im-facility-management-fuer-gesunde-lebens-und-arbeitsraeume\\\/#breadcrumb\"},\"inLanguage\":\"fr-FR\",\"potentialAction\":[{\"@type\":\"ReadAction\",\"target\":[\"https:\\\/\\\/www.organisator.ch\\\/fr\\\/general\\\/2017-10-11\\\/ifm-symposium-2017-innovationen-im-facility-management-fuer-gesunde-lebens-und-arbeitsraeume\\\/\"]}]},{\"@type\":\"ImageObject\",\"inLanguage\":\"fr-FR\",\"@id\":\"https:\\\/\\\/www.organisator.ch\\\/fr\\\/general\\\/2017-10-11\\\/ifm-symposium-2017-innovationen-im-facility-management-fuer-gesunde-lebens-und-arbeitsraeume\\\/#primaryimage\",\"url\":\"https:\\\/\\\/www.organisator.ch\\\/wp-content\\\/uploads\\\/2017\\\/10\\\/IFM-Symposium-2017-Innovationen-im-Facility-Management-fuer-gesunde-Lebens-und-Arbeitsraeume-1_Organisator.jpg\",\"contentUrl\":\"https:\\\/\\\/www.organisator.ch\\\/wp-content\\\/uploads\\\/2017\\\/10\\\/IFM-Symposium-2017-Innovationen-im-Facility-Management-fuer-gesunde-Lebens-und-Arbeitsraeume-1_Organisator.jpg\",\"width\":640,\"height\":394,\"caption\":\"Prof. Vivian Loftness von der Carnegie Mellon University, Pittsburgh, USA, spricht am IFM-Symposium \u00fcber das Internet der Dinge. (Bild: zhaw)\"},{\"@type\":\"BreadcrumbList\",\"@id\":\"https:\\\/\\\/www.organisator.ch\\\/fr\\\/general\\\/2017-10-11\\\/ifm-symposium-2017-innovationen-im-facility-management-fuer-gesunde-lebens-und-arbeitsraeume\\\/#breadcrumb\",\"itemListElement\":[{\"@type\":\"ListItem\",\"position\":1,\"name\":\"Home\",\"item\":\"https:\\\/\\\/www.organisator.ch\\\/\"},{\"@type\":\"ListItem\",\"position\":2,\"name\":\"IFM-Symposium 2017: Innovationen im Facility Management f\u00fcr gesunde Lebens- und Arbeitsr\u00e4ume\"}]},{\"@type\":\"WebSite\",\"@id\":\"https:\\\/\\\/www.organisator.ch\\\/#website\",\"url\":\"https:\\\/\\\/www.organisator.ch\\\/\",\"name\":\"Organisator\",\"description\":\"Kompetent. Praxisnah. Der ORGANISATOR bereitet in 10 Ausgaben pro Jahr die wesentlichen Themen f\u00fcr F\u00fchrungskr\u00e4fte von KMU auf.\",\"publisher\":{\"@id\":\"https:\\\/\\\/www.organisator.ch\\\/#organization\"},\"potentialAction\":[{\"@type\":\"SearchAction\",\"target\":{\"@type\":\"EntryPoint\",\"urlTemplate\":\"https:\\\/\\\/www.organisator.ch\\\/?s={search_term_string}\"},\"query-input\":{\"@type\":\"PropertyValueSpecification\",\"valueRequired\":true,\"valueName\":\"search_term_string\"}}],\"inLanguage\":\"fr-FR\"},{\"@type\":\"Organization\",\"@id\":\"https:\\\/\\\/www.organisator.ch\\\/#organization\",\"name\":\"Organisator\",\"url\":\"https:\\\/\\\/www.organisator.ch\\\/\",\"logo\":{\"@type\":\"ImageObject\",\"inLanguage\":\"fr-FR\",\"@id\":\"https:\\\/\\\/www.organisator.ch\\\/#\\\/schema\\\/logo\\\/image\\\/\",\"url\":\"https:\\\/\\\/www.organisator.ch\\\/wp-content\\\/uploads\\\/2022\\\/01\\\/Logo_Organisator_Website.png\",\"contentUrl\":\"https:\\\/\\\/www.organisator.ch\\\/wp-content\\\/uploads\\\/2022\\\/01\\\/Logo_Organisator_Website.png\",\"width\":800,\"height\":77,\"caption\":\"Organisator\"},\"image\":{\"@id\":\"https:\\\/\\\/www.organisator.ch\\\/#\\\/schema\\\/logo\\\/image\\\/\"},\"sameAs\":[\"https:\\\/\\\/www.facebook.com\\\/OrganisatorFachmagazin\",\"https:\\\/\\\/www.linkedin.com\\\/showcase\\\/organisator-das-magazin-fr-kmu\",\"https:\\\/\\\/www.xing.com\\\/news\\\/pages\\\/organisator-ch-695\",\"https:\\\/\\\/www.youtube.com\\\/channel\\\/UCGP2Sq0iWaZwT3BdIAQFYpw\"]},{\"@type\":\"Person\",\"@id\":\"https:\\\/\\\/www.organisator.ch\\\/#\\\/schema\\\/person\\\/6f650f90b2842cd4c0cc334b4e36f67e\",\"name\":\"thomas.berner\",\"image\":{\"@type\":\"ImageObject\",\"inLanguage\":\"fr-FR\",\"@id\":\"https:\\\/\\\/secure.gravatar.com\\\/avatar\\\/ac5001d2a36cb6c6cd3e50789007ffca834b477b74a2144564522e944eabff61?s=96&d=mm&r=g\",\"url\":\"https:\\\/\\\/secure.gravatar.com\\\/avatar\\\/ac5001d2a36cb6c6cd3e50789007ffca834b477b74a2144564522e944eabff61?s=96&d=mm&r=g\",\"contentUrl\":\"https:\\\/\\\/secure.gravatar.com\\\/avatar\\\/ac5001d2a36cb6c6cd3e50789007ffca834b477b74a2144564522e944eabff61?s=96&d=mm&r=g\",\"caption\":\"thomas.berner\"},\"url\":\"https:\\\/\\\/www.organisator.ch\\\/fr\\\/author\\\/thomas-berner\\\/\"}]}<\/script>\n<!-- \/ Yoast SEO plugin. -->","yoast_head_json":{"title":"Symposium de l'IFM 2017 : Innovations dans le Facility Management pour des espaces de vie et de travail sains - Organisateur","description":"Dans le domaine du Facility Management, les choses bougent beaucoup dans la recherche et la pratique. C'est ce qu'a montr\u00e9 le symposium IFM de la ZHAW le 6 octobre 2017 au Technopark de Zurich.","robots":{"index":"index","follow":"follow","max-snippet":"max-snippet:-1","max-image-preview":"max-image-preview:large","max-video-preview":"max-video-preview:-1"},"canonical":"https:\/\/www.organisator.ch\/fr\/general\/2017-10-11\/ifm-symposium-2017-innovationen-im-facility-management-fuer-gesunde-lebens-und-arbeitsraeume\/","og_locale":"fr_FR","og_type":"article","og_title":"IFM-Symposium 2017: Innovationen im Facility Management f\u00fcr gesunde Lebens- und Arbeitsr\u00e4ume","og_description":"Im #Facility Management ist in Forschung und Praxis sehr viel in Bewegung. Dies zeigte das #IFM-Symposium der ZHAW am 6. Oktober 2017 im Technopark Z\u00fcrich.","og_url":"https:\/\/www.organisator.ch\/fr\/general\/2017-10-11\/ifm-symposium-2017-innovationen-im-facility-management-fuer-gesunde-lebens-und-arbeitsraeume\/","og_site_name":"Organisator","article_publisher":"https:\/\/www.facebook.com\/OrganisatorFachmagazin","article_published_time":"2017-10-11T13:55:18+00:00","og_image":[{"width":640,"height":394,"url":"https:\/\/www.organisator.ch\/wp-content\/uploads\/2017\/10\/IFM-Symposium-2017-Innovationen-im-Facility-Management-fuer-gesunde-Lebens-und-Arbeitsraeume-1_Organisator.jpg","type":"image\/jpeg"}],"author":"thomas.berner","twitter_card":"summary_large_image","twitter_title":"IFM-Symposium 2017: #Innovationen im #FacilityManagement f\u00fcr gesunde Lebens- und Arbeitsr\u00e4ume","twitter_description":"Im #Facility Management ist in Forschung und Praxis sehr viel in Bewegung. Dies zeigte das #IFM-Symposium der ZHAW am 6. Oktober 2017 im Technopark Z\u00fcrich.","twitter_image":"https:\/\/www.organisator.ch\/wp-content\/uploads\/2017\/10\/IFM-Symposium-2017-Innovationen-im-Facility-Management-f\u00fcr-gesunde-Lebens-und-Arbeitsr\u00e4ume-1_Organisator.jpg","schema":{"@context":"https:\/\/schema.org","@graph":[{"@type":"Article","@id":"https:\/\/www.organisator.ch\/fr\/general\/2017-10-11\/ifm-symposium-2017-innovationen-im-facility-management-fuer-gesunde-lebens-und-arbeitsraeume\/#article","isPartOf":{"@id":"https:\/\/www.organisator.ch\/fr\/general\/2017-10-11\/ifm-symposium-2017-innovationen-im-facility-management-fuer-gesunde-lebens-und-arbeitsraeume\/"},"author":{"name":"thomas.berner","@id":"https:\/\/www.organisator.ch\/#\/schema\/person\/6f650f90b2842cd4c0cc334b4e36f67e"},"headline":"IFM-Symposium 2017: Innovationen im Facility Management f\u00fcr gesunde Lebens- und Arbeitsr\u00e4ume","datePublished":"2017-10-11T13:55:18+00:00","mainEntityOfPage":{"@id":"https:\/\/www.organisator.ch\/fr\/general\/2017-10-11\/ifm-symposium-2017-innovationen-im-facility-management-fuer-gesunde-lebens-und-arbeitsraeume\/"},"wordCount":669,"commentCount":0,"publisher":{"@id":"https:\/\/www.organisator.ch\/#organization"},"image":{"@id":"https:\/\/www.organisator.ch\/fr\/general\/2017-10-11\/ifm-symposium-2017-innovationen-im-facility-management-fuer-gesunde-lebens-und-arbeitsraeume\/#primaryimage"},"thumbnailUrl":"https:\/\/www.organisator.ch\/wp-content\/uploads\/2017\/10\/IFM-Symposium-2017-Innovationen-im-Facility-Management-fuer-gesunde-Lebens-und-Arbeitsraeume-1_Organisator.jpg","keywords":["Arbeitsplatzgestaltung","Digitalisierung","Facility Management","Wissenschaft"],"articleSection":["Allgemein"],"inLanguage":"fr-FR"},{"@type":"WebPage","@id":"https:\/\/www.organisator.ch\/fr\/general\/2017-10-11\/ifm-symposium-2017-innovationen-im-facility-management-fuer-gesunde-lebens-und-arbeitsraeume\/","url":"https:\/\/www.organisator.ch\/fr\/general\/2017-10-11\/ifm-symposium-2017-innovationen-im-facility-management-fuer-gesunde-lebens-und-arbeitsraeume\/","name":"Symposium de l'IFM 2017 : Innovations dans le Facility Management pour des espaces de vie et de travail sains - Organisateur","isPartOf":{"@id":"https:\/\/www.organisator.ch\/#website"},"primaryImageOfPage":{"@id":"https:\/\/www.organisator.ch\/fr\/general\/2017-10-11\/ifm-symposium-2017-innovationen-im-facility-management-fuer-gesunde-lebens-und-arbeitsraeume\/#primaryimage"},"image":{"@id":"https:\/\/www.organisator.ch\/fr\/general\/2017-10-11\/ifm-symposium-2017-innovationen-im-facility-management-fuer-gesunde-lebens-und-arbeitsraeume\/#primaryimage"},"thumbnailUrl":"https:\/\/www.organisator.ch\/wp-content\/uploads\/2017\/10\/IFM-Symposium-2017-Innovationen-im-Facility-Management-fuer-gesunde-Lebens-und-Arbeitsraeume-1_Organisator.jpg","datePublished":"2017-10-11T13:55:18+00:00","description":"Dans le domaine du Facility Management, les choses bougent beaucoup dans la recherche et la pratique. C'est ce qu'a montr\u00e9 le symposium IFM de la ZHAW le 6 octobre 2017 au Technopark de Zurich.","breadcrumb":{"@id":"https:\/\/www.organisator.ch\/fr\/general\/2017-10-11\/ifm-symposium-2017-innovationen-im-facility-management-fuer-gesunde-lebens-und-arbeitsraeume\/#breadcrumb"},"inLanguage":"fr-FR","potentialAction":[{"@type":"ReadAction","target":["https:\/\/www.organisator.ch\/fr\/general\/2017-10-11\/ifm-symposium-2017-innovationen-im-facility-management-fuer-gesunde-lebens-und-arbeitsraeume\/"]}]},{"@type":"ImageObject","inLanguage":"fr-FR","@id":"https:\/\/www.organisator.ch\/fr\/general\/2017-10-11\/ifm-symposium-2017-innovationen-im-facility-management-fuer-gesunde-lebens-und-arbeitsraeume\/#primaryimage","url":"https:\/\/www.organisator.ch\/wp-content\/uploads\/2017\/10\/IFM-Symposium-2017-Innovationen-im-Facility-Management-fuer-gesunde-Lebens-und-Arbeitsraeume-1_Organisator.jpg","contentUrl":"https:\/\/www.organisator.ch\/wp-content\/uploads\/2017\/10\/IFM-Symposium-2017-Innovationen-im-Facility-Management-fuer-gesunde-Lebens-und-Arbeitsraeume-1_Organisator.jpg","width":640,"height":394,"caption":"Prof. Vivian Loftness von der Carnegie Mellon University, Pittsburgh, USA, spricht am IFM-Symposium \u00fcber das Internet der Dinge. (Bild: zhaw)"},{"@type":"BreadcrumbList","@id":"https:\/\/www.organisator.ch\/fr\/general\/2017-10-11\/ifm-symposium-2017-innovationen-im-facility-management-fuer-gesunde-lebens-und-arbeitsraeume\/#breadcrumb","itemListElement":[{"@type":"ListItem","position":1,"name":"Home","item":"https:\/\/www.organisator.ch\/"},{"@type":"ListItem","position":2,"name":"IFM-Symposium 2017: Innovationen im Facility Management f\u00fcr gesunde Lebens- und Arbeitsr\u00e4ume"}]},{"@type":"WebSite","@id":"https:\/\/www.organisator.ch\/#website","url":"https:\/\/www.organisator.ch\/","name":"Organisateur","description":"Comp\u00e9tence et comp\u00e9tence. Proches de la pratique. L'ORGANISATEUR pr\u00e9pare 10 num\u00e9ros par an sur les th\u00e8mes essentiels pour les dirigeants de PME.","publisher":{"@id":"https:\/\/www.organisator.ch\/#organization"},"potentialAction":[{"@type":"SearchAction","target":{"@type":"EntryPoint","urlTemplate":"https:\/\/www.organisator.ch\/?s={search_term_string}"},"query-input":{"@type":"PropertyValueSpecification","valueRequired":true,"valueName":"search_term_string"}}],"inLanguage":"fr-FR"},{"@type":"Organization","@id":"https:\/\/www.organisator.ch\/#organization","name":"Organisateur","url":"https:\/\/www.organisator.ch\/","logo":{"@type":"ImageObject","inLanguage":"fr-FR","@id":"https:\/\/www.organisator.ch\/#\/schema\/logo\/image\/","url":"https:\/\/www.organisator.ch\/wp-content\/uploads\/2022\/01\/Logo_Organisator_Website.png","contentUrl":"https:\/\/www.organisator.ch\/wp-content\/uploads\/2022\/01\/Logo_Organisator_Website.png","width":800,"height":77,"caption":"Organisator"},"image":{"@id":"https:\/\/www.organisator.ch\/#\/schema\/logo\/image\/"},"sameAs":["https:\/\/www.facebook.com\/OrganisatorFachmagazin","https:\/\/www.linkedin.com\/showcase\/organisator-das-magazin-fr-kmu","https:\/\/www.xing.com\/news\/pages\/organisator-ch-695","https:\/\/www.youtube.com\/channel\/UCGP2Sq0iWaZwT3BdIAQFYpw"]},{"@type":"Person","@id":"https:\/\/www.organisator.ch\/#\/schema\/person\/6f650f90b2842cd4c0cc334b4e36f67e","name":"thomas.berner","image":{"@type":"ImageObject","inLanguage":"fr-FR","@id":"https:\/\/secure.gravatar.com\/avatar\/ac5001d2a36cb6c6cd3e50789007ffca834b477b74a2144564522e944eabff61?s=96&d=mm&r=g","url":"https:\/\/secure.gravatar.com\/avatar\/ac5001d2a36cb6c6cd3e50789007ffca834b477b74a2144564522e944eabff61?s=96&d=mm&r=g","contentUrl":"https:\/\/secure.gravatar.com\/avatar\/ac5001d2a36cb6c6cd3e50789007ffca834b477b74a2144564522e944eabff61?s=96&d=mm&r=g","caption":"thomas.berner"},"url":"https:\/\/www.organisator.ch\/fr\/author\/thomas-berner\/"}]}},"_links":{"self":[{"href":"https:\/\/www.organisator.ch\/fr\/wp-json\/wp\/v2\/posts\/2563","targetHints":{"allow":["GET"]}}],"collection":[{"href":"https:\/\/www.organisator.ch\/fr\/wp-json\/wp\/v2\/posts"}],"about":[{"href":"https:\/\/www.organisator.ch\/fr\/wp-json\/wp\/v2\/types\/post"}],"author":[{"embeddable":true,"href":"https:\/\/www.organisator.ch\/fr\/wp-json\/wp\/v2\/users\/4"}],"replies":[{"embeddable":true,"href":"https:\/\/www.organisator.ch\/fr\/wp-json\/wp\/v2\/comments?post=2563"}],"version-history":[{"count":0,"href":"https:\/\/www.organisator.ch\/fr\/wp-json\/wp\/v2\/posts\/2563\/revisions"}],"wp:featuredmedia":[{"embeddable":true,"href":"https:\/\/www.organisator.ch\/fr\/wp-json\/wp\/v2\/media\/2564"}],"wp:attachment":[{"href":"https:\/\/www.organisator.ch\/fr\/wp-json\/wp\/v2\/media?parent=2563"}],"wp:term":[{"taxonomy":"category","embeddable":true,"href":"https:\/\/www.organisator.ch\/fr\/wp-json\/wp\/v2\/categories?post=2563"},{"taxonomy":"post_tag","embeddable":true,"href":"https:\/\/www.organisator.ch\/fr\/wp-json\/wp\/v2\/tags?post=2563"}],"curies":[{"name":"wp","href":"https:\/\/api.w.org\/{rel}","templated":true}]}}