{"id":25641,"date":"2024-03-05T16:04:23","date_gmt":"2024-03-05T15:04:23","guid":{"rendered":"https:\/\/www.organisator.ch\/?p=25641"},"modified":"2024-03-05T16:04:23","modified_gmt":"2024-03-05T15:04:23","slug":"umantis-praesentiert-eine-neue-hr-software","status":"publish","type":"post","link":"https:\/\/www.organisator.ch\/fr\/human-resources\/2024-03-05\/umantis-praesentiert-eine-neue-hr-software\/","title":{"rendered":"Umantis pr\u00e9sente un nouveau logiciel RH"},"content":{"rendered":"<figure id=\"attachment_25642\" aria-describedby=\"caption-attachment-25642\" style=\"width: 680px\" class=\"wp-caption alignnone\"><img loading=\"lazy\" decoding=\"async\" class=\"size-full wp-image-25642\" src=\"https:\/\/www.organisator.ch\/wp-content\/uploads\/2024\/03\/Umantis_Bild1_ps.jpg\" alt=\"\" width=\"680\" height=\"454\" srcset=\"https:\/\/www.organisator.ch\/wp-content\/uploads\/2024\/03\/Umantis_Bild1_ps.jpg 680w, https:\/\/www.organisator.ch\/wp-content\/uploads\/2024\/03\/Umantis_Bild1_ps-18x12.jpg 18w, https:\/\/www.organisator.ch\/wp-content\/uploads\/2024\/03\/Umantis_Bild1_ps-375x250.jpg 375w, https:\/\/www.organisator.ch\/wp-content\/uploads\/2024\/03\/Umantis_Bild1_ps-524x350.jpg 524w\" sizes=\"auto, (max-width: 680px) 100vw, 680px\" \/><figcaption id=\"caption-attachment-25642\" class=\"wp-caption-text\">Abacus Umantis pr\u00e9sente sa solution compl\u00e8te pour une RH num\u00e9rique au HR Festival europe. (Image : www.depositphotos.com)<\/figcaption><\/figure>\n<p>La nouvelle suite RH enti\u00e8rement int\u00e9gr\u00e9e d'Abacus Umantis permet une gestion efficace, effective et simple de tous les processus RH. Le logiciel r\u00e9unit en outre des fonctions allant du recrutement \u00e0 la planification de la succession, en passant par l'embauche et la formation continue, et offre en outre des outils pour les t\u00e2ches administratives telles que l'\u00e9tablissement de certificats de travail et la signature num\u00e9rique et juridiquement s\u00fbre de contrats de travail.<\/p>\n<p>Depuis toujours, Umantis \u00e9tait surtout connue comme sp\u00e9cialiste de la gestion des talents, c'est-\u00e0-dire de l'acquisition, de la fid\u00e9lisation et du d\u00e9veloppement des collaborateurs. D\u00e9sormais, elle couvre tous les domaines des ressources humaines avec sa nouvelle solution. Avec cette nouvelle suite RH, Abacus Umantis s'adresse avant tout aux entreprises \"qui souhaitent augmenter sensiblement leur efficacit\u00e9 et qui consid\u00e8rent la ressource 'humaine' comme un \u00e9l\u00e9ment d\u00e9cisif pour leur comp\u00e9titivit\u00e9\", explique Axel Singler, CEO d'Abacus Umantis.<\/p>\n<p>Le logiciel peut \u00eatre essay\u00e9 et test\u00e9 pour la premi\u00e8re fois lors du HR Festival europe \u00e0 Zurich. Le lancement de la suite RH est accompagn\u00e9 d'une vaste campagne qui passe par diff\u00e9rents canaux tels que le site web de l'entreprise, LinkedIn, des magazines sp\u00e9cialis\u00e9s ainsi que des salons et des \u00e9v\u00e9nements.<\/p>\n<p><em>Source : <a href=\"http:\/\/www.umantis.com\">www.umantis.com<\/a><\/em><\/p>","protected":false},"excerpt":{"rendered":"<p>Abacus Umantis SA, un fournisseur suisse de logiciels dans le domaine des ressources humaines, pr\u00e9sente au HR Festival europe sa solution compl\u00e8te pour un RH num\u00e9rique. Cette solution marque une \u00e9tape importante dans l'\u00e9volution d'Umantis, qui passe du statut de sp\u00e9cialiste de la gestion des talents \u00e0 celui de fournisseur d'une solution compl\u00e8te pour tous les domaines des ressources humaines.<\/p>","protected":false},"author":58,"featured_media":25642,"comment_status":"closed","ping_status":"closed","sticky":false,"template":"","format":"standard","meta":{"_acf_changed":false,"_yoast_wpseo_focuskw":"HR-Software","_yoast_wpseo_metadesc":"Abacus Umantis AG, ein Schweizer Software-Anbieter, stellt am HR Festival europe seine Komplettl\u00f6sung f\u00fcr ein digitales HR vor.","articlekey":"","footnotes":""},"categories":[579],"tags":[4132,3506,4131,440,492],"class_list":["post-25641","post","type-post","status-publish","format-standard","has-post-thumbnail","hentry","category-human-resources","tag-hr-software","tag-human-resources","tag-personalprozesse","tag-software","tag-unternehmen"],"acf":[],"yoast_head":"<!-- This site is optimized with the Yoast SEO plugin v27.5 - https:\/\/yoast.com\/product\/yoast-seo-wordpress\/ -->\n<title>Umantis pr\u00e4sentiert eine neue HR-Software - Organisator<\/title>\n<meta name=\"description\" content=\"Abacus Umantis AG, ein Schweizer Software-Anbieter, stellt am HR Festival europe seine Komplettl\u00f6sung f\u00fcr ein digitales HR vor.\" \/>\n<meta name=\"robots\" content=\"index, follow, max-snippet:-1, max-image-preview:large, max-video-preview:-1\" \/>\n<link rel=\"canonical\" href=\"https:\/\/www.organisator.ch\/fr\/ressources-humaines\/2024-03-05\/umantis-praesentiert-eine-neue-hr-software\/\" \/>\n<meta property=\"og:locale\" content=\"fr_FR\" \/>\n<meta property=\"og:type\" content=\"article\" \/>\n<meta property=\"og:title\" content=\"Umantis pr\u00e4sentiert eine neue HR-Software\" \/>\n<meta property=\"og:description\" content=\"Abacus Umantis AG, ein Schweizer Software-Anbieter, stellt am HR Festival europe seine Komplettl\u00f6sung f\u00fcr ein digitales HR vor.\" \/>\n<meta property=\"og:url\" content=\"https:\/\/www.organisator.ch\/fr\/ressources-humaines\/2024-03-05\/umantis-praesentiert-eine-neue-hr-software\/\" \/>\n<meta property=\"og:site_name\" content=\"Organisator\" \/>\n<meta property=\"article:publisher\" content=\"https:\/\/www.facebook.com\/OrganisatorFachmagazin\" \/>\n<meta property=\"article:published_time\" content=\"2024-03-05T15:04:23+00:00\" \/>\n<meta property=\"og:image\" content=\"https:\/\/www.organisator.ch\/wp-content\/uploads\/2024\/03\/Umantis_Bild1_ps.jpg\" \/>\n\t<meta property=\"og:image:width\" content=\"680\" \/>\n\t<meta property=\"og:image:height\" content=\"454\" \/>\n\t<meta property=\"og:image:type\" content=\"image\/jpeg\" \/>\n<meta name=\"author\" content=\"Adelisa Kalajdzini\" \/>\n<meta name=\"twitter:card\" content=\"summary_large_image\" \/>\n<meta name=\"twitter:title\" content=\"Umantis pr\u00e4sentiert eine neue HR-Software\" \/>\n<meta name=\"twitter:description\" content=\"#Abacus #Umantis AG, ein Schweizer #Software-Anbieter, stellt am HR Festival europe seine #Komplettl\u00f6sung f\u00fcr ein digitales #HR vor.\" \/>\n<meta name=\"twitter:image\" content=\"https:\/\/www.organisator.ch\/wp-content\/uploads\/2024\/03\/Umantis_Bild1_ps.jpg\" \/>\n<script type=\"application\/ld+json\" class=\"yoast-schema-graph\">{\"@context\":\"https:\\\/\\\/schema.org\",\"@graph\":[{\"@type\":\"Article\",\"@id\":\"https:\\\/\\\/www.organisator.ch\\\/human-resources\\\/2024-03-05\\\/umantis-praesentiert-eine-neue-hr-software\\\/#article\",\"isPartOf\":{\"@id\":\"https:\\\/\\\/www.organisator.ch\\\/human-resources\\\/2024-03-05\\\/umantis-praesentiert-eine-neue-hr-software\\\/\"},\"author\":{\"name\":\"Adelisa Kalajdzini\",\"@id\":\"https:\\\/\\\/www.organisator.ch\\\/#\\\/schema\\\/person\\\/2e1314a2172123f874db408d8911d3f3\"},\"headline\":\"Umantis pr\u00e4sentiert eine neue HR-Software\",\"datePublished\":\"2024-03-05T15:04:23+00:00\",\"mainEntityOfPage\":{\"@id\":\"https:\\\/\\\/www.organisator.ch\\\/human-resources\\\/2024-03-05\\\/umantis-praesentiert-eine-neue-hr-software\\\/\"},\"wordCount\":207,\"publisher\":{\"@id\":\"https:\\\/\\\/www.organisator.ch\\\/#organization\"},\"image\":{\"@id\":\"https:\\\/\\\/www.organisator.ch\\\/human-resources\\\/2024-03-05\\\/umantis-praesentiert-eine-neue-hr-software\\\/#primaryimage\"},\"thumbnailUrl\":\"https:\\\/\\\/www.organisator.ch\\\/wp-content\\\/uploads\\\/2024\\\/03\\\/Umantis_Bild1_ps.jpg\",\"keywords\":[\"HR-Software\",\"Human Resources\",\"Personalprozesse\",\"Software\",\"Unternehmen\"],\"articleSection\":[\"HUMAN RESOURCES\"],\"inLanguage\":\"fr-FR\"},{\"@type\":\"WebPage\",\"@id\":\"https:\\\/\\\/www.organisator.ch\\\/human-resources\\\/2024-03-05\\\/umantis-praesentiert-eine-neue-hr-software\\\/\",\"url\":\"https:\\\/\\\/www.organisator.ch\\\/human-resources\\\/2024-03-05\\\/umantis-praesentiert-eine-neue-hr-software\\\/\",\"name\":\"Umantis pr\u00e4sentiert eine neue HR-Software - Organisator\",\"isPartOf\":{\"@id\":\"https:\\\/\\\/www.organisator.ch\\\/#website\"},\"primaryImageOfPage\":{\"@id\":\"https:\\\/\\\/www.organisator.ch\\\/human-resources\\\/2024-03-05\\\/umantis-praesentiert-eine-neue-hr-software\\\/#primaryimage\"},\"image\":{\"@id\":\"https:\\\/\\\/www.organisator.ch\\\/human-resources\\\/2024-03-05\\\/umantis-praesentiert-eine-neue-hr-software\\\/#primaryimage\"},\"thumbnailUrl\":\"https:\\\/\\\/www.organisator.ch\\\/wp-content\\\/uploads\\\/2024\\\/03\\\/Umantis_Bild1_ps.jpg\",\"datePublished\":\"2024-03-05T15:04:23+00:00\",\"description\":\"Abacus Umantis AG, ein Schweizer Software-Anbieter, stellt am HR Festival europe seine Komplettl\u00f6sung f\u00fcr ein digitales HR vor.\",\"breadcrumb\":{\"@id\":\"https:\\\/\\\/www.organisator.ch\\\/human-resources\\\/2024-03-05\\\/umantis-praesentiert-eine-neue-hr-software\\\/#breadcrumb\"},\"inLanguage\":\"fr-FR\",\"potentialAction\":[{\"@type\":\"ReadAction\",\"target\":[\"https:\\\/\\\/www.organisator.ch\\\/human-resources\\\/2024-03-05\\\/umantis-praesentiert-eine-neue-hr-software\\\/\"]}]},{\"@type\":\"ImageObject\",\"inLanguage\":\"fr-FR\",\"@id\":\"https:\\\/\\\/www.organisator.ch\\\/human-resources\\\/2024-03-05\\\/umantis-praesentiert-eine-neue-hr-software\\\/#primaryimage\",\"url\":\"https:\\\/\\\/www.organisator.ch\\\/wp-content\\\/uploads\\\/2024\\\/03\\\/Umantis_Bild1_ps.jpg\",\"contentUrl\":\"https:\\\/\\\/www.organisator.ch\\\/wp-content\\\/uploads\\\/2024\\\/03\\\/Umantis_Bild1_ps.jpg\",\"width\":680,\"height\":454,\"caption\":\"Abacus Umantis stellt am HR Festival europe seine Komplettl\u00f6sung f\u00fcr ein digitales HR vor. (Bild: www.depositphotos.com)\"},{\"@type\":\"BreadcrumbList\",\"@id\":\"https:\\\/\\\/www.organisator.ch\\\/human-resources\\\/2024-03-05\\\/umantis-praesentiert-eine-neue-hr-software\\\/#breadcrumb\",\"itemListElement\":[{\"@type\":\"ListItem\",\"position\":1,\"name\":\"Home\",\"item\":\"https:\\\/\\\/www.organisator.ch\\\/\"},{\"@type\":\"ListItem\",\"position\":2,\"name\":\"Umantis pr\u00e4sentiert eine neue HR-Software\"}]},{\"@type\":\"WebSite\",\"@id\":\"https:\\\/\\\/www.organisator.ch\\\/#website\",\"url\":\"https:\\\/\\\/www.organisator.ch\\\/\",\"name\":\"Organisator\",\"description\":\"Kompetent. Praxisnah. Der ORGANISATOR bereitet in 10 Ausgaben pro Jahr die wesentlichen Themen f\u00fcr F\u00fchrungskr\u00e4fte von KMU auf.\",\"publisher\":{\"@id\":\"https:\\\/\\\/www.organisator.ch\\\/#organization\"},\"potentialAction\":[{\"@type\":\"SearchAction\",\"target\":{\"@type\":\"EntryPoint\",\"urlTemplate\":\"https:\\\/\\\/www.organisator.ch\\\/?s={search_term_string}\"},\"query-input\":{\"@type\":\"PropertyValueSpecification\",\"valueRequired\":true,\"valueName\":\"search_term_string\"}}],\"inLanguage\":\"fr-FR\"},{\"@type\":\"Organization\",\"@id\":\"https:\\\/\\\/www.organisator.ch\\\/#organization\",\"name\":\"Organisator\",\"url\":\"https:\\\/\\\/www.organisator.ch\\\/\",\"logo\":{\"@type\":\"ImageObject\",\"inLanguage\":\"fr-FR\",\"@id\":\"https:\\\/\\\/www.organisator.ch\\\/#\\\/schema\\\/logo\\\/image\\\/\",\"url\":\"https:\\\/\\\/www.organisator.ch\\\/wp-content\\\/uploads\\\/2022\\\/01\\\/Logo_Organisator_Website.png\",\"contentUrl\":\"https:\\\/\\\/www.organisator.ch\\\/wp-content\\\/uploads\\\/2022\\\/01\\\/Logo_Organisator_Website.png\",\"width\":800,\"height\":77,\"caption\":\"Organisator\"},\"image\":{\"@id\":\"https:\\\/\\\/www.organisator.ch\\\/#\\\/schema\\\/logo\\\/image\\\/\"},\"sameAs\":[\"https:\\\/\\\/www.facebook.com\\\/OrganisatorFachmagazin\",\"https:\\\/\\\/www.linkedin.com\\\/showcase\\\/organisator-das-magazin-fr-kmu\",\"https:\\\/\\\/www.xing.com\\\/news\\\/pages\\\/organisator-ch-695\",\"https:\\\/\\\/www.youtube.com\\\/channel\\\/UCGP2Sq0iWaZwT3BdIAQFYpw\"]},{\"@type\":\"Person\",\"@id\":\"https:\\\/\\\/www.organisator.ch\\\/#\\\/schema\\\/person\\\/2e1314a2172123f874db408d8911d3f3\",\"name\":\"Adelisa Kalajdzini\",\"image\":{\"@type\":\"ImageObject\",\"inLanguage\":\"fr-FR\",\"@id\":\"https:\\\/\\\/secure.gravatar.com\\\/avatar\\\/09a397c22ac58cad6f160ee8306348599df9df58a8ede73696226897b9fa4b24?s=96&d=mm&r=g\",\"url\":\"https:\\\/\\\/secure.gravatar.com\\\/avatar\\\/09a397c22ac58cad6f160ee8306348599df9df58a8ede73696226897b9fa4b24?s=96&d=mm&r=g\",\"contentUrl\":\"https:\\\/\\\/secure.gravatar.com\\\/avatar\\\/09a397c22ac58cad6f160ee8306348599df9df58a8ede73696226897b9fa4b24?s=96&d=mm&r=g\",\"caption\":\"Adelisa Kalajdzini\"},\"url\":\"https:\\\/\\\/www.organisator.ch\\\/fr\\\/author\\\/adelisa-kalajdzini\\\/\"}]}<\/script>\n<!-- \/ Yoast SEO plugin. -->","yoast_head_json":{"title":"Umantis pr\u00e9sente un nouveau logiciel RH - Organisateur","description":"Abacus Umantis SA, un fournisseur de logiciels suisse, pr\u00e9sentera sa solution compl\u00e8te pour des RH num\u00e9riques au HR Festival europe.","robots":{"index":"index","follow":"follow","max-snippet":"max-snippet:-1","max-image-preview":"max-image-preview:large","max-video-preview":"max-video-preview:-1"},"canonical":"https:\/\/www.organisator.ch\/fr\/ressources-humaines\/2024-03-05\/umantis-praesentiert-eine-neue-hr-software\/","og_locale":"fr_FR","og_type":"article","og_title":"Umantis pr\u00e4sentiert eine neue HR-Software","og_description":"Abacus Umantis AG, ein Schweizer Software-Anbieter, stellt am HR Festival europe seine Komplettl\u00f6sung f\u00fcr ein digitales HR vor.","og_url":"https:\/\/www.organisator.ch\/fr\/ressources-humaines\/2024-03-05\/umantis-praesentiert-eine-neue-hr-software\/","og_site_name":"Organisator","article_publisher":"https:\/\/www.facebook.com\/OrganisatorFachmagazin","article_published_time":"2024-03-05T15:04:23+00:00","og_image":[{"width":680,"height":454,"url":"https:\/\/www.organisator.ch\/wp-content\/uploads\/2024\/03\/Umantis_Bild1_ps.jpg","type":"image\/jpeg"}],"author":"Adelisa Kalajdzini","twitter_card":"summary_large_image","twitter_title":"Umantis pr\u00e4sentiert eine neue HR-Software","twitter_description":"#Abacus #Umantis AG, ein Schweizer #Software-Anbieter, stellt am HR Festival europe seine #Komplettl\u00f6sung f\u00fcr ein digitales #HR vor.","twitter_image":"https:\/\/www.organisator.ch\/wp-content\/uploads\/2024\/03\/Umantis_Bild1_ps.jpg","schema":{"@context":"https:\/\/schema.org","@graph":[{"@type":"Article","@id":"https:\/\/www.organisator.ch\/human-resources\/2024-03-05\/umantis-praesentiert-eine-neue-hr-software\/#article","isPartOf":{"@id":"https:\/\/www.organisator.ch\/human-resources\/2024-03-05\/umantis-praesentiert-eine-neue-hr-software\/"},"author":{"name":"Adelisa Kalajdzini","@id":"https:\/\/www.organisator.ch\/#\/schema\/person\/2e1314a2172123f874db408d8911d3f3"},"headline":"Umantis pr\u00e4sentiert eine neue HR-Software","datePublished":"2024-03-05T15:04:23+00:00","mainEntityOfPage":{"@id":"https:\/\/www.organisator.ch\/human-resources\/2024-03-05\/umantis-praesentiert-eine-neue-hr-software\/"},"wordCount":207,"publisher":{"@id":"https:\/\/www.organisator.ch\/#organization"},"image":{"@id":"https:\/\/www.organisator.ch\/human-resources\/2024-03-05\/umantis-praesentiert-eine-neue-hr-software\/#primaryimage"},"thumbnailUrl":"https:\/\/www.organisator.ch\/wp-content\/uploads\/2024\/03\/Umantis_Bild1_ps.jpg","keywords":["HR-Software","Human Resources","Personalprozesse","Software","Unternehmen"],"articleSection":["HUMAN RESOURCES"],"inLanguage":"fr-FR"},{"@type":"WebPage","@id":"https:\/\/www.organisator.ch\/human-resources\/2024-03-05\/umantis-praesentiert-eine-neue-hr-software\/","url":"https:\/\/www.organisator.ch\/human-resources\/2024-03-05\/umantis-praesentiert-eine-neue-hr-software\/","name":"Umantis pr\u00e9sente un nouveau logiciel RH - Organisateur","isPartOf":{"@id":"https:\/\/www.organisator.ch\/#website"},"primaryImageOfPage":{"@id":"https:\/\/www.organisator.ch\/human-resources\/2024-03-05\/umantis-praesentiert-eine-neue-hr-software\/#primaryimage"},"image":{"@id":"https:\/\/www.organisator.ch\/human-resources\/2024-03-05\/umantis-praesentiert-eine-neue-hr-software\/#primaryimage"},"thumbnailUrl":"https:\/\/www.organisator.ch\/wp-content\/uploads\/2024\/03\/Umantis_Bild1_ps.jpg","datePublished":"2024-03-05T15:04:23+00:00","description":"Abacus Umantis SA, un fournisseur de logiciels suisse, pr\u00e9sentera sa solution compl\u00e8te pour des RH num\u00e9riques au HR Festival europe.","breadcrumb":{"@id":"https:\/\/www.organisator.ch\/human-resources\/2024-03-05\/umantis-praesentiert-eine-neue-hr-software\/#breadcrumb"},"inLanguage":"fr-FR","potentialAction":[{"@type":"ReadAction","target":["https:\/\/www.organisator.ch\/human-resources\/2024-03-05\/umantis-praesentiert-eine-neue-hr-software\/"]}]},{"@type":"ImageObject","inLanguage":"fr-FR","@id":"https:\/\/www.organisator.ch\/human-resources\/2024-03-05\/umantis-praesentiert-eine-neue-hr-software\/#primaryimage","url":"https:\/\/www.organisator.ch\/wp-content\/uploads\/2024\/03\/Umantis_Bild1_ps.jpg","contentUrl":"https:\/\/www.organisator.ch\/wp-content\/uploads\/2024\/03\/Umantis_Bild1_ps.jpg","width":680,"height":454,"caption":"Abacus Umantis stellt am HR Festival europe seine Komplettl\u00f6sung f\u00fcr ein digitales HR vor. (Bild: www.depositphotos.com)"},{"@type":"BreadcrumbList","@id":"https:\/\/www.organisator.ch\/human-resources\/2024-03-05\/umantis-praesentiert-eine-neue-hr-software\/#breadcrumb","itemListElement":[{"@type":"ListItem","position":1,"name":"Home","item":"https:\/\/www.organisator.ch\/"},{"@type":"ListItem","position":2,"name":"Umantis pr\u00e4sentiert eine neue HR-Software"}]},{"@type":"WebSite","@id":"https:\/\/www.organisator.ch\/#website","url":"https:\/\/www.organisator.ch\/","name":"Organisateur","description":"Comp\u00e9tence et comp\u00e9tence. Proches de la pratique. L'ORGANISATEUR pr\u00e9pare 10 num\u00e9ros par an sur les th\u00e8mes essentiels pour les dirigeants de PME.","publisher":{"@id":"https:\/\/www.organisator.ch\/#organization"},"potentialAction":[{"@type":"SearchAction","target":{"@type":"EntryPoint","urlTemplate":"https:\/\/www.organisator.ch\/?s={search_term_string}"},"query-input":{"@type":"PropertyValueSpecification","valueRequired":true,"valueName":"search_term_string"}}],"inLanguage":"fr-FR"},{"@type":"Organization","@id":"https:\/\/www.organisator.ch\/#organization","name":"Organisateur","url":"https:\/\/www.organisator.ch\/","logo":{"@type":"ImageObject","inLanguage":"fr-FR","@id":"https:\/\/www.organisator.ch\/#\/schema\/logo\/image\/","url":"https:\/\/www.organisator.ch\/wp-content\/uploads\/2022\/01\/Logo_Organisator_Website.png","contentUrl":"https:\/\/www.organisator.ch\/wp-content\/uploads\/2022\/01\/Logo_Organisator_Website.png","width":800,"height":77,"caption":"Organisator"},"image":{"@id":"https:\/\/www.organisator.ch\/#\/schema\/logo\/image\/"},"sameAs":["https:\/\/www.facebook.com\/OrganisatorFachmagazin","https:\/\/www.linkedin.com\/showcase\/organisator-das-magazin-fr-kmu","https:\/\/www.xing.com\/news\/pages\/organisator-ch-695","https:\/\/www.youtube.com\/channel\/UCGP2Sq0iWaZwT3BdIAQFYpw"]},{"@type":"Person","@id":"https:\/\/www.organisator.ch\/#\/schema\/person\/2e1314a2172123f874db408d8911d3f3","name":"Adelisa Kalajdzini","image":{"@type":"ImageObject","inLanguage":"fr-FR","@id":"https:\/\/secure.gravatar.com\/avatar\/09a397c22ac58cad6f160ee8306348599df9df58a8ede73696226897b9fa4b24?s=96&d=mm&r=g","url":"https:\/\/secure.gravatar.com\/avatar\/09a397c22ac58cad6f160ee8306348599df9df58a8ede73696226897b9fa4b24?s=96&d=mm&r=g","contentUrl":"https:\/\/secure.gravatar.com\/avatar\/09a397c22ac58cad6f160ee8306348599df9df58a8ede73696226897b9fa4b24?s=96&d=mm&r=g","caption":"Adelisa Kalajdzini"},"url":"https:\/\/www.organisator.ch\/fr\/author\/adelisa-kalajdzini\/"}]}},"_links":{"self":[{"href":"https:\/\/www.organisator.ch\/fr\/wp-json\/wp\/v2\/posts\/25641","targetHints":{"allow":["GET"]}}],"collection":[{"href":"https:\/\/www.organisator.ch\/fr\/wp-json\/wp\/v2\/posts"}],"about":[{"href":"https:\/\/www.organisator.ch\/fr\/wp-json\/wp\/v2\/types\/post"}],"author":[{"embeddable":true,"href":"https:\/\/www.organisator.ch\/fr\/wp-json\/wp\/v2\/users\/58"}],"replies":[{"embeddable":true,"href":"https:\/\/www.organisator.ch\/fr\/wp-json\/wp\/v2\/comments?post=25641"}],"version-history":[{"count":3,"href":"https:\/\/www.organisator.ch\/fr\/wp-json\/wp\/v2\/posts\/25641\/revisions"}],"predecessor-version":[{"id":25672,"href":"https:\/\/www.organisator.ch\/fr\/wp-json\/wp\/v2\/posts\/25641\/revisions\/25672"}],"wp:featuredmedia":[{"embeddable":true,"href":"https:\/\/www.organisator.ch\/fr\/wp-json\/wp\/v2\/media\/25642"}],"wp:attachment":[{"href":"https:\/\/www.organisator.ch\/fr\/wp-json\/wp\/v2\/media?parent=25641"}],"wp:term":[{"taxonomy":"category","embeddable":true,"href":"https:\/\/www.organisator.ch\/fr\/wp-json\/wp\/v2\/categories?post=25641"},{"taxonomy":"post_tag","embeddable":true,"href":"https:\/\/www.organisator.ch\/fr\/wp-json\/wp\/v2\/tags?post=25641"}],"curies":[{"name":"wp","href":"https:\/\/api.w.org\/{rel}","templated":true}]}}