{"id":25647,"date":"2024-03-06T07:23:29","date_gmt":"2024-03-06T06:23:29","guid":{"rendered":"https:\/\/www.m-q.ch\/?p=19391"},"modified":"2024-11-11T11:03:31","modified_gmt":"2024-11-11T10:03:31","slug":"eu-lieferkettengesetz-als-treibende-kraft-fuer-nachhaltigkeit-schweizer-unternehmen-unter-druck","status":"publish","type":"post","link":"https:\/\/www.organisator.ch\/fr\/operational-excellence\/2024-03-06\/eu-lieferkettengesetz-als-treibende-kraft-fuer-nachhaltigkeit-schweizer-unternehmen-unter-druck\/","title":{"rendered":"La loi europ\u00e9enne sur la cha\u00eene d'approvisionnement comme moteur de la durabilit\u00e9 : les entreprises suisses sous pression"},"content":{"rendered":"<figure id=\"attachment_19392\" class=\"wp-caption alignnone\" style=\"width: 680px\" aria-describedby=\"caption-attachment-19392\"><img class=\"alignnone wp-image-19392 size-full\" src=\"https:\/\/www.m-q.ch\/wp-content\/uploads\/2024\/03\/CNT_Bild1_ps.jpg\" alt=\"Loi sur la cha\u00eene d&#039;approvisionnement\" width=\"680\" height=\"454\" \/>\r\n<figcaption id=\"caption-attachment-19392\" class=\"wp-caption-text\">La loi sur la cha\u00eene d'approvisionnement, vise la transparence et la durabilit\u00e9 dans les cha\u00eenes de valeur mondiales. (Image : www.depositphotos.com)<\/figcaption>\r\n<\/figure>\r\n<p>La directive Corporate Sustainability Due Diligence (CSDDD), plus connue sous le nom de loi europ\u00e9enne sur la cha\u00eene d'approvisionnement, fait actuellement l'objet d'une grande agitation. Alors que la directive avait d\u00e9j\u00e0 fait l'objet d'un accord entre les n\u00e9gociateurs du Conseil des ministres et du Parlement europ\u00e9en fin 2023, plusieurs pays ont fait marche arri\u00e8re. Ils craignent des d\u00e9savantages concurrentiels pour les acteurs \u00e9conomiques europ\u00e9ens et de nouvelles charges bureaucratiques. \"Cette directive oblige les entreprises \u00e0 identifier et \u00e0 traiter les risques environnementaux et sociaux tout au long de leur cha\u00eene d'approvisionnement. Elle vise \u00e0 promouvoir des pratiques commerciales durables et \u00e0 minimiser les violations des droits de l'homme et les dommages environnementaux\", explique Susanne Wagner, Executive Manager chez CNT Management Consulting AG. L'id\u00e9e est maintenant de n\u00e9gocier un nouveau compromis, soutenu par tous, afin de pouvoir l'adopter en temps voulu.<\/p>\r\n<h3><strong>Les entreprises suisses doivent aussi agir<\/strong><\/h3>\r\n<p>M\u00eame si la loi europ\u00e9enne est pour l'instant en suspens, la durabilit\u00e9 devrait faire partie int\u00e9grante de la strat\u00e9gie des entreprises suisses. \"M\u00eame si cette loi n'est pas encore appliqu\u00e9e au niveau de l'UE, les clients, les partenaires commerciaux et la soci\u00e9t\u00e9 exercent une pression de plus en plus forte pour que les entreprises se penchent s\u00e9rieusement sur les questions de durabilit\u00e9 et agissent selon une boussole morale claire\", explique Wagner. Ind\u00e9pendamment de la n\u00e9cessit\u00e9 sociale, la l\u00e9gislation europ\u00e9enne joue \u00e9galement un r\u00f4le pour les entreprises suisses dans la mesure o\u00f9 les \u00c9tats membres de l'UE, et en particulier les pays voisins imm\u00e9diats, sont les principaux partenaires commerciaux de la Suisse.<\/p>\r\n<h3><strong>La durabilit\u00e9 comme avantage concurrentiel<\/strong><\/h3>\r\n<p>Les lois et les directives s'accompagnent d'obligations suppl\u00e9mentaires, de bureaucratie et de risques de responsabilit\u00e9. C'est pourquoi les entreprises se voient confront\u00e9es \u00e0 des d\u00e9fis. Mais ce qui peut sembler \u00e0 premi\u00e8re vue \u00eatre un effort disproportionn\u00e9 peut s'av\u00e9rer payant pour de nombreuses entreprises sur le plan \u00e9conomique. \"De nombreuses entreprises qui ont initialement opt\u00e9 pour l'achat durable en raison d'attentes soci\u00e9tales reconnaissent d\u00e9sormais \u00e9galement les avantages \u00e9conomiques, sociaux et environnementaux de ce changement\", rapporte Wilhelm Heckmann, Managing Director chez CNT \u00e0 Zurich. Entre autres, les entreprises profitent de la r\u00e9alisation de gains d'efficacit\u00e9, de la promotion de la bonne r\u00e9putation de l'entreprise et de la fabrication de produits innovants. \"Nous observons un net changement dans la mani\u00e8re de penser des entreprises. La durabilit\u00e9 n'est plus seulement consid\u00e9r\u00e9e comme une responsabilit\u00e9 sociale, mais comme un facteur essentiel de r\u00e9ussite \u00e0 long terme et de comp\u00e9titivit\u00e9\", ajoute M. Heckmann. Il appelle \u00e0 consid\u00e9rer la durabilit\u00e9 comme une opportunit\u00e9. Pour faire face \u00e0 d'\u00e9ventuels d\u00e9fis, la num\u00e9risation en premier lieu offre aux entreprises suisses des moyens innovants pour atteindre leurs objectifs de durabilit\u00e9 - de l'optimisation des processus de production \u00e0 la r\u00e9duction de la consommation d'\u00e9nergie en passant par l'introduction de cha\u00eenes d'approvisionnement durables.<\/p>\r\n<h3><strong>Webinar : La durabilit\u00e9 comme partie pertinente de la cha\u00eene d'approvisionnement<\/strong><\/h3>\r\n<p>Ce que les entreprises doivent prendre en compte dans leur qu\u00eate d'une plus grande durabilit\u00e9 et comment elles peuvent utiliser la durabilit\u00e9 comme avantage concurrentiel, tel est \u00e9galement le contenu du webinaire en ligne \"Durabilit\u00e9\" de CNT. Sous ce <a href=\"https:\/\/www.dropbox.com\/transfer\/AAAAAJsbDAh9DgNg3prON8TgNSxbreGyjZ5Pod1D-np6bcj8dk4oayM\">Lien<\/a> permet aux entreprises de se faire une id\u00e9e plus pr\u00e9cise des aspects \u00e9conomiques, sociaux et entrepreneuriaux. Le webinaire fait partie d'une \"trilogie de la cha\u00eene d'approvisionnement\", les autres parties \u00e9tant consacr\u00e9es \u00e0 la num\u00e9risation et aux comp\u00e9tences.<\/p>\r\n<p><em>Source : <a href=\"http:\/\/www.cnt-online.com\/\">www.cnt-online.com<\/a><\/em><\/p>\n<p class=\"syndicated-attribution\">Cet article est paru initialement sur m-q.ch - <a href=\"https:\/\/www.m-q.ch\/de\/eu-lieferkettengesetz-als-treibende-kraft-fuer-nachhaltigkeit-schweizer-unternehmen-unter-druck\/\" target=\"_blank\">https:\/\/www.m-q.ch\/de\/eu-lieferkettengesetz-als-treibende-kraft-fuer-nachhaltigkeit-schweizer-unternehmen-unter-druck\/<\/a><\/p>","protected":false},"excerpt":{"rendered":"<p>Dans l'UE, on se bat pour la loi sur la cha\u00eene d'approvisionnement, qui vise la transparence et la durabilit\u00e9 dans les cha\u00eenes de valeur mondiales. Les entreprises, y compris en Suisse, doivent se pencher d'urgence sur la durabilit\u00e9, car les lois de l'UE influencent fortement leurs cha\u00eenes d'approvisionnement. CNT -Management Consulting analyse cette situation et souligne l'importance de la durabilit\u00e9 pour les entreprises suisses.<\/p>","protected":false},"author":58,"featured_media":0,"comment_status":"closed","ping_status":"closed","sticky":false,"template":"","format":"standard","meta":{"_acf_changed":false,"_yoast_wpseo_focuskw":"Lieferkettengesetz","_yoast_wpseo_metadesc":"Lieferkettengesetz f\u00f6rdert Transparenz und Nachhaltigkeit. EU-Richtlinie verlangt \u00f6kologische und soziale Risikoanalyse.","articlekey":"","footnotes":""},"categories":[582],"tags":[4133,1787,418,424,492],"class_list":["post-25647","post","type-post","status-publish","format-standard","hentry","category-operational-excellence","tag-lieferkettengesetz","tag-nachhaltigkeit","tag-risikomanagement","tag-schweiz","tag-unternehmen"],"acf":[],"yoast_head":"<!-- This site is optimized with the Yoast SEO plugin v27.4 - https:\/\/yoast.com\/product\/yoast-seo-wordpress\/ -->\n<title>EU-Lieferkettengesetz als treibende Kraft f\u00fcr Nachhaltigkeit: Schweizer Unternehmen unter Druck - Organisator<\/title>\n<meta name=\"description\" content=\"Lieferkettengesetz f\u00f6rdert Transparenz und Nachhaltigkeit. EU-Richtlinie verlangt \u00f6kologische und soziale Risikoanalyse.\" \/>\n<meta name=\"robots\" content=\"index, follow, max-snippet:-1, max-image-preview:large, max-video-preview:-1\" \/>\n<link rel=\"canonical\" href=\"https:\/\/www.organisator.ch\/fr\/excellence-operationnelle\/2024-03-06\/eu-lieferkettengesetz-als-treibende-kraft-fuer-nachhaltigkeit-schweizer-unternehmen-unter-druck\/\" \/>\n<meta property=\"og:locale\" content=\"fr_FR\" \/>\n<meta property=\"og:type\" content=\"article\" \/>\n<meta property=\"og:title\" content=\"EU-Lieferkettengesetz als treibende Kraft f\u00fcr Nachhaltigkeit: Schweizer Unternehmen unter Druck - Organisator\" \/>\n<meta property=\"og:description\" content=\"Lieferkettengesetz f\u00f6rdert Transparenz und Nachhaltigkeit. EU-Richtlinie verlangt \u00f6kologische und soziale Risikoanalyse.\" \/>\n<meta property=\"og:url\" content=\"https:\/\/www.organisator.ch\/fr\/excellence-operationnelle\/2024-03-06\/eu-lieferkettengesetz-als-treibende-kraft-fuer-nachhaltigkeit-schweizer-unternehmen-unter-druck\/\" \/>\n<meta property=\"og:site_name\" content=\"Organisator\" \/>\n<meta property=\"article:publisher\" content=\"https:\/\/www.facebook.com\/OrganisatorFachmagazin\" \/>\n<meta property=\"article:published_time\" content=\"2024-03-06T06:23:29+00:00\" \/>\n<meta property=\"article:modified_time\" content=\"2024-11-11T10:03:31+00:00\" \/>\n<meta property=\"og:image\" content=\"https:\/\/www.m-q.ch\/wp-content\/uploads\/2024\/03\/CNT_Bild1_ps.jpg\" \/>\n<meta name=\"author\" content=\"Adelisa Kalajdzini\" \/>\n<meta name=\"twitter:card\" content=\"summary_large_image\" \/>\n<script type=\"application\/ld+json\" class=\"yoast-schema-graph\">{\"@context\":\"https:\\\/\\\/schema.org\",\"@graph\":[{\"@type\":\"Article\",\"@id\":\"https:\\\/\\\/www.organisator.ch\\\/operational-excellence\\\/2024-03-06\\\/eu-lieferkettengesetz-als-treibende-kraft-fuer-nachhaltigkeit-schweizer-unternehmen-unter-druck\\\/#article\",\"isPartOf\":{\"@id\":\"https:\\\/\\\/www.organisator.ch\\\/operational-excellence\\\/2024-03-06\\\/eu-lieferkettengesetz-als-treibende-kraft-fuer-nachhaltigkeit-schweizer-unternehmen-unter-druck\\\/\"},\"author\":{\"name\":\"Adelisa Kalajdzini\",\"@id\":\"https:\\\/\\\/www.organisator.ch\\\/#\\\/schema\\\/person\\\/2e1314a2172123f874db408d8911d3f3\"},\"headline\":\"EU-Lieferkettengesetz als treibende Kraft f\u00fcr Nachhaltigkeit: Schweizer Unternehmen unter Druck\",\"datePublished\":\"2024-03-06T06:23:29+00:00\",\"dateModified\":\"2024-11-11T10:03:31+00:00\",\"mainEntityOfPage\":{\"@id\":\"https:\\\/\\\/www.organisator.ch\\\/operational-excellence\\\/2024-03-06\\\/eu-lieferkettengesetz-als-treibende-kraft-fuer-nachhaltigkeit-schweizer-unternehmen-unter-druck\\\/\"},\"wordCount\":502,\"publisher\":{\"@id\":\"https:\\\/\\\/www.organisator.ch\\\/#organization\"},\"image\":{\"@id\":\"https:\\\/\\\/www.organisator.ch\\\/operational-excellence\\\/2024-03-06\\\/eu-lieferkettengesetz-als-treibende-kraft-fuer-nachhaltigkeit-schweizer-unternehmen-unter-druck\\\/#primaryimage\"},\"thumbnailUrl\":\"https:\\\/\\\/www.m-q.ch\\\/wp-content\\\/uploads\\\/2024\\\/03\\\/CNT_Bild1_ps.jpg\",\"keywords\":[\"Lieferkettengesetz\",\"Nachhaltigkeit\",\"Risikomanagement\",\"Schweiz\",\"Unternehmen\"],\"articleSection\":[\"OPERATIONAL EXCELLENCE\"],\"inLanguage\":\"fr-FR\"},{\"@type\":\"WebPage\",\"@id\":\"https:\\\/\\\/www.organisator.ch\\\/operational-excellence\\\/2024-03-06\\\/eu-lieferkettengesetz-als-treibende-kraft-fuer-nachhaltigkeit-schweizer-unternehmen-unter-druck\\\/\",\"url\":\"https:\\\/\\\/www.organisator.ch\\\/operational-excellence\\\/2024-03-06\\\/eu-lieferkettengesetz-als-treibende-kraft-fuer-nachhaltigkeit-schweizer-unternehmen-unter-druck\\\/\",\"name\":\"EU-Lieferkettengesetz als treibende Kraft f\u00fcr Nachhaltigkeit: Schweizer Unternehmen unter Druck - Organisator\",\"isPartOf\":{\"@id\":\"https:\\\/\\\/www.organisator.ch\\\/#website\"},\"primaryImageOfPage\":{\"@id\":\"https:\\\/\\\/www.organisator.ch\\\/operational-excellence\\\/2024-03-06\\\/eu-lieferkettengesetz-als-treibende-kraft-fuer-nachhaltigkeit-schweizer-unternehmen-unter-druck\\\/#primaryimage\"},\"image\":{\"@id\":\"https:\\\/\\\/www.organisator.ch\\\/operational-excellence\\\/2024-03-06\\\/eu-lieferkettengesetz-als-treibende-kraft-fuer-nachhaltigkeit-schweizer-unternehmen-unter-druck\\\/#primaryimage\"},\"thumbnailUrl\":\"https:\\\/\\\/www.m-q.ch\\\/wp-content\\\/uploads\\\/2024\\\/03\\\/CNT_Bild1_ps.jpg\",\"datePublished\":\"2024-03-06T06:23:29+00:00\",\"dateModified\":\"2024-11-11T10:03:31+00:00\",\"description\":\"Lieferkettengesetz f\u00f6rdert Transparenz und Nachhaltigkeit. EU-Richtlinie verlangt \u00f6kologische und soziale Risikoanalyse.\",\"breadcrumb\":{\"@id\":\"https:\\\/\\\/www.organisator.ch\\\/operational-excellence\\\/2024-03-06\\\/eu-lieferkettengesetz-als-treibende-kraft-fuer-nachhaltigkeit-schweizer-unternehmen-unter-druck\\\/#breadcrumb\"},\"inLanguage\":\"fr-FR\",\"potentialAction\":[{\"@type\":\"ReadAction\",\"target\":[\"https:\\\/\\\/www.organisator.ch\\\/operational-excellence\\\/2024-03-06\\\/eu-lieferkettengesetz-als-treibende-kraft-fuer-nachhaltigkeit-schweizer-unternehmen-unter-druck\\\/\"]}]},{\"@type\":\"ImageObject\",\"inLanguage\":\"fr-FR\",\"@id\":\"https:\\\/\\\/www.organisator.ch\\\/operational-excellence\\\/2024-03-06\\\/eu-lieferkettengesetz-als-treibende-kraft-fuer-nachhaltigkeit-schweizer-unternehmen-unter-druck\\\/#primaryimage\",\"url\":\"https:\\\/\\\/www.m-q.ch\\\/wp-content\\\/uploads\\\/2024\\\/03\\\/CNT_Bild1_ps.jpg\",\"contentUrl\":\"https:\\\/\\\/www.m-q.ch\\\/wp-content\\\/uploads\\\/2024\\\/03\\\/CNT_Bild1_ps.jpg\"},{\"@type\":\"BreadcrumbList\",\"@id\":\"https:\\\/\\\/www.organisator.ch\\\/operational-excellence\\\/2024-03-06\\\/eu-lieferkettengesetz-als-treibende-kraft-fuer-nachhaltigkeit-schweizer-unternehmen-unter-druck\\\/#breadcrumb\",\"itemListElement\":[{\"@type\":\"ListItem\",\"position\":1,\"name\":\"Home\",\"item\":\"https:\\\/\\\/www.organisator.ch\\\/\"},{\"@type\":\"ListItem\",\"position\":2,\"name\":\"EU-Lieferkettengesetz als treibende Kraft f\u00fcr Nachhaltigkeit: Schweizer Unternehmen unter Druck\"}]},{\"@type\":\"WebSite\",\"@id\":\"https:\\\/\\\/www.organisator.ch\\\/#website\",\"url\":\"https:\\\/\\\/www.organisator.ch\\\/\",\"name\":\"Organisator\",\"description\":\"Kompetent. Praxisnah. Der ORGANISATOR bereitet in 10 Ausgaben pro Jahr die wesentlichen Themen f\u00fcr F\u00fchrungskr\u00e4fte von KMU auf.\",\"publisher\":{\"@id\":\"https:\\\/\\\/www.organisator.ch\\\/#organization\"},\"potentialAction\":[{\"@type\":\"SearchAction\",\"target\":{\"@type\":\"EntryPoint\",\"urlTemplate\":\"https:\\\/\\\/www.organisator.ch\\\/?s={search_term_string}\"},\"query-input\":{\"@type\":\"PropertyValueSpecification\",\"valueRequired\":true,\"valueName\":\"search_term_string\"}}],\"inLanguage\":\"fr-FR\"},{\"@type\":\"Organization\",\"@id\":\"https:\\\/\\\/www.organisator.ch\\\/#organization\",\"name\":\"Organisator\",\"url\":\"https:\\\/\\\/www.organisator.ch\\\/\",\"logo\":{\"@type\":\"ImageObject\",\"inLanguage\":\"fr-FR\",\"@id\":\"https:\\\/\\\/www.organisator.ch\\\/#\\\/schema\\\/logo\\\/image\\\/\",\"url\":\"https:\\\/\\\/www.organisator.ch\\\/wp-content\\\/uploads\\\/2022\\\/01\\\/Logo_Organisator_Website.png\",\"contentUrl\":\"https:\\\/\\\/www.organisator.ch\\\/wp-content\\\/uploads\\\/2022\\\/01\\\/Logo_Organisator_Website.png\",\"width\":800,\"height\":77,\"caption\":\"Organisator\"},\"image\":{\"@id\":\"https:\\\/\\\/www.organisator.ch\\\/#\\\/schema\\\/logo\\\/image\\\/\"},\"sameAs\":[\"https:\\\/\\\/www.facebook.com\\\/OrganisatorFachmagazin\",\"https:\\\/\\\/www.linkedin.com\\\/showcase\\\/organisator-das-magazin-fr-kmu\",\"https:\\\/\\\/www.xing.com\\\/news\\\/pages\\\/organisator-ch-695\",\"https:\\\/\\\/www.youtube.com\\\/channel\\\/UCGP2Sq0iWaZwT3BdIAQFYpw\"]},{\"@type\":\"Person\",\"@id\":\"https:\\\/\\\/www.organisator.ch\\\/#\\\/schema\\\/person\\\/2e1314a2172123f874db408d8911d3f3\",\"name\":\"Adelisa Kalajdzini\",\"image\":{\"@type\":\"ImageObject\",\"inLanguage\":\"fr-FR\",\"@id\":\"https:\\\/\\\/secure.gravatar.com\\\/avatar\\\/09a397c22ac58cad6f160ee8306348599df9df58a8ede73696226897b9fa4b24?s=96&d=mm&r=g\",\"url\":\"https:\\\/\\\/secure.gravatar.com\\\/avatar\\\/09a397c22ac58cad6f160ee8306348599df9df58a8ede73696226897b9fa4b24?s=96&d=mm&r=g\",\"contentUrl\":\"https:\\\/\\\/secure.gravatar.com\\\/avatar\\\/09a397c22ac58cad6f160ee8306348599df9df58a8ede73696226897b9fa4b24?s=96&d=mm&r=g\",\"caption\":\"Adelisa Kalajdzini\"},\"url\":\"https:\\\/\\\/www.organisator.ch\\\/fr\\\/author\\\/adelisa-kalajdzini\\\/\"}]}<\/script>\n<!-- \/ Yoast SEO plugin. -->","yoast_head_json":{"title":"La loi europ\u00e9enne sur la cha\u00eene d'approvisionnement, moteur de la durabilit\u00e9 : les entreprises suisses sous pression - Organisator","description":"La loi sur la cha\u00eene d'approvisionnement favorise la transparence et la durabilit\u00e9. Une directive europ\u00e9enne exige une analyse des risques \u00e9cologiques et sociaux.","robots":{"index":"index","follow":"follow","max-snippet":"max-snippet:-1","max-image-preview":"max-image-preview:large","max-video-preview":"max-video-preview:-1"},"canonical":"https:\/\/www.organisator.ch\/fr\/excellence-operationnelle\/2024-03-06\/eu-lieferkettengesetz-als-treibende-kraft-fuer-nachhaltigkeit-schweizer-unternehmen-unter-druck\/","og_locale":"fr_FR","og_type":"article","og_title":"EU-Lieferkettengesetz als treibende Kraft f\u00fcr Nachhaltigkeit: Schweizer Unternehmen unter Druck - Organisator","og_description":"Lieferkettengesetz f\u00f6rdert Transparenz und Nachhaltigkeit. EU-Richtlinie verlangt \u00f6kologische und soziale Risikoanalyse.","og_url":"https:\/\/www.organisator.ch\/fr\/excellence-operationnelle\/2024-03-06\/eu-lieferkettengesetz-als-treibende-kraft-fuer-nachhaltigkeit-schweizer-unternehmen-unter-druck\/","og_site_name":"Organisator","article_publisher":"https:\/\/www.facebook.com\/OrganisatorFachmagazin","article_published_time":"2024-03-06T06:23:29+00:00","article_modified_time":"2024-11-11T10:03:31+00:00","og_image":[{"url":"https:\/\/www.m-q.ch\/wp-content\/uploads\/2024\/03\/CNT_Bild1_ps.jpg","type":"","width":"","height":""}],"author":"Adelisa Kalajdzini","twitter_card":"summary_large_image","schema":{"@context":"https:\/\/schema.org","@graph":[{"@type":"Article","@id":"https:\/\/www.organisator.ch\/operational-excellence\/2024-03-06\/eu-lieferkettengesetz-als-treibende-kraft-fuer-nachhaltigkeit-schweizer-unternehmen-unter-druck\/#article","isPartOf":{"@id":"https:\/\/www.organisator.ch\/operational-excellence\/2024-03-06\/eu-lieferkettengesetz-als-treibende-kraft-fuer-nachhaltigkeit-schweizer-unternehmen-unter-druck\/"},"author":{"name":"Adelisa Kalajdzini","@id":"https:\/\/www.organisator.ch\/#\/schema\/person\/2e1314a2172123f874db408d8911d3f3"},"headline":"EU-Lieferkettengesetz als treibende Kraft f\u00fcr Nachhaltigkeit: Schweizer Unternehmen unter Druck","datePublished":"2024-03-06T06:23:29+00:00","dateModified":"2024-11-11T10:03:31+00:00","mainEntityOfPage":{"@id":"https:\/\/www.organisator.ch\/operational-excellence\/2024-03-06\/eu-lieferkettengesetz-als-treibende-kraft-fuer-nachhaltigkeit-schweizer-unternehmen-unter-druck\/"},"wordCount":502,"publisher":{"@id":"https:\/\/www.organisator.ch\/#organization"},"image":{"@id":"https:\/\/www.organisator.ch\/operational-excellence\/2024-03-06\/eu-lieferkettengesetz-als-treibende-kraft-fuer-nachhaltigkeit-schweizer-unternehmen-unter-druck\/#primaryimage"},"thumbnailUrl":"https:\/\/www.m-q.ch\/wp-content\/uploads\/2024\/03\/CNT_Bild1_ps.jpg","keywords":["Lieferkettengesetz","Nachhaltigkeit","Risikomanagement","Schweiz","Unternehmen"],"articleSection":["OPERATIONAL EXCELLENCE"],"inLanguage":"fr-FR"},{"@type":"WebPage","@id":"https:\/\/www.organisator.ch\/operational-excellence\/2024-03-06\/eu-lieferkettengesetz-als-treibende-kraft-fuer-nachhaltigkeit-schweizer-unternehmen-unter-druck\/","url":"https:\/\/www.organisator.ch\/operational-excellence\/2024-03-06\/eu-lieferkettengesetz-als-treibende-kraft-fuer-nachhaltigkeit-schweizer-unternehmen-unter-druck\/","name":"La loi europ\u00e9enne sur la cha\u00eene d'approvisionnement, moteur de la durabilit\u00e9 : les entreprises suisses sous pression - Organisator","isPartOf":{"@id":"https:\/\/www.organisator.ch\/#website"},"primaryImageOfPage":{"@id":"https:\/\/www.organisator.ch\/operational-excellence\/2024-03-06\/eu-lieferkettengesetz-als-treibende-kraft-fuer-nachhaltigkeit-schweizer-unternehmen-unter-druck\/#primaryimage"},"image":{"@id":"https:\/\/www.organisator.ch\/operational-excellence\/2024-03-06\/eu-lieferkettengesetz-als-treibende-kraft-fuer-nachhaltigkeit-schweizer-unternehmen-unter-druck\/#primaryimage"},"thumbnailUrl":"https:\/\/www.m-q.ch\/wp-content\/uploads\/2024\/03\/CNT_Bild1_ps.jpg","datePublished":"2024-03-06T06:23:29+00:00","dateModified":"2024-11-11T10:03:31+00:00","description":"La loi sur la cha\u00eene d'approvisionnement favorise la transparence et la durabilit\u00e9. Une directive europ\u00e9enne exige une analyse des risques \u00e9cologiques et sociaux.","breadcrumb":{"@id":"https:\/\/www.organisator.ch\/operational-excellence\/2024-03-06\/eu-lieferkettengesetz-als-treibende-kraft-fuer-nachhaltigkeit-schweizer-unternehmen-unter-druck\/#breadcrumb"},"inLanguage":"fr-FR","potentialAction":[{"@type":"ReadAction","target":["https:\/\/www.organisator.ch\/operational-excellence\/2024-03-06\/eu-lieferkettengesetz-als-treibende-kraft-fuer-nachhaltigkeit-schweizer-unternehmen-unter-druck\/"]}]},{"@type":"ImageObject","inLanguage":"fr-FR","@id":"https:\/\/www.organisator.ch\/operational-excellence\/2024-03-06\/eu-lieferkettengesetz-als-treibende-kraft-fuer-nachhaltigkeit-schweizer-unternehmen-unter-druck\/#primaryimage","url":"https:\/\/www.m-q.ch\/wp-content\/uploads\/2024\/03\/CNT_Bild1_ps.jpg","contentUrl":"https:\/\/www.m-q.ch\/wp-content\/uploads\/2024\/03\/CNT_Bild1_ps.jpg"},{"@type":"BreadcrumbList","@id":"https:\/\/www.organisator.ch\/operational-excellence\/2024-03-06\/eu-lieferkettengesetz-als-treibende-kraft-fuer-nachhaltigkeit-schweizer-unternehmen-unter-druck\/#breadcrumb","itemListElement":[{"@type":"ListItem","position":1,"name":"Home","item":"https:\/\/www.organisator.ch\/"},{"@type":"ListItem","position":2,"name":"EU-Lieferkettengesetz als treibende Kraft f\u00fcr Nachhaltigkeit: Schweizer Unternehmen unter Druck"}]},{"@type":"WebSite","@id":"https:\/\/www.organisator.ch\/#website","url":"https:\/\/www.organisator.ch\/","name":"Organisateur","description":"Comp\u00e9tence et comp\u00e9tence. Proches de la pratique. L'ORGANISATEUR pr\u00e9pare 10 num\u00e9ros par an sur les th\u00e8mes essentiels pour les dirigeants de PME.","publisher":{"@id":"https:\/\/www.organisator.ch\/#organization"},"potentialAction":[{"@type":"SearchAction","target":{"@type":"EntryPoint","urlTemplate":"https:\/\/www.organisator.ch\/?s={search_term_string}"},"query-input":{"@type":"PropertyValueSpecification","valueRequired":true,"valueName":"search_term_string"}}],"inLanguage":"fr-FR"},{"@type":"Organization","@id":"https:\/\/www.organisator.ch\/#organization","name":"Organisateur","url":"https:\/\/www.organisator.ch\/","logo":{"@type":"ImageObject","inLanguage":"fr-FR","@id":"https:\/\/www.organisator.ch\/#\/schema\/logo\/image\/","url":"https:\/\/www.organisator.ch\/wp-content\/uploads\/2022\/01\/Logo_Organisator_Website.png","contentUrl":"https:\/\/www.organisator.ch\/wp-content\/uploads\/2022\/01\/Logo_Organisator_Website.png","width":800,"height":77,"caption":"Organisator"},"image":{"@id":"https:\/\/www.organisator.ch\/#\/schema\/logo\/image\/"},"sameAs":["https:\/\/www.facebook.com\/OrganisatorFachmagazin","https:\/\/www.linkedin.com\/showcase\/organisator-das-magazin-fr-kmu","https:\/\/www.xing.com\/news\/pages\/organisator-ch-695","https:\/\/www.youtube.com\/channel\/UCGP2Sq0iWaZwT3BdIAQFYpw"]},{"@type":"Person","@id":"https:\/\/www.organisator.ch\/#\/schema\/person\/2e1314a2172123f874db408d8911d3f3","name":"Adelisa Kalajdzini","image":{"@type":"ImageObject","inLanguage":"fr-FR","@id":"https:\/\/secure.gravatar.com\/avatar\/09a397c22ac58cad6f160ee8306348599df9df58a8ede73696226897b9fa4b24?s=96&d=mm&r=g","url":"https:\/\/secure.gravatar.com\/avatar\/09a397c22ac58cad6f160ee8306348599df9df58a8ede73696226897b9fa4b24?s=96&d=mm&r=g","contentUrl":"https:\/\/secure.gravatar.com\/avatar\/09a397c22ac58cad6f160ee8306348599df9df58a8ede73696226897b9fa4b24?s=96&d=mm&r=g","caption":"Adelisa Kalajdzini"},"url":"https:\/\/www.organisator.ch\/fr\/author\/adelisa-kalajdzini\/"}]}},"_links":{"self":[{"href":"https:\/\/www.organisator.ch\/fr\/wp-json\/wp\/v2\/posts\/25647","targetHints":{"allow":["GET"]}}],"collection":[{"href":"https:\/\/www.organisator.ch\/fr\/wp-json\/wp\/v2\/posts"}],"about":[{"href":"https:\/\/www.organisator.ch\/fr\/wp-json\/wp\/v2\/types\/post"}],"author":[{"embeddable":true,"href":"https:\/\/www.organisator.ch\/fr\/wp-json\/wp\/v2\/users\/58"}],"replies":[{"embeddable":true,"href":"https:\/\/www.organisator.ch\/fr\/wp-json\/wp\/v2\/comments?post=25647"}],"version-history":[{"count":5,"href":"https:\/\/www.organisator.ch\/fr\/wp-json\/wp\/v2\/posts\/25647\/revisions"}],"predecessor-version":[{"id":32433,"href":"https:\/\/www.organisator.ch\/fr\/wp-json\/wp\/v2\/posts\/25647\/revisions\/32433"}],"wp:attachment":[{"href":"https:\/\/www.organisator.ch\/fr\/wp-json\/wp\/v2\/media?parent=25647"}],"wp:term":[{"taxonomy":"category","embeddable":true,"href":"https:\/\/www.organisator.ch\/fr\/wp-json\/wp\/v2\/categories?post=25647"},{"taxonomy":"post_tag","embeddable":true,"href":"https:\/\/www.organisator.ch\/fr\/wp-json\/wp\/v2\/tags?post=25647"}],"curies":[{"name":"wp","href":"https:\/\/api.w.org\/{rel}","templated":true}]}}