{"id":25665,"date":"2024-03-06T10:00:55","date_gmt":"2024-03-06T09:00:55","guid":{"rendered":"https:\/\/www.werbewoche.ch\/?p=211514"},"modified":"2024-11-11T11:00:16","modified_gmt":"2024-11-11T10:00:16","slug":"erster-digitaler-jahresbericht-fuer-das-sportamt-kanton-zuerich","status":"publish","type":"post","link":"https:\/\/www.organisator.ch\/fr\/marketing\/2024-03-06\/erster-digitaler-jahresbericht-fuer-das-sportamt-kanton-zuerich\/","title":{"rendered":"Premier rapport annuel num\u00e9rique pour l'Office des sports du canton de Zurich"},"content":{"rendered":"<div><img class=\"alignnone wp-image-211517 size-full\" src=\"https:\/\/www.werbewoche.ch\/wp-content\/uploads\/2024\/03\/5_sportamt-jahresbericht-mobile.jpg\" alt=\"rapport annuel num\u00e9rique\" width=\"1200\" height=\"800\" \/><\/div>\r\n<div class=\"\">Comme il est apparu lors d'un atelier commun l'ann\u00e9e derni\u00e8re, il est rapidement apparu que la mise en \u0153uvre num\u00e9rique pr\u00e9sentait de nombreux avantages. Les informations et les \u00e9motions peuvent ainsi \u00eatre transmises de mani\u00e8re plus proche et plus durable. Le format num\u00e9rique permet d'avoir un aper\u00e7u interactif des diverses activit\u00e9s et r\u00e9alisations de l'ann\u00e9e \u00e9coul\u00e9e. Le concept de design aide les utilisateurs \u00e0 naviguer de mani\u00e8re simple et intuitive \u00e0 travers les diff\u00e9rentes sections.<\/div>\r\n<div>\u00a0<\/div>\r\n<div><img class=\"alignnone size-full wp-image-211524\" src=\"https:\/\/www.werbewoche.ch\/wp-content\/uploads\/2024\/03\/6_sportamt-jahresbericht-ipad-1.jpg\" alt=\"\" width=\"1200\" height=\"800\" \/><\/div>\r\n<div>\u00a0<\/div>\r\n<div class=\"\">Sous le slogan \"Une ann\u00e9e en mouvement\", les utilisateurs sont accueillis par un quiz de questions et r\u00e9ponses. Ainsi, des informations sur le th\u00e8me du sport dans le canton de Zurich sont transmises de mani\u00e8re ludique. L'avant-propos est un message vid\u00e9o dans lequel le chef de l'office Stefan Sch\u00f6tzau salue personnellement les utilisateurs. Les principaux d\u00e9veloppements, d\u00e9fis et objectifs dans le domaine du sport dans le canton de Zurich y sont abord\u00e9s.<\/div>\r\n<div>\u00a0<\/div>\r\n<div><img class=\"alignnone size-full wp-image-211518\" src=\"https:\/\/www.werbewoche.ch\/wp-content\/uploads\/2024\/03\/2_sportamt-jahresbericht-startseite.jpg\" alt=\"\" width=\"1200\" height=\"800\" \/><\/div>\r\n<div class=\"\">\u00a0<\/div>\r\n<div><img class=\"alignnone size-full wp-image-211519\" src=\"https:\/\/www.werbewoche.ch\/wp-content\/uploads\/2024\/03\/3_sportamt-jahresbericht-pumptrack.jpg\" alt=\"\" width=\"1200\" height=\"800\" \/><\/div>\r\n<div>\u00a0<\/div>\r\n<div><img class=\"alignnone size-full wp-image-211520\" src=\"https:\/\/www.werbewoche.ch\/wp-content\/uploads\/2024\/03\/4_sportamt-jahresbericht-jugendsportcamps.jpg\" alt=\"\" width=\"1200\" height=\"800\" \/><\/div>\r\n<div>\u00a0<\/div>\r\n<div class=\"\">\r\n<p>Le rapport annuel num\u00e9rique contient trois histoires. Des success stories inspirantes aux projets innovants, chaque th\u00e8me offre un aper\u00e7u du travail de l'Office des sports pour promouvoir le sport dans le canton de Zurich.<\/p>\r\n<p>Les points forts donnent un aper\u00e7u des activit\u00e9s du service des sports en 2023 et permettent de se faire une id\u00e9e des projets mis en \u0153uvre. Les donn\u00e9es sont pr\u00e9sent\u00e9es de mani\u00e8re visuellement attrayante, tandis que les diagrammes interactifs invitent les utilisateurs \u00e0 approfondir les chiffres.<\/p>\r\n<\/div>\r\n<div class=\"\">\u00a0<\/div>\r\n<div class=\"\">Un aper\u00e7u des \u00e9v\u00e9nements \u00e0 venir compl\u00e8te le rapport annuel num\u00e9rique et donne un avant-go\u00fbt des d\u00e9veloppements passionnants auxquels on peut s'attendre dans le domaine du sport dans le canton de Zurich.<\/div>\r\n<div class=\"\">\u00a0<\/div>\r\n<div class=\"\">Le rapport annuel num\u00e9rique est disponible en ligne \u00e0 l'adresse suivante\u00a0<a class=\"\" href=\"http:\/\/jahresbericht-sportamt.ch\/\" rel=\"noopener noreferrer\">rapport-annuel-office-de-sport.ch<\/a><\/div>\r\n<div class=\"\">\u00a0<\/div>\r\n<div>\r\n<hr \/><\/div>\r\n<div class=\"\">\r\n<div class=\"\"><strong>Mandataire :<\/strong> Stefan Sch\u00f6tzau (chef du service des sports) ; chef de projet du service des sports : Martina Kropf (responsable de la promotion du sport). <strong>Agence responsable :<\/strong> TEIL.CH.<\/div>\r\n<\/div>","protected":false},"excerpt":{"rendered":"<p>L'agence zurichoise TEIL.CH a con\u00e7u et r\u00e9alis\u00e9 pour l'Office des sports du canton de Zurich le premier rapport annuel num\u00e9rique de l'office.<\/p>","protected":false},"author":8,"featured_media":0,"comment_status":"closed","ping_status":"closed","sticky":false,"template":"","format":"standard","meta":{"_acf_changed":false,"_yoast_wpseo_focuskw":"digitaler Jahresbericht","_yoast_wpseo_metadesc":"Digitaler Jahresbericht 2024: Einblicke in die Aktivit\u00e4ten des Sportamts Z\u00fcrich. Interaktive Erlebnisse und Events.","articlekey":"","footnotes":""},"categories":[29],"tags":[1460,339,3555],"class_list":["post-25665","post","type-post","status-publish","format-standard","hentry","category-marketing","tag-jahresbericht","tag-marketing","tag-teil-ch"],"acf":[],"yoast_head":"<!-- This site is optimized with the Yoast SEO plugin v27.5 - https:\/\/yoast.com\/product\/yoast-seo-wordpress\/ -->\n<title>Erster digitaler Jahresbericht f\u00fcr das Sportamt Kanton Z\u00fcrich - Organisator<\/title>\n<meta name=\"description\" content=\"Digitaler Jahresbericht 2024: Einblicke in die Aktivit\u00e4ten des Sportamts Z\u00fcrich. Interaktive Erlebnisse und Events.\" \/>\n<meta name=\"robots\" content=\"index, follow, max-snippet:-1, max-image-preview:large, max-video-preview:-1\" \/>\n<link rel=\"canonical\" href=\"https:\/\/www.organisator.ch\/fr\/marketing\/2024-03-06\/erster-digitaler-jahresbericht-fuer-das-sportamt-kanton-zuerich\/\" \/>\n<meta property=\"og:locale\" content=\"fr_FR\" \/>\n<meta property=\"og:type\" content=\"article\" \/>\n<meta property=\"og:title\" content=\"Erster digitaler Jahresbericht f\u00fcr das Sportamt Kanton Z\u00fcrich - Organisator\" \/>\n<meta property=\"og:description\" content=\"Digitaler Jahresbericht 2024: Einblicke in die Aktivit\u00e4ten des Sportamts Z\u00fcrich. Interaktive Erlebnisse und Events.\" \/>\n<meta property=\"og:url\" content=\"https:\/\/www.organisator.ch\/fr\/marketing\/2024-03-06\/erster-digitaler-jahresbericht-fuer-das-sportamt-kanton-zuerich\/\" \/>\n<meta property=\"og:site_name\" content=\"Organisator\" \/>\n<meta property=\"article:publisher\" content=\"https:\/\/www.facebook.com\/OrganisatorFachmagazin\" \/>\n<meta property=\"article:published_time\" content=\"2024-03-06T09:00:55+00:00\" \/>\n<meta property=\"article:modified_time\" content=\"2024-11-11T10:00:16+00:00\" \/>\n<meta property=\"og:image\" content=\"https:\/\/www.werbewoche.ch\/wp-content\/uploads\/2024\/03\/5_sportamt-jahresbericht-mobile.jpg\" \/>\n<meta name=\"author\" content=\"galledia\" \/>\n<meta name=\"twitter:card\" content=\"summary_large_image\" \/>\n<meta name=\"twitter:creator\" content=\"@admin\" \/>\n<script type=\"application\/ld+json\" class=\"yoast-schema-graph\">{\"@context\":\"https:\\\/\\\/schema.org\",\"@graph\":[{\"@type\":\"Article\",\"@id\":\"https:\\\/\\\/www.organisator.ch\\\/marketing\\\/2024-03-06\\\/erster-digitaler-jahresbericht-fuer-das-sportamt-kanton-zuerich\\\/#article\",\"isPartOf\":{\"@id\":\"https:\\\/\\\/www.organisator.ch\\\/marketing\\\/2024-03-06\\\/erster-digitaler-jahresbericht-fuer-das-sportamt-kanton-zuerich\\\/\"},\"author\":{\"name\":\"galledia\",\"@id\":\"https:\\\/\\\/www.organisator.ch\\\/#\\\/schema\\\/person\\\/4e51799071cd2dd1232ac003643ef5f0\"},\"headline\":\"Erster digitaler Jahresbericht f\u00fcr das Sportamt Kanton Z\u00fcrich\",\"datePublished\":\"2024-03-06T09:00:55+00:00\",\"dateModified\":\"2024-11-11T10:00:16+00:00\",\"mainEntityOfPage\":{\"@id\":\"https:\\\/\\\/www.organisator.ch\\\/marketing\\\/2024-03-06\\\/erster-digitaler-jahresbericht-fuer-das-sportamt-kanton-zuerich\\\/\"},\"wordCount\":287,\"publisher\":{\"@id\":\"https:\\\/\\\/www.organisator.ch\\\/#organization\"},\"image\":{\"@id\":\"https:\\\/\\\/www.organisator.ch\\\/marketing\\\/2024-03-06\\\/erster-digitaler-jahresbericht-fuer-das-sportamt-kanton-zuerich\\\/#primaryimage\"},\"thumbnailUrl\":\"https:\\\/\\\/www.werbewoche.ch\\\/wp-content\\\/uploads\\\/2024\\\/03\\\/5_sportamt-jahresbericht-mobile.jpg\",\"keywords\":[\"Jahresbericht\",\"Marketing\",\"Teil.ch\"],\"articleSection\":[\"MARKETING\"],\"inLanguage\":\"fr-FR\"},{\"@type\":\"WebPage\",\"@id\":\"https:\\\/\\\/www.organisator.ch\\\/marketing\\\/2024-03-06\\\/erster-digitaler-jahresbericht-fuer-das-sportamt-kanton-zuerich\\\/\",\"url\":\"https:\\\/\\\/www.organisator.ch\\\/marketing\\\/2024-03-06\\\/erster-digitaler-jahresbericht-fuer-das-sportamt-kanton-zuerich\\\/\",\"name\":\"Erster digitaler Jahresbericht f\u00fcr das Sportamt Kanton Z\u00fcrich - Organisator\",\"isPartOf\":{\"@id\":\"https:\\\/\\\/www.organisator.ch\\\/#website\"},\"primaryImageOfPage\":{\"@id\":\"https:\\\/\\\/www.organisator.ch\\\/marketing\\\/2024-03-06\\\/erster-digitaler-jahresbericht-fuer-das-sportamt-kanton-zuerich\\\/#primaryimage\"},\"image\":{\"@id\":\"https:\\\/\\\/www.organisator.ch\\\/marketing\\\/2024-03-06\\\/erster-digitaler-jahresbericht-fuer-das-sportamt-kanton-zuerich\\\/#primaryimage\"},\"thumbnailUrl\":\"https:\\\/\\\/www.werbewoche.ch\\\/wp-content\\\/uploads\\\/2024\\\/03\\\/5_sportamt-jahresbericht-mobile.jpg\",\"datePublished\":\"2024-03-06T09:00:55+00:00\",\"dateModified\":\"2024-11-11T10:00:16+00:00\",\"description\":\"Digitaler Jahresbericht 2024: Einblicke in die Aktivit\u00e4ten des Sportamts Z\u00fcrich. Interaktive Erlebnisse und Events.\",\"breadcrumb\":{\"@id\":\"https:\\\/\\\/www.organisator.ch\\\/marketing\\\/2024-03-06\\\/erster-digitaler-jahresbericht-fuer-das-sportamt-kanton-zuerich\\\/#breadcrumb\"},\"inLanguage\":\"fr-FR\",\"potentialAction\":[{\"@type\":\"ReadAction\",\"target\":[\"https:\\\/\\\/www.organisator.ch\\\/marketing\\\/2024-03-06\\\/erster-digitaler-jahresbericht-fuer-das-sportamt-kanton-zuerich\\\/\"]}]},{\"@type\":\"ImageObject\",\"inLanguage\":\"fr-FR\",\"@id\":\"https:\\\/\\\/www.organisator.ch\\\/marketing\\\/2024-03-06\\\/erster-digitaler-jahresbericht-fuer-das-sportamt-kanton-zuerich\\\/#primaryimage\",\"url\":\"https:\\\/\\\/www.werbewoche.ch\\\/wp-content\\\/uploads\\\/2024\\\/03\\\/5_sportamt-jahresbericht-mobile.jpg\",\"contentUrl\":\"https:\\\/\\\/www.werbewoche.ch\\\/wp-content\\\/uploads\\\/2024\\\/03\\\/5_sportamt-jahresbericht-mobile.jpg\"},{\"@type\":\"BreadcrumbList\",\"@id\":\"https:\\\/\\\/www.organisator.ch\\\/marketing\\\/2024-03-06\\\/erster-digitaler-jahresbericht-fuer-das-sportamt-kanton-zuerich\\\/#breadcrumb\",\"itemListElement\":[{\"@type\":\"ListItem\",\"position\":1,\"name\":\"Home\",\"item\":\"https:\\\/\\\/www.organisator.ch\\\/\"},{\"@type\":\"ListItem\",\"position\":2,\"name\":\"Erster digitaler Jahresbericht f\u00fcr das Sportamt Kanton Z\u00fcrich\"}]},{\"@type\":\"WebSite\",\"@id\":\"https:\\\/\\\/www.organisator.ch\\\/#website\",\"url\":\"https:\\\/\\\/www.organisator.ch\\\/\",\"name\":\"Organisator\",\"description\":\"Kompetent. Praxisnah. Der ORGANISATOR bereitet in 10 Ausgaben pro Jahr die wesentlichen Themen f\u00fcr F\u00fchrungskr\u00e4fte von KMU auf.\",\"publisher\":{\"@id\":\"https:\\\/\\\/www.organisator.ch\\\/#organization\"},\"potentialAction\":[{\"@type\":\"SearchAction\",\"target\":{\"@type\":\"EntryPoint\",\"urlTemplate\":\"https:\\\/\\\/www.organisator.ch\\\/?s={search_term_string}\"},\"query-input\":{\"@type\":\"PropertyValueSpecification\",\"valueRequired\":true,\"valueName\":\"search_term_string\"}}],\"inLanguage\":\"fr-FR\"},{\"@type\":\"Organization\",\"@id\":\"https:\\\/\\\/www.organisator.ch\\\/#organization\",\"name\":\"Organisator\",\"url\":\"https:\\\/\\\/www.organisator.ch\\\/\",\"logo\":{\"@type\":\"ImageObject\",\"inLanguage\":\"fr-FR\",\"@id\":\"https:\\\/\\\/www.organisator.ch\\\/#\\\/schema\\\/logo\\\/image\\\/\",\"url\":\"https:\\\/\\\/www.organisator.ch\\\/wp-content\\\/uploads\\\/2022\\\/01\\\/Logo_Organisator_Website.png\",\"contentUrl\":\"https:\\\/\\\/www.organisator.ch\\\/wp-content\\\/uploads\\\/2022\\\/01\\\/Logo_Organisator_Website.png\",\"width\":800,\"height\":77,\"caption\":\"Organisator\"},\"image\":{\"@id\":\"https:\\\/\\\/www.organisator.ch\\\/#\\\/schema\\\/logo\\\/image\\\/\"},\"sameAs\":[\"https:\\\/\\\/www.facebook.com\\\/OrganisatorFachmagazin\",\"https:\\\/\\\/www.linkedin.com\\\/showcase\\\/organisator-das-magazin-fr-kmu\",\"https:\\\/\\\/www.xing.com\\\/news\\\/pages\\\/organisator-ch-695\",\"https:\\\/\\\/www.youtube.com\\\/channel\\\/UCGP2Sq0iWaZwT3BdIAQFYpw\"]},{\"@type\":\"Person\",\"@id\":\"https:\\\/\\\/www.organisator.ch\\\/#\\\/schema\\\/person\\\/4e51799071cd2dd1232ac003643ef5f0\",\"name\":\"galledia\",\"image\":{\"@type\":\"ImageObject\",\"inLanguage\":\"fr-FR\",\"@id\":\"https:\\\/\\\/secure.gravatar.com\\\/avatar\\\/78a7f90c01fc2bfc875782a0d4922b37cde2cf184ce347b91316d23cd7f69a36?s=96&d=mm&r=g\",\"url\":\"https:\\\/\\\/secure.gravatar.com\\\/avatar\\\/78a7f90c01fc2bfc875782a0d4922b37cde2cf184ce347b91316d23cd7f69a36?s=96&d=mm&r=g\",\"contentUrl\":\"https:\\\/\\\/secure.gravatar.com\\\/avatar\\\/78a7f90c01fc2bfc875782a0d4922b37cde2cf184ce347b91316d23cd7f69a36?s=96&d=mm&r=g\",\"caption\":\"galledia\"},\"sameAs\":[\"https:\\\/\\\/x.com\\\/admin\"],\"url\":\"https:\\\/\\\/www.organisator.ch\\\/fr\\\/author\\\/galledia\\\/\"}]}<\/script>\n<!-- \/ Yoast SEO plugin. -->","yoast_head_json":{"title":"Premier rapport annuel num\u00e9rique pour l'Office des sports du canton de Zurich - Organisateur","description":"Rapport annuel num\u00e9rique 2024 : aper\u00e7u des activit\u00e9s du Service des sports de Zurich. Exp\u00e9riences et \u00e9v\u00e9nements interactifs.","robots":{"index":"index","follow":"follow","max-snippet":"max-snippet:-1","max-image-preview":"max-image-preview:large","max-video-preview":"max-video-preview:-1"},"canonical":"https:\/\/www.organisator.ch\/fr\/marketing\/2024-03-06\/erster-digitaler-jahresbericht-fuer-das-sportamt-kanton-zuerich\/","og_locale":"fr_FR","og_type":"article","og_title":"Erster digitaler Jahresbericht f\u00fcr das Sportamt Kanton Z\u00fcrich - Organisator","og_description":"Digitaler Jahresbericht 2024: Einblicke in die Aktivit\u00e4ten des Sportamts Z\u00fcrich. Interaktive Erlebnisse und Events.","og_url":"https:\/\/www.organisator.ch\/fr\/marketing\/2024-03-06\/erster-digitaler-jahresbericht-fuer-das-sportamt-kanton-zuerich\/","og_site_name":"Organisator","article_publisher":"https:\/\/www.facebook.com\/OrganisatorFachmagazin","article_published_time":"2024-03-06T09:00:55+00:00","article_modified_time":"2024-11-11T10:00:16+00:00","og_image":[{"url":"https:\/\/www.werbewoche.ch\/wp-content\/uploads\/2024\/03\/5_sportamt-jahresbericht-mobile.jpg","type":"","width":"","height":""}],"author":"galledia","twitter_card":"summary_large_image","twitter_creator":"@admin","schema":{"@context":"https:\/\/schema.org","@graph":[{"@type":"Article","@id":"https:\/\/www.organisator.ch\/marketing\/2024-03-06\/erster-digitaler-jahresbericht-fuer-das-sportamt-kanton-zuerich\/#article","isPartOf":{"@id":"https:\/\/www.organisator.ch\/marketing\/2024-03-06\/erster-digitaler-jahresbericht-fuer-das-sportamt-kanton-zuerich\/"},"author":{"name":"galledia","@id":"https:\/\/www.organisator.ch\/#\/schema\/person\/4e51799071cd2dd1232ac003643ef5f0"},"headline":"Erster digitaler Jahresbericht f\u00fcr das Sportamt Kanton Z\u00fcrich","datePublished":"2024-03-06T09:00:55+00:00","dateModified":"2024-11-11T10:00:16+00:00","mainEntityOfPage":{"@id":"https:\/\/www.organisator.ch\/marketing\/2024-03-06\/erster-digitaler-jahresbericht-fuer-das-sportamt-kanton-zuerich\/"},"wordCount":287,"publisher":{"@id":"https:\/\/www.organisator.ch\/#organization"},"image":{"@id":"https:\/\/www.organisator.ch\/marketing\/2024-03-06\/erster-digitaler-jahresbericht-fuer-das-sportamt-kanton-zuerich\/#primaryimage"},"thumbnailUrl":"https:\/\/www.werbewoche.ch\/wp-content\/uploads\/2024\/03\/5_sportamt-jahresbericht-mobile.jpg","keywords":["Jahresbericht","Marketing","Teil.ch"],"articleSection":["MARKETING"],"inLanguage":"fr-FR"},{"@type":"WebPage","@id":"https:\/\/www.organisator.ch\/marketing\/2024-03-06\/erster-digitaler-jahresbericht-fuer-das-sportamt-kanton-zuerich\/","url":"https:\/\/www.organisator.ch\/marketing\/2024-03-06\/erster-digitaler-jahresbericht-fuer-das-sportamt-kanton-zuerich\/","name":"Premier rapport annuel num\u00e9rique pour l'Office des sports du canton de Zurich - Organisateur","isPartOf":{"@id":"https:\/\/www.organisator.ch\/#website"},"primaryImageOfPage":{"@id":"https:\/\/www.organisator.ch\/marketing\/2024-03-06\/erster-digitaler-jahresbericht-fuer-das-sportamt-kanton-zuerich\/#primaryimage"},"image":{"@id":"https:\/\/www.organisator.ch\/marketing\/2024-03-06\/erster-digitaler-jahresbericht-fuer-das-sportamt-kanton-zuerich\/#primaryimage"},"thumbnailUrl":"https:\/\/www.werbewoche.ch\/wp-content\/uploads\/2024\/03\/5_sportamt-jahresbericht-mobile.jpg","datePublished":"2024-03-06T09:00:55+00:00","dateModified":"2024-11-11T10:00:16+00:00","description":"Rapport annuel num\u00e9rique 2024 : aper\u00e7u des activit\u00e9s du Service des sports de Zurich. Exp\u00e9riences et \u00e9v\u00e9nements interactifs.","breadcrumb":{"@id":"https:\/\/www.organisator.ch\/marketing\/2024-03-06\/erster-digitaler-jahresbericht-fuer-das-sportamt-kanton-zuerich\/#breadcrumb"},"inLanguage":"fr-FR","potentialAction":[{"@type":"ReadAction","target":["https:\/\/www.organisator.ch\/marketing\/2024-03-06\/erster-digitaler-jahresbericht-fuer-das-sportamt-kanton-zuerich\/"]}]},{"@type":"ImageObject","inLanguage":"fr-FR","@id":"https:\/\/www.organisator.ch\/marketing\/2024-03-06\/erster-digitaler-jahresbericht-fuer-das-sportamt-kanton-zuerich\/#primaryimage","url":"https:\/\/www.werbewoche.ch\/wp-content\/uploads\/2024\/03\/5_sportamt-jahresbericht-mobile.jpg","contentUrl":"https:\/\/www.werbewoche.ch\/wp-content\/uploads\/2024\/03\/5_sportamt-jahresbericht-mobile.jpg"},{"@type":"BreadcrumbList","@id":"https:\/\/www.organisator.ch\/marketing\/2024-03-06\/erster-digitaler-jahresbericht-fuer-das-sportamt-kanton-zuerich\/#breadcrumb","itemListElement":[{"@type":"ListItem","position":1,"name":"Home","item":"https:\/\/www.organisator.ch\/"},{"@type":"ListItem","position":2,"name":"Erster digitaler Jahresbericht f\u00fcr das Sportamt Kanton Z\u00fcrich"}]},{"@type":"WebSite","@id":"https:\/\/www.organisator.ch\/#website","url":"https:\/\/www.organisator.ch\/","name":"Organisateur","description":"Comp\u00e9tence et comp\u00e9tence. Proches de la pratique. L'ORGANISATEUR pr\u00e9pare 10 num\u00e9ros par an sur les th\u00e8mes essentiels pour les dirigeants de PME.","publisher":{"@id":"https:\/\/www.organisator.ch\/#organization"},"potentialAction":[{"@type":"SearchAction","target":{"@type":"EntryPoint","urlTemplate":"https:\/\/www.organisator.ch\/?s={search_term_string}"},"query-input":{"@type":"PropertyValueSpecification","valueRequired":true,"valueName":"search_term_string"}}],"inLanguage":"fr-FR"},{"@type":"Organization","@id":"https:\/\/www.organisator.ch\/#organization","name":"Organisateur","url":"https:\/\/www.organisator.ch\/","logo":{"@type":"ImageObject","inLanguage":"fr-FR","@id":"https:\/\/www.organisator.ch\/#\/schema\/logo\/image\/","url":"https:\/\/www.organisator.ch\/wp-content\/uploads\/2022\/01\/Logo_Organisator_Website.png","contentUrl":"https:\/\/www.organisator.ch\/wp-content\/uploads\/2022\/01\/Logo_Organisator_Website.png","width":800,"height":77,"caption":"Organisator"},"image":{"@id":"https:\/\/www.organisator.ch\/#\/schema\/logo\/image\/"},"sameAs":["https:\/\/www.facebook.com\/OrganisatorFachmagazin","https:\/\/www.linkedin.com\/showcase\/organisator-das-magazin-fr-kmu","https:\/\/www.xing.com\/news\/pages\/organisator-ch-695","https:\/\/www.youtube.com\/channel\/UCGP2Sq0iWaZwT3BdIAQFYpw"]},{"@type":"Person","@id":"https:\/\/www.organisator.ch\/#\/schema\/person\/4e51799071cd2dd1232ac003643ef5f0","name":"galledia","image":{"@type":"ImageObject","inLanguage":"fr-FR","@id":"https:\/\/secure.gravatar.com\/avatar\/78a7f90c01fc2bfc875782a0d4922b37cde2cf184ce347b91316d23cd7f69a36?s=96&d=mm&r=g","url":"https:\/\/secure.gravatar.com\/avatar\/78a7f90c01fc2bfc875782a0d4922b37cde2cf184ce347b91316d23cd7f69a36?s=96&d=mm&r=g","contentUrl":"https:\/\/secure.gravatar.com\/avatar\/78a7f90c01fc2bfc875782a0d4922b37cde2cf184ce347b91316d23cd7f69a36?s=96&d=mm&r=g","caption":"galledia"},"sameAs":["https:\/\/x.com\/admin"],"url":"https:\/\/www.organisator.ch\/fr\/author\/galledia\/"}]}},"_links":{"self":[{"href":"https:\/\/www.organisator.ch\/fr\/wp-json\/wp\/v2\/posts\/25665","targetHints":{"allow":["GET"]}}],"collection":[{"href":"https:\/\/www.organisator.ch\/fr\/wp-json\/wp\/v2\/posts"}],"about":[{"href":"https:\/\/www.organisator.ch\/fr\/wp-json\/wp\/v2\/types\/post"}],"author":[{"embeddable":true,"href":"https:\/\/www.organisator.ch\/fr\/wp-json\/wp\/v2\/users\/8"}],"replies":[{"embeddable":true,"href":"https:\/\/www.organisator.ch\/fr\/wp-json\/wp\/v2\/comments?post=25665"}],"version-history":[{"count":6,"href":"https:\/\/www.organisator.ch\/fr\/wp-json\/wp\/v2\/posts\/25665\/revisions"}],"predecessor-version":[{"id":32431,"href":"https:\/\/www.organisator.ch\/fr\/wp-json\/wp\/v2\/posts\/25665\/revisions\/32431"}],"wp:attachment":[{"href":"https:\/\/www.organisator.ch\/fr\/wp-json\/wp\/v2\/media?parent=25665"}],"wp:term":[{"taxonomy":"category","embeddable":true,"href":"https:\/\/www.organisator.ch\/fr\/wp-json\/wp\/v2\/categories?post=25665"},{"taxonomy":"post_tag","embeddable":true,"href":"https:\/\/www.organisator.ch\/fr\/wp-json\/wp\/v2\/tags?post=25665"}],"curies":[{"name":"wp","href":"https:\/\/api.w.org\/{rel}","templated":true}]}}