{"id":25677,"date":"2024-03-06T11:33:35","date_gmt":"2024-03-06T10:33:35","guid":{"rendered":"https:\/\/www.werbewoche.ch\/?p=211551"},"modified":"2024-11-11T10:55:46","modified_gmt":"2024-11-11T09:55:46","slug":"erste-kerze-fuer-ricola-erlebnisshop","status":"publish","type":"post","link":"https:\/\/www.organisator.ch\/fr\/marketing\/2024-03-06\/erste-kerze-fuer-ricola-erlebnisshop\/","title":{"rendered":"Premi\u00e8re bougie pour la boutique d\u00e9couverte Ricola"},"content":{"rendered":"<p><img class=\"alignnone wp-image-211557 size-full\" src=\"https:\/\/www.werbewoche.ch\/wp-content\/uploads\/2024\/03\/Ricola-Erlebniswelt-in-Laufen.png\" alt=\"Boutique d\u00e9couverte Ricola\" width=\"1024\" height=\"768\" \/><\/p>\r\n<p>Plus de 30 000 visiteurs ont afflu\u00e9 dans la boutique d\u00e9couverte Ricola au cours de la premi\u00e8re ann\u00e9e. Le CEO Thomas P. Meier se montre enthousiaste : \"Les nombreux visiteurs ont d\u00e9pass\u00e9 nos attentes. Rien qu'en d\u00e9cembre, nous avons accueilli 3 700 visiteurs. La boutique d\u00e9couverte s'est r\u00e9v\u00e9l\u00e9e \u00eatre le dernier point fort pour les nombreux fans de Ricola. Nous les rapprochons ainsi encore plus du monde des herbes et contribuons en m\u00eame temps \u00e0 l'attractivit\u00e9 du lieu o\u00f9 nous sommes enracin\u00e9s. C'est la combinaison parfaite entre plaisir, divertissement et tradition\".<\/p>\r\n<p><img class=\"alignnone size-full wp-image-211555\" src=\"https:\/\/www.werbewoche.ch\/wp-content\/uploads\/2024\/03\/Ricola-Shop-Laufen-Press-2023-davidandkathrin-18-scaled.jpg\" alt=\"\" width=\"1400\" height=\"933\" \/><\/p>\r\n<h3><strong>Nouvelles exp\u00e9riences gustatives et produits sp\u00e9ciaux<\/strong><\/h3>\r\n<p>La boutique d\u00e9couverte Ricola ne propose pas seulement l'assortiment habituel, mais aussi des produits uniques que les visiteurs ne trouvent pas ailleurs. Il s'agit notamment de saveurs exclusives qui ne sont normalement disponibles qu'\u00e0 l'\u00e9tranger, ainsi que de paquets cadeaux sp\u00e9ciaux qui peuvent \u00eatre personnalis\u00e9s sur place. La nouvelle saveur \"framboise-m\u00e9lisse\", actuellement disponible en exclusivit\u00e9 dans la boutique d\u00e9couverte Ricola de Laufen et qui sera \u00e9galement disponible dans le commerce de d\u00e9tail suisse plus tard en 2024, est particuli\u00e8rement appr\u00e9ci\u00e9e. La vari\u00e9t\u00e9 \"Echinacea Miel Citron\", disponible dans le commerce depuis fin 2022, arrive en deuxi\u00e8me position sur l'\u00e9chelle de popularit\u00e9, suivie de la vari\u00e9t\u00e9 \"Mixed Berry\". En plus des bonbons, la boutique propose des produits de merchandising, dont le fameux \"Ricola Buzzer\" qui, en appuyant sur un bouton, fait retentir le jingle Riiicolaaa mondialement connu.<\/p>\r\n<h3><strong>Ateliers interactifs et possibilit\u00e9s d'apprentissage<\/strong><\/h3>\r\n<p>Le magasin d'exp\u00e9rience Ricola n'est pas seulement un lieu pour faire des achats, mais aussi pour apprendre et s'amuser. Des ateliers interactifs et des visites guid\u00e9es permettent aux visiteurs de d\u00e9couvrir de pr\u00e8s le monde de Ricola. Les ateliers proposent toute une s\u00e9rie d'activit\u00e9s, dont la construction d'un h\u00f4tel pour abeilles et la fabrication d'un mock d'un m\u00e8tre, qui sont particuli\u00e8rement appr\u00e9ci\u00e9es des visiteurs. L'objectif est de rendre le monde de Ricola interactif et instructif. Les ateliers et les visites guid\u00e9es compl\u00e8tent l'exp\u00e9rience de visite \u00e0 l'\u00e9tage sup\u00e9rieur de la boutique, o\u00f9 les visiteurs peuvent d\u00e9couvrir, dans le cadre d'un processus interactif, comment les herbes se retrouvent dans les bonbons, et m\u00eame cr\u00e9er num\u00e9riquement leur propre vari\u00e9t\u00e9 de bonbons. L'offre est constamment \u00e9largie et adapt\u00e9e afin d'offrir aux visiteurs une exp\u00e9rience sans cesse renouvel\u00e9e.<\/p>\r\n<p>&nbsp;<\/p>\r\n<p>&nbsp;<\/p>","protected":false},"excerpt":{"rendered":"<p>Une ann\u00e9e de saveurs vari\u00e9es, de d\u00e9couvertes et de moments inoubliables : La premi\u00e8re boutique d\u00e9couverte Ricola en Suisse f\u00eate son anniversaire !<\/p>","protected":false},"author":8,"featured_media":0,"comment_status":"closed","ping_status":"closed","sticky":false,"template":"","format":"standard","meta":{"_acf_changed":false,"_yoast_wpseo_focuskw":"Ricola Erlebnisshop","_yoast_wpseo_metadesc":"Ricola Erlebnisshop begeistert mit neuen Geschmackssorten und interaktiven Workshops. 30.000 Besucher im ersten Jahr.","articlekey":"","footnotes":""},"categories":[29],"tags":[742,292,339,3562],"class_list":["post-25677","post","type-post","status-publish","format-standard","hentry","category-marketing","tag-ausstellung","tag-jubilaeum","tag-marketing","tag-ricola"],"acf":[],"yoast_head":"<!-- This site is optimized with the Yoast SEO plugin v27.5 - https:\/\/yoast.com\/product\/yoast-seo-wordpress\/ -->\n<title>Erste Kerze f\u00fcr Ricola-Erlebnisshop - Organisator<\/title>\n<meta name=\"description\" content=\"Ricola Erlebnisshop begeistert mit neuen Geschmackssorten und interaktiven Workshops. 30.000 Besucher im ersten Jahr.\" \/>\n<meta name=\"robots\" content=\"index, follow, max-snippet:-1, max-image-preview:large, max-video-preview:-1\" \/>\n<link rel=\"canonical\" href=\"https:\/\/www.organisator.ch\/fr\/marketing\/2024-03-06\/erste-kerze-fuer-ricola-erlebnisshop\/\" \/>\n<meta property=\"og:locale\" content=\"fr_FR\" \/>\n<meta property=\"og:type\" content=\"article\" \/>\n<meta property=\"og:title\" content=\"Erste Kerze f\u00fcr Ricola-Erlebnisshop - Organisator\" \/>\n<meta property=\"og:description\" content=\"Ricola Erlebnisshop begeistert mit neuen Geschmackssorten und interaktiven Workshops. 30.000 Besucher im ersten Jahr.\" \/>\n<meta property=\"og:url\" content=\"https:\/\/www.organisator.ch\/fr\/marketing\/2024-03-06\/erste-kerze-fuer-ricola-erlebnisshop\/\" \/>\n<meta property=\"og:site_name\" content=\"Organisator\" \/>\n<meta property=\"article:publisher\" content=\"https:\/\/www.facebook.com\/OrganisatorFachmagazin\" \/>\n<meta property=\"article:published_time\" content=\"2024-03-06T10:33:35+00:00\" \/>\n<meta property=\"article:modified_time\" content=\"2024-11-11T09:55:46+00:00\" \/>\n<meta property=\"og:image\" content=\"https:\/\/www.werbewoche.ch\/wp-content\/uploads\/2024\/03\/Ricola-Erlebniswelt-in-Laufen.png\" \/>\n<meta name=\"author\" content=\"galledia\" \/>\n<meta name=\"twitter:card\" content=\"summary_large_image\" \/>\n<meta name=\"twitter:creator\" content=\"@admin\" \/>\n<script type=\"application\/ld+json\" class=\"yoast-schema-graph\">{\"@context\":\"https:\\\/\\\/schema.org\",\"@graph\":[{\"@type\":\"Article\",\"@id\":\"https:\\\/\\\/www.organisator.ch\\\/marketing\\\/2024-03-06\\\/erste-kerze-fuer-ricola-erlebnisshop\\\/#article\",\"isPartOf\":{\"@id\":\"https:\\\/\\\/www.organisator.ch\\\/marketing\\\/2024-03-06\\\/erste-kerze-fuer-ricola-erlebnisshop\\\/\"},\"author\":{\"name\":\"galledia\",\"@id\":\"https:\\\/\\\/www.organisator.ch\\\/#\\\/schema\\\/person\\\/4e51799071cd2dd1232ac003643ef5f0\"},\"headline\":\"Erste Kerze f\u00fcr Ricola-Erlebnisshop\",\"datePublished\":\"2024-03-06T10:33:35+00:00\",\"dateModified\":\"2024-11-11T09:55:46+00:00\",\"mainEntityOfPage\":{\"@id\":\"https:\\\/\\\/www.organisator.ch\\\/marketing\\\/2024-03-06\\\/erste-kerze-fuer-ricola-erlebnisshop\\\/\"},\"wordCount\":348,\"publisher\":{\"@id\":\"https:\\\/\\\/www.organisator.ch\\\/#organization\"},\"image\":{\"@id\":\"https:\\\/\\\/www.organisator.ch\\\/marketing\\\/2024-03-06\\\/erste-kerze-fuer-ricola-erlebnisshop\\\/#primaryimage\"},\"thumbnailUrl\":\"https:\\\/\\\/www.werbewoche.ch\\\/wp-content\\\/uploads\\\/2024\\\/03\\\/Ricola-Erlebniswelt-in-Laufen.png\",\"keywords\":[\"Ausstellung\",\"Jubil\u00e4um\",\"Marketing\",\"Ricola\"],\"articleSection\":[\"MARKETING\"],\"inLanguage\":\"fr-FR\"},{\"@type\":\"WebPage\",\"@id\":\"https:\\\/\\\/www.organisator.ch\\\/marketing\\\/2024-03-06\\\/erste-kerze-fuer-ricola-erlebnisshop\\\/\",\"url\":\"https:\\\/\\\/www.organisator.ch\\\/marketing\\\/2024-03-06\\\/erste-kerze-fuer-ricola-erlebnisshop\\\/\",\"name\":\"Erste Kerze f\u00fcr Ricola-Erlebnisshop - Organisator\",\"isPartOf\":{\"@id\":\"https:\\\/\\\/www.organisator.ch\\\/#website\"},\"primaryImageOfPage\":{\"@id\":\"https:\\\/\\\/www.organisator.ch\\\/marketing\\\/2024-03-06\\\/erste-kerze-fuer-ricola-erlebnisshop\\\/#primaryimage\"},\"image\":{\"@id\":\"https:\\\/\\\/www.organisator.ch\\\/marketing\\\/2024-03-06\\\/erste-kerze-fuer-ricola-erlebnisshop\\\/#primaryimage\"},\"thumbnailUrl\":\"https:\\\/\\\/www.werbewoche.ch\\\/wp-content\\\/uploads\\\/2024\\\/03\\\/Ricola-Erlebniswelt-in-Laufen.png\",\"datePublished\":\"2024-03-06T10:33:35+00:00\",\"dateModified\":\"2024-11-11T09:55:46+00:00\",\"description\":\"Ricola Erlebnisshop begeistert mit neuen Geschmackssorten und interaktiven Workshops. 30.000 Besucher im ersten Jahr.\",\"breadcrumb\":{\"@id\":\"https:\\\/\\\/www.organisator.ch\\\/marketing\\\/2024-03-06\\\/erste-kerze-fuer-ricola-erlebnisshop\\\/#breadcrumb\"},\"inLanguage\":\"fr-FR\",\"potentialAction\":[{\"@type\":\"ReadAction\",\"target\":[\"https:\\\/\\\/www.organisator.ch\\\/marketing\\\/2024-03-06\\\/erste-kerze-fuer-ricola-erlebnisshop\\\/\"]}]},{\"@type\":\"ImageObject\",\"inLanguage\":\"fr-FR\",\"@id\":\"https:\\\/\\\/www.organisator.ch\\\/marketing\\\/2024-03-06\\\/erste-kerze-fuer-ricola-erlebnisshop\\\/#primaryimage\",\"url\":\"https:\\\/\\\/www.werbewoche.ch\\\/wp-content\\\/uploads\\\/2024\\\/03\\\/Ricola-Erlebniswelt-in-Laufen.png\",\"contentUrl\":\"https:\\\/\\\/www.werbewoche.ch\\\/wp-content\\\/uploads\\\/2024\\\/03\\\/Ricola-Erlebniswelt-in-Laufen.png\"},{\"@type\":\"BreadcrumbList\",\"@id\":\"https:\\\/\\\/www.organisator.ch\\\/marketing\\\/2024-03-06\\\/erste-kerze-fuer-ricola-erlebnisshop\\\/#breadcrumb\",\"itemListElement\":[{\"@type\":\"ListItem\",\"position\":1,\"name\":\"Home\",\"item\":\"https:\\\/\\\/www.organisator.ch\\\/\"},{\"@type\":\"ListItem\",\"position\":2,\"name\":\"Erste Kerze f\u00fcr Ricola-Erlebnisshop\"}]},{\"@type\":\"WebSite\",\"@id\":\"https:\\\/\\\/www.organisator.ch\\\/#website\",\"url\":\"https:\\\/\\\/www.organisator.ch\\\/\",\"name\":\"Organisator\",\"description\":\"Kompetent. Praxisnah. Der ORGANISATOR bereitet in 10 Ausgaben pro Jahr die wesentlichen Themen f\u00fcr F\u00fchrungskr\u00e4fte von KMU auf.\",\"publisher\":{\"@id\":\"https:\\\/\\\/www.organisator.ch\\\/#organization\"},\"potentialAction\":[{\"@type\":\"SearchAction\",\"target\":{\"@type\":\"EntryPoint\",\"urlTemplate\":\"https:\\\/\\\/www.organisator.ch\\\/?s={search_term_string}\"},\"query-input\":{\"@type\":\"PropertyValueSpecification\",\"valueRequired\":true,\"valueName\":\"search_term_string\"}}],\"inLanguage\":\"fr-FR\"},{\"@type\":\"Organization\",\"@id\":\"https:\\\/\\\/www.organisator.ch\\\/#organization\",\"name\":\"Organisator\",\"url\":\"https:\\\/\\\/www.organisator.ch\\\/\",\"logo\":{\"@type\":\"ImageObject\",\"inLanguage\":\"fr-FR\",\"@id\":\"https:\\\/\\\/www.organisator.ch\\\/#\\\/schema\\\/logo\\\/image\\\/\",\"url\":\"https:\\\/\\\/www.organisator.ch\\\/wp-content\\\/uploads\\\/2022\\\/01\\\/Logo_Organisator_Website.png\",\"contentUrl\":\"https:\\\/\\\/www.organisator.ch\\\/wp-content\\\/uploads\\\/2022\\\/01\\\/Logo_Organisator_Website.png\",\"width\":800,\"height\":77,\"caption\":\"Organisator\"},\"image\":{\"@id\":\"https:\\\/\\\/www.organisator.ch\\\/#\\\/schema\\\/logo\\\/image\\\/\"},\"sameAs\":[\"https:\\\/\\\/www.facebook.com\\\/OrganisatorFachmagazin\",\"https:\\\/\\\/www.linkedin.com\\\/showcase\\\/organisator-das-magazin-fr-kmu\",\"https:\\\/\\\/www.xing.com\\\/news\\\/pages\\\/organisator-ch-695\",\"https:\\\/\\\/www.youtube.com\\\/channel\\\/UCGP2Sq0iWaZwT3BdIAQFYpw\"]},{\"@type\":\"Person\",\"@id\":\"https:\\\/\\\/www.organisator.ch\\\/#\\\/schema\\\/person\\\/4e51799071cd2dd1232ac003643ef5f0\",\"name\":\"galledia\",\"image\":{\"@type\":\"ImageObject\",\"inLanguage\":\"fr-FR\",\"@id\":\"https:\\\/\\\/secure.gravatar.com\\\/avatar\\\/78a7f90c01fc2bfc875782a0d4922b37cde2cf184ce347b91316d23cd7f69a36?s=96&d=mm&r=g\",\"url\":\"https:\\\/\\\/secure.gravatar.com\\\/avatar\\\/78a7f90c01fc2bfc875782a0d4922b37cde2cf184ce347b91316d23cd7f69a36?s=96&d=mm&r=g\",\"contentUrl\":\"https:\\\/\\\/secure.gravatar.com\\\/avatar\\\/78a7f90c01fc2bfc875782a0d4922b37cde2cf184ce347b91316d23cd7f69a36?s=96&d=mm&r=g\",\"caption\":\"galledia\"},\"sameAs\":[\"https:\\\/\\\/x.com\\\/admin\"],\"url\":\"https:\\\/\\\/www.organisator.ch\\\/fr\\\/author\\\/galledia\\\/\"}]}<\/script>\n<!-- \/ Yoast SEO plugin. -->","yoast_head_json":{"title":"Premi\u00e8re bougie pour le magasin d'exp\u00e9rience Ricola - Organisateur","description":"La boutique d\u00e9couverte Ricola enthousiasme avec de nouvelles saveurs et des ateliers interactifs. 30.000 visiteurs la premi\u00e8re ann\u00e9e.","robots":{"index":"index","follow":"follow","max-snippet":"max-snippet:-1","max-image-preview":"max-image-preview:large","max-video-preview":"max-video-preview:-1"},"canonical":"https:\/\/www.organisator.ch\/fr\/marketing\/2024-03-06\/erste-kerze-fuer-ricola-erlebnisshop\/","og_locale":"fr_FR","og_type":"article","og_title":"Erste Kerze f\u00fcr Ricola-Erlebnisshop - Organisator","og_description":"Ricola Erlebnisshop begeistert mit neuen Geschmackssorten und interaktiven Workshops. 30.000 Besucher im ersten Jahr.","og_url":"https:\/\/www.organisator.ch\/fr\/marketing\/2024-03-06\/erste-kerze-fuer-ricola-erlebnisshop\/","og_site_name":"Organisator","article_publisher":"https:\/\/www.facebook.com\/OrganisatorFachmagazin","article_published_time":"2024-03-06T10:33:35+00:00","article_modified_time":"2024-11-11T09:55:46+00:00","og_image":[{"url":"https:\/\/www.werbewoche.ch\/wp-content\/uploads\/2024\/03\/Ricola-Erlebniswelt-in-Laufen.png","type":"","width":"","height":""}],"author":"galledia","twitter_card":"summary_large_image","twitter_creator":"@admin","schema":{"@context":"https:\/\/schema.org","@graph":[{"@type":"Article","@id":"https:\/\/www.organisator.ch\/marketing\/2024-03-06\/erste-kerze-fuer-ricola-erlebnisshop\/#article","isPartOf":{"@id":"https:\/\/www.organisator.ch\/marketing\/2024-03-06\/erste-kerze-fuer-ricola-erlebnisshop\/"},"author":{"name":"galledia","@id":"https:\/\/www.organisator.ch\/#\/schema\/person\/4e51799071cd2dd1232ac003643ef5f0"},"headline":"Erste Kerze f\u00fcr Ricola-Erlebnisshop","datePublished":"2024-03-06T10:33:35+00:00","dateModified":"2024-11-11T09:55:46+00:00","mainEntityOfPage":{"@id":"https:\/\/www.organisator.ch\/marketing\/2024-03-06\/erste-kerze-fuer-ricola-erlebnisshop\/"},"wordCount":348,"publisher":{"@id":"https:\/\/www.organisator.ch\/#organization"},"image":{"@id":"https:\/\/www.organisator.ch\/marketing\/2024-03-06\/erste-kerze-fuer-ricola-erlebnisshop\/#primaryimage"},"thumbnailUrl":"https:\/\/www.werbewoche.ch\/wp-content\/uploads\/2024\/03\/Ricola-Erlebniswelt-in-Laufen.png","keywords":["Ausstellung","Jubil\u00e4um","Marketing","Ricola"],"articleSection":["MARKETING"],"inLanguage":"fr-FR"},{"@type":"WebPage","@id":"https:\/\/www.organisator.ch\/marketing\/2024-03-06\/erste-kerze-fuer-ricola-erlebnisshop\/","url":"https:\/\/www.organisator.ch\/marketing\/2024-03-06\/erste-kerze-fuer-ricola-erlebnisshop\/","name":"Premi\u00e8re bougie pour le magasin d'exp\u00e9rience Ricola - Organisateur","isPartOf":{"@id":"https:\/\/www.organisator.ch\/#website"},"primaryImageOfPage":{"@id":"https:\/\/www.organisator.ch\/marketing\/2024-03-06\/erste-kerze-fuer-ricola-erlebnisshop\/#primaryimage"},"image":{"@id":"https:\/\/www.organisator.ch\/marketing\/2024-03-06\/erste-kerze-fuer-ricola-erlebnisshop\/#primaryimage"},"thumbnailUrl":"https:\/\/www.werbewoche.ch\/wp-content\/uploads\/2024\/03\/Ricola-Erlebniswelt-in-Laufen.png","datePublished":"2024-03-06T10:33:35+00:00","dateModified":"2024-11-11T09:55:46+00:00","description":"La boutique d\u00e9couverte Ricola enthousiasme avec de nouvelles saveurs et des ateliers interactifs. 30.000 visiteurs la premi\u00e8re ann\u00e9e.","breadcrumb":{"@id":"https:\/\/www.organisator.ch\/marketing\/2024-03-06\/erste-kerze-fuer-ricola-erlebnisshop\/#breadcrumb"},"inLanguage":"fr-FR","potentialAction":[{"@type":"ReadAction","target":["https:\/\/www.organisator.ch\/marketing\/2024-03-06\/erste-kerze-fuer-ricola-erlebnisshop\/"]}]},{"@type":"ImageObject","inLanguage":"fr-FR","@id":"https:\/\/www.organisator.ch\/marketing\/2024-03-06\/erste-kerze-fuer-ricola-erlebnisshop\/#primaryimage","url":"https:\/\/www.werbewoche.ch\/wp-content\/uploads\/2024\/03\/Ricola-Erlebniswelt-in-Laufen.png","contentUrl":"https:\/\/www.werbewoche.ch\/wp-content\/uploads\/2024\/03\/Ricola-Erlebniswelt-in-Laufen.png"},{"@type":"BreadcrumbList","@id":"https:\/\/www.organisator.ch\/marketing\/2024-03-06\/erste-kerze-fuer-ricola-erlebnisshop\/#breadcrumb","itemListElement":[{"@type":"ListItem","position":1,"name":"Home","item":"https:\/\/www.organisator.ch\/"},{"@type":"ListItem","position":2,"name":"Erste Kerze f\u00fcr Ricola-Erlebnisshop"}]},{"@type":"WebSite","@id":"https:\/\/www.organisator.ch\/#website","url":"https:\/\/www.organisator.ch\/","name":"Organisateur","description":"Comp\u00e9tence et comp\u00e9tence. Proches de la pratique. L'ORGANISATEUR pr\u00e9pare 10 num\u00e9ros par an sur les th\u00e8mes essentiels pour les dirigeants de PME.","publisher":{"@id":"https:\/\/www.organisator.ch\/#organization"},"potentialAction":[{"@type":"SearchAction","target":{"@type":"EntryPoint","urlTemplate":"https:\/\/www.organisator.ch\/?s={search_term_string}"},"query-input":{"@type":"PropertyValueSpecification","valueRequired":true,"valueName":"search_term_string"}}],"inLanguage":"fr-FR"},{"@type":"Organization","@id":"https:\/\/www.organisator.ch\/#organization","name":"Organisateur","url":"https:\/\/www.organisator.ch\/","logo":{"@type":"ImageObject","inLanguage":"fr-FR","@id":"https:\/\/www.organisator.ch\/#\/schema\/logo\/image\/","url":"https:\/\/www.organisator.ch\/wp-content\/uploads\/2022\/01\/Logo_Organisator_Website.png","contentUrl":"https:\/\/www.organisator.ch\/wp-content\/uploads\/2022\/01\/Logo_Organisator_Website.png","width":800,"height":77,"caption":"Organisator"},"image":{"@id":"https:\/\/www.organisator.ch\/#\/schema\/logo\/image\/"},"sameAs":["https:\/\/www.facebook.com\/OrganisatorFachmagazin","https:\/\/www.linkedin.com\/showcase\/organisator-das-magazin-fr-kmu","https:\/\/www.xing.com\/news\/pages\/organisator-ch-695","https:\/\/www.youtube.com\/channel\/UCGP2Sq0iWaZwT3BdIAQFYpw"]},{"@type":"Person","@id":"https:\/\/www.organisator.ch\/#\/schema\/person\/4e51799071cd2dd1232ac003643ef5f0","name":"galledia","image":{"@type":"ImageObject","inLanguage":"fr-FR","@id":"https:\/\/secure.gravatar.com\/avatar\/78a7f90c01fc2bfc875782a0d4922b37cde2cf184ce347b91316d23cd7f69a36?s=96&d=mm&r=g","url":"https:\/\/secure.gravatar.com\/avatar\/78a7f90c01fc2bfc875782a0d4922b37cde2cf184ce347b91316d23cd7f69a36?s=96&d=mm&r=g","contentUrl":"https:\/\/secure.gravatar.com\/avatar\/78a7f90c01fc2bfc875782a0d4922b37cde2cf184ce347b91316d23cd7f69a36?s=96&d=mm&r=g","caption":"galledia"},"sameAs":["https:\/\/x.com\/admin"],"url":"https:\/\/www.organisator.ch\/fr\/author\/galledia\/"}]}},"_links":{"self":[{"href":"https:\/\/www.organisator.ch\/fr\/wp-json\/wp\/v2\/posts\/25677","targetHints":{"allow":["GET"]}}],"collection":[{"href":"https:\/\/www.organisator.ch\/fr\/wp-json\/wp\/v2\/posts"}],"about":[{"href":"https:\/\/www.organisator.ch\/fr\/wp-json\/wp\/v2\/types\/post"}],"author":[{"embeddable":true,"href":"https:\/\/www.organisator.ch\/fr\/wp-json\/wp\/v2\/users\/8"}],"replies":[{"embeddable":true,"href":"https:\/\/www.organisator.ch\/fr\/wp-json\/wp\/v2\/comments?post=25677"}],"version-history":[{"count":4,"href":"https:\/\/www.organisator.ch\/fr\/wp-json\/wp\/v2\/posts\/25677\/revisions"}],"predecessor-version":[{"id":32430,"href":"https:\/\/www.organisator.ch\/fr\/wp-json\/wp\/v2\/posts\/25677\/revisions\/32430"}],"wp:attachment":[{"href":"https:\/\/www.organisator.ch\/fr\/wp-json\/wp\/v2\/media?parent=25677"}],"wp:term":[{"taxonomy":"category","embeddable":true,"href":"https:\/\/www.organisator.ch\/fr\/wp-json\/wp\/v2\/categories?post=25677"},{"taxonomy":"post_tag","embeddable":true,"href":"https:\/\/www.organisator.ch\/fr\/wp-json\/wp\/v2\/tags?post=25677"}],"curies":[{"name":"wp","href":"https:\/\/api.w.org\/{rel}","templated":true}]}}