{"id":25719,"date":"2024-03-07T14:23:02","date_gmt":"2024-03-07T13:23:02","guid":{"rendered":"https:\/\/www.organisator.ch\/?p=25719"},"modified":"2024-03-07T09:23:33","modified_gmt":"2024-03-07T08:23:33","slug":"gruenden-mit-leidenschaft-und-optimismus-so-ticken-die-dach-unternehmerinnen","status":"publish","type":"post","link":"https:\/\/www.organisator.ch\/fr\/management\/2024-03-07\/gruenden-mit-leidenschaft-und-optimismus-so-ticken-die-dach-unternehmerinnen\/","title":{"rendered":"Cr\u00e9er avec passion et optimisme : les femmes entrepreneurs de DACH sont ainsi faites"},"content":{"rendered":"<figure id=\"attachment_25721\" aria-describedby=\"caption-attachment-25721\" style=\"width: 680px\" class=\"wp-caption alignnone\"><img loading=\"lazy\" decoding=\"async\" class=\"size-full wp-image-25721\" src=\"https:\/\/www.organisator.ch\/wp-content\/uploads\/2024\/03\/GoDaddy-Survey_Bild1_ps.jpg\" alt=\"\" width=\"680\" height=\"453\" srcset=\"https:\/\/www.organisator.ch\/wp-content\/uploads\/2024\/03\/GoDaddy-Survey_Bild1_ps.jpg 680w, https:\/\/www.organisator.ch\/wp-content\/uploads\/2024\/03\/GoDaddy-Survey_Bild1_ps-18x12.jpg 18w, https:\/\/www.organisator.ch\/wp-content\/uploads\/2024\/03\/GoDaddy-Survey_Bild1_ps-375x250.jpg 375w, https:\/\/www.organisator.ch\/wp-content\/uploads\/2024\/03\/GoDaddy-Survey_Bild1_ps-525x350.jpg 525w\" sizes=\"auto, (max-width: 680px) 100vw, 680px\" \/><figcaption id=\"caption-attachment-25721\" class=\"wp-caption-text\">Pr\u00e8s de la moiti\u00e9 des entreprises dirig\u00e9es par des femmes (48 %) s'attendent \u00e0 une croissance de leur activit\u00e9 au cours des 3 \u00e0 5 prochaines ann\u00e9es. (Image : www.GoDaddy.com)<\/figcaption><\/figure>\n<h3><strong>Attentes de croissance et importance de la num\u00e9risation<\/strong><\/h3>\n<p>Perspectives positives - pr\u00e8s de la moiti\u00e9 des entreprises dirig\u00e9es par des femmes (48 %) s'attendent \u00e0 une croissance de leurs activit\u00e9s au cours des 3 \u00e0 5 prochaines ann\u00e9es. C'est ce qui ressort de l'enqu\u00eate GoDaddy r\u00e9alis\u00e9e en janvier. Les femmes entrepreneurs cr\u00e9ent surtout par passion (30 %) et pour plus de flexibilit\u00e9 (20 %), alors que seules 8 % cr\u00e9ent leur entreprise \u00e0 partir d'une id\u00e9e sp\u00e9cifique de produit ou de solution.<\/p>\n<p>Bien que les hommes et les femmes aient des motivations diff\u00e9rentes pour cr\u00e9er une entreprise, ils s'accordent \u00e0 dire que la num\u00e9risation est essentielle \u00e0 la r\u00e9ussite de leur entreprise. (Les hommes avec 77 % et les femmes avec 78 %).<\/p>\n<p>En ce qui concerne la transformation num\u00e9rique, l'enqu\u00eate r\u00e9v\u00e8le \u00e0 son tour que les priorit\u00e9s diff\u00e8rent entre les femmes et les hommes : les femmes propri\u00e9taires de petites entreprises mettent l'accent sur l'am\u00e9lioration de l'engagement et de l'exp\u00e9rience des clients (53 %) ainsi que sur l'optimisation de la communication et de la collaboration internes (40 %). Les petits entrepreneurs masculins, en revanche, donnent la priorit\u00e9 \u00e0 l'am\u00e9lioration de l'efficacit\u00e9 (49 %) et \u00e0 l'int\u00e9gration de nouvelles technologies telles que l'IA pour l'innovation (34 %).<\/p>\n<h3><strong>Opportunit\u00e9s de l'IA : les femmes encore plus r\u00e9ticentes que les hommes<\/strong><\/h3>\n<p>Les femmes entrepreneurs se montrent moins confiantes que leurs coll\u00e8gues masculins en ce qui concerne l'int\u00e9gration des technologies d'IA. Selon les derni\u00e8res donn\u00e9es de l'enqu\u00eate, seules 54 % des femmes sont optimistes quant \u00e0 l'int\u00e9gration et au d\u00e9veloppement des technologies d'IA dans leur entreprise, contre 76 % des hommes.<\/p>\n<h3><strong>Focus sur le marketing en ligne<\/strong><\/h3>\n<p>\u00c0 l'approche de 2024, davantage d'entreprises dirig\u00e9es par des femmes ont l'intention d'augmenter leurs investissements dans le marketing en ligne. Selon l'enqu\u00eate GoDaddy, 71 % de ces entreprises pr\u00e9voient d'investir dans ce domaine - une perspective positive pour l'ann\u00e9e 2024.<\/p>\n<p>Alexandra Anderson, directrice marketing DACH chez GoDaddy, commente les r\u00e9sultats de l'\u00e9tude : \"Les r\u00e9sultats de notre enqu\u00eate montrent le potentiel des entreprises dirig\u00e9es par des femmes. Il est important de soutenir les femmes dans la cr\u00e9ation et la gestion d'entreprises, car elles contribuent de mani\u00e8re d\u00e9cisive \u00e0 l'innovation. Chez GoDaddy, nous sommes fiers d'\u00eatre aux c\u00f4t\u00e9s des entrepreneurs et de les aider \u00e0 d\u00e9velopper leur entreprise en leur fournissant les outils appropri\u00e9s\".<\/p>\n<p><em>Source : <a href=\"http:\/\/www.GoDaddy.com\">www.GoDaddy.com<\/a><\/em><\/p>","protected":false},"excerpt":{"rendered":"<p>\u00c0 l'occasion de la Journ\u00e9e internationale de la femme, le 8 mars, GoDaddy, le fournisseur de sites web et de domaines, publie les r\u00e9sultats de sa derni\u00e8re \u00e9tude sur la situation des femmes dans la cr\u00e9ation et la gestion d'entreprise. L'\u00e9tude examine la situation actuelle des petites entreprises dans le monde entier, avec un accent particulier sur les cr\u00e9atrices et les entrepreneuses dans la r\u00e9gion DACH. La principale conclusion est que les femmes cr\u00e9ent des entreprises avec passion et vision.<\/p>","protected":false},"author":58,"featured_media":25721,"comment_status":"closed","ping_status":"closed","sticky":false,"template":"","format":"standard","meta":{"_acf_changed":false,"_yoast_wpseo_focuskw":"Unternehmerinnen","_yoast_wpseo_metadesc":"Anl\u00e4sslich des internationalen Weltfrauentags am 8. M\u00e4rz ver\u00f6ffentlicht GoDaddy, die Ergebnisse seiner aktuellen Studie zur Lage von Frauen in der Unternehmensgr\u00fcndung und -f\u00fchrung.","articlekey":"","footnotes":""},"categories":[28],"tags":[335,424,459,492,500],"class_list":["post-25719","post","type-post","status-publish","format-standard","has-post-thumbnail","hentry","category-management","tag-management-und-unternehmensfuehrung","tag-schweiz","tag-studie","tag-unternehmen","tag-unternehmerin"],"acf":[],"yoast_head":"<!-- This site is optimized with the Yoast SEO plugin v27.5 - https:\/\/yoast.com\/product\/yoast-seo-wordpress\/ -->\n<title>Gr\u00fcnden mit Leidenschaft und Optimismus: So ticken die DACH-Unternehmerinnen - Organisator<\/title>\n<meta name=\"description\" content=\"Anl\u00e4sslich des internationalen Weltfrauentags am 8. M\u00e4rz ver\u00f6ffentlicht GoDaddy, die Ergebnisse seiner aktuellen Studie zur Lage von Frauen in der Unternehmensgr\u00fcndung und -f\u00fchrung.\" \/>\n<meta name=\"robots\" content=\"index, follow, max-snippet:-1, max-image-preview:large, max-video-preview:-1\" \/>\n<link rel=\"canonical\" href=\"https:\/\/www.organisator.ch\/fr\/gestion-2\/2024-03-07\/gruenden-mit-leidenschaft-und-optimismus-so-ticken-die-dach-unternehmerinnen\/\" \/>\n<meta property=\"og:locale\" content=\"fr_FR\" \/>\n<meta property=\"og:type\" content=\"article\" \/>\n<meta property=\"og:title\" content=\"Gr\u00fcnden mit Leidenschaft und Optimismus: So ticken die DACH-Unternehmerinnen\" \/>\n<meta property=\"og:description\" content=\"Anl\u00e4sslich des internationalen Weltfrauentags am 8. M\u00e4rz ver\u00f6ffentlicht GoDaddy, die Ergebnisse seiner aktuellen Studie zur Lage von Frauen in der Unternehmensgr\u00fcndung und -f\u00fchrung.\" \/>\n<meta property=\"og:url\" content=\"https:\/\/www.organisator.ch\/fr\/gestion-2\/2024-03-07\/gruenden-mit-leidenschaft-und-optimismus-so-ticken-die-dach-unternehmerinnen\/\" \/>\n<meta property=\"og:site_name\" content=\"Organisator\" \/>\n<meta property=\"article:publisher\" content=\"https:\/\/www.facebook.com\/OrganisatorFachmagazin\" \/>\n<meta property=\"article:published_time\" content=\"2024-03-07T13:23:02+00:00\" \/>\n<meta property=\"og:image\" content=\"https:\/\/www.organisator.ch\/wp-content\/uploads\/2024\/03\/GoDaddy-Survey_Bild1_ps.jpg\" \/>\n\t<meta property=\"og:image:width\" content=\"680\" \/>\n\t<meta property=\"og:image:height\" content=\"453\" \/>\n\t<meta property=\"og:image:type\" content=\"image\/jpeg\" \/>\n<meta name=\"author\" content=\"Adelisa Kalajdzini\" \/>\n<meta name=\"twitter:card\" content=\"summary_large_image\" \/>\n<meta name=\"twitter:title\" content=\"Gr\u00fcnden mit Leidenschaft und Optimismus: So ticken die DACH-Unternehmerinnen\" \/>\n<meta name=\"twitter:description\" content=\"Anl\u00e4sslich des internationalen Weltfrauentags am 8. M\u00e4rz ver\u00f6ffentlicht #GoDaddy, die Ergebnisse seiner aktuellen #Studie zur Lage von #Frauen in der #Unternehmensgr\u00fcndung und -f\u00fchrung.\" \/>\n<meta name=\"twitter:image\" content=\"https:\/\/www.organisator.ch\/wp-content\/uploads\/2024\/03\/GoDaddy-Survey_Bild1_ps.jpg\" \/>\n<script type=\"application\/ld+json\" class=\"yoast-schema-graph\">{\"@context\":\"https:\\\/\\\/schema.org\",\"@graph\":[{\"@type\":\"Article\",\"@id\":\"https:\\\/\\\/www.organisator.ch\\\/management\\\/2024-03-07\\\/gruenden-mit-leidenschaft-und-optimismus-so-ticken-die-dach-unternehmerinnen\\\/#article\",\"isPartOf\":{\"@id\":\"https:\\\/\\\/www.organisator.ch\\\/management\\\/2024-03-07\\\/gruenden-mit-leidenschaft-und-optimismus-so-ticken-die-dach-unternehmerinnen\\\/\"},\"author\":{\"name\":\"Adelisa Kalajdzini\",\"@id\":\"https:\\\/\\\/www.organisator.ch\\\/#\\\/schema\\\/person\\\/2e1314a2172123f874db408d8911d3f3\"},\"headline\":\"Gr\u00fcnden mit Leidenschaft und Optimismus: So ticken die DACH-Unternehmerinnen\",\"datePublished\":\"2024-03-07T13:23:02+00:00\",\"mainEntityOfPage\":{\"@id\":\"https:\\\/\\\/www.organisator.ch\\\/management\\\/2024-03-07\\\/gruenden-mit-leidenschaft-und-optimismus-so-ticken-die-dach-unternehmerinnen\\\/\"},\"wordCount\":371,\"publisher\":{\"@id\":\"https:\\\/\\\/www.organisator.ch\\\/#organization\"},\"image\":{\"@id\":\"https:\\\/\\\/www.organisator.ch\\\/management\\\/2024-03-07\\\/gruenden-mit-leidenschaft-und-optimismus-so-ticken-die-dach-unternehmerinnen\\\/#primaryimage\"},\"thumbnailUrl\":\"https:\\\/\\\/www.organisator.ch\\\/wp-content\\\/uploads\\\/2024\\\/03\\\/GoDaddy-Survey_Bild1_ps.jpg\",\"keywords\":[\"Management und Unternehmensf\u00fchrung\",\"Schweiz\",\"Studie\",\"Unternehmen\",\"Unternehmerin\"],\"articleSection\":[\"MANAGEMENT\"],\"inLanguage\":\"fr-FR\"},{\"@type\":\"WebPage\",\"@id\":\"https:\\\/\\\/www.organisator.ch\\\/management\\\/2024-03-07\\\/gruenden-mit-leidenschaft-und-optimismus-so-ticken-die-dach-unternehmerinnen\\\/\",\"url\":\"https:\\\/\\\/www.organisator.ch\\\/management\\\/2024-03-07\\\/gruenden-mit-leidenschaft-und-optimismus-so-ticken-die-dach-unternehmerinnen\\\/\",\"name\":\"Gr\u00fcnden mit Leidenschaft und Optimismus: So ticken die DACH-Unternehmerinnen - Organisator\",\"isPartOf\":{\"@id\":\"https:\\\/\\\/www.organisator.ch\\\/#website\"},\"primaryImageOfPage\":{\"@id\":\"https:\\\/\\\/www.organisator.ch\\\/management\\\/2024-03-07\\\/gruenden-mit-leidenschaft-und-optimismus-so-ticken-die-dach-unternehmerinnen\\\/#primaryimage\"},\"image\":{\"@id\":\"https:\\\/\\\/www.organisator.ch\\\/management\\\/2024-03-07\\\/gruenden-mit-leidenschaft-und-optimismus-so-ticken-die-dach-unternehmerinnen\\\/#primaryimage\"},\"thumbnailUrl\":\"https:\\\/\\\/www.organisator.ch\\\/wp-content\\\/uploads\\\/2024\\\/03\\\/GoDaddy-Survey_Bild1_ps.jpg\",\"datePublished\":\"2024-03-07T13:23:02+00:00\",\"description\":\"Anl\u00e4sslich des internationalen Weltfrauentags am 8. M\u00e4rz ver\u00f6ffentlicht GoDaddy, die Ergebnisse seiner aktuellen Studie zur Lage von Frauen in der Unternehmensgr\u00fcndung und -f\u00fchrung.\",\"breadcrumb\":{\"@id\":\"https:\\\/\\\/www.organisator.ch\\\/management\\\/2024-03-07\\\/gruenden-mit-leidenschaft-und-optimismus-so-ticken-die-dach-unternehmerinnen\\\/#breadcrumb\"},\"inLanguage\":\"fr-FR\",\"potentialAction\":[{\"@type\":\"ReadAction\",\"target\":[\"https:\\\/\\\/www.organisator.ch\\\/management\\\/2024-03-07\\\/gruenden-mit-leidenschaft-und-optimismus-so-ticken-die-dach-unternehmerinnen\\\/\"]}]},{\"@type\":\"ImageObject\",\"inLanguage\":\"fr-FR\",\"@id\":\"https:\\\/\\\/www.organisator.ch\\\/management\\\/2024-03-07\\\/gruenden-mit-leidenschaft-und-optimismus-so-ticken-die-dach-unternehmerinnen\\\/#primaryimage\",\"url\":\"https:\\\/\\\/www.organisator.ch\\\/wp-content\\\/uploads\\\/2024\\\/03\\\/GoDaddy-Survey_Bild1_ps.jpg\",\"contentUrl\":\"https:\\\/\\\/www.organisator.ch\\\/wp-content\\\/uploads\\\/2024\\\/03\\\/GoDaddy-Survey_Bild1_ps.jpg\",\"width\":680,\"height\":453,\"caption\":\"Fast die H\u00e4lfte der von Frauen gef\u00fchrten Unternehmen (48 %) erwartet in den n\u00e4chsten 3 bis 5 Jahren ein Wachstum ihres Gesch\u00e4fts. (Bild: www.GoDaddy.com)\"},{\"@type\":\"BreadcrumbList\",\"@id\":\"https:\\\/\\\/www.organisator.ch\\\/management\\\/2024-03-07\\\/gruenden-mit-leidenschaft-und-optimismus-so-ticken-die-dach-unternehmerinnen\\\/#breadcrumb\",\"itemListElement\":[{\"@type\":\"ListItem\",\"position\":1,\"name\":\"Home\",\"item\":\"https:\\\/\\\/www.organisator.ch\\\/\"},{\"@type\":\"ListItem\",\"position\":2,\"name\":\"Gr\u00fcnden mit Leidenschaft und Optimismus: So ticken die DACH-Unternehmerinnen\"}]},{\"@type\":\"WebSite\",\"@id\":\"https:\\\/\\\/www.organisator.ch\\\/#website\",\"url\":\"https:\\\/\\\/www.organisator.ch\\\/\",\"name\":\"Organisator\",\"description\":\"Kompetent. Praxisnah. Der ORGANISATOR bereitet in 10 Ausgaben pro Jahr die wesentlichen Themen f\u00fcr F\u00fchrungskr\u00e4fte von KMU auf.\",\"publisher\":{\"@id\":\"https:\\\/\\\/www.organisator.ch\\\/#organization\"},\"potentialAction\":[{\"@type\":\"SearchAction\",\"target\":{\"@type\":\"EntryPoint\",\"urlTemplate\":\"https:\\\/\\\/www.organisator.ch\\\/?s={search_term_string}\"},\"query-input\":{\"@type\":\"PropertyValueSpecification\",\"valueRequired\":true,\"valueName\":\"search_term_string\"}}],\"inLanguage\":\"fr-FR\"},{\"@type\":\"Organization\",\"@id\":\"https:\\\/\\\/www.organisator.ch\\\/#organization\",\"name\":\"Organisator\",\"url\":\"https:\\\/\\\/www.organisator.ch\\\/\",\"logo\":{\"@type\":\"ImageObject\",\"inLanguage\":\"fr-FR\",\"@id\":\"https:\\\/\\\/www.organisator.ch\\\/#\\\/schema\\\/logo\\\/image\\\/\",\"url\":\"https:\\\/\\\/www.organisator.ch\\\/wp-content\\\/uploads\\\/2022\\\/01\\\/Logo_Organisator_Website.png\",\"contentUrl\":\"https:\\\/\\\/www.organisator.ch\\\/wp-content\\\/uploads\\\/2022\\\/01\\\/Logo_Organisator_Website.png\",\"width\":800,\"height\":77,\"caption\":\"Organisator\"},\"image\":{\"@id\":\"https:\\\/\\\/www.organisator.ch\\\/#\\\/schema\\\/logo\\\/image\\\/\"},\"sameAs\":[\"https:\\\/\\\/www.facebook.com\\\/OrganisatorFachmagazin\",\"https:\\\/\\\/www.linkedin.com\\\/showcase\\\/organisator-das-magazin-fr-kmu\",\"https:\\\/\\\/www.xing.com\\\/news\\\/pages\\\/organisator-ch-695\",\"https:\\\/\\\/www.youtube.com\\\/channel\\\/UCGP2Sq0iWaZwT3BdIAQFYpw\"]},{\"@type\":\"Person\",\"@id\":\"https:\\\/\\\/www.organisator.ch\\\/#\\\/schema\\\/person\\\/2e1314a2172123f874db408d8911d3f3\",\"name\":\"Adelisa Kalajdzini\",\"image\":{\"@type\":\"ImageObject\",\"inLanguage\":\"fr-FR\",\"@id\":\"https:\\\/\\\/secure.gravatar.com\\\/avatar\\\/09a397c22ac58cad6f160ee8306348599df9df58a8ede73696226897b9fa4b24?s=96&d=mm&r=g\",\"url\":\"https:\\\/\\\/secure.gravatar.com\\\/avatar\\\/09a397c22ac58cad6f160ee8306348599df9df58a8ede73696226897b9fa4b24?s=96&d=mm&r=g\",\"contentUrl\":\"https:\\\/\\\/secure.gravatar.com\\\/avatar\\\/09a397c22ac58cad6f160ee8306348599df9df58a8ede73696226897b9fa4b24?s=96&d=mm&r=g\",\"caption\":\"Adelisa Kalajdzini\"},\"url\":\"https:\\\/\\\/www.organisator.ch\\\/fr\\\/author\\\/adelisa-kalajdzini\\\/\"}]}<\/script>\n<!-- \/ Yoast SEO plugin. -->","yoast_head_json":{"title":"Cr\u00e9er avec passion et optimisme : les femmes entrepreneurs de DACH - Organisateur","description":"\u00c0 l'occasion de la Journ\u00e9e internationale de la femme, le 8 mars, GoDaddy, publie les r\u00e9sultats de sa derni\u00e8re \u00e9tude sur la situation des femmes dans la cr\u00e9ation et la gestion d'entreprise.","robots":{"index":"index","follow":"follow","max-snippet":"max-snippet:-1","max-image-preview":"max-image-preview:large","max-video-preview":"max-video-preview:-1"},"canonical":"https:\/\/www.organisator.ch\/fr\/gestion-2\/2024-03-07\/gruenden-mit-leidenschaft-und-optimismus-so-ticken-die-dach-unternehmerinnen\/","og_locale":"fr_FR","og_type":"article","og_title":"Gr\u00fcnden mit Leidenschaft und Optimismus: So ticken die DACH-Unternehmerinnen","og_description":"Anl\u00e4sslich des internationalen Weltfrauentags am 8. M\u00e4rz ver\u00f6ffentlicht GoDaddy, die Ergebnisse seiner aktuellen Studie zur Lage von Frauen in der Unternehmensgr\u00fcndung und -f\u00fchrung.","og_url":"https:\/\/www.organisator.ch\/fr\/gestion-2\/2024-03-07\/gruenden-mit-leidenschaft-und-optimismus-so-ticken-die-dach-unternehmerinnen\/","og_site_name":"Organisator","article_publisher":"https:\/\/www.facebook.com\/OrganisatorFachmagazin","article_published_time":"2024-03-07T13:23:02+00:00","og_image":[{"width":680,"height":453,"url":"https:\/\/www.organisator.ch\/wp-content\/uploads\/2024\/03\/GoDaddy-Survey_Bild1_ps.jpg","type":"image\/jpeg"}],"author":"Adelisa Kalajdzini","twitter_card":"summary_large_image","twitter_title":"Gr\u00fcnden mit Leidenschaft und Optimismus: So ticken die DACH-Unternehmerinnen","twitter_description":"Anl\u00e4sslich des internationalen Weltfrauentags am 8. M\u00e4rz ver\u00f6ffentlicht #GoDaddy, die Ergebnisse seiner aktuellen #Studie zur Lage von #Frauen in der #Unternehmensgr\u00fcndung und -f\u00fchrung.","twitter_image":"https:\/\/www.organisator.ch\/wp-content\/uploads\/2024\/03\/GoDaddy-Survey_Bild1_ps.jpg","schema":{"@context":"https:\/\/schema.org","@graph":[{"@type":"Article","@id":"https:\/\/www.organisator.ch\/management\/2024-03-07\/gruenden-mit-leidenschaft-und-optimismus-so-ticken-die-dach-unternehmerinnen\/#article","isPartOf":{"@id":"https:\/\/www.organisator.ch\/management\/2024-03-07\/gruenden-mit-leidenschaft-und-optimismus-so-ticken-die-dach-unternehmerinnen\/"},"author":{"name":"Adelisa Kalajdzini","@id":"https:\/\/www.organisator.ch\/#\/schema\/person\/2e1314a2172123f874db408d8911d3f3"},"headline":"Gr\u00fcnden mit Leidenschaft und Optimismus: So ticken die DACH-Unternehmerinnen","datePublished":"2024-03-07T13:23:02+00:00","mainEntityOfPage":{"@id":"https:\/\/www.organisator.ch\/management\/2024-03-07\/gruenden-mit-leidenschaft-und-optimismus-so-ticken-die-dach-unternehmerinnen\/"},"wordCount":371,"publisher":{"@id":"https:\/\/www.organisator.ch\/#organization"},"image":{"@id":"https:\/\/www.organisator.ch\/management\/2024-03-07\/gruenden-mit-leidenschaft-und-optimismus-so-ticken-die-dach-unternehmerinnen\/#primaryimage"},"thumbnailUrl":"https:\/\/www.organisator.ch\/wp-content\/uploads\/2024\/03\/GoDaddy-Survey_Bild1_ps.jpg","keywords":["Management und Unternehmensf\u00fchrung","Schweiz","Studie","Unternehmen","Unternehmerin"],"articleSection":["MANAGEMENT"],"inLanguage":"fr-FR"},{"@type":"WebPage","@id":"https:\/\/www.organisator.ch\/management\/2024-03-07\/gruenden-mit-leidenschaft-und-optimismus-so-ticken-die-dach-unternehmerinnen\/","url":"https:\/\/www.organisator.ch\/management\/2024-03-07\/gruenden-mit-leidenschaft-und-optimismus-so-ticken-die-dach-unternehmerinnen\/","name":"Cr\u00e9er avec passion et optimisme : les femmes entrepreneurs de DACH - Organisateur","isPartOf":{"@id":"https:\/\/www.organisator.ch\/#website"},"primaryImageOfPage":{"@id":"https:\/\/www.organisator.ch\/management\/2024-03-07\/gruenden-mit-leidenschaft-und-optimismus-so-ticken-die-dach-unternehmerinnen\/#primaryimage"},"image":{"@id":"https:\/\/www.organisator.ch\/management\/2024-03-07\/gruenden-mit-leidenschaft-und-optimismus-so-ticken-die-dach-unternehmerinnen\/#primaryimage"},"thumbnailUrl":"https:\/\/www.organisator.ch\/wp-content\/uploads\/2024\/03\/GoDaddy-Survey_Bild1_ps.jpg","datePublished":"2024-03-07T13:23:02+00:00","description":"\u00c0 l'occasion de la Journ\u00e9e internationale de la femme, le 8 mars, GoDaddy, publie les r\u00e9sultats de sa derni\u00e8re \u00e9tude sur la situation des femmes dans la cr\u00e9ation et la gestion d'entreprise.","breadcrumb":{"@id":"https:\/\/www.organisator.ch\/management\/2024-03-07\/gruenden-mit-leidenschaft-und-optimismus-so-ticken-die-dach-unternehmerinnen\/#breadcrumb"},"inLanguage":"fr-FR","potentialAction":[{"@type":"ReadAction","target":["https:\/\/www.organisator.ch\/management\/2024-03-07\/gruenden-mit-leidenschaft-und-optimismus-so-ticken-die-dach-unternehmerinnen\/"]}]},{"@type":"ImageObject","inLanguage":"fr-FR","@id":"https:\/\/www.organisator.ch\/management\/2024-03-07\/gruenden-mit-leidenschaft-und-optimismus-so-ticken-die-dach-unternehmerinnen\/#primaryimage","url":"https:\/\/www.organisator.ch\/wp-content\/uploads\/2024\/03\/GoDaddy-Survey_Bild1_ps.jpg","contentUrl":"https:\/\/www.organisator.ch\/wp-content\/uploads\/2024\/03\/GoDaddy-Survey_Bild1_ps.jpg","width":680,"height":453,"caption":"Fast die H\u00e4lfte der von Frauen gef\u00fchrten Unternehmen (48 %) erwartet in den n\u00e4chsten 3 bis 5 Jahren ein Wachstum ihres Gesch\u00e4fts. (Bild: www.GoDaddy.com)"},{"@type":"BreadcrumbList","@id":"https:\/\/www.organisator.ch\/management\/2024-03-07\/gruenden-mit-leidenschaft-und-optimismus-so-ticken-die-dach-unternehmerinnen\/#breadcrumb","itemListElement":[{"@type":"ListItem","position":1,"name":"Home","item":"https:\/\/www.organisator.ch\/"},{"@type":"ListItem","position":2,"name":"Gr\u00fcnden mit Leidenschaft und Optimismus: So ticken die DACH-Unternehmerinnen"}]},{"@type":"WebSite","@id":"https:\/\/www.organisator.ch\/#website","url":"https:\/\/www.organisator.ch\/","name":"Organisateur","description":"Comp\u00e9tence et comp\u00e9tence. Proches de la pratique. L'ORGANISATEUR pr\u00e9pare 10 num\u00e9ros par an sur les th\u00e8mes essentiels pour les dirigeants de PME.","publisher":{"@id":"https:\/\/www.organisator.ch\/#organization"},"potentialAction":[{"@type":"SearchAction","target":{"@type":"EntryPoint","urlTemplate":"https:\/\/www.organisator.ch\/?s={search_term_string}"},"query-input":{"@type":"PropertyValueSpecification","valueRequired":true,"valueName":"search_term_string"}}],"inLanguage":"fr-FR"},{"@type":"Organization","@id":"https:\/\/www.organisator.ch\/#organization","name":"Organisateur","url":"https:\/\/www.organisator.ch\/","logo":{"@type":"ImageObject","inLanguage":"fr-FR","@id":"https:\/\/www.organisator.ch\/#\/schema\/logo\/image\/","url":"https:\/\/www.organisator.ch\/wp-content\/uploads\/2022\/01\/Logo_Organisator_Website.png","contentUrl":"https:\/\/www.organisator.ch\/wp-content\/uploads\/2022\/01\/Logo_Organisator_Website.png","width":800,"height":77,"caption":"Organisator"},"image":{"@id":"https:\/\/www.organisator.ch\/#\/schema\/logo\/image\/"},"sameAs":["https:\/\/www.facebook.com\/OrganisatorFachmagazin","https:\/\/www.linkedin.com\/showcase\/organisator-das-magazin-fr-kmu","https:\/\/www.xing.com\/news\/pages\/organisator-ch-695","https:\/\/www.youtube.com\/channel\/UCGP2Sq0iWaZwT3BdIAQFYpw"]},{"@type":"Person","@id":"https:\/\/www.organisator.ch\/#\/schema\/person\/2e1314a2172123f874db408d8911d3f3","name":"Adelisa Kalajdzini","image":{"@type":"ImageObject","inLanguage":"fr-FR","@id":"https:\/\/secure.gravatar.com\/avatar\/09a397c22ac58cad6f160ee8306348599df9df58a8ede73696226897b9fa4b24?s=96&d=mm&r=g","url":"https:\/\/secure.gravatar.com\/avatar\/09a397c22ac58cad6f160ee8306348599df9df58a8ede73696226897b9fa4b24?s=96&d=mm&r=g","contentUrl":"https:\/\/secure.gravatar.com\/avatar\/09a397c22ac58cad6f160ee8306348599df9df58a8ede73696226897b9fa4b24?s=96&d=mm&r=g","caption":"Adelisa Kalajdzini"},"url":"https:\/\/www.organisator.ch\/fr\/author\/adelisa-kalajdzini\/"}]}},"_links":{"self":[{"href":"https:\/\/www.organisator.ch\/fr\/wp-json\/wp\/v2\/posts\/25719","targetHints":{"allow":["GET"]}}],"collection":[{"href":"https:\/\/www.organisator.ch\/fr\/wp-json\/wp\/v2\/posts"}],"about":[{"href":"https:\/\/www.organisator.ch\/fr\/wp-json\/wp\/v2\/types\/post"}],"author":[{"embeddable":true,"href":"https:\/\/www.organisator.ch\/fr\/wp-json\/wp\/v2\/users\/58"}],"replies":[{"embeddable":true,"href":"https:\/\/www.organisator.ch\/fr\/wp-json\/wp\/v2\/comments?post=25719"}],"version-history":[{"count":5,"href":"https:\/\/www.organisator.ch\/fr\/wp-json\/wp\/v2\/posts\/25719\/revisions"}],"predecessor-version":[{"id":25777,"href":"https:\/\/www.organisator.ch\/fr\/wp-json\/wp\/v2\/posts\/25719\/revisions\/25777"}],"wp:featuredmedia":[{"embeddable":true,"href":"https:\/\/www.organisator.ch\/fr\/wp-json\/wp\/v2\/media\/25721"}],"wp:attachment":[{"href":"https:\/\/www.organisator.ch\/fr\/wp-json\/wp\/v2\/media?parent=25719"}],"wp:term":[{"taxonomy":"category","embeddable":true,"href":"https:\/\/www.organisator.ch\/fr\/wp-json\/wp\/v2\/categories?post=25719"},{"taxonomy":"post_tag","embeddable":true,"href":"https:\/\/www.organisator.ch\/fr\/wp-json\/wp\/v2\/tags?post=25719"}],"curies":[{"name":"wp","href":"https:\/\/api.w.org\/{rel}","templated":true}]}}