{"id":2574,"date":"2019-11-04T15:00:44","date_gmt":"2019-11-04T14:00:44","guid":{"rendered":"https:\/\/www.umweltperspektiven.ch\/?p=2574"},"modified":"2022-02-09T11:06:15","modified_gmt":"2022-02-09T10:06:15","slug":"fossilfreie-mobilitaet-ist-moeglich","status":"publish","type":"post","link":"https:\/\/www.organisator.ch\/fr\/sustainability\/2019-11-04\/fossilfreie-mobilitaet-ist-moeglich\/","title":{"rendered":"Une mobilit\u00e9 sans fossile est possible"},"content":{"rendered":"<div class=\"ws-article-abstract\"><\/div>\n<figure id=\"attachment_2575\" aria-describedby=\"caption-attachment-2575\" style=\"width: 680px\" class=\"wp-caption alignnone\"><img loading=\"lazy\" decoding=\"async\" class=\"size-medium wp-image-2575\" src=\"\/\/www.umweltperspektiven.ch\/wp-content\/uploads\/2019\/11\/fossilfreie-mobilitaet-m\u00f6glich-UP-Umwelt-Perspektiven.jpg\" alt=\"\" width=\"680\" height=\"510\" \/><figcaption id=\"caption-attachment-2575\" class=\"wp-caption-text\">Avec un avion solaire qui doit s'\u00e9lever dans la stratosph\u00e8re, Solarstratos veut montrer le potentiel des propulsions \u00e9lectriques. (Image : Solarstratos)<\/figcaption><\/figure>\n<p>Depuis sa cr\u00e9ation, l'ATE s'engage pour une mobilit\u00e9 respectueuse de l'environnement et du climat. Lors de son r\u00e9cent colloque, l'Association Transports et Environnement a montr\u00e9 qu'il existe d\u00e9j\u00e0 diff\u00e9rentes solutions pour une mobilit\u00e9 sans \u00e9nergies fossiles.<\/p>\n<p><strong>Mod\u00e8les de d\u00e9monstration\u00a0<\/strong><\/p>\n<p>Aucun obstacle insurmontable ne s'oppose \u00e0 la mise en \u0153uvre du tournant \u00e9nerg\u00e9tique dans les transports. Depuis d\u00e9cembre 2018, Bernmobil exploite une ligne de bus avec des bus \u00e9lectriques \u00e0 batterie. Markus Anderegg, responsable de la technique chez Bernmobil, a fait part de ses premi\u00e8res exp\u00e9riences avec cette nouvelle technologie lors du colloque organis\u00e9 par l'ATE au Stade de Suisse \u00e0 Berne.<\/p>\n<p>Elle a un grand potentiel pour remplacer les bus diesel - mais son co\u00fbt \u00e9lev\u00e9 et ses limites en termes d'autonomie sont (encore) des obstacles \u00e0 sa diffusion.<\/p>\n<p>Dr. Philipp Dietrich, CEO de H2 energy, a expliqu\u00e9 dans son expos\u00e9 comment son entreprise fait avancer le d\u00e9veloppement de la mobilit\u00e9 \u00e0 l'hydrog\u00e8ne en Suisse. L'association de promotion H2 Mobilit\u00e4t a \u00e9t\u00e9 cr\u00e9\u00e9e \u00e0 cet effet, \u00e0 laquelle participent \u00e9galement des exploitants de stations-service et des entreprises de transport. En achetant des camions \u00e0 hydrog\u00e8ne et en construisant des stations-service \u00e0 hydrog\u00e8ne, ils veillent \u00e0 la fois \u00e0 l'offre et \u00e0 la demande de cette source d'\u00e9nergie.<\/p>\n<p>Un aper\u00e7u des potentiels techniques \u00e0 long terme de l'\u00e9nergie solaire et des technologies de batteries a \u00e9t\u00e9 pr\u00e9sent\u00e9 par Roland Loos, CEO de Solarstratos. Avec le projet d'un avion solaire biplace qui doit s'\u00e9lever jusqu'\u00e0 la stratosph\u00e8re, Solarstratos veut montrer le potentiel des propulsions \u00e9lectriques dans le transport a\u00e9rien.<\/p>\n<p>Outre les am\u00e9liorations technologiques des propulsions mentionn\u00e9es, l'ATE exige des mesures cons\u00e9quentes pour \u00e9viter le trafic inutile et transf\u00e9rer le plus de trafic possible vers des moyens de transport respectueux de l'environnement - par exemple par des taxes d'incitation sur les carburants fossiles, des parts minimales pour les carburants renouvelables ou des objectifs de flotte plus stricts pour les voitures neuves ainsi que pour les v\u00e9hicules de livraison et les camions.<\/p>\n<p><a href=\"\/\/www.fossilfreie-mobilitaet.ch\/\">www.fossilfreie-mobilitaet.ch<\/a><\/p>","protected":false},"excerpt":{"rendered":"<p>Der VCS setzt sich seit seiner Gr\u00fcndung f\u00fcr umwelt- und klimavertr\u00e4gliche Mobilit\u00e4t ein. An der j\u00fcngsten Fachtagung zeigte der Verkehrs-Club, dass bereits verschiedene L\u00f6sungsans\u00e4tze f\u00fcr eine fossilfreie Mobilit\u00e4t bestehen. Vorzeigemodelle\u00a0 Der Umsetzung der Energiewende im Verkehr stehen keine un\u00fcberwindbaren H\u00fcrden im Weg. Seit Dezember 2018 betreibt Bernmobil eine Buslinie mit batterieelektrischen Bussen. Markus Anderegg, Leiter [&hellip;]<\/p>\n","protected":false},"author":5,"featured_media":2575,"comment_status":"open","ping_status":"open","sticky":false,"template":"","format":"standard","meta":{"_acf_changed":false,"_yoast_wpseo_focuskw":"Mobilit\u00e4t","_yoast_wpseo_metadesc":"An einer Fachtagung \u00fcber Mobilit\u00e4t zeigte der VCS Verkehrs-Club der Schweiz am 24. Oktober 2019 auf, wie die Emissionen im Verkehr gesenkt werden k\u00f6nnen.","articlekey":"","footnotes":""},"categories":[580],"tags":[1006,584,1341,2287,2454],"class_list":["post-2574","post","type-post","status-publish","format-standard","has-post-thumbnail","hentry","category-sustainability","tag-e-mobilitaet","tag-energie","tag-h2","tag-tcs","tag-verkehr"],"acf":[],"yoast_head":"<!-- This site is optimized with the Yoast SEO plugin v27.5 - https:\/\/yoast.com\/product\/yoast-seo-wordpress\/ -->\n<title>Fossilfreie Mobilit\u00e4t ist m\u00f6glich - Organisator<\/title>\n<meta name=\"description\" content=\"An einer Fachtagung \u00fcber Mobilit\u00e4t zeigte der VCS Verkehrs-Club der Schweiz am 24. Oktober 2019 auf, wie die Emissionen im Verkehr gesenkt werden k\u00f6nnen.\" \/>\n<meta name=\"robots\" content=\"index, follow, max-snippet:-1, max-image-preview:large, max-video-preview:-1\" \/>\n<link rel=\"canonical\" href=\"https:\/\/www.organisator.ch\/fr\/sustainability\/2019-11-04\/fossilfreie-mobilitaet-ist-moeglich\/\" \/>\n<meta property=\"og:locale\" content=\"fr_FR\" \/>\n<meta property=\"og:type\" content=\"article\" \/>\n<meta property=\"og:title\" content=\"Fossilfreie Mobilit\u00e4t ist m\u00f6glich - Organisator\" \/>\n<meta property=\"og:description\" content=\"An einer Fachtagung \u00fcber Mobilit\u00e4t zeigte der VCS Verkehrs-Club der Schweiz am 24. Oktober 2019 auf, wie die Emissionen im Verkehr gesenkt werden k\u00f6nnen.\" \/>\n<meta property=\"og:url\" content=\"https:\/\/www.organisator.ch\/fr\/sustainability\/2019-11-04\/fossilfreie-mobilitaet-ist-moeglich\/\" \/>\n<meta property=\"og:site_name\" content=\"Organisator\" \/>\n<meta property=\"article:publisher\" content=\"https:\/\/www.facebook.com\/OrganisatorFachmagazin\" \/>\n<meta property=\"article:published_time\" content=\"2019-11-04T14:00:44+00:00\" \/>\n<meta property=\"article:modified_time\" content=\"2022-02-09T10:06:15+00:00\" \/>\n<meta property=\"og:image\" content=\"https:\/\/www.organisator.ch\/wp-content\/uploads\/2019\/11\/fossilfreie-mobilitaet-moeglich-UP-Umwelt-Perspektiven.jpg\" \/>\n\t<meta property=\"og:image:width\" content=\"1197\" \/>\n\t<meta property=\"og:image:height\" content=\"898\" \/>\n\t<meta property=\"og:image:type\" content=\"image\/jpeg\" \/>\n<meta name=\"author\" content=\"michael.merz\" \/>\n<meta name=\"twitter:card\" content=\"summary_large_image\" \/>\n<script type=\"application\/ld+json\" class=\"yoast-schema-graph\">{\"@context\":\"https:\\\/\\\/schema.org\",\"@graph\":[{\"@type\":\"Article\",\"@id\":\"https:\\\/\\\/www.organisator.ch\\\/sustainability\\\/2019-11-04\\\/fossilfreie-mobilitaet-ist-moeglich\\\/#article\",\"isPartOf\":{\"@id\":\"https:\\\/\\\/www.organisator.ch\\\/sustainability\\\/2019-11-04\\\/fossilfreie-mobilitaet-ist-moeglich\\\/\"},\"author\":{\"name\":\"michael.merz\",\"@id\":\"https:\\\/\\\/www.organisator.ch\\\/#\\\/schema\\\/person\\\/134708ca9321c57b0362cceb7948ffbd\"},\"headline\":\"Fossilfreie Mobilit\u00e4t ist m\u00f6glich\",\"datePublished\":\"2019-11-04T14:00:44+00:00\",\"dateModified\":\"2022-02-09T10:06:15+00:00\",\"mainEntityOfPage\":{\"@id\":\"https:\\\/\\\/www.organisator.ch\\\/sustainability\\\/2019-11-04\\\/fossilfreie-mobilitaet-ist-moeglich\\\/\"},\"wordCount\":305,\"commentCount\":0,\"publisher\":{\"@id\":\"https:\\\/\\\/www.organisator.ch\\\/#organization\"},\"image\":{\"@id\":\"https:\\\/\\\/www.organisator.ch\\\/sustainability\\\/2019-11-04\\\/fossilfreie-mobilitaet-ist-moeglich\\\/#primaryimage\"},\"thumbnailUrl\":\"https:\\\/\\\/www.organisator.ch\\\/wp-content\\\/uploads\\\/2019\\\/11\\\/fossilfreie-mobilitaet-moeglich-UP-Umwelt-Perspektiven.jpg\",\"keywords\":[\"E-Mobilit\u00e4t\",\"ENERGIE\",\"H2\",\"TCS\",\"Verkehr\"],\"articleSection\":[\"SUSTAINABILITY\"],\"inLanguage\":\"fr-FR\"},{\"@type\":\"WebPage\",\"@id\":\"https:\\\/\\\/www.organisator.ch\\\/sustainability\\\/2019-11-04\\\/fossilfreie-mobilitaet-ist-moeglich\\\/\",\"url\":\"https:\\\/\\\/www.organisator.ch\\\/sustainability\\\/2019-11-04\\\/fossilfreie-mobilitaet-ist-moeglich\\\/\",\"name\":\"Fossilfreie Mobilit\u00e4t ist m\u00f6glich - Organisator\",\"isPartOf\":{\"@id\":\"https:\\\/\\\/www.organisator.ch\\\/#website\"},\"primaryImageOfPage\":{\"@id\":\"https:\\\/\\\/www.organisator.ch\\\/sustainability\\\/2019-11-04\\\/fossilfreie-mobilitaet-ist-moeglich\\\/#primaryimage\"},\"image\":{\"@id\":\"https:\\\/\\\/www.organisator.ch\\\/sustainability\\\/2019-11-04\\\/fossilfreie-mobilitaet-ist-moeglich\\\/#primaryimage\"},\"thumbnailUrl\":\"https:\\\/\\\/www.organisator.ch\\\/wp-content\\\/uploads\\\/2019\\\/11\\\/fossilfreie-mobilitaet-moeglich-UP-Umwelt-Perspektiven.jpg\",\"datePublished\":\"2019-11-04T14:00:44+00:00\",\"dateModified\":\"2022-02-09T10:06:15+00:00\",\"description\":\"An einer Fachtagung \u00fcber Mobilit\u00e4t zeigte der VCS Verkehrs-Club der Schweiz am 24. Oktober 2019 auf, wie die Emissionen im Verkehr gesenkt werden k\u00f6nnen.\",\"breadcrumb\":{\"@id\":\"https:\\\/\\\/www.organisator.ch\\\/sustainability\\\/2019-11-04\\\/fossilfreie-mobilitaet-ist-moeglich\\\/#breadcrumb\"},\"inLanguage\":\"fr-FR\",\"potentialAction\":[{\"@type\":\"ReadAction\",\"target\":[\"https:\\\/\\\/www.organisator.ch\\\/sustainability\\\/2019-11-04\\\/fossilfreie-mobilitaet-ist-moeglich\\\/\"]}]},{\"@type\":\"ImageObject\",\"inLanguage\":\"fr-FR\",\"@id\":\"https:\\\/\\\/www.organisator.ch\\\/sustainability\\\/2019-11-04\\\/fossilfreie-mobilitaet-ist-moeglich\\\/#primaryimage\",\"url\":\"https:\\\/\\\/www.organisator.ch\\\/wp-content\\\/uploads\\\/2019\\\/11\\\/fossilfreie-mobilitaet-moeglich-UP-Umwelt-Perspektiven.jpg\",\"contentUrl\":\"https:\\\/\\\/www.organisator.ch\\\/wp-content\\\/uploads\\\/2019\\\/11\\\/fossilfreie-mobilitaet-moeglich-UP-Umwelt-Perspektiven.jpg\",\"width\":1197,\"height\":898,\"caption\":\"Mit einem Solarflugzeug, das in die Stratosph\u00e4re aufsteigen soll, m\u00f6chte Solarstratos das Potential von Elektroantrieben aufzeigen. (Bild: Solarstratos)\"},{\"@type\":\"BreadcrumbList\",\"@id\":\"https:\\\/\\\/www.organisator.ch\\\/sustainability\\\/2019-11-04\\\/fossilfreie-mobilitaet-ist-moeglich\\\/#breadcrumb\",\"itemListElement\":[{\"@type\":\"ListItem\",\"position\":1,\"name\":\"Home\",\"item\":\"https:\\\/\\\/www.organisator.ch\\\/\"},{\"@type\":\"ListItem\",\"position\":2,\"name\":\"Fossilfreie Mobilit\u00e4t ist m\u00f6glich\"}]},{\"@type\":\"WebSite\",\"@id\":\"https:\\\/\\\/www.organisator.ch\\\/#website\",\"url\":\"https:\\\/\\\/www.organisator.ch\\\/\",\"name\":\"Organisator\",\"description\":\"Kompetent. Praxisnah. Der ORGANISATOR bereitet in 10 Ausgaben pro Jahr die wesentlichen Themen f\u00fcr F\u00fchrungskr\u00e4fte von KMU auf.\",\"publisher\":{\"@id\":\"https:\\\/\\\/www.organisator.ch\\\/#organization\"},\"potentialAction\":[{\"@type\":\"SearchAction\",\"target\":{\"@type\":\"EntryPoint\",\"urlTemplate\":\"https:\\\/\\\/www.organisator.ch\\\/?s={search_term_string}\"},\"query-input\":{\"@type\":\"PropertyValueSpecification\",\"valueRequired\":true,\"valueName\":\"search_term_string\"}}],\"inLanguage\":\"fr-FR\"},{\"@type\":\"Organization\",\"@id\":\"https:\\\/\\\/www.organisator.ch\\\/#organization\",\"name\":\"Organisator\",\"url\":\"https:\\\/\\\/www.organisator.ch\\\/\",\"logo\":{\"@type\":\"ImageObject\",\"inLanguage\":\"fr-FR\",\"@id\":\"https:\\\/\\\/www.organisator.ch\\\/#\\\/schema\\\/logo\\\/image\\\/\",\"url\":\"https:\\\/\\\/www.organisator.ch\\\/wp-content\\\/uploads\\\/2022\\\/01\\\/Logo_Organisator_Website.png\",\"contentUrl\":\"https:\\\/\\\/www.organisator.ch\\\/wp-content\\\/uploads\\\/2022\\\/01\\\/Logo_Organisator_Website.png\",\"width\":800,\"height\":77,\"caption\":\"Organisator\"},\"image\":{\"@id\":\"https:\\\/\\\/www.organisator.ch\\\/#\\\/schema\\\/logo\\\/image\\\/\"},\"sameAs\":[\"https:\\\/\\\/www.facebook.com\\\/OrganisatorFachmagazin\",\"https:\\\/\\\/www.linkedin.com\\\/showcase\\\/organisator-das-magazin-fr-kmu\",\"https:\\\/\\\/www.xing.com\\\/news\\\/pages\\\/organisator-ch-695\",\"https:\\\/\\\/www.youtube.com\\\/channel\\\/UCGP2Sq0iWaZwT3BdIAQFYpw\"]},{\"@type\":\"Person\",\"@id\":\"https:\\\/\\\/www.organisator.ch\\\/#\\\/schema\\\/person\\\/134708ca9321c57b0362cceb7948ffbd\",\"name\":\"michael.merz\",\"image\":{\"@type\":\"ImageObject\",\"inLanguage\":\"fr-FR\",\"@id\":\"https:\\\/\\\/secure.gravatar.com\\\/avatar\\\/?s=96&d=mm&r=g\",\"url\":\"https:\\\/\\\/secure.gravatar.com\\\/avatar\\\/?s=96&d=mm&r=g\",\"contentUrl\":\"https:\\\/\\\/secure.gravatar.com\\\/avatar\\\/?s=96&d=mm&r=g\",\"caption\":\"michael.merz\"},\"url\":\"https:\\\/\\\/www.organisator.ch\\\/fr\\\/author\\\/michael-merz\\\/\"}]}<\/script>\n<!-- \/ Yoast SEO plugin. -->","yoast_head_json":{"title":"La mobilit\u00e9 sans fossile est possible - Organisateur","description":"Lors d'un colloque sur la mobilit\u00e9, l'ATE Association transports et environnement a montr\u00e9 le 24 octobre 2019 comment r\u00e9duire les \u00e9missions dans les transports.","robots":{"index":"index","follow":"follow","max-snippet":"max-snippet:-1","max-image-preview":"max-image-preview:large","max-video-preview":"max-video-preview:-1"},"canonical":"https:\/\/www.organisator.ch\/fr\/sustainability\/2019-11-04\/fossilfreie-mobilitaet-ist-moeglich\/","og_locale":"fr_FR","og_type":"article","og_title":"Fossilfreie Mobilit\u00e4t ist m\u00f6glich - Organisator","og_description":"An einer Fachtagung \u00fcber Mobilit\u00e4t zeigte der VCS Verkehrs-Club der Schweiz am 24. Oktober 2019 auf, wie die Emissionen im Verkehr gesenkt werden k\u00f6nnen.","og_url":"https:\/\/www.organisator.ch\/fr\/sustainability\/2019-11-04\/fossilfreie-mobilitaet-ist-moeglich\/","og_site_name":"Organisator","article_publisher":"https:\/\/www.facebook.com\/OrganisatorFachmagazin","article_published_time":"2019-11-04T14:00:44+00:00","article_modified_time":"2022-02-09T10:06:15+00:00","og_image":[{"width":1197,"height":898,"url":"https:\/\/www.organisator.ch\/wp-content\/uploads\/2019\/11\/fossilfreie-mobilitaet-moeglich-UP-Umwelt-Perspektiven.jpg","type":"image\/jpeg"}],"author":"michael.merz","twitter_card":"summary_large_image","schema":{"@context":"https:\/\/schema.org","@graph":[{"@type":"Article","@id":"https:\/\/www.organisator.ch\/sustainability\/2019-11-04\/fossilfreie-mobilitaet-ist-moeglich\/#article","isPartOf":{"@id":"https:\/\/www.organisator.ch\/sustainability\/2019-11-04\/fossilfreie-mobilitaet-ist-moeglich\/"},"author":{"name":"michael.merz","@id":"https:\/\/www.organisator.ch\/#\/schema\/person\/134708ca9321c57b0362cceb7948ffbd"},"headline":"Fossilfreie Mobilit\u00e4t ist m\u00f6glich","datePublished":"2019-11-04T14:00:44+00:00","dateModified":"2022-02-09T10:06:15+00:00","mainEntityOfPage":{"@id":"https:\/\/www.organisator.ch\/sustainability\/2019-11-04\/fossilfreie-mobilitaet-ist-moeglich\/"},"wordCount":305,"commentCount":0,"publisher":{"@id":"https:\/\/www.organisator.ch\/#organization"},"image":{"@id":"https:\/\/www.organisator.ch\/sustainability\/2019-11-04\/fossilfreie-mobilitaet-ist-moeglich\/#primaryimage"},"thumbnailUrl":"https:\/\/www.organisator.ch\/wp-content\/uploads\/2019\/11\/fossilfreie-mobilitaet-moeglich-UP-Umwelt-Perspektiven.jpg","keywords":["E-Mobilit\u00e4t","ENERGIE","H2","TCS","Verkehr"],"articleSection":["SUSTAINABILITY"],"inLanguage":"fr-FR"},{"@type":"WebPage","@id":"https:\/\/www.organisator.ch\/sustainability\/2019-11-04\/fossilfreie-mobilitaet-ist-moeglich\/","url":"https:\/\/www.organisator.ch\/sustainability\/2019-11-04\/fossilfreie-mobilitaet-ist-moeglich\/","name":"La mobilit\u00e9 sans fossile est possible - Organisateur","isPartOf":{"@id":"https:\/\/www.organisator.ch\/#website"},"primaryImageOfPage":{"@id":"https:\/\/www.organisator.ch\/sustainability\/2019-11-04\/fossilfreie-mobilitaet-ist-moeglich\/#primaryimage"},"image":{"@id":"https:\/\/www.organisator.ch\/sustainability\/2019-11-04\/fossilfreie-mobilitaet-ist-moeglich\/#primaryimage"},"thumbnailUrl":"https:\/\/www.organisator.ch\/wp-content\/uploads\/2019\/11\/fossilfreie-mobilitaet-moeglich-UP-Umwelt-Perspektiven.jpg","datePublished":"2019-11-04T14:00:44+00:00","dateModified":"2022-02-09T10:06:15+00:00","description":"Lors d'un colloque sur la mobilit\u00e9, l'ATE Association transports et environnement a montr\u00e9 le 24 octobre 2019 comment r\u00e9duire les \u00e9missions dans les transports.","breadcrumb":{"@id":"https:\/\/www.organisator.ch\/sustainability\/2019-11-04\/fossilfreie-mobilitaet-ist-moeglich\/#breadcrumb"},"inLanguage":"fr-FR","potentialAction":[{"@type":"ReadAction","target":["https:\/\/www.organisator.ch\/sustainability\/2019-11-04\/fossilfreie-mobilitaet-ist-moeglich\/"]}]},{"@type":"ImageObject","inLanguage":"fr-FR","@id":"https:\/\/www.organisator.ch\/sustainability\/2019-11-04\/fossilfreie-mobilitaet-ist-moeglich\/#primaryimage","url":"https:\/\/www.organisator.ch\/wp-content\/uploads\/2019\/11\/fossilfreie-mobilitaet-moeglich-UP-Umwelt-Perspektiven.jpg","contentUrl":"https:\/\/www.organisator.ch\/wp-content\/uploads\/2019\/11\/fossilfreie-mobilitaet-moeglich-UP-Umwelt-Perspektiven.jpg","width":1197,"height":898,"caption":"Mit einem Solarflugzeug, das in die Stratosph\u00e4re aufsteigen soll, m\u00f6chte Solarstratos das Potential von Elektroantrieben aufzeigen. (Bild: Solarstratos)"},{"@type":"BreadcrumbList","@id":"https:\/\/www.organisator.ch\/sustainability\/2019-11-04\/fossilfreie-mobilitaet-ist-moeglich\/#breadcrumb","itemListElement":[{"@type":"ListItem","position":1,"name":"Home","item":"https:\/\/www.organisator.ch\/"},{"@type":"ListItem","position":2,"name":"Fossilfreie Mobilit\u00e4t ist m\u00f6glich"}]},{"@type":"WebSite","@id":"https:\/\/www.organisator.ch\/#website","url":"https:\/\/www.organisator.ch\/","name":"Organisateur","description":"Comp\u00e9tence et comp\u00e9tence. Proches de la pratique. L'ORGANISATEUR pr\u00e9pare 10 num\u00e9ros par an sur les th\u00e8mes essentiels pour les dirigeants de PME.","publisher":{"@id":"https:\/\/www.organisator.ch\/#organization"},"potentialAction":[{"@type":"SearchAction","target":{"@type":"EntryPoint","urlTemplate":"https:\/\/www.organisator.ch\/?s={search_term_string}"},"query-input":{"@type":"PropertyValueSpecification","valueRequired":true,"valueName":"search_term_string"}}],"inLanguage":"fr-FR"},{"@type":"Organization","@id":"https:\/\/www.organisator.ch\/#organization","name":"Organisateur","url":"https:\/\/www.organisator.ch\/","logo":{"@type":"ImageObject","inLanguage":"fr-FR","@id":"https:\/\/www.organisator.ch\/#\/schema\/logo\/image\/","url":"https:\/\/www.organisator.ch\/wp-content\/uploads\/2022\/01\/Logo_Organisator_Website.png","contentUrl":"https:\/\/www.organisator.ch\/wp-content\/uploads\/2022\/01\/Logo_Organisator_Website.png","width":800,"height":77,"caption":"Organisator"},"image":{"@id":"https:\/\/www.organisator.ch\/#\/schema\/logo\/image\/"},"sameAs":["https:\/\/www.facebook.com\/OrganisatorFachmagazin","https:\/\/www.linkedin.com\/showcase\/organisator-das-magazin-fr-kmu","https:\/\/www.xing.com\/news\/pages\/organisator-ch-695","https:\/\/www.youtube.com\/channel\/UCGP2Sq0iWaZwT3BdIAQFYpw"]},{"@type":"Person","@id":"https:\/\/www.organisator.ch\/#\/schema\/person\/134708ca9321c57b0362cceb7948ffbd","name":"michael.merz","image":{"@type":"ImageObject","inLanguage":"fr-FR","@id":"https:\/\/secure.gravatar.com\/avatar\/?s=96&d=mm&r=g","url":"https:\/\/secure.gravatar.com\/avatar\/?s=96&d=mm&r=g","contentUrl":"https:\/\/secure.gravatar.com\/avatar\/?s=96&d=mm&r=g","caption":"michael.merz"},"url":"https:\/\/www.organisator.ch\/fr\/author\/michael-merz\/"}]}},"_links":{"self":[{"href":"https:\/\/www.organisator.ch\/fr\/wp-json\/wp\/v2\/posts\/2574","targetHints":{"allow":["GET"]}}],"collection":[{"href":"https:\/\/www.organisator.ch\/fr\/wp-json\/wp\/v2\/posts"}],"about":[{"href":"https:\/\/www.organisator.ch\/fr\/wp-json\/wp\/v2\/types\/post"}],"author":[{"embeddable":true,"href":"https:\/\/www.organisator.ch\/fr\/wp-json\/wp\/v2\/users\/5"}],"replies":[{"embeddable":true,"href":"https:\/\/www.organisator.ch\/fr\/wp-json\/wp\/v2\/comments?post=2574"}],"version-history":[{"count":1,"href":"https:\/\/www.organisator.ch\/fr\/wp-json\/wp\/v2\/posts\/2574\/revisions"}],"predecessor-version":[{"id":10542,"href":"https:\/\/www.organisator.ch\/fr\/wp-json\/wp\/v2\/posts\/2574\/revisions\/10542"}],"wp:featuredmedia":[{"embeddable":true,"href":"https:\/\/www.organisator.ch\/fr\/wp-json\/wp\/v2\/media\/2575"}],"wp:attachment":[{"href":"https:\/\/www.organisator.ch\/fr\/wp-json\/wp\/v2\/media?parent=2574"}],"wp:term":[{"taxonomy":"category","embeddable":true,"href":"https:\/\/www.organisator.ch\/fr\/wp-json\/wp\/v2\/categories?post=2574"},{"taxonomy":"post_tag","embeddable":true,"href":"https:\/\/www.organisator.ch\/fr\/wp-json\/wp\/v2\/tags?post=2574"}],"curies":[{"name":"wp","href":"https:\/\/api.w.org\/{rel}","templated":true}]}}