{"id":25747,"date":"2024-03-08T10:42:43","date_gmt":"2024-03-08T09:42:43","guid":{"rendered":"https:\/\/www.organisator.ch\/?p=25747"},"modified":"2024-03-07T14:43:37","modified_gmt":"2024-03-07T13:43:37","slug":"fintech-in-der-schweiz-wachstum-trotz-gegenwind","status":"publish","type":"post","link":"https:\/\/www.organisator.ch\/fr\/operational-excellence\/2024-03-08\/fintech-in-der-schweiz-wachstum-trotz-gegenwind\/","title":{"rendered":"FinTech en Suisse : croissance malgr\u00e9 des vents contraires"},"content":{"rendered":"<figure id=\"attachment_25748\" aria-describedby=\"caption-attachment-25748\" style=\"width: 680px\" class=\"wp-caption alignnone\"><img loading=\"lazy\" decoding=\"async\" class=\"size-full wp-image-25748\" src=\"https:\/\/www.organisator.ch\/wp-content\/uploads\/2024\/03\/FinTech_Bild1_ps.jpg\" alt=\"\" width=\"680\" height=\"453\" srcset=\"https:\/\/www.organisator.ch\/wp-content\/uploads\/2024\/03\/FinTech_Bild1_ps.jpg 680w, https:\/\/www.organisator.ch\/wp-content\/uploads\/2024\/03\/FinTech_Bild1_ps-18x12.jpg 18w, https:\/\/www.organisator.ch\/wp-content\/uploads\/2024\/03\/FinTech_Bild1_ps-375x250.jpg 375w, https:\/\/www.organisator.ch\/wp-content\/uploads\/2024\/03\/FinTech_Bild1_ps-525x350.jpg 525w\" sizes=\"auto, (max-width: 680px) 100vw, 680px\" \/><figcaption id=\"caption-attachment-25748\" class=\"wp-caption-text\">Le secteur des FinTech a connu une croissance en 2023, notamment dans le domaine des FinTech durables. (Image : www.pexels.com)<\/figcaption><\/figure>\n<p>Il n'y a jamais eu autant d'entreprises actives dans le secteur FinTech suisse. Il y avait 483 entreprises au total fin 2023. C'est environ onze pour cent de plus que l'ann\u00e9e pr\u00e9c\u00e9dente. Par rapport \u00e0 2015, la taille du secteur a m\u00eame tripl\u00e9, comme le montre la derni\u00e8re \u00e9tude FinTech de la Haute \u00e9cole de Lucerne (HSLU). Pour la premi\u00e8re fois, l'\u00e9tude a \u00e9galement pris en compte le Liechtenstein : 22 entreprises FinTech sont domicili\u00e9es dans la principaut\u00e9.<\/p>\n<figure id=\"attachment_25749\" aria-describedby=\"caption-attachment-25749\" style=\"width: 680px\" class=\"wp-caption alignnone\"><img loading=\"lazy\" decoding=\"async\" class=\"size-full wp-image-25749\" src=\"https:\/\/www.organisator.ch\/wp-content\/uploads\/2024\/03\/Abb1-FinTech-in-Schweiz-und-Liechtenstein_ps.jpg\" alt=\"\" width=\"680\" height=\"401\" srcset=\"https:\/\/www.organisator.ch\/wp-content\/uploads\/2024\/03\/Abb1-FinTech-in-Schweiz-und-Liechtenstein_ps.jpg 680w, https:\/\/www.organisator.ch\/wp-content\/uploads\/2024\/03\/Abb1-FinTech-in-Schweiz-und-Liechtenstein_ps-18x12.jpg 18w, https:\/\/www.organisator.ch\/wp-content\/uploads\/2024\/03\/Abb1-FinTech-in-Schweiz-und-Liechtenstein_ps-375x221.jpg 375w, https:\/\/www.organisator.ch\/wp-content\/uploads\/2024\/03\/Abb1-FinTech-in-Schweiz-und-Liechtenstein_ps-594x350.jpg 594w\" sizes=\"auto, (max-width: 680px) 100vw, 680px\" \/><figcaption id=\"caption-attachment-25749\" class=\"wp-caption-text\">Vue d'ensemble du secteur FinTech suisse et liechtensteinois. (Image : www.hslu.ch)<\/figcaption><\/figure>\n<p>La croissance a \u00e9t\u00e9 particuli\u00e8rement importante pour les entreprises FinTech qui mettent strat\u00e9giquement l'accent sur la durabilit\u00e9. Elles repr\u00e9sentent environ dix pour cent de toutes les FinTech suisses. Leur nombre a augment\u00e9 d'environ 50 pour cent en 2023. \"La croissance des entreprises 'Sustainable FinTech' est plus forte que celle des autres entreprises FinTech\", explique le professeur Thomas Ankenbrand, responsable de l'\u00e9tude. Selon lui, l'int\u00e9r\u00eat des investisseurs pour les possibilit\u00e9s d'investissement durable est \u00e9lev\u00e9. Selon le professeur de la HSLU, l'obligation faite aux banques de demander aux investisseurs priv\u00e9s leurs pr\u00e9f\u00e9rences en mati\u00e8re de durabilit\u00e9 favorise encore cette croissance.<\/p>\n<h3><strong>Attrait de la place \u00e9conomique : la Suisse re\u00e7oit plus de concurrence <\/strong><\/h3>\n<p>Selon Ankenbrand, il y aurait toutefois aussi des tendances au refroidissement : Stockholm a d\u00e9pass\u00e9 Zurich et Gen\u00e8ve dans le classement des sites les plus attractifs pour les entreprises FinTech et les a \u00e9vinc\u00e9es des deuxi\u00e8me et troisi\u00e8me places. En outre, d'autres villes, comme Amsterdam, les ont rejointes. Zurich et Gen\u00e8ve ont donc perdu en comp\u00e9titivit\u00e9 relative. Le responsable de l'\u00e9tude classe : \"Les classements en troisi\u00e8me et quatri\u00e8me position prouvent que les conditions-cadres pour les FinTech en Suisse restent bonnes\". Mais l'\u00e9valuation effectu\u00e9e dans l'\u00e9tude montrerait \u00e9galement que les sites FinTech internationaux de premier plan se sont rapproch\u00e9s de l'attractivit\u00e9 de la Suisse l'ann\u00e9e derni\u00e8re. C'est toujours Singapour qui arrive en t\u00eate du classement, avec une large avance.<\/p>\n<figure id=\"attachment_25750\" aria-describedby=\"caption-attachment-25750\" style=\"width: 680px\" class=\"wp-caption alignnone\"><img loading=\"lazy\" decoding=\"async\" class=\"size-full wp-image-25750\" src=\"https:\/\/www.organisator.ch\/wp-content\/uploads\/2024\/03\/Abb2-FinTech-Hub-Ranking_ps.jpg\" alt=\"\" width=\"680\" height=\"662\" srcset=\"https:\/\/www.organisator.ch\/wp-content\/uploads\/2024\/03\/Abb2-FinTech-Hub-Ranking_ps.jpg 680w, https:\/\/www.organisator.ch\/wp-content\/uploads\/2024\/03\/Abb2-FinTech-Hub-Ranking_ps-12x12.jpg 12w, https:\/\/www.organisator.ch\/wp-content\/uploads\/2024\/03\/Abb2-FinTech-Hub-Ranking_ps-308x300.jpg 308w, https:\/\/www.organisator.ch\/wp-content\/uploads\/2024\/03\/Abb2-FinTech-Hub-Ranking_ps-360x350.jpg 360w\" sizes=\"auto, (max-width: 680px) 100vw, 680px\" \/><figcaption id=\"caption-attachment-25750\" class=\"wp-caption-text\">Classement des FinTech Hub. (Image : www.hslu.ch)<\/figcaption><\/figure>\n<h3><strong>Baisse de l'activit\u00e9 de financement <\/strong><\/h3>\n<p>Les activit\u00e9s de capital-risque sont un autre indice d'une tendance au ralentissement. Le financement des entreprises FinTech a diminu\u00e9 en 2023, tant en volume qu'en nombre de transactions. Au total, 457 millions de francs suisses ont \u00e9t\u00e9 inject\u00e9s dans le secteur FinTech suisse au cours de 68 tours de financement. L'ann\u00e9e pr\u00e9c\u00e9dente, ce chiffre \u00e9tait de 605 millions de francs suisses pour 84 tours de financement. Le volume de financement a donc diminu\u00e9 d'environ un quart. Selon le responsable de l'\u00e9tude, on ne pourra toutefois dire que dans les prochaines ann\u00e9es si ce recul est un ralentissement structurel ou s'il est d\u00fb \u00e0 un effet temporaire des taux d'int\u00e9r\u00eat.<\/p>\n<figure id=\"attachment_25751\" aria-describedby=\"caption-attachment-25751\" style=\"width: 680px\" class=\"wp-caption alignnone\"><img loading=\"lazy\" decoding=\"async\" class=\"size-full wp-image-25751\" src=\"https:\/\/www.organisator.ch\/wp-content\/uploads\/2024\/03\/Abb3-Venture-Capital_ps.jpg\" alt=\"\" width=\"680\" height=\"398\" srcset=\"https:\/\/www.organisator.ch\/wp-content\/uploads\/2024\/03\/Abb3-Venture-Capital_ps.jpg 680w, https:\/\/www.organisator.ch\/wp-content\/uploads\/2024\/03\/Abb3-Venture-Capital_ps-18x12.jpg 18w, https:\/\/www.organisator.ch\/wp-content\/uploads\/2024\/03\/Abb3-Venture-Capital_ps-375x219.jpg 375w, https:\/\/www.organisator.ch\/wp-content\/uploads\/2024\/03\/Abb3-Venture-Capital_ps-598x350.jpg 598w\" sizes=\"auto, (max-width: 680px) 100vw, 680px\" \/><figcaption id=\"caption-attachment-25751\" class=\"wp-caption-text\">Activit\u00e9 de capital-risque dans le secteur FinTech suisse. (Image : www.hslu.ch)<\/figcaption><\/figure>\n<h3><strong>IA : un grand potentiel pour le secteur FinTech <\/strong><\/h3>\n<p>\"Bien que les FinTech soient pass\u00e9es d'un march\u00e9 de niche \u00e0 un fournisseur important d'innovations pour les prestataires de services financiers traditionnels, leur potentiel d'optimisation de la cha\u00eene de valeur financi\u00e8re n'est pas encore \u00e9puis\u00e9\", explique Ankenbrand. Des solutions pour l'int\u00e9gration sans faille de services financiers dans diff\u00e9rents domaines d'application (\"Embedded Finance\") ont \u00e9t\u00e9 mises en \u0153uvre de mani\u00e8re isol\u00e9e.<\/p>\n<p>Le professeur de la HSLU voit un grand potentiel pour le secteur financier dans le domaine de l'intelligence artificielle. Une adaptation dynamique aux nouveaux d\u00e9veloppements technologiques apporterait des avantages \u00e0 la Suisse et au secteur FinTech local.<\/p>\n<p><em>Source : <a href=\"http:\/\/www.hslu.ch\">www.hslu.ch<\/a><\/em><\/p>","protected":false},"excerpt":{"rendered":"<p>Le secteur FinTech suisse a continu\u00e9 de cro\u00eetre en 2023, en particulier dans le domaine des entreprises FinTech durables. Mais avec le recul des activit\u00e9s de financement et la baisse de l'attractivit\u00e9 du site, certaines tendances au ralentissement se font jour. Telle est la conclusion de la derni\u00e8re \u00e9tude FinTech r\u00e9alis\u00e9e par la Haute \u00e9cole de Lucerne.<\/p>","protected":false},"author":58,"featured_media":25748,"comment_status":"closed","ping_status":"closed","sticky":false,"template":"","format":"standard","meta":{"_acf_changed":false,"_yoast_wpseo_focuskw":"FinTech-Branche","_yoast_wpseo_metadesc":"Die Schweizer FinTech-Branche ist auch 2023 gewachsen, insbesondere im Bereich der nachhaltigen FinTech-Unternehmen.","articlekey":"","footnotes":""},"categories":[582,580],"tags":[204,4138,424,492,2576],"class_list":["post-25747","post","type-post","status-publish","format-standard","has-post-thumbnail","hentry","category-operational-excellence","category-sustainability","tag-fintech","tag-nachhaltig","tag-schweiz","tag-unternehmen","tag-wirtschaft"],"acf":[],"yoast_head":"<!-- This site is optimized with the Yoast SEO plugin v27.5 - https:\/\/yoast.com\/product\/yoast-seo-wordpress\/ -->\n<title>FinTech in der Schweiz: Wachstum trotz Gegenwind - Organisator<\/title>\n<meta name=\"description\" content=\"Die Schweizer FinTech-Branche ist auch 2023 gewachsen, insbesondere im Bereich der nachhaltigen FinTech-Unternehmen.\" \/>\n<meta name=\"robots\" content=\"index, follow, max-snippet:-1, max-image-preview:large, max-video-preview:-1\" \/>\n<link rel=\"canonical\" href=\"https:\/\/www.organisator.ch\/fr\/excellence-operationnelle\/2024-03-08\/fintech-in-der-schweiz-wachstum-trotz-gegenwind\/\" \/>\n<meta property=\"og:locale\" content=\"fr_FR\" \/>\n<meta property=\"og:type\" content=\"article\" \/>\n<meta property=\"og:title\" content=\"FinTech in der Schweiz: Wachstum trotz Gegenwind\" \/>\n<meta property=\"og:description\" content=\"Die Schweizer FinTech-Branche ist auch 2023 gewachsen, insbesondere im Bereich der nachhaltigen FinTech-Unternehmen.\" \/>\n<meta property=\"og:url\" content=\"https:\/\/www.organisator.ch\/fr\/excellence-operationnelle\/2024-03-08\/fintech-in-der-schweiz-wachstum-trotz-gegenwind\/\" \/>\n<meta property=\"og:site_name\" content=\"Organisator\" \/>\n<meta property=\"article:publisher\" content=\"https:\/\/www.facebook.com\/OrganisatorFachmagazin\" \/>\n<meta property=\"article:published_time\" content=\"2024-03-08T09:42:43+00:00\" \/>\n<meta property=\"og:image\" content=\"https:\/\/www.organisator.ch\/wp-content\/uploads\/2024\/03\/FinTech_Bild1_ps.jpg\" \/>\n\t<meta property=\"og:image:width\" content=\"680\" \/>\n\t<meta property=\"og:image:height\" content=\"453\" \/>\n\t<meta property=\"og:image:type\" content=\"image\/jpeg\" \/>\n<meta name=\"author\" content=\"Adelisa Kalajdzini\" \/>\n<meta name=\"twitter:card\" content=\"summary_large_image\" \/>\n<meta name=\"twitter:title\" content=\"FinTech in der Schweiz: Wachstum trotz Gegenwind\" \/>\n<meta name=\"twitter:description\" content=\"Die Schweizer #FinTech-Branche ist auch 2023 gewachsen, insbesondere im Bereich der #nachhaltigen #FinTech-Unternehmen.\" \/>\n<meta name=\"twitter:image\" content=\"https:\/\/www.organisator.ch\/wp-content\/uploads\/2024\/03\/FinTech_Bild1_ps.jpg\" \/>\n<script type=\"application\/ld+json\" class=\"yoast-schema-graph\">{\"@context\":\"https:\\\/\\\/schema.org\",\"@graph\":[{\"@type\":\"Article\",\"@id\":\"https:\\\/\\\/www.organisator.ch\\\/operational-excellence\\\/2024-03-08\\\/fintech-in-der-schweiz-wachstum-trotz-gegenwind\\\/#article\",\"isPartOf\":{\"@id\":\"https:\\\/\\\/www.organisator.ch\\\/operational-excellence\\\/2024-03-08\\\/fintech-in-der-schweiz-wachstum-trotz-gegenwind\\\/\"},\"author\":{\"name\":\"Adelisa Kalajdzini\",\"@id\":\"https:\\\/\\\/www.organisator.ch\\\/#\\\/schema\\\/person\\\/2e1314a2172123f874db408d8911d3f3\"},\"headline\":\"FinTech in der Schweiz: Wachstum trotz Gegenwind\",\"datePublished\":\"2024-03-08T09:42:43+00:00\",\"mainEntityOfPage\":{\"@id\":\"https:\\\/\\\/www.organisator.ch\\\/operational-excellence\\\/2024-03-08\\\/fintech-in-der-schweiz-wachstum-trotz-gegenwind\\\/\"},\"wordCount\":533,\"publisher\":{\"@id\":\"https:\\\/\\\/www.organisator.ch\\\/#organization\"},\"image\":{\"@id\":\"https:\\\/\\\/www.organisator.ch\\\/operational-excellence\\\/2024-03-08\\\/fintech-in-der-schweiz-wachstum-trotz-gegenwind\\\/#primaryimage\"},\"thumbnailUrl\":\"https:\\\/\\\/www.organisator.ch\\\/wp-content\\\/uploads\\\/2024\\\/03\\\/FinTech_Bild1_ps.jpg\",\"keywords\":[\"FinTech\",\"Nachhaltig\",\"Schweiz\",\"Unternehmen\",\"Wirtschaft\"],\"articleSection\":[\"OPERATIONAL EXCELLENCE\",\"SUSTAINABILITY\"],\"inLanguage\":\"fr-FR\"},{\"@type\":\"WebPage\",\"@id\":\"https:\\\/\\\/www.organisator.ch\\\/operational-excellence\\\/2024-03-08\\\/fintech-in-der-schweiz-wachstum-trotz-gegenwind\\\/\",\"url\":\"https:\\\/\\\/www.organisator.ch\\\/operational-excellence\\\/2024-03-08\\\/fintech-in-der-schweiz-wachstum-trotz-gegenwind\\\/\",\"name\":\"FinTech in der Schweiz: Wachstum trotz Gegenwind - Organisator\",\"isPartOf\":{\"@id\":\"https:\\\/\\\/www.organisator.ch\\\/#website\"},\"primaryImageOfPage\":{\"@id\":\"https:\\\/\\\/www.organisator.ch\\\/operational-excellence\\\/2024-03-08\\\/fintech-in-der-schweiz-wachstum-trotz-gegenwind\\\/#primaryimage\"},\"image\":{\"@id\":\"https:\\\/\\\/www.organisator.ch\\\/operational-excellence\\\/2024-03-08\\\/fintech-in-der-schweiz-wachstum-trotz-gegenwind\\\/#primaryimage\"},\"thumbnailUrl\":\"https:\\\/\\\/www.organisator.ch\\\/wp-content\\\/uploads\\\/2024\\\/03\\\/FinTech_Bild1_ps.jpg\",\"datePublished\":\"2024-03-08T09:42:43+00:00\",\"description\":\"Die Schweizer FinTech-Branche ist auch 2023 gewachsen, insbesondere im Bereich der nachhaltigen FinTech-Unternehmen.\",\"breadcrumb\":{\"@id\":\"https:\\\/\\\/www.organisator.ch\\\/operational-excellence\\\/2024-03-08\\\/fintech-in-der-schweiz-wachstum-trotz-gegenwind\\\/#breadcrumb\"},\"inLanguage\":\"fr-FR\",\"potentialAction\":[{\"@type\":\"ReadAction\",\"target\":[\"https:\\\/\\\/www.organisator.ch\\\/operational-excellence\\\/2024-03-08\\\/fintech-in-der-schweiz-wachstum-trotz-gegenwind\\\/\"]}]},{\"@type\":\"ImageObject\",\"inLanguage\":\"fr-FR\",\"@id\":\"https:\\\/\\\/www.organisator.ch\\\/operational-excellence\\\/2024-03-08\\\/fintech-in-der-schweiz-wachstum-trotz-gegenwind\\\/#primaryimage\",\"url\":\"https:\\\/\\\/www.organisator.ch\\\/wp-content\\\/uploads\\\/2024\\\/03\\\/FinTech_Bild1_ps.jpg\",\"contentUrl\":\"https:\\\/\\\/www.organisator.ch\\\/wp-content\\\/uploads\\\/2024\\\/03\\\/FinTech_Bild1_ps.jpg\",\"width\":680,\"height\":453,\"caption\":\"Die FinTech-Branche ist im Jahr 2023 gewachsen, insbesondere im Bereich der nachhaltigen FinTech-Unternehmen. (Bild: www.pexels.com)\"},{\"@type\":\"BreadcrumbList\",\"@id\":\"https:\\\/\\\/www.organisator.ch\\\/operational-excellence\\\/2024-03-08\\\/fintech-in-der-schweiz-wachstum-trotz-gegenwind\\\/#breadcrumb\",\"itemListElement\":[{\"@type\":\"ListItem\",\"position\":1,\"name\":\"Home\",\"item\":\"https:\\\/\\\/www.organisator.ch\\\/\"},{\"@type\":\"ListItem\",\"position\":2,\"name\":\"FinTech in der Schweiz: Wachstum trotz Gegenwind\"}]},{\"@type\":\"WebSite\",\"@id\":\"https:\\\/\\\/www.organisator.ch\\\/#website\",\"url\":\"https:\\\/\\\/www.organisator.ch\\\/\",\"name\":\"Organisator\",\"description\":\"Kompetent. Praxisnah. Der ORGANISATOR bereitet in 10 Ausgaben pro Jahr die wesentlichen Themen f\u00fcr F\u00fchrungskr\u00e4fte von KMU auf.\",\"publisher\":{\"@id\":\"https:\\\/\\\/www.organisator.ch\\\/#organization\"},\"potentialAction\":[{\"@type\":\"SearchAction\",\"target\":{\"@type\":\"EntryPoint\",\"urlTemplate\":\"https:\\\/\\\/www.organisator.ch\\\/?s={search_term_string}\"},\"query-input\":{\"@type\":\"PropertyValueSpecification\",\"valueRequired\":true,\"valueName\":\"search_term_string\"}}],\"inLanguage\":\"fr-FR\"},{\"@type\":\"Organization\",\"@id\":\"https:\\\/\\\/www.organisator.ch\\\/#organization\",\"name\":\"Organisator\",\"url\":\"https:\\\/\\\/www.organisator.ch\\\/\",\"logo\":{\"@type\":\"ImageObject\",\"inLanguage\":\"fr-FR\",\"@id\":\"https:\\\/\\\/www.organisator.ch\\\/#\\\/schema\\\/logo\\\/image\\\/\",\"url\":\"https:\\\/\\\/www.organisator.ch\\\/wp-content\\\/uploads\\\/2022\\\/01\\\/Logo_Organisator_Website.png\",\"contentUrl\":\"https:\\\/\\\/www.organisator.ch\\\/wp-content\\\/uploads\\\/2022\\\/01\\\/Logo_Organisator_Website.png\",\"width\":800,\"height\":77,\"caption\":\"Organisator\"},\"image\":{\"@id\":\"https:\\\/\\\/www.organisator.ch\\\/#\\\/schema\\\/logo\\\/image\\\/\"},\"sameAs\":[\"https:\\\/\\\/www.facebook.com\\\/OrganisatorFachmagazin\",\"https:\\\/\\\/www.linkedin.com\\\/showcase\\\/organisator-das-magazin-fr-kmu\",\"https:\\\/\\\/www.xing.com\\\/news\\\/pages\\\/organisator-ch-695\",\"https:\\\/\\\/www.youtube.com\\\/channel\\\/UCGP2Sq0iWaZwT3BdIAQFYpw\"]},{\"@type\":\"Person\",\"@id\":\"https:\\\/\\\/www.organisator.ch\\\/#\\\/schema\\\/person\\\/2e1314a2172123f874db408d8911d3f3\",\"name\":\"Adelisa Kalajdzini\",\"image\":{\"@type\":\"ImageObject\",\"inLanguage\":\"fr-FR\",\"@id\":\"https:\\\/\\\/secure.gravatar.com\\\/avatar\\\/09a397c22ac58cad6f160ee8306348599df9df58a8ede73696226897b9fa4b24?s=96&d=mm&r=g\",\"url\":\"https:\\\/\\\/secure.gravatar.com\\\/avatar\\\/09a397c22ac58cad6f160ee8306348599df9df58a8ede73696226897b9fa4b24?s=96&d=mm&r=g\",\"contentUrl\":\"https:\\\/\\\/secure.gravatar.com\\\/avatar\\\/09a397c22ac58cad6f160ee8306348599df9df58a8ede73696226897b9fa4b24?s=96&d=mm&r=g\",\"caption\":\"Adelisa Kalajdzini\"},\"url\":\"https:\\\/\\\/www.organisator.ch\\\/fr\\\/author\\\/adelisa-kalajdzini\\\/\"}]}<\/script>\n<!-- \/ Yoast SEO plugin. -->","yoast_head_json":{"title":"FinTech en Suisse : croissance malgr\u00e9 des vents contraires - Organisateur","description":"En 2023, le secteur suisse des FinTech a continu\u00e9 de cro\u00eetre, en particulier dans le domaine des FinTech durables.","robots":{"index":"index","follow":"follow","max-snippet":"max-snippet:-1","max-image-preview":"max-image-preview:large","max-video-preview":"max-video-preview:-1"},"canonical":"https:\/\/www.organisator.ch\/fr\/excellence-operationnelle\/2024-03-08\/fintech-in-der-schweiz-wachstum-trotz-gegenwind\/","og_locale":"fr_FR","og_type":"article","og_title":"FinTech in der Schweiz: Wachstum trotz Gegenwind","og_description":"Die Schweizer FinTech-Branche ist auch 2023 gewachsen, insbesondere im Bereich der nachhaltigen FinTech-Unternehmen.","og_url":"https:\/\/www.organisator.ch\/fr\/excellence-operationnelle\/2024-03-08\/fintech-in-der-schweiz-wachstum-trotz-gegenwind\/","og_site_name":"Organisator","article_publisher":"https:\/\/www.facebook.com\/OrganisatorFachmagazin","article_published_time":"2024-03-08T09:42:43+00:00","og_image":[{"width":680,"height":453,"url":"https:\/\/www.organisator.ch\/wp-content\/uploads\/2024\/03\/FinTech_Bild1_ps.jpg","type":"image\/jpeg"}],"author":"Adelisa Kalajdzini","twitter_card":"summary_large_image","twitter_title":"FinTech in der Schweiz: Wachstum trotz Gegenwind","twitter_description":"Die Schweizer #FinTech-Branche ist auch 2023 gewachsen, insbesondere im Bereich der #nachhaltigen #FinTech-Unternehmen.","twitter_image":"https:\/\/www.organisator.ch\/wp-content\/uploads\/2024\/03\/FinTech_Bild1_ps.jpg","schema":{"@context":"https:\/\/schema.org","@graph":[{"@type":"Article","@id":"https:\/\/www.organisator.ch\/operational-excellence\/2024-03-08\/fintech-in-der-schweiz-wachstum-trotz-gegenwind\/#article","isPartOf":{"@id":"https:\/\/www.organisator.ch\/operational-excellence\/2024-03-08\/fintech-in-der-schweiz-wachstum-trotz-gegenwind\/"},"author":{"name":"Adelisa Kalajdzini","@id":"https:\/\/www.organisator.ch\/#\/schema\/person\/2e1314a2172123f874db408d8911d3f3"},"headline":"FinTech in der Schweiz: Wachstum trotz Gegenwind","datePublished":"2024-03-08T09:42:43+00:00","mainEntityOfPage":{"@id":"https:\/\/www.organisator.ch\/operational-excellence\/2024-03-08\/fintech-in-der-schweiz-wachstum-trotz-gegenwind\/"},"wordCount":533,"publisher":{"@id":"https:\/\/www.organisator.ch\/#organization"},"image":{"@id":"https:\/\/www.organisator.ch\/operational-excellence\/2024-03-08\/fintech-in-der-schweiz-wachstum-trotz-gegenwind\/#primaryimage"},"thumbnailUrl":"https:\/\/www.organisator.ch\/wp-content\/uploads\/2024\/03\/FinTech_Bild1_ps.jpg","keywords":["FinTech","Nachhaltig","Schweiz","Unternehmen","Wirtschaft"],"articleSection":["OPERATIONAL EXCELLENCE","SUSTAINABILITY"],"inLanguage":"fr-FR"},{"@type":"WebPage","@id":"https:\/\/www.organisator.ch\/operational-excellence\/2024-03-08\/fintech-in-der-schweiz-wachstum-trotz-gegenwind\/","url":"https:\/\/www.organisator.ch\/operational-excellence\/2024-03-08\/fintech-in-der-schweiz-wachstum-trotz-gegenwind\/","name":"FinTech en Suisse : croissance malgr\u00e9 des vents contraires - Organisateur","isPartOf":{"@id":"https:\/\/www.organisator.ch\/#website"},"primaryImageOfPage":{"@id":"https:\/\/www.organisator.ch\/operational-excellence\/2024-03-08\/fintech-in-der-schweiz-wachstum-trotz-gegenwind\/#primaryimage"},"image":{"@id":"https:\/\/www.organisator.ch\/operational-excellence\/2024-03-08\/fintech-in-der-schweiz-wachstum-trotz-gegenwind\/#primaryimage"},"thumbnailUrl":"https:\/\/www.organisator.ch\/wp-content\/uploads\/2024\/03\/FinTech_Bild1_ps.jpg","datePublished":"2024-03-08T09:42:43+00:00","description":"En 2023, le secteur suisse des FinTech a continu\u00e9 de cro\u00eetre, en particulier dans le domaine des FinTech durables.","breadcrumb":{"@id":"https:\/\/www.organisator.ch\/operational-excellence\/2024-03-08\/fintech-in-der-schweiz-wachstum-trotz-gegenwind\/#breadcrumb"},"inLanguage":"fr-FR","potentialAction":[{"@type":"ReadAction","target":["https:\/\/www.organisator.ch\/operational-excellence\/2024-03-08\/fintech-in-der-schweiz-wachstum-trotz-gegenwind\/"]}]},{"@type":"ImageObject","inLanguage":"fr-FR","@id":"https:\/\/www.organisator.ch\/operational-excellence\/2024-03-08\/fintech-in-der-schweiz-wachstum-trotz-gegenwind\/#primaryimage","url":"https:\/\/www.organisator.ch\/wp-content\/uploads\/2024\/03\/FinTech_Bild1_ps.jpg","contentUrl":"https:\/\/www.organisator.ch\/wp-content\/uploads\/2024\/03\/FinTech_Bild1_ps.jpg","width":680,"height":453,"caption":"Die FinTech-Branche ist im Jahr 2023 gewachsen, insbesondere im Bereich der nachhaltigen FinTech-Unternehmen. (Bild: www.pexels.com)"},{"@type":"BreadcrumbList","@id":"https:\/\/www.organisator.ch\/operational-excellence\/2024-03-08\/fintech-in-der-schweiz-wachstum-trotz-gegenwind\/#breadcrumb","itemListElement":[{"@type":"ListItem","position":1,"name":"Home","item":"https:\/\/www.organisator.ch\/"},{"@type":"ListItem","position":2,"name":"FinTech in der Schweiz: Wachstum trotz Gegenwind"}]},{"@type":"WebSite","@id":"https:\/\/www.organisator.ch\/#website","url":"https:\/\/www.organisator.ch\/","name":"Organisateur","description":"Comp\u00e9tence et comp\u00e9tence. Proches de la pratique. L'ORGANISATEUR pr\u00e9pare 10 num\u00e9ros par an sur les th\u00e8mes essentiels pour les dirigeants de PME.","publisher":{"@id":"https:\/\/www.organisator.ch\/#organization"},"potentialAction":[{"@type":"SearchAction","target":{"@type":"EntryPoint","urlTemplate":"https:\/\/www.organisator.ch\/?s={search_term_string}"},"query-input":{"@type":"PropertyValueSpecification","valueRequired":true,"valueName":"search_term_string"}}],"inLanguage":"fr-FR"},{"@type":"Organization","@id":"https:\/\/www.organisator.ch\/#organization","name":"Organisateur","url":"https:\/\/www.organisator.ch\/","logo":{"@type":"ImageObject","inLanguage":"fr-FR","@id":"https:\/\/www.organisator.ch\/#\/schema\/logo\/image\/","url":"https:\/\/www.organisator.ch\/wp-content\/uploads\/2022\/01\/Logo_Organisator_Website.png","contentUrl":"https:\/\/www.organisator.ch\/wp-content\/uploads\/2022\/01\/Logo_Organisator_Website.png","width":800,"height":77,"caption":"Organisator"},"image":{"@id":"https:\/\/www.organisator.ch\/#\/schema\/logo\/image\/"},"sameAs":["https:\/\/www.facebook.com\/OrganisatorFachmagazin","https:\/\/www.linkedin.com\/showcase\/organisator-das-magazin-fr-kmu","https:\/\/www.xing.com\/news\/pages\/organisator-ch-695","https:\/\/www.youtube.com\/channel\/UCGP2Sq0iWaZwT3BdIAQFYpw"]},{"@type":"Person","@id":"https:\/\/www.organisator.ch\/#\/schema\/person\/2e1314a2172123f874db408d8911d3f3","name":"Adelisa Kalajdzini","image":{"@type":"ImageObject","inLanguage":"fr-FR","@id":"https:\/\/secure.gravatar.com\/avatar\/09a397c22ac58cad6f160ee8306348599df9df58a8ede73696226897b9fa4b24?s=96&d=mm&r=g","url":"https:\/\/secure.gravatar.com\/avatar\/09a397c22ac58cad6f160ee8306348599df9df58a8ede73696226897b9fa4b24?s=96&d=mm&r=g","contentUrl":"https:\/\/secure.gravatar.com\/avatar\/09a397c22ac58cad6f160ee8306348599df9df58a8ede73696226897b9fa4b24?s=96&d=mm&r=g","caption":"Adelisa Kalajdzini"},"url":"https:\/\/www.organisator.ch\/fr\/author\/adelisa-kalajdzini\/"}]}},"_links":{"self":[{"href":"https:\/\/www.organisator.ch\/fr\/wp-json\/wp\/v2\/posts\/25747","targetHints":{"allow":["GET"]}}],"collection":[{"href":"https:\/\/www.organisator.ch\/fr\/wp-json\/wp\/v2\/posts"}],"about":[{"href":"https:\/\/www.organisator.ch\/fr\/wp-json\/wp\/v2\/types\/post"}],"author":[{"embeddable":true,"href":"https:\/\/www.organisator.ch\/fr\/wp-json\/wp\/v2\/users\/58"}],"replies":[{"embeddable":true,"href":"https:\/\/www.organisator.ch\/fr\/wp-json\/wp\/v2\/comments?post=25747"}],"version-history":[{"count":3,"href":"https:\/\/www.organisator.ch\/fr\/wp-json\/wp\/v2\/posts\/25747\/revisions"}],"predecessor-version":[{"id":25795,"href":"https:\/\/www.organisator.ch\/fr\/wp-json\/wp\/v2\/posts\/25747\/revisions\/25795"}],"wp:featuredmedia":[{"embeddable":true,"href":"https:\/\/www.organisator.ch\/fr\/wp-json\/wp\/v2\/media\/25748"}],"wp:attachment":[{"href":"https:\/\/www.organisator.ch\/fr\/wp-json\/wp\/v2\/media?parent=25747"}],"wp:term":[{"taxonomy":"category","embeddable":true,"href":"https:\/\/www.organisator.ch\/fr\/wp-json\/wp\/v2\/categories?post=25747"},{"taxonomy":"post_tag","embeddable":true,"href":"https:\/\/www.organisator.ch\/fr\/wp-json\/wp\/v2\/tags?post=25747"}],"curies":[{"name":"wp","href":"https:\/\/api.w.org\/{rel}","templated":true}]}}