{"id":25753,"date":"2024-03-08T08:36:44","date_gmt":"2024-03-08T07:36:44","guid":{"rendered":"https:\/\/www.organisator.ch\/?p=25753"},"modified":"2024-03-08T08:36:44","modified_gmt":"2024-03-08T07:36:44","slug":"gewinner-des-prix-svc-ostschweiz-2024-zindel-united","status":"publish","type":"post","link":"https:\/\/www.organisator.ch\/fr\/management\/2024-03-08\/gewinner-des-prix-svc-ostschweiz-2024-zindel-united\/","title":{"rendered":"Gagnant du Prix SVC Ostschweiz 2024 : Zindel United"},"content":{"rendered":"<figure id=\"attachment_25759\" aria-describedby=\"caption-attachment-25759\" style=\"width: 680px\" class=\"wp-caption alignnone\"><img loading=\"lazy\" decoding=\"async\" class=\"size-full wp-image-25759\" src=\"https:\/\/www.organisator.ch\/wp-content\/uploads\/2024\/03\/Gewinner-des-Prix-SVC-Ostschweiz-2024-Zindel-United-1_Organisator.jpg\" alt=\"\" width=\"680\" height=\"453\" srcset=\"https:\/\/www.organisator.ch\/wp-content\/uploads\/2024\/03\/Gewinner-des-Prix-SVC-Ostschweiz-2024-Zindel-United-1_Organisator.jpg 680w, https:\/\/www.organisator.ch\/wp-content\/uploads\/2024\/03\/Gewinner-des-Prix-SVC-Ostschweiz-2024-Zindel-United-1_Organisator-18x12.jpg 18w, https:\/\/www.organisator.ch\/wp-content\/uploads\/2024\/03\/Gewinner-des-Prix-SVC-Ostschweiz-2024-Zindel-United-1_Organisator-375x250.jpg 375w, https:\/\/www.organisator.ch\/wp-content\/uploads\/2024\/03\/Gewinner-des-Prix-SVC-Ostschweiz-2024-Zindel-United-1_Organisator-525x350.jpg 525w\" sizes=\"auto, (max-width: 680px) 100vw, 680px\" \/><figcaption id=\"caption-attachment-25759\" class=\"wp-caption-text\">Le gagnant du Prix SVC Ostschweiz 2024, Andreas Zindel, CEO, Zindel United, se r\u00e9jouit de son prix, remis par le vice-pr\u00e9sident du SVC Hans Baumgartner (\u00e0 gauche). (SVC\/Manuel Lopez)<\/figcaption><\/figure>\n<p>Le 7 mars 2024, le SVC (Swiss Venture Club) a r\u00e9compens\u00e9 pour la onzi\u00e8me fois des petites et moyennes entreprises (PME) exemplaires en leur d\u00e9cernant le Prix SVC Ostschweiz. Marco Fritsche a anim\u00e9 la c\u00e9r\u00e9monie de remise des prix dans les halles de l'Olma. La manifestation a permis aux 900 invit\u00e9s issus du monde de l'\u00e9conomie, de la science, de la politique et des m\u00e9dias de d\u00e9couvrir l'impressionnante diversit\u00e9 de l'entrepreneuriat dans la r\u00e9gion.<\/p>\n<h3>\"Cr\u00e9er. Construire. Vivre\"<\/h3>\n<p>Cinq entreprises \u00e9taient en lice cette ann\u00e9e pour la finale du prix de l'entrepreneur le plus important de Suisse orientale : le groupe Emil Egger, Huber Fenster AG, Nussbaum Matzingen AG, M\u00e4rchenhotel AG et Zindel United. <a href=\"https:\/\/www.organisator.ch\/de\/allgemein\/2024-03-04\/finalist-prix-svc-ostschweiz-2024-zindel-united\/\">Cette entreprise de Maienfeld<\/a>L'entreprise, dirig\u00e9e par la huiti\u00e8me g\u00e9n\u00e9ration d'Andreas Zindel, a finalement eu l'honneur de recevoir le premier prix. \"Cr\u00e9er. Construire. Vivre\", c'est ce que repr\u00e9sente Zindel United : ses produits et services couvrent l'ensemble du cycle de vie d'une construction : de l'id\u00e9e \u00e0 la nouvelle construction, en passant par le financement et la planification, la d\u00e9construction et la r\u00e9novation de b\u00e2timents existants, l'entretien et la logistique n\u00e9cessaire \u00e0 cet effet. En r\u00e9action logique au changement climatique et \u00e0 la rar\u00e9faction des ressources, Zindel United travaille d\u00e9lib\u00e9r\u00e9ment dans le cadre d'une \u00e9conomie circulaire en mettant l'accent sur les mati\u00e8res premi\u00e8res locales. Avec le premier b\u00e9ton de Suisse dont il est prouv\u00e9 qu'il est neutre en CO2, elle apporte une contribution pertinente \u00e0 la r\u00e9alisation des objectifs climatiques 2050. \"Zindel United met en \u0153uvre sa vision - d\u00e9velopper des solutions globales \u00e0 partir d'id\u00e9es pour les g\u00e9n\u00e9rations futures, tout en enthousiasmant les gens et en pr\u00e9servant l'environnement - de mani\u00e8re exemplaire et pionni\u00e8re\", a d\u00e9clar\u00e9 Andrea Fanzun, pr\u00e9sident du jury, dans sa laudatio. L'entreprise, qui emploie environ 500 personnes, r\u00e9alise un chiffre d'affaires de 160 millions de francs.<\/p>\n<h3>M\u00e4rchenhotel AG et Huber Fenster AG aux deuxi\u00e8me et troisi\u00e8me places<\/h3>\n<p>La deuxi\u00e8me place revient \u00e0 l'unique <a href=\"https:\/\/www.organisator.ch\/de\/allgemein\/2024-02-29\/finalist-prix-svc-ostschweiz-2024-maerchenhotel-ag\/\">H\u00f4tel de conte de f\u00e9es 4 \u00e9toiles<\/a> pour les familles avec enfants. Les h\u00f4tes, Nadja et Patric Vogel, s'engagent avec leurs 55 collaborateurs pour que les familles puissent profiter d'une \"pause f\u00e9erique\" \u00e0 Braunwald. M\u00e4rchenhotel AG est devenu l'un des plus grands employeurs touristiques du canton de Glaris et a d\u00e9j\u00e0 \u00e9t\u00e9 distingu\u00e9 \u00e0 plusieurs reprises parmi les \"meilleurs h\u00f4tels familiaux de Suisse\". L'accent clairement mis sur les familles s'av\u00e8re \u00eatre la recette du succ\u00e8s, le taux d'occupation des chambres s'\u00e9levant \u00e0 environ 90 pour cent sur l'ann\u00e9e, comme l'a expliqu\u00e9 le couple de propri\u00e9taires. Il y a m\u00eame des clients qui \"empruntent\" sp\u00e9cialement des enfants pour passer une fois du temps dans cet h\u00f4tel de contes de f\u00e9es...<\/p>\n<figure id=\"attachment_25760\" aria-describedby=\"caption-attachment-25760\" style=\"width: 680px\" class=\"wp-caption alignnone\"><img loading=\"lazy\" decoding=\"async\" class=\"wp-image-25760 size-full\" src=\"https:\/\/www.organisator.ch\/wp-content\/uploads\/2024\/03\/Gewinner-des-Prix-SVC-Ostschweiz-2024-Zindel-United-2_Organisator.jpg\" alt=\"\" width=\"680\" height=\"443\" srcset=\"https:\/\/www.organisator.ch\/wp-content\/uploads\/2024\/03\/Gewinner-des-Prix-SVC-Ostschweiz-2024-Zindel-United-2_Organisator.jpg 680w, https:\/\/www.organisator.ch\/wp-content\/uploads\/2024\/03\/Gewinner-des-Prix-SVC-Ostschweiz-2024-Zindel-United-2_Organisator-18x12.jpg 18w, https:\/\/www.organisator.ch\/wp-content\/uploads\/2024\/03\/Gewinner-des-Prix-SVC-Ostschweiz-2024-Zindel-United-2_Organisator-375x244.jpg 375w, https:\/\/www.organisator.ch\/wp-content\/uploads\/2024\/03\/Gewinner-des-Prix-SVC-Ostschweiz-2024-Zindel-United-2_Organisator-537x350.jpg 537w\" sizes=\"auto, (max-width: 680px) 100vw, 680px\" \/><figcaption id=\"caption-attachment-25760\" class=\"wp-caption-text\">Les finalistes pour le 11e Prix SVC Ostschweiz (de g. \u00e0 dr.) : Andreas Zindel, Florian Nussbaum, Patric et Nadja Vogel, Pascal Huber, Michael Egger, l'animateur Marco Fritsche et Markus Egger. (Image : Thomas Berner)<\/figcaption><\/figure>\n<p>L'entreprise de la cinqui\u00e8me g\u00e9n\u00e9ration obtient le bronze. <a href=\"https:\/\/www.organisator.ch\/de\/allgemein\/2024-02-28\/finalist-prix-svc-ostschweiz-2024-huber-fenster-ag\/\">Huber Fenster AG de Herisau<\/a>. L'entreprise familiale est sp\u00e9cialis\u00e9e dans les fen\u00eatres de haute qualit\u00e9 et les \u00e9l\u00e9ments de fa\u00e7ade personnalis\u00e9s. Elle propose des solutions qui sortent des sentiers battus et mise sur l'esth\u00e9tique avec clairvoyance. L'entreprise consid\u00e8re ses plus de cent collaborateurs, dirig\u00e9s par les trois fr\u00e8res Matthias, Pascal et Sebastian Huber, comme le principal facteur de r\u00e9ussite.<\/p>\n<h3>Le groupe Emil Egger et Nussbaum Matzingen AG remportent des dipl\u00f4mes<\/h3>\n<p>Le rang de dipl\u00f4me a \u00e9t\u00e9 d\u00e9cern\u00e9 \u00e0 <a href=\"https:\/\/www.organisator.ch\/de\/allgemein\/2024-02-27\/finalist-prix-svc-ostschweiz-2024-emil-egger-gruppe\/\">Groupe Emil Egger<\/a> de Saint-Gall, une force renomm\u00e9e dans le secteur de la logistique. Sp\u00e9cialis\u00e9e dans la logistique de d\u00e9tail, de marchandises lourdes et de stockage, l'entreprise se distingue particuli\u00e8rement par son expertise dans la manutention de marchandises surdimensionn\u00e9es. Dans le domaine de la logistique des marchandises lourdes, Emil Egger occupe la position de leader en Suisse et fait en outre partie du top 20 des prestataires de services de grue dans l'ensemble de l'espace germanophone.\u00a0<\/p>\n<p>L'entreprise familiale a \u00e9galement \u00e9t\u00e9 r\u00e9compens\u00e9e. <a href=\"https:\/\/www.organisator.ch\/de\/allgemein\/2024-03-01\/finalist-prix-svc-ostschweiz-2024-nussbaum-matzingen-ag\/\">Nussbaum Matzingen AG<\/a> dont le si\u00e8ge principal est \u00e0 Matzingen, qui d\u00e9veloppe des solutions d'emballage durables et innovantes en aluminium pour les secteurs cosm\u00e9tique, pharmaceutique, alimentaire et industriel et les fabrique dans le respect de l'environnement. Des bo\u00eetes monobloc de haute qualit\u00e9 sont produites dans trois usines en Suisse et en Allemagne et distribu\u00e9es dans le monde entier. Gr\u00e2ce \u00e0 son propre d\u00e9veloppement 100%-Nucan-PCR, elle a r\u00e9ussi \u00e0 r\u00e9duire les \u00e9missions de CO2 de 96%.<\/p>\n<p><em>Source : <a href=\"http:\/\/www.svc.swiss\">Club suisse des entrepreneurs<\/a><\/em><\/p>","protected":false},"excerpt":{"rendered":"<p>Le 7 mars 2024, le Prix SVC Ostschweiz a \u00e9t\u00e9 d\u00e9cern\u00e9 \u00e0 Saint-Gall. La fi\u00e8re gagnante est Zindel United, une entreprise de construction de Maienfeld GR connue dans toute la r\u00e9gion. La deuxi\u00e8me place est revenue au M\u00e4rchenhotel Braunwald et la troisi\u00e8me \u00e0 Huber Fenster de Herisau.<\/p>","protected":false},"author":4,"featured_media":25759,"comment_status":"closed","ping_status":"closed","sticky":false,"template":"","format":"standard","meta":{"_acf_changed":false,"_yoast_wpseo_focuskw":"Prix SVC Ostschweiz 2024","_yoast_wpseo_metadesc":"Stolze Gewinnerin des Prix SVC Ostschweiz 2024 ist Zindel United, ein \u00fcberregional bekanntes Bauunternehmen aus Maienfeld GR.","articlekey":"","footnotes":""},"categories":[28],"tags":[66,4117,492],"class_list":["post-25753","post","type-post","status-publish","format-standard","has-post-thumbnail","hentry","category-management","tag-awards","tag-prix-svc-ostschweiz","tag-unternehmen"],"acf":[],"yoast_head":"<!-- This site is optimized with the Yoast SEO plugin v27.5 - https:\/\/yoast.com\/product\/yoast-seo-wordpress\/ -->\n<title>Gewinner des Prix SVC Ostschweiz 2024: Zindel United - Organisator<\/title>\n<meta name=\"description\" content=\"Stolze Gewinnerin des Prix SVC Ostschweiz 2024 ist Zindel United, ein \u00fcberregional bekanntes Bauunternehmen aus Maienfeld GR.\" \/>\n<meta name=\"robots\" content=\"index, follow, max-snippet:-1, max-image-preview:large, max-video-preview:-1\" \/>\n<link rel=\"canonical\" href=\"https:\/\/www.organisator.ch\/fr\/gestion-2\/2024-03-08\/gewinner-des-prix-svc-ostschweiz-2024-zindel-united\/\" \/>\n<meta property=\"og:locale\" content=\"fr_FR\" \/>\n<meta property=\"og:type\" content=\"article\" \/>\n<meta property=\"og:title\" content=\"Gewinner des Prix SVC Ostschweiz 2024: Zindel United\" \/>\n<meta property=\"og:description\" content=\"Stolze Gewinnerin des Prix SVC Ostschweiz 2024 ist Zindel United, ein \u00fcberregional bekanntes Bauunternehmen aus Maienfeld GR.\" \/>\n<meta property=\"og:url\" content=\"https:\/\/www.organisator.ch\/fr\/gestion-2\/2024-03-08\/gewinner-des-prix-svc-ostschweiz-2024-zindel-united\/\" \/>\n<meta property=\"og:site_name\" content=\"Organisator\" \/>\n<meta property=\"article:publisher\" content=\"https:\/\/www.facebook.com\/OrganisatorFachmagazin\" \/>\n<meta property=\"article:published_time\" content=\"2024-03-08T07:36:44+00:00\" \/>\n<meta property=\"og:image\" content=\"https:\/\/www.organisator.ch\/wp-content\/uploads\/2024\/03\/Gewinner-des-Prix-SVC-Ostschweiz-2024-Zindel-United-1_Organisator.jpg\" \/>\n\t<meta property=\"og:image:width\" content=\"680\" \/>\n\t<meta property=\"og:image:height\" content=\"453\" \/>\n\t<meta property=\"og:image:type\" content=\"image\/jpeg\" \/>\n<meta name=\"author\" content=\"thomas.berner\" \/>\n<meta name=\"twitter:card\" content=\"summary_large_image\" \/>\n<meta name=\"twitter:title\" content=\"Gewinner des Prix #SVC Ostschweiz 2024: #Zindel United\" \/>\n<meta name=\"twitter:description\" content=\"Stolze Gewinnerin des Prix #SVC #Ostschweiz 2024 ist #Zindel United, ein \u00fcberregional bekanntes Bauunternehmen aus #Maienfeld GR.\" \/>\n<meta name=\"twitter:image\" content=\"https:\/\/www.organisator.ch\/wp-content\/uploads\/2024\/03\/Gewinner-des-Prix-SVC-Ostschweiz-2024-Zindel-United-1_Organisator.jpg\" \/>\n<script type=\"application\/ld+json\" class=\"yoast-schema-graph\">{\"@context\":\"https:\\\/\\\/schema.org\",\"@graph\":[{\"@type\":\"Article\",\"@id\":\"https:\\\/\\\/www.organisator.ch\\\/management\\\/2024-03-08\\\/gewinner-des-prix-svc-ostschweiz-2024-zindel-united\\\/#article\",\"isPartOf\":{\"@id\":\"https:\\\/\\\/www.organisator.ch\\\/management\\\/2024-03-08\\\/gewinner-des-prix-svc-ostschweiz-2024-zindel-united\\\/\"},\"author\":{\"name\":\"thomas.berner\",\"@id\":\"https:\\\/\\\/www.organisator.ch\\\/#\\\/schema\\\/person\\\/6f650f90b2842cd4c0cc334b4e36f67e\"},\"headline\":\"Gewinner des Prix SVC Ostschweiz 2024: Zindel United\",\"datePublished\":\"2024-03-08T07:36:44+00:00\",\"mainEntityOfPage\":{\"@id\":\"https:\\\/\\\/www.organisator.ch\\\/management\\\/2024-03-08\\\/gewinner-des-prix-svc-ostschweiz-2024-zindel-united\\\/\"},\"wordCount\":671,\"publisher\":{\"@id\":\"https:\\\/\\\/www.organisator.ch\\\/#organization\"},\"image\":{\"@id\":\"https:\\\/\\\/www.organisator.ch\\\/management\\\/2024-03-08\\\/gewinner-des-prix-svc-ostschweiz-2024-zindel-united\\\/#primaryimage\"},\"thumbnailUrl\":\"https:\\\/\\\/www.organisator.ch\\\/wp-content\\\/uploads\\\/2024\\\/03\\\/Gewinner-des-Prix-SVC-Ostschweiz-2024-Zindel-United-1_Organisator.jpg\",\"keywords\":[\"Awards\",\"Prix SVC Ostschweiz\",\"Unternehmen\"],\"articleSection\":[\"MANAGEMENT\"],\"inLanguage\":\"fr-FR\"},{\"@type\":\"WebPage\",\"@id\":\"https:\\\/\\\/www.organisator.ch\\\/management\\\/2024-03-08\\\/gewinner-des-prix-svc-ostschweiz-2024-zindel-united\\\/\",\"url\":\"https:\\\/\\\/www.organisator.ch\\\/management\\\/2024-03-08\\\/gewinner-des-prix-svc-ostschweiz-2024-zindel-united\\\/\",\"name\":\"Gewinner des Prix SVC Ostschweiz 2024: Zindel United - Organisator\",\"isPartOf\":{\"@id\":\"https:\\\/\\\/www.organisator.ch\\\/#website\"},\"primaryImageOfPage\":{\"@id\":\"https:\\\/\\\/www.organisator.ch\\\/management\\\/2024-03-08\\\/gewinner-des-prix-svc-ostschweiz-2024-zindel-united\\\/#primaryimage\"},\"image\":{\"@id\":\"https:\\\/\\\/www.organisator.ch\\\/management\\\/2024-03-08\\\/gewinner-des-prix-svc-ostschweiz-2024-zindel-united\\\/#primaryimage\"},\"thumbnailUrl\":\"https:\\\/\\\/www.organisator.ch\\\/wp-content\\\/uploads\\\/2024\\\/03\\\/Gewinner-des-Prix-SVC-Ostschweiz-2024-Zindel-United-1_Organisator.jpg\",\"datePublished\":\"2024-03-08T07:36:44+00:00\",\"description\":\"Stolze Gewinnerin des Prix SVC Ostschweiz 2024 ist Zindel United, ein \u00fcberregional bekanntes Bauunternehmen aus Maienfeld GR.\",\"breadcrumb\":{\"@id\":\"https:\\\/\\\/www.organisator.ch\\\/management\\\/2024-03-08\\\/gewinner-des-prix-svc-ostschweiz-2024-zindel-united\\\/#breadcrumb\"},\"inLanguage\":\"fr-FR\",\"potentialAction\":[{\"@type\":\"ReadAction\",\"target\":[\"https:\\\/\\\/www.organisator.ch\\\/management\\\/2024-03-08\\\/gewinner-des-prix-svc-ostschweiz-2024-zindel-united\\\/\"]}]},{\"@type\":\"ImageObject\",\"inLanguage\":\"fr-FR\",\"@id\":\"https:\\\/\\\/www.organisator.ch\\\/management\\\/2024-03-08\\\/gewinner-des-prix-svc-ostschweiz-2024-zindel-united\\\/#primaryimage\",\"url\":\"https:\\\/\\\/www.organisator.ch\\\/wp-content\\\/uploads\\\/2024\\\/03\\\/Gewinner-des-Prix-SVC-Ostschweiz-2024-Zindel-United-1_Organisator.jpg\",\"contentUrl\":\"https:\\\/\\\/www.organisator.ch\\\/wp-content\\\/uploads\\\/2024\\\/03\\\/Gewinner-des-Prix-SVC-Ostschweiz-2024-Zindel-United-1_Organisator.jpg\",\"width\":680,\"height\":453,\"caption\":\"Der Gewinner des Prix SVC Ostschweiz 2024, Andreas Zindel, CEO, Zindel United, freut sich \u00fcber den Preis, \u00fcberreicht durch SVC-Vizepr\u00e4sident Hans Baumgartner (links). (SVC\\\/Manuel Lopez)\"},{\"@type\":\"BreadcrumbList\",\"@id\":\"https:\\\/\\\/www.organisator.ch\\\/management\\\/2024-03-08\\\/gewinner-des-prix-svc-ostschweiz-2024-zindel-united\\\/#breadcrumb\",\"itemListElement\":[{\"@type\":\"ListItem\",\"position\":1,\"name\":\"Home\",\"item\":\"https:\\\/\\\/www.organisator.ch\\\/\"},{\"@type\":\"ListItem\",\"position\":2,\"name\":\"Gewinner des Prix SVC Ostschweiz 2024: Zindel United\"}]},{\"@type\":\"WebSite\",\"@id\":\"https:\\\/\\\/www.organisator.ch\\\/#website\",\"url\":\"https:\\\/\\\/www.organisator.ch\\\/\",\"name\":\"Organisator\",\"description\":\"Kompetent. Praxisnah. Der ORGANISATOR bereitet in 10 Ausgaben pro Jahr die wesentlichen Themen f\u00fcr F\u00fchrungskr\u00e4fte von KMU auf.\",\"publisher\":{\"@id\":\"https:\\\/\\\/www.organisator.ch\\\/#organization\"},\"potentialAction\":[{\"@type\":\"SearchAction\",\"target\":{\"@type\":\"EntryPoint\",\"urlTemplate\":\"https:\\\/\\\/www.organisator.ch\\\/?s={search_term_string}\"},\"query-input\":{\"@type\":\"PropertyValueSpecification\",\"valueRequired\":true,\"valueName\":\"search_term_string\"}}],\"inLanguage\":\"fr-FR\"},{\"@type\":\"Organization\",\"@id\":\"https:\\\/\\\/www.organisator.ch\\\/#organization\",\"name\":\"Organisator\",\"url\":\"https:\\\/\\\/www.organisator.ch\\\/\",\"logo\":{\"@type\":\"ImageObject\",\"inLanguage\":\"fr-FR\",\"@id\":\"https:\\\/\\\/www.organisator.ch\\\/#\\\/schema\\\/logo\\\/image\\\/\",\"url\":\"https:\\\/\\\/www.organisator.ch\\\/wp-content\\\/uploads\\\/2022\\\/01\\\/Logo_Organisator_Website.png\",\"contentUrl\":\"https:\\\/\\\/www.organisator.ch\\\/wp-content\\\/uploads\\\/2022\\\/01\\\/Logo_Organisator_Website.png\",\"width\":800,\"height\":77,\"caption\":\"Organisator\"},\"image\":{\"@id\":\"https:\\\/\\\/www.organisator.ch\\\/#\\\/schema\\\/logo\\\/image\\\/\"},\"sameAs\":[\"https:\\\/\\\/www.facebook.com\\\/OrganisatorFachmagazin\",\"https:\\\/\\\/www.linkedin.com\\\/showcase\\\/organisator-das-magazin-fr-kmu\",\"https:\\\/\\\/www.xing.com\\\/news\\\/pages\\\/organisator-ch-695\",\"https:\\\/\\\/www.youtube.com\\\/channel\\\/UCGP2Sq0iWaZwT3BdIAQFYpw\"]},{\"@type\":\"Person\",\"@id\":\"https:\\\/\\\/www.organisator.ch\\\/#\\\/schema\\\/person\\\/6f650f90b2842cd4c0cc334b4e36f67e\",\"name\":\"thomas.berner\",\"image\":{\"@type\":\"ImageObject\",\"inLanguage\":\"fr-FR\",\"@id\":\"https:\\\/\\\/secure.gravatar.com\\\/avatar\\\/ac5001d2a36cb6c6cd3e50789007ffca834b477b74a2144564522e944eabff61?s=96&d=mm&r=g\",\"url\":\"https:\\\/\\\/secure.gravatar.com\\\/avatar\\\/ac5001d2a36cb6c6cd3e50789007ffca834b477b74a2144564522e944eabff61?s=96&d=mm&r=g\",\"contentUrl\":\"https:\\\/\\\/secure.gravatar.com\\\/avatar\\\/ac5001d2a36cb6c6cd3e50789007ffca834b477b74a2144564522e944eabff61?s=96&d=mm&r=g\",\"caption\":\"thomas.berner\"},\"url\":\"https:\\\/\\\/www.organisator.ch\\\/fr\\\/author\\\/thomas-berner\\\/\"}]}<\/script>\n<!-- \/ Yoast SEO plugin. -->","yoast_head_json":{"title":"Gagnant du Prix SVC Ostschweiz 2024 : Zindel United - Organisateur","description":"L'heureux gagnant du Prix SVC Ostschweiz 2024 est Zindel United, une entreprise de construction de Maienfeld GR connue dans toute la r\u00e9gion.","robots":{"index":"index","follow":"follow","max-snippet":"max-snippet:-1","max-image-preview":"max-image-preview:large","max-video-preview":"max-video-preview:-1"},"canonical":"https:\/\/www.organisator.ch\/fr\/gestion-2\/2024-03-08\/gewinner-des-prix-svc-ostschweiz-2024-zindel-united\/","og_locale":"fr_FR","og_type":"article","og_title":"Gewinner des Prix SVC Ostschweiz 2024: Zindel United","og_description":"Stolze Gewinnerin des Prix SVC Ostschweiz 2024 ist Zindel United, ein \u00fcberregional bekanntes Bauunternehmen aus Maienfeld GR.","og_url":"https:\/\/www.organisator.ch\/fr\/gestion-2\/2024-03-08\/gewinner-des-prix-svc-ostschweiz-2024-zindel-united\/","og_site_name":"Organisator","article_publisher":"https:\/\/www.facebook.com\/OrganisatorFachmagazin","article_published_time":"2024-03-08T07:36:44+00:00","og_image":[{"width":680,"height":453,"url":"https:\/\/www.organisator.ch\/wp-content\/uploads\/2024\/03\/Gewinner-des-Prix-SVC-Ostschweiz-2024-Zindel-United-1_Organisator.jpg","type":"image\/jpeg"}],"author":"thomas.berner","twitter_card":"summary_large_image","twitter_title":"Gewinner des Prix #SVC Ostschweiz 2024: #Zindel United","twitter_description":"Stolze Gewinnerin des Prix #SVC #Ostschweiz 2024 ist #Zindel United, ein \u00fcberregional bekanntes Bauunternehmen aus #Maienfeld GR.","twitter_image":"https:\/\/www.organisator.ch\/wp-content\/uploads\/2024\/03\/Gewinner-des-Prix-SVC-Ostschweiz-2024-Zindel-United-1_Organisator.jpg","schema":{"@context":"https:\/\/schema.org","@graph":[{"@type":"Article","@id":"https:\/\/www.organisator.ch\/management\/2024-03-08\/gewinner-des-prix-svc-ostschweiz-2024-zindel-united\/#article","isPartOf":{"@id":"https:\/\/www.organisator.ch\/management\/2024-03-08\/gewinner-des-prix-svc-ostschweiz-2024-zindel-united\/"},"author":{"name":"thomas.berner","@id":"https:\/\/www.organisator.ch\/#\/schema\/person\/6f650f90b2842cd4c0cc334b4e36f67e"},"headline":"Gewinner des Prix SVC Ostschweiz 2024: Zindel United","datePublished":"2024-03-08T07:36:44+00:00","mainEntityOfPage":{"@id":"https:\/\/www.organisator.ch\/management\/2024-03-08\/gewinner-des-prix-svc-ostschweiz-2024-zindel-united\/"},"wordCount":671,"publisher":{"@id":"https:\/\/www.organisator.ch\/#organization"},"image":{"@id":"https:\/\/www.organisator.ch\/management\/2024-03-08\/gewinner-des-prix-svc-ostschweiz-2024-zindel-united\/#primaryimage"},"thumbnailUrl":"https:\/\/www.organisator.ch\/wp-content\/uploads\/2024\/03\/Gewinner-des-Prix-SVC-Ostschweiz-2024-Zindel-United-1_Organisator.jpg","keywords":["Awards","Prix SVC Ostschweiz","Unternehmen"],"articleSection":["MANAGEMENT"],"inLanguage":"fr-FR"},{"@type":"WebPage","@id":"https:\/\/www.organisator.ch\/management\/2024-03-08\/gewinner-des-prix-svc-ostschweiz-2024-zindel-united\/","url":"https:\/\/www.organisator.ch\/management\/2024-03-08\/gewinner-des-prix-svc-ostschweiz-2024-zindel-united\/","name":"Gagnant du Prix SVC Ostschweiz 2024 : Zindel United - Organisateur","isPartOf":{"@id":"https:\/\/www.organisator.ch\/#website"},"primaryImageOfPage":{"@id":"https:\/\/www.organisator.ch\/management\/2024-03-08\/gewinner-des-prix-svc-ostschweiz-2024-zindel-united\/#primaryimage"},"image":{"@id":"https:\/\/www.organisator.ch\/management\/2024-03-08\/gewinner-des-prix-svc-ostschweiz-2024-zindel-united\/#primaryimage"},"thumbnailUrl":"https:\/\/www.organisator.ch\/wp-content\/uploads\/2024\/03\/Gewinner-des-Prix-SVC-Ostschweiz-2024-Zindel-United-1_Organisator.jpg","datePublished":"2024-03-08T07:36:44+00:00","description":"L'heureux gagnant du Prix SVC Ostschweiz 2024 est Zindel United, une entreprise de construction de Maienfeld GR connue dans toute la r\u00e9gion.","breadcrumb":{"@id":"https:\/\/www.organisator.ch\/management\/2024-03-08\/gewinner-des-prix-svc-ostschweiz-2024-zindel-united\/#breadcrumb"},"inLanguage":"fr-FR","potentialAction":[{"@type":"ReadAction","target":["https:\/\/www.organisator.ch\/management\/2024-03-08\/gewinner-des-prix-svc-ostschweiz-2024-zindel-united\/"]}]},{"@type":"ImageObject","inLanguage":"fr-FR","@id":"https:\/\/www.organisator.ch\/management\/2024-03-08\/gewinner-des-prix-svc-ostschweiz-2024-zindel-united\/#primaryimage","url":"https:\/\/www.organisator.ch\/wp-content\/uploads\/2024\/03\/Gewinner-des-Prix-SVC-Ostschweiz-2024-Zindel-United-1_Organisator.jpg","contentUrl":"https:\/\/www.organisator.ch\/wp-content\/uploads\/2024\/03\/Gewinner-des-Prix-SVC-Ostschweiz-2024-Zindel-United-1_Organisator.jpg","width":680,"height":453,"caption":"Der Gewinner des Prix SVC Ostschweiz 2024, Andreas Zindel, CEO, Zindel United, freut sich \u00fcber den Preis, \u00fcberreicht durch SVC-Vizepr\u00e4sident Hans Baumgartner (links). (SVC\/Manuel Lopez)"},{"@type":"BreadcrumbList","@id":"https:\/\/www.organisator.ch\/management\/2024-03-08\/gewinner-des-prix-svc-ostschweiz-2024-zindel-united\/#breadcrumb","itemListElement":[{"@type":"ListItem","position":1,"name":"Home","item":"https:\/\/www.organisator.ch\/"},{"@type":"ListItem","position":2,"name":"Gewinner des Prix SVC Ostschweiz 2024: Zindel United"}]},{"@type":"WebSite","@id":"https:\/\/www.organisator.ch\/#website","url":"https:\/\/www.organisator.ch\/","name":"Organisateur","description":"Comp\u00e9tence et comp\u00e9tence. Proches de la pratique. L'ORGANISATEUR pr\u00e9pare 10 num\u00e9ros par an sur les th\u00e8mes essentiels pour les dirigeants de PME.","publisher":{"@id":"https:\/\/www.organisator.ch\/#organization"},"potentialAction":[{"@type":"SearchAction","target":{"@type":"EntryPoint","urlTemplate":"https:\/\/www.organisator.ch\/?s={search_term_string}"},"query-input":{"@type":"PropertyValueSpecification","valueRequired":true,"valueName":"search_term_string"}}],"inLanguage":"fr-FR"},{"@type":"Organization","@id":"https:\/\/www.organisator.ch\/#organization","name":"Organisateur","url":"https:\/\/www.organisator.ch\/","logo":{"@type":"ImageObject","inLanguage":"fr-FR","@id":"https:\/\/www.organisator.ch\/#\/schema\/logo\/image\/","url":"https:\/\/www.organisator.ch\/wp-content\/uploads\/2022\/01\/Logo_Organisator_Website.png","contentUrl":"https:\/\/www.organisator.ch\/wp-content\/uploads\/2022\/01\/Logo_Organisator_Website.png","width":800,"height":77,"caption":"Organisator"},"image":{"@id":"https:\/\/www.organisator.ch\/#\/schema\/logo\/image\/"},"sameAs":["https:\/\/www.facebook.com\/OrganisatorFachmagazin","https:\/\/www.linkedin.com\/showcase\/organisator-das-magazin-fr-kmu","https:\/\/www.xing.com\/news\/pages\/organisator-ch-695","https:\/\/www.youtube.com\/channel\/UCGP2Sq0iWaZwT3BdIAQFYpw"]},{"@type":"Person","@id":"https:\/\/www.organisator.ch\/#\/schema\/person\/6f650f90b2842cd4c0cc334b4e36f67e","name":"thomas.berner","image":{"@type":"ImageObject","inLanguage":"fr-FR","@id":"https:\/\/secure.gravatar.com\/avatar\/ac5001d2a36cb6c6cd3e50789007ffca834b477b74a2144564522e944eabff61?s=96&d=mm&r=g","url":"https:\/\/secure.gravatar.com\/avatar\/ac5001d2a36cb6c6cd3e50789007ffca834b477b74a2144564522e944eabff61?s=96&d=mm&r=g","contentUrl":"https:\/\/secure.gravatar.com\/avatar\/ac5001d2a36cb6c6cd3e50789007ffca834b477b74a2144564522e944eabff61?s=96&d=mm&r=g","caption":"thomas.berner"},"url":"https:\/\/www.organisator.ch\/fr\/author\/thomas-berner\/"}]}},"_links":{"self":[{"href":"https:\/\/www.organisator.ch\/fr\/wp-json\/wp\/v2\/posts\/25753","targetHints":{"allow":["GET"]}}],"collection":[{"href":"https:\/\/www.organisator.ch\/fr\/wp-json\/wp\/v2\/posts"}],"about":[{"href":"https:\/\/www.organisator.ch\/fr\/wp-json\/wp\/v2\/types\/post"}],"author":[{"embeddable":true,"href":"https:\/\/www.organisator.ch\/fr\/wp-json\/wp\/v2\/users\/4"}],"replies":[{"embeddable":true,"href":"https:\/\/www.organisator.ch\/fr\/wp-json\/wp\/v2\/comments?post=25753"}],"version-history":[{"count":5,"href":"https:\/\/www.organisator.ch\/fr\/wp-json\/wp\/v2\/posts\/25753\/revisions"}],"predecessor-version":[{"id":31057,"href":"https:\/\/www.organisator.ch\/fr\/wp-json\/wp\/v2\/posts\/25753\/revisions\/31057"}],"wp:featuredmedia":[{"embeddable":true,"href":"https:\/\/www.organisator.ch\/fr\/wp-json\/wp\/v2\/media\/25759"}],"wp:attachment":[{"href":"https:\/\/www.organisator.ch\/fr\/wp-json\/wp\/v2\/media?parent=25753"}],"wp:term":[{"taxonomy":"category","embeddable":true,"href":"https:\/\/www.organisator.ch\/fr\/wp-json\/wp\/v2\/categories?post=25753"},{"taxonomy":"post_tag","embeddable":true,"href":"https:\/\/www.organisator.ch\/fr\/wp-json\/wp\/v2\/tags?post=25753"}],"curies":[{"name":"wp","href":"https:\/\/api.w.org\/{rel}","templated":true}]}}