{"id":2580,"date":"2017-10-17T12:01:52","date_gmt":"2017-10-17T10:01:52","guid":{"rendered":"https:\/\/www.organisator.ch\/?p=2580"},"modified":"2017-10-17T12:01:52","modified_gmt":"2017-10-17T10:01:52","slug":"verpasste-berufliche-karriere-was-tun","status":"publish","type":"post","link":"https:\/\/www.organisator.ch\/fr\/allgemein\/2017-10-17\/verpasste-berufliche-karriere-was-tun\/","title":{"rendered":"Carri\u00e8re professionnelle manqu\u00e9e ?"},"content":{"rendered":"<figure id=\"attachment_2581\" aria-describedby=\"caption-attachment-2581\" style=\"width: 680px\" class=\"wp-caption alignnone\"><img loading=\"lazy\" decoding=\"async\" class=\"size-medium wp-image-2581\" src=\"https:\/\/www.organisator.ch\/wp-content\/uploads\/2017\/10\/Verpasste-berufliche-Karriere-Was-tun-org-organisator.jpg\" alt=\"\" width=\"680\" height=\"528\" srcset=\"https:\/\/www.organisator.ch\/wp-content\/uploads\/2017\/10\/Verpasste-berufliche-Karriere-Was-tun-org-organisator.jpg 1000w, https:\/\/www.organisator.ch\/wp-content\/uploads\/2017\/10\/Verpasste-berufliche-Karriere-Was-tun-org-organisator-680x528.jpg 680w, https:\/\/www.organisator.ch\/wp-content\/uploads\/2017\/10\/Verpasste-berufliche-Karriere-Was-tun-org-organisator-768x596.jpg 768w, https:\/\/www.organisator.ch\/wp-content\/uploads\/2017\/10\/Verpasste-berufliche-Karriere-Was-tun-org-organisator-16x12.jpg 16w, https:\/\/www.organisator.ch\/wp-content\/uploads\/2017\/10\/Verpasste-berufliche-Karriere-Was-tun-org-organisator-226x175.jpg 226w, https:\/\/www.organisator.ch\/wp-content\/uploads\/2017\/10\/Verpasste-berufliche-Karriere-Was-tun-org-organisator-451x350.jpg 451w, https:\/\/www.organisator.ch\/wp-content\/uploads\/2017\/10\/Verpasste-berufliche-Karriere-Was-tun-org-organisator-920x714.jpg 920w, https:\/\/www.organisator.ch\/wp-content\/uploads\/2017\/10\/Verpasste-berufliche-Karriere-Was-tun-org-organisator-300x233.jpg 300w\" sizes=\"auto, (max-width: 680px) 100vw, 680px\" \/><figcaption id=\"caption-attachment-2581\" class=\"wp-caption-text\">Ne pas \u00eatre promu n'est pas la fin du monde. En m\u00eame temps, il ne faut pas croiser les bras par d\u00e9pit. (Image : depositphotos)<\/figcaption><\/figure>\n<p>Quelle est la raison pour laquelle votre carri\u00e8re ne d\u00e9colle pas ? Que pourrait-on faire pour prendre malgr\u00e9 tout la bonne voie ?<\/p>\n<p>Nombreux sont ceux qui en ont d\u00e9j\u00e0 fait l'exp\u00e9rience : un coll\u00e8gue est promu, mais pas soi-m\u00eame. C'est douloureux et cela incite les personnes concern\u00e9es \u00e0 trouver un nouvel employeur le plus rapidement possible. Mais ce n'est souvent pas la bonne solution. Il est pr\u00e9f\u00e9rable d'\u00e9laborer un plan pour faire partie des heureux \u00e9lus lors de la prochaine promotion.<\/p>\n<p>Le portail de carri\u00e8re new-yorkais The Muse recommande \u00e0 pr\u00e9sent ce qui suit :<\/p>\n<ol>\n<li><strong> D\u00e9tourner les \u00e9motions n\u00e9gatives<\/strong><\/li>\n<\/ol>\n<p>Si la promotion n'est pas accord\u00e9e, il est compr\u00e9hensible d'\u00eatre en col\u00e8re contre ses sup\u00e9rieurs et l'entreprise. Il est important de ne pas laisser cette frustration s'exprimer \u00e0 l'int\u00e9rieur des bureaux. Car c'est la r\u00e9putation qui en p\u00e2tit. Il est pr\u00e9f\u00e9rable de prendre de la distance. Faites une longue promenade \u00e0 midi ou allez \u00e0 la salle de sport le soir. Un verre apr\u00e8s le travail avec de bons amis aide \u00e0 analyser la situation. Il y a de fortes chances que d'autres personnes aient d\u00e9j\u00e0 v\u00e9cu la m\u00eame chose.<\/p>\n<ol start=\"2\">\n<li><strong> Les d\u00e9cideurs s'efforcent<\/strong><\/li>\n<\/ol>\n<p>Une fois les \u00e9motions ma\u00eetris\u00e9es, vient la phase d'analyse. Il ne s'agit pas ici d'extorquer des informations aux coll\u00e8gues de bureau pour expliquer la non-promotion. Pour agir de mani\u00e8re professionnelle, il faut aller directement voir son sup\u00e9rieur. Ne vous placez pas dans le r\u00f4le de la victime, mais demandez ce que vous pouvez am\u00e9liorer. Votre message aux patrons devrait \u00eatre : \"Je veux aider l'entreprise \u00e0 se d\u00e9velopper durablement et \u00e0 prendre ses responsabilit\u00e9s\".<\/p>\n<ol start=\"3\">\n<li><strong> Travailler sur soi<\/strong><\/li>\n<\/ol>\n<p>Il est maintenant temps de prendre au s\u00e9rieux les critiques des d\u00e9cideurs et de travailler sur soi-m\u00eame. Ce n'est peut-\u00eatre pas la qualification professionnelle ou l'engagement au travail qui est en cause - souvent, ce ne sont pas les t\u00eates les plus comp\u00e9tentes qui sont promues, comme chacun sait. Il est \u00e9galement important de disposer d'un large r\u00e9seau, d'une apparence soign\u00e9e et d'une bonne \u00e9locution. Bref, pour progresser, il faut une bonne dose d'auto-marketing.<\/p>\n<ol start=\"4\">\n<li><strong> Pr\u00e9parer les prochaines \u00e9tapes<\/strong><\/li>\n<\/ol>\n<p>Ne pas \u00eatre promu n'est pas la fin du monde. En m\u00eame temps, il ne faut pas se d\u00e9courager et rester les bras crois\u00e9s. Fixez un d\u00e9lai dans lequel la promotion doit \u00eatre effective. Travaillez dans ce sens (voir point 3). Mais attention. S'accrocher avec acharnement \u00e0 un objectif peut \u00eatre contre-productif. Surtout si les personnes concern\u00e9es ont un sentiment de malaise et que les retours de leurs sup\u00e9rieurs sont \u00e9vasifs et peu convaincants (voir point 2).<\/p>\n<p>Dans ce contexte, il est sans doute pr\u00e9f\u00e9rable de mettre en place une strat\u00e9gie de sortie raisonnable.<\/p>\n<p><em>Vous trouverez plus de conseils d'experts et de posts sur la carri\u00e8re professionnelle sous :<\/em><\/p>\n<p><a href=\"http:\/\/www.themuse.com\">http:\/\/www.themuse.com<\/a><\/p>","protected":false},"excerpt":{"rendered":"<p>Woran liegt es, dass die Karriere nicht in die G\u00e4nge kommen will? Was k\u00f6nnte man tun, trotzdem den richtigen Weg einschlagen zu k\u00f6nnen? Viele haben es schon erlebt: Der Kollege wird bef\u00f6rdert, man selber aber nicht. Das ist schmerzvoll und verleitet die Betroffenen, m\u00f6glichst schnell einen neuen Arbeitgeber zu finden. Doch dies ist oft nicht [&hellip;]<\/p>\n","protected":false},"author":5,"featured_media":2581,"comment_status":"open","ping_status":"open","sticky":false,"template":"","format":"standard","meta":{"_acf_changed":false,"_yoast_wpseo_focuskw":"Karriere","_yoast_wpseo_metadesc":"Viele tr\u00e4umen von einer andauerenden beruflichen Karriere, doch nur die wenigsten schaffen es auch wirklich das Niveau zu halten.","articlekey":"","footnotes":""},"categories":[1],"tags":[115,295],"class_list":["post-2580","post","type-post","status-publish","format-standard","has-post-thumbnail","hentry","category-allgemein","tag-checklisten","tag-karriere-tipps"],"acf":[],"yoast_head":"<!-- This site is optimized with the Yoast SEO plugin v27.5 - https:\/\/yoast.com\/product\/yoast-seo-wordpress\/ -->\n<title>Verpasste berufliche Karriere? - Organisator<\/title>\n<meta name=\"description\" content=\"Viele tr\u00e4umen von einer andauerenden beruflichen Karriere, doch nur die wenigsten schaffen es auch wirklich das Niveau zu halten.\" \/>\n<meta name=\"robots\" content=\"index, follow, max-snippet:-1, max-image-preview:large, max-video-preview:-1\" \/>\n<link rel=\"canonical\" href=\"https:\/\/www.organisator.ch\/fr\/general\/2017-10-17\/verpasste-berufliche-karriere-was-tun\/\" \/>\n<meta property=\"og:locale\" content=\"fr_FR\" \/>\n<meta property=\"og:type\" content=\"article\" \/>\n<meta property=\"og:title\" content=\"Verpasste berufliche Karriere? - Organisator\" \/>\n<meta property=\"og:description\" content=\"Viele tr\u00e4umen von einer andauerenden beruflichen Karriere, doch nur die wenigsten schaffen es auch wirklich das Niveau zu halten.\" \/>\n<meta property=\"og:url\" content=\"https:\/\/www.organisator.ch\/fr\/general\/2017-10-17\/verpasste-berufliche-karriere-was-tun\/\" \/>\n<meta property=\"og:site_name\" content=\"Organisator\" \/>\n<meta property=\"article:publisher\" content=\"https:\/\/www.facebook.com\/OrganisatorFachmagazin\" \/>\n<meta property=\"article:published_time\" content=\"2017-10-17T10:01:52+00:00\" \/>\n<meta property=\"og:image\" content=\"https:\/\/www.organisator.ch\/wp-content\/uploads\/2017\/10\/Verpasste-berufliche-Karriere-Was-tun-org-organisator.jpg\" \/>\n\t<meta property=\"og:image:width\" content=\"1000\" \/>\n\t<meta property=\"og:image:height\" content=\"776\" \/>\n\t<meta property=\"og:image:type\" content=\"image\/jpeg\" \/>\n<meta name=\"author\" content=\"michael.merz\" \/>\n<meta name=\"twitter:card\" content=\"summary_large_image\" \/>\n<script type=\"application\/ld+json\" class=\"yoast-schema-graph\">{\"@context\":\"https:\\\/\\\/schema.org\",\"@graph\":[{\"@type\":\"Article\",\"@id\":\"https:\\\/\\\/www.organisator.ch\\\/it\\\/generale\\\/2017-10-17\\\/verpasste-berufliche-karriere-was-tun\\\/#article\",\"isPartOf\":{\"@id\":\"https:\\\/\\\/www.organisator.ch\\\/it\\\/generale\\\/2017-10-17\\\/verpasste-berufliche-karriere-was-tun\\\/\"},\"author\":{\"name\":\"michael.merz\",\"@id\":\"https:\\\/\\\/www.organisator.ch\\\/#\\\/schema\\\/person\\\/134708ca9321c57b0362cceb7948ffbd\"},\"headline\":\"Verpasste berufliche Karriere?\",\"datePublished\":\"2017-10-17T10:01:52+00:00\",\"mainEntityOfPage\":{\"@id\":\"https:\\\/\\\/www.organisator.ch\\\/it\\\/generale\\\/2017-10-17\\\/verpasste-berufliche-karriere-was-tun\\\/\"},\"wordCount\":456,\"commentCount\":0,\"publisher\":{\"@id\":\"https:\\\/\\\/www.organisator.ch\\\/#organization\"},\"image\":{\"@id\":\"https:\\\/\\\/www.organisator.ch\\\/it\\\/generale\\\/2017-10-17\\\/verpasste-berufliche-karriere-was-tun\\\/#primaryimage\"},\"thumbnailUrl\":\"https:\\\/\\\/www.organisator.ch\\\/wp-content\\\/uploads\\\/2017\\\/10\\\/Verpasste-berufliche-Karriere-Was-tun-org-organisator.jpg\",\"keywords\":[\"Checklisten\",\"Karriere Tipps\"],\"articleSection\":[\"Allgemein\"],\"inLanguage\":\"fr-FR\"},{\"@type\":\"WebPage\",\"@id\":\"https:\\\/\\\/www.organisator.ch\\\/it\\\/generale\\\/2017-10-17\\\/verpasste-berufliche-karriere-was-tun\\\/\",\"url\":\"https:\\\/\\\/www.organisator.ch\\\/it\\\/generale\\\/2017-10-17\\\/verpasste-berufliche-karriere-was-tun\\\/\",\"name\":\"Verpasste berufliche Karriere? - Organisator\",\"isPartOf\":{\"@id\":\"https:\\\/\\\/www.organisator.ch\\\/#website\"},\"primaryImageOfPage\":{\"@id\":\"https:\\\/\\\/www.organisator.ch\\\/it\\\/generale\\\/2017-10-17\\\/verpasste-berufliche-karriere-was-tun\\\/#primaryimage\"},\"image\":{\"@id\":\"https:\\\/\\\/www.organisator.ch\\\/it\\\/generale\\\/2017-10-17\\\/verpasste-berufliche-karriere-was-tun\\\/#primaryimage\"},\"thumbnailUrl\":\"https:\\\/\\\/www.organisator.ch\\\/wp-content\\\/uploads\\\/2017\\\/10\\\/Verpasste-berufliche-Karriere-Was-tun-org-organisator.jpg\",\"datePublished\":\"2017-10-17T10:01:52+00:00\",\"description\":\"Viele tr\u00e4umen von einer andauerenden beruflichen Karriere, doch nur die wenigsten schaffen es auch wirklich das Niveau zu halten.\",\"breadcrumb\":{\"@id\":\"https:\\\/\\\/www.organisator.ch\\\/it\\\/generale\\\/2017-10-17\\\/verpasste-berufliche-karriere-was-tun\\\/#breadcrumb\"},\"inLanguage\":\"fr-FR\",\"potentialAction\":[{\"@type\":\"ReadAction\",\"target\":[\"https:\\\/\\\/www.organisator.ch\\\/it\\\/generale\\\/2017-10-17\\\/verpasste-berufliche-karriere-was-tun\\\/\"]}]},{\"@type\":\"ImageObject\",\"inLanguage\":\"fr-FR\",\"@id\":\"https:\\\/\\\/www.organisator.ch\\\/it\\\/generale\\\/2017-10-17\\\/verpasste-berufliche-karriere-was-tun\\\/#primaryimage\",\"url\":\"https:\\\/\\\/www.organisator.ch\\\/wp-content\\\/uploads\\\/2017\\\/10\\\/Verpasste-berufliche-Karriere-Was-tun-org-organisator.jpg\",\"contentUrl\":\"https:\\\/\\\/www.organisator.ch\\\/wp-content\\\/uploads\\\/2017\\\/10\\\/Verpasste-berufliche-Karriere-Was-tun-org-organisator.jpg\",\"width\":1000,\"height\":776,\"caption\":\"Nicht bef\u00f6rdert zu werden, ist kein Weltuntergang. Gleichzeit sollte man nicht aus Missmut die Arme verschr\u00e4nken. (Bild: depositphotos)\"},{\"@type\":\"BreadcrumbList\",\"@id\":\"https:\\\/\\\/www.organisator.ch\\\/it\\\/generale\\\/2017-10-17\\\/verpasste-berufliche-karriere-was-tun\\\/#breadcrumb\",\"itemListElement\":[{\"@type\":\"ListItem\",\"position\":1,\"name\":\"Home\",\"item\":\"https:\\\/\\\/www.organisator.ch\\\/\"},{\"@type\":\"ListItem\",\"position\":2,\"name\":\"Verpasste berufliche Karriere?\"}]},{\"@type\":\"WebSite\",\"@id\":\"https:\\\/\\\/www.organisator.ch\\\/#website\",\"url\":\"https:\\\/\\\/www.organisator.ch\\\/\",\"name\":\"Organisator\",\"description\":\"Kompetent. Praxisnah. Der ORGANISATOR bereitet in 10 Ausgaben pro Jahr die wesentlichen Themen f\u00fcr F\u00fchrungskr\u00e4fte von KMU auf.\",\"publisher\":{\"@id\":\"https:\\\/\\\/www.organisator.ch\\\/#organization\"},\"potentialAction\":[{\"@type\":\"SearchAction\",\"target\":{\"@type\":\"EntryPoint\",\"urlTemplate\":\"https:\\\/\\\/www.organisator.ch\\\/?s={search_term_string}\"},\"query-input\":{\"@type\":\"PropertyValueSpecification\",\"valueRequired\":true,\"valueName\":\"search_term_string\"}}],\"inLanguage\":\"fr-FR\"},{\"@type\":\"Organization\",\"@id\":\"https:\\\/\\\/www.organisator.ch\\\/#organization\",\"name\":\"Organisator\",\"url\":\"https:\\\/\\\/www.organisator.ch\\\/\",\"logo\":{\"@type\":\"ImageObject\",\"inLanguage\":\"fr-FR\",\"@id\":\"https:\\\/\\\/www.organisator.ch\\\/#\\\/schema\\\/logo\\\/image\\\/\",\"url\":\"https:\\\/\\\/www.organisator.ch\\\/wp-content\\\/uploads\\\/2022\\\/01\\\/Logo_Organisator_Website.png\",\"contentUrl\":\"https:\\\/\\\/www.organisator.ch\\\/wp-content\\\/uploads\\\/2022\\\/01\\\/Logo_Organisator_Website.png\",\"width\":800,\"height\":77,\"caption\":\"Organisator\"},\"image\":{\"@id\":\"https:\\\/\\\/www.organisator.ch\\\/#\\\/schema\\\/logo\\\/image\\\/\"},\"sameAs\":[\"https:\\\/\\\/www.facebook.com\\\/OrganisatorFachmagazin\",\"https:\\\/\\\/www.linkedin.com\\\/showcase\\\/organisator-das-magazin-fr-kmu\",\"https:\\\/\\\/www.xing.com\\\/news\\\/pages\\\/organisator-ch-695\",\"https:\\\/\\\/www.youtube.com\\\/channel\\\/UCGP2Sq0iWaZwT3BdIAQFYpw\"]},{\"@type\":\"Person\",\"@id\":\"https:\\\/\\\/www.organisator.ch\\\/#\\\/schema\\\/person\\\/134708ca9321c57b0362cceb7948ffbd\",\"name\":\"michael.merz\",\"image\":{\"@type\":\"ImageObject\",\"inLanguage\":\"fr-FR\",\"@id\":\"https:\\\/\\\/secure.gravatar.com\\\/avatar\\\/?s=96&d=mm&r=g\",\"url\":\"https:\\\/\\\/secure.gravatar.com\\\/avatar\\\/?s=96&d=mm&r=g\",\"contentUrl\":\"https:\\\/\\\/secure.gravatar.com\\\/avatar\\\/?s=96&d=mm&r=g\",\"caption\":\"michael.merz\"},\"url\":\"https:\\\/\\\/www.organisator.ch\\\/fr\\\/author\\\/michael-merz\\\/\"}]}<\/script>\n<!-- \/ Yoast SEO plugin. -->","yoast_head_json":{"title":"Une carri\u00e8re professionnelle manqu\u00e9e ? - Organisateur","description":"Beaucoup r\u00eavent d'une carri\u00e8re professionnelle durable, mais rares sont ceux qui parviennent \u00e0 maintenir le niveau.","robots":{"index":"index","follow":"follow","max-snippet":"max-snippet:-1","max-image-preview":"max-image-preview:large","max-video-preview":"max-video-preview:-1"},"canonical":"https:\/\/www.organisator.ch\/fr\/general\/2017-10-17\/verpasste-berufliche-karriere-was-tun\/","og_locale":"fr_FR","og_type":"article","og_title":"Verpasste berufliche Karriere? - Organisator","og_description":"Viele tr\u00e4umen von einer andauerenden beruflichen Karriere, doch nur die wenigsten schaffen es auch wirklich das Niveau zu halten.","og_url":"https:\/\/www.organisator.ch\/fr\/general\/2017-10-17\/verpasste-berufliche-karriere-was-tun\/","og_site_name":"Organisator","article_publisher":"https:\/\/www.facebook.com\/OrganisatorFachmagazin","article_published_time":"2017-10-17T10:01:52+00:00","og_image":[{"width":1000,"height":776,"url":"https:\/\/www.organisator.ch\/wp-content\/uploads\/2017\/10\/Verpasste-berufliche-Karriere-Was-tun-org-organisator.jpg","type":"image\/jpeg"}],"author":"michael.merz","twitter_card":"summary_large_image","schema":{"@context":"https:\/\/schema.org","@graph":[{"@type":"Article","@id":"https:\/\/www.organisator.ch\/it\/generale\/2017-10-17\/verpasste-berufliche-karriere-was-tun\/#article","isPartOf":{"@id":"https:\/\/www.organisator.ch\/it\/generale\/2017-10-17\/verpasste-berufliche-karriere-was-tun\/"},"author":{"name":"michael.merz","@id":"https:\/\/www.organisator.ch\/#\/schema\/person\/134708ca9321c57b0362cceb7948ffbd"},"headline":"Verpasste berufliche Karriere?","datePublished":"2017-10-17T10:01:52+00:00","mainEntityOfPage":{"@id":"https:\/\/www.organisator.ch\/it\/generale\/2017-10-17\/verpasste-berufliche-karriere-was-tun\/"},"wordCount":456,"commentCount":0,"publisher":{"@id":"https:\/\/www.organisator.ch\/#organization"},"image":{"@id":"https:\/\/www.organisator.ch\/it\/generale\/2017-10-17\/verpasste-berufliche-karriere-was-tun\/#primaryimage"},"thumbnailUrl":"https:\/\/www.organisator.ch\/wp-content\/uploads\/2017\/10\/Verpasste-berufliche-Karriere-Was-tun-org-organisator.jpg","keywords":["Checklisten","Karriere Tipps"],"articleSection":["Allgemein"],"inLanguage":"fr-FR"},{"@type":"WebPage","@id":"https:\/\/www.organisator.ch\/it\/generale\/2017-10-17\/verpasste-berufliche-karriere-was-tun\/","url":"https:\/\/www.organisator.ch\/it\/generale\/2017-10-17\/verpasste-berufliche-karriere-was-tun\/","name":"Une carri\u00e8re professionnelle manqu\u00e9e ? - Organisateur","isPartOf":{"@id":"https:\/\/www.organisator.ch\/#website"},"primaryImageOfPage":{"@id":"https:\/\/www.organisator.ch\/it\/generale\/2017-10-17\/verpasste-berufliche-karriere-was-tun\/#primaryimage"},"image":{"@id":"https:\/\/www.organisator.ch\/it\/generale\/2017-10-17\/verpasste-berufliche-karriere-was-tun\/#primaryimage"},"thumbnailUrl":"https:\/\/www.organisator.ch\/wp-content\/uploads\/2017\/10\/Verpasste-berufliche-Karriere-Was-tun-org-organisator.jpg","datePublished":"2017-10-17T10:01:52+00:00","description":"Beaucoup r\u00eavent d'une carri\u00e8re professionnelle durable, mais rares sont ceux qui parviennent \u00e0 maintenir le niveau.","breadcrumb":{"@id":"https:\/\/www.organisator.ch\/it\/generale\/2017-10-17\/verpasste-berufliche-karriere-was-tun\/#breadcrumb"},"inLanguage":"fr-FR","potentialAction":[{"@type":"ReadAction","target":["https:\/\/www.organisator.ch\/it\/generale\/2017-10-17\/verpasste-berufliche-karriere-was-tun\/"]}]},{"@type":"ImageObject","inLanguage":"fr-FR","@id":"https:\/\/www.organisator.ch\/it\/generale\/2017-10-17\/verpasste-berufliche-karriere-was-tun\/#primaryimage","url":"https:\/\/www.organisator.ch\/wp-content\/uploads\/2017\/10\/Verpasste-berufliche-Karriere-Was-tun-org-organisator.jpg","contentUrl":"https:\/\/www.organisator.ch\/wp-content\/uploads\/2017\/10\/Verpasste-berufliche-Karriere-Was-tun-org-organisator.jpg","width":1000,"height":776,"caption":"Nicht bef\u00f6rdert zu werden, ist kein Weltuntergang. Gleichzeit sollte man nicht aus Missmut die Arme verschr\u00e4nken. (Bild: depositphotos)"},{"@type":"BreadcrumbList","@id":"https:\/\/www.organisator.ch\/it\/generale\/2017-10-17\/verpasste-berufliche-karriere-was-tun\/#breadcrumb","itemListElement":[{"@type":"ListItem","position":1,"name":"Home","item":"https:\/\/www.organisator.ch\/"},{"@type":"ListItem","position":2,"name":"Verpasste berufliche Karriere?"}]},{"@type":"WebSite","@id":"https:\/\/www.organisator.ch\/#website","url":"https:\/\/www.organisator.ch\/","name":"Organisateur","description":"Comp\u00e9tence et comp\u00e9tence. Proches de la pratique. L'ORGANISATEUR pr\u00e9pare 10 num\u00e9ros par an sur les th\u00e8mes essentiels pour les dirigeants de PME.","publisher":{"@id":"https:\/\/www.organisator.ch\/#organization"},"potentialAction":[{"@type":"SearchAction","target":{"@type":"EntryPoint","urlTemplate":"https:\/\/www.organisator.ch\/?s={search_term_string}"},"query-input":{"@type":"PropertyValueSpecification","valueRequired":true,"valueName":"search_term_string"}}],"inLanguage":"fr-FR"},{"@type":"Organization","@id":"https:\/\/www.organisator.ch\/#organization","name":"Organisateur","url":"https:\/\/www.organisator.ch\/","logo":{"@type":"ImageObject","inLanguage":"fr-FR","@id":"https:\/\/www.organisator.ch\/#\/schema\/logo\/image\/","url":"https:\/\/www.organisator.ch\/wp-content\/uploads\/2022\/01\/Logo_Organisator_Website.png","contentUrl":"https:\/\/www.organisator.ch\/wp-content\/uploads\/2022\/01\/Logo_Organisator_Website.png","width":800,"height":77,"caption":"Organisator"},"image":{"@id":"https:\/\/www.organisator.ch\/#\/schema\/logo\/image\/"},"sameAs":["https:\/\/www.facebook.com\/OrganisatorFachmagazin","https:\/\/www.linkedin.com\/showcase\/organisator-das-magazin-fr-kmu","https:\/\/www.xing.com\/news\/pages\/organisator-ch-695","https:\/\/www.youtube.com\/channel\/UCGP2Sq0iWaZwT3BdIAQFYpw"]},{"@type":"Person","@id":"https:\/\/www.organisator.ch\/#\/schema\/person\/134708ca9321c57b0362cceb7948ffbd","name":"michael.merz","image":{"@type":"ImageObject","inLanguage":"fr-FR","@id":"https:\/\/secure.gravatar.com\/avatar\/?s=96&d=mm&r=g","url":"https:\/\/secure.gravatar.com\/avatar\/?s=96&d=mm&r=g","contentUrl":"https:\/\/secure.gravatar.com\/avatar\/?s=96&d=mm&r=g","caption":"michael.merz"},"url":"https:\/\/www.organisator.ch\/fr\/author\/michael-merz\/"}]}},"_links":{"self":[{"href":"https:\/\/www.organisator.ch\/fr\/wp-json\/wp\/v2\/posts\/2580","targetHints":{"allow":["GET"]}}],"collection":[{"href":"https:\/\/www.organisator.ch\/fr\/wp-json\/wp\/v2\/posts"}],"about":[{"href":"https:\/\/www.organisator.ch\/fr\/wp-json\/wp\/v2\/types\/post"}],"author":[{"embeddable":true,"href":"https:\/\/www.organisator.ch\/fr\/wp-json\/wp\/v2\/users\/5"}],"replies":[{"embeddable":true,"href":"https:\/\/www.organisator.ch\/fr\/wp-json\/wp\/v2\/comments?post=2580"}],"version-history":[{"count":0,"href":"https:\/\/www.organisator.ch\/fr\/wp-json\/wp\/v2\/posts\/2580\/revisions"}],"wp:featuredmedia":[{"embeddable":true,"href":"https:\/\/www.organisator.ch\/fr\/wp-json\/wp\/v2\/media\/2581"}],"wp:attachment":[{"href":"https:\/\/www.organisator.ch\/fr\/wp-json\/wp\/v2\/media?parent=2580"}],"wp:term":[{"taxonomy":"category","embeddable":true,"href":"https:\/\/www.organisator.ch\/fr\/wp-json\/wp\/v2\/categories?post=2580"},{"taxonomy":"post_tag","embeddable":true,"href":"https:\/\/www.organisator.ch\/fr\/wp-json\/wp\/v2\/tags?post=2580"}],"curies":[{"name":"wp","href":"https:\/\/api.w.org\/{rel}","templated":true}]}}