{"id":25810,"date":"2024-03-12T07:03:59","date_gmt":"2024-03-12T06:03:59","guid":{"rendered":"https:\/\/www.organisator.ch\/?p=25810"},"modified":"2024-03-28T09:15:06","modified_gmt":"2024-03-28T08:15:06","slug":"schweizer-unternehmen-beschaeftigungstrends-im-zweiten-quartal-2024","status":"publish","type":"post","link":"https:\/\/www.organisator.ch\/fr\/human-resources\/hrm\/2024-03-12\/schweizer-unternehmen-beschaeftigungstrends-im-zweiten-quartal-2024\/","title":{"rendered":"entreprises suisses : Tendances de l'emploi au deuxi\u00e8me trimestre 2024"},"content":{"rendered":"<figure id=\"attachment_25815\" aria-describedby=\"caption-attachment-25815\" style=\"width: 680px\" class=\"wp-caption alignnone\"><img loading=\"lazy\" decoding=\"async\" class=\"size-full wp-image-25815\" src=\"https:\/\/www.organisator.ch\/wp-content\/uploads\/2024\/03\/Manpower-Group_Bild1_ps.jpg\" alt=\"\" width=\"680\" height=\"454\" srcset=\"https:\/\/www.organisator.ch\/wp-content\/uploads\/2024\/03\/Manpower-Group_Bild1_ps.jpg 680w, https:\/\/www.organisator.ch\/wp-content\/uploads\/2024\/03\/Manpower-Group_Bild1_ps-18x12.jpg 18w, https:\/\/www.organisator.ch\/wp-content\/uploads\/2024\/03\/Manpower-Group_Bild1_ps-375x250.jpg 375w, https:\/\/www.organisator.ch\/wp-content\/uploads\/2024\/03\/Manpower-Group_Bild1_ps-524x350.jpg 524w\" sizes=\"auto, (max-width: 680px) 100vw, 680px\" \/><figcaption id=\"caption-attachment-25815\" class=\"wp-caption-text\">La Suisse occupe la deuxi\u00e8me place dans la r\u00e9gion EMEA o\u00f9 les intentions de recrutement sont les plus fortes. (Image : www.depositphotos.com)<\/figcaption><\/figure>\n<p>Selon le dernier sondage ManpowerGroup sur les perspectives d'emploi, l'optimisme reste de mise en Suisse : Le solde net d'emploi corrig\u00e9 des variations saisonni\u00e8res de 29% - bien qu'en baisse de 2 points par rapport au trimestre pr\u00e9c\u00e9dent et de 4 points par rapport \u00e0 l'ann\u00e9e derni\u00e8re - indique que la demande de talents se maintient, bien que dans une moindre mesure.<\/p>\n<p>\"Malgr\u00e9 le ralentissement du march\u00e9 et une l\u00e9g\u00e8re tendance n\u00e9gative mise en \u00e9vidence par l'enqu\u00eate ManpowerGroup, les intentions de recrutement restent stables. La p\u00e9nurie persistante de personnel qualifi\u00e9, les changements d\u00e9mographiques, ainsi que les tendances transformatrices telles que l'IA et les pr\u00e9occupations environnementales continuent de stimuler la demande de nouveaux talents et d'encourager les intentions d'embauche\", a d\u00e9clar\u00e9 Eric Jeannerod, Country Manager ManpowerGroup Suisse.<\/p>\n<figure id=\"attachment_25812\" aria-describedby=\"caption-attachment-25812\" style=\"width: 680px\" class=\"wp-caption alignnone\"><img loading=\"lazy\" decoding=\"async\" class=\"size-full wp-image-25812\" src=\"https:\/\/www.organisator.ch\/wp-content\/uploads\/2024\/03\/Manpower-Group_Grafik1_ps.jpg\" alt=\"\" width=\"680\" height=\"241\" srcset=\"https:\/\/www.organisator.ch\/wp-content\/uploads\/2024\/03\/Manpower-Group_Grafik1_ps.jpg 680w, https:\/\/www.organisator.ch\/wp-content\/uploads\/2024\/03\/Manpower-Group_Grafik1_ps-18x6.jpg 18w, https:\/\/www.organisator.ch\/wp-content\/uploads\/2024\/03\/Manpower-Group_Grafik1_ps-375x133.jpg 375w\" sizes=\"auto, (max-width: 680px) 100vw, 680px\" \/><figcaption id=\"caption-attachment-25812\" class=\"wp-caption-text\">(Image : www.manpowergroup.com)<\/figcaption><\/figure>\n<p><strong>La Suisse est une exception<\/strong><\/p>\n<p>Partout dans le monde, les employeurs se pr\u00e9parent \u00e0 une \u00e9ventuelle volatilit\u00e9 en 2024, les tensions g\u00e9opolitiques \u00e9tant une source d'inqui\u00e9tude malgr\u00e9 la reprise \u00e9conomique pr\u00e9vue et le ralentissement de l'inflation. La prudence dans les intentions d'embauche s'observe dans toutes les r\u00e9gions : 39 pays sur 41 signalent une baisse des intentions d'embauche de -6 points en moyenne par rapport au trimestre pr\u00e9c\u00e9dent et de -5 points en comparaison annuelle.<\/p>\n<p>La Suisse s'en sort bien en comparaison europ\u00e9enne et occupe la deuxi\u00e8me place dans la zone \u00e9conomique Europe, Moyen-Orient et Afrique (EMEA) avec des intentions d'embauche sup\u00e9rieures de 14 points \u00e0 la moyenne r\u00e9gionale. La premi\u00e8re place est occup\u00e9e par les Pays-Bas, avec des perspectives nettes d'emploi de 32%. Dans les pays voisins de la Suisse, les intentions d'embauche restent \u00e9galement positives, mais \u00e0 un niveau nettement inf\u00e9rieur \u00e0 celui des trimestres pr\u00e9c\u00e9dents : En France, 18% des employeurs pr\u00e9voient d'embaucher, contre 17% en Autriche et en Allemagne et 9% en Italie.<\/p>\n<figure id=\"attachment_25813\" aria-describedby=\"caption-attachment-25813\" style=\"width: 680px\" class=\"wp-caption alignnone\"><img loading=\"lazy\" decoding=\"async\" class=\"size-full wp-image-25813\" src=\"https:\/\/www.organisator.ch\/wp-content\/uploads\/2024\/03\/Manpower-Group_Grafik2_ps.jpg\" alt=\"\" width=\"680\" height=\"413\" srcset=\"https:\/\/www.organisator.ch\/wp-content\/uploads\/2024\/03\/Manpower-Group_Grafik2_ps.jpg 680w, https:\/\/www.organisator.ch\/wp-content\/uploads\/2024\/03\/Manpower-Group_Grafik2_ps-18x12.jpg 18w, https:\/\/www.organisator.ch\/wp-content\/uploads\/2024\/03\/Manpower-Group_Grafik2_ps-375x228.jpg 375w, https:\/\/www.organisator.ch\/wp-content\/uploads\/2024\/03\/Manpower-Group_Grafik2_ps-576x350.jpg 576w\" sizes=\"auto, (max-width: 680px) 100vw, 680px\" \/><figcaption id=\"caption-attachment-25813\" class=\"wp-caption-text\">(Image : www.manpowergroup.com)<\/figcaption><\/figure>\n<p><strong>Le Tessin est le grand perdant<\/strong><\/p>\n<p>Six des sept r\u00e9gions suisses annoncent des perspectives d'emploi positives pour le deuxi\u00e8me trimestre 2024, les valeurs variant entre 21% et 50%. Bien que la p\u00e9nurie persistante de personnel maintienne les perspectives \u00e0 un niveau \u00e9lev\u00e9, les employeurs suisses se montrent un peu plus prudents qu'auparavant en mati\u00e8re de recrutement. Le paysage de l'emploi en Suisse sera confront\u00e9 \u00e0 des d\u00e9fis au cours du prochain trimestre, principalement en raison des difficult\u00e9s \u00e9conomiques de l'ann\u00e9e pass\u00e9e et de la baisse de la demande mondiale.<\/p>\n<p>Cette situation se refl\u00e8te dans le Tessin, une r\u00e9gion o\u00f9 le secteur de la production est important et o\u00f9 le recul de la demande a entra\u00een\u00e9 une baisse des opportunit\u00e9s d'emploi.  Le Tessin annonce des perspectives n\u00e9gatives de -14% (une baisse de 40 points depuis le dernier trimestre et de 33 points depuis le m\u00eame trimestre de l'ann\u00e9e pr\u00e9c\u00e9dente).<\/p>\n<p>En comparaison avec le 1er trimestre 2024, les perspectives d'emploi sont en baisse dans deux autres r\u00e9gions (Espace Mittelland -6% et Zurich -4%). Toutefois, en comparaison annuelle, les perspectives d'emploi progressent dans cinq r\u00e9gions (R\u00e9gion l\u00e9manique +20 points, Suisse du Nord-Ouest +19 points, Suisse centrale +14 points, Zurich +10 points et Suisse orientale +1 point).<\/p>\n<p><strong>Des pertes marqu\u00e9es dans certains secteurs<\/strong><\/p>\n<p>L'examen des diff\u00e9rents secteurs d'activit\u00e9 montre que 8 des 9 secteurs interrog\u00e9s pr\u00e9voient d'embaucher. Les intentions nettes d'embauche les plus \u00e9lev\u00e9es sont rapport\u00e9es par les entreprises des secteurs suivants : Sant\u00e9 et sciences de la vie (44%), Activit\u00e9s financi\u00e8res et immobili\u00e8res (43%), Transport, logistique et industrie automobile (42%), Biens de consommation et services (41%). Le secteur \"Services de communication\" annonce une pr\u00e9vision n\u00e9gative de -8%, soit une baisse de 54 points depuis le dernier trimestre et de 74 points depuis le m\u00eame trimestre de l'ann\u00e9e pr\u00e9c\u00e9dente.\u00a0<\/p>\n<figure id=\"attachment_25814\" aria-describedby=\"caption-attachment-25814\" style=\"width: 680px\" class=\"wp-caption alignnone\"><img loading=\"lazy\" decoding=\"async\" class=\"size-full wp-image-25814\" src=\"https:\/\/www.organisator.ch\/wp-content\/uploads\/2024\/03\/Manpower-Group_Grafik3_ps.jpg\" alt=\"\" width=\"680\" height=\"179\" srcset=\"https:\/\/www.organisator.ch\/wp-content\/uploads\/2024\/03\/Manpower-Group_Grafik3_ps.jpg 680w, https:\/\/www.organisator.ch\/wp-content\/uploads\/2024\/03\/Manpower-Group_Grafik3_ps-18x5.jpg 18w, https:\/\/www.organisator.ch\/wp-content\/uploads\/2024\/03\/Manpower-Group_Grafik3_ps-375x99.jpg 375w\" sizes=\"auto, (max-width: 680px) 100vw, 680px\" \/><figcaption id=\"caption-attachment-25814\" class=\"wp-caption-text\">(Image : www.manpowergroup.com)<\/figcaption><\/figure>\n<p>Avec une valeur de 21%, les entreprises du secteur IT ont enregistr\u00e9 leurs perspectives d'emploi les plus faibles depuis le d\u00e9but de l'ann\u00e9e 2022, soit une forte baisse de 41 points par rapport au premier trimestre 2024 ; en comparaison annuelle, les perspectives d'emploi ont chut\u00e9 de 15 points.<\/p>\n<p>En ce qui concerne la taille des entreprises, les moyennes et grandes entreprises pr\u00e9voient d'embaucher, \u00e0 l'exception des entreprises de moins de 10 employ\u00e9s (qui signalent un NEO n\u00e9gatif de -16%). Les entreprises de 50 \u00e0 249 employ\u00e9s affichent les intentions d'embauche les plus \u00e9lev\u00e9es (45 %) pour le deuxi\u00e8me trimestre 2024, suivies par les entreprises de 250 \u00e0 999 employ\u00e9s (38 %).<\/p>\n<p><em>Source : <a href=\"http:\/\/www.manpowergroup.com\">www.manpowergroup.com<\/a><\/em><\/p>","protected":false},"excerpt":{"rendered":"<p>Malgr\u00e9 les d\u00e9fis \u00e9conomiques, les perspectives d'embauche en Suisse restent positives pour le deuxi\u00e8me trimestre 2024. La Suisse se distingue au milieu de la volatilit\u00e9 mondiale et se place en deuxi\u00e8me position dans la r\u00e9gion EMEA avec les intentions d'embauche les plus fortes.<\/p>","protected":false},"author":58,"featured_media":25815,"comment_status":"closed","ping_status":"closed","sticky":false,"template":"","format":"standard","meta":{"_acf_changed":false,"_yoast_wpseo_focuskw":"Besch\u00e4ftigungstrends","_yoast_wpseo_metadesc":"Trotz wirtschaftlicher Herausforderungen bleiben die Schweizer Einstellungsaussichten f\u00fcr das zweite Quartal 2024 positiv.","articlekey":"","footnotes":""},"categories":[26],"tags":[254,424,487,492],"class_list":["post-25810","post","type-post","status-publish","format-standard","has-post-thumbnail","hentry","category-hrm","tag-hrm","tag-schweiz","tag-umfrage","tag-unternehmen"],"acf":[],"yoast_head":"<!-- This site is optimized with the Yoast SEO plugin v27.4 - https:\/\/yoast.com\/product\/yoast-seo-wordpress\/ -->\n<title>Schweizer Unternehmen: Besch\u00e4ftigungstrends im zweiten Quartal 2024 - Organisator<\/title>\n<meta name=\"description\" content=\"Trotz wirtschaftlicher Herausforderungen bleiben die Schweizer Einstellungsaussichten f\u00fcr das zweite Quartal 2024 positiv.\" \/>\n<meta name=\"robots\" content=\"index, follow, max-snippet:-1, max-image-preview:large, max-video-preview:-1\" \/>\n<link rel=\"canonical\" href=\"https:\/\/www.organisator.ch\/fr\/ressources-humaines\/hrm\/2024-03-12\/schweizer-unternehmen-beschaeftigungstrends-im-zweiten-quartal-2024\/\" \/>\n<meta property=\"og:locale\" content=\"fr_FR\" \/>\n<meta property=\"og:type\" content=\"article\" \/>\n<meta property=\"og:title\" content=\"Schweizer Unternehmen: Besch\u00e4ftigungstrends im zweiten Quartal 2024\" \/>\n<meta property=\"og:description\" content=\"Trotz wirtschaftlicher Herausforderungen bleiben die Schweizer Einstellungsaussichten f\u00fcr das zweite Quartal 2024 positiv.\" \/>\n<meta property=\"og:url\" content=\"https:\/\/www.organisator.ch\/fr\/ressources-humaines\/hrm\/2024-03-12\/schweizer-unternehmen-beschaeftigungstrends-im-zweiten-quartal-2024\/\" \/>\n<meta property=\"og:site_name\" content=\"Organisator\" \/>\n<meta property=\"article:publisher\" content=\"https:\/\/www.facebook.com\/OrganisatorFachmagazin\" \/>\n<meta property=\"article:published_time\" content=\"2024-03-12T06:03:59+00:00\" \/>\n<meta property=\"article:modified_time\" content=\"2024-03-28T08:15:06+00:00\" \/>\n<meta property=\"og:image\" content=\"https:\/\/www.organisator.ch\/wp-content\/uploads\/2024\/03\/Manpower-Group_Bild1_ps.jpg\" \/>\n\t<meta property=\"og:image:width\" content=\"680\" \/>\n\t<meta property=\"og:image:height\" content=\"454\" \/>\n\t<meta property=\"og:image:type\" content=\"image\/jpeg\" \/>\n<meta name=\"author\" content=\"Adelisa Kalajdzini\" \/>\n<meta name=\"twitter:card\" content=\"summary_large_image\" \/>\n<meta name=\"twitter:title\" content=\"Schweizer Unternehmen: Besch\u00e4ftigungstrends im zweiten Quartal 2024\" \/>\n<meta name=\"twitter:description\" content=\"Trotz wirtschaftlicher Herausforderungen bleiben die #Schweizer #Einstellungsaussichten f\u00fcr das #zweite #Quartal #2024 #positiv.\" \/>\n<meta name=\"twitter:image\" content=\"https:\/\/www.organisator.ch\/wp-content\/uploads\/2024\/03\/Manpower-Group_Bild1_ps.jpg\" \/>\n<script type=\"application\/ld+json\" class=\"yoast-schema-graph\">{\"@context\":\"https:\\\/\\\/schema.org\",\"@graph\":[{\"@type\":\"Article\",\"@id\":\"https:\\\/\\\/www.organisator.ch\\\/human-resources\\\/hrm\\\/2024-03-12\\\/schweizer-unternehmen-beschaeftigungstrends-im-zweiten-quartal-2024\\\/#article\",\"isPartOf\":{\"@id\":\"https:\\\/\\\/www.organisator.ch\\\/human-resources\\\/hrm\\\/2024-03-12\\\/schweizer-unternehmen-beschaeftigungstrends-im-zweiten-quartal-2024\\\/\"},\"author\":{\"name\":\"Adelisa Kalajdzini\",\"@id\":\"https:\\\/\\\/www.organisator.ch\\\/#\\\/schema\\\/person\\\/2e1314a2172123f874db408d8911d3f3\"},\"headline\":\"Schweizer Unternehmen: Besch\u00e4ftigungstrends im zweiten Quartal 2024\",\"datePublished\":\"2024-03-12T06:03:59+00:00\",\"dateModified\":\"2024-03-28T08:15:06+00:00\",\"mainEntityOfPage\":{\"@id\":\"https:\\\/\\\/www.organisator.ch\\\/human-resources\\\/hrm\\\/2024-03-12\\\/schweizer-unternehmen-beschaeftigungstrends-im-zweiten-quartal-2024\\\/\"},\"wordCount\":657,\"publisher\":{\"@id\":\"https:\\\/\\\/www.organisator.ch\\\/#organization\"},\"image\":{\"@id\":\"https:\\\/\\\/www.organisator.ch\\\/human-resources\\\/hrm\\\/2024-03-12\\\/schweizer-unternehmen-beschaeftigungstrends-im-zweiten-quartal-2024\\\/#primaryimage\"},\"thumbnailUrl\":\"https:\\\/\\\/www.organisator.ch\\\/wp-content\\\/uploads\\\/2024\\\/03\\\/Manpower-Group_Bild1_ps.jpg\",\"keywords\":[\"HRM\",\"Schweiz\",\"Umfrage\",\"Unternehmen\"],\"articleSection\":[\"HRM\"],\"inLanguage\":\"fr-FR\"},{\"@type\":\"WebPage\",\"@id\":\"https:\\\/\\\/www.organisator.ch\\\/human-resources\\\/hrm\\\/2024-03-12\\\/schweizer-unternehmen-beschaeftigungstrends-im-zweiten-quartal-2024\\\/\",\"url\":\"https:\\\/\\\/www.organisator.ch\\\/human-resources\\\/hrm\\\/2024-03-12\\\/schweizer-unternehmen-beschaeftigungstrends-im-zweiten-quartal-2024\\\/\",\"name\":\"Schweizer Unternehmen: Besch\u00e4ftigungstrends im zweiten Quartal 2024 - Organisator\",\"isPartOf\":{\"@id\":\"https:\\\/\\\/www.organisator.ch\\\/#website\"},\"primaryImageOfPage\":{\"@id\":\"https:\\\/\\\/www.organisator.ch\\\/human-resources\\\/hrm\\\/2024-03-12\\\/schweizer-unternehmen-beschaeftigungstrends-im-zweiten-quartal-2024\\\/#primaryimage\"},\"image\":{\"@id\":\"https:\\\/\\\/www.organisator.ch\\\/human-resources\\\/hrm\\\/2024-03-12\\\/schweizer-unternehmen-beschaeftigungstrends-im-zweiten-quartal-2024\\\/#primaryimage\"},\"thumbnailUrl\":\"https:\\\/\\\/www.organisator.ch\\\/wp-content\\\/uploads\\\/2024\\\/03\\\/Manpower-Group_Bild1_ps.jpg\",\"datePublished\":\"2024-03-12T06:03:59+00:00\",\"dateModified\":\"2024-03-28T08:15:06+00:00\",\"description\":\"Trotz wirtschaftlicher Herausforderungen bleiben die Schweizer Einstellungsaussichten f\u00fcr das zweite Quartal 2024 positiv.\",\"breadcrumb\":{\"@id\":\"https:\\\/\\\/www.organisator.ch\\\/human-resources\\\/hrm\\\/2024-03-12\\\/schweizer-unternehmen-beschaeftigungstrends-im-zweiten-quartal-2024\\\/#breadcrumb\"},\"inLanguage\":\"fr-FR\",\"potentialAction\":[{\"@type\":\"ReadAction\",\"target\":[\"https:\\\/\\\/www.organisator.ch\\\/human-resources\\\/hrm\\\/2024-03-12\\\/schweizer-unternehmen-beschaeftigungstrends-im-zweiten-quartal-2024\\\/\"]}]},{\"@type\":\"ImageObject\",\"inLanguage\":\"fr-FR\",\"@id\":\"https:\\\/\\\/www.organisator.ch\\\/human-resources\\\/hrm\\\/2024-03-12\\\/schweizer-unternehmen-beschaeftigungstrends-im-zweiten-quartal-2024\\\/#primaryimage\",\"url\":\"https:\\\/\\\/www.organisator.ch\\\/wp-content\\\/uploads\\\/2024\\\/03\\\/Manpower-Group_Bild1_ps.jpg\",\"contentUrl\":\"https:\\\/\\\/www.organisator.ch\\\/wp-content\\\/uploads\\\/2024\\\/03\\\/Manpower-Group_Bild1_ps.jpg\",\"width\":680,\"height\":454,\"caption\":\"Die Schweiz belegt den zweiten Platz in der EMEA-Region mit den st\u00e4rksten Einstellungsabsichten. (Bild: www.depositphotos.com)\"},{\"@type\":\"BreadcrumbList\",\"@id\":\"https:\\\/\\\/www.organisator.ch\\\/human-resources\\\/hrm\\\/2024-03-12\\\/schweizer-unternehmen-beschaeftigungstrends-im-zweiten-quartal-2024\\\/#breadcrumb\",\"itemListElement\":[{\"@type\":\"ListItem\",\"position\":1,\"name\":\"Home\",\"item\":\"https:\\\/\\\/www.organisator.ch\\\/\"},{\"@type\":\"ListItem\",\"position\":2,\"name\":\"Schweizer Unternehmen: Besch\u00e4ftigungstrends im zweiten Quartal 2024\"}]},{\"@type\":\"WebSite\",\"@id\":\"https:\\\/\\\/www.organisator.ch\\\/#website\",\"url\":\"https:\\\/\\\/www.organisator.ch\\\/\",\"name\":\"Organisator\",\"description\":\"Kompetent. Praxisnah. Der ORGANISATOR bereitet in 10 Ausgaben pro Jahr die wesentlichen Themen f\u00fcr F\u00fchrungskr\u00e4fte von KMU auf.\",\"publisher\":{\"@id\":\"https:\\\/\\\/www.organisator.ch\\\/#organization\"},\"potentialAction\":[{\"@type\":\"SearchAction\",\"target\":{\"@type\":\"EntryPoint\",\"urlTemplate\":\"https:\\\/\\\/www.organisator.ch\\\/?s={search_term_string}\"},\"query-input\":{\"@type\":\"PropertyValueSpecification\",\"valueRequired\":true,\"valueName\":\"search_term_string\"}}],\"inLanguage\":\"fr-FR\"},{\"@type\":\"Organization\",\"@id\":\"https:\\\/\\\/www.organisator.ch\\\/#organization\",\"name\":\"Organisator\",\"url\":\"https:\\\/\\\/www.organisator.ch\\\/\",\"logo\":{\"@type\":\"ImageObject\",\"inLanguage\":\"fr-FR\",\"@id\":\"https:\\\/\\\/www.organisator.ch\\\/#\\\/schema\\\/logo\\\/image\\\/\",\"url\":\"https:\\\/\\\/www.organisator.ch\\\/wp-content\\\/uploads\\\/2022\\\/01\\\/Logo_Organisator_Website.png\",\"contentUrl\":\"https:\\\/\\\/www.organisator.ch\\\/wp-content\\\/uploads\\\/2022\\\/01\\\/Logo_Organisator_Website.png\",\"width\":800,\"height\":77,\"caption\":\"Organisator\"},\"image\":{\"@id\":\"https:\\\/\\\/www.organisator.ch\\\/#\\\/schema\\\/logo\\\/image\\\/\"},\"sameAs\":[\"https:\\\/\\\/www.facebook.com\\\/OrganisatorFachmagazin\",\"https:\\\/\\\/www.linkedin.com\\\/showcase\\\/organisator-das-magazin-fr-kmu\",\"https:\\\/\\\/www.xing.com\\\/news\\\/pages\\\/organisator-ch-695\",\"https:\\\/\\\/www.youtube.com\\\/channel\\\/UCGP2Sq0iWaZwT3BdIAQFYpw\"]},{\"@type\":\"Person\",\"@id\":\"https:\\\/\\\/www.organisator.ch\\\/#\\\/schema\\\/person\\\/2e1314a2172123f874db408d8911d3f3\",\"name\":\"Adelisa Kalajdzini\",\"image\":{\"@type\":\"ImageObject\",\"inLanguage\":\"fr-FR\",\"@id\":\"https:\\\/\\\/secure.gravatar.com\\\/avatar\\\/09a397c22ac58cad6f160ee8306348599df9df58a8ede73696226897b9fa4b24?s=96&d=mm&r=g\",\"url\":\"https:\\\/\\\/secure.gravatar.com\\\/avatar\\\/09a397c22ac58cad6f160ee8306348599df9df58a8ede73696226897b9fa4b24?s=96&d=mm&r=g\",\"contentUrl\":\"https:\\\/\\\/secure.gravatar.com\\\/avatar\\\/09a397c22ac58cad6f160ee8306348599df9df58a8ede73696226897b9fa4b24?s=96&d=mm&r=g\",\"caption\":\"Adelisa Kalajdzini\"},\"url\":\"https:\\\/\\\/www.organisator.ch\\\/fr\\\/author\\\/adelisa-kalajdzini\\\/\"}]}<\/script>\n<!-- \/ Yoast SEO plugin. -->","yoast_head_json":{"title":"entreprises suisses : Tendances de l'emploi au deuxi\u00e8me trimestre 2024 - Organisateur","description":"Malgr\u00e9 les d\u00e9fis \u00e9conomiques, les perspectives d'embauche en Suisse restent positives pour le deuxi\u00e8me trimestre 2024.","robots":{"index":"index","follow":"follow","max-snippet":"max-snippet:-1","max-image-preview":"max-image-preview:large","max-video-preview":"max-video-preview:-1"},"canonical":"https:\/\/www.organisator.ch\/fr\/ressources-humaines\/hrm\/2024-03-12\/schweizer-unternehmen-beschaeftigungstrends-im-zweiten-quartal-2024\/","og_locale":"fr_FR","og_type":"article","og_title":"Schweizer Unternehmen: Besch\u00e4ftigungstrends im zweiten Quartal 2024","og_description":"Trotz wirtschaftlicher Herausforderungen bleiben die Schweizer Einstellungsaussichten f\u00fcr das zweite Quartal 2024 positiv.","og_url":"https:\/\/www.organisator.ch\/fr\/ressources-humaines\/hrm\/2024-03-12\/schweizer-unternehmen-beschaeftigungstrends-im-zweiten-quartal-2024\/","og_site_name":"Organisator","article_publisher":"https:\/\/www.facebook.com\/OrganisatorFachmagazin","article_published_time":"2024-03-12T06:03:59+00:00","article_modified_time":"2024-03-28T08:15:06+00:00","og_image":[{"width":680,"height":454,"url":"https:\/\/www.organisator.ch\/wp-content\/uploads\/2024\/03\/Manpower-Group_Bild1_ps.jpg","type":"image\/jpeg"}],"author":"Adelisa Kalajdzini","twitter_card":"summary_large_image","twitter_title":"Schweizer Unternehmen: Besch\u00e4ftigungstrends im zweiten Quartal 2024","twitter_description":"Trotz wirtschaftlicher Herausforderungen bleiben die #Schweizer #Einstellungsaussichten f\u00fcr das #zweite #Quartal #2024 #positiv.","twitter_image":"https:\/\/www.organisator.ch\/wp-content\/uploads\/2024\/03\/Manpower-Group_Bild1_ps.jpg","schema":{"@context":"https:\/\/schema.org","@graph":[{"@type":"Article","@id":"https:\/\/www.organisator.ch\/human-resources\/hrm\/2024-03-12\/schweizer-unternehmen-beschaeftigungstrends-im-zweiten-quartal-2024\/#article","isPartOf":{"@id":"https:\/\/www.organisator.ch\/human-resources\/hrm\/2024-03-12\/schweizer-unternehmen-beschaeftigungstrends-im-zweiten-quartal-2024\/"},"author":{"name":"Adelisa Kalajdzini","@id":"https:\/\/www.organisator.ch\/#\/schema\/person\/2e1314a2172123f874db408d8911d3f3"},"headline":"Schweizer Unternehmen: Besch\u00e4ftigungstrends im zweiten Quartal 2024","datePublished":"2024-03-12T06:03:59+00:00","dateModified":"2024-03-28T08:15:06+00:00","mainEntityOfPage":{"@id":"https:\/\/www.organisator.ch\/human-resources\/hrm\/2024-03-12\/schweizer-unternehmen-beschaeftigungstrends-im-zweiten-quartal-2024\/"},"wordCount":657,"publisher":{"@id":"https:\/\/www.organisator.ch\/#organization"},"image":{"@id":"https:\/\/www.organisator.ch\/human-resources\/hrm\/2024-03-12\/schweizer-unternehmen-beschaeftigungstrends-im-zweiten-quartal-2024\/#primaryimage"},"thumbnailUrl":"https:\/\/www.organisator.ch\/wp-content\/uploads\/2024\/03\/Manpower-Group_Bild1_ps.jpg","keywords":["HRM","Schweiz","Umfrage","Unternehmen"],"articleSection":["HRM"],"inLanguage":"fr-FR"},{"@type":"WebPage","@id":"https:\/\/www.organisator.ch\/human-resources\/hrm\/2024-03-12\/schweizer-unternehmen-beschaeftigungstrends-im-zweiten-quartal-2024\/","url":"https:\/\/www.organisator.ch\/human-resources\/hrm\/2024-03-12\/schweizer-unternehmen-beschaeftigungstrends-im-zweiten-quartal-2024\/","name":"entreprises suisses : Tendances de l'emploi au deuxi\u00e8me trimestre 2024 - Organisateur","isPartOf":{"@id":"https:\/\/www.organisator.ch\/#website"},"primaryImageOfPage":{"@id":"https:\/\/www.organisator.ch\/human-resources\/hrm\/2024-03-12\/schweizer-unternehmen-beschaeftigungstrends-im-zweiten-quartal-2024\/#primaryimage"},"image":{"@id":"https:\/\/www.organisator.ch\/human-resources\/hrm\/2024-03-12\/schweizer-unternehmen-beschaeftigungstrends-im-zweiten-quartal-2024\/#primaryimage"},"thumbnailUrl":"https:\/\/www.organisator.ch\/wp-content\/uploads\/2024\/03\/Manpower-Group_Bild1_ps.jpg","datePublished":"2024-03-12T06:03:59+00:00","dateModified":"2024-03-28T08:15:06+00:00","description":"Malgr\u00e9 les d\u00e9fis \u00e9conomiques, les perspectives d'embauche en Suisse restent positives pour le deuxi\u00e8me trimestre 2024.","breadcrumb":{"@id":"https:\/\/www.organisator.ch\/human-resources\/hrm\/2024-03-12\/schweizer-unternehmen-beschaeftigungstrends-im-zweiten-quartal-2024\/#breadcrumb"},"inLanguage":"fr-FR","potentialAction":[{"@type":"ReadAction","target":["https:\/\/www.organisator.ch\/human-resources\/hrm\/2024-03-12\/schweizer-unternehmen-beschaeftigungstrends-im-zweiten-quartal-2024\/"]}]},{"@type":"ImageObject","inLanguage":"fr-FR","@id":"https:\/\/www.organisator.ch\/human-resources\/hrm\/2024-03-12\/schweizer-unternehmen-beschaeftigungstrends-im-zweiten-quartal-2024\/#primaryimage","url":"https:\/\/www.organisator.ch\/wp-content\/uploads\/2024\/03\/Manpower-Group_Bild1_ps.jpg","contentUrl":"https:\/\/www.organisator.ch\/wp-content\/uploads\/2024\/03\/Manpower-Group_Bild1_ps.jpg","width":680,"height":454,"caption":"Die Schweiz belegt den zweiten Platz in der EMEA-Region mit den st\u00e4rksten Einstellungsabsichten. (Bild: www.depositphotos.com)"},{"@type":"BreadcrumbList","@id":"https:\/\/www.organisator.ch\/human-resources\/hrm\/2024-03-12\/schweizer-unternehmen-beschaeftigungstrends-im-zweiten-quartal-2024\/#breadcrumb","itemListElement":[{"@type":"ListItem","position":1,"name":"Home","item":"https:\/\/www.organisator.ch\/"},{"@type":"ListItem","position":2,"name":"Schweizer Unternehmen: Besch\u00e4ftigungstrends im zweiten Quartal 2024"}]},{"@type":"WebSite","@id":"https:\/\/www.organisator.ch\/#website","url":"https:\/\/www.organisator.ch\/","name":"Organisateur","description":"Comp\u00e9tence et comp\u00e9tence. Proches de la pratique. L'ORGANISATEUR pr\u00e9pare 10 num\u00e9ros par an sur les th\u00e8mes essentiels pour les dirigeants de PME.","publisher":{"@id":"https:\/\/www.organisator.ch\/#organization"},"potentialAction":[{"@type":"SearchAction","target":{"@type":"EntryPoint","urlTemplate":"https:\/\/www.organisator.ch\/?s={search_term_string}"},"query-input":{"@type":"PropertyValueSpecification","valueRequired":true,"valueName":"search_term_string"}}],"inLanguage":"fr-FR"},{"@type":"Organization","@id":"https:\/\/www.organisator.ch\/#organization","name":"Organisateur","url":"https:\/\/www.organisator.ch\/","logo":{"@type":"ImageObject","inLanguage":"fr-FR","@id":"https:\/\/www.organisator.ch\/#\/schema\/logo\/image\/","url":"https:\/\/www.organisator.ch\/wp-content\/uploads\/2022\/01\/Logo_Organisator_Website.png","contentUrl":"https:\/\/www.organisator.ch\/wp-content\/uploads\/2022\/01\/Logo_Organisator_Website.png","width":800,"height":77,"caption":"Organisator"},"image":{"@id":"https:\/\/www.organisator.ch\/#\/schema\/logo\/image\/"},"sameAs":["https:\/\/www.facebook.com\/OrganisatorFachmagazin","https:\/\/www.linkedin.com\/showcase\/organisator-das-magazin-fr-kmu","https:\/\/www.xing.com\/news\/pages\/organisator-ch-695","https:\/\/www.youtube.com\/channel\/UCGP2Sq0iWaZwT3BdIAQFYpw"]},{"@type":"Person","@id":"https:\/\/www.organisator.ch\/#\/schema\/person\/2e1314a2172123f874db408d8911d3f3","name":"Adelisa Kalajdzini","image":{"@type":"ImageObject","inLanguage":"fr-FR","@id":"https:\/\/secure.gravatar.com\/avatar\/09a397c22ac58cad6f160ee8306348599df9df58a8ede73696226897b9fa4b24?s=96&d=mm&r=g","url":"https:\/\/secure.gravatar.com\/avatar\/09a397c22ac58cad6f160ee8306348599df9df58a8ede73696226897b9fa4b24?s=96&d=mm&r=g","contentUrl":"https:\/\/secure.gravatar.com\/avatar\/09a397c22ac58cad6f160ee8306348599df9df58a8ede73696226897b9fa4b24?s=96&d=mm&r=g","caption":"Adelisa Kalajdzini"},"url":"https:\/\/www.organisator.ch\/fr\/author\/adelisa-kalajdzini\/"}]}},"_links":{"self":[{"href":"https:\/\/www.organisator.ch\/fr\/wp-json\/wp\/v2\/posts\/25810","targetHints":{"allow":["GET"]}}],"collection":[{"href":"https:\/\/www.organisator.ch\/fr\/wp-json\/wp\/v2\/posts"}],"about":[{"href":"https:\/\/www.organisator.ch\/fr\/wp-json\/wp\/v2\/types\/post"}],"author":[{"embeddable":true,"href":"https:\/\/www.organisator.ch\/fr\/wp-json\/wp\/v2\/users\/58"}],"replies":[{"embeddable":true,"href":"https:\/\/www.organisator.ch\/fr\/wp-json\/wp\/v2\/comments?post=25810"}],"version-history":[{"count":6,"href":"https:\/\/www.organisator.ch\/fr\/wp-json\/wp\/v2\/posts\/25810\/revisions"}],"predecessor-version":[{"id":25857,"href":"https:\/\/www.organisator.ch\/fr\/wp-json\/wp\/v2\/posts\/25810\/revisions\/25857"}],"wp:featuredmedia":[{"embeddable":true,"href":"https:\/\/www.organisator.ch\/fr\/wp-json\/wp\/v2\/media\/25815"}],"wp:attachment":[{"href":"https:\/\/www.organisator.ch\/fr\/wp-json\/wp\/v2\/media?parent=25810"}],"wp:term":[{"taxonomy":"category","embeddable":true,"href":"https:\/\/www.organisator.ch\/fr\/wp-json\/wp\/v2\/categories?post=25810"},{"taxonomy":"post_tag","embeddable":true,"href":"https:\/\/www.organisator.ch\/fr\/wp-json\/wp\/v2\/tags?post=25810"}],"curies":[{"name":"wp","href":"https:\/\/api.w.org\/{rel}","templated":true}]}}