{"id":25877,"date":"2024-03-13T10:39:26","date_gmt":"2024-03-13T09:39:26","guid":{"rendered":"https:\/\/www.organisator.ch\/?p=25877"},"modified":"2024-03-13T10:39:26","modified_gmt":"2024-03-13T09:39:26","slug":"family-business-award-2024-familienunternehmen-koennen-sich-jetzt-bewerben","status":"publish","type":"post","link":"https:\/\/www.organisator.ch\/fr\/management\/2024-03-13\/family-business-award-2024-familienunternehmen-koennen-sich-jetzt-bewerben\/","title":{"rendered":"Family Business Award 2024 : les entreprises familiales peuvent poser leur candidature d\u00e8s maintenant"},"content":{"rendered":"<figure id=\"attachment_25884\" aria-describedby=\"caption-attachment-25884\" style=\"width: 680px\" class=\"wp-caption alignnone\"><img loading=\"lazy\" decoding=\"async\" class=\"size-full wp-image-25884\" src=\"https:\/\/www.organisator.ch\/wp-content\/uploads\/2024\/03\/Family-Business-Award_Bild1_ps.jpg\" alt=\"\" width=\"680\" height=\"475\" srcset=\"https:\/\/www.organisator.ch\/wp-content\/uploads\/2024\/03\/Family-Business-Award_Bild1_ps.jpg 680w, https:\/\/www.organisator.ch\/wp-content\/uploads\/2024\/03\/Family-Business-Award_Bild1_ps-18x12.jpg 18w, https:\/\/www.organisator.ch\/wp-content\/uploads\/2024\/03\/Family-Business-Award_Bild1_ps-375x262.jpg 375w, https:\/\/www.organisator.ch\/wp-content\/uploads\/2024\/03\/Family-Business-Award_Bild1_ps-501x350.jpg 501w\" sizes=\"auto, (max-width: 680px) 100vw, 680px\" \/><figcaption id=\"caption-attachment-25884\" class=\"wp-caption-text\">Les entreprises familiales peuvent poser leur candidature en ligne pour le Family Business Award jusqu'au 15 mai 2024. (Image : www.family-business-award.ch)<\/figcaption><\/figure>\n<p>D\u00e8s aujourd'hui et jusqu'au 15 mai 2024, les entreprises peuvent poser leur candidature pour le Family Business Award sur la plateforme en ligne. Sont admises \u00e0 ce prix les entreprises familiales suisses qui se distinguent par un esprit d'entreprise durable et qui emploient plus de 25 collaborateurs. Il faut en outre qu'il y ait eu au moins un changement de g\u00e9n\u00e9ration, que la pr\u00e9sidence du conseil d'administration ou la direction op\u00e9rationnelle soit assur\u00e9e par un membre de la famille et que la majorit\u00e9 du capital soit d\u00e9tenue par la famille.<\/p>\n<h3><strong>\u00c0 propos du Family Business Award<\/strong><\/h3>\n<p>Depuis 2012, AMAG cr\u00e9e le Family Business Award en m\u00e9moire de son fondateur Walter Haefner, afin de r\u00e9compenser les entreprises familiales particuli\u00e8rement entreprenantes et durables. Le prix a pour but de mettre en \u00e9vidence l'\u00e9tat d'esprit, les valeurs et l'engagement des entreprises familiales et de souligner leur importance pour l'\u00e9conomie suisse. Les entreprises familiales contribuent de mani\u00e8re d\u00e9cisive \u00e0 la grande prosp\u00e9rit\u00e9 du pays. Environ 90% de toutes les entreprises en Suisse sont des entreprises familiales.<\/p>\n<h3><strong>La proc\u00e9dure d'\u00e9valuation<\/strong><\/h3>\n<p>Le choix de l'entreprise gagnante est confi\u00e9 \u00e0 un jury de haut niveau, compos\u00e9 de personnalit\u00e9s exp\u00e9riment\u00e9es et tr\u00e8s comp\u00e9tentes dans leur domaine. La proc\u00e9dure de jugement a \u00e9t\u00e9 d\u00e9velopp\u00e9e par le Center for Corporate Responsibility and Sustainability CCRS de la School of Management Fribourg (HES-SO). Cette proc\u00e9dure scientifique offre la base d'une \u00e9valuation objective des candidats par le jury ind\u00e9pendant.<\/p>\n<h3><strong>Entreprises gagnantes jusqu'\u00e0 pr\u00e9sent<\/strong><\/h3>\n<p>Les entreprises qui ont d\u00e9j\u00e0 remport\u00e9 le prix sont les suivantes : Gartenpflanzen Daepp (2023), Griesser AG (2022), Killer Interior AG (2021), Metzler &amp; Co. AG (2020), Wilhelm Schmidlin AG (2019), 1a hunkeler fenster AG &amp; 1a hunkeler holzbau AG (2018), Jucker Farm AG (2017), FRAISA SA (2016), Wyon AG (2015), Entreprises et Domaines Rouvinez (2014), SIGA Holding AG (2013) et Trisa AG (2012).<\/p>\n<p><em>Source et informations compl\u00e9mentaires : <a href=\"http:\/\/www.family-business-award.ch\">www.family-business-award.ch<\/a><\/em><\/p>","protected":false},"excerpt":{"rendered":"<p>Le Family Business Award r\u00e9compense chaque ann\u00e9e une entreprise familiale suisse qui se distingue par une action responsable et un esprit d'entreprise durable et ax\u00e9 sur les valeurs. Les entreprises familiales int\u00e9ress\u00e9es peuvent s'inscrire au prix d\u00e8s aujourd'hui et jusqu'au 15 mai 2024.<\/p>","protected":false},"author":58,"featured_media":25884,"comment_status":"closed","ping_status":"closed","sticky":false,"template":"","format":"standard","meta":{"_acf_changed":false,"_yoast_wpseo_focuskw":"Familienunternehmen","_yoast_wpseo_metadesc":"Interessierte Familienunternehmen k\u00f6nnen sich ab heute bis zum 15. Mai 2024 f\u00fcr den Family Business Preis anmelden.","articlekey":"","footnotes":""},"categories":[28],"tags":[65,196,334,424],"class_list":["post-25877","post","type-post","status-publish","format-standard","has-post-thumbnail","hentry","category-management","tag-award","tag-familienunternehmen","tag-management","tag-schweiz"],"acf":[],"yoast_head":"<!-- This site is optimized with the Yoast SEO plugin v27.5 - https:\/\/yoast.com\/product\/yoast-seo-wordpress\/ -->\n<title>Family Business Award 2024: Familienunternehmen k\u00f6nnen sich jetzt bewerben - Organisator<\/title>\n<meta name=\"description\" content=\"Interessierte Familienunternehmen k\u00f6nnen sich ab heute bis zum 15. Mai 2024 f\u00fcr den Family Business Preis anmelden.\" \/>\n<meta name=\"robots\" content=\"index, follow, max-snippet:-1, max-image-preview:large, max-video-preview:-1\" \/>\n<link rel=\"canonical\" href=\"https:\/\/www.organisator.ch\/fr\/gestion-2\/2024-03-13\/family-business-award-2024-familienunternehmen-koennen-sich-jetzt-bewerben\/\" \/>\n<meta property=\"og:locale\" content=\"fr_FR\" \/>\n<meta property=\"og:type\" content=\"article\" \/>\n<meta property=\"og:title\" content=\"Family Business Award 2024: Familienunternehmen k\u00f6nnen sich jetzt bewerben\" \/>\n<meta property=\"og:description\" content=\"Interessierte Familienunternehmen k\u00f6nnen sich ab heute bis zum 15. Mai 2024 f\u00fcr den Family Business Preis anmelden.\" \/>\n<meta property=\"og:url\" content=\"https:\/\/www.organisator.ch\/fr\/gestion-2\/2024-03-13\/family-business-award-2024-familienunternehmen-koennen-sich-jetzt-bewerben\/\" \/>\n<meta property=\"og:site_name\" content=\"Organisator\" \/>\n<meta property=\"article:publisher\" content=\"https:\/\/www.facebook.com\/OrganisatorFachmagazin\" \/>\n<meta property=\"article:published_time\" content=\"2024-03-13T09:39:26+00:00\" \/>\n<meta property=\"og:image\" content=\"https:\/\/www.organisator.ch\/wp-content\/uploads\/2024\/03\/Family-Business-Award_Bild1_ps.jpg\" \/>\n\t<meta property=\"og:image:width\" content=\"680\" \/>\n\t<meta property=\"og:image:height\" content=\"475\" \/>\n\t<meta property=\"og:image:type\" content=\"image\/jpeg\" \/>\n<meta name=\"author\" content=\"Adelisa Kalajdzini\" \/>\n<meta name=\"twitter:card\" content=\"summary_large_image\" \/>\n<meta name=\"twitter:title\" content=\"Family Business Award 2024: Familienunternehmen k\u00f6nnen sich jetzt bewerben\" \/>\n<meta name=\"twitter:description\" content=\"Interessierte #Familienunternehmen k\u00f6nnen sich ab heute bis zum 15. Mai 2024 f\u00fcr den #Family #Business #Preis #anmelden.\" \/>\n<meta name=\"twitter:image\" content=\"https:\/\/www.organisator.ch\/wp-content\/uploads\/2024\/03\/Family-Business-Award_Bild1_ps.jpg\" \/>\n<script type=\"application\/ld+json\" class=\"yoast-schema-graph\">{\"@context\":\"https:\\\/\\\/schema.org\",\"@graph\":[{\"@type\":\"Article\",\"@id\":\"https:\\\/\\\/www.organisator.ch\\\/management\\\/2024-03-13\\\/family-business-award-2024-familienunternehmen-koennen-sich-jetzt-bewerben\\\/#article\",\"isPartOf\":{\"@id\":\"https:\\\/\\\/www.organisator.ch\\\/management\\\/2024-03-13\\\/family-business-award-2024-familienunternehmen-koennen-sich-jetzt-bewerben\\\/\"},\"author\":{\"name\":\"Adelisa Kalajdzini\",\"@id\":\"https:\\\/\\\/www.organisator.ch\\\/#\\\/schema\\\/person\\\/2e1314a2172123f874db408d8911d3f3\"},\"headline\":\"Family Business Award 2024: Familienunternehmen k\u00f6nnen sich jetzt bewerben\",\"datePublished\":\"2024-03-13T09:39:26+00:00\",\"mainEntityOfPage\":{\"@id\":\"https:\\\/\\\/www.organisator.ch\\\/management\\\/2024-03-13\\\/family-business-award-2024-familienunternehmen-koennen-sich-jetzt-bewerben\\\/\"},\"wordCount\":287,\"publisher\":{\"@id\":\"https:\\\/\\\/www.organisator.ch\\\/#organization\"},\"image\":{\"@id\":\"https:\\\/\\\/www.organisator.ch\\\/management\\\/2024-03-13\\\/family-business-award-2024-familienunternehmen-koennen-sich-jetzt-bewerben\\\/#primaryimage\"},\"thumbnailUrl\":\"https:\\\/\\\/www.organisator.ch\\\/wp-content\\\/uploads\\\/2024\\\/03\\\/Family-Business-Award_Bild1_ps.jpg\",\"keywords\":[\"Award\",\"Familienunternehmen\",\"Management\",\"Schweiz\"],\"articleSection\":[\"MANAGEMENT\"],\"inLanguage\":\"fr-FR\"},{\"@type\":\"WebPage\",\"@id\":\"https:\\\/\\\/www.organisator.ch\\\/management\\\/2024-03-13\\\/family-business-award-2024-familienunternehmen-koennen-sich-jetzt-bewerben\\\/\",\"url\":\"https:\\\/\\\/www.organisator.ch\\\/management\\\/2024-03-13\\\/family-business-award-2024-familienunternehmen-koennen-sich-jetzt-bewerben\\\/\",\"name\":\"Family Business Award 2024: Familienunternehmen k\u00f6nnen sich jetzt bewerben - Organisator\",\"isPartOf\":{\"@id\":\"https:\\\/\\\/www.organisator.ch\\\/#website\"},\"primaryImageOfPage\":{\"@id\":\"https:\\\/\\\/www.organisator.ch\\\/management\\\/2024-03-13\\\/family-business-award-2024-familienunternehmen-koennen-sich-jetzt-bewerben\\\/#primaryimage\"},\"image\":{\"@id\":\"https:\\\/\\\/www.organisator.ch\\\/management\\\/2024-03-13\\\/family-business-award-2024-familienunternehmen-koennen-sich-jetzt-bewerben\\\/#primaryimage\"},\"thumbnailUrl\":\"https:\\\/\\\/www.organisator.ch\\\/wp-content\\\/uploads\\\/2024\\\/03\\\/Family-Business-Award_Bild1_ps.jpg\",\"datePublished\":\"2024-03-13T09:39:26+00:00\",\"description\":\"Interessierte Familienunternehmen k\u00f6nnen sich ab heute bis zum 15. Mai 2024 f\u00fcr den Family Business Preis anmelden.\",\"breadcrumb\":{\"@id\":\"https:\\\/\\\/www.organisator.ch\\\/management\\\/2024-03-13\\\/family-business-award-2024-familienunternehmen-koennen-sich-jetzt-bewerben\\\/#breadcrumb\"},\"inLanguage\":\"fr-FR\",\"potentialAction\":[{\"@type\":\"ReadAction\",\"target\":[\"https:\\\/\\\/www.organisator.ch\\\/management\\\/2024-03-13\\\/family-business-award-2024-familienunternehmen-koennen-sich-jetzt-bewerben\\\/\"]}]},{\"@type\":\"ImageObject\",\"inLanguage\":\"fr-FR\",\"@id\":\"https:\\\/\\\/www.organisator.ch\\\/management\\\/2024-03-13\\\/family-business-award-2024-familienunternehmen-koennen-sich-jetzt-bewerben\\\/#primaryimage\",\"url\":\"https:\\\/\\\/www.organisator.ch\\\/wp-content\\\/uploads\\\/2024\\\/03\\\/Family-Business-Award_Bild1_ps.jpg\",\"contentUrl\":\"https:\\\/\\\/www.organisator.ch\\\/wp-content\\\/uploads\\\/2024\\\/03\\\/Family-Business-Award_Bild1_ps.jpg\",\"width\":680,\"height\":475,\"caption\":\"Familienunternehmen k\u00f6nnen sich online bis zum 15. Mai 2024 f\u00fcr den Family Business Award bewerben. (Bild: www.family-business-award.ch)\"},{\"@type\":\"BreadcrumbList\",\"@id\":\"https:\\\/\\\/www.organisator.ch\\\/management\\\/2024-03-13\\\/family-business-award-2024-familienunternehmen-koennen-sich-jetzt-bewerben\\\/#breadcrumb\",\"itemListElement\":[{\"@type\":\"ListItem\",\"position\":1,\"name\":\"Home\",\"item\":\"https:\\\/\\\/www.organisator.ch\\\/\"},{\"@type\":\"ListItem\",\"position\":2,\"name\":\"Family Business Award 2024: Familienunternehmen k\u00f6nnen sich jetzt bewerben\"}]},{\"@type\":\"WebSite\",\"@id\":\"https:\\\/\\\/www.organisator.ch\\\/#website\",\"url\":\"https:\\\/\\\/www.organisator.ch\\\/\",\"name\":\"Organisator\",\"description\":\"Kompetent. Praxisnah. Der ORGANISATOR bereitet in 10 Ausgaben pro Jahr die wesentlichen Themen f\u00fcr F\u00fchrungskr\u00e4fte von KMU auf.\",\"publisher\":{\"@id\":\"https:\\\/\\\/www.organisator.ch\\\/#organization\"},\"potentialAction\":[{\"@type\":\"SearchAction\",\"target\":{\"@type\":\"EntryPoint\",\"urlTemplate\":\"https:\\\/\\\/www.organisator.ch\\\/?s={search_term_string}\"},\"query-input\":{\"@type\":\"PropertyValueSpecification\",\"valueRequired\":true,\"valueName\":\"search_term_string\"}}],\"inLanguage\":\"fr-FR\"},{\"@type\":\"Organization\",\"@id\":\"https:\\\/\\\/www.organisator.ch\\\/#organization\",\"name\":\"Organisator\",\"url\":\"https:\\\/\\\/www.organisator.ch\\\/\",\"logo\":{\"@type\":\"ImageObject\",\"inLanguage\":\"fr-FR\",\"@id\":\"https:\\\/\\\/www.organisator.ch\\\/#\\\/schema\\\/logo\\\/image\\\/\",\"url\":\"https:\\\/\\\/www.organisator.ch\\\/wp-content\\\/uploads\\\/2022\\\/01\\\/Logo_Organisator_Website.png\",\"contentUrl\":\"https:\\\/\\\/www.organisator.ch\\\/wp-content\\\/uploads\\\/2022\\\/01\\\/Logo_Organisator_Website.png\",\"width\":800,\"height\":77,\"caption\":\"Organisator\"},\"image\":{\"@id\":\"https:\\\/\\\/www.organisator.ch\\\/#\\\/schema\\\/logo\\\/image\\\/\"},\"sameAs\":[\"https:\\\/\\\/www.facebook.com\\\/OrganisatorFachmagazin\",\"https:\\\/\\\/www.linkedin.com\\\/showcase\\\/organisator-das-magazin-fr-kmu\",\"https:\\\/\\\/www.xing.com\\\/news\\\/pages\\\/organisator-ch-695\",\"https:\\\/\\\/www.youtube.com\\\/channel\\\/UCGP2Sq0iWaZwT3BdIAQFYpw\"]},{\"@type\":\"Person\",\"@id\":\"https:\\\/\\\/www.organisator.ch\\\/#\\\/schema\\\/person\\\/2e1314a2172123f874db408d8911d3f3\",\"name\":\"Adelisa Kalajdzini\",\"image\":{\"@type\":\"ImageObject\",\"inLanguage\":\"fr-FR\",\"@id\":\"https:\\\/\\\/secure.gravatar.com\\\/avatar\\\/09a397c22ac58cad6f160ee8306348599df9df58a8ede73696226897b9fa4b24?s=96&d=mm&r=g\",\"url\":\"https:\\\/\\\/secure.gravatar.com\\\/avatar\\\/09a397c22ac58cad6f160ee8306348599df9df58a8ede73696226897b9fa4b24?s=96&d=mm&r=g\",\"contentUrl\":\"https:\\\/\\\/secure.gravatar.com\\\/avatar\\\/09a397c22ac58cad6f160ee8306348599df9df58a8ede73696226897b9fa4b24?s=96&d=mm&r=g\",\"caption\":\"Adelisa Kalajdzini\"},\"url\":\"https:\\\/\\\/www.organisator.ch\\\/fr\\\/author\\\/adelisa-kalajdzini\\\/\"}]}<\/script>\n<!-- \/ Yoast SEO plugin. -->","yoast_head_json":{"title":"Family Business Award 2024 : les entreprises familiales peuvent poser leur candidature d\u00e8s maintenant - Organisateur","description":"Les entreprises familiales int\u00e9ress\u00e9es peuvent s'inscrire d\u00e8s aujourd'hui et jusqu'au 15 mai 2024 pour le prix Family Business.","robots":{"index":"index","follow":"follow","max-snippet":"max-snippet:-1","max-image-preview":"max-image-preview:large","max-video-preview":"max-video-preview:-1"},"canonical":"https:\/\/www.organisator.ch\/fr\/gestion-2\/2024-03-13\/family-business-award-2024-familienunternehmen-koennen-sich-jetzt-bewerben\/","og_locale":"fr_FR","og_type":"article","og_title":"Family Business Award 2024: Familienunternehmen k\u00f6nnen sich jetzt bewerben","og_description":"Interessierte Familienunternehmen k\u00f6nnen sich ab heute bis zum 15. Mai 2024 f\u00fcr den Family Business Preis anmelden.","og_url":"https:\/\/www.organisator.ch\/fr\/gestion-2\/2024-03-13\/family-business-award-2024-familienunternehmen-koennen-sich-jetzt-bewerben\/","og_site_name":"Organisator","article_publisher":"https:\/\/www.facebook.com\/OrganisatorFachmagazin","article_published_time":"2024-03-13T09:39:26+00:00","og_image":[{"width":680,"height":475,"url":"https:\/\/www.organisator.ch\/wp-content\/uploads\/2024\/03\/Family-Business-Award_Bild1_ps.jpg","type":"image\/jpeg"}],"author":"Adelisa Kalajdzini","twitter_card":"summary_large_image","twitter_title":"Family Business Award 2024: Familienunternehmen k\u00f6nnen sich jetzt bewerben","twitter_description":"Interessierte #Familienunternehmen k\u00f6nnen sich ab heute bis zum 15. Mai 2024 f\u00fcr den #Family #Business #Preis #anmelden.","twitter_image":"https:\/\/www.organisator.ch\/wp-content\/uploads\/2024\/03\/Family-Business-Award_Bild1_ps.jpg","schema":{"@context":"https:\/\/schema.org","@graph":[{"@type":"Article","@id":"https:\/\/www.organisator.ch\/management\/2024-03-13\/family-business-award-2024-familienunternehmen-koennen-sich-jetzt-bewerben\/#article","isPartOf":{"@id":"https:\/\/www.organisator.ch\/management\/2024-03-13\/family-business-award-2024-familienunternehmen-koennen-sich-jetzt-bewerben\/"},"author":{"name":"Adelisa Kalajdzini","@id":"https:\/\/www.organisator.ch\/#\/schema\/person\/2e1314a2172123f874db408d8911d3f3"},"headline":"Family Business Award 2024: Familienunternehmen k\u00f6nnen sich jetzt bewerben","datePublished":"2024-03-13T09:39:26+00:00","mainEntityOfPage":{"@id":"https:\/\/www.organisator.ch\/management\/2024-03-13\/family-business-award-2024-familienunternehmen-koennen-sich-jetzt-bewerben\/"},"wordCount":287,"publisher":{"@id":"https:\/\/www.organisator.ch\/#organization"},"image":{"@id":"https:\/\/www.organisator.ch\/management\/2024-03-13\/family-business-award-2024-familienunternehmen-koennen-sich-jetzt-bewerben\/#primaryimage"},"thumbnailUrl":"https:\/\/www.organisator.ch\/wp-content\/uploads\/2024\/03\/Family-Business-Award_Bild1_ps.jpg","keywords":["Award","Familienunternehmen","Management","Schweiz"],"articleSection":["MANAGEMENT"],"inLanguage":"fr-FR"},{"@type":"WebPage","@id":"https:\/\/www.organisator.ch\/management\/2024-03-13\/family-business-award-2024-familienunternehmen-koennen-sich-jetzt-bewerben\/","url":"https:\/\/www.organisator.ch\/management\/2024-03-13\/family-business-award-2024-familienunternehmen-koennen-sich-jetzt-bewerben\/","name":"Family Business Award 2024 : les entreprises familiales peuvent poser leur candidature d\u00e8s maintenant - Organisateur","isPartOf":{"@id":"https:\/\/www.organisator.ch\/#website"},"primaryImageOfPage":{"@id":"https:\/\/www.organisator.ch\/management\/2024-03-13\/family-business-award-2024-familienunternehmen-koennen-sich-jetzt-bewerben\/#primaryimage"},"image":{"@id":"https:\/\/www.organisator.ch\/management\/2024-03-13\/family-business-award-2024-familienunternehmen-koennen-sich-jetzt-bewerben\/#primaryimage"},"thumbnailUrl":"https:\/\/www.organisator.ch\/wp-content\/uploads\/2024\/03\/Family-Business-Award_Bild1_ps.jpg","datePublished":"2024-03-13T09:39:26+00:00","description":"Les entreprises familiales int\u00e9ress\u00e9es peuvent s'inscrire d\u00e8s aujourd'hui et jusqu'au 15 mai 2024 pour le prix Family Business.","breadcrumb":{"@id":"https:\/\/www.organisator.ch\/management\/2024-03-13\/family-business-award-2024-familienunternehmen-koennen-sich-jetzt-bewerben\/#breadcrumb"},"inLanguage":"fr-FR","potentialAction":[{"@type":"ReadAction","target":["https:\/\/www.organisator.ch\/management\/2024-03-13\/family-business-award-2024-familienunternehmen-koennen-sich-jetzt-bewerben\/"]}]},{"@type":"ImageObject","inLanguage":"fr-FR","@id":"https:\/\/www.organisator.ch\/management\/2024-03-13\/family-business-award-2024-familienunternehmen-koennen-sich-jetzt-bewerben\/#primaryimage","url":"https:\/\/www.organisator.ch\/wp-content\/uploads\/2024\/03\/Family-Business-Award_Bild1_ps.jpg","contentUrl":"https:\/\/www.organisator.ch\/wp-content\/uploads\/2024\/03\/Family-Business-Award_Bild1_ps.jpg","width":680,"height":475,"caption":"Familienunternehmen k\u00f6nnen sich online bis zum 15. Mai 2024 f\u00fcr den Family Business Award bewerben. (Bild: www.family-business-award.ch)"},{"@type":"BreadcrumbList","@id":"https:\/\/www.organisator.ch\/management\/2024-03-13\/family-business-award-2024-familienunternehmen-koennen-sich-jetzt-bewerben\/#breadcrumb","itemListElement":[{"@type":"ListItem","position":1,"name":"Home","item":"https:\/\/www.organisator.ch\/"},{"@type":"ListItem","position":2,"name":"Family Business Award 2024: Familienunternehmen k\u00f6nnen sich jetzt bewerben"}]},{"@type":"WebSite","@id":"https:\/\/www.organisator.ch\/#website","url":"https:\/\/www.organisator.ch\/","name":"Organisateur","description":"Comp\u00e9tence et comp\u00e9tence. Proches de la pratique. L'ORGANISATEUR pr\u00e9pare 10 num\u00e9ros par an sur les th\u00e8mes essentiels pour les dirigeants de PME.","publisher":{"@id":"https:\/\/www.organisator.ch\/#organization"},"potentialAction":[{"@type":"SearchAction","target":{"@type":"EntryPoint","urlTemplate":"https:\/\/www.organisator.ch\/?s={search_term_string}"},"query-input":{"@type":"PropertyValueSpecification","valueRequired":true,"valueName":"search_term_string"}}],"inLanguage":"fr-FR"},{"@type":"Organization","@id":"https:\/\/www.organisator.ch\/#organization","name":"Organisateur","url":"https:\/\/www.organisator.ch\/","logo":{"@type":"ImageObject","inLanguage":"fr-FR","@id":"https:\/\/www.organisator.ch\/#\/schema\/logo\/image\/","url":"https:\/\/www.organisator.ch\/wp-content\/uploads\/2022\/01\/Logo_Organisator_Website.png","contentUrl":"https:\/\/www.organisator.ch\/wp-content\/uploads\/2022\/01\/Logo_Organisator_Website.png","width":800,"height":77,"caption":"Organisator"},"image":{"@id":"https:\/\/www.organisator.ch\/#\/schema\/logo\/image\/"},"sameAs":["https:\/\/www.facebook.com\/OrganisatorFachmagazin","https:\/\/www.linkedin.com\/showcase\/organisator-das-magazin-fr-kmu","https:\/\/www.xing.com\/news\/pages\/organisator-ch-695","https:\/\/www.youtube.com\/channel\/UCGP2Sq0iWaZwT3BdIAQFYpw"]},{"@type":"Person","@id":"https:\/\/www.organisator.ch\/#\/schema\/person\/2e1314a2172123f874db408d8911d3f3","name":"Adelisa Kalajdzini","image":{"@type":"ImageObject","inLanguage":"fr-FR","@id":"https:\/\/secure.gravatar.com\/avatar\/09a397c22ac58cad6f160ee8306348599df9df58a8ede73696226897b9fa4b24?s=96&d=mm&r=g","url":"https:\/\/secure.gravatar.com\/avatar\/09a397c22ac58cad6f160ee8306348599df9df58a8ede73696226897b9fa4b24?s=96&d=mm&r=g","contentUrl":"https:\/\/secure.gravatar.com\/avatar\/09a397c22ac58cad6f160ee8306348599df9df58a8ede73696226897b9fa4b24?s=96&d=mm&r=g","caption":"Adelisa Kalajdzini"},"url":"https:\/\/www.organisator.ch\/fr\/author\/adelisa-kalajdzini\/"}]}},"_links":{"self":[{"href":"https:\/\/www.organisator.ch\/fr\/wp-json\/wp\/v2\/posts\/25877","targetHints":{"allow":["GET"]}}],"collection":[{"href":"https:\/\/www.organisator.ch\/fr\/wp-json\/wp\/v2\/posts"}],"about":[{"href":"https:\/\/www.organisator.ch\/fr\/wp-json\/wp\/v2\/types\/post"}],"author":[{"embeddable":true,"href":"https:\/\/www.organisator.ch\/fr\/wp-json\/wp\/v2\/users\/58"}],"replies":[{"embeddable":true,"href":"https:\/\/www.organisator.ch\/fr\/wp-json\/wp\/v2\/comments?post=25877"}],"version-history":[{"count":6,"href":"https:\/\/www.organisator.ch\/fr\/wp-json\/wp\/v2\/posts\/25877\/revisions"}],"predecessor-version":[{"id":25908,"href":"https:\/\/www.organisator.ch\/fr\/wp-json\/wp\/v2\/posts\/25877\/revisions\/25908"}],"wp:featuredmedia":[{"embeddable":true,"href":"https:\/\/www.organisator.ch\/fr\/wp-json\/wp\/v2\/media\/25884"}],"wp:attachment":[{"href":"https:\/\/www.organisator.ch\/fr\/wp-json\/wp\/v2\/media?parent=25877"}],"wp:term":[{"taxonomy":"category","embeddable":true,"href":"https:\/\/www.organisator.ch\/fr\/wp-json\/wp\/v2\/categories?post=25877"},{"taxonomy":"post_tag","embeddable":true,"href":"https:\/\/www.organisator.ch\/fr\/wp-json\/wp\/v2\/tags?post=25877"}],"curies":[{"name":"wp","href":"https:\/\/api.w.org\/{rel}","templated":true}]}}