{"id":25891,"date":"2024-03-13T14:51:34","date_gmt":"2024-03-13T13:51:34","guid":{"rendered":"https:\/\/www.organisator.ch\/?p=25891"},"modified":"2024-03-13T14:51:34","modified_gmt":"2024-03-13T13:51:34","slug":"schweizer-online-konsum-waechst-in-2023-um-3-prozent","status":"publish","type":"post","link":"https:\/\/www.organisator.ch\/fr\/marketing\/2024-03-13\/schweizer-online-konsum-waechst-in-2023-um-3-prozent\/","title":{"rendered":"La consommation suisse en ligne augmentera de 3 % en 2023"},"content":{"rendered":"<figure id=\"attachment_25892\" aria-describedby=\"caption-attachment-25892\" style=\"width: 680px\" class=\"wp-caption alignnone\"><img loading=\"lazy\" decoding=\"async\" class=\"size-full wp-image-25892\" src=\"https:\/\/www.organisator.ch\/wp-content\/uploads\/2024\/03\/Onlinehandelsmarkt_Bild1_ps.jpg\" alt=\"\" width=\"680\" height=\"485\" srcset=\"https:\/\/www.organisator.ch\/wp-content\/uploads\/2024\/03\/Onlinehandelsmarkt_Bild1_ps.jpg 680w, https:\/\/www.organisator.ch\/wp-content\/uploads\/2024\/03\/Onlinehandelsmarkt_Bild1_ps-18x12.jpg 18w, https:\/\/www.organisator.ch\/wp-content\/uploads\/2024\/03\/Onlinehandelsmarkt_Bild1_ps-375x267.jpg 375w, https:\/\/www.organisator.ch\/wp-content\/uploads\/2024\/03\/Onlinehandelsmarkt_Bild1_ps-491x350.jpg 491w\" sizes=\"auto, (max-width: 680px) 100vw, 680px\" \/><figcaption id=\"caption-attachment-25892\" class=\"wp-caption-text\">Les r\u00e9sultats de l'\u00e9tude montrent que les pr\u00e9f\u00e9rences des consommateurs continuent de se d\u00e9placer vers \"online\" en 2023. (Image : www.pixabay.com)<\/figcaption><\/figure>\n<p>En 2023, le commerce en ligne a pu compenser les pertes de 2022 et se situe \u00e0 nouveau au niveau du chiffre d'affaires de 2021 avec un total de 14,4 milliards de francs suisses. Au cours des 10 derni\u00e8res ann\u00e9es (2014 \u00e0 2023), le chiffre d'affaires en ligne a plus que doubl\u00e9, passant de 6,7 milliards de francs suisses en 2014 \u00e0 14,4 milliards de francs suisses en 2023. Les achats en ligne \u00e0 l'\u00e9tranger ont atteint un nouveau record avec 2,2 milliards de francs suisses et augmentent de 10 % par rapport \u00e0 2022. Les moteurs de cette croissance sont les petits colis en provenance d'Asie.<\/p>\n<figure id=\"attachment_25893\" aria-describedby=\"caption-attachment-25893\" style=\"width: 680px\" class=\"wp-caption alignnone\"><img loading=\"lazy\" decoding=\"async\" class=\"size-full wp-image-25893\" src=\"https:\/\/www.organisator.ch\/wp-content\/uploads\/2024\/03\/Grafiken_Onlinehandel_Bild1_ps.jpg\" alt=\"\" width=\"680\" height=\"383\" srcset=\"https:\/\/www.organisator.ch\/wp-content\/uploads\/2024\/03\/Grafiken_Onlinehandel_Bild1_ps.jpg 680w, https:\/\/www.organisator.ch\/wp-content\/uploads\/2024\/03\/Grafiken_Onlinehandel_Bild1_ps-18x10.jpg 18w, https:\/\/www.organisator.ch\/wp-content\/uploads\/2024\/03\/Grafiken_Onlinehandel_Bild1_ps-375x211.jpg 375w, https:\/\/www.organisator.ch\/wp-content\/uploads\/2024\/03\/Grafiken_Onlinehandel_Bild1_ps-621x350.jpg 621w\" sizes=\"auto, (max-width: 680px) 100vw, 680px\" \/><figcaption id=\"caption-attachment-25893\" class=\"wp-caption-text\">(Image : www.gfk.com)<\/figcaption><\/figure>\n<h3><strong>Combien ont \u00e9t\u00e9 achet\u00e9s ?<\/strong><\/h3>\n<p>En 2023, les particuliers ont command\u00e9 pour 14,4 milliards de francs suisses de marchandises en ligne en Suisse, dont :<\/p>\n<ul>\n<li>2 milliards de francs suisses directement aupr\u00e8s des commer\u00e7ants en Suisse (achats en francs suisses, TVA comprise).<\/li>\n<li>2 milliards de francs suisses directement aupr\u00e8s de commer\u00e7ants \u00e0 l'\u00e9tranger.<\/li>\n<\/ul>\n<p>Contrairement \u00e0 l'ann\u00e9e pr\u00e9c\u00e9dente, la r\u00e9partition du chiffre d'affaires entre les mois a \u00e9t\u00e9 tr\u00e8s \u00e9quilibr\u00e9e. Seul le mois de juin 2023 a connu une croissance sup\u00e9rieure \u00e0 la moyenne par rapport aux autres mois. Cette tendance n'a toutefois pas pu se poursuivre au second semestre et l'ann\u00e9e ne s'est donc termin\u00e9e qu'avec une augmentation de 3 % par rapport \u00e0 l'ann\u00e9e pr\u00e9c\u00e9dente.\u00a0<\/p>\n<p>La part en ligne du march\u00e9 global non alimentaire s'est \u00e9galement redress\u00e9e et s'\u00e9l\u00e8ve d\u00e9sormais \u00e0 18,8 %. La part en ligne de l'alimentaire a baiss\u00e9 \u00e0 3,0 %.<\/p>\n<h3><strong>Qu'est-ce qui est command\u00e9 en Suisse ?<\/strong><\/h3>\n<p>Pour les commer\u00e7ants dont l'assortiment principal est l'\u00e9lectronique domestique, 53% du chiffre d'affaires est r\u00e9alis\u00e9 en ligne. Le sport s'est r\u00e9tabli avec une part en ligne de 27 %, comme en 2021. Dans l'assortiment mode\/chaussures, 28 pour cent des achats sont effectu\u00e9s en ligne, dans le domaine Home&amp;Living environ 17 pour cent. La r\u00e9partition par branche montre toujours la pr\u00e9dominance de l'\u00e9lectronique grand public avec 24% et de la mode\/chaussures avec 17% du march\u00e9 total en ligne. Il est suivi par Home&amp;Living avec 13 % et Food avec 11 %. En dessous de la barre des 10 % se trouvent les vendeurs universels avec 7 % et le sport avec 5 %. Les livres\/m\u00e9dias, la sant\u00e9 et la beaut\u00e9 et les produits d'hygi\u00e8ne et de beaut\u00e9 se partagent les 3 \u00e0 4 % restants.<\/p>\n<h3><strong>Secteurs perdants et gagnants en 2023\u00a0<\/strong><\/h3>\n<p>On observe une \u00e9volution sectorielle diff\u00e9rente : La mode\/chaussures a perdu -7 pour cent et l'\u00e9lectronique grand public -5 pour cent par rapport \u00e0 l'ann\u00e9e pr\u00e9c\u00e9dente. La majeure partie des branches est \u00e0 z\u00e9ro et seuls le sport et l'alimentaire ont progress\u00e9 de 6 pour cent. C'est-\u00e0-dire l'alimentaire devant le non-alimentaire, avec un secteur de l'\u00e9lectronique grand public et de la mode\/chaussures \u00e0 la tra\u00eene. Cette ann\u00e9e encore, les places de march\u00e9 et les portails font partie des gagnants.<\/p>\n<h3><strong>Augmentation des achats \u00e0 l'\u00e9tranger \/ importations directes <\/strong><\/h3>\n<p>Les achats en ligne \u00e0 l'\u00e9tranger ont atteint un nouveau record avec 2,2 milliards de francs suisses et augmentent de 10 % par rapport \u00e0 2022. Les moteurs de cette croissance sont les petits colis en provenance d'Asie. Ceux-ci sont livr\u00e9s par les grandes plateformes, principalement par fret a\u00e9rien, directement \u00e0 Zurich et Gen\u00e8ve.<\/p>\n<h3><strong>Canaux d'achat pr\u00e9f\u00e9r\u00e9s<\/strong><\/h3>\n<p>Les r\u00e9sultats de l'\u00e9tude montrent qu'en 2023, les pr\u00e9f\u00e9rences des consommateurs ont continu\u00e9 \u00e0 se d\u00e9placer vers le \"online\". Par rapport \u00e0 2019 et \u00e0 2022, ces derniers font de plus en plus d'achats \"hybrides\". Cette augmentation est surtout visible dans les secteurs du sport et du Home&amp;Living. L'omnicanal est devenu une n\u00e9cessit\u00e9.\u00a0<\/p>\n<h3><strong>Conclusion de Post Covid\u00a0<\/strong><\/h3>\n<p>La nouvelle \"norme\" montre que les habitudes de l'\u00e9poque Covid n'ont pas compl\u00e8tement disparu et que certaines branches continuent de jouir d'une grande popularit\u00e9 dans le commerce \u00e9lectronique. Cependant, 2023 prouve \u00e9galement que les achats sp\u00e9ciaux effectu\u00e9s pendant la pand\u00e9mie ne peuvent pas \u00eatre r\u00e9p\u00e9t\u00e9s \u00e0 volont\u00e9 et que les secteurs ont d\u00fb faire face \u00e0 des stocks importants et s'aider de d\u00e9stockages.\u00a0<\/p>\n<h3><strong>Perspectives pour 2024<\/strong><\/h3>\n<p>Les auteurs de l'\u00e9tude partent du principe que la consommation en ligne continuera \u00e0 cro\u00eetre \u00e0 un faible pourcentage \u00e0 un chiffre en 2024 et qu'il faudra attendre 2025 pour que le climat de consommation s'am\u00e9liore. La supr\u00e9matie des places de march\u00e9 et des portails continuera de s'accro\u00eetre, mais pourrait \u00eatre concurrenc\u00e9e de plus en plus par l'\u00e9tranger. Dans le commerce de d\u00e9tail, nous assisterons \u00e0 de nouvelles consolidations, tant sur les surfaces que dans la vente par correspondance classique. Le commerce social jouera un r\u00f4le croissant, notamment aupr\u00e8s de la g\u00e9n\u00e9ration Z, et d'autres canaux d'achat viendront donc s'ajouter pour les commer\u00e7ants. Les consommatrices et consommateurs ach\u00e8teront de plus en plus selon la devise \"ici et maintenant - que ce soit en stationnaire ou en ligne\".\u00a0<\/p>\n<p><em>Source : <a href=\"http:\/\/www.gfk.com\">www.gfk.com<\/a><\/em><\/p>","protected":false},"excerpt":{"rendered":"<p>L'association Handelsverband.swiss a r\u00e9alis\u00e9, en collaboration avec GfK Switzerland et en coop\u00e9ration avec la Poste Suisse, l'enqu\u00eate globale sur le march\u00e9 du commerce en ligne en Suisse. Le commerce en ligne en Suisse enregistre une croissance de 3 % en 2023 (y compris l'\u00e9tranger).<\/p>","protected":false},"author":58,"featured_media":25892,"comment_status":"closed","ping_status":"closed","sticky":false,"template":"","format":"standard","meta":{"_acf_changed":false,"_yoast_wpseo_focuskw":"Onlinehandel","_yoast_wpseo_metadesc":"Der Handelsverband.swiss hat gemeinsam mit GfK Switzerland und in Zusammenarbeit mit der Schweizerischen Post die Gesamtmarkterhebung f\u00fcr den Onlinehandel in der Schweiz durchgef\u00fchrt.","articlekey":"","footnotes":""},"categories":[29],"tags":[339,2807,424,492],"class_list":["post-25891","post","type-post","status-publish","format-standard","has-post-thumbnail","hentry","category-marketing","tag-marketing","tag-onlinehandel","tag-schweiz","tag-unternehmen"],"acf":[],"yoast_head":"<!-- This site is optimized with the Yoast SEO plugin v27.5 - https:\/\/yoast.com\/product\/yoast-seo-wordpress\/ -->\n<title>Schweizer Online-Konsum w\u00e4chst in 2023 um 3 Prozent - Organisator<\/title>\n<meta name=\"description\" content=\"Der Handelsverband.swiss hat gemeinsam mit GfK Switzerland und in Zusammenarbeit mit der Schweizerischen Post die Gesamtmarkterhebung f\u00fcr den Onlinehandel in der Schweiz durchgef\u00fchrt.\" \/>\n<meta name=\"robots\" content=\"index, follow, max-snippet:-1, max-image-preview:large, max-video-preview:-1\" \/>\n<link rel=\"canonical\" href=\"https:\/\/www.organisator.ch\/fr\/marketing\/2024-03-13\/schweizer-online-konsum-waechst-in-2023-um-3-prozent\/\" \/>\n<meta property=\"og:locale\" content=\"fr_FR\" \/>\n<meta property=\"og:type\" content=\"article\" \/>\n<meta property=\"og:title\" content=\"Schweizer Online-Konsum w\u00e4chst in 2023 um 3 Prozent\" \/>\n<meta property=\"og:description\" content=\"Der Handelsverband.swiss hat gemeinsam mit GfK Switzerland und in Zusammenarbeit mit der Schweizerischen Post die Gesamtmarkterhebung f\u00fcr den Onlinehandel in der Schweiz durchgef\u00fchrt.\" \/>\n<meta property=\"og:url\" content=\"https:\/\/www.organisator.ch\/fr\/marketing\/2024-03-13\/schweizer-online-konsum-waechst-in-2023-um-3-prozent\/\" \/>\n<meta property=\"og:site_name\" content=\"Organisator\" \/>\n<meta property=\"article:publisher\" content=\"https:\/\/www.facebook.com\/OrganisatorFachmagazin\" \/>\n<meta property=\"article:published_time\" content=\"2024-03-13T13:51:34+00:00\" \/>\n<meta property=\"og:image\" content=\"https:\/\/www.organisator.ch\/wp-content\/uploads\/2024\/03\/Onlinehandelsmarkt_Bild1_ps.jpg\" \/>\n\t<meta property=\"og:image:width\" content=\"680\" \/>\n\t<meta property=\"og:image:height\" content=\"485\" \/>\n\t<meta property=\"og:image:type\" content=\"image\/jpeg\" \/>\n<meta name=\"author\" content=\"Adelisa Kalajdzini\" \/>\n<meta name=\"twitter:card\" content=\"summary_large_image\" \/>\n<meta name=\"twitter:title\" content=\"Schweizer Online-Konsum w\u00e4chst in 2023 um 3 Prozent\" \/>\n<meta name=\"twitter:description\" content=\"Der #Handelsverband.swiss hat gemeinsam mit #GfK Switzerland und in #Zusammenarbeit mit der Schweizerischen #Post die #Gesamtmarkterhebung f\u00fcr den #Onlinehandel in der Schweiz durchgef\u00fchrt.\" \/>\n<meta name=\"twitter:image\" content=\"https:\/\/www.organisator.ch\/wp-content\/uploads\/2024\/03\/Onlinehandelsmarkt_Bild1_ps.jpg\" \/>\n<script type=\"application\/ld+json\" class=\"yoast-schema-graph\">{\"@context\":\"https:\\\/\\\/schema.org\",\"@graph\":[{\"@type\":\"Article\",\"@id\":\"https:\\\/\\\/www.organisator.ch\\\/marketing\\\/2024-03-13\\\/schweizer-online-konsum-waechst-in-2023-um-3-prozent\\\/#article\",\"isPartOf\":{\"@id\":\"https:\\\/\\\/www.organisator.ch\\\/marketing\\\/2024-03-13\\\/schweizer-online-konsum-waechst-in-2023-um-3-prozent\\\/\"},\"author\":{\"name\":\"Adelisa Kalajdzini\",\"@id\":\"https:\\\/\\\/www.organisator.ch\\\/#\\\/schema\\\/person\\\/2e1314a2172123f874db408d8911d3f3\"},\"headline\":\"Schweizer Online-Konsum w\u00e4chst in 2023 um 3 Prozent\",\"datePublished\":\"2024-03-13T13:51:34+00:00\",\"mainEntityOfPage\":{\"@id\":\"https:\\\/\\\/www.organisator.ch\\\/marketing\\\/2024-03-13\\\/schweizer-online-konsum-waechst-in-2023-um-3-prozent\\\/\"},\"wordCount\":692,\"publisher\":{\"@id\":\"https:\\\/\\\/www.organisator.ch\\\/#organization\"},\"image\":{\"@id\":\"https:\\\/\\\/www.organisator.ch\\\/marketing\\\/2024-03-13\\\/schweizer-online-konsum-waechst-in-2023-um-3-prozent\\\/#primaryimage\"},\"thumbnailUrl\":\"https:\\\/\\\/www.organisator.ch\\\/wp-content\\\/uploads\\\/2024\\\/03\\\/Onlinehandelsmarkt_Bild1_ps.jpg\",\"keywords\":[\"Marketing\",\"Onlinehandel\",\"Schweiz\",\"Unternehmen\"],\"articleSection\":[\"MARKETING\"],\"inLanguage\":\"fr-FR\"},{\"@type\":\"WebPage\",\"@id\":\"https:\\\/\\\/www.organisator.ch\\\/marketing\\\/2024-03-13\\\/schweizer-online-konsum-waechst-in-2023-um-3-prozent\\\/\",\"url\":\"https:\\\/\\\/www.organisator.ch\\\/marketing\\\/2024-03-13\\\/schweizer-online-konsum-waechst-in-2023-um-3-prozent\\\/\",\"name\":\"Schweizer Online-Konsum w\u00e4chst in 2023 um 3 Prozent - Organisator\",\"isPartOf\":{\"@id\":\"https:\\\/\\\/www.organisator.ch\\\/#website\"},\"primaryImageOfPage\":{\"@id\":\"https:\\\/\\\/www.organisator.ch\\\/marketing\\\/2024-03-13\\\/schweizer-online-konsum-waechst-in-2023-um-3-prozent\\\/#primaryimage\"},\"image\":{\"@id\":\"https:\\\/\\\/www.organisator.ch\\\/marketing\\\/2024-03-13\\\/schweizer-online-konsum-waechst-in-2023-um-3-prozent\\\/#primaryimage\"},\"thumbnailUrl\":\"https:\\\/\\\/www.organisator.ch\\\/wp-content\\\/uploads\\\/2024\\\/03\\\/Onlinehandelsmarkt_Bild1_ps.jpg\",\"datePublished\":\"2024-03-13T13:51:34+00:00\",\"description\":\"Der Handelsverband.swiss hat gemeinsam mit GfK Switzerland und in Zusammenarbeit mit der Schweizerischen Post die Gesamtmarkterhebung f\u00fcr den Onlinehandel in der Schweiz durchgef\u00fchrt.\",\"breadcrumb\":{\"@id\":\"https:\\\/\\\/www.organisator.ch\\\/marketing\\\/2024-03-13\\\/schweizer-online-konsum-waechst-in-2023-um-3-prozent\\\/#breadcrumb\"},\"inLanguage\":\"fr-FR\",\"potentialAction\":[{\"@type\":\"ReadAction\",\"target\":[\"https:\\\/\\\/www.organisator.ch\\\/marketing\\\/2024-03-13\\\/schweizer-online-konsum-waechst-in-2023-um-3-prozent\\\/\"]}]},{\"@type\":\"ImageObject\",\"inLanguage\":\"fr-FR\",\"@id\":\"https:\\\/\\\/www.organisator.ch\\\/marketing\\\/2024-03-13\\\/schweizer-online-konsum-waechst-in-2023-um-3-prozent\\\/#primaryimage\",\"url\":\"https:\\\/\\\/www.organisator.ch\\\/wp-content\\\/uploads\\\/2024\\\/03\\\/Onlinehandelsmarkt_Bild1_ps.jpg\",\"contentUrl\":\"https:\\\/\\\/www.organisator.ch\\\/wp-content\\\/uploads\\\/2024\\\/03\\\/Onlinehandelsmarkt_Bild1_ps.jpg\",\"width\":680,\"height\":485,\"caption\":\"Die Studienergebnisse zeigen, dass sich die Pr\u00e4ferenzen der Konsumentinnen und Konsumenten auch 2023 weiterhin in Richtung \u00abonline\u00bb verschoben haben. (Bild: www.pixabay.com)\"},{\"@type\":\"BreadcrumbList\",\"@id\":\"https:\\\/\\\/www.organisator.ch\\\/marketing\\\/2024-03-13\\\/schweizer-online-konsum-waechst-in-2023-um-3-prozent\\\/#breadcrumb\",\"itemListElement\":[{\"@type\":\"ListItem\",\"position\":1,\"name\":\"Home\",\"item\":\"https:\\\/\\\/www.organisator.ch\\\/\"},{\"@type\":\"ListItem\",\"position\":2,\"name\":\"Schweizer Online-Konsum w\u00e4chst in 2023 um 3 Prozent\"}]},{\"@type\":\"WebSite\",\"@id\":\"https:\\\/\\\/www.organisator.ch\\\/#website\",\"url\":\"https:\\\/\\\/www.organisator.ch\\\/\",\"name\":\"Organisator\",\"description\":\"Kompetent. Praxisnah. Der ORGANISATOR bereitet in 10 Ausgaben pro Jahr die wesentlichen Themen f\u00fcr F\u00fchrungskr\u00e4fte von KMU auf.\",\"publisher\":{\"@id\":\"https:\\\/\\\/www.organisator.ch\\\/#organization\"},\"potentialAction\":[{\"@type\":\"SearchAction\",\"target\":{\"@type\":\"EntryPoint\",\"urlTemplate\":\"https:\\\/\\\/www.organisator.ch\\\/?s={search_term_string}\"},\"query-input\":{\"@type\":\"PropertyValueSpecification\",\"valueRequired\":true,\"valueName\":\"search_term_string\"}}],\"inLanguage\":\"fr-FR\"},{\"@type\":\"Organization\",\"@id\":\"https:\\\/\\\/www.organisator.ch\\\/#organization\",\"name\":\"Organisator\",\"url\":\"https:\\\/\\\/www.organisator.ch\\\/\",\"logo\":{\"@type\":\"ImageObject\",\"inLanguage\":\"fr-FR\",\"@id\":\"https:\\\/\\\/www.organisator.ch\\\/#\\\/schema\\\/logo\\\/image\\\/\",\"url\":\"https:\\\/\\\/www.organisator.ch\\\/wp-content\\\/uploads\\\/2022\\\/01\\\/Logo_Organisator_Website.png\",\"contentUrl\":\"https:\\\/\\\/www.organisator.ch\\\/wp-content\\\/uploads\\\/2022\\\/01\\\/Logo_Organisator_Website.png\",\"width\":800,\"height\":77,\"caption\":\"Organisator\"},\"image\":{\"@id\":\"https:\\\/\\\/www.organisator.ch\\\/#\\\/schema\\\/logo\\\/image\\\/\"},\"sameAs\":[\"https:\\\/\\\/www.facebook.com\\\/OrganisatorFachmagazin\",\"https:\\\/\\\/www.linkedin.com\\\/showcase\\\/organisator-das-magazin-fr-kmu\",\"https:\\\/\\\/www.xing.com\\\/news\\\/pages\\\/organisator-ch-695\",\"https:\\\/\\\/www.youtube.com\\\/channel\\\/UCGP2Sq0iWaZwT3BdIAQFYpw\"]},{\"@type\":\"Person\",\"@id\":\"https:\\\/\\\/www.organisator.ch\\\/#\\\/schema\\\/person\\\/2e1314a2172123f874db408d8911d3f3\",\"name\":\"Adelisa Kalajdzini\",\"image\":{\"@type\":\"ImageObject\",\"inLanguage\":\"fr-FR\",\"@id\":\"https:\\\/\\\/secure.gravatar.com\\\/avatar\\\/09a397c22ac58cad6f160ee8306348599df9df58a8ede73696226897b9fa4b24?s=96&d=mm&r=g\",\"url\":\"https:\\\/\\\/secure.gravatar.com\\\/avatar\\\/09a397c22ac58cad6f160ee8306348599df9df58a8ede73696226897b9fa4b24?s=96&d=mm&r=g\",\"contentUrl\":\"https:\\\/\\\/secure.gravatar.com\\\/avatar\\\/09a397c22ac58cad6f160ee8306348599df9df58a8ede73696226897b9fa4b24?s=96&d=mm&r=g\",\"caption\":\"Adelisa Kalajdzini\"},\"url\":\"https:\\\/\\\/www.organisator.ch\\\/fr\\\/author\\\/adelisa-kalajdzini\\\/\"}]}<\/script>\n<!-- \/ Yoast SEO plugin. -->","yoast_head_json":{"title":"La consommation suisse en ligne augmentera de 3 % en 2023 - Organisateur","description":"L'association Handelsverband.swiss a r\u00e9alis\u00e9, en collaboration avec GfK Switzerland et en coop\u00e9ration avec la Poste Suisse, l'enqu\u00eate globale sur le march\u00e9 du commerce en ligne en Suisse.","robots":{"index":"index","follow":"follow","max-snippet":"max-snippet:-1","max-image-preview":"max-image-preview:large","max-video-preview":"max-video-preview:-1"},"canonical":"https:\/\/www.organisator.ch\/fr\/marketing\/2024-03-13\/schweizer-online-konsum-waechst-in-2023-um-3-prozent\/","og_locale":"fr_FR","og_type":"article","og_title":"Schweizer Online-Konsum w\u00e4chst in 2023 um 3 Prozent","og_description":"Der Handelsverband.swiss hat gemeinsam mit GfK Switzerland und in Zusammenarbeit mit der Schweizerischen Post die Gesamtmarkterhebung f\u00fcr den Onlinehandel in der Schweiz durchgef\u00fchrt.","og_url":"https:\/\/www.organisator.ch\/fr\/marketing\/2024-03-13\/schweizer-online-konsum-waechst-in-2023-um-3-prozent\/","og_site_name":"Organisator","article_publisher":"https:\/\/www.facebook.com\/OrganisatorFachmagazin","article_published_time":"2024-03-13T13:51:34+00:00","og_image":[{"width":680,"height":485,"url":"https:\/\/www.organisator.ch\/wp-content\/uploads\/2024\/03\/Onlinehandelsmarkt_Bild1_ps.jpg","type":"image\/jpeg"}],"author":"Adelisa Kalajdzini","twitter_card":"summary_large_image","twitter_title":"Schweizer Online-Konsum w\u00e4chst in 2023 um 3 Prozent","twitter_description":"Der #Handelsverband.swiss hat gemeinsam mit #GfK Switzerland und in #Zusammenarbeit mit der Schweizerischen #Post die #Gesamtmarkterhebung f\u00fcr den #Onlinehandel in der Schweiz durchgef\u00fchrt.","twitter_image":"https:\/\/www.organisator.ch\/wp-content\/uploads\/2024\/03\/Onlinehandelsmarkt_Bild1_ps.jpg","schema":{"@context":"https:\/\/schema.org","@graph":[{"@type":"Article","@id":"https:\/\/www.organisator.ch\/marketing\/2024-03-13\/schweizer-online-konsum-waechst-in-2023-um-3-prozent\/#article","isPartOf":{"@id":"https:\/\/www.organisator.ch\/marketing\/2024-03-13\/schweizer-online-konsum-waechst-in-2023-um-3-prozent\/"},"author":{"name":"Adelisa Kalajdzini","@id":"https:\/\/www.organisator.ch\/#\/schema\/person\/2e1314a2172123f874db408d8911d3f3"},"headline":"Schweizer Online-Konsum w\u00e4chst in 2023 um 3 Prozent","datePublished":"2024-03-13T13:51:34+00:00","mainEntityOfPage":{"@id":"https:\/\/www.organisator.ch\/marketing\/2024-03-13\/schweizer-online-konsum-waechst-in-2023-um-3-prozent\/"},"wordCount":692,"publisher":{"@id":"https:\/\/www.organisator.ch\/#organization"},"image":{"@id":"https:\/\/www.organisator.ch\/marketing\/2024-03-13\/schweizer-online-konsum-waechst-in-2023-um-3-prozent\/#primaryimage"},"thumbnailUrl":"https:\/\/www.organisator.ch\/wp-content\/uploads\/2024\/03\/Onlinehandelsmarkt_Bild1_ps.jpg","keywords":["Marketing","Onlinehandel","Schweiz","Unternehmen"],"articleSection":["MARKETING"],"inLanguage":"fr-FR"},{"@type":"WebPage","@id":"https:\/\/www.organisator.ch\/marketing\/2024-03-13\/schweizer-online-konsum-waechst-in-2023-um-3-prozent\/","url":"https:\/\/www.organisator.ch\/marketing\/2024-03-13\/schweizer-online-konsum-waechst-in-2023-um-3-prozent\/","name":"La consommation suisse en ligne augmentera de 3 % en 2023 - Organisateur","isPartOf":{"@id":"https:\/\/www.organisator.ch\/#website"},"primaryImageOfPage":{"@id":"https:\/\/www.organisator.ch\/marketing\/2024-03-13\/schweizer-online-konsum-waechst-in-2023-um-3-prozent\/#primaryimage"},"image":{"@id":"https:\/\/www.organisator.ch\/marketing\/2024-03-13\/schweizer-online-konsum-waechst-in-2023-um-3-prozent\/#primaryimage"},"thumbnailUrl":"https:\/\/www.organisator.ch\/wp-content\/uploads\/2024\/03\/Onlinehandelsmarkt_Bild1_ps.jpg","datePublished":"2024-03-13T13:51:34+00:00","description":"L'association Handelsverband.swiss a r\u00e9alis\u00e9, en collaboration avec GfK Switzerland et en coop\u00e9ration avec la Poste Suisse, l'enqu\u00eate globale sur le march\u00e9 du commerce en ligne en Suisse.","breadcrumb":{"@id":"https:\/\/www.organisator.ch\/marketing\/2024-03-13\/schweizer-online-konsum-waechst-in-2023-um-3-prozent\/#breadcrumb"},"inLanguage":"fr-FR","potentialAction":[{"@type":"ReadAction","target":["https:\/\/www.organisator.ch\/marketing\/2024-03-13\/schweizer-online-konsum-waechst-in-2023-um-3-prozent\/"]}]},{"@type":"ImageObject","inLanguage":"fr-FR","@id":"https:\/\/www.organisator.ch\/marketing\/2024-03-13\/schweizer-online-konsum-waechst-in-2023-um-3-prozent\/#primaryimage","url":"https:\/\/www.organisator.ch\/wp-content\/uploads\/2024\/03\/Onlinehandelsmarkt_Bild1_ps.jpg","contentUrl":"https:\/\/www.organisator.ch\/wp-content\/uploads\/2024\/03\/Onlinehandelsmarkt_Bild1_ps.jpg","width":680,"height":485,"caption":"Die Studienergebnisse zeigen, dass sich die Pr\u00e4ferenzen der Konsumentinnen und Konsumenten auch 2023 weiterhin in Richtung \u00abonline\u00bb verschoben haben. (Bild: www.pixabay.com)"},{"@type":"BreadcrumbList","@id":"https:\/\/www.organisator.ch\/marketing\/2024-03-13\/schweizer-online-konsum-waechst-in-2023-um-3-prozent\/#breadcrumb","itemListElement":[{"@type":"ListItem","position":1,"name":"Home","item":"https:\/\/www.organisator.ch\/"},{"@type":"ListItem","position":2,"name":"Schweizer Online-Konsum w\u00e4chst in 2023 um 3 Prozent"}]},{"@type":"WebSite","@id":"https:\/\/www.organisator.ch\/#website","url":"https:\/\/www.organisator.ch\/","name":"Organisateur","description":"Comp\u00e9tence et comp\u00e9tence. Proches de la pratique. L'ORGANISATEUR pr\u00e9pare 10 num\u00e9ros par an sur les th\u00e8mes essentiels pour les dirigeants de PME.","publisher":{"@id":"https:\/\/www.organisator.ch\/#organization"},"potentialAction":[{"@type":"SearchAction","target":{"@type":"EntryPoint","urlTemplate":"https:\/\/www.organisator.ch\/?s={search_term_string}"},"query-input":{"@type":"PropertyValueSpecification","valueRequired":true,"valueName":"search_term_string"}}],"inLanguage":"fr-FR"},{"@type":"Organization","@id":"https:\/\/www.organisator.ch\/#organization","name":"Organisateur","url":"https:\/\/www.organisator.ch\/","logo":{"@type":"ImageObject","inLanguage":"fr-FR","@id":"https:\/\/www.organisator.ch\/#\/schema\/logo\/image\/","url":"https:\/\/www.organisator.ch\/wp-content\/uploads\/2022\/01\/Logo_Organisator_Website.png","contentUrl":"https:\/\/www.organisator.ch\/wp-content\/uploads\/2022\/01\/Logo_Organisator_Website.png","width":800,"height":77,"caption":"Organisator"},"image":{"@id":"https:\/\/www.organisator.ch\/#\/schema\/logo\/image\/"},"sameAs":["https:\/\/www.facebook.com\/OrganisatorFachmagazin","https:\/\/www.linkedin.com\/showcase\/organisator-das-magazin-fr-kmu","https:\/\/www.xing.com\/news\/pages\/organisator-ch-695","https:\/\/www.youtube.com\/channel\/UCGP2Sq0iWaZwT3BdIAQFYpw"]},{"@type":"Person","@id":"https:\/\/www.organisator.ch\/#\/schema\/person\/2e1314a2172123f874db408d8911d3f3","name":"Adelisa Kalajdzini","image":{"@type":"ImageObject","inLanguage":"fr-FR","@id":"https:\/\/secure.gravatar.com\/avatar\/09a397c22ac58cad6f160ee8306348599df9df58a8ede73696226897b9fa4b24?s=96&d=mm&r=g","url":"https:\/\/secure.gravatar.com\/avatar\/09a397c22ac58cad6f160ee8306348599df9df58a8ede73696226897b9fa4b24?s=96&d=mm&r=g","contentUrl":"https:\/\/secure.gravatar.com\/avatar\/09a397c22ac58cad6f160ee8306348599df9df58a8ede73696226897b9fa4b24?s=96&d=mm&r=g","caption":"Adelisa Kalajdzini"},"url":"https:\/\/www.organisator.ch\/fr\/author\/adelisa-kalajdzini\/"}]}},"_links":{"self":[{"href":"https:\/\/www.organisator.ch\/fr\/wp-json\/wp\/v2\/posts\/25891","targetHints":{"allow":["GET"]}}],"collection":[{"href":"https:\/\/www.organisator.ch\/fr\/wp-json\/wp\/v2\/posts"}],"about":[{"href":"https:\/\/www.organisator.ch\/fr\/wp-json\/wp\/v2\/types\/post"}],"author":[{"embeddable":true,"href":"https:\/\/www.organisator.ch\/fr\/wp-json\/wp\/v2\/users\/58"}],"replies":[{"embeddable":true,"href":"https:\/\/www.organisator.ch\/fr\/wp-json\/wp\/v2\/comments?post=25891"}],"version-history":[{"count":4,"href":"https:\/\/www.organisator.ch\/fr\/wp-json\/wp\/v2\/posts\/25891\/revisions"}],"predecessor-version":[{"id":25907,"href":"https:\/\/www.organisator.ch\/fr\/wp-json\/wp\/v2\/posts\/25891\/revisions\/25907"}],"wp:featuredmedia":[{"embeddable":true,"href":"https:\/\/www.organisator.ch\/fr\/wp-json\/wp\/v2\/media\/25892"}],"wp:attachment":[{"href":"https:\/\/www.organisator.ch\/fr\/wp-json\/wp\/v2\/media?parent=25891"}],"wp:term":[{"taxonomy":"category","embeddable":true,"href":"https:\/\/www.organisator.ch\/fr\/wp-json\/wp\/v2\/categories?post=25891"},{"taxonomy":"post_tag","embeddable":true,"href":"https:\/\/www.organisator.ch\/fr\/wp-json\/wp\/v2\/tags?post=25891"}],"curies":[{"name":"wp","href":"https:\/\/api.w.org\/{rel}","templated":true}]}}