{"id":25911,"date":"2024-03-14T10:47:39","date_gmt":"2024-03-14T09:47:39","guid":{"rendered":"https:\/\/www.organisator.ch\/?p=25911"},"modified":"2024-03-14T10:47:39","modified_gmt":"2024-03-14T09:47:39","slug":"nachhaltige-entwicklung-gestalten-und-nicht-verwalten","status":"publish","type":"post","link":"https:\/\/www.organisator.ch\/fr\/sustainability\/2024-03-14\/nachhaltige-entwicklung-gestalten-und-nicht-verwalten\/","title":{"rendered":"Concevoir le d\u00e9veloppement durable et non le g\u00e9rer"},"content":{"rendered":"<figure id=\"attachment_25914\" aria-describedby=\"caption-attachment-25914\" style=\"width: 680px\" class=\"wp-caption alignnone\"><img loading=\"lazy\" decoding=\"async\" class=\"size-full wp-image-25914\" src=\"https:\/\/www.organisator.ch\/wp-content\/uploads\/2024\/03\/1_ZHAW_Referent-Bild1_ps.jpg\" alt=\"\" width=\"680\" height=\"449\" srcset=\"https:\/\/www.organisator.ch\/wp-content\/uploads\/2024\/03\/1_ZHAW_Referent-Bild1_ps.jpg 680w, https:\/\/www.organisator.ch\/wp-content\/uploads\/2024\/03\/1_ZHAW_Referent-Bild1_ps-18x12.jpg 18w, https:\/\/www.organisator.ch\/wp-content\/uploads\/2024\/03\/1_ZHAW_Referent-Bild1_ps-375x248.jpg 375w, https:\/\/www.organisator.ch\/wp-content\/uploads\/2024\/03\/1_ZHAW_Referent-Bild1_ps-530x350.jpg 530w\" sizes=\"auto, (max-width: 680px) 100vw, 680px\" \/><figcaption id=\"caption-attachment-25914\" class=\"wp-caption-text\">Lors de l'IFM Day 2024, l'orateur principal Michael Braungart, cr\u00e9ateur du concept de design \"Cradle to Cradle\", a parl\u00e9 des nouvelles opportunit\u00e9s pour le Facility Management gr\u00e2ce \u00e0 de nouveaux mod\u00e8les commerciaux. (Image : ZHAW\/Tevy)<\/figcaption><\/figure>\n<p>En tant que centre de comp\u00e9tence suisse en mati\u00e8re de gestion immobili\u00e8re et de facility management, l'Institut de facility management (IFM) de la ZHAW organise chaque ann\u00e9e une journ\u00e9e de rencontre pour les professionnels de la recherche et de la pratique. Dans son allocution de bienvenue \u00e0 la manifestation du 8 mars 2024, Irene Arnold, directrice a.i. de l'institut, a \u00e9voqu\u00e9 les grands changements v\u00e9cus par la branche dans son ensemble, mais aussi par l'institut en particulier. Ce faisant, elle a port\u00e9 un regard optimiste sur l'avenir, car, selon Aristote, \"nous ne pouvons pas changer le vent, mais nous pouvons mettre les voiles diff\u00e9remment\".<\/p>\n<h3><strong>\"Nous devons apprendre \u00e0 utiliser intelligemment les mati\u00e8res premi\u00e8res de la Terre\".<\/strong><\/h3>\n<p>L'orateur principal, Michael Braungart, est le cr\u00e9ateur du concept de conception \"Cradle to Cradle\" - en fran\u00e7ais \"du berceau au berceau\". Selon lui, le Facility Management n'a pas besoin de plus d'efficience, comme c'est le cas aujourd'hui, mais de plus d'efficacit\u00e9. Car si ce qui existe est mauvais, l'augmentation de l'efficacit\u00e9 ne l'am\u00e9liorera pas. Il faudrait plut\u00f4t se demander ce qui est juste - et ensuite faire ce qui est juste. Il a cit\u00e9 l'exemple de l'\u00c9gypte, o\u00f9 d'\u00e9normes montagnes de d\u00e9chets de bouteilles en plastique se trouvent, non pas parce que les gens n'ont pas de conscience \u00e9cologique, mais parce que le plastique est trop bon march\u00e9 pour \u00eatre collect\u00e9, mais aussi trop toxique pour \u00eatre br\u00fbl\u00e9, c'est-\u00e0-dire pour \u00eatre utilis\u00e9 comme source d'\u00e9nergie.<\/p>\n<p>Avec \"Cradle to Cradle\", il n'y aurait pas de d\u00e9chets du tout. Tout reste dans le cycle et est r\u00e9utilis\u00e9 - dans la biosph\u00e8re ou la technosph\u00e8re. Michael Braungart a montr\u00e9 de nombreux autres exemples et voulait surtout inspirer le public. Il a appel\u00e9 \u00e0 la cr\u00e9ation et pas seulement \u00e0 la gestion. Ne serait-ce pas un bon objectif de cr\u00e9er un b\u00e2timent qui purifie \u00e9galement l'air.<\/p>\n<h3><strong>\u00c9conomie circulaire \u00e0 l'Institut de Facility Management<\/strong><\/h3>\n<p>Matthias Haase, du groupe de comp\u00e9tence en gestion immobili\u00e8re, a parl\u00e9 du projet international \"Circular B\", auquel l'IFM participe. Ce projet vise \u00e0 cr\u00e9er un cadre international commun avec des indicateurs cl\u00e9s de performance (KPI) pour un outil de notation de l'\u00e9conomie circulaire dans l'environnement b\u00e2ti.<br \/>\nCarsten Druhmann, responsable du groupe de comp\u00e9tences Gestion immobili\u00e8re, a pr\u00e9sent\u00e9 le Master in Circular Economy Management, qui a \u00e9t\u00e9 lanc\u00e9 pour la premi\u00e8re fois \u00e0 l'automne 2023. Dans ce cursus commun \u00e0 pas moins de trois d\u00e9partements de la ZHAW, les \u00e9tudiants de diff\u00e9rentes disciplines apprennent \u00e0 conna\u00eetre toutes les facettes de la durabilit\u00e9, c'est-\u00e0-dire les aspects techniques, \u00e9conomiques, \u00e9cologiques et sociaux.<\/p>\n<p>Enfin, la discussion entre Isabelle Wrase, responsable de la fili\u00e8re du Master in Real Estate &amp; Facility Management, et les enseignants Matthias Haase, Martina Hefele et Heinz Bernegger a port\u00e9 sur le grand th\u00e8me de la \"transformation\" et sur la mani\u00e8re dont la fili\u00e8re du management immobilier forme les bonnes personnes pour la mettre en \u0153uvre.<\/p>\n<h3><strong>Apprendre avec et sur l'IA g\u00e9n\u00e9rative \u00e0 l'universit\u00e9<\/strong><\/h3>\n<p>L'IA g\u00e9n\u00e9rative est sur toutes les l\u00e8vres depuis un peu plus d'un an (mot-cl\u00e9 : ChatGPT). Elle entra\u00eene de nombreux changements fondamentaux, y compris dans l'enseignement. Christian Coenen, enseignant \u00e0 l'IFM, a pr\u00e9sent\u00e9 les deux questions qu'il consid\u00e8re comme d\u00e9cisives en mati\u00e8re d'IA g\u00e9n\u00e9rative, \u00e0 savoir \"Que pouvons-nous cr\u00e9er ensemble, l'IA g\u00e9n\u00e9tique et moi ?\" et \"Comment pouvons-nous y parvenir ?\", ainsi que diff\u00e9rents exemples montrant comment les \u00e9tudiants de licence et de master travaillent d\u00e9j\u00e0 avec l'IA.<br \/>\nIrene Arnold a profit\u00e9 de la conclusion pour \u00e9voquer les activit\u00e9s du jubil\u00e9 de l'ann\u00e9e prochaine. Cela fera alors 25 ans que le Conseil f\u00e9d\u00e9ral a autoris\u00e9 la premi\u00e8re fili\u00e8re d'\u00e9tudes HES en Facility Management.<\/p>\n<p><em>Source : <a href=\"http:\/\/www.zhaw.ch\">www.zhaw.ch<\/a><\/em><\/p>","protected":false},"excerpt":{"rendered":"<p>Quelles sont les possibilit\u00e9s d'am\u00e9nagement pour d\u00e9velopper durablement l'immobilier et le Facility Management ? Lors de l'IFM Day 2024 organis\u00e9 par l'Institut de Facility Management de la ZHAW sur le th\u00e8me \"\u00c9conomie circulaire : nouvelles opportunit\u00e9s pour le Facility Management gr\u00e2ce \u00e0 des mod\u00e8les commerciaux innovants\", plus de 100 sp\u00e9cialistes ont discut\u00e9 des d\u00e9fis actuels du secteur. <\/p>","protected":false},"author":58,"featured_media":25914,"comment_status":"closed","ping_status":"closed","sticky":false,"template":"","format":"standard","meta":{"_acf_changed":false,"_yoast_wpseo_focuskw":"Facility","_yoast_wpseo_metadesc":"Welche Gestaltungsm\u00f6glichkeiten bieten sich, um Immobilien- und Facility Management nachhaltig zu entwickeln?","articlekey":"","footnotes":""},"categories":[580],"tags":[195,594,1787,424,2600],"class_list":["post-25911","post","type-post","status-publish","format-standard","has-post-thumbnail","hentry","category-sustainability","tag-facility-management","tag-kreislaufwirtschaft","tag-nachhaltigkeit","tag-schweiz","tag-zhaw"],"acf":[],"yoast_head":"<!-- This site is optimized with the Yoast SEO plugin v27.5 - https:\/\/yoast.com\/product\/yoast-seo-wordpress\/ -->\n<title>Nachhaltige Entwicklung gestalten und nicht verwalten - Organisator<\/title>\n<meta name=\"description\" content=\"Welche Gestaltungsm\u00f6glichkeiten bieten sich, um Immobilien- und Facility Management nachhaltig zu entwickeln?\" \/>\n<meta name=\"robots\" content=\"index, follow, max-snippet:-1, max-image-preview:large, max-video-preview:-1\" \/>\n<link rel=\"canonical\" href=\"https:\/\/www.organisator.ch\/fr\/sustainability\/2024-03-14\/nachhaltige-entwicklung-gestalten-und-nicht-verwalten\/\" \/>\n<meta property=\"og:locale\" content=\"fr_FR\" \/>\n<meta property=\"og:type\" content=\"article\" \/>\n<meta property=\"og:title\" content=\"Nachhaltige Entwicklung gestalten und nicht verwalten\" \/>\n<meta property=\"og:description\" content=\"Welche Gestaltungsm\u00f6glichkeiten bieten sich, um Immobilien- und Facility Management nachhaltig zu entwickeln?\" \/>\n<meta property=\"og:url\" content=\"https:\/\/www.organisator.ch\/fr\/sustainability\/2024-03-14\/nachhaltige-entwicklung-gestalten-und-nicht-verwalten\/\" \/>\n<meta property=\"og:site_name\" content=\"Organisator\" \/>\n<meta property=\"article:publisher\" content=\"https:\/\/www.facebook.com\/OrganisatorFachmagazin\" \/>\n<meta property=\"article:published_time\" content=\"2024-03-14T09:47:39+00:00\" \/>\n<meta property=\"og:image\" content=\"https:\/\/www.organisator.ch\/wp-content\/uploads\/2024\/03\/1_ZHAW_Referent-Bild1_ps.jpg\" \/>\n\t<meta property=\"og:image:width\" content=\"680\" \/>\n\t<meta property=\"og:image:height\" content=\"449\" \/>\n\t<meta property=\"og:image:type\" content=\"image\/jpeg\" \/>\n<meta name=\"author\" content=\"Adelisa Kalajdzini\" \/>\n<meta name=\"twitter:card\" content=\"summary_large_image\" \/>\n<meta name=\"twitter:title\" content=\"Nachhaltige Entwicklung gestalten und nicht verwalten\" \/>\n<meta name=\"twitter:description\" content=\"Welche #Gestaltungsm\u00f6glichkeiten bieten sich, um #Immobilien- #Facility #Management #nachhaltig zu entwickeln?\" \/>\n<meta name=\"twitter:image\" content=\"https:\/\/www.organisator.ch\/wp-content\/uploads\/2024\/03\/1_ZHAW_Referent-Bild1_ps.jpg\" \/>\n<script type=\"application\/ld+json\" class=\"yoast-schema-graph\">{\"@context\":\"https:\\\/\\\/schema.org\",\"@graph\":[{\"@type\":\"Article\",\"@id\":\"https:\\\/\\\/www.organisator.ch\\\/sustainability\\\/2024-03-14\\\/nachhaltige-entwicklung-gestalten-und-nicht-verwalten\\\/#article\",\"isPartOf\":{\"@id\":\"https:\\\/\\\/www.organisator.ch\\\/sustainability\\\/2024-03-14\\\/nachhaltige-entwicklung-gestalten-und-nicht-verwalten\\\/\"},\"author\":{\"name\":\"Adelisa Kalajdzini\",\"@id\":\"https:\\\/\\\/www.organisator.ch\\\/#\\\/schema\\\/person\\\/2e1314a2172123f874db408d8911d3f3\"},\"headline\":\"Nachhaltige Entwicklung gestalten und nicht verwalten\",\"datePublished\":\"2024-03-14T09:47:39+00:00\",\"mainEntityOfPage\":{\"@id\":\"https:\\\/\\\/www.organisator.ch\\\/sustainability\\\/2024-03-14\\\/nachhaltige-entwicklung-gestalten-und-nicht-verwalten\\\/\"},\"wordCount\":569,\"publisher\":{\"@id\":\"https:\\\/\\\/www.organisator.ch\\\/#organization\"},\"image\":{\"@id\":\"https:\\\/\\\/www.organisator.ch\\\/sustainability\\\/2024-03-14\\\/nachhaltige-entwicklung-gestalten-und-nicht-verwalten\\\/#primaryimage\"},\"thumbnailUrl\":\"https:\\\/\\\/www.organisator.ch\\\/wp-content\\\/uploads\\\/2024\\\/03\\\/1_ZHAW_Referent-Bild1_ps.jpg\",\"keywords\":[\"Facility Management\",\"Kreislaufwirtschaft\",\"Nachhaltigkeit\",\"Schweiz\",\"ZHAW\"],\"articleSection\":[\"SUSTAINABILITY\"],\"inLanguage\":\"fr-FR\"},{\"@type\":\"WebPage\",\"@id\":\"https:\\\/\\\/www.organisator.ch\\\/sustainability\\\/2024-03-14\\\/nachhaltige-entwicklung-gestalten-und-nicht-verwalten\\\/\",\"url\":\"https:\\\/\\\/www.organisator.ch\\\/sustainability\\\/2024-03-14\\\/nachhaltige-entwicklung-gestalten-und-nicht-verwalten\\\/\",\"name\":\"Nachhaltige Entwicklung gestalten und nicht verwalten - Organisator\",\"isPartOf\":{\"@id\":\"https:\\\/\\\/www.organisator.ch\\\/#website\"},\"primaryImageOfPage\":{\"@id\":\"https:\\\/\\\/www.organisator.ch\\\/sustainability\\\/2024-03-14\\\/nachhaltige-entwicklung-gestalten-und-nicht-verwalten\\\/#primaryimage\"},\"image\":{\"@id\":\"https:\\\/\\\/www.organisator.ch\\\/sustainability\\\/2024-03-14\\\/nachhaltige-entwicklung-gestalten-und-nicht-verwalten\\\/#primaryimage\"},\"thumbnailUrl\":\"https:\\\/\\\/www.organisator.ch\\\/wp-content\\\/uploads\\\/2024\\\/03\\\/1_ZHAW_Referent-Bild1_ps.jpg\",\"datePublished\":\"2024-03-14T09:47:39+00:00\",\"description\":\"Welche Gestaltungsm\u00f6glichkeiten bieten sich, um Immobilien- und Facility Management nachhaltig zu entwickeln?\",\"breadcrumb\":{\"@id\":\"https:\\\/\\\/www.organisator.ch\\\/sustainability\\\/2024-03-14\\\/nachhaltige-entwicklung-gestalten-und-nicht-verwalten\\\/#breadcrumb\"},\"inLanguage\":\"fr-FR\",\"potentialAction\":[{\"@type\":\"ReadAction\",\"target\":[\"https:\\\/\\\/www.organisator.ch\\\/sustainability\\\/2024-03-14\\\/nachhaltige-entwicklung-gestalten-und-nicht-verwalten\\\/\"]}]},{\"@type\":\"ImageObject\",\"inLanguage\":\"fr-FR\",\"@id\":\"https:\\\/\\\/www.organisator.ch\\\/sustainability\\\/2024-03-14\\\/nachhaltige-entwicklung-gestalten-und-nicht-verwalten\\\/#primaryimage\",\"url\":\"https:\\\/\\\/www.organisator.ch\\\/wp-content\\\/uploads\\\/2024\\\/03\\\/1_ZHAW_Referent-Bild1_ps.jpg\",\"contentUrl\":\"https:\\\/\\\/www.organisator.ch\\\/wp-content\\\/uploads\\\/2024\\\/03\\\/1_ZHAW_Referent-Bild1_ps.jpg\",\"width\":680,\"height\":449,\"caption\":\"Am IFM Day 2024 sprach der Hauptreferent Michael Braungart, Sch\u00f6pfer des \u00abCradle to Cradle\u00bb-Design-Konzepts, \u00fcber neue Chancen f\u00fcr das Facility Management durch neue Gesch\u00e4ftsmodelle. (Bild: ZHAW\\\/Tevy)\"},{\"@type\":\"BreadcrumbList\",\"@id\":\"https:\\\/\\\/www.organisator.ch\\\/sustainability\\\/2024-03-14\\\/nachhaltige-entwicklung-gestalten-und-nicht-verwalten\\\/#breadcrumb\",\"itemListElement\":[{\"@type\":\"ListItem\",\"position\":1,\"name\":\"Home\",\"item\":\"https:\\\/\\\/www.organisator.ch\\\/\"},{\"@type\":\"ListItem\",\"position\":2,\"name\":\"Nachhaltige Entwicklung gestalten und nicht verwalten\"}]},{\"@type\":\"WebSite\",\"@id\":\"https:\\\/\\\/www.organisator.ch\\\/#website\",\"url\":\"https:\\\/\\\/www.organisator.ch\\\/\",\"name\":\"Organisator\",\"description\":\"Kompetent. Praxisnah. Der ORGANISATOR bereitet in 10 Ausgaben pro Jahr die wesentlichen Themen f\u00fcr F\u00fchrungskr\u00e4fte von KMU auf.\",\"publisher\":{\"@id\":\"https:\\\/\\\/www.organisator.ch\\\/#organization\"},\"potentialAction\":[{\"@type\":\"SearchAction\",\"target\":{\"@type\":\"EntryPoint\",\"urlTemplate\":\"https:\\\/\\\/www.organisator.ch\\\/?s={search_term_string}\"},\"query-input\":{\"@type\":\"PropertyValueSpecification\",\"valueRequired\":true,\"valueName\":\"search_term_string\"}}],\"inLanguage\":\"fr-FR\"},{\"@type\":\"Organization\",\"@id\":\"https:\\\/\\\/www.organisator.ch\\\/#organization\",\"name\":\"Organisator\",\"url\":\"https:\\\/\\\/www.organisator.ch\\\/\",\"logo\":{\"@type\":\"ImageObject\",\"inLanguage\":\"fr-FR\",\"@id\":\"https:\\\/\\\/www.organisator.ch\\\/#\\\/schema\\\/logo\\\/image\\\/\",\"url\":\"https:\\\/\\\/www.organisator.ch\\\/wp-content\\\/uploads\\\/2022\\\/01\\\/Logo_Organisator_Website.png\",\"contentUrl\":\"https:\\\/\\\/www.organisator.ch\\\/wp-content\\\/uploads\\\/2022\\\/01\\\/Logo_Organisator_Website.png\",\"width\":800,\"height\":77,\"caption\":\"Organisator\"},\"image\":{\"@id\":\"https:\\\/\\\/www.organisator.ch\\\/#\\\/schema\\\/logo\\\/image\\\/\"},\"sameAs\":[\"https:\\\/\\\/www.facebook.com\\\/OrganisatorFachmagazin\",\"https:\\\/\\\/www.linkedin.com\\\/showcase\\\/organisator-das-magazin-fr-kmu\",\"https:\\\/\\\/www.xing.com\\\/news\\\/pages\\\/organisator-ch-695\",\"https:\\\/\\\/www.youtube.com\\\/channel\\\/UCGP2Sq0iWaZwT3BdIAQFYpw\"]},{\"@type\":\"Person\",\"@id\":\"https:\\\/\\\/www.organisator.ch\\\/#\\\/schema\\\/person\\\/2e1314a2172123f874db408d8911d3f3\",\"name\":\"Adelisa Kalajdzini\",\"image\":{\"@type\":\"ImageObject\",\"inLanguage\":\"fr-FR\",\"@id\":\"https:\\\/\\\/secure.gravatar.com\\\/avatar\\\/09a397c22ac58cad6f160ee8306348599df9df58a8ede73696226897b9fa4b24?s=96&d=mm&r=g\",\"url\":\"https:\\\/\\\/secure.gravatar.com\\\/avatar\\\/09a397c22ac58cad6f160ee8306348599df9df58a8ede73696226897b9fa4b24?s=96&d=mm&r=g\",\"contentUrl\":\"https:\\\/\\\/secure.gravatar.com\\\/avatar\\\/09a397c22ac58cad6f160ee8306348599df9df58a8ede73696226897b9fa4b24?s=96&d=mm&r=g\",\"caption\":\"Adelisa Kalajdzini\"},\"url\":\"https:\\\/\\\/www.organisator.ch\\\/fr\\\/author\\\/adelisa-kalajdzini\\\/\"}]}<\/script>\n<!-- \/ Yoast SEO plugin. -->","yoast_head_json":{"title":"Concevoir le d\u00e9veloppement durable et non le g\u00e9rer - Organisateur","description":"Quelles sont les possibilit\u00e9s d'am\u00e9nagement pour d\u00e9velopper durablement l'immobilier et le facility management ?","robots":{"index":"index","follow":"follow","max-snippet":"max-snippet:-1","max-image-preview":"max-image-preview:large","max-video-preview":"max-video-preview:-1"},"canonical":"https:\/\/www.organisator.ch\/fr\/sustainability\/2024-03-14\/nachhaltige-entwicklung-gestalten-und-nicht-verwalten\/","og_locale":"fr_FR","og_type":"article","og_title":"Nachhaltige Entwicklung gestalten und nicht verwalten","og_description":"Welche Gestaltungsm\u00f6glichkeiten bieten sich, um Immobilien- und Facility Management nachhaltig zu entwickeln?","og_url":"https:\/\/www.organisator.ch\/fr\/sustainability\/2024-03-14\/nachhaltige-entwicklung-gestalten-und-nicht-verwalten\/","og_site_name":"Organisator","article_publisher":"https:\/\/www.facebook.com\/OrganisatorFachmagazin","article_published_time":"2024-03-14T09:47:39+00:00","og_image":[{"width":680,"height":449,"url":"https:\/\/www.organisator.ch\/wp-content\/uploads\/2024\/03\/1_ZHAW_Referent-Bild1_ps.jpg","type":"image\/jpeg"}],"author":"Adelisa Kalajdzini","twitter_card":"summary_large_image","twitter_title":"Nachhaltige Entwicklung gestalten und nicht verwalten","twitter_description":"Welche #Gestaltungsm\u00f6glichkeiten bieten sich, um #Immobilien- #Facility #Management #nachhaltig zu entwickeln?","twitter_image":"https:\/\/www.organisator.ch\/wp-content\/uploads\/2024\/03\/1_ZHAW_Referent-Bild1_ps.jpg","schema":{"@context":"https:\/\/schema.org","@graph":[{"@type":"Article","@id":"https:\/\/www.organisator.ch\/sustainability\/2024-03-14\/nachhaltige-entwicklung-gestalten-und-nicht-verwalten\/#article","isPartOf":{"@id":"https:\/\/www.organisator.ch\/sustainability\/2024-03-14\/nachhaltige-entwicklung-gestalten-und-nicht-verwalten\/"},"author":{"name":"Adelisa Kalajdzini","@id":"https:\/\/www.organisator.ch\/#\/schema\/person\/2e1314a2172123f874db408d8911d3f3"},"headline":"Nachhaltige Entwicklung gestalten und nicht verwalten","datePublished":"2024-03-14T09:47:39+00:00","mainEntityOfPage":{"@id":"https:\/\/www.organisator.ch\/sustainability\/2024-03-14\/nachhaltige-entwicklung-gestalten-und-nicht-verwalten\/"},"wordCount":569,"publisher":{"@id":"https:\/\/www.organisator.ch\/#organization"},"image":{"@id":"https:\/\/www.organisator.ch\/sustainability\/2024-03-14\/nachhaltige-entwicklung-gestalten-und-nicht-verwalten\/#primaryimage"},"thumbnailUrl":"https:\/\/www.organisator.ch\/wp-content\/uploads\/2024\/03\/1_ZHAW_Referent-Bild1_ps.jpg","keywords":["Facility Management","Kreislaufwirtschaft","Nachhaltigkeit","Schweiz","ZHAW"],"articleSection":["SUSTAINABILITY"],"inLanguage":"fr-FR"},{"@type":"WebPage","@id":"https:\/\/www.organisator.ch\/sustainability\/2024-03-14\/nachhaltige-entwicklung-gestalten-und-nicht-verwalten\/","url":"https:\/\/www.organisator.ch\/sustainability\/2024-03-14\/nachhaltige-entwicklung-gestalten-und-nicht-verwalten\/","name":"Concevoir le d\u00e9veloppement durable et non le g\u00e9rer - Organisateur","isPartOf":{"@id":"https:\/\/www.organisator.ch\/#website"},"primaryImageOfPage":{"@id":"https:\/\/www.organisator.ch\/sustainability\/2024-03-14\/nachhaltige-entwicklung-gestalten-und-nicht-verwalten\/#primaryimage"},"image":{"@id":"https:\/\/www.organisator.ch\/sustainability\/2024-03-14\/nachhaltige-entwicklung-gestalten-und-nicht-verwalten\/#primaryimage"},"thumbnailUrl":"https:\/\/www.organisator.ch\/wp-content\/uploads\/2024\/03\/1_ZHAW_Referent-Bild1_ps.jpg","datePublished":"2024-03-14T09:47:39+00:00","description":"Quelles sont les possibilit\u00e9s d'am\u00e9nagement pour d\u00e9velopper durablement l'immobilier et le facility management ?","breadcrumb":{"@id":"https:\/\/www.organisator.ch\/sustainability\/2024-03-14\/nachhaltige-entwicklung-gestalten-und-nicht-verwalten\/#breadcrumb"},"inLanguage":"fr-FR","potentialAction":[{"@type":"ReadAction","target":["https:\/\/www.organisator.ch\/sustainability\/2024-03-14\/nachhaltige-entwicklung-gestalten-und-nicht-verwalten\/"]}]},{"@type":"ImageObject","inLanguage":"fr-FR","@id":"https:\/\/www.organisator.ch\/sustainability\/2024-03-14\/nachhaltige-entwicklung-gestalten-und-nicht-verwalten\/#primaryimage","url":"https:\/\/www.organisator.ch\/wp-content\/uploads\/2024\/03\/1_ZHAW_Referent-Bild1_ps.jpg","contentUrl":"https:\/\/www.organisator.ch\/wp-content\/uploads\/2024\/03\/1_ZHAW_Referent-Bild1_ps.jpg","width":680,"height":449,"caption":"Am IFM Day 2024 sprach der Hauptreferent Michael Braungart, Sch\u00f6pfer des \u00abCradle to Cradle\u00bb-Design-Konzepts, \u00fcber neue Chancen f\u00fcr das Facility Management durch neue Gesch\u00e4ftsmodelle. (Bild: ZHAW\/Tevy)"},{"@type":"BreadcrumbList","@id":"https:\/\/www.organisator.ch\/sustainability\/2024-03-14\/nachhaltige-entwicklung-gestalten-und-nicht-verwalten\/#breadcrumb","itemListElement":[{"@type":"ListItem","position":1,"name":"Home","item":"https:\/\/www.organisator.ch\/"},{"@type":"ListItem","position":2,"name":"Nachhaltige Entwicklung gestalten und nicht verwalten"}]},{"@type":"WebSite","@id":"https:\/\/www.organisator.ch\/#website","url":"https:\/\/www.organisator.ch\/","name":"Organisateur","description":"Comp\u00e9tence et comp\u00e9tence. Proches de la pratique. L'ORGANISATEUR pr\u00e9pare 10 num\u00e9ros par an sur les th\u00e8mes essentiels pour les dirigeants de PME.","publisher":{"@id":"https:\/\/www.organisator.ch\/#organization"},"potentialAction":[{"@type":"SearchAction","target":{"@type":"EntryPoint","urlTemplate":"https:\/\/www.organisator.ch\/?s={search_term_string}"},"query-input":{"@type":"PropertyValueSpecification","valueRequired":true,"valueName":"search_term_string"}}],"inLanguage":"fr-FR"},{"@type":"Organization","@id":"https:\/\/www.organisator.ch\/#organization","name":"Organisateur","url":"https:\/\/www.organisator.ch\/","logo":{"@type":"ImageObject","inLanguage":"fr-FR","@id":"https:\/\/www.organisator.ch\/#\/schema\/logo\/image\/","url":"https:\/\/www.organisator.ch\/wp-content\/uploads\/2022\/01\/Logo_Organisator_Website.png","contentUrl":"https:\/\/www.organisator.ch\/wp-content\/uploads\/2022\/01\/Logo_Organisator_Website.png","width":800,"height":77,"caption":"Organisator"},"image":{"@id":"https:\/\/www.organisator.ch\/#\/schema\/logo\/image\/"},"sameAs":["https:\/\/www.facebook.com\/OrganisatorFachmagazin","https:\/\/www.linkedin.com\/showcase\/organisator-das-magazin-fr-kmu","https:\/\/www.xing.com\/news\/pages\/organisator-ch-695","https:\/\/www.youtube.com\/channel\/UCGP2Sq0iWaZwT3BdIAQFYpw"]},{"@type":"Person","@id":"https:\/\/www.organisator.ch\/#\/schema\/person\/2e1314a2172123f874db408d8911d3f3","name":"Adelisa Kalajdzini","image":{"@type":"ImageObject","inLanguage":"fr-FR","@id":"https:\/\/secure.gravatar.com\/avatar\/09a397c22ac58cad6f160ee8306348599df9df58a8ede73696226897b9fa4b24?s=96&d=mm&r=g","url":"https:\/\/secure.gravatar.com\/avatar\/09a397c22ac58cad6f160ee8306348599df9df58a8ede73696226897b9fa4b24?s=96&d=mm&r=g","contentUrl":"https:\/\/secure.gravatar.com\/avatar\/09a397c22ac58cad6f160ee8306348599df9df58a8ede73696226897b9fa4b24?s=96&d=mm&r=g","caption":"Adelisa Kalajdzini"},"url":"https:\/\/www.organisator.ch\/fr\/author\/adelisa-kalajdzini\/"}]}},"_links":{"self":[{"href":"https:\/\/www.organisator.ch\/fr\/wp-json\/wp\/v2\/posts\/25911","targetHints":{"allow":["GET"]}}],"collection":[{"href":"https:\/\/www.organisator.ch\/fr\/wp-json\/wp\/v2\/posts"}],"about":[{"href":"https:\/\/www.organisator.ch\/fr\/wp-json\/wp\/v2\/types\/post"}],"author":[{"embeddable":true,"href":"https:\/\/www.organisator.ch\/fr\/wp-json\/wp\/v2\/users\/58"}],"replies":[{"embeddable":true,"href":"https:\/\/www.organisator.ch\/fr\/wp-json\/wp\/v2\/comments?post=25911"}],"version-history":[{"count":5,"href":"https:\/\/www.organisator.ch\/fr\/wp-json\/wp\/v2\/posts\/25911\/revisions"}],"predecessor-version":[{"id":25950,"href":"https:\/\/www.organisator.ch\/fr\/wp-json\/wp\/v2\/posts\/25911\/revisions\/25950"}],"wp:featuredmedia":[{"embeddable":true,"href":"https:\/\/www.organisator.ch\/fr\/wp-json\/wp\/v2\/media\/25914"}],"wp:attachment":[{"href":"https:\/\/www.organisator.ch\/fr\/wp-json\/wp\/v2\/media?parent=25911"}],"wp:term":[{"taxonomy":"category","embeddable":true,"href":"https:\/\/www.organisator.ch\/fr\/wp-json\/wp\/v2\/categories?post=25911"},{"taxonomy":"post_tag","embeddable":true,"href":"https:\/\/www.organisator.ch\/fr\/wp-json\/wp\/v2\/tags?post=25911"}],"curies":[{"name":"wp","href":"https:\/\/api.w.org\/{rel}","templated":true}]}}