{"id":25961,"date":"2024-03-18T10:16:08","date_gmt":"2024-03-18T09:16:08","guid":{"rendered":"https:\/\/www.werbewoche.ch\/?p=212155"},"modified":"2024-11-11T09:05:55","modified_gmt":"2024-11-11T08:05:55","slug":"marketagent-so-gluecklich-sind-die-schweizerinnen","status":"publish","type":"post","link":"https:\/\/www.organisator.ch\/fr\/marketing\/2024-03-18\/marketagent-so-gluecklich-sind-die-schweizerinnen\/","title":{"rendered":"Marketagent : Les Suisses sont si heureux que \u00e7a !"},"content":{"rendered":"<p><img class=\"alignnone wp-image-212157 size-full\" src=\"https:\/\/www.werbewoche.ch\/wp-content\/uploads\/2024\/03\/Glueck.jpg\" alt=\"\u00c9tude sur le bonheur\" width=\"1200\" height=\"1200\" \/>Quel sera le niveau de bonheur de la population locale en 2024 ? C'est ce qu'a analys\u00e9 l'entreprise d'\u00e9tudes de march\u00e9 Marketagent.com dans une enqu\u00eate. Il en ressort que 17% des Suisses se qualifieraient de \"tr\u00e8s heureux\". Cela concerne surtout les m\u00e9nages de couples sans enfants (20%). Mais il existe \u00e9galement des diff\u00e9rences r\u00e9gionales : les personnes vivant en Suisse al\u00e9manique se d\u00e9clarent plus souvent tr\u00e8s heureuses (19%) - contrairement aux personnes vivant en Suisse romande (11%).<\/p>\r\n<p>Seul moins de 1 % des Suisses se disent \u00e0 peine satisfaits de leur vie. 42 % ne changeraient rien du tout, mais continueraient \u00e0 vivre comme avant s'ils gagnaient le jackpot du loto. M\u00eame si la plupart des Suisses se consid\u00e8rent (tr\u00e8s) heureux (68%), ils sont nettement moins nombreux (45%) \u00e0 penser que les habitants de leur pays sont g\u00e9n\u00e9ralement heureux. Seuls 6% pensent que la population en g\u00e9n\u00e9ral est \"tr\u00e8s heureuse\". 35 % des personnes interrog\u00e9es d\u00e9clarent ne s'\u00eatre senties vraiment heureuses que r\u00e9cemment (aujourd'hui ou hier) et 27 % au cours de la derni\u00e8re semaine.<\/p>\r\n<p>Il est int\u00e9ressant de noter que l'\u00e2ge auquel on pense que les gens sont les plus heureux et l'\u00e2ge auquel ils sont effectivement les plus heureux varient fortement : 38% des Suisses* pensent que c'est entre 20 et 39 ans que l'on est le plus heureux. Seuls 13% consid\u00e8rent que le plus grand bonheur est atteint \u00e0 partir de 60 ans. En r\u00e9alit\u00e9, c'est pourtant chez les 60 ans et plus que l'on estime \u00eatre le plus heureux. 25 pour cent des personnes \u00e2g\u00e9es de 60 \u00e0 69 ans se disent actuellement tr\u00e8s heureuses.<\/p>\r\n<h3>Les m\u00e9dias sociaux rendent-ils heureux ?<\/h3>\r\n<p>En outre, nous avons demand\u00e9 aux personnes interrog\u00e9es si les photos de vacances post\u00e9es sur les m\u00e9dias sociaux (p. ex. Facebook, Instagram, etc.) les rendaient plut\u00f4t heureuses ou plut\u00f4t malheureuses. Pr\u00e8s d'un tiers des Suisses:es (32%) rendent les photos de vacances d'autres personnes \"tr\u00e8s\/plut\u00f4t heureuses\", ce sentiment positif \u00e9tant nettement plus souvent cit\u00e9 par les 14-19 ans (52%) que par les autres groupes d'\u00e2ge. Mais il existe aussi d'autres sentiments : 8 % des Suisses sont \"plut\u00f4t\/tr\u00e8s malheureux\" en regardant des photos de vacances d'autres personnes, en particulier les plus jeunes (13% des 14-19 ans, 14% des 20-29 ans).<\/p>","protected":false},"excerpt":{"rendered":"<p>L'institut d'\u00e9tudes de march\u00e9 et de sondages Marketagent Suisse s'est pench\u00e9 sur la question du bonheur dans le cadre d'une enqu\u00eate r\u00e9cente men\u00e9e aupr\u00e8s de 1037 personnes interrog\u00e9es en Suisse romande et en Suisse al\u00e9manique, et a \u00e9galement demand\u00e9 si les m\u00e9dias sociaux contribuaient au bonheur.<\/p>","protected":false},"author":8,"featured_media":0,"comment_status":"closed","ping_status":"closed","sticky":false,"template":"","format":"standard","meta":{"_acf_changed":false,"_yoast_wpseo_focuskw":"Gl\u00fccklichkeitsstudie","_yoast_wpseo_metadesc":"Marketagent.com-Studie 2024: 68% der Schweizer:innen sind gl\u00fccklich, 17% sehr gl\u00fccklich. Regionale und altersbedingte Unterschiede.","articlekey":"","footnotes":""},"categories":[29],"tags":[3350,341],"class_list":["post-25961","post","type-post","status-publish","format-standard","hentry","category-marketing","tag-marketagent-com","tag-marktforschung"],"acf":[],"yoast_head":"<!-- This site is optimized with the Yoast SEO plugin v27.5 - https:\/\/yoast.com\/product\/yoast-seo-wordpress\/ -->\n<title>Marketagent: So gl\u00fccklich sind die Schweizer:innen - Organisator<\/title>\n<meta name=\"description\" content=\"Marketagent.com-Studie 2024: 68% der Schweizer:innen sind gl\u00fccklich, 17% sehr gl\u00fccklich. Regionale und altersbedingte Unterschiede.\" \/>\n<meta name=\"robots\" content=\"index, follow, max-snippet:-1, max-image-preview:large, max-video-preview:-1\" \/>\n<link rel=\"canonical\" href=\"https:\/\/www.organisator.ch\/fr\/marketing\/2024-03-18\/marketagent-so-gluecklich-sind-die-schweizerinnen\/\" \/>\n<meta property=\"og:locale\" content=\"fr_FR\" \/>\n<meta property=\"og:type\" content=\"article\" \/>\n<meta property=\"og:title\" content=\"Marketagent: So gl\u00fccklich sind die Schweizer:innen - Organisator\" \/>\n<meta property=\"og:description\" content=\"Marketagent.com-Studie 2024: 68% der Schweizer:innen sind gl\u00fccklich, 17% sehr gl\u00fccklich. Regionale und altersbedingte Unterschiede.\" \/>\n<meta property=\"og:url\" content=\"https:\/\/www.organisator.ch\/fr\/marketing\/2024-03-18\/marketagent-so-gluecklich-sind-die-schweizerinnen\/\" \/>\n<meta property=\"og:site_name\" content=\"Organisator\" \/>\n<meta property=\"article:publisher\" content=\"https:\/\/www.facebook.com\/OrganisatorFachmagazin\" \/>\n<meta property=\"article:published_time\" content=\"2024-03-18T09:16:08+00:00\" \/>\n<meta property=\"article:modified_time\" content=\"2024-11-11T08:05:55+00:00\" \/>\n<meta property=\"og:image\" content=\"https:\/\/www.werbewoche.ch\/wp-content\/uploads\/2024\/03\/Glueck.jpg\" \/>\n<meta name=\"author\" content=\"galledia\" \/>\n<meta name=\"twitter:card\" content=\"summary_large_image\" \/>\n<meta name=\"twitter:creator\" content=\"@admin\" \/>\n<script type=\"application\/ld+json\" class=\"yoast-schema-graph\">{\"@context\":\"https:\\\/\\\/schema.org\",\"@graph\":[{\"@type\":\"Article\",\"@id\":\"https:\\\/\\\/www.organisator.ch\\\/marketing\\\/2024-03-18\\\/marketagent-so-gluecklich-sind-die-schweizerinnen\\\/#article\",\"isPartOf\":{\"@id\":\"https:\\\/\\\/www.organisator.ch\\\/marketing\\\/2024-03-18\\\/marketagent-so-gluecklich-sind-die-schweizerinnen\\\/\"},\"author\":{\"name\":\"galledia\",\"@id\":\"https:\\\/\\\/www.organisator.ch\\\/#\\\/schema\\\/person\\\/4e51799071cd2dd1232ac003643ef5f0\"},\"headline\":\"Marketagent: So gl\u00fccklich sind die Schweizer:innen\",\"datePublished\":\"2024-03-18T09:16:08+00:00\",\"dateModified\":\"2024-11-11T08:05:55+00:00\",\"mainEntityOfPage\":{\"@id\":\"https:\\\/\\\/www.organisator.ch\\\/marketing\\\/2024-03-18\\\/marketagent-so-gluecklich-sind-die-schweizerinnen\\\/\"},\"wordCount\":354,\"publisher\":{\"@id\":\"https:\\\/\\\/www.organisator.ch\\\/#organization\"},\"image\":{\"@id\":\"https:\\\/\\\/www.organisator.ch\\\/marketing\\\/2024-03-18\\\/marketagent-so-gluecklich-sind-die-schweizerinnen\\\/#primaryimage\"},\"thumbnailUrl\":\"https:\\\/\\\/www.werbewoche.ch\\\/wp-content\\\/uploads\\\/2024\\\/03\\\/Glueck.jpg\",\"keywords\":[\"Marketagent.com\",\"Marktforschung\"],\"articleSection\":[\"MARKETING\"],\"inLanguage\":\"fr-FR\"},{\"@type\":\"WebPage\",\"@id\":\"https:\\\/\\\/www.organisator.ch\\\/marketing\\\/2024-03-18\\\/marketagent-so-gluecklich-sind-die-schweizerinnen\\\/\",\"url\":\"https:\\\/\\\/www.organisator.ch\\\/marketing\\\/2024-03-18\\\/marketagent-so-gluecklich-sind-die-schweizerinnen\\\/\",\"name\":\"Marketagent: So gl\u00fccklich sind die Schweizer:innen - Organisator\",\"isPartOf\":{\"@id\":\"https:\\\/\\\/www.organisator.ch\\\/#website\"},\"primaryImageOfPage\":{\"@id\":\"https:\\\/\\\/www.organisator.ch\\\/marketing\\\/2024-03-18\\\/marketagent-so-gluecklich-sind-die-schweizerinnen\\\/#primaryimage\"},\"image\":{\"@id\":\"https:\\\/\\\/www.organisator.ch\\\/marketing\\\/2024-03-18\\\/marketagent-so-gluecklich-sind-die-schweizerinnen\\\/#primaryimage\"},\"thumbnailUrl\":\"https:\\\/\\\/www.werbewoche.ch\\\/wp-content\\\/uploads\\\/2024\\\/03\\\/Glueck.jpg\",\"datePublished\":\"2024-03-18T09:16:08+00:00\",\"dateModified\":\"2024-11-11T08:05:55+00:00\",\"description\":\"Marketagent.com-Studie 2024: 68% der Schweizer:innen sind gl\u00fccklich, 17% sehr gl\u00fccklich. Regionale und altersbedingte Unterschiede.\",\"breadcrumb\":{\"@id\":\"https:\\\/\\\/www.organisator.ch\\\/marketing\\\/2024-03-18\\\/marketagent-so-gluecklich-sind-die-schweizerinnen\\\/#breadcrumb\"},\"inLanguage\":\"fr-FR\",\"potentialAction\":[{\"@type\":\"ReadAction\",\"target\":[\"https:\\\/\\\/www.organisator.ch\\\/marketing\\\/2024-03-18\\\/marketagent-so-gluecklich-sind-die-schweizerinnen\\\/\"]}]},{\"@type\":\"ImageObject\",\"inLanguage\":\"fr-FR\",\"@id\":\"https:\\\/\\\/www.organisator.ch\\\/marketing\\\/2024-03-18\\\/marketagent-so-gluecklich-sind-die-schweizerinnen\\\/#primaryimage\",\"url\":\"https:\\\/\\\/www.werbewoche.ch\\\/wp-content\\\/uploads\\\/2024\\\/03\\\/Glueck.jpg\",\"contentUrl\":\"https:\\\/\\\/www.werbewoche.ch\\\/wp-content\\\/uploads\\\/2024\\\/03\\\/Glueck.jpg\"},{\"@type\":\"BreadcrumbList\",\"@id\":\"https:\\\/\\\/www.organisator.ch\\\/marketing\\\/2024-03-18\\\/marketagent-so-gluecklich-sind-die-schweizerinnen\\\/#breadcrumb\",\"itemListElement\":[{\"@type\":\"ListItem\",\"position\":1,\"name\":\"Home\",\"item\":\"https:\\\/\\\/www.organisator.ch\\\/\"},{\"@type\":\"ListItem\",\"position\":2,\"name\":\"Marketagent: So gl\u00fccklich sind die Schweizer:innen\"}]},{\"@type\":\"WebSite\",\"@id\":\"https:\\\/\\\/www.organisator.ch\\\/#website\",\"url\":\"https:\\\/\\\/www.organisator.ch\\\/\",\"name\":\"Organisator\",\"description\":\"Kompetent. Praxisnah. Der ORGANISATOR bereitet in 10 Ausgaben pro Jahr die wesentlichen Themen f\u00fcr F\u00fchrungskr\u00e4fte von KMU auf.\",\"publisher\":{\"@id\":\"https:\\\/\\\/www.organisator.ch\\\/#organization\"},\"potentialAction\":[{\"@type\":\"SearchAction\",\"target\":{\"@type\":\"EntryPoint\",\"urlTemplate\":\"https:\\\/\\\/www.organisator.ch\\\/?s={search_term_string}\"},\"query-input\":{\"@type\":\"PropertyValueSpecification\",\"valueRequired\":true,\"valueName\":\"search_term_string\"}}],\"inLanguage\":\"fr-FR\"},{\"@type\":\"Organization\",\"@id\":\"https:\\\/\\\/www.organisator.ch\\\/#organization\",\"name\":\"Organisator\",\"url\":\"https:\\\/\\\/www.organisator.ch\\\/\",\"logo\":{\"@type\":\"ImageObject\",\"inLanguage\":\"fr-FR\",\"@id\":\"https:\\\/\\\/www.organisator.ch\\\/#\\\/schema\\\/logo\\\/image\\\/\",\"url\":\"https:\\\/\\\/www.organisator.ch\\\/wp-content\\\/uploads\\\/2022\\\/01\\\/Logo_Organisator_Website.png\",\"contentUrl\":\"https:\\\/\\\/www.organisator.ch\\\/wp-content\\\/uploads\\\/2022\\\/01\\\/Logo_Organisator_Website.png\",\"width\":800,\"height\":77,\"caption\":\"Organisator\"},\"image\":{\"@id\":\"https:\\\/\\\/www.organisator.ch\\\/#\\\/schema\\\/logo\\\/image\\\/\"},\"sameAs\":[\"https:\\\/\\\/www.facebook.com\\\/OrganisatorFachmagazin\",\"https:\\\/\\\/www.linkedin.com\\\/showcase\\\/organisator-das-magazin-fr-kmu\",\"https:\\\/\\\/www.xing.com\\\/news\\\/pages\\\/organisator-ch-695\",\"https:\\\/\\\/www.youtube.com\\\/channel\\\/UCGP2Sq0iWaZwT3BdIAQFYpw\"]},{\"@type\":\"Person\",\"@id\":\"https:\\\/\\\/www.organisator.ch\\\/#\\\/schema\\\/person\\\/4e51799071cd2dd1232ac003643ef5f0\",\"name\":\"galledia\",\"image\":{\"@type\":\"ImageObject\",\"inLanguage\":\"fr-FR\",\"@id\":\"https:\\\/\\\/secure.gravatar.com\\\/avatar\\\/78a7f90c01fc2bfc875782a0d4922b37cde2cf184ce347b91316d23cd7f69a36?s=96&d=mm&r=g\",\"url\":\"https:\\\/\\\/secure.gravatar.com\\\/avatar\\\/78a7f90c01fc2bfc875782a0d4922b37cde2cf184ce347b91316d23cd7f69a36?s=96&d=mm&r=g\",\"contentUrl\":\"https:\\\/\\\/secure.gravatar.com\\\/avatar\\\/78a7f90c01fc2bfc875782a0d4922b37cde2cf184ce347b91316d23cd7f69a36?s=96&d=mm&r=g\",\"caption\":\"galledia\"},\"sameAs\":[\"https:\\\/\\\/x.com\\\/admin\"],\"url\":\"https:\\\/\\\/www.organisator.ch\\\/fr\\\/author\\\/galledia\\\/\"}]}<\/script>\n<!-- \/ Yoast SEO plugin. -->","yoast_head_json":{"title":"Marketagent : Les Suisses sont si heureux - Organisateur","description":"\u00c9tude Marketagent.com 2024 : 68% des Suisses sont heureux, 17% tr\u00e8s heureux. Diff\u00e9rences r\u00e9gionales et li\u00e9es \u00e0 l'\u00e2ge.","robots":{"index":"index","follow":"follow","max-snippet":"max-snippet:-1","max-image-preview":"max-image-preview:large","max-video-preview":"max-video-preview:-1"},"canonical":"https:\/\/www.organisator.ch\/fr\/marketing\/2024-03-18\/marketagent-so-gluecklich-sind-die-schweizerinnen\/","og_locale":"fr_FR","og_type":"article","og_title":"Marketagent: So gl\u00fccklich sind die Schweizer:innen - Organisator","og_description":"Marketagent.com-Studie 2024: 68% der Schweizer:innen sind gl\u00fccklich, 17% sehr gl\u00fccklich. Regionale und altersbedingte Unterschiede.","og_url":"https:\/\/www.organisator.ch\/fr\/marketing\/2024-03-18\/marketagent-so-gluecklich-sind-die-schweizerinnen\/","og_site_name":"Organisator","article_publisher":"https:\/\/www.facebook.com\/OrganisatorFachmagazin","article_published_time":"2024-03-18T09:16:08+00:00","article_modified_time":"2024-11-11T08:05:55+00:00","og_image":[{"url":"https:\/\/www.werbewoche.ch\/wp-content\/uploads\/2024\/03\/Glueck.jpg","type":"","width":"","height":""}],"author":"galledia","twitter_card":"summary_large_image","twitter_creator":"@admin","schema":{"@context":"https:\/\/schema.org","@graph":[{"@type":"Article","@id":"https:\/\/www.organisator.ch\/marketing\/2024-03-18\/marketagent-so-gluecklich-sind-die-schweizerinnen\/#article","isPartOf":{"@id":"https:\/\/www.organisator.ch\/marketing\/2024-03-18\/marketagent-so-gluecklich-sind-die-schweizerinnen\/"},"author":{"name":"galledia","@id":"https:\/\/www.organisator.ch\/#\/schema\/person\/4e51799071cd2dd1232ac003643ef5f0"},"headline":"Marketagent: So gl\u00fccklich sind die Schweizer:innen","datePublished":"2024-03-18T09:16:08+00:00","dateModified":"2024-11-11T08:05:55+00:00","mainEntityOfPage":{"@id":"https:\/\/www.organisator.ch\/marketing\/2024-03-18\/marketagent-so-gluecklich-sind-die-schweizerinnen\/"},"wordCount":354,"publisher":{"@id":"https:\/\/www.organisator.ch\/#organization"},"image":{"@id":"https:\/\/www.organisator.ch\/marketing\/2024-03-18\/marketagent-so-gluecklich-sind-die-schweizerinnen\/#primaryimage"},"thumbnailUrl":"https:\/\/www.werbewoche.ch\/wp-content\/uploads\/2024\/03\/Glueck.jpg","keywords":["Marketagent.com","Marktforschung"],"articleSection":["MARKETING"],"inLanguage":"fr-FR"},{"@type":"WebPage","@id":"https:\/\/www.organisator.ch\/marketing\/2024-03-18\/marketagent-so-gluecklich-sind-die-schweizerinnen\/","url":"https:\/\/www.organisator.ch\/marketing\/2024-03-18\/marketagent-so-gluecklich-sind-die-schweizerinnen\/","name":"Marketagent : Les Suisses sont si heureux - Organisateur","isPartOf":{"@id":"https:\/\/www.organisator.ch\/#website"},"primaryImageOfPage":{"@id":"https:\/\/www.organisator.ch\/marketing\/2024-03-18\/marketagent-so-gluecklich-sind-die-schweizerinnen\/#primaryimage"},"image":{"@id":"https:\/\/www.organisator.ch\/marketing\/2024-03-18\/marketagent-so-gluecklich-sind-die-schweizerinnen\/#primaryimage"},"thumbnailUrl":"https:\/\/www.werbewoche.ch\/wp-content\/uploads\/2024\/03\/Glueck.jpg","datePublished":"2024-03-18T09:16:08+00:00","dateModified":"2024-11-11T08:05:55+00:00","description":"\u00c9tude Marketagent.com 2024 : 68% des Suisses sont heureux, 17% tr\u00e8s heureux. Diff\u00e9rences r\u00e9gionales et li\u00e9es \u00e0 l'\u00e2ge.","breadcrumb":{"@id":"https:\/\/www.organisator.ch\/marketing\/2024-03-18\/marketagent-so-gluecklich-sind-die-schweizerinnen\/#breadcrumb"},"inLanguage":"fr-FR","potentialAction":[{"@type":"ReadAction","target":["https:\/\/www.organisator.ch\/marketing\/2024-03-18\/marketagent-so-gluecklich-sind-die-schweizerinnen\/"]}]},{"@type":"ImageObject","inLanguage":"fr-FR","@id":"https:\/\/www.organisator.ch\/marketing\/2024-03-18\/marketagent-so-gluecklich-sind-die-schweizerinnen\/#primaryimage","url":"https:\/\/www.werbewoche.ch\/wp-content\/uploads\/2024\/03\/Glueck.jpg","contentUrl":"https:\/\/www.werbewoche.ch\/wp-content\/uploads\/2024\/03\/Glueck.jpg"},{"@type":"BreadcrumbList","@id":"https:\/\/www.organisator.ch\/marketing\/2024-03-18\/marketagent-so-gluecklich-sind-die-schweizerinnen\/#breadcrumb","itemListElement":[{"@type":"ListItem","position":1,"name":"Home","item":"https:\/\/www.organisator.ch\/"},{"@type":"ListItem","position":2,"name":"Marketagent: So gl\u00fccklich sind die Schweizer:innen"}]},{"@type":"WebSite","@id":"https:\/\/www.organisator.ch\/#website","url":"https:\/\/www.organisator.ch\/","name":"Organisateur","description":"Comp\u00e9tence et comp\u00e9tence. Proches de la pratique. L'ORGANISATEUR pr\u00e9pare 10 num\u00e9ros par an sur les th\u00e8mes essentiels pour les dirigeants de PME.","publisher":{"@id":"https:\/\/www.organisator.ch\/#organization"},"potentialAction":[{"@type":"SearchAction","target":{"@type":"EntryPoint","urlTemplate":"https:\/\/www.organisator.ch\/?s={search_term_string}"},"query-input":{"@type":"PropertyValueSpecification","valueRequired":true,"valueName":"search_term_string"}}],"inLanguage":"fr-FR"},{"@type":"Organization","@id":"https:\/\/www.organisator.ch\/#organization","name":"Organisateur","url":"https:\/\/www.organisator.ch\/","logo":{"@type":"ImageObject","inLanguage":"fr-FR","@id":"https:\/\/www.organisator.ch\/#\/schema\/logo\/image\/","url":"https:\/\/www.organisator.ch\/wp-content\/uploads\/2022\/01\/Logo_Organisator_Website.png","contentUrl":"https:\/\/www.organisator.ch\/wp-content\/uploads\/2022\/01\/Logo_Organisator_Website.png","width":800,"height":77,"caption":"Organisator"},"image":{"@id":"https:\/\/www.organisator.ch\/#\/schema\/logo\/image\/"},"sameAs":["https:\/\/www.facebook.com\/OrganisatorFachmagazin","https:\/\/www.linkedin.com\/showcase\/organisator-das-magazin-fr-kmu","https:\/\/www.xing.com\/news\/pages\/organisator-ch-695","https:\/\/www.youtube.com\/channel\/UCGP2Sq0iWaZwT3BdIAQFYpw"]},{"@type":"Person","@id":"https:\/\/www.organisator.ch\/#\/schema\/person\/4e51799071cd2dd1232ac003643ef5f0","name":"galledia","image":{"@type":"ImageObject","inLanguage":"fr-FR","@id":"https:\/\/secure.gravatar.com\/avatar\/78a7f90c01fc2bfc875782a0d4922b37cde2cf184ce347b91316d23cd7f69a36?s=96&d=mm&r=g","url":"https:\/\/secure.gravatar.com\/avatar\/78a7f90c01fc2bfc875782a0d4922b37cde2cf184ce347b91316d23cd7f69a36?s=96&d=mm&r=g","contentUrl":"https:\/\/secure.gravatar.com\/avatar\/78a7f90c01fc2bfc875782a0d4922b37cde2cf184ce347b91316d23cd7f69a36?s=96&d=mm&r=g","caption":"galledia"},"sameAs":["https:\/\/x.com\/admin"],"url":"https:\/\/www.organisator.ch\/fr\/author\/galledia\/"}]}},"_links":{"self":[{"href":"https:\/\/www.organisator.ch\/fr\/wp-json\/wp\/v2\/posts\/25961","targetHints":{"allow":["GET"]}}],"collection":[{"href":"https:\/\/www.organisator.ch\/fr\/wp-json\/wp\/v2\/posts"}],"about":[{"href":"https:\/\/www.organisator.ch\/fr\/wp-json\/wp\/v2\/types\/post"}],"author":[{"embeddable":true,"href":"https:\/\/www.organisator.ch\/fr\/wp-json\/wp\/v2\/users\/8"}],"replies":[{"embeddable":true,"href":"https:\/\/www.organisator.ch\/fr\/wp-json\/wp\/v2\/comments?post=25961"}],"version-history":[{"count":11,"href":"https:\/\/www.organisator.ch\/fr\/wp-json\/wp\/v2\/posts\/25961\/revisions"}],"predecessor-version":[{"id":32365,"href":"https:\/\/www.organisator.ch\/fr\/wp-json\/wp\/v2\/posts\/25961\/revisions\/32365"}],"wp:attachment":[{"href":"https:\/\/www.organisator.ch\/fr\/wp-json\/wp\/v2\/media?parent=25961"}],"wp:term":[{"taxonomy":"category","embeddable":true,"href":"https:\/\/www.organisator.ch\/fr\/wp-json\/wp\/v2\/categories?post=25961"},{"taxonomy":"post_tag","embeddable":true,"href":"https:\/\/www.organisator.ch\/fr\/wp-json\/wp\/v2\/tags?post=25961"}],"curies":[{"name":"wp","href":"https:\/\/api.w.org\/{rel}","templated":true}]}}