{"id":26009,"date":"2024-03-19T11:50:14","date_gmt":"2024-03-19T10:50:14","guid":{"rendered":"https:\/\/www.organisator.ch\/?p=26009"},"modified":"2024-03-19T12:04:35","modified_gmt":"2024-03-19T11:04:35","slug":"the-power-of-the-crowd-auch-im-fuehrungsmodell-gobugfree-setzt-auf-co-ceos","status":"publish","type":"post","link":"https:\/\/www.organisator.ch\/fr\/management\/2024-03-19\/the-power-of-the-crowd-auch-im-fuehrungsmodell-gobugfree-setzt-auf-co-ceos\/","title":{"rendered":"The power of the crowd aussi dans le mod\u00e8le de direction : GObugfree mise sur les co-CEOs"},"content":{"rendered":"<figure id=\"attachment_26011\" aria-describedby=\"caption-attachment-26011\" style=\"width: 680px\" class=\"wp-caption alignnone\"><img loading=\"lazy\" decoding=\"async\" class=\"size-full wp-image-26011\" src=\"https:\/\/www.organisator.ch\/wp-content\/uploads\/2024\/03\/GObugfree_Bild1_ps.jpg\" alt=\"\" width=\"680\" height=\"497\" srcset=\"https:\/\/www.organisator.ch\/wp-content\/uploads\/2024\/03\/GObugfree_Bild1_ps.jpg 680w, https:\/\/www.organisator.ch\/wp-content\/uploads\/2024\/03\/GObugfree_Bild1_ps-16x12.jpg 16w, https:\/\/www.organisator.ch\/wp-content\/uploads\/2024\/03\/GObugfree_Bild1_ps-375x274.jpg 375w, https:\/\/www.organisator.ch\/wp-content\/uploads\/2024\/03\/GObugfree_Bild1_ps-479x350.jpg 479w\" sizes=\"auto, (max-width: 680px) 100vw, 680px\" \/><figcaption id=\"caption-attachment-26011\" class=\"wp-caption-text\">Les co-CEO de GObugfree - Marcel Eyer et Christina Kistler. (Image : www.gobugfree.com)<\/figcaption><\/figure>\n<p>La startup GObugfree a pour objectif de rendre la cybers\u00e9curit\u00e9 abordable et donc accessible aux entreprises de toutes tailles. Longtemps r\u00e9serv\u00e9e aux grandes entreprises, l'offre de GObugfree permet aux PME d'acc\u00e9der \u00e0 une communaut\u00e9 mondiale v\u00e9rifi\u00e9e de centaines de hackers et d'experts en s\u00e9curit\u00e9 \u00e9thiques, \u00e0 des programmes de bug bounty, \u00e0 des programmes de divulgation de vuln\u00e9rabilit\u00e9s (VDP), \u00e0 des bug tests communautaires et \u00e0 des analyses de surface d'attaque.<\/p>\n<p>Avec l'introduction du mod\u00e8le de co-CEO, l'entreprise montre une fois de plus qu'elle est favorable \u00e0 de nouveaux mod\u00e8les de travail collaboratifs, \u00e0 la diversit\u00e9 et \u00e0 des objectifs communs - non seulement au sein de sa propre communaut\u00e9 de hackers, mais aussi au sein de l'\u00e9quipe GObugfree elle-m\u00eame.<\/p>\n<p>Christina Kistler : \"Je me r\u00e9jouis de travailler avec Marcel et toute l'\u00e9quipe de GObugfree pour faire avancer notre mission. La puissance de notre communaut\u00e9 mondiale de hackers \u00e9thiques et d'experts en cybers\u00e9curit\u00e9 r\u00e9side aussi et surtout dans l'intelligence collective. Cela s'applique d\u00e9sormais aussi \u00e0 notre mod\u00e8le de leadership. Ensemble, nous voulons soutenir en particulier les PME, qui sont souvent confront\u00e9es \u00e0 de grands d\u00e9fis dans la s\u00e9curisation de leur infrastructure num\u00e9rique\".<\/p>\n<p>Outre ses dipl\u00f4mes en \u00e9conomie et en commerce num\u00e9rique, Christina Kistler apporte une vingtaine d'ann\u00e9es d'exp\u00e9rience approfondie dans le marketing, les ventes, l'entrepreneuriat et le leadership strat\u00e9gique. Son palmar\u00e8s international en mati\u00e8re de d\u00e9veloppement de strat\u00e9gies de marketing et de vente efficaces dans diff\u00e9rents secteurs et pays refl\u00e8te sa passion pour l'obtention de r\u00e9sultats r\u00e9els et durables pour les entreprises. Sa r\u00e9flexion strat\u00e9gique et son esprit d'entreprise joueront un r\u00f4le crucial pour guider GObugfree vers la croissance et l'innovation.<\/p>\n<p>\"Avec notre mod\u00e8le de co-CEO, nous voulons continuer \u00e0 renforcer notre leadership et, en m\u00eame temps, renforcer la capacit\u00e9 de GObugfree \u00e0 offrir \u00e0 nos clients des solutions innovantes et efficaces pour se prot\u00e9ger contre les menaces num\u00e9riques\", explique Marcel Eyer.<\/p>\n<p>Avec plus de 20 ans d'exp\u00e9rience dans le d\u00e9veloppement de logiciels, la gestion de projets et la s\u00e9curit\u00e9 informatique, Marcel Eyer assume la responsabilit\u00e9 de la gestion des aspects techniques de l'entreprise. Son expertise dans le d\u00e9veloppement d'applications s\u00e9curis\u00e9es souligne son engagement envers l'int\u00e9grit\u00e9 et la fiabilit\u00e9 de la plateforme GObugfree. Le d\u00e9vouement de Marcel pour l'excellence des produits logiciels continuera \u00e0 faire progresser la vision technique de l'entreprise.<\/p>\n<p>Les cofondateurs Rolf Wagner, Michael Schl\u00e4pfer et Pawel Kowalski continuent \u00e0 faire partie int\u00e9grante de l'entreprise. Rolf Wagner en tant que COO et Michael Schl\u00e4pfer en tant que CSO restent dans l'\u00e9quipe de direction et continuent \u00e0 apporter leur longue expertise en mati\u00e8re de s\u00e9curit\u00e9 pour faire avancer les initiatives strat\u00e9giques. Pawel Kowalski, fort de sa grande exp\u00e9rience dans le d\u00e9veloppement de logiciels et de produits, assume le r\u00f4le de Senior Business Development Manager afin de soutenir la poursuite du succ\u00e8s de l'entreprise.<\/p>\n<p>GObugfree est confiant dans l'avenir, renforc\u00e9 par son \u00e9quipe de direction \u00e9largie et son engagement dans sa mission de rendre la cybers\u00e9curit\u00e9 par crowdsourcing accessible \u00e0 tous.<\/p>\n<p><em>Source : <a href=\"https:\/\/scnem3.com\/goto.php?l=wtx9v.2mm23s,u=b68464c578a6e53d7288ef1e4ed15f38,n=higd.2272m5i,art_id=higd.2272m5i\">www.gobugfree.com<\/a>.<\/em><\/p>","protected":false},"excerpt":{"rendered":"<p>Changement de direction chez GObugfree. Avec la nomination de Christina Kistler et Marcel Eyer en tant que co-PDG, GObugfree, la plateforme suisse de gestion des vuln\u00e9rabilit\u00e9s bas\u00e9e sur la foule, souligne son engagement en faveur de la diversit\u00e9 et de l'innovation dans sa structure de direction. Il s'agit d'une nouvelle \u00e9tape importante pour l'entreprise, qui s'engage \u00e0 promouvoir le piratage \u00e9thique et l'accessibilit\u00e9 de la cybers\u00e9curit\u00e9, notamment pour prot\u00e9ger les PME dans la r\u00e9gion DACH. <\/p>","protected":false},"author":58,"featured_media":26011,"comment_status":"closed","ping_status":"closed","sticky":false,"template":"","format":"standard","meta":{"_acf_changed":false,"_yoast_wpseo_focuskw":"Co-CEOs","_yoast_wpseo_metadesc":"Mit der Ernennung von Christina Kistler und Marcel Eyer zu Co-CEOs unterstreicht GObugfree, die Schweizer Plattform GObugfree, ihr Engagement f\u00fcr Vielfalt und Innovation in der F\u00fchrungsstruktur.","articlekey":"","footnotes":""},"categories":[28],"tags":[4157,334,492,496],"class_list":["post-26009","post","type-post","status-publish","format-standard","has-post-thumbnail","hentry","category-management","tag-co-ceos","tag-management","tag-unternehmen","tag-unternehmensfuehrung"],"acf":[],"yoast_head":"<!-- This site is optimized with the Yoast SEO plugin v27.4 - https:\/\/yoast.com\/product\/yoast-seo-wordpress\/ -->\n<title>The power of the crowd auch im F\u00fchrungsmodell: GObugfree setzt auf Co-CEOs - Organisator<\/title>\n<meta name=\"description\" content=\"Mit der Ernennung von Christina Kistler und Marcel Eyer zu Co-CEOs unterstreicht GObugfree, die Schweizer Plattform GObugfree, ihr Engagement f\u00fcr Vielfalt und Innovation in der F\u00fchrungsstruktur.\" \/>\n<meta name=\"robots\" content=\"index, follow, max-snippet:-1, max-image-preview:large, max-video-preview:-1\" \/>\n<link rel=\"canonical\" href=\"https:\/\/www.organisator.ch\/fr\/gestion-2\/2024-03-19\/the-power-of-the-crowd-auch-im-fuehrungsmodell-gobugfree-setzt-auf-co-ceos\/\" \/>\n<meta property=\"og:locale\" content=\"fr_FR\" \/>\n<meta property=\"og:type\" content=\"article\" \/>\n<meta property=\"og:title\" content=\"The power of the crowd auch im F\u00fchrungsmodell: Gobugfree setzt auf Co-CEOs\" \/>\n<meta property=\"og:description\" content=\"Mit der Ernennung von Christina Kistler und Marcel Eyer zu Co-CEOs unterstreicht GObugfree, die Schweizer Plattform GObugfree, ihr Engagement f\u00fcr Vielfalt und Innovation in der F\u00fchrungsstruktur.\" \/>\n<meta property=\"og:url\" content=\"https:\/\/www.organisator.ch\/fr\/gestion-2\/2024-03-19\/the-power-of-the-crowd-auch-im-fuehrungsmodell-gobugfree-setzt-auf-co-ceos\/\" \/>\n<meta property=\"og:site_name\" content=\"Organisator\" \/>\n<meta property=\"article:publisher\" content=\"https:\/\/www.facebook.com\/OrganisatorFachmagazin\" \/>\n<meta property=\"article:published_time\" content=\"2024-03-19T10:50:14+00:00\" \/>\n<meta property=\"article:modified_time\" content=\"2024-03-19T11:04:35+00:00\" \/>\n<meta property=\"og:image\" content=\"https:\/\/www.organisator.ch\/wp-content\/uploads\/2024\/03\/GObugfree_Bild1_ps.jpg\" \/>\n\t<meta property=\"og:image:width\" content=\"680\" \/>\n\t<meta property=\"og:image:height\" content=\"497\" \/>\n\t<meta property=\"og:image:type\" content=\"image\/jpeg\" \/>\n<meta name=\"author\" content=\"Adelisa Kalajdzini\" \/>\n<meta name=\"twitter:card\" content=\"summary_large_image\" \/>\n<meta name=\"twitter:title\" content=\"The power of the crowd auch im F\u00fchrungsmodell: Gobugfree setzt auf Co-CEOs\" \/>\n<meta name=\"twitter:description\" content=\"Mit der Ernennung von #Christina #Kistler und #Marcel #Eyer zu #Co-CEOs unterstreicht #GObugfree, die Schweizer Plattform GObugfree, ihr Engagement f\u00fcr Vielfalt und Innovation in der #F\u00fchrungsstruktur.\" \/>\n<meta name=\"twitter:image\" content=\"https:\/\/www.organisator.ch\/wp-content\/uploads\/2024\/03\/GObugfree_Bild1_ps.jpg\" \/>\n<script type=\"application\/ld+json\" class=\"yoast-schema-graph\">{\"@context\":\"https:\\\/\\\/schema.org\",\"@graph\":[{\"@type\":\"Article\",\"@id\":\"https:\\\/\\\/www.organisator.ch\\\/management\\\/2024-03-19\\\/the-power-of-the-crowd-auch-im-fuehrungsmodell-gobugfree-setzt-auf-co-ceos\\\/#article\",\"isPartOf\":{\"@id\":\"https:\\\/\\\/www.organisator.ch\\\/management\\\/2024-03-19\\\/the-power-of-the-crowd-auch-im-fuehrungsmodell-gobugfree-setzt-auf-co-ceos\\\/\"},\"author\":{\"name\":\"Adelisa Kalajdzini\",\"@id\":\"https:\\\/\\\/www.organisator.ch\\\/#\\\/schema\\\/person\\\/2e1314a2172123f874db408d8911d3f3\"},\"headline\":\"The power of the crowd auch im F\u00fchrungsmodell: GObugfree setzt auf Co-CEOs\",\"datePublished\":\"2024-03-19T10:50:14+00:00\",\"dateModified\":\"2024-03-19T11:04:35+00:00\",\"mainEntityOfPage\":{\"@id\":\"https:\\\/\\\/www.organisator.ch\\\/management\\\/2024-03-19\\\/the-power-of-the-crowd-auch-im-fuehrungsmodell-gobugfree-setzt-auf-co-ceos\\\/\"},\"wordCount\":481,\"publisher\":{\"@id\":\"https:\\\/\\\/www.organisator.ch\\\/#organization\"},\"image\":{\"@id\":\"https:\\\/\\\/www.organisator.ch\\\/management\\\/2024-03-19\\\/the-power-of-the-crowd-auch-im-fuehrungsmodell-gobugfree-setzt-auf-co-ceos\\\/#primaryimage\"},\"thumbnailUrl\":\"https:\\\/\\\/www.organisator.ch\\\/wp-content\\\/uploads\\\/2024\\\/03\\\/GObugfree_Bild1_ps.jpg\",\"keywords\":[\"Co-CEOs\",\"Management\",\"Unternehmen\",\"Unternehmensf\u00fchrung\"],\"articleSection\":[\"MANAGEMENT\"],\"inLanguage\":\"fr-FR\"},{\"@type\":\"WebPage\",\"@id\":\"https:\\\/\\\/www.organisator.ch\\\/management\\\/2024-03-19\\\/the-power-of-the-crowd-auch-im-fuehrungsmodell-gobugfree-setzt-auf-co-ceos\\\/\",\"url\":\"https:\\\/\\\/www.organisator.ch\\\/management\\\/2024-03-19\\\/the-power-of-the-crowd-auch-im-fuehrungsmodell-gobugfree-setzt-auf-co-ceos\\\/\",\"name\":\"The power of the crowd auch im F\u00fchrungsmodell: GObugfree setzt auf Co-CEOs - Organisator\",\"isPartOf\":{\"@id\":\"https:\\\/\\\/www.organisator.ch\\\/#website\"},\"primaryImageOfPage\":{\"@id\":\"https:\\\/\\\/www.organisator.ch\\\/management\\\/2024-03-19\\\/the-power-of-the-crowd-auch-im-fuehrungsmodell-gobugfree-setzt-auf-co-ceos\\\/#primaryimage\"},\"image\":{\"@id\":\"https:\\\/\\\/www.organisator.ch\\\/management\\\/2024-03-19\\\/the-power-of-the-crowd-auch-im-fuehrungsmodell-gobugfree-setzt-auf-co-ceos\\\/#primaryimage\"},\"thumbnailUrl\":\"https:\\\/\\\/www.organisator.ch\\\/wp-content\\\/uploads\\\/2024\\\/03\\\/GObugfree_Bild1_ps.jpg\",\"datePublished\":\"2024-03-19T10:50:14+00:00\",\"dateModified\":\"2024-03-19T11:04:35+00:00\",\"description\":\"Mit der Ernennung von Christina Kistler und Marcel Eyer zu Co-CEOs unterstreicht GObugfree, die Schweizer Plattform GObugfree, ihr Engagement f\u00fcr Vielfalt und Innovation in der F\u00fchrungsstruktur.\",\"breadcrumb\":{\"@id\":\"https:\\\/\\\/www.organisator.ch\\\/management\\\/2024-03-19\\\/the-power-of-the-crowd-auch-im-fuehrungsmodell-gobugfree-setzt-auf-co-ceos\\\/#breadcrumb\"},\"inLanguage\":\"fr-FR\",\"potentialAction\":[{\"@type\":\"ReadAction\",\"target\":[\"https:\\\/\\\/www.organisator.ch\\\/management\\\/2024-03-19\\\/the-power-of-the-crowd-auch-im-fuehrungsmodell-gobugfree-setzt-auf-co-ceos\\\/\"]}]},{\"@type\":\"ImageObject\",\"inLanguage\":\"fr-FR\",\"@id\":\"https:\\\/\\\/www.organisator.ch\\\/management\\\/2024-03-19\\\/the-power-of-the-crowd-auch-im-fuehrungsmodell-gobugfree-setzt-auf-co-ceos\\\/#primaryimage\",\"url\":\"https:\\\/\\\/www.organisator.ch\\\/wp-content\\\/uploads\\\/2024\\\/03\\\/GObugfree_Bild1_ps.jpg\",\"contentUrl\":\"https:\\\/\\\/www.organisator.ch\\\/wp-content\\\/uploads\\\/2024\\\/03\\\/GObugfree_Bild1_ps.jpg\",\"width\":680,\"height\":497,\"caption\":\"Die Co-CEOs von GObugfree - Marcel Eyer und Christina Kistler. (Bild: www.gobugfree.com)\"},{\"@type\":\"BreadcrumbList\",\"@id\":\"https:\\\/\\\/www.organisator.ch\\\/management\\\/2024-03-19\\\/the-power-of-the-crowd-auch-im-fuehrungsmodell-gobugfree-setzt-auf-co-ceos\\\/#breadcrumb\",\"itemListElement\":[{\"@type\":\"ListItem\",\"position\":1,\"name\":\"Home\",\"item\":\"https:\\\/\\\/www.organisator.ch\\\/\"},{\"@type\":\"ListItem\",\"position\":2,\"name\":\"The power of the crowd auch im F\u00fchrungsmodell: GObugfree setzt auf Co-CEOs\"}]},{\"@type\":\"WebSite\",\"@id\":\"https:\\\/\\\/www.organisator.ch\\\/#website\",\"url\":\"https:\\\/\\\/www.organisator.ch\\\/\",\"name\":\"Organisator\",\"description\":\"Kompetent. Praxisnah. Der ORGANISATOR bereitet in 10 Ausgaben pro Jahr die wesentlichen Themen f\u00fcr F\u00fchrungskr\u00e4fte von KMU auf.\",\"publisher\":{\"@id\":\"https:\\\/\\\/www.organisator.ch\\\/#organization\"},\"potentialAction\":[{\"@type\":\"SearchAction\",\"target\":{\"@type\":\"EntryPoint\",\"urlTemplate\":\"https:\\\/\\\/www.organisator.ch\\\/?s={search_term_string}\"},\"query-input\":{\"@type\":\"PropertyValueSpecification\",\"valueRequired\":true,\"valueName\":\"search_term_string\"}}],\"inLanguage\":\"fr-FR\"},{\"@type\":\"Organization\",\"@id\":\"https:\\\/\\\/www.organisator.ch\\\/#organization\",\"name\":\"Organisator\",\"url\":\"https:\\\/\\\/www.organisator.ch\\\/\",\"logo\":{\"@type\":\"ImageObject\",\"inLanguage\":\"fr-FR\",\"@id\":\"https:\\\/\\\/www.organisator.ch\\\/#\\\/schema\\\/logo\\\/image\\\/\",\"url\":\"https:\\\/\\\/www.organisator.ch\\\/wp-content\\\/uploads\\\/2022\\\/01\\\/Logo_Organisator_Website.png\",\"contentUrl\":\"https:\\\/\\\/www.organisator.ch\\\/wp-content\\\/uploads\\\/2022\\\/01\\\/Logo_Organisator_Website.png\",\"width\":800,\"height\":77,\"caption\":\"Organisator\"},\"image\":{\"@id\":\"https:\\\/\\\/www.organisator.ch\\\/#\\\/schema\\\/logo\\\/image\\\/\"},\"sameAs\":[\"https:\\\/\\\/www.facebook.com\\\/OrganisatorFachmagazin\",\"https:\\\/\\\/www.linkedin.com\\\/showcase\\\/organisator-das-magazin-fr-kmu\",\"https:\\\/\\\/www.xing.com\\\/news\\\/pages\\\/organisator-ch-695\",\"https:\\\/\\\/www.youtube.com\\\/channel\\\/UCGP2Sq0iWaZwT3BdIAQFYpw\"]},{\"@type\":\"Person\",\"@id\":\"https:\\\/\\\/www.organisator.ch\\\/#\\\/schema\\\/person\\\/2e1314a2172123f874db408d8911d3f3\",\"name\":\"Adelisa Kalajdzini\",\"image\":{\"@type\":\"ImageObject\",\"inLanguage\":\"fr-FR\",\"@id\":\"https:\\\/\\\/secure.gravatar.com\\\/avatar\\\/09a397c22ac58cad6f160ee8306348599df9df58a8ede73696226897b9fa4b24?s=96&d=mm&r=g\",\"url\":\"https:\\\/\\\/secure.gravatar.com\\\/avatar\\\/09a397c22ac58cad6f160ee8306348599df9df58a8ede73696226897b9fa4b24?s=96&d=mm&r=g\",\"contentUrl\":\"https:\\\/\\\/secure.gravatar.com\\\/avatar\\\/09a397c22ac58cad6f160ee8306348599df9df58a8ede73696226897b9fa4b24?s=96&d=mm&r=g\",\"caption\":\"Adelisa Kalajdzini\"},\"url\":\"https:\\\/\\\/www.organisator.ch\\\/fr\\\/author\\\/adelisa-kalajdzini\\\/\"}]}<\/script>\n<!-- \/ Yoast SEO plugin. -->","yoast_head_json":{"title":"The power of the crowd aussi dans le mod\u00e8le de direction : GObugfree mise sur les co-CEO - Organisateur","description":"Avec la nomination de Christina Kistler et Marcel Eyer en tant que co-PDG, GObugfree, la plateforme suisse GObugfree, souligne son engagement en faveur de la diversit\u00e9 et de l'innovation dans sa structure de direction.","robots":{"index":"index","follow":"follow","max-snippet":"max-snippet:-1","max-image-preview":"max-image-preview:large","max-video-preview":"max-video-preview:-1"},"canonical":"https:\/\/www.organisator.ch\/fr\/gestion-2\/2024-03-19\/the-power-of-the-crowd-auch-im-fuehrungsmodell-gobugfree-setzt-auf-co-ceos\/","og_locale":"fr_FR","og_type":"article","og_title":"The power of the crowd auch im F\u00fchrungsmodell: Gobugfree setzt auf Co-CEOs","og_description":"Mit der Ernennung von Christina Kistler und Marcel Eyer zu Co-CEOs unterstreicht GObugfree, die Schweizer Plattform GObugfree, ihr Engagement f\u00fcr Vielfalt und Innovation in der F\u00fchrungsstruktur.","og_url":"https:\/\/www.organisator.ch\/fr\/gestion-2\/2024-03-19\/the-power-of-the-crowd-auch-im-fuehrungsmodell-gobugfree-setzt-auf-co-ceos\/","og_site_name":"Organisator","article_publisher":"https:\/\/www.facebook.com\/OrganisatorFachmagazin","article_published_time":"2024-03-19T10:50:14+00:00","article_modified_time":"2024-03-19T11:04:35+00:00","og_image":[{"width":680,"height":497,"url":"https:\/\/www.organisator.ch\/wp-content\/uploads\/2024\/03\/GObugfree_Bild1_ps.jpg","type":"image\/jpeg"}],"author":"Adelisa Kalajdzini","twitter_card":"summary_large_image","twitter_title":"The power of the crowd auch im F\u00fchrungsmodell: Gobugfree setzt auf Co-CEOs","twitter_description":"Mit der Ernennung von #Christina #Kistler und #Marcel #Eyer zu #Co-CEOs unterstreicht #GObugfree, die Schweizer Plattform GObugfree, ihr Engagement f\u00fcr Vielfalt und Innovation in der #F\u00fchrungsstruktur.","twitter_image":"https:\/\/www.organisator.ch\/wp-content\/uploads\/2024\/03\/GObugfree_Bild1_ps.jpg","schema":{"@context":"https:\/\/schema.org","@graph":[{"@type":"Article","@id":"https:\/\/www.organisator.ch\/management\/2024-03-19\/the-power-of-the-crowd-auch-im-fuehrungsmodell-gobugfree-setzt-auf-co-ceos\/#article","isPartOf":{"@id":"https:\/\/www.organisator.ch\/management\/2024-03-19\/the-power-of-the-crowd-auch-im-fuehrungsmodell-gobugfree-setzt-auf-co-ceos\/"},"author":{"name":"Adelisa Kalajdzini","@id":"https:\/\/www.organisator.ch\/#\/schema\/person\/2e1314a2172123f874db408d8911d3f3"},"headline":"The power of the crowd auch im F\u00fchrungsmodell: GObugfree setzt auf Co-CEOs","datePublished":"2024-03-19T10:50:14+00:00","dateModified":"2024-03-19T11:04:35+00:00","mainEntityOfPage":{"@id":"https:\/\/www.organisator.ch\/management\/2024-03-19\/the-power-of-the-crowd-auch-im-fuehrungsmodell-gobugfree-setzt-auf-co-ceos\/"},"wordCount":481,"publisher":{"@id":"https:\/\/www.organisator.ch\/#organization"},"image":{"@id":"https:\/\/www.organisator.ch\/management\/2024-03-19\/the-power-of-the-crowd-auch-im-fuehrungsmodell-gobugfree-setzt-auf-co-ceos\/#primaryimage"},"thumbnailUrl":"https:\/\/www.organisator.ch\/wp-content\/uploads\/2024\/03\/GObugfree_Bild1_ps.jpg","keywords":["Co-CEOs","Management","Unternehmen","Unternehmensf\u00fchrung"],"articleSection":["MANAGEMENT"],"inLanguage":"fr-FR"},{"@type":"WebPage","@id":"https:\/\/www.organisator.ch\/management\/2024-03-19\/the-power-of-the-crowd-auch-im-fuehrungsmodell-gobugfree-setzt-auf-co-ceos\/","url":"https:\/\/www.organisator.ch\/management\/2024-03-19\/the-power-of-the-crowd-auch-im-fuehrungsmodell-gobugfree-setzt-auf-co-ceos\/","name":"The power of the crowd aussi dans le mod\u00e8le de direction : GObugfree mise sur les co-CEO - Organisateur","isPartOf":{"@id":"https:\/\/www.organisator.ch\/#website"},"primaryImageOfPage":{"@id":"https:\/\/www.organisator.ch\/management\/2024-03-19\/the-power-of-the-crowd-auch-im-fuehrungsmodell-gobugfree-setzt-auf-co-ceos\/#primaryimage"},"image":{"@id":"https:\/\/www.organisator.ch\/management\/2024-03-19\/the-power-of-the-crowd-auch-im-fuehrungsmodell-gobugfree-setzt-auf-co-ceos\/#primaryimage"},"thumbnailUrl":"https:\/\/www.organisator.ch\/wp-content\/uploads\/2024\/03\/GObugfree_Bild1_ps.jpg","datePublished":"2024-03-19T10:50:14+00:00","dateModified":"2024-03-19T11:04:35+00:00","description":"Avec la nomination de Christina Kistler et Marcel Eyer en tant que co-PDG, GObugfree, la plateforme suisse GObugfree, souligne son engagement en faveur de la diversit\u00e9 et de l'innovation dans sa structure de direction.","breadcrumb":{"@id":"https:\/\/www.organisator.ch\/management\/2024-03-19\/the-power-of-the-crowd-auch-im-fuehrungsmodell-gobugfree-setzt-auf-co-ceos\/#breadcrumb"},"inLanguage":"fr-FR","potentialAction":[{"@type":"ReadAction","target":["https:\/\/www.organisator.ch\/management\/2024-03-19\/the-power-of-the-crowd-auch-im-fuehrungsmodell-gobugfree-setzt-auf-co-ceos\/"]}]},{"@type":"ImageObject","inLanguage":"fr-FR","@id":"https:\/\/www.organisator.ch\/management\/2024-03-19\/the-power-of-the-crowd-auch-im-fuehrungsmodell-gobugfree-setzt-auf-co-ceos\/#primaryimage","url":"https:\/\/www.organisator.ch\/wp-content\/uploads\/2024\/03\/GObugfree_Bild1_ps.jpg","contentUrl":"https:\/\/www.organisator.ch\/wp-content\/uploads\/2024\/03\/GObugfree_Bild1_ps.jpg","width":680,"height":497,"caption":"Die Co-CEOs von GObugfree - Marcel Eyer und Christina Kistler. (Bild: www.gobugfree.com)"},{"@type":"BreadcrumbList","@id":"https:\/\/www.organisator.ch\/management\/2024-03-19\/the-power-of-the-crowd-auch-im-fuehrungsmodell-gobugfree-setzt-auf-co-ceos\/#breadcrumb","itemListElement":[{"@type":"ListItem","position":1,"name":"Home","item":"https:\/\/www.organisator.ch\/"},{"@type":"ListItem","position":2,"name":"The power of the crowd auch im F\u00fchrungsmodell: GObugfree setzt auf Co-CEOs"}]},{"@type":"WebSite","@id":"https:\/\/www.organisator.ch\/#website","url":"https:\/\/www.organisator.ch\/","name":"Organisateur","description":"Comp\u00e9tence et comp\u00e9tence. Proches de la pratique. L'ORGANISATEUR pr\u00e9pare 10 num\u00e9ros par an sur les th\u00e8mes essentiels pour les dirigeants de PME.","publisher":{"@id":"https:\/\/www.organisator.ch\/#organization"},"potentialAction":[{"@type":"SearchAction","target":{"@type":"EntryPoint","urlTemplate":"https:\/\/www.organisator.ch\/?s={search_term_string}"},"query-input":{"@type":"PropertyValueSpecification","valueRequired":true,"valueName":"search_term_string"}}],"inLanguage":"fr-FR"},{"@type":"Organization","@id":"https:\/\/www.organisator.ch\/#organization","name":"Organisateur","url":"https:\/\/www.organisator.ch\/","logo":{"@type":"ImageObject","inLanguage":"fr-FR","@id":"https:\/\/www.organisator.ch\/#\/schema\/logo\/image\/","url":"https:\/\/www.organisator.ch\/wp-content\/uploads\/2022\/01\/Logo_Organisator_Website.png","contentUrl":"https:\/\/www.organisator.ch\/wp-content\/uploads\/2022\/01\/Logo_Organisator_Website.png","width":800,"height":77,"caption":"Organisator"},"image":{"@id":"https:\/\/www.organisator.ch\/#\/schema\/logo\/image\/"},"sameAs":["https:\/\/www.facebook.com\/OrganisatorFachmagazin","https:\/\/www.linkedin.com\/showcase\/organisator-das-magazin-fr-kmu","https:\/\/www.xing.com\/news\/pages\/organisator-ch-695","https:\/\/www.youtube.com\/channel\/UCGP2Sq0iWaZwT3BdIAQFYpw"]},{"@type":"Person","@id":"https:\/\/www.organisator.ch\/#\/schema\/person\/2e1314a2172123f874db408d8911d3f3","name":"Adelisa Kalajdzini","image":{"@type":"ImageObject","inLanguage":"fr-FR","@id":"https:\/\/secure.gravatar.com\/avatar\/09a397c22ac58cad6f160ee8306348599df9df58a8ede73696226897b9fa4b24?s=96&d=mm&r=g","url":"https:\/\/secure.gravatar.com\/avatar\/09a397c22ac58cad6f160ee8306348599df9df58a8ede73696226897b9fa4b24?s=96&d=mm&r=g","contentUrl":"https:\/\/secure.gravatar.com\/avatar\/09a397c22ac58cad6f160ee8306348599df9df58a8ede73696226897b9fa4b24?s=96&d=mm&r=g","caption":"Adelisa Kalajdzini"},"url":"https:\/\/www.organisator.ch\/fr\/author\/adelisa-kalajdzini\/"}]}},"_links":{"self":[{"href":"https:\/\/www.organisator.ch\/fr\/wp-json\/wp\/v2\/posts\/26009","targetHints":{"allow":["GET"]}}],"collection":[{"href":"https:\/\/www.organisator.ch\/fr\/wp-json\/wp\/v2\/posts"}],"about":[{"href":"https:\/\/www.organisator.ch\/fr\/wp-json\/wp\/v2\/types\/post"}],"author":[{"embeddable":true,"href":"https:\/\/www.organisator.ch\/fr\/wp-json\/wp\/v2\/users\/58"}],"replies":[{"embeddable":true,"href":"https:\/\/www.organisator.ch\/fr\/wp-json\/wp\/v2\/comments?post=26009"}],"version-history":[{"count":5,"href":"https:\/\/www.organisator.ch\/fr\/wp-json\/wp\/v2\/posts\/26009\/revisions"}],"predecessor-version":[{"id":26013,"href":"https:\/\/www.organisator.ch\/fr\/wp-json\/wp\/v2\/posts\/26009\/revisions\/26013"}],"wp:featuredmedia":[{"embeddable":true,"href":"https:\/\/www.organisator.ch\/fr\/wp-json\/wp\/v2\/media\/26011"}],"wp:attachment":[{"href":"https:\/\/www.organisator.ch\/fr\/wp-json\/wp\/v2\/media?parent=26009"}],"wp:term":[{"taxonomy":"category","embeddable":true,"href":"https:\/\/www.organisator.ch\/fr\/wp-json\/wp\/v2\/categories?post=26009"},{"taxonomy":"post_tag","embeddable":true,"href":"https:\/\/www.organisator.ch\/fr\/wp-json\/wp\/v2\/tags?post=26009"}],"curies":[{"name":"wp","href":"https:\/\/api.w.org\/{rel}","templated":true}]}}