{"id":26021,"date":"2024-03-20T11:07:10","date_gmt":"2024-03-20T10:07:10","guid":{"rendered":"https:\/\/www.organisator.ch\/?p=26021"},"modified":"2024-03-20T11:07:10","modified_gmt":"2024-03-20T10:07:10","slug":"top-speaker-und-inspirierende-workshops-am-1-swiss-coaching-day","status":"publish","type":"post","link":"https:\/\/www.organisator.ch\/fr\/management\/2024-03-20\/top-speaker-und-inspirierende-workshops-am-1-swiss-coaching-day\/","title":{"rendered":"Des intervenants de premier plan et des ateliers inspirants lors du 1er Swiss Coaching Day"},"content":{"rendered":"<figure id=\"attachment_26022\" aria-describedby=\"caption-attachment-26022\" style=\"width: 680px\" class=\"wp-caption alignnone\"><img loading=\"lazy\" decoding=\"async\" class=\"size-full wp-image-26022\" src=\"https:\/\/www.organisator.ch\/wp-content\/uploads\/2024\/03\/Swiss-Coaching-Day_Bild2_ps.jpg\" alt=\"\" width=\"680\" height=\"404\" srcset=\"https:\/\/www.organisator.ch\/wp-content\/uploads\/2024\/03\/Swiss-Coaching-Day_Bild2_ps.jpg 680w, https:\/\/www.organisator.ch\/wp-content\/uploads\/2024\/03\/Swiss-Coaching-Day_Bild2_ps-18x12.jpg 18w, https:\/\/www.organisator.ch\/wp-content\/uploads\/2024\/03\/Swiss-Coaching-Day_Bild2_ps-375x223.jpg 375w, https:\/\/www.organisator.ch\/wp-content\/uploads\/2024\/03\/Swiss-Coaching-Day_Bild2_ps-589x350.jpg 589w\" sizes=\"auto, (max-width: 680px) 100vw, 680px\" \/><figcaption id=\"caption-attachment-26022\" class=\"wp-caption-text\">La journ\u00e9e de la branche \u00e0 caract\u00e8re de congr\u00e8s, le Swiss Coaching Day, aura lieu le 17 avril 2024 au stade du Wankdorf \u00e0 Berne. (Image : www.depositphotos.com)<\/figcaption><\/figure>\n<p>La journ\u00e9e de la branche aux allures de congr\u00e8s aura lieu le 17 avril 2024 au stade du Wankdorf \u00e0 Berne et apportera des \u00e9claircissements sur le profil professionnel des coachs et des mentors d'entreprise travaillant de mani\u00e8re professionnelle. Pour la premi\u00e8re fois, la branche du conseil, tr\u00e8s diversifi\u00e9e et h\u00e9t\u00e9rog\u00e8ne, se r\u00e9unira autour d'ateliers et d'expos\u00e9s introductifs d'experts de la branche sur des th\u00e8mes fascinants tels que la psychologie et le leadership positifs, la culture du feedback, la pr\u00e9vention du burnout ou la micro-mimique. En outre, une table ronde sera organis\u00e9e sur les d\u00e9fis actuels du coaching professionnel. Cette table ronde sera anim\u00e9e par Claudia L\u00e4sser, CPO de blue Sport et blue News et l'une des pr\u00e9sentatrices de talk-show les plus renomm\u00e9es de Suisse.<\/p>\n<p>Avec le Swiss Coaching Day, la SCA a pour objectif de mieux repr\u00e9senter et d'ancrer le profil professionnel des coachs professionnels et des mentors d'entreprise dans l'\u00e9conomie et l'administration. Elle offre aux coachs professionnels de Suisse, en particulier aux membres de la SCA, une plate-forme efficace pour se mettre en r\u00e9seau et \u00e9changer des exp\u00e9riences, et souhaite rendre \"visible\" le secteur du conseil sous toutes ses facettes et initier des \u00e9changes avec des mandants potentiels. La Swiss Coaching Association est co-organisatrice du brevet f\u00e9d\u00e9ral de mentor d'entreprise et de l'examen professionnel sup\u00e9rieur de coach, superviseur et conseiller en organisation.<\/p>\n<p style=\"text-align: left;\"><em>Source : <a href=\"https:\/\/swisscoachingday.ch\/\">www.swisscoachingday.ch<\/a><\/em><\/p>","protected":false},"excerpt":{"rendered":"<p>Avec le Swiss Coaching Day 2024, la Swiss Coaching Association (SCA) cr\u00e9e pour la premi\u00e8re fois une occasion de rendre le secteur du coaching plus visible dans l'\u00e9conomie et l'administration et de renforcer l'image professionnelle des coachs d'affaires et des mentors d'entreprise.<\/p>","protected":false},"author":58,"featured_media":26022,"comment_status":"closed","ping_status":"closed","sticky":false,"template":"","format":"standard","meta":{"_acf_changed":false,"_yoast_wpseo_focuskw":"Coaching","_yoast_wpseo_metadesc":"Mit dem Swiss Coaching Day 2024 ruft die SCA zum ersten Mal eine Gelegenheit ins Leben, um die Coaching Branche in Wirtschaft und Verwaltung sichtbarer zu machen.","articlekey":"","footnotes":""},"categories":[28],"tags":[126,1555,334,424],"class_list":["post-26021","post","type-post","status-publish","format-standard","has-post-thumbnail","hentry","category-management","tag-coaching","tag-kongress","tag-management","tag-schweiz"],"acf":[],"yoast_head":"<!-- This site is optimized with the Yoast SEO plugin v27.4 - https:\/\/yoast.com\/product\/yoast-seo-wordpress\/ -->\n<title>Top-Speaker und inspirierende Workshops am 1. Swiss Coaching Day - Organisator<\/title>\n<meta name=\"description\" content=\"Mit dem Swiss Coaching Day 2024 ruft die SCA zum ersten Mal eine Gelegenheit ins Leben, um die Coaching Branche in Wirtschaft und Verwaltung sichtbarer zu machen.\" \/>\n<meta name=\"robots\" content=\"index, follow, max-snippet:-1, max-image-preview:large, max-video-preview:-1\" \/>\n<link rel=\"canonical\" href=\"https:\/\/www.organisator.ch\/fr\/gestion-2\/2024-03-20\/top-speaker-und-inspirierende-workshops-am-1-swiss-coaching-day\/\" \/>\n<meta property=\"og:locale\" content=\"fr_FR\" \/>\n<meta property=\"og:type\" content=\"article\" \/>\n<meta property=\"og:title\" content=\"Top-Speaker und inspirierende Workshops am 1. Swiss Coaching Day\" \/>\n<meta property=\"og:description\" content=\"Mit dem Swiss Coaching Day 2024 ruft die SCA zum ersten Mal eine Gelegenheit ins Leben, um die Coaching Branche in Wirtschaft und Verwaltung sichtbarer zu machen.\" \/>\n<meta property=\"og:url\" content=\"https:\/\/www.organisator.ch\/fr\/gestion-2\/2024-03-20\/top-speaker-und-inspirierende-workshops-am-1-swiss-coaching-day\/\" \/>\n<meta property=\"og:site_name\" content=\"Organisator\" \/>\n<meta property=\"article:publisher\" content=\"https:\/\/www.facebook.com\/OrganisatorFachmagazin\" \/>\n<meta property=\"article:published_time\" content=\"2024-03-20T10:07:10+00:00\" \/>\n<meta property=\"og:image\" content=\"https:\/\/www.organisator.ch\/wp-content\/uploads\/2024\/03\/Swiss-Coaching-Day_Bild2_ps.jpg\" \/>\n\t<meta property=\"og:image:width\" content=\"680\" \/>\n\t<meta property=\"og:image:height\" content=\"404\" \/>\n\t<meta property=\"og:image:type\" content=\"image\/jpeg\" \/>\n<meta name=\"author\" content=\"Adelisa Kalajdzini\" \/>\n<meta name=\"twitter:card\" content=\"summary_large_image\" \/>\n<meta name=\"twitter:title\" content=\"Top-Speaker und inspirierende Workshops am 1. Swiss Coaching Day\" \/>\n<meta name=\"twitter:description\" content=\"Mit dem #Swiss #Coaching #Day 2024 ruft die #SCA zum ersten Mal eine Gelegenheit ins Leben, um die Coaching #Branche in Wirtschaft und Verwaltung sichtbarer zu machen.\" \/>\n<meta name=\"twitter:image\" content=\"https:\/\/www.organisator.ch\/wp-content\/uploads\/2024\/03\/Swiss-Coaching-Day_Bild2_ps.jpg\" \/>\n<script type=\"application\/ld+json\" class=\"yoast-schema-graph\">{\"@context\":\"https:\\\/\\\/schema.org\",\"@graph\":[{\"@type\":\"Article\",\"@id\":\"https:\\\/\\\/www.organisator.ch\\\/management\\\/2024-03-20\\\/top-speaker-und-inspirierende-workshops-am-1-swiss-coaching-day\\\/#article\",\"isPartOf\":{\"@id\":\"https:\\\/\\\/www.organisator.ch\\\/management\\\/2024-03-20\\\/top-speaker-und-inspirierende-workshops-am-1-swiss-coaching-day\\\/\"},\"author\":{\"name\":\"Adelisa Kalajdzini\",\"@id\":\"https:\\\/\\\/www.organisator.ch\\\/#\\\/schema\\\/person\\\/2e1314a2172123f874db408d8911d3f3\"},\"headline\":\"Top-Speaker und inspirierende Workshops am 1. Swiss Coaching Day\",\"datePublished\":\"2024-03-20T10:07:10+00:00\",\"mainEntityOfPage\":{\"@id\":\"https:\\\/\\\/www.organisator.ch\\\/management\\\/2024-03-20\\\/top-speaker-und-inspirierende-workshops-am-1-swiss-coaching-day\\\/\"},\"wordCount\":222,\"publisher\":{\"@id\":\"https:\\\/\\\/www.organisator.ch\\\/#organization\"},\"image\":{\"@id\":\"https:\\\/\\\/www.organisator.ch\\\/management\\\/2024-03-20\\\/top-speaker-und-inspirierende-workshops-am-1-swiss-coaching-day\\\/#primaryimage\"},\"thumbnailUrl\":\"https:\\\/\\\/www.organisator.ch\\\/wp-content\\\/uploads\\\/2024\\\/03\\\/Swiss-Coaching-Day_Bild2_ps.jpg\",\"keywords\":[\"Coaching\",\"Kongress\",\"Management\",\"Schweiz\"],\"articleSection\":[\"MANAGEMENT\"],\"inLanguage\":\"fr-FR\"},{\"@type\":\"WebPage\",\"@id\":\"https:\\\/\\\/www.organisator.ch\\\/management\\\/2024-03-20\\\/top-speaker-und-inspirierende-workshops-am-1-swiss-coaching-day\\\/\",\"url\":\"https:\\\/\\\/www.organisator.ch\\\/management\\\/2024-03-20\\\/top-speaker-und-inspirierende-workshops-am-1-swiss-coaching-day\\\/\",\"name\":\"Top-Speaker und inspirierende Workshops am 1. Swiss Coaching Day - Organisator\",\"isPartOf\":{\"@id\":\"https:\\\/\\\/www.organisator.ch\\\/#website\"},\"primaryImageOfPage\":{\"@id\":\"https:\\\/\\\/www.organisator.ch\\\/management\\\/2024-03-20\\\/top-speaker-und-inspirierende-workshops-am-1-swiss-coaching-day\\\/#primaryimage\"},\"image\":{\"@id\":\"https:\\\/\\\/www.organisator.ch\\\/management\\\/2024-03-20\\\/top-speaker-und-inspirierende-workshops-am-1-swiss-coaching-day\\\/#primaryimage\"},\"thumbnailUrl\":\"https:\\\/\\\/www.organisator.ch\\\/wp-content\\\/uploads\\\/2024\\\/03\\\/Swiss-Coaching-Day_Bild2_ps.jpg\",\"datePublished\":\"2024-03-20T10:07:10+00:00\",\"description\":\"Mit dem Swiss Coaching Day 2024 ruft die SCA zum ersten Mal eine Gelegenheit ins Leben, um die Coaching Branche in Wirtschaft und Verwaltung sichtbarer zu machen.\",\"breadcrumb\":{\"@id\":\"https:\\\/\\\/www.organisator.ch\\\/management\\\/2024-03-20\\\/top-speaker-und-inspirierende-workshops-am-1-swiss-coaching-day\\\/#breadcrumb\"},\"inLanguage\":\"fr-FR\",\"potentialAction\":[{\"@type\":\"ReadAction\",\"target\":[\"https:\\\/\\\/www.organisator.ch\\\/management\\\/2024-03-20\\\/top-speaker-und-inspirierende-workshops-am-1-swiss-coaching-day\\\/\"]}]},{\"@type\":\"ImageObject\",\"inLanguage\":\"fr-FR\",\"@id\":\"https:\\\/\\\/www.organisator.ch\\\/management\\\/2024-03-20\\\/top-speaker-und-inspirierende-workshops-am-1-swiss-coaching-day\\\/#primaryimage\",\"url\":\"https:\\\/\\\/www.organisator.ch\\\/wp-content\\\/uploads\\\/2024\\\/03\\\/Swiss-Coaching-Day_Bild2_ps.jpg\",\"contentUrl\":\"https:\\\/\\\/www.organisator.ch\\\/wp-content\\\/uploads\\\/2024\\\/03\\\/Swiss-Coaching-Day_Bild2_ps.jpg\",\"width\":680,\"height\":404,\"caption\":\"Der Branchentag mit Kongresscharakter, Swiss Coaching Day findet am 17. April 2024 im Wankdorf Stadion in Bern statt. (Bild: www.depositphotos.com)\"},{\"@type\":\"BreadcrumbList\",\"@id\":\"https:\\\/\\\/www.organisator.ch\\\/management\\\/2024-03-20\\\/top-speaker-und-inspirierende-workshops-am-1-swiss-coaching-day\\\/#breadcrumb\",\"itemListElement\":[{\"@type\":\"ListItem\",\"position\":1,\"name\":\"Home\",\"item\":\"https:\\\/\\\/www.organisator.ch\\\/\"},{\"@type\":\"ListItem\",\"position\":2,\"name\":\"Top-Speaker und inspirierende Workshops am 1. Swiss Coaching Day\"}]},{\"@type\":\"WebSite\",\"@id\":\"https:\\\/\\\/www.organisator.ch\\\/#website\",\"url\":\"https:\\\/\\\/www.organisator.ch\\\/\",\"name\":\"Organisator\",\"description\":\"Kompetent. Praxisnah. Der ORGANISATOR bereitet in 10 Ausgaben pro Jahr die wesentlichen Themen f\u00fcr F\u00fchrungskr\u00e4fte von KMU auf.\",\"publisher\":{\"@id\":\"https:\\\/\\\/www.organisator.ch\\\/#organization\"},\"potentialAction\":[{\"@type\":\"SearchAction\",\"target\":{\"@type\":\"EntryPoint\",\"urlTemplate\":\"https:\\\/\\\/www.organisator.ch\\\/?s={search_term_string}\"},\"query-input\":{\"@type\":\"PropertyValueSpecification\",\"valueRequired\":true,\"valueName\":\"search_term_string\"}}],\"inLanguage\":\"fr-FR\"},{\"@type\":\"Organization\",\"@id\":\"https:\\\/\\\/www.organisator.ch\\\/#organization\",\"name\":\"Organisator\",\"url\":\"https:\\\/\\\/www.organisator.ch\\\/\",\"logo\":{\"@type\":\"ImageObject\",\"inLanguage\":\"fr-FR\",\"@id\":\"https:\\\/\\\/www.organisator.ch\\\/#\\\/schema\\\/logo\\\/image\\\/\",\"url\":\"https:\\\/\\\/www.organisator.ch\\\/wp-content\\\/uploads\\\/2022\\\/01\\\/Logo_Organisator_Website.png\",\"contentUrl\":\"https:\\\/\\\/www.organisator.ch\\\/wp-content\\\/uploads\\\/2022\\\/01\\\/Logo_Organisator_Website.png\",\"width\":800,\"height\":77,\"caption\":\"Organisator\"},\"image\":{\"@id\":\"https:\\\/\\\/www.organisator.ch\\\/#\\\/schema\\\/logo\\\/image\\\/\"},\"sameAs\":[\"https:\\\/\\\/www.facebook.com\\\/OrganisatorFachmagazin\",\"https:\\\/\\\/www.linkedin.com\\\/showcase\\\/organisator-das-magazin-fr-kmu\",\"https:\\\/\\\/www.xing.com\\\/news\\\/pages\\\/organisator-ch-695\",\"https:\\\/\\\/www.youtube.com\\\/channel\\\/UCGP2Sq0iWaZwT3BdIAQFYpw\"]},{\"@type\":\"Person\",\"@id\":\"https:\\\/\\\/www.organisator.ch\\\/#\\\/schema\\\/person\\\/2e1314a2172123f874db408d8911d3f3\",\"name\":\"Adelisa Kalajdzini\",\"image\":{\"@type\":\"ImageObject\",\"inLanguage\":\"fr-FR\",\"@id\":\"https:\\\/\\\/secure.gravatar.com\\\/avatar\\\/09a397c22ac58cad6f160ee8306348599df9df58a8ede73696226897b9fa4b24?s=96&d=mm&r=g\",\"url\":\"https:\\\/\\\/secure.gravatar.com\\\/avatar\\\/09a397c22ac58cad6f160ee8306348599df9df58a8ede73696226897b9fa4b24?s=96&d=mm&r=g\",\"contentUrl\":\"https:\\\/\\\/secure.gravatar.com\\\/avatar\\\/09a397c22ac58cad6f160ee8306348599df9df58a8ede73696226897b9fa4b24?s=96&d=mm&r=g\",\"caption\":\"Adelisa Kalajdzini\"},\"url\":\"https:\\\/\\\/www.organisator.ch\\\/fr\\\/author\\\/adelisa-kalajdzini\\\/\"}]}<\/script>\n<!-- \/ Yoast SEO plugin. -->","yoast_head_json":{"title":"Des intervenants de haut niveau et des ateliers inspirants lors du 1er Swiss Coaching Day - Organisateur","description":"Avec le Swiss Coaching Day 2024, la SCA cr\u00e9e pour la premi\u00e8re fois une occasion de rendre le secteur du coaching plus visible dans l'\u00e9conomie et l'administration.","robots":{"index":"index","follow":"follow","max-snippet":"max-snippet:-1","max-image-preview":"max-image-preview:large","max-video-preview":"max-video-preview:-1"},"canonical":"https:\/\/www.organisator.ch\/fr\/gestion-2\/2024-03-20\/top-speaker-und-inspirierende-workshops-am-1-swiss-coaching-day\/","og_locale":"fr_FR","og_type":"article","og_title":"Top-Speaker und inspirierende Workshops am 1. Swiss Coaching Day","og_description":"Mit dem Swiss Coaching Day 2024 ruft die SCA zum ersten Mal eine Gelegenheit ins Leben, um die Coaching Branche in Wirtschaft und Verwaltung sichtbarer zu machen.","og_url":"https:\/\/www.organisator.ch\/fr\/gestion-2\/2024-03-20\/top-speaker-und-inspirierende-workshops-am-1-swiss-coaching-day\/","og_site_name":"Organisator","article_publisher":"https:\/\/www.facebook.com\/OrganisatorFachmagazin","article_published_time":"2024-03-20T10:07:10+00:00","og_image":[{"width":680,"height":404,"url":"https:\/\/www.organisator.ch\/wp-content\/uploads\/2024\/03\/Swiss-Coaching-Day_Bild2_ps.jpg","type":"image\/jpeg"}],"author":"Adelisa Kalajdzini","twitter_card":"summary_large_image","twitter_title":"Top-Speaker und inspirierende Workshops am 1. Swiss Coaching Day","twitter_description":"Mit dem #Swiss #Coaching #Day 2024 ruft die #SCA zum ersten Mal eine Gelegenheit ins Leben, um die Coaching #Branche in Wirtschaft und Verwaltung sichtbarer zu machen.","twitter_image":"https:\/\/www.organisator.ch\/wp-content\/uploads\/2024\/03\/Swiss-Coaching-Day_Bild2_ps.jpg","schema":{"@context":"https:\/\/schema.org","@graph":[{"@type":"Article","@id":"https:\/\/www.organisator.ch\/management\/2024-03-20\/top-speaker-und-inspirierende-workshops-am-1-swiss-coaching-day\/#article","isPartOf":{"@id":"https:\/\/www.organisator.ch\/management\/2024-03-20\/top-speaker-und-inspirierende-workshops-am-1-swiss-coaching-day\/"},"author":{"name":"Adelisa Kalajdzini","@id":"https:\/\/www.organisator.ch\/#\/schema\/person\/2e1314a2172123f874db408d8911d3f3"},"headline":"Top-Speaker und inspirierende Workshops am 1. Swiss Coaching Day","datePublished":"2024-03-20T10:07:10+00:00","mainEntityOfPage":{"@id":"https:\/\/www.organisator.ch\/management\/2024-03-20\/top-speaker-und-inspirierende-workshops-am-1-swiss-coaching-day\/"},"wordCount":222,"publisher":{"@id":"https:\/\/www.organisator.ch\/#organization"},"image":{"@id":"https:\/\/www.organisator.ch\/management\/2024-03-20\/top-speaker-und-inspirierende-workshops-am-1-swiss-coaching-day\/#primaryimage"},"thumbnailUrl":"https:\/\/www.organisator.ch\/wp-content\/uploads\/2024\/03\/Swiss-Coaching-Day_Bild2_ps.jpg","keywords":["Coaching","Kongress","Management","Schweiz"],"articleSection":["MANAGEMENT"],"inLanguage":"fr-FR"},{"@type":"WebPage","@id":"https:\/\/www.organisator.ch\/management\/2024-03-20\/top-speaker-und-inspirierende-workshops-am-1-swiss-coaching-day\/","url":"https:\/\/www.organisator.ch\/management\/2024-03-20\/top-speaker-und-inspirierende-workshops-am-1-swiss-coaching-day\/","name":"Des intervenants de haut niveau et des ateliers inspirants lors du 1er Swiss Coaching Day - Organisateur","isPartOf":{"@id":"https:\/\/www.organisator.ch\/#website"},"primaryImageOfPage":{"@id":"https:\/\/www.organisator.ch\/management\/2024-03-20\/top-speaker-und-inspirierende-workshops-am-1-swiss-coaching-day\/#primaryimage"},"image":{"@id":"https:\/\/www.organisator.ch\/management\/2024-03-20\/top-speaker-und-inspirierende-workshops-am-1-swiss-coaching-day\/#primaryimage"},"thumbnailUrl":"https:\/\/www.organisator.ch\/wp-content\/uploads\/2024\/03\/Swiss-Coaching-Day_Bild2_ps.jpg","datePublished":"2024-03-20T10:07:10+00:00","description":"Avec le Swiss Coaching Day 2024, la SCA cr\u00e9e pour la premi\u00e8re fois une occasion de rendre le secteur du coaching plus visible dans l'\u00e9conomie et l'administration.","breadcrumb":{"@id":"https:\/\/www.organisator.ch\/management\/2024-03-20\/top-speaker-und-inspirierende-workshops-am-1-swiss-coaching-day\/#breadcrumb"},"inLanguage":"fr-FR","potentialAction":[{"@type":"ReadAction","target":["https:\/\/www.organisator.ch\/management\/2024-03-20\/top-speaker-und-inspirierende-workshops-am-1-swiss-coaching-day\/"]}]},{"@type":"ImageObject","inLanguage":"fr-FR","@id":"https:\/\/www.organisator.ch\/management\/2024-03-20\/top-speaker-und-inspirierende-workshops-am-1-swiss-coaching-day\/#primaryimage","url":"https:\/\/www.organisator.ch\/wp-content\/uploads\/2024\/03\/Swiss-Coaching-Day_Bild2_ps.jpg","contentUrl":"https:\/\/www.organisator.ch\/wp-content\/uploads\/2024\/03\/Swiss-Coaching-Day_Bild2_ps.jpg","width":680,"height":404,"caption":"Der Branchentag mit Kongresscharakter, Swiss Coaching Day findet am 17. April 2024 im Wankdorf Stadion in Bern statt. (Bild: www.depositphotos.com)"},{"@type":"BreadcrumbList","@id":"https:\/\/www.organisator.ch\/management\/2024-03-20\/top-speaker-und-inspirierende-workshops-am-1-swiss-coaching-day\/#breadcrumb","itemListElement":[{"@type":"ListItem","position":1,"name":"Home","item":"https:\/\/www.organisator.ch\/"},{"@type":"ListItem","position":2,"name":"Top-Speaker und inspirierende Workshops am 1. Swiss Coaching Day"}]},{"@type":"WebSite","@id":"https:\/\/www.organisator.ch\/#website","url":"https:\/\/www.organisator.ch\/","name":"Organisateur","description":"Comp\u00e9tence et comp\u00e9tence. Proches de la pratique. L'ORGANISATEUR pr\u00e9pare 10 num\u00e9ros par an sur les th\u00e8mes essentiels pour les dirigeants de PME.","publisher":{"@id":"https:\/\/www.organisator.ch\/#organization"},"potentialAction":[{"@type":"SearchAction","target":{"@type":"EntryPoint","urlTemplate":"https:\/\/www.organisator.ch\/?s={search_term_string}"},"query-input":{"@type":"PropertyValueSpecification","valueRequired":true,"valueName":"search_term_string"}}],"inLanguage":"fr-FR"},{"@type":"Organization","@id":"https:\/\/www.organisator.ch\/#organization","name":"Organisateur","url":"https:\/\/www.organisator.ch\/","logo":{"@type":"ImageObject","inLanguage":"fr-FR","@id":"https:\/\/www.organisator.ch\/#\/schema\/logo\/image\/","url":"https:\/\/www.organisator.ch\/wp-content\/uploads\/2022\/01\/Logo_Organisator_Website.png","contentUrl":"https:\/\/www.organisator.ch\/wp-content\/uploads\/2022\/01\/Logo_Organisator_Website.png","width":800,"height":77,"caption":"Organisator"},"image":{"@id":"https:\/\/www.organisator.ch\/#\/schema\/logo\/image\/"},"sameAs":["https:\/\/www.facebook.com\/OrganisatorFachmagazin","https:\/\/www.linkedin.com\/showcase\/organisator-das-magazin-fr-kmu","https:\/\/www.xing.com\/news\/pages\/organisator-ch-695","https:\/\/www.youtube.com\/channel\/UCGP2Sq0iWaZwT3BdIAQFYpw"]},{"@type":"Person","@id":"https:\/\/www.organisator.ch\/#\/schema\/person\/2e1314a2172123f874db408d8911d3f3","name":"Adelisa Kalajdzini","image":{"@type":"ImageObject","inLanguage":"fr-FR","@id":"https:\/\/secure.gravatar.com\/avatar\/09a397c22ac58cad6f160ee8306348599df9df58a8ede73696226897b9fa4b24?s=96&d=mm&r=g","url":"https:\/\/secure.gravatar.com\/avatar\/09a397c22ac58cad6f160ee8306348599df9df58a8ede73696226897b9fa4b24?s=96&d=mm&r=g","contentUrl":"https:\/\/secure.gravatar.com\/avatar\/09a397c22ac58cad6f160ee8306348599df9df58a8ede73696226897b9fa4b24?s=96&d=mm&r=g","caption":"Adelisa Kalajdzini"},"url":"https:\/\/www.organisator.ch\/fr\/author\/adelisa-kalajdzini\/"}]}},"_links":{"self":[{"href":"https:\/\/www.organisator.ch\/fr\/wp-json\/wp\/v2\/posts\/26021","targetHints":{"allow":["GET"]}}],"collection":[{"href":"https:\/\/www.organisator.ch\/fr\/wp-json\/wp\/v2\/posts"}],"about":[{"href":"https:\/\/www.organisator.ch\/fr\/wp-json\/wp\/v2\/types\/post"}],"author":[{"embeddable":true,"href":"https:\/\/www.organisator.ch\/fr\/wp-json\/wp\/v2\/users\/58"}],"replies":[{"embeddable":true,"href":"https:\/\/www.organisator.ch\/fr\/wp-json\/wp\/v2\/comments?post=26021"}],"version-history":[{"count":3,"href":"https:\/\/www.organisator.ch\/fr\/wp-json\/wp\/v2\/posts\/26021\/revisions"}],"predecessor-version":[{"id":26042,"href":"https:\/\/www.organisator.ch\/fr\/wp-json\/wp\/v2\/posts\/26021\/revisions\/26042"}],"wp:featuredmedia":[{"embeddable":true,"href":"https:\/\/www.organisator.ch\/fr\/wp-json\/wp\/v2\/media\/26022"}],"wp:attachment":[{"href":"https:\/\/www.organisator.ch\/fr\/wp-json\/wp\/v2\/media?parent=26021"}],"wp:term":[{"taxonomy":"category","embeddable":true,"href":"https:\/\/www.organisator.ch\/fr\/wp-json\/wp\/v2\/categories?post=26021"},{"taxonomy":"post_tag","embeddable":true,"href":"https:\/\/www.organisator.ch\/fr\/wp-json\/wp\/v2\/tags?post=26021"}],"curies":[{"name":"wp","href":"https:\/\/api.w.org\/{rel}","templated":true}]}}