{"id":26032,"date":"2024-03-21T09:45:05","date_gmt":"2024-03-21T08:45:05","guid":{"rendered":"https:\/\/www.organisator.ch\/?p=26032"},"modified":"2024-03-21T09:45:05","modified_gmt":"2024-03-21T08:45:05","slug":"zentralschweizer-unternehmen-trotzen-den-krisen","status":"publish","type":"post","link":"https:\/\/www.organisator.ch\/fr\/allgemein\/2024-03-21\/zentralschweizer-unternehmen-trotzen-den-krisen\/","title":{"rendered":"Les entreprises de Suisse centrale bravent la crise"},"content":{"rendered":"<figure id=\"attachment_26033\" aria-describedby=\"caption-attachment-26033\" style=\"width: 680px\" class=\"wp-caption alignnone\"><img loading=\"lazy\" decoding=\"async\" class=\"size-full wp-image-26033\" src=\"https:\/\/www.organisator.ch\/wp-content\/uploads\/2024\/03\/HSLU_Bild1_ps.jpg\" alt=\"\" width=\"680\" height=\"453\" srcset=\"https:\/\/www.organisator.ch\/wp-content\/uploads\/2024\/03\/HSLU_Bild1_ps.jpg 680w, https:\/\/www.organisator.ch\/wp-content\/uploads\/2024\/03\/HSLU_Bild1_ps-18x12.jpg 18w, https:\/\/www.organisator.ch\/wp-content\/uploads\/2024\/03\/HSLU_Bild1_ps-375x250.jpg 375w, https:\/\/www.organisator.ch\/wp-content\/uploads\/2024\/03\/HSLU_Bild1_ps-525x350.jpg 525w\" sizes=\"auto, (max-width: 680px) 100vw, 680px\" \/><figcaption id=\"caption-attachment-26033\" class=\"wp-caption-text\">La derni\u00e8re \u00e9dition du Finanzmonitor Zentralschweiz de la Haute \u00e9cole de Lucerne (HSLU) et de la Chambre de commerce et d'industrie de Suisse centrale (IHZ) donne une image positive de l'\u00e9conomie de la Suisse centrale. (Image : www.pexels.com)<\/figcaption><\/figure>\n<p>2023 a \u00e9t\u00e9 une ann\u00e9e turbulente marqu\u00e9e par plusieurs crises. Inflation, effondrement du Cr\u00e9dit Suisse, crise \u00e9nerg\u00e9tique et diff\u00e9rents conflits qui ont influenc\u00e9 les activit\u00e9s d'importation et d'exportation. A cela se sont ajout\u00e9s des d\u00e9fis d\u00e9j\u00e0 existants comme la p\u00e9nurie de main-d'\u0153uvre qualifi\u00e9e ou le changement climatique. Dans ce contexte, il est surprenant que les entreprises de Suisse centrale ne laissent pas leur moral s'assombrir : La derni\u00e8re \u00e9dition du Finanzmonitor Zentralschweiz de la Haute \u00e9cole de Lucerne (HSLU) et de la Chambre de commerce et d'industrie de Suisse centrale (IHZ) donne une image positive de l'\u00e9conomie de la Suisse centrale.<\/p>\n<p>Environ deux tiers de toutes les entreprises de Suisse centrale estiment que leur propre situation \u00e9conomique est \"bonne\", et environ un tiers qu'elle est \"moyenne\". Seules trois pour cent des entreprises la qualifient de \"mauvaise\". \"Les entreprises de Suisse centrale font preuve d'une robustesse et d'une r\u00e9silience remarquables. Dans le contexte de crises mondiales multiples, on ne pouvait pas s'attendre \u00e0 une telle stabilit\u00e9\", explique Stefan Behringer, auteur de l'\u00e9tude et enseignant \u00e0 la HSLU. Les chiffres sont rest\u00e9s presque inchang\u00e9s depuis la premi\u00e8re \u00e9dition du Moniteur financier de Suisse centrale en 2022.<\/p>\n<h3><strong>Les enfants \u00e0 probl\u00e8mes : le manque de main-d'\u0153uvre qualifi\u00e9e et le franc fort <\/strong><\/h3>\n<p>La p\u00e9nurie de main-d'\u0153uvre qualifi\u00e9e reste cependant un probl\u00e8me r\u00e9current pour les entreprises. Les entreprises r\u00e9agissent \u00e0 la p\u00e9nurie de personnel qualifi\u00e9 en renfor\u00e7ant leurs propres efforts de formation et de perfectionnement des collaborateurs. En outre, elles tentent d'augmenter leur attractivit\u00e9 en tant qu'employeur par le biais de la flexibilit\u00e9, des prestations salariales accessoires et d'autres mesures.<\/p>\n<p>La force croissante du franc suisse est un autre sujet de pr\u00e9occupation. Les entreprises ont accord\u00e9 beaucoup plus de poids \u00e0 ce th\u00e8me que les ann\u00e9es pr\u00e9c\u00e9dentes. \"Le probl\u00e8me r\u00e9el ne s'est pas tant aggrav\u00e9 que cela. L'inflation plus \u00e9lev\u00e9e dans la zone euro relativise le taux de change nominal \u00e9lev\u00e9\", classe Behringer. Mais le fait est que les personnes interrog\u00e9es s'en pr\u00e9occupent et que la majorit\u00e9 d'entre elles s'attend \u00e0 ce que le taux de change continue \u00e0 augmenter.<\/p>\n<h3><strong>La durabilit\u00e9 per\u00e7ue comme une opportunit\u00e9 <\/strong><\/h3>\n<p>Les entreprises interrog\u00e9es se sont davantage pench\u00e9es sur les questions de durabilit\u00e9 et sur le reporting ESG que l'ann\u00e9e pr\u00e9c\u00e9dente. Alors qu'elles n'\u00e9taient encore que 37 pour cent en 2022, 44 pour cent d'entre elles ont publi\u00e9 un rapport de durabilit\u00e9 l'ann\u00e9e derni\u00e8re. Environ 44 pour cent veulent en outre devenir neutres en CO2. Cependant, pr\u00e8s de la moiti\u00e9 d'entre elles ne savent pas \u00e0 combien s'\u00e9l\u00e8vent leurs \u00e9missions aujourd'hui. \"Il existe encore un manque de clart\u00e9 consid\u00e9rable en ce qui concerne les r\u00e8gles et les m\u00e9thodes d'\u00e9laboration des rapports\", d\u00e9clare Behringer. Les auteurs de l'\u00e9tude estiment que des mesures doivent \u00eatre prises non seulement par les entreprises, mais aussi par la recherche : \"Nous devons \u00e9laborer de meilleures m\u00e9thodes pour mesurer les \u00e9missions et les attribuer clairement aux diff\u00e9rentes entreprises\", d\u00e9clare le professeur de la HSLU.<\/p>\n<p>Pour les entreprises, le changement climatique n'est toutefois pas seulement synonyme de rapports complexes et d'obligations bureaucratiques en mati\u00e8re de documentation, mais aussi d'opportunit\u00e9s : dans l'ensemble, les entreprises sont en effet plus nombreuses \u00e0 d\u00e9clarer que leur mod\u00e8le commercial sera affect\u00e9 positivement (37,5 pour cent) par le changement climatique que n\u00e9gativement (33 pour cent). Les quelque 30 pour cent restants des entreprises ne s'attendent \u00e0 aucune influence du changement climatique sur leur mod\u00e8le commercial. Pour les auteurs de l'\u00e9tude, c'\u00e9tait surprenant : \"De nombreuses entreprises voient la crise climatique comme une opportunit\u00e9 d'\u00e9tablir des produits durables sur le march\u00e9\", explique Behringer. \"C'est une r\u00e9ponse tr\u00e8s entrepreneuriale aux d\u00e9fis du changement climatique\".<\/p>\n<h3><strong>L'IA transforme les entreprises <\/strong><\/h3>\n<p>Environ un quart des entreprises de Suisse centrale utilisent d\u00e9j\u00e0 l'intelligence artificielle (IA) dans le domaine financier. Un autre petit tiers des entreprises interrog\u00e9es pr\u00e9voit d'utiliser l'IA dans les trois prochaines ann\u00e9es. Dans de nombreux cas, l'IA va - selon les attentes des entreprises - r\u00e9duire le nombre d'emplois. Les domaines administratifs des entreprises (comptabilit\u00e9, contr\u00f4le de gestion, trafic des paiements ou compliance) seront particuli\u00e8rement concern\u00e9s. \"Les activit\u00e9s administratives r\u00e9p\u00e9titives peuvent \u00eatre automatis\u00e9es gr\u00e2ce \u00e0 l'IA. De tels emplois dispara\u00eetront dans les ann\u00e9es \u00e0 venir\", explique Behringer. Les sp\u00e9cialistes capables d'analyser et de penser de mani\u00e8re cr\u00e9ative seront d'autant plus recherch\u00e9s.<\/p>\n<p><em>Source : <a href=\"http:\/\/www.hslu.ch\">www.hslu.ch<\/a><\/em><\/p>","protected":false},"excerpt":{"rendered":"<p>Malgr\u00e9 plusieurs crises mondiales, l'\u00e9conomie de la Suisse centrale est robuste et les entreprises envisagent l'avenir avec optimisme. La p\u00e9nurie de main-d'\u0153uvre qualifi\u00e9e et la force croissante du franc suisse continuent de susciter des inqui\u00e9tudes. C'est ce que montre une nouvelle \u00e9tude de la Haute \u00e9cole de Lucerne et de la Chambre de commerce et d'industrie de Suisse centrale (IHZ).<\/p>","protected":false},"author":58,"featured_media":26033,"comment_status":"closed","ping_status":"closed","sticky":false,"template":"","format":"standard","meta":{"_acf_changed":false,"_yoast_wpseo_focuskw":"Unternehmen","_yoast_wpseo_metadesc":"Die Zentralschweizer Wirtschaft ist trotz mehrerer globalen Krisen robust aufgestellt und die Unternehmen blicken optimistisch in die Zukunft.","articlekey":"","footnotes":""},"categories":[1],"tags":[194,424,459,492,2576],"class_list":["post-26032","post","type-post","status-publish","format-standard","has-post-thumbnail","hentry","category-allgemein","tag-fachkraeftemangel","tag-schweiz","tag-studie","tag-unternehmen","tag-wirtschaft"],"acf":[],"yoast_head":"<!-- This site is optimized with the Yoast SEO plugin v27.5 - https:\/\/yoast.com\/product\/yoast-seo-wordpress\/ -->\n<title>Zentralschweizer Unternehmen trotzen den Krisen - Organisator<\/title>\n<meta name=\"description\" content=\"Die Zentralschweizer Wirtschaft ist trotz mehrerer globalen Krisen robust aufgestellt und die Unternehmen blicken optimistisch in die Zukunft.\" \/>\n<meta name=\"robots\" content=\"index, follow, max-snippet:-1, max-image-preview:large, max-video-preview:-1\" \/>\n<link rel=\"canonical\" href=\"https:\/\/www.organisator.ch\/fr\/general\/2024-03-21\/zentralschweizer-unternehmen-trotzen-den-krisen\/\" \/>\n<meta property=\"og:locale\" content=\"fr_FR\" \/>\n<meta property=\"og:type\" content=\"article\" \/>\n<meta property=\"og:title\" content=\"Zentralschweizer Unternehmen trotzen den Krisen\" \/>\n<meta property=\"og:description\" content=\"Die Zentralschweizer Wirtschaft ist trotz mehrerer globalen Krisen robust aufgestellt und die Unternehmen blicken optimistisch in die Zukunft.\" \/>\n<meta property=\"og:url\" content=\"https:\/\/www.organisator.ch\/fr\/general\/2024-03-21\/zentralschweizer-unternehmen-trotzen-den-krisen\/\" \/>\n<meta property=\"og:site_name\" content=\"Organisator\" \/>\n<meta property=\"article:publisher\" content=\"https:\/\/www.facebook.com\/OrganisatorFachmagazin\" \/>\n<meta property=\"article:published_time\" content=\"2024-03-21T08:45:05+00:00\" \/>\n<meta property=\"og:image\" content=\"https:\/\/www.organisator.ch\/wp-content\/uploads\/2024\/03\/HSLU_Bild1_ps.jpg\" \/>\n\t<meta property=\"og:image:width\" content=\"680\" \/>\n\t<meta property=\"og:image:height\" content=\"453\" \/>\n\t<meta property=\"og:image:type\" content=\"image\/jpeg\" \/>\n<meta name=\"author\" content=\"Adelisa Kalajdzini\" \/>\n<meta name=\"twitter:card\" content=\"summary_large_image\" \/>\n<meta name=\"twitter:title\" content=\"Zentralschweizer Unternehmen trotzen den Krisen\" \/>\n<meta name=\"twitter:description\" content=\"Die #Zentralschweizer #Wirtschaft ist trotz mehrerer globalen #Krisen robust aufgestellt und die #Unternehmen blicken optimistisch in die #Zukunft.\" \/>\n<meta name=\"twitter:image\" content=\"https:\/\/www.organisator.ch\/wp-content\/uploads\/2024\/03\/HSLU_Bild1_ps.jpg\" \/>\n<script type=\"application\/ld+json\" class=\"yoast-schema-graph\">{\"@context\":\"https:\\\/\\\/schema.org\",\"@graph\":[{\"@type\":\"Article\",\"@id\":\"https:\\\/\\\/www.organisator.ch\\\/allgemein\\\/2024-03-21\\\/zentralschweizer-unternehmen-trotzen-den-krisen\\\/#article\",\"isPartOf\":{\"@id\":\"https:\\\/\\\/www.organisator.ch\\\/allgemein\\\/2024-03-21\\\/zentralschweizer-unternehmen-trotzen-den-krisen\\\/\"},\"author\":{\"name\":\"Adelisa Kalajdzini\",\"@id\":\"https:\\\/\\\/www.organisator.ch\\\/#\\\/schema\\\/person\\\/2e1314a2172123f874db408d8911d3f3\"},\"headline\":\"Zentralschweizer Unternehmen trotzen den Krisen\",\"datePublished\":\"2024-03-21T08:45:05+00:00\",\"mainEntityOfPage\":{\"@id\":\"https:\\\/\\\/www.organisator.ch\\\/allgemein\\\/2024-03-21\\\/zentralschweizer-unternehmen-trotzen-den-krisen\\\/\"},\"wordCount\":615,\"publisher\":{\"@id\":\"https:\\\/\\\/www.organisator.ch\\\/#organization\"},\"image\":{\"@id\":\"https:\\\/\\\/www.organisator.ch\\\/allgemein\\\/2024-03-21\\\/zentralschweizer-unternehmen-trotzen-den-krisen\\\/#primaryimage\"},\"thumbnailUrl\":\"https:\\\/\\\/www.organisator.ch\\\/wp-content\\\/uploads\\\/2024\\\/03\\\/HSLU_Bild1_ps.jpg\",\"keywords\":[\"Fachkr\u00e4ftemangel\",\"Schweiz\",\"Studie\",\"Unternehmen\",\"Wirtschaft\"],\"articleSection\":[\"Allgemein\"],\"inLanguage\":\"fr-FR\"},{\"@type\":\"WebPage\",\"@id\":\"https:\\\/\\\/www.organisator.ch\\\/allgemein\\\/2024-03-21\\\/zentralschweizer-unternehmen-trotzen-den-krisen\\\/\",\"url\":\"https:\\\/\\\/www.organisator.ch\\\/allgemein\\\/2024-03-21\\\/zentralschweizer-unternehmen-trotzen-den-krisen\\\/\",\"name\":\"Zentralschweizer Unternehmen trotzen den Krisen - Organisator\",\"isPartOf\":{\"@id\":\"https:\\\/\\\/www.organisator.ch\\\/#website\"},\"primaryImageOfPage\":{\"@id\":\"https:\\\/\\\/www.organisator.ch\\\/allgemein\\\/2024-03-21\\\/zentralschweizer-unternehmen-trotzen-den-krisen\\\/#primaryimage\"},\"image\":{\"@id\":\"https:\\\/\\\/www.organisator.ch\\\/allgemein\\\/2024-03-21\\\/zentralschweizer-unternehmen-trotzen-den-krisen\\\/#primaryimage\"},\"thumbnailUrl\":\"https:\\\/\\\/www.organisator.ch\\\/wp-content\\\/uploads\\\/2024\\\/03\\\/HSLU_Bild1_ps.jpg\",\"datePublished\":\"2024-03-21T08:45:05+00:00\",\"description\":\"Die Zentralschweizer Wirtschaft ist trotz mehrerer globalen Krisen robust aufgestellt und die Unternehmen blicken optimistisch in die Zukunft.\",\"breadcrumb\":{\"@id\":\"https:\\\/\\\/www.organisator.ch\\\/allgemein\\\/2024-03-21\\\/zentralschweizer-unternehmen-trotzen-den-krisen\\\/#breadcrumb\"},\"inLanguage\":\"fr-FR\",\"potentialAction\":[{\"@type\":\"ReadAction\",\"target\":[\"https:\\\/\\\/www.organisator.ch\\\/allgemein\\\/2024-03-21\\\/zentralschweizer-unternehmen-trotzen-den-krisen\\\/\"]}]},{\"@type\":\"ImageObject\",\"inLanguage\":\"fr-FR\",\"@id\":\"https:\\\/\\\/www.organisator.ch\\\/allgemein\\\/2024-03-21\\\/zentralschweizer-unternehmen-trotzen-den-krisen\\\/#primaryimage\",\"url\":\"https:\\\/\\\/www.organisator.ch\\\/wp-content\\\/uploads\\\/2024\\\/03\\\/HSLU_Bild1_ps.jpg\",\"contentUrl\":\"https:\\\/\\\/www.organisator.ch\\\/wp-content\\\/uploads\\\/2024\\\/03\\\/HSLU_Bild1_ps.jpg\",\"width\":680,\"height\":453,\"caption\":\"Die neueste Ausgabe des Finanzmonitor Zentralschweiz der Hochschule Luzern (HSLU) und der Industrie- und Handelskammer Zentralschweiz IHZ zeigt ein positives Bild der Zentralschweizer Wirtschaft. (Bild: www.pexels.com)\"},{\"@type\":\"BreadcrumbList\",\"@id\":\"https:\\\/\\\/www.organisator.ch\\\/allgemein\\\/2024-03-21\\\/zentralschweizer-unternehmen-trotzen-den-krisen\\\/#breadcrumb\",\"itemListElement\":[{\"@type\":\"ListItem\",\"position\":1,\"name\":\"Home\",\"item\":\"https:\\\/\\\/www.organisator.ch\\\/\"},{\"@type\":\"ListItem\",\"position\":2,\"name\":\"Zentralschweizer Unternehmen trotzen den Krisen\"}]},{\"@type\":\"WebSite\",\"@id\":\"https:\\\/\\\/www.organisator.ch\\\/#website\",\"url\":\"https:\\\/\\\/www.organisator.ch\\\/\",\"name\":\"Organisator\",\"description\":\"Kompetent. Praxisnah. Der ORGANISATOR bereitet in 10 Ausgaben pro Jahr die wesentlichen Themen f\u00fcr F\u00fchrungskr\u00e4fte von KMU auf.\",\"publisher\":{\"@id\":\"https:\\\/\\\/www.organisator.ch\\\/#organization\"},\"potentialAction\":[{\"@type\":\"SearchAction\",\"target\":{\"@type\":\"EntryPoint\",\"urlTemplate\":\"https:\\\/\\\/www.organisator.ch\\\/?s={search_term_string}\"},\"query-input\":{\"@type\":\"PropertyValueSpecification\",\"valueRequired\":true,\"valueName\":\"search_term_string\"}}],\"inLanguage\":\"fr-FR\"},{\"@type\":\"Organization\",\"@id\":\"https:\\\/\\\/www.organisator.ch\\\/#organization\",\"name\":\"Organisator\",\"url\":\"https:\\\/\\\/www.organisator.ch\\\/\",\"logo\":{\"@type\":\"ImageObject\",\"inLanguage\":\"fr-FR\",\"@id\":\"https:\\\/\\\/www.organisator.ch\\\/#\\\/schema\\\/logo\\\/image\\\/\",\"url\":\"https:\\\/\\\/www.organisator.ch\\\/wp-content\\\/uploads\\\/2022\\\/01\\\/Logo_Organisator_Website.png\",\"contentUrl\":\"https:\\\/\\\/www.organisator.ch\\\/wp-content\\\/uploads\\\/2022\\\/01\\\/Logo_Organisator_Website.png\",\"width\":800,\"height\":77,\"caption\":\"Organisator\"},\"image\":{\"@id\":\"https:\\\/\\\/www.organisator.ch\\\/#\\\/schema\\\/logo\\\/image\\\/\"},\"sameAs\":[\"https:\\\/\\\/www.facebook.com\\\/OrganisatorFachmagazin\",\"https:\\\/\\\/www.linkedin.com\\\/showcase\\\/organisator-das-magazin-fr-kmu\",\"https:\\\/\\\/www.xing.com\\\/news\\\/pages\\\/organisator-ch-695\",\"https:\\\/\\\/www.youtube.com\\\/channel\\\/UCGP2Sq0iWaZwT3BdIAQFYpw\"]},{\"@type\":\"Person\",\"@id\":\"https:\\\/\\\/www.organisator.ch\\\/#\\\/schema\\\/person\\\/2e1314a2172123f874db408d8911d3f3\",\"name\":\"Adelisa Kalajdzini\",\"image\":{\"@type\":\"ImageObject\",\"inLanguage\":\"fr-FR\",\"@id\":\"https:\\\/\\\/secure.gravatar.com\\\/avatar\\\/09a397c22ac58cad6f160ee8306348599df9df58a8ede73696226897b9fa4b24?s=96&d=mm&r=g\",\"url\":\"https:\\\/\\\/secure.gravatar.com\\\/avatar\\\/09a397c22ac58cad6f160ee8306348599df9df58a8ede73696226897b9fa4b24?s=96&d=mm&r=g\",\"contentUrl\":\"https:\\\/\\\/secure.gravatar.com\\\/avatar\\\/09a397c22ac58cad6f160ee8306348599df9df58a8ede73696226897b9fa4b24?s=96&d=mm&r=g\",\"caption\":\"Adelisa Kalajdzini\"},\"url\":\"https:\\\/\\\/www.organisator.ch\\\/fr\\\/author\\\/adelisa-kalajdzini\\\/\"}]}<\/script>\n<!-- \/ Yoast SEO plugin. -->","yoast_head_json":{"title":"Les entreprises de Suisse centrale bravent les crises - Organisateur","description":"Malgr\u00e9 plusieurs crises mondiales, l'\u00e9conomie de la Suisse centrale est robuste et les entreprises envisagent l'avenir avec optimisme.","robots":{"index":"index","follow":"follow","max-snippet":"max-snippet:-1","max-image-preview":"max-image-preview:large","max-video-preview":"max-video-preview:-1"},"canonical":"https:\/\/www.organisator.ch\/fr\/general\/2024-03-21\/zentralschweizer-unternehmen-trotzen-den-krisen\/","og_locale":"fr_FR","og_type":"article","og_title":"Zentralschweizer Unternehmen trotzen den Krisen","og_description":"Die Zentralschweizer Wirtschaft ist trotz mehrerer globalen Krisen robust aufgestellt und die Unternehmen blicken optimistisch in die Zukunft.","og_url":"https:\/\/www.organisator.ch\/fr\/general\/2024-03-21\/zentralschweizer-unternehmen-trotzen-den-krisen\/","og_site_name":"Organisator","article_publisher":"https:\/\/www.facebook.com\/OrganisatorFachmagazin","article_published_time":"2024-03-21T08:45:05+00:00","og_image":[{"width":680,"height":453,"url":"https:\/\/www.organisator.ch\/wp-content\/uploads\/2024\/03\/HSLU_Bild1_ps.jpg","type":"image\/jpeg"}],"author":"Adelisa Kalajdzini","twitter_card":"summary_large_image","twitter_title":"Zentralschweizer Unternehmen trotzen den Krisen","twitter_description":"Die #Zentralschweizer #Wirtschaft ist trotz mehrerer globalen #Krisen robust aufgestellt und die #Unternehmen blicken optimistisch in die #Zukunft.","twitter_image":"https:\/\/www.organisator.ch\/wp-content\/uploads\/2024\/03\/HSLU_Bild1_ps.jpg","schema":{"@context":"https:\/\/schema.org","@graph":[{"@type":"Article","@id":"https:\/\/www.organisator.ch\/allgemein\/2024-03-21\/zentralschweizer-unternehmen-trotzen-den-krisen\/#article","isPartOf":{"@id":"https:\/\/www.organisator.ch\/allgemein\/2024-03-21\/zentralschweizer-unternehmen-trotzen-den-krisen\/"},"author":{"name":"Adelisa Kalajdzini","@id":"https:\/\/www.organisator.ch\/#\/schema\/person\/2e1314a2172123f874db408d8911d3f3"},"headline":"Zentralschweizer Unternehmen trotzen den Krisen","datePublished":"2024-03-21T08:45:05+00:00","mainEntityOfPage":{"@id":"https:\/\/www.organisator.ch\/allgemein\/2024-03-21\/zentralschweizer-unternehmen-trotzen-den-krisen\/"},"wordCount":615,"publisher":{"@id":"https:\/\/www.organisator.ch\/#organization"},"image":{"@id":"https:\/\/www.organisator.ch\/allgemein\/2024-03-21\/zentralschweizer-unternehmen-trotzen-den-krisen\/#primaryimage"},"thumbnailUrl":"https:\/\/www.organisator.ch\/wp-content\/uploads\/2024\/03\/HSLU_Bild1_ps.jpg","keywords":["Fachkr\u00e4ftemangel","Schweiz","Studie","Unternehmen","Wirtschaft"],"articleSection":["Allgemein"],"inLanguage":"fr-FR"},{"@type":"WebPage","@id":"https:\/\/www.organisator.ch\/allgemein\/2024-03-21\/zentralschweizer-unternehmen-trotzen-den-krisen\/","url":"https:\/\/www.organisator.ch\/allgemein\/2024-03-21\/zentralschweizer-unternehmen-trotzen-den-krisen\/","name":"Les entreprises de Suisse centrale bravent les crises - Organisateur","isPartOf":{"@id":"https:\/\/www.organisator.ch\/#website"},"primaryImageOfPage":{"@id":"https:\/\/www.organisator.ch\/allgemein\/2024-03-21\/zentralschweizer-unternehmen-trotzen-den-krisen\/#primaryimage"},"image":{"@id":"https:\/\/www.organisator.ch\/allgemein\/2024-03-21\/zentralschweizer-unternehmen-trotzen-den-krisen\/#primaryimage"},"thumbnailUrl":"https:\/\/www.organisator.ch\/wp-content\/uploads\/2024\/03\/HSLU_Bild1_ps.jpg","datePublished":"2024-03-21T08:45:05+00:00","description":"Malgr\u00e9 plusieurs crises mondiales, l'\u00e9conomie de la Suisse centrale est robuste et les entreprises envisagent l'avenir avec optimisme.","breadcrumb":{"@id":"https:\/\/www.organisator.ch\/allgemein\/2024-03-21\/zentralschweizer-unternehmen-trotzen-den-krisen\/#breadcrumb"},"inLanguage":"fr-FR","potentialAction":[{"@type":"ReadAction","target":["https:\/\/www.organisator.ch\/allgemein\/2024-03-21\/zentralschweizer-unternehmen-trotzen-den-krisen\/"]}]},{"@type":"ImageObject","inLanguage":"fr-FR","@id":"https:\/\/www.organisator.ch\/allgemein\/2024-03-21\/zentralschweizer-unternehmen-trotzen-den-krisen\/#primaryimage","url":"https:\/\/www.organisator.ch\/wp-content\/uploads\/2024\/03\/HSLU_Bild1_ps.jpg","contentUrl":"https:\/\/www.organisator.ch\/wp-content\/uploads\/2024\/03\/HSLU_Bild1_ps.jpg","width":680,"height":453,"caption":"Die neueste Ausgabe des Finanzmonitor Zentralschweiz der Hochschule Luzern (HSLU) und der Industrie- und Handelskammer Zentralschweiz IHZ zeigt ein positives Bild der Zentralschweizer Wirtschaft. (Bild: www.pexels.com)"},{"@type":"BreadcrumbList","@id":"https:\/\/www.organisator.ch\/allgemein\/2024-03-21\/zentralschweizer-unternehmen-trotzen-den-krisen\/#breadcrumb","itemListElement":[{"@type":"ListItem","position":1,"name":"Home","item":"https:\/\/www.organisator.ch\/"},{"@type":"ListItem","position":2,"name":"Zentralschweizer Unternehmen trotzen den Krisen"}]},{"@type":"WebSite","@id":"https:\/\/www.organisator.ch\/#website","url":"https:\/\/www.organisator.ch\/","name":"Organisateur","description":"Comp\u00e9tence et comp\u00e9tence. Proches de la pratique. L'ORGANISATEUR pr\u00e9pare 10 num\u00e9ros par an sur les th\u00e8mes essentiels pour les dirigeants de PME.","publisher":{"@id":"https:\/\/www.organisator.ch\/#organization"},"potentialAction":[{"@type":"SearchAction","target":{"@type":"EntryPoint","urlTemplate":"https:\/\/www.organisator.ch\/?s={search_term_string}"},"query-input":{"@type":"PropertyValueSpecification","valueRequired":true,"valueName":"search_term_string"}}],"inLanguage":"fr-FR"},{"@type":"Organization","@id":"https:\/\/www.organisator.ch\/#organization","name":"Organisateur","url":"https:\/\/www.organisator.ch\/","logo":{"@type":"ImageObject","inLanguage":"fr-FR","@id":"https:\/\/www.organisator.ch\/#\/schema\/logo\/image\/","url":"https:\/\/www.organisator.ch\/wp-content\/uploads\/2022\/01\/Logo_Organisator_Website.png","contentUrl":"https:\/\/www.organisator.ch\/wp-content\/uploads\/2022\/01\/Logo_Organisator_Website.png","width":800,"height":77,"caption":"Organisator"},"image":{"@id":"https:\/\/www.organisator.ch\/#\/schema\/logo\/image\/"},"sameAs":["https:\/\/www.facebook.com\/OrganisatorFachmagazin","https:\/\/www.linkedin.com\/showcase\/organisator-das-magazin-fr-kmu","https:\/\/www.xing.com\/news\/pages\/organisator-ch-695","https:\/\/www.youtube.com\/channel\/UCGP2Sq0iWaZwT3BdIAQFYpw"]},{"@type":"Person","@id":"https:\/\/www.organisator.ch\/#\/schema\/person\/2e1314a2172123f874db408d8911d3f3","name":"Adelisa Kalajdzini","image":{"@type":"ImageObject","inLanguage":"fr-FR","@id":"https:\/\/secure.gravatar.com\/avatar\/09a397c22ac58cad6f160ee8306348599df9df58a8ede73696226897b9fa4b24?s=96&d=mm&r=g","url":"https:\/\/secure.gravatar.com\/avatar\/09a397c22ac58cad6f160ee8306348599df9df58a8ede73696226897b9fa4b24?s=96&d=mm&r=g","contentUrl":"https:\/\/secure.gravatar.com\/avatar\/09a397c22ac58cad6f160ee8306348599df9df58a8ede73696226897b9fa4b24?s=96&d=mm&r=g","caption":"Adelisa Kalajdzini"},"url":"https:\/\/www.organisator.ch\/fr\/author\/adelisa-kalajdzini\/"}]}},"_links":{"self":[{"href":"https:\/\/www.organisator.ch\/fr\/wp-json\/wp\/v2\/posts\/26032","targetHints":{"allow":["GET"]}}],"collection":[{"href":"https:\/\/www.organisator.ch\/fr\/wp-json\/wp\/v2\/posts"}],"about":[{"href":"https:\/\/www.organisator.ch\/fr\/wp-json\/wp\/v2\/types\/post"}],"author":[{"embeddable":true,"href":"https:\/\/www.organisator.ch\/fr\/wp-json\/wp\/v2\/users\/58"}],"replies":[{"embeddable":true,"href":"https:\/\/www.organisator.ch\/fr\/wp-json\/wp\/v2\/comments?post=26032"}],"version-history":[{"count":3,"href":"https:\/\/www.organisator.ch\/fr\/wp-json\/wp\/v2\/posts\/26032\/revisions"}],"predecessor-version":[{"id":26048,"href":"https:\/\/www.organisator.ch\/fr\/wp-json\/wp\/v2\/posts\/26032\/revisions\/26048"}],"wp:featuredmedia":[{"embeddable":true,"href":"https:\/\/www.organisator.ch\/fr\/wp-json\/wp\/v2\/media\/26033"}],"wp:attachment":[{"href":"https:\/\/www.organisator.ch\/fr\/wp-json\/wp\/v2\/media?parent=26032"}],"wp:term":[{"taxonomy":"category","embeddable":true,"href":"https:\/\/www.organisator.ch\/fr\/wp-json\/wp\/v2\/categories?post=26032"},{"taxonomy":"post_tag","embeddable":true,"href":"https:\/\/www.organisator.ch\/fr\/wp-json\/wp\/v2\/tags?post=26032"}],"curies":[{"name":"wp","href":"https:\/\/api.w.org\/{rel}","templated":true}]}}