{"id":2604,"date":"2019-11-11T12:11:05","date_gmt":"2019-11-11T11:11:05","guid":{"rendered":"https:\/\/www.umweltperspektiven.ch\/?p=2604"},"modified":"2022-02-09T11:10:02","modified_gmt":"2022-02-09T10:10:02","slug":"swisscleantech-feiert-das-10jaehrige-bestehen","status":"publish","type":"post","link":"https:\/\/www.organisator.ch\/fr\/sustainability\/2019-11-11\/swisscleantech-feiert-das-10jaehrige-bestehen\/","title":{"rendered":"swisscleantech f\u00eate ses 10 ans d'existence"},"content":{"rendered":"<figure id=\"attachment_2605\" aria-describedby=\"caption-attachment-2605\" style=\"width: 680px\" class=\"wp-caption alignnone\"><img loading=\"lazy\" decoding=\"async\" class=\"size-medium wp-image-2605\" src=\"\/\/www.umweltperspektiven.ch\/wp-content\/uploads\/2019\/11\/MM_Jubil\u00e4um-web.jpg\" alt=\"\" width=\"680\" height=\"388\" \/><figcaption id=\"caption-attachment-2605\" class=\"wp-caption-text\">(Source : swisscleantech)<\/figcaption><\/figure>\n<p>Les 10 ans d'histoire de swisscleantech sont un voyage dans le temps \u00e0 travers la politique \u00e9nerg\u00e9tique et climatique. En 2009, la Suisse discutait des projets des entreprises \u00e9lectriques suisses de d\u00e9velopper l'\u00e9nergie nucl\u00e9aire. Aujourd'hui, la Suisse est en plein processus de transition vers un approvisionnement \u00e9nerg\u00e9tique enti\u00e8rement renouvelable.<\/p>\n<p><em>\"Depuis sa cr\u00e9ation, swisscleantech a contribu\u00e9 \u00e0 fa\u00e7onner la politique \u00e9nerg\u00e9tique et climatique suisse, devant et derri\u00e8re les coulisses. Nous y parvenons encore aujourd'hui en rassemblant les forces des acteurs \u00e9conomiques qui reconnaissent qu'une action d\u00e9termin\u00e9e est n\u00e9cessaire et que des opportunit\u00e9s en d\u00e9coulent. Nous avons \u00e9t\u00e9 pr\u00e9coces, nous avons obtenu des r\u00e9sultats, nous avons aussi d\u00fb encaisser. Il s'agit maintenant d'aborder les dix prochaines ann\u00e9es, car il reste beaucoup \u00e0 faire !\",\u00a0<\/em><em>dit Nick Beglinger, fondateur et pr\u00e9sident d'honneur de swisscleantech.<\/em><\/p>\n<p><strong>O\u00f9 l'engagement de swisscleantech porte ses fruits<\/strong><br \/>\nLes premiers jalons de swisscleantech ont \u00e9t\u00e9 le lancement de la \"Strat\u00e9gie Cleantech Suisse\" et de la \"Strat\u00e9gie \u00e9nerg\u00e9tique Cleantech\". L'association y a clairement indiqu\u00e9 que la transformation de l'approvisionnement \u00e9nerg\u00e9tique suisse \u00e9tait techniquement r\u00e9alisable et \u00e9conomiquement avantageuse, et que la place \u00e9conomique s'en trouverait globalement renforc\u00e9e. swisscleantech s'est engag\u00e9e dans la campagne de votation sur la Strat\u00e9gie \u00e9nerg\u00e9tique 2050 et a contribu\u00e9 \u00e0 ce que la population approuve cette loi pionni\u00e8re.<\/p>\n<p>swisscleantech continuera \u00e0 \u0153uvrer intensivement pour que la Suisse puisse, d'ici 2050 au plus tard, r\u00e9duire ses \u00e9missions de CO<sub>2<\/sub>-devienne neutre en carbone. La r\u00e9vision de la loi sur le CO<sub>2<\/sub>-est actuellement au centre des pr\u00e9occupations. L'association s'engage ici pour une protection efficace du climat et demande un objectif de r\u00e9duction de -45% dans le pays.<\/p>\n<p><em>\"swisscleantech s'engage en tant qu'association \u00e9conomique interprofessionnelle pour une politique lib\u00e9rale qui prend la protection du climat au s\u00e9rieux. Notre objectif est d'\u00e9tablir la v\u00e9rit\u00e9 des co\u00fbts et d'aider ainsi l'innovation et l'action durable \u00e0 percer. Un prix bas\u00e9 sur le CO<sub>2<\/sub>\u00a0en fait obligatoirement partie. Ce cadre cr\u00e9e des opportunit\u00e9s pour que les innovations puissent s'imposer sur le march\u00e9, en Suisse comme \u00e0 l'\u00e9tranger\", d\u00e9clare Carsten Bopp, pr\u00e9sident de swisscleantech.<\/em><\/p>\n<p><strong>Forte croissance des membres<\/strong><br \/>\nLa durabilit\u00e9 est une chance pour l'ensemble de l'\u00e9conomie, les membres de swisscleantech en donnent d\u00e9j\u00e0 l'exemple aujourd'hui. Un nombre croissant d'entrepreneurs reconnaissent l'importance d'une politique climatique efficace : depuis le d\u00e9but de l'ann\u00e9e, plus de 100 entreprises ont adh\u00e9r\u00e9 \u00e0 l'association.<\/p>\n<p><strong>Manifestation d'anniversaire<\/strong><br \/>\nLe 14 novembre, swisscleantech f\u00eatera son 10e anniversaire avec ses membres, ses amis et des repr\u00e9sentants de l'\u00e9conomie et de la politique. La soir\u00e9e au Bierh\u00fcbeli \u00e0 Berne est plac\u00e9e sous le titre \"Reframe the Frame\" et propose des discussions, un d\u00eener festif, du th\u00e9\u00e2tre d'improvisation et bien plus encore.<\/p>\n<p><a href=\"\/\/www.swisscleantech.ch\/agendaeintrag\/jubilaeumsanlass\/\" target=\"_blank\" rel=\"noopener noreferrer\">Plus d'informations<\/a><\/p>\n<p>&nbsp;<\/p>\n<p>&nbsp;<\/p>","protected":false},"excerpt":{"rendered":"<p>Die 10j\u00e4hrige Geschichte von swisscleantech ist eine Zeitreise durch die Energie- und Klimapolitik. 2009 diskutierte die Schweiz \u00fcber die Pl\u00e4ne der Schweizer Stromkonzerne, die Kernenergie auszubauen. Heute ist die Schweiz mitten im Prozess, die Energieversorgung auf eine vollst\u00e4ndig erneuerbare Basis zu stellen. \u00abswisscleantech hat seit Gr\u00fcndung die Schweizer Energie- und Klimapolitik mitgepr\u00e4gt, vor und hinter [&hellip;]<\/p>\n","protected":false},"author":5,"featured_media":2605,"comment_status":"open","ping_status":"open","sticky":false,"template":"","format":"standard","meta":{"_acf_changed":false,"_yoast_wpseo_focuskw":"swisscleantech","_yoast_wpseo_metadesc":"Zehn Jahre swisscleantech: Seit 2009 bewegt der Wirtschaftsverband Politik und Gesellschaft und zeigt L\u00f6sungen f\u00fcr eine klimataugliche Wirtschaft auf.","articlekey":"","footnotes":""},"categories":[580],"tags":[919,584,292,596,424],"class_list":["post-2604","post","type-post","status-publish","format-standard","has-post-thumbnail","hentry","category-sustainability","tag-cleantech","tag-energie","tag-jubilaeum","tag-klima","tag-schweiz"],"acf":[],"yoast_head":"<!-- This site is optimized with the Yoast SEO plugin v27.4 - https:\/\/yoast.com\/product\/yoast-seo-wordpress\/ -->\n<title>swisscleantech feiert das 10j\u00e4hrige Bestehen - Organisator<\/title>\n<meta name=\"description\" content=\"Zehn Jahre swisscleantech: Seit 2009 bewegt der Wirtschaftsverband Politik und Gesellschaft und zeigt L\u00f6sungen f\u00fcr eine klimataugliche Wirtschaft auf.\" \/>\n<meta name=\"robots\" content=\"index, follow, max-snippet:-1, max-image-preview:large, max-video-preview:-1\" \/>\n<link rel=\"canonical\" href=\"https:\/\/www.organisator.ch\/fr\/sustainability\/2019-11-11\/swisscleantech-feiert-das-10jaehrige-bestehen\/\" \/>\n<meta property=\"og:locale\" content=\"fr_FR\" \/>\n<meta property=\"og:type\" content=\"article\" \/>\n<meta property=\"og:title\" content=\"swisscleantech feiert das 10j\u00e4hrige Bestehen - Organisator\" \/>\n<meta property=\"og:description\" content=\"Zehn Jahre swisscleantech: Seit 2009 bewegt der Wirtschaftsverband Politik und Gesellschaft und zeigt L\u00f6sungen f\u00fcr eine klimataugliche Wirtschaft auf.\" \/>\n<meta property=\"og:url\" content=\"https:\/\/www.organisator.ch\/fr\/sustainability\/2019-11-11\/swisscleantech-feiert-das-10jaehrige-bestehen\/\" \/>\n<meta property=\"og:site_name\" content=\"Organisator\" \/>\n<meta property=\"article:publisher\" content=\"https:\/\/www.facebook.com\/OrganisatorFachmagazin\" \/>\n<meta property=\"article:published_time\" content=\"2019-11-11T11:11:05+00:00\" \/>\n<meta property=\"article:modified_time\" content=\"2022-02-09T10:10:02+00:00\" \/>\n<meta property=\"og:image\" content=\"https:\/\/www.organisator.ch\/wp-content\/uploads\/2019\/11\/MM_Jubilaeum-web.jpg\" \/>\n\t<meta property=\"og:image:width\" content=\"776\" \/>\n\t<meta property=\"og:image:height\" content=\"443\" \/>\n\t<meta property=\"og:image:type\" content=\"image\/jpeg\" \/>\n<meta name=\"author\" content=\"michael.merz\" \/>\n<meta name=\"twitter:card\" content=\"summary_large_image\" \/>\n<script type=\"application\/ld+json\" class=\"yoast-schema-graph\">{\"@context\":\"https:\\\/\\\/schema.org\",\"@graph\":[{\"@type\":\"Article\",\"@id\":\"https:\\\/\\\/www.organisator.ch\\\/sustainability\\\/2019-11-11\\\/swisscleantech-feiert-das-10jaehrige-bestehen\\\/#article\",\"isPartOf\":{\"@id\":\"https:\\\/\\\/www.organisator.ch\\\/sustainability\\\/2019-11-11\\\/swisscleantech-feiert-das-10jaehrige-bestehen\\\/\"},\"author\":{\"name\":\"michael.merz\",\"@id\":\"https:\\\/\\\/www.organisator.ch\\\/#\\\/schema\\\/person\\\/134708ca9321c57b0362cceb7948ffbd\"},\"headline\":\"swisscleantech feiert das 10j\u00e4hrige Bestehen\",\"datePublished\":\"2019-11-11T11:11:05+00:00\",\"dateModified\":\"2022-02-09T10:10:02+00:00\",\"mainEntityOfPage\":{\"@id\":\"https:\\\/\\\/www.organisator.ch\\\/sustainability\\\/2019-11-11\\\/swisscleantech-feiert-das-10jaehrige-bestehen\\\/\"},\"wordCount\":406,\"commentCount\":0,\"publisher\":{\"@id\":\"https:\\\/\\\/www.organisator.ch\\\/#organization\"},\"image\":{\"@id\":\"https:\\\/\\\/www.organisator.ch\\\/sustainability\\\/2019-11-11\\\/swisscleantech-feiert-das-10jaehrige-bestehen\\\/#primaryimage\"},\"thumbnailUrl\":\"https:\\\/\\\/www.organisator.ch\\\/wp-content\\\/uploads\\\/2019\\\/11\\\/MM_Jubilaeum-web.jpg\",\"keywords\":[\"Cleantech\",\"ENERGIE\",\"Jubil\u00e4um\",\"KLIMA\",\"Schweiz\"],\"articleSection\":[\"SUSTAINABILITY\"],\"inLanguage\":\"fr-FR\"},{\"@type\":\"WebPage\",\"@id\":\"https:\\\/\\\/www.organisator.ch\\\/sustainability\\\/2019-11-11\\\/swisscleantech-feiert-das-10jaehrige-bestehen\\\/\",\"url\":\"https:\\\/\\\/www.organisator.ch\\\/sustainability\\\/2019-11-11\\\/swisscleantech-feiert-das-10jaehrige-bestehen\\\/\",\"name\":\"swisscleantech feiert das 10j\u00e4hrige Bestehen - Organisator\",\"isPartOf\":{\"@id\":\"https:\\\/\\\/www.organisator.ch\\\/#website\"},\"primaryImageOfPage\":{\"@id\":\"https:\\\/\\\/www.organisator.ch\\\/sustainability\\\/2019-11-11\\\/swisscleantech-feiert-das-10jaehrige-bestehen\\\/#primaryimage\"},\"image\":{\"@id\":\"https:\\\/\\\/www.organisator.ch\\\/sustainability\\\/2019-11-11\\\/swisscleantech-feiert-das-10jaehrige-bestehen\\\/#primaryimage\"},\"thumbnailUrl\":\"https:\\\/\\\/www.organisator.ch\\\/wp-content\\\/uploads\\\/2019\\\/11\\\/MM_Jubilaeum-web.jpg\",\"datePublished\":\"2019-11-11T11:11:05+00:00\",\"dateModified\":\"2022-02-09T10:10:02+00:00\",\"description\":\"Zehn Jahre swisscleantech: Seit 2009 bewegt der Wirtschaftsverband Politik und Gesellschaft und zeigt L\u00f6sungen f\u00fcr eine klimataugliche Wirtschaft auf.\",\"breadcrumb\":{\"@id\":\"https:\\\/\\\/www.organisator.ch\\\/sustainability\\\/2019-11-11\\\/swisscleantech-feiert-das-10jaehrige-bestehen\\\/#breadcrumb\"},\"inLanguage\":\"fr-FR\",\"potentialAction\":[{\"@type\":\"ReadAction\",\"target\":[\"https:\\\/\\\/www.organisator.ch\\\/sustainability\\\/2019-11-11\\\/swisscleantech-feiert-das-10jaehrige-bestehen\\\/\"]}]},{\"@type\":\"ImageObject\",\"inLanguage\":\"fr-FR\",\"@id\":\"https:\\\/\\\/www.organisator.ch\\\/sustainability\\\/2019-11-11\\\/swisscleantech-feiert-das-10jaehrige-bestehen\\\/#primaryimage\",\"url\":\"https:\\\/\\\/www.organisator.ch\\\/wp-content\\\/uploads\\\/2019\\\/11\\\/MM_Jubilaeum-web.jpg\",\"contentUrl\":\"https:\\\/\\\/www.organisator.ch\\\/wp-content\\\/uploads\\\/2019\\\/11\\\/MM_Jubilaeum-web.jpg\",\"width\":776,\"height\":443,\"caption\":\"(Quelle: swisscleantech)\"},{\"@type\":\"BreadcrumbList\",\"@id\":\"https:\\\/\\\/www.organisator.ch\\\/sustainability\\\/2019-11-11\\\/swisscleantech-feiert-das-10jaehrige-bestehen\\\/#breadcrumb\",\"itemListElement\":[{\"@type\":\"ListItem\",\"position\":1,\"name\":\"Home\",\"item\":\"https:\\\/\\\/www.organisator.ch\\\/\"},{\"@type\":\"ListItem\",\"position\":2,\"name\":\"swisscleantech feiert das 10j\u00e4hrige Bestehen\"}]},{\"@type\":\"WebSite\",\"@id\":\"https:\\\/\\\/www.organisator.ch\\\/#website\",\"url\":\"https:\\\/\\\/www.organisator.ch\\\/\",\"name\":\"Organisator\",\"description\":\"Kompetent. Praxisnah. Der ORGANISATOR bereitet in 10 Ausgaben pro Jahr die wesentlichen Themen f\u00fcr F\u00fchrungskr\u00e4fte von KMU auf.\",\"publisher\":{\"@id\":\"https:\\\/\\\/www.organisator.ch\\\/#organization\"},\"potentialAction\":[{\"@type\":\"SearchAction\",\"target\":{\"@type\":\"EntryPoint\",\"urlTemplate\":\"https:\\\/\\\/www.organisator.ch\\\/?s={search_term_string}\"},\"query-input\":{\"@type\":\"PropertyValueSpecification\",\"valueRequired\":true,\"valueName\":\"search_term_string\"}}],\"inLanguage\":\"fr-FR\"},{\"@type\":\"Organization\",\"@id\":\"https:\\\/\\\/www.organisator.ch\\\/#organization\",\"name\":\"Organisator\",\"url\":\"https:\\\/\\\/www.organisator.ch\\\/\",\"logo\":{\"@type\":\"ImageObject\",\"inLanguage\":\"fr-FR\",\"@id\":\"https:\\\/\\\/www.organisator.ch\\\/#\\\/schema\\\/logo\\\/image\\\/\",\"url\":\"https:\\\/\\\/www.organisator.ch\\\/wp-content\\\/uploads\\\/2022\\\/01\\\/Logo_Organisator_Website.png\",\"contentUrl\":\"https:\\\/\\\/www.organisator.ch\\\/wp-content\\\/uploads\\\/2022\\\/01\\\/Logo_Organisator_Website.png\",\"width\":800,\"height\":77,\"caption\":\"Organisator\"},\"image\":{\"@id\":\"https:\\\/\\\/www.organisator.ch\\\/#\\\/schema\\\/logo\\\/image\\\/\"},\"sameAs\":[\"https:\\\/\\\/www.facebook.com\\\/OrganisatorFachmagazin\",\"https:\\\/\\\/www.linkedin.com\\\/showcase\\\/organisator-das-magazin-fr-kmu\",\"https:\\\/\\\/www.xing.com\\\/news\\\/pages\\\/organisator-ch-695\",\"https:\\\/\\\/www.youtube.com\\\/channel\\\/UCGP2Sq0iWaZwT3BdIAQFYpw\"]},{\"@type\":\"Person\",\"@id\":\"https:\\\/\\\/www.organisator.ch\\\/#\\\/schema\\\/person\\\/134708ca9321c57b0362cceb7948ffbd\",\"name\":\"michael.merz\",\"image\":{\"@type\":\"ImageObject\",\"inLanguage\":\"fr-FR\",\"@id\":\"https:\\\/\\\/secure.gravatar.com\\\/avatar\\\/?s=96&d=mm&r=g\",\"url\":\"https:\\\/\\\/secure.gravatar.com\\\/avatar\\\/?s=96&d=mm&r=g\",\"contentUrl\":\"https:\\\/\\\/secure.gravatar.com\\\/avatar\\\/?s=96&d=mm&r=g\",\"caption\":\"michael.merz\"},\"url\":\"https:\\\/\\\/www.organisator.ch\\\/fr\\\/author\\\/michael-merz\\\/\"}]}<\/script>\n<!-- \/ Yoast SEO plugin. -->","yoast_head_json":{"title":"swisscleantech f\u00eate ses 10 ans d'existence - Organisateur","description":"Dix ans de swisscleantech : depuis 2009, l'association \u00e9conomique fait bouger la politique et la soci\u00e9t\u00e9 et propose des solutions pour une \u00e9conomie compatible avec le climat.","robots":{"index":"index","follow":"follow","max-snippet":"max-snippet:-1","max-image-preview":"max-image-preview:large","max-video-preview":"max-video-preview:-1"},"canonical":"https:\/\/www.organisator.ch\/fr\/sustainability\/2019-11-11\/swisscleantech-feiert-das-10jaehrige-bestehen\/","og_locale":"fr_FR","og_type":"article","og_title":"swisscleantech feiert das 10j\u00e4hrige Bestehen - Organisator","og_description":"Zehn Jahre swisscleantech: Seit 2009 bewegt der Wirtschaftsverband Politik und Gesellschaft und zeigt L\u00f6sungen f\u00fcr eine klimataugliche Wirtschaft auf.","og_url":"https:\/\/www.organisator.ch\/fr\/sustainability\/2019-11-11\/swisscleantech-feiert-das-10jaehrige-bestehen\/","og_site_name":"Organisator","article_publisher":"https:\/\/www.facebook.com\/OrganisatorFachmagazin","article_published_time":"2019-11-11T11:11:05+00:00","article_modified_time":"2022-02-09T10:10:02+00:00","og_image":[{"width":776,"height":443,"url":"https:\/\/www.organisator.ch\/wp-content\/uploads\/2019\/11\/MM_Jubilaeum-web.jpg","type":"image\/jpeg"}],"author":"michael.merz","twitter_card":"summary_large_image","schema":{"@context":"https:\/\/schema.org","@graph":[{"@type":"Article","@id":"https:\/\/www.organisator.ch\/sustainability\/2019-11-11\/swisscleantech-feiert-das-10jaehrige-bestehen\/#article","isPartOf":{"@id":"https:\/\/www.organisator.ch\/sustainability\/2019-11-11\/swisscleantech-feiert-das-10jaehrige-bestehen\/"},"author":{"name":"michael.merz","@id":"https:\/\/www.organisator.ch\/#\/schema\/person\/134708ca9321c57b0362cceb7948ffbd"},"headline":"swisscleantech feiert das 10j\u00e4hrige Bestehen","datePublished":"2019-11-11T11:11:05+00:00","dateModified":"2022-02-09T10:10:02+00:00","mainEntityOfPage":{"@id":"https:\/\/www.organisator.ch\/sustainability\/2019-11-11\/swisscleantech-feiert-das-10jaehrige-bestehen\/"},"wordCount":406,"commentCount":0,"publisher":{"@id":"https:\/\/www.organisator.ch\/#organization"},"image":{"@id":"https:\/\/www.organisator.ch\/sustainability\/2019-11-11\/swisscleantech-feiert-das-10jaehrige-bestehen\/#primaryimage"},"thumbnailUrl":"https:\/\/www.organisator.ch\/wp-content\/uploads\/2019\/11\/MM_Jubilaeum-web.jpg","keywords":["Cleantech","ENERGIE","Jubil\u00e4um","KLIMA","Schweiz"],"articleSection":["SUSTAINABILITY"],"inLanguage":"fr-FR"},{"@type":"WebPage","@id":"https:\/\/www.organisator.ch\/sustainability\/2019-11-11\/swisscleantech-feiert-das-10jaehrige-bestehen\/","url":"https:\/\/www.organisator.ch\/sustainability\/2019-11-11\/swisscleantech-feiert-das-10jaehrige-bestehen\/","name":"swisscleantech f\u00eate ses 10 ans d'existence - Organisateur","isPartOf":{"@id":"https:\/\/www.organisator.ch\/#website"},"primaryImageOfPage":{"@id":"https:\/\/www.organisator.ch\/sustainability\/2019-11-11\/swisscleantech-feiert-das-10jaehrige-bestehen\/#primaryimage"},"image":{"@id":"https:\/\/www.organisator.ch\/sustainability\/2019-11-11\/swisscleantech-feiert-das-10jaehrige-bestehen\/#primaryimage"},"thumbnailUrl":"https:\/\/www.organisator.ch\/wp-content\/uploads\/2019\/11\/MM_Jubilaeum-web.jpg","datePublished":"2019-11-11T11:11:05+00:00","dateModified":"2022-02-09T10:10:02+00:00","description":"Dix ans de swisscleantech : depuis 2009, l'association \u00e9conomique fait bouger la politique et la soci\u00e9t\u00e9 et propose des solutions pour une \u00e9conomie compatible avec le climat.","breadcrumb":{"@id":"https:\/\/www.organisator.ch\/sustainability\/2019-11-11\/swisscleantech-feiert-das-10jaehrige-bestehen\/#breadcrumb"},"inLanguage":"fr-FR","potentialAction":[{"@type":"ReadAction","target":["https:\/\/www.organisator.ch\/sustainability\/2019-11-11\/swisscleantech-feiert-das-10jaehrige-bestehen\/"]}]},{"@type":"ImageObject","inLanguage":"fr-FR","@id":"https:\/\/www.organisator.ch\/sustainability\/2019-11-11\/swisscleantech-feiert-das-10jaehrige-bestehen\/#primaryimage","url":"https:\/\/www.organisator.ch\/wp-content\/uploads\/2019\/11\/MM_Jubilaeum-web.jpg","contentUrl":"https:\/\/www.organisator.ch\/wp-content\/uploads\/2019\/11\/MM_Jubilaeum-web.jpg","width":776,"height":443,"caption":"(Quelle: swisscleantech)"},{"@type":"BreadcrumbList","@id":"https:\/\/www.organisator.ch\/sustainability\/2019-11-11\/swisscleantech-feiert-das-10jaehrige-bestehen\/#breadcrumb","itemListElement":[{"@type":"ListItem","position":1,"name":"Home","item":"https:\/\/www.organisator.ch\/"},{"@type":"ListItem","position":2,"name":"swisscleantech feiert das 10j\u00e4hrige Bestehen"}]},{"@type":"WebSite","@id":"https:\/\/www.organisator.ch\/#website","url":"https:\/\/www.organisator.ch\/","name":"Organisateur","description":"Comp\u00e9tence et comp\u00e9tence. Proches de la pratique. L'ORGANISATEUR pr\u00e9pare 10 num\u00e9ros par an sur les th\u00e8mes essentiels pour les dirigeants de PME.","publisher":{"@id":"https:\/\/www.organisator.ch\/#organization"},"potentialAction":[{"@type":"SearchAction","target":{"@type":"EntryPoint","urlTemplate":"https:\/\/www.organisator.ch\/?s={search_term_string}"},"query-input":{"@type":"PropertyValueSpecification","valueRequired":true,"valueName":"search_term_string"}}],"inLanguage":"fr-FR"},{"@type":"Organization","@id":"https:\/\/www.organisator.ch\/#organization","name":"Organisateur","url":"https:\/\/www.organisator.ch\/","logo":{"@type":"ImageObject","inLanguage":"fr-FR","@id":"https:\/\/www.organisator.ch\/#\/schema\/logo\/image\/","url":"https:\/\/www.organisator.ch\/wp-content\/uploads\/2022\/01\/Logo_Organisator_Website.png","contentUrl":"https:\/\/www.organisator.ch\/wp-content\/uploads\/2022\/01\/Logo_Organisator_Website.png","width":800,"height":77,"caption":"Organisator"},"image":{"@id":"https:\/\/www.organisator.ch\/#\/schema\/logo\/image\/"},"sameAs":["https:\/\/www.facebook.com\/OrganisatorFachmagazin","https:\/\/www.linkedin.com\/showcase\/organisator-das-magazin-fr-kmu","https:\/\/www.xing.com\/news\/pages\/organisator-ch-695","https:\/\/www.youtube.com\/channel\/UCGP2Sq0iWaZwT3BdIAQFYpw"]},{"@type":"Person","@id":"https:\/\/www.organisator.ch\/#\/schema\/person\/134708ca9321c57b0362cceb7948ffbd","name":"michael.merz","image":{"@type":"ImageObject","inLanguage":"fr-FR","@id":"https:\/\/secure.gravatar.com\/avatar\/?s=96&d=mm&r=g","url":"https:\/\/secure.gravatar.com\/avatar\/?s=96&d=mm&r=g","contentUrl":"https:\/\/secure.gravatar.com\/avatar\/?s=96&d=mm&r=g","caption":"michael.merz"},"url":"https:\/\/www.organisator.ch\/fr\/author\/michael-merz\/"}]}},"_links":{"self":[{"href":"https:\/\/www.organisator.ch\/fr\/wp-json\/wp\/v2\/posts\/2604","targetHints":{"allow":["GET"]}}],"collection":[{"href":"https:\/\/www.organisator.ch\/fr\/wp-json\/wp\/v2\/posts"}],"about":[{"href":"https:\/\/www.organisator.ch\/fr\/wp-json\/wp\/v2\/types\/post"}],"author":[{"embeddable":true,"href":"https:\/\/www.organisator.ch\/fr\/wp-json\/wp\/v2\/users\/5"}],"replies":[{"embeddable":true,"href":"https:\/\/www.organisator.ch\/fr\/wp-json\/wp\/v2\/comments?post=2604"}],"version-history":[{"count":1,"href":"https:\/\/www.organisator.ch\/fr\/wp-json\/wp\/v2\/posts\/2604\/revisions"}],"predecessor-version":[{"id":10866,"href":"https:\/\/www.organisator.ch\/fr\/wp-json\/wp\/v2\/posts\/2604\/revisions\/10866"}],"wp:featuredmedia":[{"embeddable":true,"href":"https:\/\/www.organisator.ch\/fr\/wp-json\/wp\/v2\/media\/2605"}],"wp:attachment":[{"href":"https:\/\/www.organisator.ch\/fr\/wp-json\/wp\/v2\/media?parent=2604"}],"wp:term":[{"taxonomy":"category","embeddable":true,"href":"https:\/\/www.organisator.ch\/fr\/wp-json\/wp\/v2\/categories?post=2604"},{"taxonomy":"post_tag","embeddable":true,"href":"https:\/\/www.organisator.ch\/fr\/wp-json\/wp\/v2\/tags?post=2604"}],"curies":[{"name":"wp","href":"https:\/\/api.w.org\/{rel}","templated":true}]}}