{"id":26043,"date":"2024-03-21T15:59:49","date_gmt":"2024-03-21T14:59:49","guid":{"rendered":"https:\/\/www.werbewoche.ch\/?p=212524"},"modified":"2024-11-11T08:56:12","modified_gmt":"2024-11-11T07:56:12","slug":"twint-erstmalig-an-der-spitze-des-swiss-reputation-rankings","status":"publish","type":"post","link":"https:\/\/www.organisator.ch\/fr\/marketing\/2024-03-21\/twint-erstmalig-an-der-spitze-des-swiss-reputation-rankings\/","title":{"rendered":"Twint en t\u00eate du Swiss Reputation Ranking pour la premi\u00e8re fois"},"content":{"rendered":"<p><img class=\"aligncenter wp-image-212527 size-full\" src=\"https:\/\/www.werbewoche.ch\/wp-content\/uploads\/2024\/03\/GfK-SRR_BUSINESS_REFLECTOR-2024-COLOR.jpg\" alt=\"Classement de la r\u00e9putation de Twint\" width=\"1200\" height=\"900\" \/><\/p>\r\n<p>Cette ann\u00e9e, Twint est en t\u00eate du classement de r\u00e9putation et fait d\u00e9sormais partie des 50 entreprises les plus importantes de Suisse, selon GfK Switzerland, en raison de sa notori\u00e9t\u00e9 accrue aupr\u00e8s de la population suisse. \"L'entreprise est consid\u00e9r\u00e9e comme une entreprise absolument top, qui offre de meilleures prestations que les autres entreprises du secteur et qui se distingue positivement des autres entreprises. Les moins de 30 ans, en particulier, \u00e9valuent Twint de mani\u00e8re particuli\u00e8rement positive\", explique le Dr Anja Reimer de GfK Switzerland.<\/p>\r\n<p>La deuxi\u00e8me place du classement est occup\u00e9e par l'entreprise Zweifel, qui a progress\u00e9 d'un rang. Selon Anja Reimer, les Suisses continuent de s'identifier le plus fortement au d\u00e9taillant, mais Migros a moins marqu\u00e9 de points cette ann\u00e9e en termes d'estime sociale et morale.<\/p>\r\n<p>Les rangs suivants sont occup\u00e9s par Ricola et les CFF. Ce dernier a am\u00e9lior\u00e9 son classement de cinq places et obtient les meilleurs r\u00e9sultats en mati\u00e8re de durabilit\u00e9 \u00e9cologique.<\/p>\r\n<p>L'entreprise Rivella, qui occupe la sixi\u00e8me place, a gagn\u00e9 3 places, et La Mobili\u00e8re (7e) m\u00eame sept. Coop, Lindt &amp; Spr\u00fcngli et Geberit occupent les places 8 \u00e0 10.<\/p>\r\n<figure id=\"attachment_212526\" class=\"wp-caption aligncenter\" style=\"width: 1200px\" aria-describedby=\"caption-attachment-212526\"><img class=\"wp-image-212526 size-full\" src=\"https:\/\/www.werbewoche.ch\/wp-content\/uploads\/2024\/03\/GfK-Business-Reflector-Ranking-Unternehmen-2024.jpg\" alt=\"\" width=\"1200\" height=\"933\" \/>\r\n<figcaption id=\"caption-attachment-212526\" class=\"wp-caption-text\">(Graphiques : GfK Switzerland)<\/figcaption>\r\n<\/figure>\r\n<h3><strong>Diff\u00e9rences d\u00e9mographiques dans le classement <\/strong><\/h3>\r\n<p>Les hommes \u00e9valuent Zweifel encore un peu mieux que Twint et \u00e9valuent \u00e9galement Ricola l\u00e9g\u00e8rement mieux que Migros. Les femmes, quant \u00e0 elles, \u00e9valuent le mieux Twint, suivi de Migros.<\/p>\r\n<p>Les Suisses al\u00e9maniques \u00e9valuent mieux Rivella, La Mobili\u00e8re, Zweifel, Geberit, Ricola et les CFF que les Romands, alors que Coop et Lindt &amp; Spr\u00fcngli obtiennent de meilleurs r\u00e9sultats en Suisse romande.<\/p>\r\n<p>Pour les Romands, les banques cantonales, Logitech et ABB font \u00e9galement partie du top 10 - alors que La Mobili\u00e8re, Geberit et Rivella ne figurent pas parmi les dix meilleures entreprises.<\/p>\r\n<h3><strong>Classement NPO : la Rega en t\u00eate pour la septi\u00e8me fois <\/strong><\/h3>\r\n<p>Parmi les organisations \u00e0 but non lucratif, la Garde a\u00e9rienne suisse de sauvetage (Rega) arrive en t\u00eate du classement pour la septi\u00e8me ann\u00e9e cons\u00e9cutive. \"La Rega jouit d'un fort capital de sympathie aupr\u00e8s de la population suisse. Les Suisses s'identifient \u00e0 la Rega et attestent de son succ\u00e8s et de sa capacit\u00e9 \u00e0 se d\u00e9marquer positivement des autres organisations\", commente Anja Reimer.<\/p>\r\n<p>La Fondation suisse pour parapl\u00e9giques occupe la deuxi\u00e8me place du classement, suivie de la Croix-Rouge suisse, qui a gagn\u00e9 trois rangs. L'Aide et soins \u00e0 domicile Suisse, qui se trouve \u00e0 la quatri\u00e8me place, a \u00e9galement progress\u00e9 d'un rang. Suivent M\u00e9decins sans fronti\u00e8res, Fairtrade Max Havelaar et, \u00e0 la septi\u00e8me place, le TCS, qui a gagn\u00e9 sept rangs. La Ligue contre le cancer reste inchang\u00e9e \u00e0 la huiti\u00e8me place, suivie de Bio Suisse et du WWF Suisse.<img class=\"aligncenter size-full wp-image-212525\" src=\"https:\/\/www.werbewoche.ch\/wp-content\/uploads\/2024\/03\/GfK-Business-Reflector-Ranking-NPO-2024.jpg\" alt=\"\" width=\"1200\" height=\"1249\" \/><\/p>\r\n<hr \/>\r\n<p><em>Le site <strong>GfK Business Reflector<\/strong> mesure, sur la base d'une enqu\u00eate repr\u00e9sentative de la population, la r\u00e9putation des 50 entreprises suisses leaders et des 20 organisations \u00e0 but non lucratif les plus connues, les compare et constitue ainsi chaque ann\u00e9e un sismographe intersectoriel dans le paysage suisse des entreprises et des organisations \u00e0 but non lucratif. En collaboration avec l'Institut de recherche sur la sph\u00e8re publique et la soci\u00e9t\u00e9 (F\u00f6g) de l'Universit\u00e9 de Zurich, un instrument de mesure scientifiquement fond\u00e9 a \u00e9t\u00e9 mis au point pour fournir un indice de r\u00e9putation repr\u00e9sentatif aux sp\u00e9cialistes suisses du marketing, aux responsables RSE, aux entreprises et aux organisations \u00e0 but non lucratif. Les r\u00e9sultats se basent sur plus de 3'500 interviews men\u00e9es dans toute la Suisse entre mi-janvier et mi-f\u00e9vrier. L'objectif de l'\u00e9tude est de r\u00e9aliser un monitoring objectif et pr\u00e9cis de la r\u00e9putation.<\/em><\/p>","protected":false},"excerpt":{"rendered":"<p>Twint arrive pour la premi\u00e8re fois en t\u00eate du Swiss Reputation Ranking de GfK. Zweifel et Migros suivent aux deuxi\u00e8me et troisi\u00e8me rangs. En outre, pour la septi\u00e8me fois cons\u00e9cutive, la Rega arrive en t\u00eate du classement des organisations \u00e0 but non lucratif.<\/p>","protected":false},"author":8,"featured_media":0,"comment_status":"closed","ping_status":"closed","sticky":false,"template":"","format":"standard","meta":{"_acf_changed":false,"_yoast_wpseo_focuskw":"Twint Reputationsranking","_yoast_wpseo_metadesc":"Twint f\u00fchrt das Reputationsranking 2024 an. Bekanntheit und Vertrauen in der Schweizer Bev\u00f6lkerung gestiegen.","articlekey":"","footnotes":""},"categories":[29],"tags":[3610,2617,414],"class_list":["post-26043","post","type-post","status-publish","format-standard","hentry","category-marketing","tag-gfk","tag-marken","tag-reputation"],"acf":[],"yoast_head":"<!-- This site is optimized with the Yoast SEO plugin v27.5 - https:\/\/yoast.com\/product\/yoast-seo-wordpress\/ -->\n<title>Twint erstmalig an der Spitze des Swiss Reputation Rankings - Organisator<\/title>\n<meta name=\"description\" content=\"Twint f\u00fchrt das Reputationsranking 2024 an. Bekanntheit und Vertrauen in der Schweizer Bev\u00f6lkerung gestiegen.\" \/>\n<meta name=\"robots\" content=\"index, follow, max-snippet:-1, max-image-preview:large, max-video-preview:-1\" \/>\n<link rel=\"canonical\" href=\"https:\/\/www.organisator.ch\/fr\/marketing\/2024-03-21\/twint-erstmalig-an-der-spitze-des-swiss-reputation-rankings\/\" \/>\n<meta property=\"og:locale\" content=\"fr_FR\" \/>\n<meta property=\"og:type\" content=\"article\" \/>\n<meta property=\"og:title\" content=\"Twint erstmalig an der Spitze des Swiss Reputation Rankings - Organisator\" \/>\n<meta property=\"og:description\" content=\"Twint f\u00fchrt das Reputationsranking 2024 an. Bekanntheit und Vertrauen in der Schweizer Bev\u00f6lkerung gestiegen.\" \/>\n<meta property=\"og:url\" content=\"https:\/\/www.organisator.ch\/fr\/marketing\/2024-03-21\/twint-erstmalig-an-der-spitze-des-swiss-reputation-rankings\/\" \/>\n<meta property=\"og:site_name\" content=\"Organisator\" \/>\n<meta property=\"article:publisher\" content=\"https:\/\/www.facebook.com\/OrganisatorFachmagazin\" \/>\n<meta property=\"article:published_time\" content=\"2024-03-21T14:59:49+00:00\" \/>\n<meta property=\"article:modified_time\" content=\"2024-11-11T07:56:12+00:00\" \/>\n<meta property=\"og:image\" content=\"https:\/\/www.werbewoche.ch\/wp-content\/uploads\/2024\/03\/GfK-SRR_BUSINESS_REFLECTOR-2024-COLOR.jpg\" \/>\n<meta name=\"author\" content=\"galledia\" \/>\n<meta name=\"twitter:card\" content=\"summary_large_image\" \/>\n<meta name=\"twitter:creator\" content=\"@admin\" \/>\n<script type=\"application\/ld+json\" class=\"yoast-schema-graph\">{\"@context\":\"https:\\\/\\\/schema.org\",\"@graph\":[{\"@type\":\"Article\",\"@id\":\"https:\\\/\\\/www.organisator.ch\\\/marketing\\\/2024-03-21\\\/twint-erstmalig-an-der-spitze-des-swiss-reputation-rankings\\\/#article\",\"isPartOf\":{\"@id\":\"https:\\\/\\\/www.organisator.ch\\\/marketing\\\/2024-03-21\\\/twint-erstmalig-an-der-spitze-des-swiss-reputation-rankings\\\/\"},\"author\":{\"name\":\"galledia\",\"@id\":\"https:\\\/\\\/www.organisator.ch\\\/#\\\/schema\\\/person\\\/4e51799071cd2dd1232ac003643ef5f0\"},\"headline\":\"Twint erstmalig an der Spitze des Swiss Reputation Rankings\",\"datePublished\":\"2024-03-21T14:59:49+00:00\",\"dateModified\":\"2024-11-11T07:56:12+00:00\",\"mainEntityOfPage\":{\"@id\":\"https:\\\/\\\/www.organisator.ch\\\/marketing\\\/2024-03-21\\\/twint-erstmalig-an-der-spitze-des-swiss-reputation-rankings\\\/\"},\"wordCount\":543,\"publisher\":{\"@id\":\"https:\\\/\\\/www.organisator.ch\\\/#organization\"},\"image\":{\"@id\":\"https:\\\/\\\/www.organisator.ch\\\/marketing\\\/2024-03-21\\\/twint-erstmalig-an-der-spitze-des-swiss-reputation-rankings\\\/#primaryimage\"},\"thumbnailUrl\":\"https:\\\/\\\/www.werbewoche.ch\\\/wp-content\\\/uploads\\\/2024\\\/03\\\/GfK-SRR_BUSINESS_REFLECTOR-2024-COLOR.jpg\",\"keywords\":[\"Gfk\",\"Marken\",\"Reputation\"],\"articleSection\":[\"MARKETING\"],\"inLanguage\":\"fr-FR\"},{\"@type\":\"WebPage\",\"@id\":\"https:\\\/\\\/www.organisator.ch\\\/marketing\\\/2024-03-21\\\/twint-erstmalig-an-der-spitze-des-swiss-reputation-rankings\\\/\",\"url\":\"https:\\\/\\\/www.organisator.ch\\\/marketing\\\/2024-03-21\\\/twint-erstmalig-an-der-spitze-des-swiss-reputation-rankings\\\/\",\"name\":\"Twint erstmalig an der Spitze des Swiss Reputation Rankings - Organisator\",\"isPartOf\":{\"@id\":\"https:\\\/\\\/www.organisator.ch\\\/#website\"},\"primaryImageOfPage\":{\"@id\":\"https:\\\/\\\/www.organisator.ch\\\/marketing\\\/2024-03-21\\\/twint-erstmalig-an-der-spitze-des-swiss-reputation-rankings\\\/#primaryimage\"},\"image\":{\"@id\":\"https:\\\/\\\/www.organisator.ch\\\/marketing\\\/2024-03-21\\\/twint-erstmalig-an-der-spitze-des-swiss-reputation-rankings\\\/#primaryimage\"},\"thumbnailUrl\":\"https:\\\/\\\/www.werbewoche.ch\\\/wp-content\\\/uploads\\\/2024\\\/03\\\/GfK-SRR_BUSINESS_REFLECTOR-2024-COLOR.jpg\",\"datePublished\":\"2024-03-21T14:59:49+00:00\",\"dateModified\":\"2024-11-11T07:56:12+00:00\",\"description\":\"Twint f\u00fchrt das Reputationsranking 2024 an. Bekanntheit und Vertrauen in der Schweizer Bev\u00f6lkerung gestiegen.\",\"breadcrumb\":{\"@id\":\"https:\\\/\\\/www.organisator.ch\\\/marketing\\\/2024-03-21\\\/twint-erstmalig-an-der-spitze-des-swiss-reputation-rankings\\\/#breadcrumb\"},\"inLanguage\":\"fr-FR\",\"potentialAction\":[{\"@type\":\"ReadAction\",\"target\":[\"https:\\\/\\\/www.organisator.ch\\\/marketing\\\/2024-03-21\\\/twint-erstmalig-an-der-spitze-des-swiss-reputation-rankings\\\/\"]}]},{\"@type\":\"ImageObject\",\"inLanguage\":\"fr-FR\",\"@id\":\"https:\\\/\\\/www.organisator.ch\\\/marketing\\\/2024-03-21\\\/twint-erstmalig-an-der-spitze-des-swiss-reputation-rankings\\\/#primaryimage\",\"url\":\"https:\\\/\\\/www.werbewoche.ch\\\/wp-content\\\/uploads\\\/2024\\\/03\\\/GfK-SRR_BUSINESS_REFLECTOR-2024-COLOR.jpg\",\"contentUrl\":\"https:\\\/\\\/www.werbewoche.ch\\\/wp-content\\\/uploads\\\/2024\\\/03\\\/GfK-SRR_BUSINESS_REFLECTOR-2024-COLOR.jpg\"},{\"@type\":\"BreadcrumbList\",\"@id\":\"https:\\\/\\\/www.organisator.ch\\\/marketing\\\/2024-03-21\\\/twint-erstmalig-an-der-spitze-des-swiss-reputation-rankings\\\/#breadcrumb\",\"itemListElement\":[{\"@type\":\"ListItem\",\"position\":1,\"name\":\"Home\",\"item\":\"https:\\\/\\\/www.organisator.ch\\\/\"},{\"@type\":\"ListItem\",\"position\":2,\"name\":\"Twint erstmalig an der Spitze des Swiss Reputation Rankings\"}]},{\"@type\":\"WebSite\",\"@id\":\"https:\\\/\\\/www.organisator.ch\\\/#website\",\"url\":\"https:\\\/\\\/www.organisator.ch\\\/\",\"name\":\"Organisator\",\"description\":\"Kompetent. Praxisnah. Der ORGANISATOR bereitet in 10 Ausgaben pro Jahr die wesentlichen Themen f\u00fcr F\u00fchrungskr\u00e4fte von KMU auf.\",\"publisher\":{\"@id\":\"https:\\\/\\\/www.organisator.ch\\\/#organization\"},\"potentialAction\":[{\"@type\":\"SearchAction\",\"target\":{\"@type\":\"EntryPoint\",\"urlTemplate\":\"https:\\\/\\\/www.organisator.ch\\\/?s={search_term_string}\"},\"query-input\":{\"@type\":\"PropertyValueSpecification\",\"valueRequired\":true,\"valueName\":\"search_term_string\"}}],\"inLanguage\":\"fr-FR\"},{\"@type\":\"Organization\",\"@id\":\"https:\\\/\\\/www.organisator.ch\\\/#organization\",\"name\":\"Organisator\",\"url\":\"https:\\\/\\\/www.organisator.ch\\\/\",\"logo\":{\"@type\":\"ImageObject\",\"inLanguage\":\"fr-FR\",\"@id\":\"https:\\\/\\\/www.organisator.ch\\\/#\\\/schema\\\/logo\\\/image\\\/\",\"url\":\"https:\\\/\\\/www.organisator.ch\\\/wp-content\\\/uploads\\\/2022\\\/01\\\/Logo_Organisator_Website.png\",\"contentUrl\":\"https:\\\/\\\/www.organisator.ch\\\/wp-content\\\/uploads\\\/2022\\\/01\\\/Logo_Organisator_Website.png\",\"width\":800,\"height\":77,\"caption\":\"Organisator\"},\"image\":{\"@id\":\"https:\\\/\\\/www.organisator.ch\\\/#\\\/schema\\\/logo\\\/image\\\/\"},\"sameAs\":[\"https:\\\/\\\/www.facebook.com\\\/OrganisatorFachmagazin\",\"https:\\\/\\\/www.linkedin.com\\\/showcase\\\/organisator-das-magazin-fr-kmu\",\"https:\\\/\\\/www.xing.com\\\/news\\\/pages\\\/organisator-ch-695\",\"https:\\\/\\\/www.youtube.com\\\/channel\\\/UCGP2Sq0iWaZwT3BdIAQFYpw\"]},{\"@type\":\"Person\",\"@id\":\"https:\\\/\\\/www.organisator.ch\\\/#\\\/schema\\\/person\\\/4e51799071cd2dd1232ac003643ef5f0\",\"name\":\"galledia\",\"image\":{\"@type\":\"ImageObject\",\"inLanguage\":\"fr-FR\",\"@id\":\"https:\\\/\\\/secure.gravatar.com\\\/avatar\\\/78a7f90c01fc2bfc875782a0d4922b37cde2cf184ce347b91316d23cd7f69a36?s=96&d=mm&r=g\",\"url\":\"https:\\\/\\\/secure.gravatar.com\\\/avatar\\\/78a7f90c01fc2bfc875782a0d4922b37cde2cf184ce347b91316d23cd7f69a36?s=96&d=mm&r=g\",\"contentUrl\":\"https:\\\/\\\/secure.gravatar.com\\\/avatar\\\/78a7f90c01fc2bfc875782a0d4922b37cde2cf184ce347b91316d23cd7f69a36?s=96&d=mm&r=g\",\"caption\":\"galledia\"},\"sameAs\":[\"https:\\\/\\\/x.com\\\/admin\"],\"url\":\"https:\\\/\\\/www.organisator.ch\\\/fr\\\/author\\\/galledia\\\/\"}]}<\/script>\n<!-- \/ Yoast SEO plugin. -->","yoast_head_json":{"title":"Twint en t\u00eate du Swiss Reputation Ranking pour la premi\u00e8re fois - Organisateur","description":"Twint en t\u00eate du classement de r\u00e9putation 2024. Notori\u00e9t\u00e9 et confiance en hausse aupr\u00e8s de la population suisse.","robots":{"index":"index","follow":"follow","max-snippet":"max-snippet:-1","max-image-preview":"max-image-preview:large","max-video-preview":"max-video-preview:-1"},"canonical":"https:\/\/www.organisator.ch\/fr\/marketing\/2024-03-21\/twint-erstmalig-an-der-spitze-des-swiss-reputation-rankings\/","og_locale":"fr_FR","og_type":"article","og_title":"Twint erstmalig an der Spitze des Swiss Reputation Rankings - Organisator","og_description":"Twint f\u00fchrt das Reputationsranking 2024 an. Bekanntheit und Vertrauen in der Schweizer Bev\u00f6lkerung gestiegen.","og_url":"https:\/\/www.organisator.ch\/fr\/marketing\/2024-03-21\/twint-erstmalig-an-der-spitze-des-swiss-reputation-rankings\/","og_site_name":"Organisator","article_publisher":"https:\/\/www.facebook.com\/OrganisatorFachmagazin","article_published_time":"2024-03-21T14:59:49+00:00","article_modified_time":"2024-11-11T07:56:12+00:00","og_image":[{"url":"https:\/\/www.werbewoche.ch\/wp-content\/uploads\/2024\/03\/GfK-SRR_BUSINESS_REFLECTOR-2024-COLOR.jpg","type":"","width":"","height":""}],"author":"galledia","twitter_card":"summary_large_image","twitter_creator":"@admin","schema":{"@context":"https:\/\/schema.org","@graph":[{"@type":"Article","@id":"https:\/\/www.organisator.ch\/marketing\/2024-03-21\/twint-erstmalig-an-der-spitze-des-swiss-reputation-rankings\/#article","isPartOf":{"@id":"https:\/\/www.organisator.ch\/marketing\/2024-03-21\/twint-erstmalig-an-der-spitze-des-swiss-reputation-rankings\/"},"author":{"name":"galledia","@id":"https:\/\/www.organisator.ch\/#\/schema\/person\/4e51799071cd2dd1232ac003643ef5f0"},"headline":"Twint erstmalig an der Spitze des Swiss Reputation Rankings","datePublished":"2024-03-21T14:59:49+00:00","dateModified":"2024-11-11T07:56:12+00:00","mainEntityOfPage":{"@id":"https:\/\/www.organisator.ch\/marketing\/2024-03-21\/twint-erstmalig-an-der-spitze-des-swiss-reputation-rankings\/"},"wordCount":543,"publisher":{"@id":"https:\/\/www.organisator.ch\/#organization"},"image":{"@id":"https:\/\/www.organisator.ch\/marketing\/2024-03-21\/twint-erstmalig-an-der-spitze-des-swiss-reputation-rankings\/#primaryimage"},"thumbnailUrl":"https:\/\/www.werbewoche.ch\/wp-content\/uploads\/2024\/03\/GfK-SRR_BUSINESS_REFLECTOR-2024-COLOR.jpg","keywords":["Gfk","Marken","Reputation"],"articleSection":["MARKETING"],"inLanguage":"fr-FR"},{"@type":"WebPage","@id":"https:\/\/www.organisator.ch\/marketing\/2024-03-21\/twint-erstmalig-an-der-spitze-des-swiss-reputation-rankings\/","url":"https:\/\/www.organisator.ch\/marketing\/2024-03-21\/twint-erstmalig-an-der-spitze-des-swiss-reputation-rankings\/","name":"Twint en t\u00eate du Swiss Reputation Ranking pour la premi\u00e8re fois - Organisateur","isPartOf":{"@id":"https:\/\/www.organisator.ch\/#website"},"primaryImageOfPage":{"@id":"https:\/\/www.organisator.ch\/marketing\/2024-03-21\/twint-erstmalig-an-der-spitze-des-swiss-reputation-rankings\/#primaryimage"},"image":{"@id":"https:\/\/www.organisator.ch\/marketing\/2024-03-21\/twint-erstmalig-an-der-spitze-des-swiss-reputation-rankings\/#primaryimage"},"thumbnailUrl":"https:\/\/www.werbewoche.ch\/wp-content\/uploads\/2024\/03\/GfK-SRR_BUSINESS_REFLECTOR-2024-COLOR.jpg","datePublished":"2024-03-21T14:59:49+00:00","dateModified":"2024-11-11T07:56:12+00:00","description":"Twint en t\u00eate du classement de r\u00e9putation 2024. Notori\u00e9t\u00e9 et confiance en hausse aupr\u00e8s de la population suisse.","breadcrumb":{"@id":"https:\/\/www.organisator.ch\/marketing\/2024-03-21\/twint-erstmalig-an-der-spitze-des-swiss-reputation-rankings\/#breadcrumb"},"inLanguage":"fr-FR","potentialAction":[{"@type":"ReadAction","target":["https:\/\/www.organisator.ch\/marketing\/2024-03-21\/twint-erstmalig-an-der-spitze-des-swiss-reputation-rankings\/"]}]},{"@type":"ImageObject","inLanguage":"fr-FR","@id":"https:\/\/www.organisator.ch\/marketing\/2024-03-21\/twint-erstmalig-an-der-spitze-des-swiss-reputation-rankings\/#primaryimage","url":"https:\/\/www.werbewoche.ch\/wp-content\/uploads\/2024\/03\/GfK-SRR_BUSINESS_REFLECTOR-2024-COLOR.jpg","contentUrl":"https:\/\/www.werbewoche.ch\/wp-content\/uploads\/2024\/03\/GfK-SRR_BUSINESS_REFLECTOR-2024-COLOR.jpg"},{"@type":"BreadcrumbList","@id":"https:\/\/www.organisator.ch\/marketing\/2024-03-21\/twint-erstmalig-an-der-spitze-des-swiss-reputation-rankings\/#breadcrumb","itemListElement":[{"@type":"ListItem","position":1,"name":"Home","item":"https:\/\/www.organisator.ch\/"},{"@type":"ListItem","position":2,"name":"Twint erstmalig an der Spitze des Swiss Reputation Rankings"}]},{"@type":"WebSite","@id":"https:\/\/www.organisator.ch\/#website","url":"https:\/\/www.organisator.ch\/","name":"Organisateur","description":"Comp\u00e9tence et comp\u00e9tence. Proches de la pratique. L'ORGANISATEUR pr\u00e9pare 10 num\u00e9ros par an sur les th\u00e8mes essentiels pour les dirigeants de PME.","publisher":{"@id":"https:\/\/www.organisator.ch\/#organization"},"potentialAction":[{"@type":"SearchAction","target":{"@type":"EntryPoint","urlTemplate":"https:\/\/www.organisator.ch\/?s={search_term_string}"},"query-input":{"@type":"PropertyValueSpecification","valueRequired":true,"valueName":"search_term_string"}}],"inLanguage":"fr-FR"},{"@type":"Organization","@id":"https:\/\/www.organisator.ch\/#organization","name":"Organisateur","url":"https:\/\/www.organisator.ch\/","logo":{"@type":"ImageObject","inLanguage":"fr-FR","@id":"https:\/\/www.organisator.ch\/#\/schema\/logo\/image\/","url":"https:\/\/www.organisator.ch\/wp-content\/uploads\/2022\/01\/Logo_Organisator_Website.png","contentUrl":"https:\/\/www.organisator.ch\/wp-content\/uploads\/2022\/01\/Logo_Organisator_Website.png","width":800,"height":77,"caption":"Organisator"},"image":{"@id":"https:\/\/www.organisator.ch\/#\/schema\/logo\/image\/"},"sameAs":["https:\/\/www.facebook.com\/OrganisatorFachmagazin","https:\/\/www.linkedin.com\/showcase\/organisator-das-magazin-fr-kmu","https:\/\/www.xing.com\/news\/pages\/organisator-ch-695","https:\/\/www.youtube.com\/channel\/UCGP2Sq0iWaZwT3BdIAQFYpw"]},{"@type":"Person","@id":"https:\/\/www.organisator.ch\/#\/schema\/person\/4e51799071cd2dd1232ac003643ef5f0","name":"galledia","image":{"@type":"ImageObject","inLanguage":"fr-FR","@id":"https:\/\/secure.gravatar.com\/avatar\/78a7f90c01fc2bfc875782a0d4922b37cde2cf184ce347b91316d23cd7f69a36?s=96&d=mm&r=g","url":"https:\/\/secure.gravatar.com\/avatar\/78a7f90c01fc2bfc875782a0d4922b37cde2cf184ce347b91316d23cd7f69a36?s=96&d=mm&r=g","contentUrl":"https:\/\/secure.gravatar.com\/avatar\/78a7f90c01fc2bfc875782a0d4922b37cde2cf184ce347b91316d23cd7f69a36?s=96&d=mm&r=g","caption":"galledia"},"sameAs":["https:\/\/x.com\/admin"],"url":"https:\/\/www.organisator.ch\/fr\/author\/galledia\/"}]}},"_links":{"self":[{"href":"https:\/\/www.organisator.ch\/fr\/wp-json\/wp\/v2\/posts\/26043","targetHints":{"allow":["GET"]}}],"collection":[{"href":"https:\/\/www.organisator.ch\/fr\/wp-json\/wp\/v2\/posts"}],"about":[{"href":"https:\/\/www.organisator.ch\/fr\/wp-json\/wp\/v2\/types\/post"}],"author":[{"embeddable":true,"href":"https:\/\/www.organisator.ch\/fr\/wp-json\/wp\/v2\/users\/8"}],"replies":[{"embeddable":true,"href":"https:\/\/www.organisator.ch\/fr\/wp-json\/wp\/v2\/comments?post=26043"}],"version-history":[{"count":5,"href":"https:\/\/www.organisator.ch\/fr\/wp-json\/wp\/v2\/posts\/26043\/revisions"}],"predecessor-version":[{"id":32359,"href":"https:\/\/www.organisator.ch\/fr\/wp-json\/wp\/v2\/posts\/26043\/revisions\/32359"}],"wp:attachment":[{"href":"https:\/\/www.organisator.ch\/fr\/wp-json\/wp\/v2\/media?parent=26043"}],"wp:term":[{"taxonomy":"category","embeddable":true,"href":"https:\/\/www.organisator.ch\/fr\/wp-json\/wp\/v2\/categories?post=26043"},{"taxonomy":"post_tag","embeddable":true,"href":"https:\/\/www.organisator.ch\/fr\/wp-json\/wp\/v2\/tags?post=26043"}],"curies":[{"name":"wp","href":"https:\/\/api.w.org\/{rel}","templated":true}]}}