{"id":26094,"date":"2024-03-25T11:43:20","date_gmt":"2024-03-25T10:43:20","guid":{"rendered":"https:\/\/www.organisator.ch\/?p=26094"},"modified":"2024-03-25T11:43:20","modified_gmt":"2024-03-25T10:43:20","slug":"schweizer-bevoelkerung-fordert-mehr-nachhaltigkeit-von-unternehmen-staat-und-konsumenten","status":"publish","type":"post","link":"https:\/\/www.organisator.ch\/fr\/sustainability\/2024-03-25\/schweizer-bevoelkerung-fordert-mehr-nachhaltigkeit-von-unternehmen-staat-und-konsumenten\/","title":{"rendered":"La population suisse exige plus de durabilit\u00e9 de la part des entreprises, de l'\u00c9tat et des consommateurs"},"content":{"rendered":"<figure id=\"attachment_26098\" aria-describedby=\"caption-attachment-26098\" style=\"width: 680px\" class=\"wp-caption alignnone\"><img loading=\"lazy\" decoding=\"async\" class=\"size-full wp-image-26098\" src=\"https:\/\/www.organisator.ch\/wp-content\/uploads\/2024\/03\/Deloitte_Bild1_ps.jpg\" alt=\"\" width=\"680\" height=\"454\" srcset=\"https:\/\/www.organisator.ch\/wp-content\/uploads\/2024\/03\/Deloitte_Bild1_ps.jpg 680w, https:\/\/www.organisator.ch\/wp-content\/uploads\/2024\/03\/Deloitte_Bild1_ps-18x12.jpg 18w, https:\/\/www.organisator.ch\/wp-content\/uploads\/2024\/03\/Deloitte_Bild1_ps-375x250.jpg 375w, https:\/\/www.organisator.ch\/wp-content\/uploads\/2024\/03\/Deloitte_Bild1_ps-524x350.jpg 524w\" sizes=\"auto, (max-width: 680px) 100vw, 680px\" \/><figcaption id=\"caption-attachment-26098\" class=\"wp-caption-text\">Pulse of Switzerland' : trois quarts des personnes interrog\u00e9es veulent aussi contribuer \u00e0 rendre le pays plus durable. (Image : www.depositphotos.com)<\/figcaption><\/figure>\n<p>Trois quarts des personnes interrog\u00e9es souhaitent \u00e9galement contribuer elles-m\u00eames \u00e0 rendre le pays plus durable. Avec un total de 57%, l'intention de s'alimenter de mani\u00e8re plus durable \u00e0 l'avenir est la plus souvent cit\u00e9e. Les r\u00e9sultats du sondage refl\u00e8tent un message clair : pour une Suisse plus durable, tous les acteurs du march\u00e9 doivent travailler main dans la main.<\/p>\n<p>Le th\u00e8me du d\u00e9veloppement durable pr\u00e9occupe les gens en Suisse et est un sujet r\u00e9current dans le d\u00e9bat public. La promotion d'un d\u00e9veloppement durable implique l'engagement de diff\u00e9rents acteurs tels que les consommateurs, les entreprises, l'Etat, les m\u00e9dias, les organisations d'utilit\u00e9 publique et les ONG. Deloitte a demand\u00e9 \u00e0 1'900 personnes r\u00e9sidant en Suisse qui devrait jouer un r\u00f4le plus actif dans la cr\u00e9ation d'une Suisse plus durable et quelles mesures concr\u00e8tes elles privil\u00e9gieraient.<\/p>\n<p>En premier lieu, les deux tiers des personnes interrog\u00e9es (66%) estiment que les entreprises ont un devoir \u00e0 remplir pour une Suisse plus durable. 61 % citent l'\u00c9tat et 53 % se consid\u00e8rent comme responsables en tant que consommateurs. En Suisse romande, les valeurs pour les entreprises et l'Etat sont sup\u00e9rieures \u00e0 la moyenne avec 72 pour cent chacune, ce qui exprime une attente plus \u00e9lev\u00e9e de la Suisse romande vis-\u00e0-vis de ces deux groupes d'acteurs. Le groupe des consommateurs est cit\u00e9 presque aussi souvent par les personnes interrog\u00e9es dans les deux r\u00e9gions du pays. On ne constate pas de diff\u00e9rences selon l'\u00e2ge ou le sexe. \u00a0<\/p>\n<figure id=\"attachment_26095\" aria-describedby=\"caption-attachment-26095\" style=\"width: 680px\" class=\"wp-caption alignnone\"><img loading=\"lazy\" decoding=\"async\" class=\"size-full wp-image-26095\" src=\"https:\/\/www.organisator.ch\/wp-content\/uploads\/2024\/03\/Deloitte_Abbildung1_ps.jpg\" alt=\"\" width=\"680\" height=\"364\" srcset=\"https:\/\/www.organisator.ch\/wp-content\/uploads\/2024\/03\/Deloitte_Abbildung1_ps.jpg 680w, https:\/\/www.organisator.ch\/wp-content\/uploads\/2024\/03\/Deloitte_Abbildung1_ps-18x10.jpg 18w, https:\/\/www.organisator.ch\/wp-content\/uploads\/2024\/03\/Deloitte_Abbildung1_ps-375x201.jpg 375w, https:\/\/www.organisator.ch\/wp-content\/uploads\/2024\/03\/Deloitte_Abbildung1_ps-654x350.jpg 654w\" sizes=\"auto, (max-width: 680px) 100vw, 680px\" \/><figcaption id=\"caption-attachment-26095\" class=\"wp-caption-text\">(Image : www.deloitte.com)<\/figcaption><\/figure>\n<p>\"Notre enqu\u00eate montre clairement que les gens esp\u00e8rent un engagement suppl\u00e9mentaire de la part des entreprises et de l'\u00c9tat. Mais en m\u00eame temps, ils consid\u00e8rent qu'il est de leur devoir, c'est-\u00e0-dire de celui des consommateurs, de faire valoir leur influence pour une \u00e9conomie plus durable. Cela conduit \u00e0 un dilemme classique dans lequel les consommateurs attendent que les entreprises et le gouvernement agissent, tandis que les entreprises et le gouvernement attendent que la demande des consommateurs fasse avancer le changement\", explique Liza Engel, Chief Sustainability Officer chez Deloitte Suisse.<\/p>\n<h3><strong>Les entreprises : Pas de pr\u00e9f\u00e9rence claire <\/strong><\/h3>\n<p>En revanche, ce que les entreprises doivent faire exactement semble moins clair au vu des r\u00e9sultats de l'enqu\u00eate. Aucune des mesures demand\u00e9es n'arrive clairement en t\u00eate. La plupart des personnes interrog\u00e9es estiment que les entreprises devraient utiliser des mat\u00e9riaux plus \u00e9cologiques (57%), \u00e9mettre moins de CO2 (51%) et proposer des produits ou services plus durables (51%). Ils souhaitent \u00e9galement que les entreprises fassent davantage attention \u00e0 leurs cha\u00eenes d'approvisionnement (48%) et consomment moins d'\u00e9nergie (47%).<\/p>\n<p>\"Certaines entreprises consid\u00e8rent encore les investissements possibles dans une production plus durable en se focalisant uniquement sur les co\u00fbts et en renvoyant au comportement actuel des consommateurs et aux \u00e9ventuelles r\u00e9glementations n\u00e9cessaires. De nombreuses entreprises - notamment en Suisse, pays o\u00f9 les prix sont \u00e9lev\u00e9s - ont cependant compris que des investissements cons\u00e9quents dans la durabilit\u00e9 constituaient une opportunit\u00e9 de diff\u00e9renciation et surtout d'innovation\", estime Marcel Meyer, responsable des services de durabilit\u00e9 chez Deloitte Suisse.<\/p>\n<h3><strong>\u00c9tat : les incitations positives sont privil\u00e9gi\u00e9es <\/strong><\/h3>\n<p>En ce qui concerne les mesures \u00e9tatiques visant \u00e0 promouvoir la durabilit\u00e9 en Suisse, les id\u00e9es sont plus claires. 53 % des personnes interrog\u00e9es soutiennent les subventions pour les comportements \u00e9cologiques et durables, comme une d\u00e9duction fiscale pour les trajets domicile-travail \u00e0 v\u00e9lo ou le subventionnement de la nourriture v\u00e9g\u00e9talienne. En Suisse romande, les subventions sont particuli\u00e8rement populaires et recueillent 63 pour cent d'approbation.<\/p>\n<p>Les investissements dans la recherche et le d\u00e9veloppement (46%) ainsi que dans l'\u00e9ducation et la sensibilisation (42%) \u00e0 un comportement durable par le biais de campagnes ou de l'enseignement scolaire suscitent \u00e9galement un int\u00e9r\u00eat significatif. Les r\u00e9glementations suppl\u00e9mentaires telles que des standards et des normes plus strictes (29%) pour les entreprises et les consommateurs ainsi que la taxation des produits moins durables (27%) sont moins bien accueillies.<\/p>\n<p>Marcel Meyer souligne : \"En Suisse, les gens pr\u00e9f\u00e8rent les incitations \u00e0 la mise sous tutelle. Ils veulent r\u00e9compenser le comportement durable par des incitations positives et donner ainsi des signaux clairs. L'\u00c9tat a la possibilit\u00e9 - notamment par l'\u00e9ducation - de promouvoir de mani\u00e8re cibl\u00e9e la compr\u00e9hension de l'importance d'un comportement durable\".<\/p>\n<h3><strong>Les consommateurs : Loin de la durabilit\u00e9 <\/strong><\/h3>\n<p>Les consommateurs suisses sont parfaitement conscients du r\u00f4le d\u00e9cisif qu'ils jouent dans la promotion de la durabilit\u00e9. Cependant, beaucoup d'entre eux h\u00e9sitent \u00e0 agir eux-m\u00eames, surtout en l'absence d'initiatives claires de la part des entreprises ou d'incitations gouvernementales. Environ trois quarts (74%) pr\u00e9voient de modifier leur comportement au cours des douze prochains mois - en particulier les personnes de moins de 35 ans (89%) et les citadins (83%). Dans le domaine de l'alimentation, 57% souhaitent devenir plus durables, par exemple en r\u00e9duisant leur consommation de viande ou en achetant des produits locaux. Une bonne moiti\u00e9 des personnes interrog\u00e9es (51%) pr\u00e9voit d'adopter un comportement plus durable en mati\u00e8re de consommation en r\u00e9duisant leur consommation de biens et de services. En ce qui concerne le logement, que pr\u00e8s de la moiti\u00e9 a encore indiqu\u00e9 (48%), des mesures d'\u00e9conomie d'\u00e9nergie et d'eau pourraient \u00eatre prises.<\/p>\n<figure id=\"attachment_26096\" aria-describedby=\"caption-attachment-26096\" style=\"width: 680px\" class=\"wp-caption alignnone\"><img loading=\"lazy\" decoding=\"async\" class=\"size-full wp-image-26096\" src=\"https:\/\/www.organisator.ch\/wp-content\/uploads\/2024\/03\/Deloitte_Abbildung2_ps.jpg\" alt=\"\" width=\"680\" height=\"366\" srcset=\"https:\/\/www.organisator.ch\/wp-content\/uploads\/2024\/03\/Deloitte_Abbildung2_ps.jpg 680w, https:\/\/www.organisator.ch\/wp-content\/uploads\/2024\/03\/Deloitte_Abbildung2_ps-18x10.jpg 18w, https:\/\/www.organisator.ch\/wp-content\/uploads\/2024\/03\/Deloitte_Abbildung2_ps-375x202.jpg 375w, https:\/\/www.organisator.ch\/wp-content\/uploads\/2024\/03\/Deloitte_Abbildung2_ps-650x350.jpg 650w\" sizes=\"auto, (max-width: 680px) 100vw, 680px\" \/><figcaption id=\"caption-attachment-26096\" class=\"wp-caption-text\">(Image : www.deloitte.com)<\/figcaption><\/figure>\n<p>Image 2<\/p>\n<p>\"Chaque individu donne aujourd'hui la priorit\u00e9 \u00e0 ses propres besoins. Le d\u00e9fi pour nous consiste \u00e0 reconna\u00eetre et \u00e0 prendre en compte les exigences des g\u00e9n\u00e9rations futures. Pour ce faire, il est n\u00e9cessaire de regarder au-del\u00e0 de l'horizon actuel. Dans ce contexte, nous devons consid\u00e9rer la croissance \u00e0 long terme et la r\u00e9g\u00e9n\u00e9ration de nos ressources naturelles comme des \u00e9l\u00e9ments cl\u00e9s du d\u00e9veloppement durable\", explique Liza Engel.<\/p>\n<p>Source : <a href=\"http:\/\/www.deloitte.com\">www.deloitte.com<\/a><\/p>","protected":false},"excerpt":{"rendered":"<p>Deux tiers des habitants de la Suisse estiment que les entreprises ont un r\u00f4le \u00e0 jouer pour rendre le pays plus durable. Par ailleurs, l'Etat et les consommateurs devraient \u00e9galement faire valoir leur influence. Selon le nouveau sondage 'Pulse of Switzerland' de Deloitte, plus de la moiti\u00e9 des personnes interrog\u00e9es sont favorables \u00e0 des subventions de l'\u00c9tat pour des actions durables.<\/p>","protected":false},"author":58,"featured_media":26098,"comment_status":"closed","ping_status":"closed","sticky":false,"template":"","format":"standard","meta":{"_acf_changed":false,"_yoast_wpseo_focuskw":"Nachhaltigkeit","_yoast_wpseo_metadesc":"Zwei Drittel der Menschen in der Schweiz sehen in erster Linie die Unternehmen in der Pflicht, um das Land nachhaltiger zu gestalten.","articlekey":"","footnotes":""},"categories":[580],"tags":[1557,1787,459,492],"class_list":["post-26094","post","type-post","status-publish","format-standard","has-post-thumbnail","hentry","category-sustainability","tag-konsumenten","tag-nachhaltigkeit","tag-studie","tag-unternehmen"],"acf":[],"yoast_head":"<!-- This site is optimized with the Yoast SEO plugin v27.5 - https:\/\/yoast.com\/product\/yoast-seo-wordpress\/ -->\n<title>Schweizer Bev\u00f6lkerung fordert mehr Nachhaltigkeit von Unternehmen, Staat und Konsumenten - Organisator<\/title>\n<meta name=\"description\" content=\"Zwei Drittel der Menschen in der Schweiz sehen in erster Linie die Unternehmen in der Pflicht, um das Land nachhaltiger zu gestalten.\" \/>\n<meta name=\"robots\" content=\"index, follow, max-snippet:-1, max-image-preview:large, max-video-preview:-1\" \/>\n<link rel=\"canonical\" href=\"https:\/\/www.organisator.ch\/fr\/sustainability\/2024-03-25\/schweizer-bevoelkerung-fordert-mehr-nachhaltigkeit-von-unternehmen-staat-und-konsumenten\/\" \/>\n<meta property=\"og:locale\" content=\"fr_FR\" \/>\n<meta property=\"og:type\" content=\"article\" \/>\n<meta property=\"og:title\" content=\"Schweizer Bev\u00f6lkerung fordert mehr Nachhaltigkeit von Unternehmen, Staat und Konsumenten\" \/>\n<meta property=\"og:description\" content=\"Zwei Drittel der Menschen in der Schweiz sehen in erster Linie die Unternehmen in der Pflicht, um das Land nachhaltiger zu gestalten.\" \/>\n<meta property=\"og:url\" content=\"https:\/\/www.organisator.ch\/fr\/sustainability\/2024-03-25\/schweizer-bevoelkerung-fordert-mehr-nachhaltigkeit-von-unternehmen-staat-und-konsumenten\/\" \/>\n<meta property=\"og:site_name\" content=\"Organisator\" \/>\n<meta property=\"article:publisher\" content=\"https:\/\/www.facebook.com\/OrganisatorFachmagazin\" \/>\n<meta property=\"article:published_time\" content=\"2024-03-25T10:43:20+00:00\" \/>\n<meta property=\"og:image\" content=\"https:\/\/www.organisator.ch\/wp-content\/uploads\/2024\/03\/Deloitte_Bild1_ps.jpg\" \/>\n\t<meta property=\"og:image:width\" content=\"680\" \/>\n\t<meta property=\"og:image:height\" content=\"454\" \/>\n\t<meta property=\"og:image:type\" content=\"image\/jpeg\" \/>\n<meta name=\"author\" content=\"Adelisa Kalajdzini\" \/>\n<meta name=\"twitter:card\" content=\"summary_large_image\" \/>\n<meta name=\"twitter:title\" content=\"Schweizer Bev\u00f6lkerung fordert mehr Nachhaltigkeit von Unternehmen, Staat und Konsumenten\" \/>\n<meta name=\"twitter:description\" content=\"Zwei Drittel der #Menschen in der #Schweiz sehen in erster Linie die #Unternehmen in der #Pflicht, um das Land #nachhaltiger zu gestalten.\" \/>\n<meta name=\"twitter:image\" content=\"https:\/\/www.organisator.ch\/wp-content\/uploads\/2024\/03\/Deloitte_Bild1_ps.jpg\" \/>\n<script type=\"application\/ld+json\" class=\"yoast-schema-graph\">{\"@context\":\"https:\\\/\\\/schema.org\",\"@graph\":[{\"@type\":\"Article\",\"@id\":\"https:\\\/\\\/www.organisator.ch\\\/sustainability\\\/2024-03-25\\\/schweizer-bevoelkerung-fordert-mehr-nachhaltigkeit-von-unternehmen-staat-und-konsumenten\\\/#article\",\"isPartOf\":{\"@id\":\"https:\\\/\\\/www.organisator.ch\\\/sustainability\\\/2024-03-25\\\/schweizer-bevoelkerung-fordert-mehr-nachhaltigkeit-von-unternehmen-staat-und-konsumenten\\\/\"},\"author\":{\"name\":\"Adelisa Kalajdzini\",\"@id\":\"https:\\\/\\\/www.organisator.ch\\\/#\\\/schema\\\/person\\\/2e1314a2172123f874db408d8911d3f3\"},\"headline\":\"Schweizer Bev\u00f6lkerung fordert mehr Nachhaltigkeit von Unternehmen, Staat und Konsumenten\",\"datePublished\":\"2024-03-25T10:43:20+00:00\",\"mainEntityOfPage\":{\"@id\":\"https:\\\/\\\/www.organisator.ch\\\/sustainability\\\/2024-03-25\\\/schweizer-bevoelkerung-fordert-mehr-nachhaltigkeit-von-unternehmen-staat-und-konsumenten\\\/\"},\"wordCount\":826,\"publisher\":{\"@id\":\"https:\\\/\\\/www.organisator.ch\\\/#organization\"},\"image\":{\"@id\":\"https:\\\/\\\/www.organisator.ch\\\/sustainability\\\/2024-03-25\\\/schweizer-bevoelkerung-fordert-mehr-nachhaltigkeit-von-unternehmen-staat-und-konsumenten\\\/#primaryimage\"},\"thumbnailUrl\":\"https:\\\/\\\/www.organisator.ch\\\/wp-content\\\/uploads\\\/2024\\\/03\\\/Deloitte_Bild1_ps.jpg\",\"keywords\":[\"Konsumenten\",\"Nachhaltigkeit\",\"Studie\",\"Unternehmen\"],\"articleSection\":[\"SUSTAINABILITY\"],\"inLanguage\":\"fr-FR\"},{\"@type\":\"WebPage\",\"@id\":\"https:\\\/\\\/www.organisator.ch\\\/sustainability\\\/2024-03-25\\\/schweizer-bevoelkerung-fordert-mehr-nachhaltigkeit-von-unternehmen-staat-und-konsumenten\\\/\",\"url\":\"https:\\\/\\\/www.organisator.ch\\\/sustainability\\\/2024-03-25\\\/schweizer-bevoelkerung-fordert-mehr-nachhaltigkeit-von-unternehmen-staat-und-konsumenten\\\/\",\"name\":\"Schweizer Bev\u00f6lkerung fordert mehr Nachhaltigkeit von Unternehmen, Staat und Konsumenten - Organisator\",\"isPartOf\":{\"@id\":\"https:\\\/\\\/www.organisator.ch\\\/#website\"},\"primaryImageOfPage\":{\"@id\":\"https:\\\/\\\/www.organisator.ch\\\/sustainability\\\/2024-03-25\\\/schweizer-bevoelkerung-fordert-mehr-nachhaltigkeit-von-unternehmen-staat-und-konsumenten\\\/#primaryimage\"},\"image\":{\"@id\":\"https:\\\/\\\/www.organisator.ch\\\/sustainability\\\/2024-03-25\\\/schweizer-bevoelkerung-fordert-mehr-nachhaltigkeit-von-unternehmen-staat-und-konsumenten\\\/#primaryimage\"},\"thumbnailUrl\":\"https:\\\/\\\/www.organisator.ch\\\/wp-content\\\/uploads\\\/2024\\\/03\\\/Deloitte_Bild1_ps.jpg\",\"datePublished\":\"2024-03-25T10:43:20+00:00\",\"description\":\"Zwei Drittel der Menschen in der Schweiz sehen in erster Linie die Unternehmen in der Pflicht, um das Land nachhaltiger zu gestalten.\",\"breadcrumb\":{\"@id\":\"https:\\\/\\\/www.organisator.ch\\\/sustainability\\\/2024-03-25\\\/schweizer-bevoelkerung-fordert-mehr-nachhaltigkeit-von-unternehmen-staat-und-konsumenten\\\/#breadcrumb\"},\"inLanguage\":\"fr-FR\",\"potentialAction\":[{\"@type\":\"ReadAction\",\"target\":[\"https:\\\/\\\/www.organisator.ch\\\/sustainability\\\/2024-03-25\\\/schweizer-bevoelkerung-fordert-mehr-nachhaltigkeit-von-unternehmen-staat-und-konsumenten\\\/\"]}]},{\"@type\":\"ImageObject\",\"inLanguage\":\"fr-FR\",\"@id\":\"https:\\\/\\\/www.organisator.ch\\\/sustainability\\\/2024-03-25\\\/schweizer-bevoelkerung-fordert-mehr-nachhaltigkeit-von-unternehmen-staat-und-konsumenten\\\/#primaryimage\",\"url\":\"https:\\\/\\\/www.organisator.ch\\\/wp-content\\\/uploads\\\/2024\\\/03\\\/Deloitte_Bild1_ps.jpg\",\"contentUrl\":\"https:\\\/\\\/www.organisator.ch\\\/wp-content\\\/uploads\\\/2024\\\/03\\\/Deloitte_Bild1_ps.jpg\",\"width\":680,\"height\":454,\"caption\":\"'Pulse of Switzerland': Drei Viertel der Befragten wollen auch selbst etwas beitragen, um das Land nachhaltiger zu gestalten. (Bild: www.depositphotos.com)\"},{\"@type\":\"BreadcrumbList\",\"@id\":\"https:\\\/\\\/www.organisator.ch\\\/sustainability\\\/2024-03-25\\\/schweizer-bevoelkerung-fordert-mehr-nachhaltigkeit-von-unternehmen-staat-und-konsumenten\\\/#breadcrumb\",\"itemListElement\":[{\"@type\":\"ListItem\",\"position\":1,\"name\":\"Home\",\"item\":\"https:\\\/\\\/www.organisator.ch\\\/\"},{\"@type\":\"ListItem\",\"position\":2,\"name\":\"Schweizer Bev\u00f6lkerung fordert mehr Nachhaltigkeit von Unternehmen, Staat und Konsumenten\"}]},{\"@type\":\"WebSite\",\"@id\":\"https:\\\/\\\/www.organisator.ch\\\/#website\",\"url\":\"https:\\\/\\\/www.organisator.ch\\\/\",\"name\":\"Organisator\",\"description\":\"Kompetent. Praxisnah. Der ORGANISATOR bereitet in 10 Ausgaben pro Jahr die wesentlichen Themen f\u00fcr F\u00fchrungskr\u00e4fte von KMU auf.\",\"publisher\":{\"@id\":\"https:\\\/\\\/www.organisator.ch\\\/#organization\"},\"potentialAction\":[{\"@type\":\"SearchAction\",\"target\":{\"@type\":\"EntryPoint\",\"urlTemplate\":\"https:\\\/\\\/www.organisator.ch\\\/?s={search_term_string}\"},\"query-input\":{\"@type\":\"PropertyValueSpecification\",\"valueRequired\":true,\"valueName\":\"search_term_string\"}}],\"inLanguage\":\"fr-FR\"},{\"@type\":\"Organization\",\"@id\":\"https:\\\/\\\/www.organisator.ch\\\/#organization\",\"name\":\"Organisator\",\"url\":\"https:\\\/\\\/www.organisator.ch\\\/\",\"logo\":{\"@type\":\"ImageObject\",\"inLanguage\":\"fr-FR\",\"@id\":\"https:\\\/\\\/www.organisator.ch\\\/#\\\/schema\\\/logo\\\/image\\\/\",\"url\":\"https:\\\/\\\/www.organisator.ch\\\/wp-content\\\/uploads\\\/2022\\\/01\\\/Logo_Organisator_Website.png\",\"contentUrl\":\"https:\\\/\\\/www.organisator.ch\\\/wp-content\\\/uploads\\\/2022\\\/01\\\/Logo_Organisator_Website.png\",\"width\":800,\"height\":77,\"caption\":\"Organisator\"},\"image\":{\"@id\":\"https:\\\/\\\/www.organisator.ch\\\/#\\\/schema\\\/logo\\\/image\\\/\"},\"sameAs\":[\"https:\\\/\\\/www.facebook.com\\\/OrganisatorFachmagazin\",\"https:\\\/\\\/www.linkedin.com\\\/showcase\\\/organisator-das-magazin-fr-kmu\",\"https:\\\/\\\/www.xing.com\\\/news\\\/pages\\\/organisator-ch-695\",\"https:\\\/\\\/www.youtube.com\\\/channel\\\/UCGP2Sq0iWaZwT3BdIAQFYpw\"]},{\"@type\":\"Person\",\"@id\":\"https:\\\/\\\/www.organisator.ch\\\/#\\\/schema\\\/person\\\/2e1314a2172123f874db408d8911d3f3\",\"name\":\"Adelisa Kalajdzini\",\"image\":{\"@type\":\"ImageObject\",\"inLanguage\":\"fr-FR\",\"@id\":\"https:\\\/\\\/secure.gravatar.com\\\/avatar\\\/09a397c22ac58cad6f160ee8306348599df9df58a8ede73696226897b9fa4b24?s=96&d=mm&r=g\",\"url\":\"https:\\\/\\\/secure.gravatar.com\\\/avatar\\\/09a397c22ac58cad6f160ee8306348599df9df58a8ede73696226897b9fa4b24?s=96&d=mm&r=g\",\"contentUrl\":\"https:\\\/\\\/secure.gravatar.com\\\/avatar\\\/09a397c22ac58cad6f160ee8306348599df9df58a8ede73696226897b9fa4b24?s=96&d=mm&r=g\",\"caption\":\"Adelisa Kalajdzini\"},\"url\":\"https:\\\/\\\/www.organisator.ch\\\/fr\\\/author\\\/adelisa-kalajdzini\\\/\"}]}<\/script>\n<!-- \/ Yoast SEO plugin. -->","yoast_head_json":{"title":"La population suisse exige plus de durabilit\u00e9 de la part des entreprises, de l'\u00c9tat et des consommateurs - Organisateur","description":"Deux tiers des personnes en Suisse consid\u00e8rent qu'il incombe en premier lieu aux entreprises de rendre le pays plus durable.","robots":{"index":"index","follow":"follow","max-snippet":"max-snippet:-1","max-image-preview":"max-image-preview:large","max-video-preview":"max-video-preview:-1"},"canonical":"https:\/\/www.organisator.ch\/fr\/sustainability\/2024-03-25\/schweizer-bevoelkerung-fordert-mehr-nachhaltigkeit-von-unternehmen-staat-und-konsumenten\/","og_locale":"fr_FR","og_type":"article","og_title":"Schweizer Bev\u00f6lkerung fordert mehr Nachhaltigkeit von Unternehmen, Staat und Konsumenten","og_description":"Zwei Drittel der Menschen in der Schweiz sehen in erster Linie die Unternehmen in der Pflicht, um das Land nachhaltiger zu gestalten.","og_url":"https:\/\/www.organisator.ch\/fr\/sustainability\/2024-03-25\/schweizer-bevoelkerung-fordert-mehr-nachhaltigkeit-von-unternehmen-staat-und-konsumenten\/","og_site_name":"Organisator","article_publisher":"https:\/\/www.facebook.com\/OrganisatorFachmagazin","article_published_time":"2024-03-25T10:43:20+00:00","og_image":[{"width":680,"height":454,"url":"https:\/\/www.organisator.ch\/wp-content\/uploads\/2024\/03\/Deloitte_Bild1_ps.jpg","type":"image\/jpeg"}],"author":"Adelisa Kalajdzini","twitter_card":"summary_large_image","twitter_title":"Schweizer Bev\u00f6lkerung fordert mehr Nachhaltigkeit von Unternehmen, Staat und Konsumenten","twitter_description":"Zwei Drittel der #Menschen in der #Schweiz sehen in erster Linie die #Unternehmen in der #Pflicht, um das Land #nachhaltiger zu gestalten.","twitter_image":"https:\/\/www.organisator.ch\/wp-content\/uploads\/2024\/03\/Deloitte_Bild1_ps.jpg","schema":{"@context":"https:\/\/schema.org","@graph":[{"@type":"Article","@id":"https:\/\/www.organisator.ch\/sustainability\/2024-03-25\/schweizer-bevoelkerung-fordert-mehr-nachhaltigkeit-von-unternehmen-staat-und-konsumenten\/#article","isPartOf":{"@id":"https:\/\/www.organisator.ch\/sustainability\/2024-03-25\/schweizer-bevoelkerung-fordert-mehr-nachhaltigkeit-von-unternehmen-staat-und-konsumenten\/"},"author":{"name":"Adelisa Kalajdzini","@id":"https:\/\/www.organisator.ch\/#\/schema\/person\/2e1314a2172123f874db408d8911d3f3"},"headline":"Schweizer Bev\u00f6lkerung fordert mehr Nachhaltigkeit von Unternehmen, Staat und Konsumenten","datePublished":"2024-03-25T10:43:20+00:00","mainEntityOfPage":{"@id":"https:\/\/www.organisator.ch\/sustainability\/2024-03-25\/schweizer-bevoelkerung-fordert-mehr-nachhaltigkeit-von-unternehmen-staat-und-konsumenten\/"},"wordCount":826,"publisher":{"@id":"https:\/\/www.organisator.ch\/#organization"},"image":{"@id":"https:\/\/www.organisator.ch\/sustainability\/2024-03-25\/schweizer-bevoelkerung-fordert-mehr-nachhaltigkeit-von-unternehmen-staat-und-konsumenten\/#primaryimage"},"thumbnailUrl":"https:\/\/www.organisator.ch\/wp-content\/uploads\/2024\/03\/Deloitte_Bild1_ps.jpg","keywords":["Konsumenten","Nachhaltigkeit","Studie","Unternehmen"],"articleSection":["SUSTAINABILITY"],"inLanguage":"fr-FR"},{"@type":"WebPage","@id":"https:\/\/www.organisator.ch\/sustainability\/2024-03-25\/schweizer-bevoelkerung-fordert-mehr-nachhaltigkeit-von-unternehmen-staat-und-konsumenten\/","url":"https:\/\/www.organisator.ch\/sustainability\/2024-03-25\/schweizer-bevoelkerung-fordert-mehr-nachhaltigkeit-von-unternehmen-staat-und-konsumenten\/","name":"La population suisse exige plus de durabilit\u00e9 de la part des entreprises, de l'\u00c9tat et des consommateurs - Organisateur","isPartOf":{"@id":"https:\/\/www.organisator.ch\/#website"},"primaryImageOfPage":{"@id":"https:\/\/www.organisator.ch\/sustainability\/2024-03-25\/schweizer-bevoelkerung-fordert-mehr-nachhaltigkeit-von-unternehmen-staat-und-konsumenten\/#primaryimage"},"image":{"@id":"https:\/\/www.organisator.ch\/sustainability\/2024-03-25\/schweizer-bevoelkerung-fordert-mehr-nachhaltigkeit-von-unternehmen-staat-und-konsumenten\/#primaryimage"},"thumbnailUrl":"https:\/\/www.organisator.ch\/wp-content\/uploads\/2024\/03\/Deloitte_Bild1_ps.jpg","datePublished":"2024-03-25T10:43:20+00:00","description":"Deux tiers des personnes en Suisse consid\u00e8rent qu'il incombe en premier lieu aux entreprises de rendre le pays plus durable.","breadcrumb":{"@id":"https:\/\/www.organisator.ch\/sustainability\/2024-03-25\/schweizer-bevoelkerung-fordert-mehr-nachhaltigkeit-von-unternehmen-staat-und-konsumenten\/#breadcrumb"},"inLanguage":"fr-FR","potentialAction":[{"@type":"ReadAction","target":["https:\/\/www.organisator.ch\/sustainability\/2024-03-25\/schweizer-bevoelkerung-fordert-mehr-nachhaltigkeit-von-unternehmen-staat-und-konsumenten\/"]}]},{"@type":"ImageObject","inLanguage":"fr-FR","@id":"https:\/\/www.organisator.ch\/sustainability\/2024-03-25\/schweizer-bevoelkerung-fordert-mehr-nachhaltigkeit-von-unternehmen-staat-und-konsumenten\/#primaryimage","url":"https:\/\/www.organisator.ch\/wp-content\/uploads\/2024\/03\/Deloitte_Bild1_ps.jpg","contentUrl":"https:\/\/www.organisator.ch\/wp-content\/uploads\/2024\/03\/Deloitte_Bild1_ps.jpg","width":680,"height":454,"caption":"'Pulse of Switzerland': Drei Viertel der Befragten wollen auch selbst etwas beitragen, um das Land nachhaltiger zu gestalten. (Bild: www.depositphotos.com)"},{"@type":"BreadcrumbList","@id":"https:\/\/www.organisator.ch\/sustainability\/2024-03-25\/schweizer-bevoelkerung-fordert-mehr-nachhaltigkeit-von-unternehmen-staat-und-konsumenten\/#breadcrumb","itemListElement":[{"@type":"ListItem","position":1,"name":"Home","item":"https:\/\/www.organisator.ch\/"},{"@type":"ListItem","position":2,"name":"Schweizer Bev\u00f6lkerung fordert mehr Nachhaltigkeit von Unternehmen, Staat und Konsumenten"}]},{"@type":"WebSite","@id":"https:\/\/www.organisator.ch\/#website","url":"https:\/\/www.organisator.ch\/","name":"Organisateur","description":"Comp\u00e9tence et comp\u00e9tence. Proches de la pratique. L'ORGANISATEUR pr\u00e9pare 10 num\u00e9ros par an sur les th\u00e8mes essentiels pour les dirigeants de PME.","publisher":{"@id":"https:\/\/www.organisator.ch\/#organization"},"potentialAction":[{"@type":"SearchAction","target":{"@type":"EntryPoint","urlTemplate":"https:\/\/www.organisator.ch\/?s={search_term_string}"},"query-input":{"@type":"PropertyValueSpecification","valueRequired":true,"valueName":"search_term_string"}}],"inLanguage":"fr-FR"},{"@type":"Organization","@id":"https:\/\/www.organisator.ch\/#organization","name":"Organisateur","url":"https:\/\/www.organisator.ch\/","logo":{"@type":"ImageObject","inLanguage":"fr-FR","@id":"https:\/\/www.organisator.ch\/#\/schema\/logo\/image\/","url":"https:\/\/www.organisator.ch\/wp-content\/uploads\/2022\/01\/Logo_Organisator_Website.png","contentUrl":"https:\/\/www.organisator.ch\/wp-content\/uploads\/2022\/01\/Logo_Organisator_Website.png","width":800,"height":77,"caption":"Organisator"},"image":{"@id":"https:\/\/www.organisator.ch\/#\/schema\/logo\/image\/"},"sameAs":["https:\/\/www.facebook.com\/OrganisatorFachmagazin","https:\/\/www.linkedin.com\/showcase\/organisator-das-magazin-fr-kmu","https:\/\/www.xing.com\/news\/pages\/organisator-ch-695","https:\/\/www.youtube.com\/channel\/UCGP2Sq0iWaZwT3BdIAQFYpw"]},{"@type":"Person","@id":"https:\/\/www.organisator.ch\/#\/schema\/person\/2e1314a2172123f874db408d8911d3f3","name":"Adelisa Kalajdzini","image":{"@type":"ImageObject","inLanguage":"fr-FR","@id":"https:\/\/secure.gravatar.com\/avatar\/09a397c22ac58cad6f160ee8306348599df9df58a8ede73696226897b9fa4b24?s=96&d=mm&r=g","url":"https:\/\/secure.gravatar.com\/avatar\/09a397c22ac58cad6f160ee8306348599df9df58a8ede73696226897b9fa4b24?s=96&d=mm&r=g","contentUrl":"https:\/\/secure.gravatar.com\/avatar\/09a397c22ac58cad6f160ee8306348599df9df58a8ede73696226897b9fa4b24?s=96&d=mm&r=g","caption":"Adelisa Kalajdzini"},"url":"https:\/\/www.organisator.ch\/fr\/author\/adelisa-kalajdzini\/"}]}},"_links":{"self":[{"href":"https:\/\/www.organisator.ch\/fr\/wp-json\/wp\/v2\/posts\/26094","targetHints":{"allow":["GET"]}}],"collection":[{"href":"https:\/\/www.organisator.ch\/fr\/wp-json\/wp\/v2\/posts"}],"about":[{"href":"https:\/\/www.organisator.ch\/fr\/wp-json\/wp\/v2\/types\/post"}],"author":[{"embeddable":true,"href":"https:\/\/www.organisator.ch\/fr\/wp-json\/wp\/v2\/users\/58"}],"replies":[{"embeddable":true,"href":"https:\/\/www.organisator.ch\/fr\/wp-json\/wp\/v2\/comments?post=26094"}],"version-history":[{"count":6,"href":"https:\/\/www.organisator.ch\/fr\/wp-json\/wp\/v2\/posts\/26094\/revisions"}],"predecessor-version":[{"id":26138,"href":"https:\/\/www.organisator.ch\/fr\/wp-json\/wp\/v2\/posts\/26094\/revisions\/26138"}],"wp:featuredmedia":[{"embeddable":true,"href":"https:\/\/www.organisator.ch\/fr\/wp-json\/wp\/v2\/media\/26098"}],"wp:attachment":[{"href":"https:\/\/www.organisator.ch\/fr\/wp-json\/wp\/v2\/media?parent=26094"}],"wp:term":[{"taxonomy":"category","embeddable":true,"href":"https:\/\/www.organisator.ch\/fr\/wp-json\/wp\/v2\/categories?post=26094"},{"taxonomy":"post_tag","embeddable":true,"href":"https:\/\/www.organisator.ch\/fr\/wp-json\/wp\/v2\/tags?post=26094"}],"curies":[{"name":"wp","href":"https:\/\/api.w.org\/{rel}","templated":true}]}}