{"id":26114,"date":"2024-03-26T07:18:40","date_gmt":"2024-03-26T06:18:40","guid":{"rendered":"https:\/\/www.m-q.ch\/?p=19480"},"modified":"2024-11-11T08:47:21","modified_gmt":"2024-11-11T07:47:21","slug":"grosse-nachfrage-nach-controllern-aber-verwirrung-ueber-den-arbeitsinhalt","status":"publish","type":"post","link":"https:\/\/www.organisator.ch\/fr\/operational-excellence\/2024-03-26\/grosse-nachfrage-nach-controllern-aber-verwirrung-ueber-den-arbeitsinhalt\/","title":{"rendered":"Forte demande de contr\u00f4leurs, mais confusion sur le contenu du travail"},"content":{"rendered":"<figure id=\"attachment_19483\" class=\"wp-caption alignnone\" style=\"width: 680px\" aria-describedby=\"caption-attachment-19483\"><img class=\"alignnone wp-image-19483 size-full\" src=\"https:\/\/www.m-q.ch\/wp-content\/uploads\/2024\/03\/Rober-Walters_Bild1_ps.jpg\" alt=\"Contr\u00f4leur Recrutement\" width=\"680\" height=\"454\" \/>\r\n<figcaption id=\"caption-attachment-19483\" class=\"wp-caption-text\">Le besoin croissant de contr\u00f4leurs de gestion r\u00e9sulte de l'exigence g\u00e9n\u00e9rale d'un meilleur contr\u00f4le des finances et de la gestion des co\u00fbts. (Image : www.depositphotos.com)<\/figcaption>\r\n<\/figure>\r\n<p>En p\u00e9riode d'incertitude, de nombreuses organisations ont pris conscience de la n\u00e9cessit\u00e9 de mieux comprendre leur situation financi\u00e8re et les risques auxquels elles sont expos\u00e9es. Cela a conduit \u00e0 une plus grande concentration sur l'am\u00e9lioration des informations de contr\u00f4le et l'optimisation des processus. Charlotte Jacobs, Senior Manager chez le recruteur suisse Robert Walters et sp\u00e9cialiste du recrutement de contr\u00f4leurs, souligne que cette tendance s'est acc\u00e9l\u00e9r\u00e9e ces deux derni\u00e8res ann\u00e9es. Une bonne couverture des risques s'est av\u00e9r\u00e9e essentielle pour permettre aux entreprises de devenir plus agiles.\u00a0\u00a0\u00a0<\/p>\r\n<h3><strong>Les d\u00e9fis du recrutement et de la fid\u00e9lisation des contr\u00f4leurs de gestion\u00a0\u00a0\u00a0<\/strong><\/h3>\r\n<p>Le besoin croissant de contr\u00f4leurs de gestion r\u00e9sulte de la demande g\u00e9n\u00e9rale d'un meilleur contr\u00f4le des finances et de la gestion des co\u00fbts. Charlotte : \"Les entreprises recherchent avant tout des contr\u00f4leurs qui ne se contentent pas d'analyser les chiffres, mais qui sont \u00e9galement capables de les interpr\u00e9ter et de formuler des conseils cibl\u00e9s pour la direction. C'est indispensable pour faire face aux risques futurs\".\u00a0\u00a0\u00a0<\/p>\r\n<h3><strong>Fausses attentes\u00a0\u00a0<\/strong><\/h3>\r\n<p>Les entreprises sont confront\u00e9es au d\u00e9fi de recruter et de conserver les bons contr\u00f4leurs de gestion. \"Cela n'est pas seulement d\u00fb \u00e0 la p\u00e9nurie g\u00e9n\u00e9rale sur le march\u00e9 du travail, mais aussi aux attentes peu claires concernant le r\u00f4le du contr\u00f4leur dans l'entreprise\", explique Charlotte. \"Nous constatons souvent que les entreprises n'ont pas encore le contr\u00f4le total et qu'elles ont donc besoin d'un contr\u00f4leur exp\u00e9riment\u00e9 pour y parvenir. Cela peut entra\u00eener une certaine confusion quant aux t\u00e2ches et aux responsabilit\u00e9s du poste.\u00a0\u00a0<\/p>\r\n<h3><strong>Malentendus\u00a0\u00a0<\/strong><\/h3>\r\n<p>Les attentes des contr\u00f4leurs de gestion ne sont pas non plus toujours claires. \"Les contr\u00f4leurs financiers ne s'occupent plus seulement des chiffres. Aujourd'hui, on attend \u00e9galement d'eux qu'ils jouent un r\u00f4le de conseil aupr\u00e8s de l'organisation\", explique Charlotte. \"Or, cette extension de l'\u00e9ventail des t\u00e2ches est loin d'\u00eatre connue de tous, ce qui peut entra\u00eener un manque de clart\u00e9 entre l'entreprise et le candidat sur le contenu exact du poste. Cette mauvaise communication peut amener l'entreprise \u00e0 investir beaucoup de temps et d'argent dans des contr\u00f4leurs qui partent au bout de quelques mois parce que le contenu du poste n'\u00e9volue pas comme pr\u00e9vu\".\u00a0\u00a0\u00a0<\/p>\r\n<h3><strong>Recruter et fid\u00e9liser les contr\u00f4leurs de gestion\u00a0\u00a0<\/strong><\/h3>\r\n<p>Les contr\u00f4leurs de gestion sont tr\u00e8s recherch\u00e9s, et ils le savent. \"Ils sont critiques et peuvent avoir des exigences \u00e9lev\u00e9es en termes de salaire et de conditions de travail\", explique Charlotte. \"J'essaie de parler autant que possible avec les recruteurs de ce qu'ils attendent d'un contr\u00f4leur, car cela facilite la recherche du bon candidat. Le probl\u00e8me, c'est que le terme 'contr\u00f4leur' peut \u00eatre interpr\u00e9t\u00e9 de multiples fa\u00e7ons et peut donc \u00eatre rempli diff\u00e9remment par les candidats\".\u00a0\u00a0\u00a0<\/p>\r\n<p>Charlotte conseille aux entreprises de bien pr\u00e9ciser sur le papier ce que le contr\u00f4leur pr\u00e9vu fera. \"Organisez des entretiens internes avec des collaborateurs occupant des postes similaires et faites des recherches approfondies sur les attentes. Les chances de concordance sont alors d\u00e9cupl\u00e9es, tout comme les chances que le nouveau collaborateur reste chez vous\".\u00a0\u00a0<\/p>\r\n<p><em>Source : <a href=\"http:\/\/www.robertwalters.ch\/\">www.robertwalters.ch<\/a><\/em><\/p>\n<p class=\"syndicated-attribution\">Cet article est paru initialement sur m-q.ch - <a href=\"https:\/\/www.m-q.ch\/de\/grosse-nachfrage-nach-controllern-aber-verwirrung-ueber-den-arbeitsinhalt\/\" target=\"_blank\">https:\/\/www.m-q.ch\/de\/grosse-nachfrage-nach-controllern-aber-verwirrung-ueber-den-arbeitsinhalt\/<\/a><\/p>","protected":false},"excerpt":{"rendered":"<p>La demande de contr\u00f4leurs de gestion a augment\u00e9, en partie \u00e0 cause des incertitudes financi\u00e8res des entreprises. Cependant, il ne semble pas facile pour les entreprises de trouver et de garder des contr\u00f4leurs, car il y a souvent un manque de clart\u00e9 sur les t\u00e2ches sp\u00e9cifiques du poste.<\/p>","protected":false},"author":58,"featured_media":0,"comment_status":"closed","ping_status":"closed","sticky":false,"template":"","format":"standard","meta":{"_acf_changed":false,"_yoast_wpseo_focuskw":"Controller Rekrutierung","_yoast_wpseo_metadesc":"Hohe Nachfrage nach Controllern: Finanzkontrolle und Kostenmanagement im Fokus. Tipps zur erfolgreichen Rekrutierung und Bindung.","articlekey":"","footnotes":""},"categories":[582],"tags":[586,4163,4069,424,492],"class_list":["post-26114","post","type-post","status-publish","format-standard","hentry","category-operational-excellence","tag-allgemein","tag-controller","tag-mitarbeiter","tag-schweiz","tag-unternehmen"],"acf":[],"yoast_head":"<!-- This site is optimized with the Yoast SEO plugin v27.5 - https:\/\/yoast.com\/product\/yoast-seo-wordpress\/ -->\n<title>Grosse Nachfrage nach Controllern, aber Verwirrung \u00fcber den Arbeitsinhalt - Organisator<\/title>\n<meta name=\"description\" content=\"Hohe Nachfrage nach Controllern: Finanzkontrolle und Kostenmanagement im Fokus. Tipps zur erfolgreichen Rekrutierung und Bindung.\" \/>\n<meta name=\"robots\" content=\"index, follow, max-snippet:-1, max-image-preview:large, max-video-preview:-1\" \/>\n<link rel=\"canonical\" href=\"https:\/\/www.organisator.ch\/fr\/excellence-operationnelle\/2024-03-26\/grosse-nachfrage-nach-controllern-aber-verwirrung-ueber-den-arbeitsinhalt\/\" \/>\n<meta property=\"og:locale\" content=\"fr_FR\" \/>\n<meta property=\"og:type\" content=\"article\" \/>\n<meta property=\"og:title\" content=\"Grosse Nachfrage nach Controllern, aber Verwirrung \u00fcber den Arbeitsinhalt - Organisator\" \/>\n<meta property=\"og:description\" content=\"Hohe Nachfrage nach Controllern: Finanzkontrolle und Kostenmanagement im Fokus. Tipps zur erfolgreichen Rekrutierung und Bindung.\" \/>\n<meta property=\"og:url\" content=\"https:\/\/www.organisator.ch\/fr\/excellence-operationnelle\/2024-03-26\/grosse-nachfrage-nach-controllern-aber-verwirrung-ueber-den-arbeitsinhalt\/\" \/>\n<meta property=\"og:site_name\" content=\"Organisator\" \/>\n<meta property=\"article:publisher\" content=\"https:\/\/www.facebook.com\/OrganisatorFachmagazin\" \/>\n<meta property=\"article:published_time\" content=\"2024-03-26T06:18:40+00:00\" \/>\n<meta property=\"article:modified_time\" content=\"2024-11-11T07:47:21+00:00\" \/>\n<meta property=\"og:image\" content=\"https:\/\/www.m-q.ch\/wp-content\/uploads\/2024\/03\/Rober-Walters_Bild1_ps.jpg\" \/>\n<meta name=\"author\" content=\"Adelisa Kalajdzini\" \/>\n<meta name=\"twitter:card\" content=\"summary_large_image\" \/>\n<script type=\"application\/ld+json\" class=\"yoast-schema-graph\">{\"@context\":\"https:\\\/\\\/schema.org\",\"@graph\":[{\"@type\":\"Article\",\"@id\":\"https:\\\/\\\/www.organisator.ch\\\/operational-excellence\\\/2024-03-26\\\/grosse-nachfrage-nach-controllern-aber-verwirrung-ueber-den-arbeitsinhalt\\\/#article\",\"isPartOf\":{\"@id\":\"https:\\\/\\\/www.organisator.ch\\\/operational-excellence\\\/2024-03-26\\\/grosse-nachfrage-nach-controllern-aber-verwirrung-ueber-den-arbeitsinhalt\\\/\"},\"author\":{\"name\":\"Adelisa Kalajdzini\",\"@id\":\"https:\\\/\\\/www.organisator.ch\\\/#\\\/schema\\\/person\\\/2e1314a2172123f874db408d8911d3f3\"},\"headline\":\"Grosse Nachfrage nach Controllern, aber Verwirrung \u00fcber den Arbeitsinhalt\",\"datePublished\":\"2024-03-26T06:18:40+00:00\",\"dateModified\":\"2024-11-11T07:47:21+00:00\",\"mainEntityOfPage\":{\"@id\":\"https:\\\/\\\/www.organisator.ch\\\/operational-excellence\\\/2024-03-26\\\/grosse-nachfrage-nach-controllern-aber-verwirrung-ueber-den-arbeitsinhalt\\\/\"},\"wordCount\":511,\"publisher\":{\"@id\":\"https:\\\/\\\/www.organisator.ch\\\/#organization\"},\"image\":{\"@id\":\"https:\\\/\\\/www.organisator.ch\\\/operational-excellence\\\/2024-03-26\\\/grosse-nachfrage-nach-controllern-aber-verwirrung-ueber-den-arbeitsinhalt\\\/#primaryimage\"},\"thumbnailUrl\":\"https:\\\/\\\/www.m-q.ch\\\/wp-content\\\/uploads\\\/2024\\\/03\\\/Rober-Walters_Bild1_ps.jpg\",\"keywords\":[\"Allgemein\",\"Controller\",\"Mitarbeiter\",\"Schweiz\",\"Unternehmen\"],\"articleSection\":[\"OPERATIONAL EXCELLENCE\"],\"inLanguage\":\"fr-FR\"},{\"@type\":\"WebPage\",\"@id\":\"https:\\\/\\\/www.organisator.ch\\\/operational-excellence\\\/2024-03-26\\\/grosse-nachfrage-nach-controllern-aber-verwirrung-ueber-den-arbeitsinhalt\\\/\",\"url\":\"https:\\\/\\\/www.organisator.ch\\\/operational-excellence\\\/2024-03-26\\\/grosse-nachfrage-nach-controllern-aber-verwirrung-ueber-den-arbeitsinhalt\\\/\",\"name\":\"Grosse Nachfrage nach Controllern, aber Verwirrung \u00fcber den Arbeitsinhalt - Organisator\",\"isPartOf\":{\"@id\":\"https:\\\/\\\/www.organisator.ch\\\/#website\"},\"primaryImageOfPage\":{\"@id\":\"https:\\\/\\\/www.organisator.ch\\\/operational-excellence\\\/2024-03-26\\\/grosse-nachfrage-nach-controllern-aber-verwirrung-ueber-den-arbeitsinhalt\\\/#primaryimage\"},\"image\":{\"@id\":\"https:\\\/\\\/www.organisator.ch\\\/operational-excellence\\\/2024-03-26\\\/grosse-nachfrage-nach-controllern-aber-verwirrung-ueber-den-arbeitsinhalt\\\/#primaryimage\"},\"thumbnailUrl\":\"https:\\\/\\\/www.m-q.ch\\\/wp-content\\\/uploads\\\/2024\\\/03\\\/Rober-Walters_Bild1_ps.jpg\",\"datePublished\":\"2024-03-26T06:18:40+00:00\",\"dateModified\":\"2024-11-11T07:47:21+00:00\",\"description\":\"Hohe Nachfrage nach Controllern: Finanzkontrolle und Kostenmanagement im Fokus. Tipps zur erfolgreichen Rekrutierung und Bindung.\",\"breadcrumb\":{\"@id\":\"https:\\\/\\\/www.organisator.ch\\\/operational-excellence\\\/2024-03-26\\\/grosse-nachfrage-nach-controllern-aber-verwirrung-ueber-den-arbeitsinhalt\\\/#breadcrumb\"},\"inLanguage\":\"fr-FR\",\"potentialAction\":[{\"@type\":\"ReadAction\",\"target\":[\"https:\\\/\\\/www.organisator.ch\\\/operational-excellence\\\/2024-03-26\\\/grosse-nachfrage-nach-controllern-aber-verwirrung-ueber-den-arbeitsinhalt\\\/\"]}]},{\"@type\":\"ImageObject\",\"inLanguage\":\"fr-FR\",\"@id\":\"https:\\\/\\\/www.organisator.ch\\\/operational-excellence\\\/2024-03-26\\\/grosse-nachfrage-nach-controllern-aber-verwirrung-ueber-den-arbeitsinhalt\\\/#primaryimage\",\"url\":\"https:\\\/\\\/www.m-q.ch\\\/wp-content\\\/uploads\\\/2024\\\/03\\\/Rober-Walters_Bild1_ps.jpg\",\"contentUrl\":\"https:\\\/\\\/www.m-q.ch\\\/wp-content\\\/uploads\\\/2024\\\/03\\\/Rober-Walters_Bild1_ps.jpg\"},{\"@type\":\"BreadcrumbList\",\"@id\":\"https:\\\/\\\/www.organisator.ch\\\/operational-excellence\\\/2024-03-26\\\/grosse-nachfrage-nach-controllern-aber-verwirrung-ueber-den-arbeitsinhalt\\\/#breadcrumb\",\"itemListElement\":[{\"@type\":\"ListItem\",\"position\":1,\"name\":\"Home\",\"item\":\"https:\\\/\\\/www.organisator.ch\\\/\"},{\"@type\":\"ListItem\",\"position\":2,\"name\":\"Grosse Nachfrage nach Controllern, aber Verwirrung \u00fcber den Arbeitsinhalt\"}]},{\"@type\":\"WebSite\",\"@id\":\"https:\\\/\\\/www.organisator.ch\\\/#website\",\"url\":\"https:\\\/\\\/www.organisator.ch\\\/\",\"name\":\"Organisator\",\"description\":\"Kompetent. Praxisnah. Der ORGANISATOR bereitet in 10 Ausgaben pro Jahr die wesentlichen Themen f\u00fcr F\u00fchrungskr\u00e4fte von KMU auf.\",\"publisher\":{\"@id\":\"https:\\\/\\\/www.organisator.ch\\\/#organization\"},\"potentialAction\":[{\"@type\":\"SearchAction\",\"target\":{\"@type\":\"EntryPoint\",\"urlTemplate\":\"https:\\\/\\\/www.organisator.ch\\\/?s={search_term_string}\"},\"query-input\":{\"@type\":\"PropertyValueSpecification\",\"valueRequired\":true,\"valueName\":\"search_term_string\"}}],\"inLanguage\":\"fr-FR\"},{\"@type\":\"Organization\",\"@id\":\"https:\\\/\\\/www.organisator.ch\\\/#organization\",\"name\":\"Organisator\",\"url\":\"https:\\\/\\\/www.organisator.ch\\\/\",\"logo\":{\"@type\":\"ImageObject\",\"inLanguage\":\"fr-FR\",\"@id\":\"https:\\\/\\\/www.organisator.ch\\\/#\\\/schema\\\/logo\\\/image\\\/\",\"url\":\"https:\\\/\\\/www.organisator.ch\\\/wp-content\\\/uploads\\\/2022\\\/01\\\/Logo_Organisator_Website.png\",\"contentUrl\":\"https:\\\/\\\/www.organisator.ch\\\/wp-content\\\/uploads\\\/2022\\\/01\\\/Logo_Organisator_Website.png\",\"width\":800,\"height\":77,\"caption\":\"Organisator\"},\"image\":{\"@id\":\"https:\\\/\\\/www.organisator.ch\\\/#\\\/schema\\\/logo\\\/image\\\/\"},\"sameAs\":[\"https:\\\/\\\/www.facebook.com\\\/OrganisatorFachmagazin\",\"https:\\\/\\\/www.linkedin.com\\\/showcase\\\/organisator-das-magazin-fr-kmu\",\"https:\\\/\\\/www.xing.com\\\/news\\\/pages\\\/organisator-ch-695\",\"https:\\\/\\\/www.youtube.com\\\/channel\\\/UCGP2Sq0iWaZwT3BdIAQFYpw\"]},{\"@type\":\"Person\",\"@id\":\"https:\\\/\\\/www.organisator.ch\\\/#\\\/schema\\\/person\\\/2e1314a2172123f874db408d8911d3f3\",\"name\":\"Adelisa Kalajdzini\",\"image\":{\"@type\":\"ImageObject\",\"inLanguage\":\"fr-FR\",\"@id\":\"https:\\\/\\\/secure.gravatar.com\\\/avatar\\\/09a397c22ac58cad6f160ee8306348599df9df58a8ede73696226897b9fa4b24?s=96&d=mm&r=g\",\"url\":\"https:\\\/\\\/secure.gravatar.com\\\/avatar\\\/09a397c22ac58cad6f160ee8306348599df9df58a8ede73696226897b9fa4b24?s=96&d=mm&r=g\",\"contentUrl\":\"https:\\\/\\\/secure.gravatar.com\\\/avatar\\\/09a397c22ac58cad6f160ee8306348599df9df58a8ede73696226897b9fa4b24?s=96&d=mm&r=g\",\"caption\":\"Adelisa Kalajdzini\"},\"url\":\"https:\\\/\\\/www.organisator.ch\\\/fr\\\/author\\\/adelisa-kalajdzini\\\/\"}]}<\/script>\n<!-- \/ Yoast SEO plugin. -->","yoast_head_json":{"title":"Forte demande de contr\u00f4leurs, mais confusion sur le contenu du travail - Organisateur","description":"Forte demande de contr\u00f4leurs de gestion : le contr\u00f4le financier et la gestion des co\u00fbts en ligne de mire. Conseils pour r\u00e9ussir le recrutement et la fid\u00e9lisation.","robots":{"index":"index","follow":"follow","max-snippet":"max-snippet:-1","max-image-preview":"max-image-preview:large","max-video-preview":"max-video-preview:-1"},"canonical":"https:\/\/www.organisator.ch\/fr\/excellence-operationnelle\/2024-03-26\/grosse-nachfrage-nach-controllern-aber-verwirrung-ueber-den-arbeitsinhalt\/","og_locale":"fr_FR","og_type":"article","og_title":"Grosse Nachfrage nach Controllern, aber Verwirrung \u00fcber den Arbeitsinhalt - Organisator","og_description":"Hohe Nachfrage nach Controllern: Finanzkontrolle und Kostenmanagement im Fokus. Tipps zur erfolgreichen Rekrutierung und Bindung.","og_url":"https:\/\/www.organisator.ch\/fr\/excellence-operationnelle\/2024-03-26\/grosse-nachfrage-nach-controllern-aber-verwirrung-ueber-den-arbeitsinhalt\/","og_site_name":"Organisator","article_publisher":"https:\/\/www.facebook.com\/OrganisatorFachmagazin","article_published_time":"2024-03-26T06:18:40+00:00","article_modified_time":"2024-11-11T07:47:21+00:00","og_image":[{"url":"https:\/\/www.m-q.ch\/wp-content\/uploads\/2024\/03\/Rober-Walters_Bild1_ps.jpg","type":"","width":"","height":""}],"author":"Adelisa Kalajdzini","twitter_card":"summary_large_image","schema":{"@context":"https:\/\/schema.org","@graph":[{"@type":"Article","@id":"https:\/\/www.organisator.ch\/operational-excellence\/2024-03-26\/grosse-nachfrage-nach-controllern-aber-verwirrung-ueber-den-arbeitsinhalt\/#article","isPartOf":{"@id":"https:\/\/www.organisator.ch\/operational-excellence\/2024-03-26\/grosse-nachfrage-nach-controllern-aber-verwirrung-ueber-den-arbeitsinhalt\/"},"author":{"name":"Adelisa Kalajdzini","@id":"https:\/\/www.organisator.ch\/#\/schema\/person\/2e1314a2172123f874db408d8911d3f3"},"headline":"Grosse Nachfrage nach Controllern, aber Verwirrung \u00fcber den Arbeitsinhalt","datePublished":"2024-03-26T06:18:40+00:00","dateModified":"2024-11-11T07:47:21+00:00","mainEntityOfPage":{"@id":"https:\/\/www.organisator.ch\/operational-excellence\/2024-03-26\/grosse-nachfrage-nach-controllern-aber-verwirrung-ueber-den-arbeitsinhalt\/"},"wordCount":511,"publisher":{"@id":"https:\/\/www.organisator.ch\/#organization"},"image":{"@id":"https:\/\/www.organisator.ch\/operational-excellence\/2024-03-26\/grosse-nachfrage-nach-controllern-aber-verwirrung-ueber-den-arbeitsinhalt\/#primaryimage"},"thumbnailUrl":"https:\/\/www.m-q.ch\/wp-content\/uploads\/2024\/03\/Rober-Walters_Bild1_ps.jpg","keywords":["Allgemein","Controller","Mitarbeiter","Schweiz","Unternehmen"],"articleSection":["OPERATIONAL EXCELLENCE"],"inLanguage":"fr-FR"},{"@type":"WebPage","@id":"https:\/\/www.organisator.ch\/operational-excellence\/2024-03-26\/grosse-nachfrage-nach-controllern-aber-verwirrung-ueber-den-arbeitsinhalt\/","url":"https:\/\/www.organisator.ch\/operational-excellence\/2024-03-26\/grosse-nachfrage-nach-controllern-aber-verwirrung-ueber-den-arbeitsinhalt\/","name":"Forte demande de contr\u00f4leurs, mais confusion sur le contenu du travail - Organisateur","isPartOf":{"@id":"https:\/\/www.organisator.ch\/#website"},"primaryImageOfPage":{"@id":"https:\/\/www.organisator.ch\/operational-excellence\/2024-03-26\/grosse-nachfrage-nach-controllern-aber-verwirrung-ueber-den-arbeitsinhalt\/#primaryimage"},"image":{"@id":"https:\/\/www.organisator.ch\/operational-excellence\/2024-03-26\/grosse-nachfrage-nach-controllern-aber-verwirrung-ueber-den-arbeitsinhalt\/#primaryimage"},"thumbnailUrl":"https:\/\/www.m-q.ch\/wp-content\/uploads\/2024\/03\/Rober-Walters_Bild1_ps.jpg","datePublished":"2024-03-26T06:18:40+00:00","dateModified":"2024-11-11T07:47:21+00:00","description":"Forte demande de contr\u00f4leurs de gestion : le contr\u00f4le financier et la gestion des co\u00fbts en ligne de mire. Conseils pour r\u00e9ussir le recrutement et la fid\u00e9lisation.","breadcrumb":{"@id":"https:\/\/www.organisator.ch\/operational-excellence\/2024-03-26\/grosse-nachfrage-nach-controllern-aber-verwirrung-ueber-den-arbeitsinhalt\/#breadcrumb"},"inLanguage":"fr-FR","potentialAction":[{"@type":"ReadAction","target":["https:\/\/www.organisator.ch\/operational-excellence\/2024-03-26\/grosse-nachfrage-nach-controllern-aber-verwirrung-ueber-den-arbeitsinhalt\/"]}]},{"@type":"ImageObject","inLanguage":"fr-FR","@id":"https:\/\/www.organisator.ch\/operational-excellence\/2024-03-26\/grosse-nachfrage-nach-controllern-aber-verwirrung-ueber-den-arbeitsinhalt\/#primaryimage","url":"https:\/\/www.m-q.ch\/wp-content\/uploads\/2024\/03\/Rober-Walters_Bild1_ps.jpg","contentUrl":"https:\/\/www.m-q.ch\/wp-content\/uploads\/2024\/03\/Rober-Walters_Bild1_ps.jpg"},{"@type":"BreadcrumbList","@id":"https:\/\/www.organisator.ch\/operational-excellence\/2024-03-26\/grosse-nachfrage-nach-controllern-aber-verwirrung-ueber-den-arbeitsinhalt\/#breadcrumb","itemListElement":[{"@type":"ListItem","position":1,"name":"Home","item":"https:\/\/www.organisator.ch\/"},{"@type":"ListItem","position":2,"name":"Grosse Nachfrage nach Controllern, aber Verwirrung \u00fcber den Arbeitsinhalt"}]},{"@type":"WebSite","@id":"https:\/\/www.organisator.ch\/#website","url":"https:\/\/www.organisator.ch\/","name":"Organisateur","description":"Comp\u00e9tence et comp\u00e9tence. Proches de la pratique. L'ORGANISATEUR pr\u00e9pare 10 num\u00e9ros par an sur les th\u00e8mes essentiels pour les dirigeants de PME.","publisher":{"@id":"https:\/\/www.organisator.ch\/#organization"},"potentialAction":[{"@type":"SearchAction","target":{"@type":"EntryPoint","urlTemplate":"https:\/\/www.organisator.ch\/?s={search_term_string}"},"query-input":{"@type":"PropertyValueSpecification","valueRequired":true,"valueName":"search_term_string"}}],"inLanguage":"fr-FR"},{"@type":"Organization","@id":"https:\/\/www.organisator.ch\/#organization","name":"Organisateur","url":"https:\/\/www.organisator.ch\/","logo":{"@type":"ImageObject","inLanguage":"fr-FR","@id":"https:\/\/www.organisator.ch\/#\/schema\/logo\/image\/","url":"https:\/\/www.organisator.ch\/wp-content\/uploads\/2022\/01\/Logo_Organisator_Website.png","contentUrl":"https:\/\/www.organisator.ch\/wp-content\/uploads\/2022\/01\/Logo_Organisator_Website.png","width":800,"height":77,"caption":"Organisator"},"image":{"@id":"https:\/\/www.organisator.ch\/#\/schema\/logo\/image\/"},"sameAs":["https:\/\/www.facebook.com\/OrganisatorFachmagazin","https:\/\/www.linkedin.com\/showcase\/organisator-das-magazin-fr-kmu","https:\/\/www.xing.com\/news\/pages\/organisator-ch-695","https:\/\/www.youtube.com\/channel\/UCGP2Sq0iWaZwT3BdIAQFYpw"]},{"@type":"Person","@id":"https:\/\/www.organisator.ch\/#\/schema\/person\/2e1314a2172123f874db408d8911d3f3","name":"Adelisa Kalajdzini","image":{"@type":"ImageObject","inLanguage":"fr-FR","@id":"https:\/\/secure.gravatar.com\/avatar\/09a397c22ac58cad6f160ee8306348599df9df58a8ede73696226897b9fa4b24?s=96&d=mm&r=g","url":"https:\/\/secure.gravatar.com\/avatar\/09a397c22ac58cad6f160ee8306348599df9df58a8ede73696226897b9fa4b24?s=96&d=mm&r=g","contentUrl":"https:\/\/secure.gravatar.com\/avatar\/09a397c22ac58cad6f160ee8306348599df9df58a8ede73696226897b9fa4b24?s=96&d=mm&r=g","caption":"Adelisa Kalajdzini"},"url":"https:\/\/www.organisator.ch\/fr\/author\/adelisa-kalajdzini\/"}]}},"_links":{"self":[{"href":"https:\/\/www.organisator.ch\/fr\/wp-json\/wp\/v2\/posts\/26114","targetHints":{"allow":["GET"]}}],"collection":[{"href":"https:\/\/www.organisator.ch\/fr\/wp-json\/wp\/v2\/posts"}],"about":[{"href":"https:\/\/www.organisator.ch\/fr\/wp-json\/wp\/v2\/types\/post"}],"author":[{"embeddable":true,"href":"https:\/\/www.organisator.ch\/fr\/wp-json\/wp\/v2\/users\/58"}],"replies":[{"embeddable":true,"href":"https:\/\/www.organisator.ch\/fr\/wp-json\/wp\/v2\/comments?post=26114"}],"version-history":[{"count":6,"href":"https:\/\/www.organisator.ch\/fr\/wp-json\/wp\/v2\/posts\/26114\/revisions"}],"predecessor-version":[{"id":32356,"href":"https:\/\/www.organisator.ch\/fr\/wp-json\/wp\/v2\/posts\/26114\/revisions\/32356"}],"wp:attachment":[{"href":"https:\/\/www.organisator.ch\/fr\/wp-json\/wp\/v2\/media?parent=26114"}],"wp:term":[{"taxonomy":"category","embeddable":true,"href":"https:\/\/www.organisator.ch\/fr\/wp-json\/wp\/v2\/categories?post=26114"},{"taxonomy":"post_tag","embeddable":true,"href":"https:\/\/www.organisator.ch\/fr\/wp-json\/wp\/v2\/tags?post=26114"}],"curies":[{"name":"wp","href":"https:\/\/api.w.org\/{rel}","templated":true}]}}